{"id":71164,"date":"2022-11-08T10:25:44","date_gmt":"2022-11-08T13:25:44","guid":{"rendered":"http:\/\/www.celttv.com.ar\/?p=71164"},"modified":"2022-11-08T10:25:44","modified_gmt":"2022-11-08T13:25:44","slug":"las-chicas-de-automoto-voley-tuvieron-actividad-el-domingo","status":"publish","type":"post","link":"https:\/\/www.celttv.com.ar\/index.php\/2022\/11\/08\/las-chicas-de-automoto-voley-tuvieron-actividad-el-domingo\/","title":{"rendered":"Las chicas de Automoto Voley tuvieron actividad el domingo"},"content":{"rendered":"<p>Por la Liga Bahiense de Voley, Automoto jug\u00f3 dos partidos en la categor\u00eda Sub 14.<br \/>\nFueron ante Dorrego (cumpliendo con un compromiso pendiente) y ante Liniers por Copa de Oro.<\/p>\n<p>Frente a Dorrego fue victoria en sets corridos por 25-10 y 25-5.<\/p>\n<p>Mientras que ante Liniers en un partido m\u00e1s ajustado, fue derrota en Tie Break. El primer set fue para las chicas del &#8220;Chivo&#8221; por 25-17. Luego nuestras jugadoras se quedaron con el segundo set por 25-20, y por \u00faltimo en el Tie Break, Liniers se qued\u00f3 con la victoria por 15-9.<\/p>\n<p>Los partidos se disputaron en cancha de Liniers.<\/p>\n<p><img loading=\"lazy\" decoding=\"async\" class=\"alignnone wp-image-71165 size-large\" src=\"http:\/\/www.celttv.com.ar\/wp-content\/uploads\/2022\/11\/49dc4538-e1b4-4594-9967-dcaf65c78625-1024x749.jpg\" alt=\"\" width=\"1024\" height=\"749\" srcset=\"https:\/\/www.celttv.com.ar\/wp-content\/uploads\/2022\/11\/49dc4538-e1b4-4594-9967-dcaf65c78625-1024x749.jpg 1024w, https:\/\/www.celttv.com.ar\/wp-content\/uploads\/2022\/11\/49dc4538-e1b4-4594-9967-dcaf65c78625-300x219.jpg 300w, https:\/\/www.celttv.com.ar\/wp-content\/uploads\/2022\/11\/49dc4538-e1b4-4594-9967-dcaf65c78625-768x562.jpg 768w, https:\/\/www.celttv.com.ar\/wp-content\/uploads\/2022\/11\/49dc4538-e1b4-4594-9967-dcaf65c78625-750x549.jpg 750w, https:\/\/www.celttv.com.ar\/wp-content\/uploads\/2022\/11\/49dc4538-e1b4-4594-9967-dcaf65c78625.jpg 1080w\" sizes=\"auto, (max-width: 1024px) 100vw, 1024px\" \/><\/p>\n","protected":false},"excerpt":{"rendered":"<p>Por la Liga Bahiense de Voley, Automoto jug\u00f3 dos partidos en la categor\u00eda Sub 14. Fueron ante Dorrego (cumpliendo con un compromiso pendiente) y ante Liniers por Copa de Oro. Frente a Dorrego fue victoria en sets corridos por 25-10 y 25-5. Mientras que ante Liniers en un partido m\u00e1s ajustado, fue derrota en Tie [&hellip;]<\/p>\n","protected":false},"author":7,"featured_media":71165,"comment_status":"closed","ping_status":"closed","sticky":false,"template":"","format":"standard","meta":{"footnotes":""},"categories":[63],"tags":[],"class_list":["post-71164","post","type-post","status-publish","format-standard","has-post-thumbnail","hentry","category-magazine-sport"],"yoast_head":"<!-- This site is optimized with the Yoast SEO plugin v19.7.1 - https:\/\/yoast.com\/wordpress\/plugins\/seo\/ -->\n<title>Las chicas de Automoto Voley tuvieron actividad el domingo - CELTTV<\/title>\n<meta name=\"description\" content=\"Sitio web de noticias de la localidad de Tornquist, provincia de Buenos Aires, Rep\u00fablica Argentina. Contenido propio originado por periodistas de CELTTV, el canal de TV local de la Cooperativa El\u00e9ctrica de Tornquist. Turismo, Pol\u00edtica, Sociedad, Deporte, Cultura y todo el contenido de inter\u00e9s general que la gente del pueblo y la regi\u00f3n debe conocer.\" \/>\n<meta name=\"robots\" content=\"index, follow, max-snippet:-1, max-image-preview:large, max-video-preview:-1\" \/>\n<link rel=\"canonical\" href=\"https:\/\/www.celttv.com.ar\/index.php\/2022\/11\/08\/las-chicas-de-automoto-voley-tuvieron-actividad-el-domingo\/\" \/>\n<meta property=\"og:locale\" content=\"es_ES\" \/>\n<meta property=\"og:type\" content=\"article\" \/>\n<meta property=\"og:title\" content=\"Las chicas de Automoto Voley tuvieron actividad el domingo - CELTTV\" \/>\n<meta property=\"og:description\" content=\"Sitio web de noticias de la localidad de Tornquist, provincia de Buenos Aires, Rep\u00fablica Argentina. Contenido propio originado por periodistas de CELTTV, el canal de TV local de la Cooperativa El\u00e9ctrica de Tornquist. Turismo, Pol\u00edtica, Sociedad, Deporte, Cultura y todo el contenido de inter\u00e9s general que la gente del pueblo y la regi\u00f3n debe conocer.\" \/>\n<meta property=\"og:url\" content=\"https:\/\/www.celttv.com.ar\/index.php\/2022\/11\/08\/las-chicas-de-automoto-voley-tuvieron-actividad-el-domingo\/\" \/>\n<meta property=\"og:site_name\" content=\"CELTTV\" \/>\n<meta property=\"article:publisher\" content=\"https:\/\/www.facebook.com\/celtTV\/\" \/>\n<meta property=\"article:published_time\" content=\"2022-11-08T13:25:44+00:00\" \/>\n<meta property=\"og:image\" content=\"https:\/\/www.celttv.com.ar\/wp-content\/uploads\/2022\/11\/49dc4538-e1b4-4594-9967-dcaf65c78625.jpg\" \/>\n\t<meta property=\"og:image:width\" content=\"1080\" \/>\n\t<meta property=\"og:image:height\" content=\"790\" \/>\n\t<meta property=\"og:image:type\" content=\"image\/jpeg\" \/>\n<meta name=\"author\" content=\"German Svirch\" \/>\n<meta name=\"twitter:card\" content=\"summary_large_image\" \/>\n<meta name=\"twitter:label1\" content=\"Escrito por\" \/>\n\t<meta name=\"twitter:data1\" content=\"German Svirch\" \/>\n\t<meta name=\"twitter:label2\" content=\"Tiempo de lectura\" \/>\n\t<meta name=\"twitter:data2\" content=\"1 minuto\" \/>\n<script type=\"application\/ld+json\" class=\"yoast-schema-graph\">{\"@context\":\"https:\/\/schema.org\",\"@graph\":[{\"@type\":\"NewsArticle\",\"@id\":\"https:\/\/www.celttv.com.ar\/index.php\/2022\/11\/08\/las-chicas-de-automoto-voley-tuvieron-actividad-el-domingo\/#article\",\"isPartOf\":{\"@id\":\"https:\/\/www.celttv.com.ar\/index.php\/2022\/11\/08\/las-chicas-de-automoto-voley-tuvieron-actividad-el-domingo\/\"},\"author\":{\"name\":\"German Svirch\",\"@id\":\"https:\/\/www.celttv.com.ar\/#\/schema\/person\/db50025d0c4bc65f03036554c823332c\"},\"headline\":\"Las chicas de Automoto Voley tuvieron actividad el domingo\",\"datePublished\":\"2022-11-08T13:25:44+00:00\",\"dateModified\":\"2022-11-08T13:25:44+00:00\",\"mainEntityOfPage\":{\"@id\":\"https:\/\/www.celttv.com.ar\/index.php\/2022\/11\/08\/las-chicas-de-automoto-voley-tuvieron-actividad-el-domingo\/\"},\"wordCount\":111,\"publisher\":{\"@id\":\"https:\/\/www.celttv.com.ar\/#organization\"},\"articleSection\":[\"Magazine Sport\"],\"inLanguage\":\"es\"},{\"@type\":\"WebPage\",\"@id\":\"https:\/\/www.celttv.com.ar\/index.php\/2022\/11\/08\/las-chicas-de-automoto-voley-tuvieron-actividad-el-domingo\/\",\"url\":\"https:\/\/www.celttv.com.ar\/index.php\/2022\/11\/08\/las-chicas-de-automoto-voley-tuvieron-actividad-el-domingo\/\",\"name\":\"Las chicas de Automoto Voley tuvieron actividad el domingo - CELTTV\",\"isPartOf\":{\"@id\":\"https:\/\/www.celttv.com.ar\/#website\"},\"datePublished\":\"2022-11-08T13:25:44+00:00\",\"dateModified\":\"2022-11-08T13:25:44+00:00\",\"description\":\"Sitio web de noticias de la localidad de Tornquist, provincia de Buenos Aires, Rep\u00fablica Argentina. Contenido propio originado por periodistas de CELTTV, el canal de TV local de la Cooperativa El\u00e9ctrica de Tornquist. Turismo, Pol\u00edtica, Sociedad, Deporte, Cultura y todo el contenido de inter\u00e9s general que la gente del pueblo y la regi\u00f3n debe conocer.\",\"breadcrumb\":{\"@id\":\"https:\/\/www.celttv.com.ar\/index.php\/2022\/11\/08\/las-chicas-de-automoto-voley-tuvieron-actividad-el-domingo\/#breadcrumb\"},\"inLanguage\":\"es\",\"potentialAction\":[{\"@type\":\"ReadAction\",\"target\":[\"https:\/\/www.celttv.com.ar\/index.php\/2022\/11\/08\/las-chicas-de-automoto-voley-tuvieron-actividad-el-domingo\/\"]}]},{\"@type\":\"BreadcrumbList\",\"@id\":\"https:\/\/www.celttv.com.ar\/index.php\/2022\/11\/08\/las-chicas-de-automoto-voley-tuvieron-actividad-el-domingo\/#breadcrumb\",\"itemListElement\":[{\"@type\":\"ListItem\",\"position\":1,\"name\":\"Inicio\",\"item\":\"https:\/\/www.celttv.com.ar\/\"},{\"@type\":\"ListItem\",\"position\":2,\"name\":\"Las chicas de Automoto Voley tuvieron actividad el domingo\"}]},{\"@type\":\"WebSite\",\"@id\":\"https:\/\/www.celttv.com.ar\/#website\",\"url\":\"https:\/\/www.celttv.com.ar\/\",\"name\":\"CELTTV\",\"description\":\"Cooperativa El\u00e9ctrica de Tornquist\",\"publisher\":{\"@id\":\"https:\/\/www.celttv.com.ar\/#organization\"},\"potentialAction\":[{\"@type\":\"SearchAction\",\"target\":{\"@type\":\"EntryPoint\",\"urlTemplate\":\"https:\/\/www.celttv.com.ar\/?s={search_term_string}\"},\"query-input\":\"required name=search_term_string\"}],\"inLanguage\":\"es\"},{\"@type\":\"Organization\",\"@id\":\"https:\/\/www.celttv.com.ar\/#organization\",\"name\":\"CELTTV\",\"url\":\"https:\/\/www.celttv.com.ar\/\",\"sameAs\":[\"https:\/\/www.youtube.com\/channel\/UCz_oIt8Hig64Ub-EmcNPIhg\",\"https:\/\/www.facebook.com\/celtTV\/\"],\"logo\":{\"@type\":\"ImageObject\",\"inLanguage\":\"es\",\"@id\":\"https:\/\/www.celttv.com.ar\/#\/schema\/logo\/image\/\",\"url\":\"http:\/\/www.celttv.com.ar\/wp-content\/uploads\/2022\/08\/logo-1.png\",\"contentUrl\":\"http:\/\/www.celttv.com.ar\/wp-content\/uploads\/2022\/08\/logo-1.png\",\"width\":461,\"height\":159,\"caption\":\"CELTTV\"},\"image\":{\"@id\":\"https:\/\/www.celttv.com.ar\/#\/schema\/logo\/image\/\"}},{\"@type\":\"Person\",\"@id\":\"https:\/\/www.celttv.com.ar\/#\/schema\/person\/db50025d0c4bc65f03036554c823332c\",\"name\":\"German Svirch\",\"image\":{\"@type\":\"ImageObject\",\"inLanguage\":\"es\",\"@id\":\"https:\/\/www.celttv.com.ar\/#\/schema\/person\/image\/\",\"url\":\"https:\/\/secure.gravatar.com\/avatar\/9ef68bf179fa7037bf0d8a157e18d60d88400f9f78daad9e31789de8ef492b33?s=96&d=mm&r=g\",\"contentUrl\":\"https:\/\/secure.gravatar.com\/avatar\/9ef68bf179fa7037bf0d8a157e18d60d88400f9f78daad9e31789de8ef492b33?s=96&d=mm&r=g\",\"caption\":\"German Svirch\"}}]}<\/script>\n<!-- \/ Yoast SEO plugin. -->","yoast_head_json":{"title":"Las chicas de Automoto Voley tuvieron actividad el domingo - CELTTV","description":"Sitio web de noticias de la localidad de Tornquist, provincia de Buenos Aires, Rep\u00fablica Argentina. Contenido propio originado por periodistas de CELTTV, el canal de TV local de la Cooperativa El\u00e9ctrica de Tornquist. Turismo, Pol\u00edtica, Sociedad, Deporte, Cultura y todo el contenido de inter\u00e9s general que la gente del pueblo y la regi\u00f3n debe conocer.","robots":{"index":"index","follow":"follow","max-snippet":"max-snippet:-1","max-image-preview":"max-image-preview:large","max-video-preview":"max-video-preview:-1"},"canonical":"https:\/\/www.celttv.com.ar\/index.php\/2022\/11\/08\/las-chicas-de-automoto-voley-tuvieron-actividad-el-domingo\/","og_locale":"es_ES","og_type":"article","og_title":"Las chicas de Automoto Voley tuvieron actividad el domingo - CELTTV","og_description":"Sitio web de noticias de la localidad de Tornquist, provincia de Buenos Aires, Rep\u00fablica Argentina. Contenido propio originado por periodistas de CELTTV, el canal de TV local de la Cooperativa El\u00e9ctrica de Tornquist. Turismo, Pol\u00edtica, Sociedad, Deporte, Cultura y todo el contenido de inter\u00e9s general que la gente del pueblo y la regi\u00f3n debe conocer.","og_url":"https:\/\/www.celttv.com.ar\/index.php\/2022\/11\/08\/las-chicas-de-automoto-voley-tuvieron-actividad-el-domingo\/","og_site_name":"CELTTV","article_publisher":"https:\/\/www.facebook.com\/celtTV\/","article_published_time":"2022-11-08T13:25:44+00:00","og_image":[{"width":1080,"height":790,"url":"https:\/\/www.celttv.com.ar\/wp-content\/uploads\/2022\/11\/49dc4538-e1b4-4594-9967-dcaf65c78625.jpg","type":"image\/jpeg"}],"author":"German Svirch","twitter_card":"summary_large_image","twitter_misc":{"Escrito por":"German Svirch","Tiempo de lectura":"1 minuto"},"schema":{"@context":"https:\/\/schema.org","@graph":[{"@type":"NewsArticle","@id":"https:\/\/www.celttv.com.ar\/index.php\/2022\/11\/08\/las-chicas-de-automoto-voley-tuvieron-actividad-el-domingo\/#article","isPartOf":{"@id":"https:\/\/www.celttv.com.ar\/index.php\/2022\/11\/08\/las-chicas-de-automoto-voley-tuvieron-actividad-el-domingo\/"},"author":{"name":"German Svirch","@id":"https:\/\/www.celttv.com.ar\/#\/schema\/person\/db50025d0c4bc65f03036554c823332c"},"headline":"Las chicas de Automoto Voley tuvieron actividad el domingo","datePublished":"2022-11-08T13:25:44+00:00","dateModified":"2022-11-08T13:25:44+00:00","mainEntityOfPage":{"@id":"https:\/\/www.celttv.com.ar\/index.php\/2022\/11\/08\/las-chicas-de-automoto-voley-tuvieron-actividad-el-domingo\/"},"wordCount":111,"publisher":{"@id":"https:\/\/www.celttv.com.ar\/#organization"},"articleSection":["Magazine Sport"],"inLanguage":"es"},{"@type":"WebPage","@id":"https:\/\/www.celttv.com.ar\/index.php\/2022\/11\/08\/las-chicas-de-automoto-voley-tuvieron-actividad-el-domingo\/","url":"https:\/\/www.celttv.com.ar\/index.php\/2022\/11\/08\/las-chicas-de-automoto-voley-tuvieron-actividad-el-domingo\/","name":"Las chicas de Automoto Voley tuvieron actividad el domingo - CELTTV","isPartOf":{"@id":"https:\/\/www.celttv.com.ar\/#website"},"datePublished":"2022-11-08T13:25:44+00:00","dateModified":"2022-11-08T13:25:44+00:00","description":"Sitio web de noticias de la localidad de Tornquist, provincia de Buenos Aires, Rep\u00fablica Argentina. Contenido propio originado por periodistas de CELTTV, el canal de TV local de la Cooperativa El\u00e9ctrica de Tornquist. Turismo, Pol\u00edtica, Sociedad, Deporte, Cultura y todo el contenido de inter\u00e9s general que la gente del pueblo y la regi\u00f3n debe conocer.","breadcrumb":{"@id":"https:\/\/www.celttv.com.ar\/index.php\/2022\/11\/08\/las-chicas-de-automoto-voley-tuvieron-actividad-el-domingo\/#breadcrumb"},"inLanguage":"es","potentialAction":[{"@type":"ReadAction","target":["https:\/\/www.celttv.com.ar\/index.php\/2022\/11\/08\/las-chicas-de-automoto-voley-tuvieron-actividad-el-domingo\/"]}]},{"@type":"BreadcrumbList","@id":"https:\/\/www.celttv.com.ar\/index.php\/2022\/11\/08\/las-chicas-de-automoto-voley-tuvieron-actividad-el-domingo\/#breadcrumb","itemListElement":[{"@type":"ListItem","position":1,"name":"Inicio","item":"https:\/\/www.celttv.com.ar\/"},{"@type":"ListItem","position":2,"name":"Las chicas de Automoto Voley tuvieron actividad el domingo"}]},{"@type":"WebSite","@id":"https:\/\/www.celttv.com.ar\/#website","url":"https:\/\/www.celttv.com.ar\/","name":"CELTTV","description":"Cooperativa El\u00e9ctrica de Tornquist","publisher":{"@id":"https:\/\/www.celttv.com.ar\/#organization"},"potentialAction":[{"@type":"SearchAction","target":{"@type":"EntryPoint","urlTemplate":"https:\/\/www.celttv.com.ar\/?s={search_term_string}"},"query-input":"required name=search_term_string"}],"inLanguage":"es"},{"@type":"Organization","@id":"https:\/\/www.celttv.com.ar\/#organization","name":"CELTTV","url":"https:\/\/www.celttv.com.ar\/","sameAs":["https:\/\/www.youtube.com\/channel\/UCz_oIt8Hig64Ub-EmcNPIhg","https:\/\/www.facebook.com\/celtTV\/"],"logo":{"@type":"ImageObject","inLanguage":"es","@id":"https:\/\/www.celttv.com.ar\/#\/schema\/logo\/image\/","url":"http:\/\/www.celttv.com.ar\/wp-content\/uploads\/2022\/08\/logo-1.png","contentUrl":"http:\/\/www.celttv.com.ar\/wp-content\/uploads\/2022\/08\/logo-1.png","width":461,"height":159,"caption":"CELTTV"},"image":{"@id":"https:\/\/www.celttv.com.ar\/#\/schema\/logo\/image\/"}},{"@type":"Person","@id":"https:\/\/www.celttv.com.ar\/#\/schema\/person\/db50025d0c4bc65f03036554c823332c","name":"German Svirch","image":{"@type":"ImageObject","inLanguage":"es","@id":"https:\/\/www.celttv.com.ar\/#\/schema\/person\/image\/","url":"https:\/\/secure.gravatar.com\/avatar\/9ef68bf179fa7037bf0d8a157e18d60d88400f9f78daad9e31789de8ef492b33?s=96&d=mm&r=g","contentUrl":"https:\/\/secure.gravatar.com\/avatar\/9ef68bf179fa7037bf0d8a157e18d60d88400f9f78daad9e31789de8ef492b33?s=96&d=mm&r=g","caption":"German Svirch"}}]}},"_links":{"self":[{"href":"https:\/\/www.celttv.com.ar\/index.php\/wp-json\/wp\/v2\/posts\/71164","targetHints":{"allow":["GET"]}}],"collection":[{"href":"https:\/\/www.celttv.com.ar\/index.php\/wp-json\/wp\/v2\/posts"}],"about":[{"href":"https:\/\/www.celttv.com.ar\/index.php\/wp-json\/wp\/v2\/types\/post"}],"author":[{"embeddable":true,"href":"https:\/\/www.celttv.com.ar\/index.php\/wp-json\/wp\/v2\/users\/7"}],"replies":[{"embeddable":true,"href":"https:\/\/www.celttv.com.ar\/index.php\/wp-json\/wp\/v2\/comments?post=71164"}],"version-history":[{"count":1,"href":"https:\/\/www.celttv.com.ar\/index.php\/wp-json\/wp\/v2\/posts\/71164\/revisions"}],"predecessor-version":[{"id":71166,"href":"https:\/\/www.celttv.com.ar\/index.php\/wp-json\/wp\/v2\/posts\/71164\/revisions\/71166"}],"wp:featuredmedia":[{"embeddable":true,"href":"https:\/\/www.celttv.com.ar\/index.php\/wp-json\/wp\/v2\/media\/71165"}],"wp:attachment":[{"href":"https:\/\/www.celttv.com.ar\/index.php\/wp-json\/wp\/v2\/media?parent=71164"}],"wp:term":[{"taxonomy":"category","embeddable":true,"href":"https:\/\/www.celttv.com.ar\/index.php\/wp-json\/wp\/v2\/categories?post=71164"},{"taxonomy":"post_tag","embeddable":true,"href":"https:\/\/www.celttv.com.ar\/index.php\/wp-json\/wp\/v2\/tags?post=71164"}],"curies":[{"name":"wp","href":"https:\/\/api.w.org\/{rel}","templated":true}]}}