{"id":71167,"date":"2022-11-08T10:37:01","date_gmt":"2022-11-08T13:37:01","guid":{"rendered":"http:\/\/www.celttv.com.ar\/?p=71167"},"modified":"2022-11-08T10:37:01","modified_gmt":"2022-11-08T13:37:01","slug":"hcd-hoy-se-celebra-el-dia-del-empleado-municipal","status":"publish","type":"post","link":"https:\/\/www.celttv.com.ar\/index.php\/2022\/11\/08\/hcd-hoy-se-celebra-el-dia-del-empleado-municipal\/","title":{"rendered":"HCD: Hoy se celebra el d\u00eda del empleado municipal"},"content":{"rendered":"<p>Cada 8 de noviembre se celebra el d\u00eda del Empleado Municipal, desde Honorable Concejo Deliberante enviamos un afectuoso saludo a cada uno de ellos e instamos a seguir trabajando con esfuerzo y dedicaci\u00f3n en pos de mejorar los servicios que brinda el Estado Municipal.<\/p>\n<p>\u00a1Feliz d\u00eda!<\/p>\n<p><img loading=\"lazy\" decoding=\"async\" class=\"alignnone wp-image-71168 size-large\" src=\"http:\/\/www.celttv.com.ar\/wp-content\/uploads\/2022\/11\/DIA-DEL-EMPLEADO-MUNICIPAL-2022-1024x1024.png\" alt=\"\" width=\"1024\" height=\"1024\" srcset=\"https:\/\/www.celttv.com.ar\/wp-content\/uploads\/2022\/11\/DIA-DEL-EMPLEADO-MUNICIPAL-2022-1024x1024.png 1024w, https:\/\/www.celttv.com.ar\/wp-content\/uploads\/2022\/11\/DIA-DEL-EMPLEADO-MUNICIPAL-2022-300x300.png 300w, https:\/\/www.celttv.com.ar\/wp-content\/uploads\/2022\/11\/DIA-DEL-EMPLEADO-MUNICIPAL-2022-150x150.png 150w, https:\/\/www.celttv.com.ar\/wp-content\/uploads\/2022\/11\/DIA-DEL-EMPLEADO-MUNICIPAL-2022-768x768.png 768w, https:\/\/www.celttv.com.ar\/wp-content\/uploads\/2022\/11\/DIA-DEL-EMPLEADO-MUNICIPAL-2022-75x75.png 75w, https:\/\/www.celttv.com.ar\/wp-content\/uploads\/2022\/11\/DIA-DEL-EMPLEADO-MUNICIPAL-2022-750x750.png 750w, https:\/\/www.celttv.com.ar\/wp-content\/uploads\/2022\/11\/DIA-DEL-EMPLEADO-MUNICIPAL-2022.png 1080w\" sizes=\"auto, (max-width: 1024px) 100vw, 1024px\" \/><\/p>\n","protected":false},"excerpt":{"rendered":"<p>Cada 8 de noviembre se celebra el d\u00eda del Empleado Municipal, desde Honorable Concejo Deliberante enviamos un afectuoso saludo a cada uno de ellos e instamos a seguir trabajando con esfuerzo y dedicaci\u00f3n en pos de mejorar los servicios que brinda el Estado Municipal. \u00a1Feliz d\u00eda!<\/p>\n","protected":false},"author":7,"featured_media":71168,"comment_status":"closed","ping_status":"closed","sticky":false,"template":"","format":"standard","meta":{"footnotes":""},"categories":[55],"tags":[],"class_list":["post-71167","post","type-post","status-publish","format-standard","has-post-thumbnail","hentry","category-celt-tv-noticias"],"yoast_head":"<!-- This site is optimized with the Yoast SEO plugin v19.7.1 - https:\/\/yoast.com\/wordpress\/plugins\/seo\/ -->\n<title>HCD: Hoy se celebra el d\u00eda del empleado municipal - CELTTV<\/title>\n<meta name=\"description\" content=\"Sitio web de noticias de la localidad de Tornquist, provincia de Buenos Aires, Rep\u00fablica Argentina. Contenido propio originado por periodistas de CELTTV, el canal de TV local de la Cooperativa El\u00e9ctrica de Tornquist. Turismo, Pol\u00edtica, Sociedad, Deporte, Cultura y todo el contenido de inter\u00e9s general que la gente del pueblo y la regi\u00f3n debe conocer.\" \/>\n<meta name=\"robots\" content=\"index, follow, max-snippet:-1, max-image-preview:large, max-video-preview:-1\" \/>\n<link rel=\"canonical\" href=\"https:\/\/www.celttv.com.ar\/index.php\/2022\/11\/08\/hcd-hoy-se-celebra-el-dia-del-empleado-municipal\/\" \/>\n<meta property=\"og:locale\" content=\"es_ES\" \/>\n<meta property=\"og:type\" content=\"article\" \/>\n<meta property=\"og:title\" content=\"HCD: Hoy se celebra el d\u00eda del empleado municipal - CELTTV\" \/>\n<meta property=\"og:description\" content=\"Sitio web de noticias de la localidad de Tornquist, provincia de Buenos Aires, Rep\u00fablica Argentina. Contenido propio originado por periodistas de CELTTV, el canal de TV local de la Cooperativa El\u00e9ctrica de Tornquist. Turismo, Pol\u00edtica, Sociedad, Deporte, Cultura y todo el contenido de inter\u00e9s general que la gente del pueblo y la regi\u00f3n debe conocer.\" \/>\n<meta property=\"og:url\" content=\"https:\/\/www.celttv.com.ar\/index.php\/2022\/11\/08\/hcd-hoy-se-celebra-el-dia-del-empleado-municipal\/\" \/>\n<meta property=\"og:site_name\" content=\"CELTTV\" \/>\n<meta property=\"article:publisher\" content=\"https:\/\/www.facebook.com\/celtTV\/\" \/>\n<meta property=\"article:published_time\" content=\"2022-11-08T13:37:01+00:00\" \/>\n<meta property=\"og:image\" content=\"https:\/\/www.celttv.com.ar\/wp-content\/uploads\/2022\/11\/DIA-DEL-EMPLEADO-MUNICIPAL-2022.png\" \/>\n\t<meta property=\"og:image:width\" content=\"1080\" \/>\n\t<meta property=\"og:image:height\" content=\"1080\" \/>\n\t<meta property=\"og:image:type\" content=\"image\/png\" \/>\n<meta name=\"author\" content=\"German Svirch\" \/>\n<meta name=\"twitter:card\" content=\"summary_large_image\" \/>\n<meta name=\"twitter:label1\" content=\"Escrito por\" \/>\n\t<meta name=\"twitter:data1\" content=\"German Svirch\" \/>\n<script type=\"application\/ld+json\" class=\"yoast-schema-graph\">{\"@context\":\"https:\/\/schema.org\",\"@graph\":[{\"@type\":\"NewsArticle\",\"@id\":\"https:\/\/www.celttv.com.ar\/index.php\/2022\/11\/08\/hcd-hoy-se-celebra-el-dia-del-empleado-municipal\/#article\",\"isPartOf\":{\"@id\":\"https:\/\/www.celttv.com.ar\/index.php\/2022\/11\/08\/hcd-hoy-se-celebra-el-dia-del-empleado-municipal\/\"},\"author\":{\"name\":\"German Svirch\",\"@id\":\"https:\/\/www.celttv.com.ar\/#\/schema\/person\/db50025d0c4bc65f03036554c823332c\"},\"headline\":\"HCD: Hoy se celebra el d\u00eda del empleado municipal\",\"datePublished\":\"2022-11-08T13:37:01+00:00\",\"dateModified\":\"2022-11-08T13:37:01+00:00\",\"mainEntityOfPage\":{\"@id\":\"https:\/\/www.celttv.com.ar\/index.php\/2022\/11\/08\/hcd-hoy-se-celebra-el-dia-del-empleado-municipal\/\"},\"wordCount\":58,\"publisher\":{\"@id\":\"https:\/\/www.celttv.com.ar\/#organization\"},\"articleSection\":[\"Celt TV Noticias\"],\"inLanguage\":\"es\"},{\"@type\":\"WebPage\",\"@id\":\"https:\/\/www.celttv.com.ar\/index.php\/2022\/11\/08\/hcd-hoy-se-celebra-el-dia-del-empleado-municipal\/\",\"url\":\"https:\/\/www.celttv.com.ar\/index.php\/2022\/11\/08\/hcd-hoy-se-celebra-el-dia-del-empleado-municipal\/\",\"name\":\"HCD: Hoy se celebra el d\u00eda del empleado municipal - CELTTV\",\"isPartOf\":{\"@id\":\"https:\/\/www.celttv.com.ar\/#website\"},\"datePublished\":\"2022-11-08T13:37:01+00:00\",\"dateModified\":\"2022-11-08T13:37:01+00:00\",\"description\":\"Sitio web de noticias de la localidad de Tornquist, provincia de Buenos Aires, Rep\u00fablica Argentina. Contenido propio originado por periodistas de CELTTV, el canal de TV local de la Cooperativa El\u00e9ctrica de Tornquist. Turismo, Pol\u00edtica, Sociedad, Deporte, Cultura y todo el contenido de inter\u00e9s general que la gente del pueblo y la regi\u00f3n debe conocer.\",\"breadcrumb\":{\"@id\":\"https:\/\/www.celttv.com.ar\/index.php\/2022\/11\/08\/hcd-hoy-se-celebra-el-dia-del-empleado-municipal\/#breadcrumb\"},\"inLanguage\":\"es\",\"potentialAction\":[{\"@type\":\"ReadAction\",\"target\":[\"https:\/\/www.celttv.com.ar\/index.php\/2022\/11\/08\/hcd-hoy-se-celebra-el-dia-del-empleado-municipal\/\"]}]},{\"@type\":\"BreadcrumbList\",\"@id\":\"https:\/\/www.celttv.com.ar\/index.php\/2022\/11\/08\/hcd-hoy-se-celebra-el-dia-del-empleado-municipal\/#breadcrumb\",\"itemListElement\":[{\"@type\":\"ListItem\",\"position\":1,\"name\":\"Inicio\",\"item\":\"https:\/\/www.celttv.com.ar\/\"},{\"@type\":\"ListItem\",\"position\":2,\"name\":\"HCD: Hoy se celebra el d\u00eda del empleado municipal\"}]},{\"@type\":\"WebSite\",\"@id\":\"https:\/\/www.celttv.com.ar\/#website\",\"url\":\"https:\/\/www.celttv.com.ar\/\",\"name\":\"CELTTV\",\"description\":\"Cooperativa El\u00e9ctrica de Tornquist\",\"publisher\":{\"@id\":\"https:\/\/www.celttv.com.ar\/#organization\"},\"potentialAction\":[{\"@type\":\"SearchAction\",\"target\":{\"@type\":\"EntryPoint\",\"urlTemplate\":\"https:\/\/www.celttv.com.ar\/?s={search_term_string}\"},\"query-input\":\"required name=search_term_string\"}],\"inLanguage\":\"es\"},{\"@type\":\"Organization\",\"@id\":\"https:\/\/www.celttv.com.ar\/#organization\",\"name\":\"CELTTV\",\"url\":\"https:\/\/www.celttv.com.ar\/\",\"sameAs\":[\"https:\/\/www.youtube.com\/channel\/UCz_oIt8Hig64Ub-EmcNPIhg\",\"https:\/\/www.facebook.com\/celtTV\/\"],\"logo\":{\"@type\":\"ImageObject\",\"inLanguage\":\"es\",\"@id\":\"https:\/\/www.celttv.com.ar\/#\/schema\/logo\/image\/\",\"url\":\"http:\/\/www.celttv.com.ar\/wp-content\/uploads\/2022\/08\/logo-1.png\",\"contentUrl\":\"http:\/\/www.celttv.com.ar\/wp-content\/uploads\/2022\/08\/logo-1.png\",\"width\":461,\"height\":159,\"caption\":\"CELTTV\"},\"image\":{\"@id\":\"https:\/\/www.celttv.com.ar\/#\/schema\/logo\/image\/\"}},{\"@type\":\"Person\",\"@id\":\"https:\/\/www.celttv.com.ar\/#\/schema\/person\/db50025d0c4bc65f03036554c823332c\",\"name\":\"German Svirch\",\"image\":{\"@type\":\"ImageObject\",\"inLanguage\":\"es\",\"@id\":\"https:\/\/www.celttv.com.ar\/#\/schema\/person\/image\/\",\"url\":\"https:\/\/secure.gravatar.com\/avatar\/9ef68bf179fa7037bf0d8a157e18d60d88400f9f78daad9e31789de8ef492b33?s=96&d=mm&r=g\",\"contentUrl\":\"https:\/\/secure.gravatar.com\/avatar\/9ef68bf179fa7037bf0d8a157e18d60d88400f9f78daad9e31789de8ef492b33?s=96&d=mm&r=g\",\"caption\":\"German Svirch\"}}]}<\/script>\n<!-- \/ Yoast SEO plugin. -->","yoast_head_json":{"title":"HCD: Hoy se celebra el d\u00eda del empleado municipal - CELTTV","description":"Sitio web de noticias de la localidad de Tornquist, provincia de Buenos Aires, Rep\u00fablica Argentina. Contenido propio originado por periodistas de CELTTV, el canal de TV local de la Cooperativa El\u00e9ctrica de Tornquist. Turismo, Pol\u00edtica, Sociedad, Deporte, Cultura y todo el contenido de inter\u00e9s general que la gente del pueblo y la regi\u00f3n debe conocer.","robots":{"index":"index","follow":"follow","max-snippet":"max-snippet:-1","max-image-preview":"max-image-preview:large","max-video-preview":"max-video-preview:-1"},"canonical":"https:\/\/www.celttv.com.ar\/index.php\/2022\/11\/08\/hcd-hoy-se-celebra-el-dia-del-empleado-municipal\/","og_locale":"es_ES","og_type":"article","og_title":"HCD: Hoy se celebra el d\u00eda del empleado municipal - CELTTV","og_description":"Sitio web de noticias de la localidad de Tornquist, provincia de Buenos Aires, Rep\u00fablica Argentina. Contenido propio originado por periodistas de CELTTV, el canal de TV local de la Cooperativa El\u00e9ctrica de Tornquist. Turismo, Pol\u00edtica, Sociedad, Deporte, Cultura y todo el contenido de inter\u00e9s general que la gente del pueblo y la regi\u00f3n debe conocer.","og_url":"https:\/\/www.celttv.com.ar\/index.php\/2022\/11\/08\/hcd-hoy-se-celebra-el-dia-del-empleado-municipal\/","og_site_name":"CELTTV","article_publisher":"https:\/\/www.facebook.com\/celtTV\/","article_published_time":"2022-11-08T13:37:01+00:00","og_image":[{"width":1080,"height":1080,"url":"https:\/\/www.celttv.com.ar\/wp-content\/uploads\/2022\/11\/DIA-DEL-EMPLEADO-MUNICIPAL-2022.png","type":"image\/png"}],"author":"German Svirch","twitter_card":"summary_large_image","twitter_misc":{"Escrito por":"German Svirch"},"schema":{"@context":"https:\/\/schema.org","@graph":[{"@type":"NewsArticle","@id":"https:\/\/www.celttv.com.ar\/index.php\/2022\/11\/08\/hcd-hoy-se-celebra-el-dia-del-empleado-municipal\/#article","isPartOf":{"@id":"https:\/\/www.celttv.com.ar\/index.php\/2022\/11\/08\/hcd-hoy-se-celebra-el-dia-del-empleado-municipal\/"},"author":{"name":"German Svirch","@id":"https:\/\/www.celttv.com.ar\/#\/schema\/person\/db50025d0c4bc65f03036554c823332c"},"headline":"HCD: Hoy se celebra el d\u00eda del empleado municipal","datePublished":"2022-11-08T13:37:01+00:00","dateModified":"2022-11-08T13:37:01+00:00","mainEntityOfPage":{"@id":"https:\/\/www.celttv.com.ar\/index.php\/2022\/11\/08\/hcd-hoy-se-celebra-el-dia-del-empleado-municipal\/"},"wordCount":58,"publisher":{"@id":"https:\/\/www.celttv.com.ar\/#organization"},"articleSection":["Celt TV Noticias"],"inLanguage":"es"},{"@type":"WebPage","@id":"https:\/\/www.celttv.com.ar\/index.php\/2022\/11\/08\/hcd-hoy-se-celebra-el-dia-del-empleado-municipal\/","url":"https:\/\/www.celttv.com.ar\/index.php\/2022\/11\/08\/hcd-hoy-se-celebra-el-dia-del-empleado-municipal\/","name":"HCD: Hoy se celebra el d\u00eda del empleado municipal - CELTTV","isPartOf":{"@id":"https:\/\/www.celttv.com.ar\/#website"},"datePublished":"2022-11-08T13:37:01+00:00","dateModified":"2022-11-08T13:37:01+00:00","description":"Sitio web de noticias de la localidad de Tornquist, provincia de Buenos Aires, Rep\u00fablica Argentina. Contenido propio originado por periodistas de CELTTV, el canal de TV local de la Cooperativa El\u00e9ctrica de Tornquist. Turismo, Pol\u00edtica, Sociedad, Deporte, Cultura y todo el contenido de inter\u00e9s general que la gente del pueblo y la regi\u00f3n debe conocer.","breadcrumb":{"@id":"https:\/\/www.celttv.com.ar\/index.php\/2022\/11\/08\/hcd-hoy-se-celebra-el-dia-del-empleado-municipal\/#breadcrumb"},"inLanguage":"es","potentialAction":[{"@type":"ReadAction","target":["https:\/\/www.celttv.com.ar\/index.php\/2022\/11\/08\/hcd-hoy-se-celebra-el-dia-del-empleado-municipal\/"]}]},{"@type":"BreadcrumbList","@id":"https:\/\/www.celttv.com.ar\/index.php\/2022\/11\/08\/hcd-hoy-se-celebra-el-dia-del-empleado-municipal\/#breadcrumb","itemListElement":[{"@type":"ListItem","position":1,"name":"Inicio","item":"https:\/\/www.celttv.com.ar\/"},{"@type":"ListItem","position":2,"name":"HCD: Hoy se celebra el d\u00eda del empleado municipal"}]},{"@type":"WebSite","@id":"https:\/\/www.celttv.com.ar\/#website","url":"https:\/\/www.celttv.com.ar\/","name":"CELTTV","description":"Cooperativa El\u00e9ctrica de Tornquist","publisher":{"@id":"https:\/\/www.celttv.com.ar\/#organization"},"potentialAction":[{"@type":"SearchAction","target":{"@type":"EntryPoint","urlTemplate":"https:\/\/www.celttv.com.ar\/?s={search_term_string}"},"query-input":"required name=search_term_string"}],"inLanguage":"es"},{"@type":"Organization","@id":"https:\/\/www.celttv.com.ar\/#organization","name":"CELTTV","url":"https:\/\/www.celttv.com.ar\/","sameAs":["https:\/\/www.youtube.com\/channel\/UCz_oIt8Hig64Ub-EmcNPIhg","https:\/\/www.facebook.com\/celtTV\/"],"logo":{"@type":"ImageObject","inLanguage":"es","@id":"https:\/\/www.celttv.com.ar\/#\/schema\/logo\/image\/","url":"http:\/\/www.celttv.com.ar\/wp-content\/uploads\/2022\/08\/logo-1.png","contentUrl":"http:\/\/www.celttv.com.ar\/wp-content\/uploads\/2022\/08\/logo-1.png","width":461,"height":159,"caption":"CELTTV"},"image":{"@id":"https:\/\/www.celttv.com.ar\/#\/schema\/logo\/image\/"}},{"@type":"Person","@id":"https:\/\/www.celttv.com.ar\/#\/schema\/person\/db50025d0c4bc65f03036554c823332c","name":"German Svirch","image":{"@type":"ImageObject","inLanguage":"es","@id":"https:\/\/www.celttv.com.ar\/#\/schema\/person\/image\/","url":"https:\/\/secure.gravatar.com\/avatar\/9ef68bf179fa7037bf0d8a157e18d60d88400f9f78daad9e31789de8ef492b33?s=96&d=mm&r=g","contentUrl":"https:\/\/secure.gravatar.com\/avatar\/9ef68bf179fa7037bf0d8a157e18d60d88400f9f78daad9e31789de8ef492b33?s=96&d=mm&r=g","caption":"German Svirch"}}]}},"_links":{"self":[{"href":"https:\/\/www.celttv.com.ar\/index.php\/wp-json\/wp\/v2\/posts\/71167","targetHints":{"allow":["GET"]}}],"collection":[{"href":"https:\/\/www.celttv.com.ar\/index.php\/wp-json\/wp\/v2\/posts"}],"about":[{"href":"https:\/\/www.celttv.com.ar\/index.php\/wp-json\/wp\/v2\/types\/post"}],"author":[{"embeddable":true,"href":"https:\/\/www.celttv.com.ar\/index.php\/wp-json\/wp\/v2\/users\/7"}],"replies":[{"embeddable":true,"href":"https:\/\/www.celttv.com.ar\/index.php\/wp-json\/wp\/v2\/comments?post=71167"}],"version-history":[{"count":1,"href":"https:\/\/www.celttv.com.ar\/index.php\/wp-json\/wp\/v2\/posts\/71167\/revisions"}],"predecessor-version":[{"id":71169,"href":"https:\/\/www.celttv.com.ar\/index.php\/wp-json\/wp\/v2\/posts\/71167\/revisions\/71169"}],"wp:featuredmedia":[{"embeddable":true,"href":"https:\/\/www.celttv.com.ar\/index.php\/wp-json\/wp\/v2\/media\/71168"}],"wp:attachment":[{"href":"https:\/\/www.celttv.com.ar\/index.php\/wp-json\/wp\/v2\/media?parent=71167"}],"wp:term":[{"taxonomy":"category","embeddable":true,"href":"https:\/\/www.celttv.com.ar\/index.php\/wp-json\/wp\/v2\/categories?post=71167"},{"taxonomy":"post_tag","embeddable":true,"href":"https:\/\/www.celttv.com.ar\/index.php\/wp-json\/wp\/v2\/tags?post=71167"}],"curies":[{"name":"wp","href":"https:\/\/api.w.org\/{rel}","templated":true}]}}