{"id":71170,"date":"2022-11-08T10:46:11","date_gmt":"2022-11-08T13:46:11","guid":{"rendered":"http:\/\/www.celttv.com.ar\/?p=71170"},"modified":"2022-11-08T10:46:11","modified_gmt":"2022-11-08T13:46:11","slug":"el-consejo-de-las-mujeres-en-la-12-feria-del-libro-de-sierra-de-la-ventana","status":"publish","type":"post","link":"https:\/\/www.celttv.com.ar\/index.php\/2022\/11\/08\/el-consejo-de-las-mujeres-en-la-12-feria-del-libro-de-sierra-de-la-ventana\/","title":{"rendered":"El Consejo de las Mujeres en la 12\u00b0 Feria del Libro de Sierra de la Ventana"},"content":{"rendered":"<p class=\"yiv2405247108MsoNormal\"><span lang=\"ES\">Como lo venimos haciendo todos los a\u00f1os, estaremos presentando en la 12\u00b0 Feria del Libro de Sierra de la Ventana \u201cELLAS NO FUERON CONTADAS\u201d.<\/span><\/p>\n<p class=\"yiv2405247108MsoNormal\"><span lang=\"ES\">Dijo Estela D\u00edaz, Ministra de las Mujeres, Pol\u00edticas de G\u00e9nero y Diversidad Sexual: \u201cTenemos la convicci\u00f3n pol\u00edtica de que es fundamental convocarnos desde lo creativo, desde lo cultural y desde lo art\u00edstico. La batalla cultural\u00a0 est\u00e1 detr\u00e1s de lo que siempre estuvo invisibilizado, silenciado y subalternizado y, tambi\u00e9n, detr\u00e1s de todas las iniciativas cuando hablamos de igualdad de g\u00e9nero, de feminismo popular,\u00a0 de recobrar los saberes y los intercambios.<\/span><\/p>\n<p class=\"yiv2405247108MsoNormal\"><span lang=\"ES\">\u201cEllas no fueron contadas\u201d recupera historias que construyeron nuestra provincia y son parte de un proceso colectivo. Son relatos que nos cuentan discriminaciones y violencias cotidianas, hechos de una realidad que busca ser modificada. Cada uno de los temas abordados en los relatos nos muestra la necesidad de transformar esa realidad en oportunidades para rescatar las voces populares,\u00a0 promocionar nuevas pr\u00e1cticas culturales, nuevos modos comunitarios de vincularnos, de construir la identidad y de fortalecer la territorialidad de las redes de mujeres y diversidades para que sean reconocidas en y desde sus derechos.\u201d<\/span><\/p>\n<p class=\"yiv2405247108MsoNormal\"><span lang=\"ES\">Valoramos el acompa\u00f1amiento del Ministerio y muy especialmente el de nuestra compa\u00f1era Silvia Zaballa, Directora Regi\u00f3n Sexta, como as\u00ed tambi\u00e9n que la Feria del Libro de Sierra de la Ventana siempre tenga un espacio para el Consejo de las Mujeres Tornquist.<\/span><\/p>\n<p><img loading=\"lazy\" decoding=\"async\" class=\"alignnone wp-image-71171 size-full\" src=\"http:\/\/www.celttv.com.ar\/wp-content\/uploads\/2022\/11\/FERIA-DEL-LIBRO-2022-1.jpg\" alt=\"\" width=\"297\" height=\"530\" srcset=\"https:\/\/www.celttv.com.ar\/wp-content\/uploads\/2022\/11\/FERIA-DEL-LIBRO-2022-1.jpg 297w, https:\/\/www.celttv.com.ar\/wp-content\/uploads\/2022\/11\/FERIA-DEL-LIBRO-2022-1-168x300.jpg 168w\" sizes=\"auto, (max-width: 297px) 100vw, 297px\" \/> <img loading=\"lazy\" decoding=\"async\" class=\"alignnone wp-image-71172 size-large\" src=\"http:\/\/www.celttv.com.ar\/wp-content\/uploads\/2022\/11\/image-1024x1024.png\" alt=\"\" width=\"1024\" height=\"1024\" srcset=\"https:\/\/www.celttv.com.ar\/wp-content\/uploads\/2022\/11\/image.png 1024w, https:\/\/www.celttv.com.ar\/wp-content\/uploads\/2022\/11\/image-300x300.png 300w, https:\/\/www.celttv.com.ar\/wp-content\/uploads\/2022\/11\/image-150x150.png 150w, https:\/\/www.celttv.com.ar\/wp-content\/uploads\/2022\/11\/image-768x768.png 768w, https:\/\/www.celttv.com.ar\/wp-content\/uploads\/2022\/11\/image-75x75.png 75w, https:\/\/www.celttv.com.ar\/wp-content\/uploads\/2022\/11\/image-750x750.png 750w\" sizes=\"auto, (max-width: 1024px) 100vw, 1024px\" \/><\/p>\n<p>&nbsp;<\/p>\n","protected":false},"excerpt":{"rendered":"<p>Como lo venimos haciendo todos los a\u00f1os, estaremos presentando en la 12\u00b0 Feria del Libro de Sierra de la Ventana \u201cELLAS NO FUERON CONTADAS\u201d. Dijo Estela D\u00edaz, Ministra de las Mujeres, Pol\u00edticas de G\u00e9nero y Diversidad Sexual: \u201cTenemos la convicci\u00f3n pol\u00edtica de que es fundamental convocarnos desde lo creativo, desde lo cultural y desde lo [&hellip;]<\/p>\n","protected":false},"author":7,"featured_media":71172,"comment_status":"closed","ping_status":"closed","sticky":false,"template":"","format":"standard","meta":{"footnotes":""},"categories":[55],"tags":[],"class_list":["post-71170","post","type-post","status-publish","format-standard","has-post-thumbnail","hentry","category-celt-tv-noticias"],"yoast_head":"<!-- This site is optimized with the Yoast SEO plugin v19.7.1 - https:\/\/yoast.com\/wordpress\/plugins\/seo\/ -->\n<title>El Consejo de las Mujeres en la 12\u00b0 Feria del Libro de Sierra de la Ventana - CELTTV<\/title>\n<meta name=\"description\" content=\"Sitio web de noticias de la localidad de Tornquist, provincia de Buenos Aires, Rep\u00fablica Argentina. Contenido propio originado por periodistas de CELTTV, el canal de TV local de la Cooperativa El\u00e9ctrica de Tornquist. Turismo, Pol\u00edtica, Sociedad, Deporte, Cultura y todo el contenido de inter\u00e9s general que la gente del pueblo y la regi\u00f3n debe conocer.\" \/>\n<meta name=\"robots\" content=\"index, follow, max-snippet:-1, max-image-preview:large, max-video-preview:-1\" \/>\n<link rel=\"canonical\" href=\"https:\/\/www.celttv.com.ar\/index.php\/2022\/11\/08\/el-consejo-de-las-mujeres-en-la-12-feria-del-libro-de-sierra-de-la-ventana\/\" \/>\n<meta property=\"og:locale\" content=\"es_ES\" \/>\n<meta property=\"og:type\" content=\"article\" \/>\n<meta property=\"og:title\" content=\"El Consejo de las Mujeres en la 12\u00b0 Feria del Libro de Sierra de la Ventana - CELTTV\" \/>\n<meta property=\"og:description\" content=\"Sitio web de noticias de la localidad de Tornquist, provincia de Buenos Aires, Rep\u00fablica Argentina. Contenido propio originado por periodistas de CELTTV, el canal de TV local de la Cooperativa El\u00e9ctrica de Tornquist. Turismo, Pol\u00edtica, Sociedad, Deporte, Cultura y todo el contenido de inter\u00e9s general que la gente del pueblo y la regi\u00f3n debe conocer.\" \/>\n<meta property=\"og:url\" content=\"https:\/\/www.celttv.com.ar\/index.php\/2022\/11\/08\/el-consejo-de-las-mujeres-en-la-12-feria-del-libro-de-sierra-de-la-ventana\/\" \/>\n<meta property=\"og:site_name\" content=\"CELTTV\" \/>\n<meta property=\"article:publisher\" content=\"https:\/\/www.facebook.com\/celtTV\/\" \/>\n<meta property=\"article:published_time\" content=\"2022-11-08T13:46:11+00:00\" \/>\n<meta property=\"og:image\" content=\"https:\/\/www.celttv.com.ar\/wp-content\/uploads\/2022\/11\/image.png\" \/>\n\t<meta property=\"og:image:width\" content=\"1024\" \/>\n\t<meta property=\"og:image:height\" content=\"1024\" \/>\n\t<meta property=\"og:image:type\" content=\"image\/png\" \/>\n<meta name=\"author\" content=\"German Svirch\" \/>\n<meta name=\"twitter:card\" content=\"summary_large_image\" \/>\n<meta name=\"twitter:label1\" content=\"Escrito por\" \/>\n\t<meta name=\"twitter:data1\" content=\"German Svirch\" \/>\n\t<meta name=\"twitter:label2\" content=\"Tiempo de lectura\" \/>\n\t<meta name=\"twitter:data2\" content=\"1 minuto\" \/>\n<script type=\"application\/ld+json\" class=\"yoast-schema-graph\">{\"@context\":\"https:\/\/schema.org\",\"@graph\":[{\"@type\":\"NewsArticle\",\"@id\":\"https:\/\/www.celttv.com.ar\/index.php\/2022\/11\/08\/el-consejo-de-las-mujeres-en-la-12-feria-del-libro-de-sierra-de-la-ventana\/#article\",\"isPartOf\":{\"@id\":\"https:\/\/www.celttv.com.ar\/index.php\/2022\/11\/08\/el-consejo-de-las-mujeres-en-la-12-feria-del-libro-de-sierra-de-la-ventana\/\"},\"author\":{\"name\":\"German Svirch\",\"@id\":\"https:\/\/www.celttv.com.ar\/#\/schema\/person\/db50025d0c4bc65f03036554c823332c\"},\"headline\":\"El Consejo de las Mujeres en la 12\u00b0 Feria del Libro de Sierra de la Ventana\",\"datePublished\":\"2022-11-08T13:46:11+00:00\",\"dateModified\":\"2022-11-08T13:46:11+00:00\",\"mainEntityOfPage\":{\"@id\":\"https:\/\/www.celttv.com.ar\/index.php\/2022\/11\/08\/el-consejo-de-las-mujeres-en-la-12-feria-del-libro-de-sierra-de-la-ventana\/\"},\"wordCount\":257,\"publisher\":{\"@id\":\"https:\/\/www.celttv.com.ar\/#organization\"},\"articleSection\":[\"Celt TV Noticias\"],\"inLanguage\":\"es\"},{\"@type\":\"WebPage\",\"@id\":\"https:\/\/www.celttv.com.ar\/index.php\/2022\/11\/08\/el-consejo-de-las-mujeres-en-la-12-feria-del-libro-de-sierra-de-la-ventana\/\",\"url\":\"https:\/\/www.celttv.com.ar\/index.php\/2022\/11\/08\/el-consejo-de-las-mujeres-en-la-12-feria-del-libro-de-sierra-de-la-ventana\/\",\"name\":\"El Consejo de las Mujeres en la 12\u00b0 Feria del Libro de Sierra de la Ventana - CELTTV\",\"isPartOf\":{\"@id\":\"https:\/\/www.celttv.com.ar\/#website\"},\"datePublished\":\"2022-11-08T13:46:11+00:00\",\"dateModified\":\"2022-11-08T13:46:11+00:00\",\"description\":\"Sitio web de noticias de la localidad de Tornquist, provincia de Buenos Aires, Rep\u00fablica Argentina. Contenido propio originado por periodistas de CELTTV, el canal de TV local de la Cooperativa El\u00e9ctrica de Tornquist. Turismo, Pol\u00edtica, Sociedad, Deporte, Cultura y todo el contenido de inter\u00e9s general que la gente del pueblo y la regi\u00f3n debe conocer.\",\"breadcrumb\":{\"@id\":\"https:\/\/www.celttv.com.ar\/index.php\/2022\/11\/08\/el-consejo-de-las-mujeres-en-la-12-feria-del-libro-de-sierra-de-la-ventana\/#breadcrumb\"},\"inLanguage\":\"es\",\"potentialAction\":[{\"@type\":\"ReadAction\",\"target\":[\"https:\/\/www.celttv.com.ar\/index.php\/2022\/11\/08\/el-consejo-de-las-mujeres-en-la-12-feria-del-libro-de-sierra-de-la-ventana\/\"]}]},{\"@type\":\"BreadcrumbList\",\"@id\":\"https:\/\/www.celttv.com.ar\/index.php\/2022\/11\/08\/el-consejo-de-las-mujeres-en-la-12-feria-del-libro-de-sierra-de-la-ventana\/#breadcrumb\",\"itemListElement\":[{\"@type\":\"ListItem\",\"position\":1,\"name\":\"Inicio\",\"item\":\"https:\/\/www.celttv.com.ar\/\"},{\"@type\":\"ListItem\",\"position\":2,\"name\":\"El Consejo de las Mujeres en la 12\u00b0 Feria del Libro de Sierra de la Ventana\"}]},{\"@type\":\"WebSite\",\"@id\":\"https:\/\/www.celttv.com.ar\/#website\",\"url\":\"https:\/\/www.celttv.com.ar\/\",\"name\":\"CELTTV\",\"description\":\"Cooperativa El\u00e9ctrica de Tornquist\",\"publisher\":{\"@id\":\"https:\/\/www.celttv.com.ar\/#organization\"},\"potentialAction\":[{\"@type\":\"SearchAction\",\"target\":{\"@type\":\"EntryPoint\",\"urlTemplate\":\"https:\/\/www.celttv.com.ar\/?s={search_term_string}\"},\"query-input\":\"required name=search_term_string\"}],\"inLanguage\":\"es\"},{\"@type\":\"Organization\",\"@id\":\"https:\/\/www.celttv.com.ar\/#organization\",\"name\":\"CELTTV\",\"url\":\"https:\/\/www.celttv.com.ar\/\",\"sameAs\":[\"https:\/\/www.youtube.com\/channel\/UCz_oIt8Hig64Ub-EmcNPIhg\",\"https:\/\/www.facebook.com\/celtTV\/\"],\"logo\":{\"@type\":\"ImageObject\",\"inLanguage\":\"es\",\"@id\":\"https:\/\/www.celttv.com.ar\/#\/schema\/logo\/image\/\",\"url\":\"http:\/\/www.celttv.com.ar\/wp-content\/uploads\/2022\/08\/logo-1.png\",\"contentUrl\":\"http:\/\/www.celttv.com.ar\/wp-content\/uploads\/2022\/08\/logo-1.png\",\"width\":461,\"height\":159,\"caption\":\"CELTTV\"},\"image\":{\"@id\":\"https:\/\/www.celttv.com.ar\/#\/schema\/logo\/image\/\"}},{\"@type\":\"Person\",\"@id\":\"https:\/\/www.celttv.com.ar\/#\/schema\/person\/db50025d0c4bc65f03036554c823332c\",\"name\":\"German Svirch\",\"image\":{\"@type\":\"ImageObject\",\"inLanguage\":\"es\",\"@id\":\"https:\/\/www.celttv.com.ar\/#\/schema\/person\/image\/\",\"url\":\"https:\/\/secure.gravatar.com\/avatar\/9ef68bf179fa7037bf0d8a157e18d60d88400f9f78daad9e31789de8ef492b33?s=96&d=mm&r=g\",\"contentUrl\":\"https:\/\/secure.gravatar.com\/avatar\/9ef68bf179fa7037bf0d8a157e18d60d88400f9f78daad9e31789de8ef492b33?s=96&d=mm&r=g\",\"caption\":\"German Svirch\"}}]}<\/script>\n<!-- \/ Yoast SEO plugin. -->","yoast_head_json":{"title":"El Consejo de las Mujeres en la 12\u00b0 Feria del Libro de Sierra de la Ventana - CELTTV","description":"Sitio web de noticias de la localidad de Tornquist, provincia de Buenos Aires, Rep\u00fablica Argentina. Contenido propio originado por periodistas de CELTTV, el canal de TV local de la Cooperativa El\u00e9ctrica de Tornquist. Turismo, Pol\u00edtica, Sociedad, Deporte, Cultura y todo el contenido de inter\u00e9s general que la gente del pueblo y la regi\u00f3n debe conocer.","robots":{"index":"index","follow":"follow","max-snippet":"max-snippet:-1","max-image-preview":"max-image-preview:large","max-video-preview":"max-video-preview:-1"},"canonical":"https:\/\/www.celttv.com.ar\/index.php\/2022\/11\/08\/el-consejo-de-las-mujeres-en-la-12-feria-del-libro-de-sierra-de-la-ventana\/","og_locale":"es_ES","og_type":"article","og_title":"El Consejo de las Mujeres en la 12\u00b0 Feria del Libro de Sierra de la Ventana - CELTTV","og_description":"Sitio web de noticias de la localidad de Tornquist, provincia de Buenos Aires, Rep\u00fablica Argentina. Contenido propio originado por periodistas de CELTTV, el canal de TV local de la Cooperativa El\u00e9ctrica de Tornquist. Turismo, Pol\u00edtica, Sociedad, Deporte, Cultura y todo el contenido de inter\u00e9s general que la gente del pueblo y la regi\u00f3n debe conocer.","og_url":"https:\/\/www.celttv.com.ar\/index.php\/2022\/11\/08\/el-consejo-de-las-mujeres-en-la-12-feria-del-libro-de-sierra-de-la-ventana\/","og_site_name":"CELTTV","article_publisher":"https:\/\/www.facebook.com\/celtTV\/","article_published_time":"2022-11-08T13:46:11+00:00","og_image":[{"width":1024,"height":1024,"url":"https:\/\/www.celttv.com.ar\/wp-content\/uploads\/2022\/11\/image.png","type":"image\/png"}],"author":"German Svirch","twitter_card":"summary_large_image","twitter_misc":{"Escrito por":"German Svirch","Tiempo de lectura":"1 minuto"},"schema":{"@context":"https:\/\/schema.org","@graph":[{"@type":"NewsArticle","@id":"https:\/\/www.celttv.com.ar\/index.php\/2022\/11\/08\/el-consejo-de-las-mujeres-en-la-12-feria-del-libro-de-sierra-de-la-ventana\/#article","isPartOf":{"@id":"https:\/\/www.celttv.com.ar\/index.php\/2022\/11\/08\/el-consejo-de-las-mujeres-en-la-12-feria-del-libro-de-sierra-de-la-ventana\/"},"author":{"name":"German Svirch","@id":"https:\/\/www.celttv.com.ar\/#\/schema\/person\/db50025d0c4bc65f03036554c823332c"},"headline":"El Consejo de las Mujeres en la 12\u00b0 Feria del Libro de Sierra de la Ventana","datePublished":"2022-11-08T13:46:11+00:00","dateModified":"2022-11-08T13:46:11+00:00","mainEntityOfPage":{"@id":"https:\/\/www.celttv.com.ar\/index.php\/2022\/11\/08\/el-consejo-de-las-mujeres-en-la-12-feria-del-libro-de-sierra-de-la-ventana\/"},"wordCount":257,"publisher":{"@id":"https:\/\/www.celttv.com.ar\/#organization"},"articleSection":["Celt TV Noticias"],"inLanguage":"es"},{"@type":"WebPage","@id":"https:\/\/www.celttv.com.ar\/index.php\/2022\/11\/08\/el-consejo-de-las-mujeres-en-la-12-feria-del-libro-de-sierra-de-la-ventana\/","url":"https:\/\/www.celttv.com.ar\/index.php\/2022\/11\/08\/el-consejo-de-las-mujeres-en-la-12-feria-del-libro-de-sierra-de-la-ventana\/","name":"El Consejo de las Mujeres en la 12\u00b0 Feria del Libro de Sierra de la Ventana - CELTTV","isPartOf":{"@id":"https:\/\/www.celttv.com.ar\/#website"},"datePublished":"2022-11-08T13:46:11+00:00","dateModified":"2022-11-08T13:46:11+00:00","description":"Sitio web de noticias de la localidad de Tornquist, provincia de Buenos Aires, Rep\u00fablica Argentina. Contenido propio originado por periodistas de CELTTV, el canal de TV local de la Cooperativa El\u00e9ctrica de Tornquist. Turismo, Pol\u00edtica, Sociedad, Deporte, Cultura y todo el contenido de inter\u00e9s general que la gente del pueblo y la regi\u00f3n debe conocer.","breadcrumb":{"@id":"https:\/\/www.celttv.com.ar\/index.php\/2022\/11\/08\/el-consejo-de-las-mujeres-en-la-12-feria-del-libro-de-sierra-de-la-ventana\/#breadcrumb"},"inLanguage":"es","potentialAction":[{"@type":"ReadAction","target":["https:\/\/www.celttv.com.ar\/index.php\/2022\/11\/08\/el-consejo-de-las-mujeres-en-la-12-feria-del-libro-de-sierra-de-la-ventana\/"]}]},{"@type":"BreadcrumbList","@id":"https:\/\/www.celttv.com.ar\/index.php\/2022\/11\/08\/el-consejo-de-las-mujeres-en-la-12-feria-del-libro-de-sierra-de-la-ventana\/#breadcrumb","itemListElement":[{"@type":"ListItem","position":1,"name":"Inicio","item":"https:\/\/www.celttv.com.ar\/"},{"@type":"ListItem","position":2,"name":"El Consejo de las Mujeres en la 12\u00b0 Feria del Libro de Sierra de la Ventana"}]},{"@type":"WebSite","@id":"https:\/\/www.celttv.com.ar\/#website","url":"https:\/\/www.celttv.com.ar\/","name":"CELTTV","description":"Cooperativa El\u00e9ctrica de Tornquist","publisher":{"@id":"https:\/\/www.celttv.com.ar\/#organization"},"potentialAction":[{"@type":"SearchAction","target":{"@type":"EntryPoint","urlTemplate":"https:\/\/www.celttv.com.ar\/?s={search_term_string}"},"query-input":"required name=search_term_string"}],"inLanguage":"es"},{"@type":"Organization","@id":"https:\/\/www.celttv.com.ar\/#organization","name":"CELTTV","url":"https:\/\/www.celttv.com.ar\/","sameAs":["https:\/\/www.youtube.com\/channel\/UCz_oIt8Hig64Ub-EmcNPIhg","https:\/\/www.facebook.com\/celtTV\/"],"logo":{"@type":"ImageObject","inLanguage":"es","@id":"https:\/\/www.celttv.com.ar\/#\/schema\/logo\/image\/","url":"http:\/\/www.celttv.com.ar\/wp-content\/uploads\/2022\/08\/logo-1.png","contentUrl":"http:\/\/www.celttv.com.ar\/wp-content\/uploads\/2022\/08\/logo-1.png","width":461,"height":159,"caption":"CELTTV"},"image":{"@id":"https:\/\/www.celttv.com.ar\/#\/schema\/logo\/image\/"}},{"@type":"Person","@id":"https:\/\/www.celttv.com.ar\/#\/schema\/person\/db50025d0c4bc65f03036554c823332c","name":"German Svirch","image":{"@type":"ImageObject","inLanguage":"es","@id":"https:\/\/www.celttv.com.ar\/#\/schema\/person\/image\/","url":"https:\/\/secure.gravatar.com\/avatar\/9ef68bf179fa7037bf0d8a157e18d60d88400f9f78daad9e31789de8ef492b33?s=96&d=mm&r=g","contentUrl":"https:\/\/secure.gravatar.com\/avatar\/9ef68bf179fa7037bf0d8a157e18d60d88400f9f78daad9e31789de8ef492b33?s=96&d=mm&r=g","caption":"German Svirch"}}]}},"_links":{"self":[{"href":"https:\/\/www.celttv.com.ar\/index.php\/wp-json\/wp\/v2\/posts\/71170","targetHints":{"allow":["GET"]}}],"collection":[{"href":"https:\/\/www.celttv.com.ar\/index.php\/wp-json\/wp\/v2\/posts"}],"about":[{"href":"https:\/\/www.celttv.com.ar\/index.php\/wp-json\/wp\/v2\/types\/post"}],"author":[{"embeddable":true,"href":"https:\/\/www.celttv.com.ar\/index.php\/wp-json\/wp\/v2\/users\/7"}],"replies":[{"embeddable":true,"href":"https:\/\/www.celttv.com.ar\/index.php\/wp-json\/wp\/v2\/comments?post=71170"}],"version-history":[{"count":1,"href":"https:\/\/www.celttv.com.ar\/index.php\/wp-json\/wp\/v2\/posts\/71170\/revisions"}],"predecessor-version":[{"id":71173,"href":"https:\/\/www.celttv.com.ar\/index.php\/wp-json\/wp\/v2\/posts\/71170\/revisions\/71173"}],"wp:featuredmedia":[{"embeddable":true,"href":"https:\/\/www.celttv.com.ar\/index.php\/wp-json\/wp\/v2\/media\/71172"}],"wp:attachment":[{"href":"https:\/\/www.celttv.com.ar\/index.php\/wp-json\/wp\/v2\/media?parent=71170"}],"wp:term":[{"taxonomy":"category","embeddable":true,"href":"https:\/\/www.celttv.com.ar\/index.php\/wp-json\/wp\/v2\/categories?post=71170"},{"taxonomy":"post_tag","embeddable":true,"href":"https:\/\/www.celttv.com.ar\/index.php\/wp-json\/wp\/v2\/tags?post=71170"}],"curies":[{"name":"wp","href":"https:\/\/api.w.org\/{rel}","templated":true}]}}