{"id":71174,"date":"2022-11-08T10:50:20","date_gmt":"2022-11-08T13:50:20","guid":{"rendered":"http:\/\/www.celttv.com.ar\/?p=71174"},"modified":"2022-11-08T10:50:58","modified_gmt":"2022-11-08T13:50:58","slug":"se-desarrollara-el-iii-congreso-vecinalista-de-la-provincia-de-buenos-aires-en-canuelas","status":"publish","type":"post","link":"https:\/\/www.celttv.com.ar\/index.php\/2022\/11\/08\/se-desarrollara-el-iii-congreso-vecinalista-de-la-provincia-de-buenos-aires-en-canuelas\/","title":{"rendered":"Se desarrollar\u00e1 en Ca\u00f1uelas el III Congreso Vecinalista de la provincia de Buenos Aires"},"content":{"rendered":"<p>El pr\u00f3ximo s\u00e1bado 12 de Noviembre en la ciudad de Ca\u00f1uelas, se desarrollar\u00e1 el III Congreso Vecinalista de la provincia de Buenos Aires en lo que va del a\u00f1o 2022. En esta jornada participar\u00e1n representantes de numerosos municipios, referentes de agrupaciones y partidos vecinales, concejales, consejeros escolares y dirigentes de toda la provincia, que desean consolidar una expresi\u00f3n pol\u00edtica provincial desde lo local con el objetivo de mejorar la calidad de vida de sus habitantes.<br \/>\nDe esta manera, la ciudad Ca\u00f1uelas ser\u00e1 sede de un nuevo congreso vecinal, con el objetivo de crear un espacio de debate donde se abordar\u00e1n las problem\u00e1ticas en cuatro comisiones de trabajo: El rol del Vecinalismo en el siglo XXI, Autonom\u00eda Municipal, An\u00e1lisis Pol\u00edtico y Coyuntura actual y por \u00faltimo Pol\u00edticas P\u00fablicas, Salud, Educaci\u00f3n y Desarrollo productivo. Se continuar\u00e1 con la profundizaci\u00f3n de una agenda en com\u00fan bajo los proyectos de boleta \u00fanica papel, autonom\u00eda municipal y descentralizaci\u00f3n administrativa. Tambi\u00e9n se desarrollar\u00e1 un bloque sobre \u201cEstrategias de Marketing Electoral\u201d a cargo de especialistas a disposici\u00f3n de todos los vecinos y vecinas que acudan al Congreso.<br \/>\n\u201cEs momento de debatir y lograr verdaderas transformaciones en la provincia de Buenos Aires, como por ejemplo la Autonom\u00eda Municipal. Estamos convencidos de la importancia de los gobiernos locales, por su cercan\u00eda con el vecino y la capacidad de dar respuesta a numerosas demandas. Pero sin los suficientes recursos y con el grado de centralidad de las decisiones no es posible llegar con una gesti\u00f3n eficiente. Desde el vecinalismo estamos convencidos en llevar a cabo una verdadera democratizaci\u00f3n e igualdad entre los municipios de la provincia para brindar soluciones a los problemas de todos los bonaerenses. Las grietas y la confrontaci\u00f3n no nos permiten avanzar. Con mucha ilusi\u00f3n y trabajo decidimos unir fuerzas. Salimos de nuestras localidades, de nuestros municipios, de nuestros partidos con el objetivo de escuchar al vecino. De transformarnos y llevar los problemas locales a soluciones reales\u201d, se\u00f1alaron desde la organizaci\u00f3n.<br \/>\nAsimismo, se espera que el Congreso permita continuar el trabajo en conjunto de los diferentes vecinalismos provinciales para acercarle al electorado nuevas propuestas enfocadas en el bienestar de los vecinos y vecinas de la provincia de Buenos Aires.<br \/>\n<img loading=\"lazy\" decoding=\"async\" class=\"alignnone wp-image-71175 size-large\" src=\"http:\/\/www.celttv.com.ar\/wp-content\/uploads\/2022\/11\/WhatsApp-Image-2022-11-07-at-14.01.55-1024x1019.jpeg\" alt=\"\" width=\"1024\" height=\"1019\" srcset=\"https:\/\/www.celttv.com.ar\/wp-content\/uploads\/2022\/11\/WhatsApp-Image-2022-11-07-at-14.01.55-1024x1019.jpeg 1024w, https:\/\/www.celttv.com.ar\/wp-content\/uploads\/2022\/11\/WhatsApp-Image-2022-11-07-at-14.01.55-300x300.jpeg 300w, https:\/\/www.celttv.com.ar\/wp-content\/uploads\/2022\/11\/WhatsApp-Image-2022-11-07-at-14.01.55-150x150.jpeg 150w, https:\/\/www.celttv.com.ar\/wp-content\/uploads\/2022\/11\/WhatsApp-Image-2022-11-07-at-14.01.55-768x764.jpeg 768w, https:\/\/www.celttv.com.ar\/wp-content\/uploads\/2022\/11\/WhatsApp-Image-2022-11-07-at-14.01.55-75x75.jpeg 75w, https:\/\/www.celttv.com.ar\/wp-content\/uploads\/2022\/11\/WhatsApp-Image-2022-11-07-at-14.01.55-750x747.jpeg 750w, https:\/\/www.celttv.com.ar\/wp-content\/uploads\/2022\/11\/WhatsApp-Image-2022-11-07-at-14.01.55.jpeg 1079w\" sizes=\"auto, (max-width: 1024px) 100vw, 1024px\" \/><\/p>\n","protected":false},"excerpt":{"rendered":"<p>El pr\u00f3ximo s\u00e1bado 12 de Noviembre en la ciudad de Ca\u00f1uelas, se desarrollar\u00e1 el III Congreso Vecinalista de la provincia de Buenos Aires en lo que va del a\u00f1o 2022. En esta jornada participar\u00e1n representantes de numerosos municipios, referentes de agrupaciones y partidos vecinales, concejales, consejeros escolares y dirigentes de toda la provincia, que desean [&hellip;]<\/p>\n","protected":false},"author":7,"featured_media":71175,"comment_status":"closed","ping_status":"closed","sticky":false,"template":"","format":"standard","meta":{"footnotes":""},"categories":[55],"tags":[],"class_list":["post-71174","post","type-post","status-publish","format-standard","has-post-thumbnail","hentry","category-celt-tv-noticias"],"yoast_head":"<!-- This site is optimized with the Yoast SEO plugin v19.7.1 - https:\/\/yoast.com\/wordpress\/plugins\/seo\/ -->\n<title>Se desarrollar\u00e1 en Ca\u00f1uelas el III Congreso Vecinalista de la provincia de Buenos Aires - CELTTV<\/title>\n<meta name=\"description\" content=\"Sitio web de noticias de la localidad de Tornquist, provincia de Buenos Aires, Rep\u00fablica Argentina. Contenido propio originado por periodistas de CELTTV, el canal de TV local de la Cooperativa El\u00e9ctrica de Tornquist. Turismo, Pol\u00edtica, Sociedad, Deporte, Cultura y todo el contenido de inter\u00e9s general que la gente del pueblo y la regi\u00f3n debe conocer.\" \/>\n<meta name=\"robots\" content=\"index, follow, max-snippet:-1, max-image-preview:large, max-video-preview:-1\" \/>\n<link rel=\"canonical\" href=\"https:\/\/www.celttv.com.ar\/index.php\/2022\/11\/08\/se-desarrollara-el-iii-congreso-vecinalista-de-la-provincia-de-buenos-aires-en-canuelas\/\" \/>\n<meta property=\"og:locale\" content=\"es_ES\" \/>\n<meta property=\"og:type\" content=\"article\" \/>\n<meta property=\"og:title\" content=\"Se desarrollar\u00e1 en Ca\u00f1uelas el III Congreso Vecinalista de la provincia de Buenos Aires - CELTTV\" \/>\n<meta property=\"og:description\" content=\"Sitio web de noticias de la localidad de Tornquist, provincia de Buenos Aires, Rep\u00fablica Argentina. Contenido propio originado por periodistas de CELTTV, el canal de TV local de la Cooperativa El\u00e9ctrica de Tornquist. Turismo, Pol\u00edtica, Sociedad, Deporte, Cultura y todo el contenido de inter\u00e9s general que la gente del pueblo y la regi\u00f3n debe conocer.\" \/>\n<meta property=\"og:url\" content=\"https:\/\/www.celttv.com.ar\/index.php\/2022\/11\/08\/se-desarrollara-el-iii-congreso-vecinalista-de-la-provincia-de-buenos-aires-en-canuelas\/\" \/>\n<meta property=\"og:site_name\" content=\"CELTTV\" \/>\n<meta property=\"article:publisher\" content=\"https:\/\/www.facebook.com\/celtTV\/\" \/>\n<meta property=\"article:published_time\" content=\"2022-11-08T13:50:20+00:00\" \/>\n<meta property=\"article:modified_time\" content=\"2022-11-08T13:50:58+00:00\" \/>\n<meta property=\"og:image\" content=\"https:\/\/www.celttv.com.ar\/wp-content\/uploads\/2022\/11\/WhatsApp-Image-2022-11-07-at-14.01.55.jpeg\" \/>\n\t<meta property=\"og:image:width\" content=\"1079\" \/>\n\t<meta property=\"og:image:height\" content=\"1074\" \/>\n\t<meta property=\"og:image:type\" content=\"image\/jpeg\" \/>\n<meta name=\"author\" content=\"German Svirch\" \/>\n<meta name=\"twitter:card\" content=\"summary_large_image\" \/>\n<meta name=\"twitter:label1\" content=\"Escrito por\" \/>\n\t<meta name=\"twitter:data1\" content=\"German Svirch\" \/>\n\t<meta name=\"twitter:label2\" content=\"Tiempo de lectura\" \/>\n\t<meta name=\"twitter:data2\" content=\"2 minutos\" \/>\n<script type=\"application\/ld+json\" class=\"yoast-schema-graph\">{\"@context\":\"https:\/\/schema.org\",\"@graph\":[{\"@type\":\"NewsArticle\",\"@id\":\"https:\/\/www.celttv.com.ar\/index.php\/2022\/11\/08\/se-desarrollara-el-iii-congreso-vecinalista-de-la-provincia-de-buenos-aires-en-canuelas\/#article\",\"isPartOf\":{\"@id\":\"https:\/\/www.celttv.com.ar\/index.php\/2022\/11\/08\/se-desarrollara-el-iii-congreso-vecinalista-de-la-provincia-de-buenos-aires-en-canuelas\/\"},\"author\":{\"name\":\"German Svirch\",\"@id\":\"https:\/\/www.celttv.com.ar\/#\/schema\/person\/db50025d0c4bc65f03036554c823332c\"},\"headline\":\"Se desarrollar\u00e1 en Ca\u00f1uelas el III Congreso Vecinalista de la provincia de Buenos Aires\",\"datePublished\":\"2022-11-08T13:50:20+00:00\",\"dateModified\":\"2022-11-08T13:50:58+00:00\",\"mainEntityOfPage\":{\"@id\":\"https:\/\/www.celttv.com.ar\/index.php\/2022\/11\/08\/se-desarrollara-el-iii-congreso-vecinalista-de-la-provincia-de-buenos-aires-en-canuelas\/\"},\"wordCount\":405,\"publisher\":{\"@id\":\"https:\/\/www.celttv.com.ar\/#organization\"},\"articleSection\":[\"Celt TV Noticias\"],\"inLanguage\":\"es\"},{\"@type\":\"WebPage\",\"@id\":\"https:\/\/www.celttv.com.ar\/index.php\/2022\/11\/08\/se-desarrollara-el-iii-congreso-vecinalista-de-la-provincia-de-buenos-aires-en-canuelas\/\",\"url\":\"https:\/\/www.celttv.com.ar\/index.php\/2022\/11\/08\/se-desarrollara-el-iii-congreso-vecinalista-de-la-provincia-de-buenos-aires-en-canuelas\/\",\"name\":\"Se desarrollar\u00e1 en Ca\u00f1uelas el III Congreso Vecinalista de la provincia de Buenos Aires - CELTTV\",\"isPartOf\":{\"@id\":\"https:\/\/www.celttv.com.ar\/#website\"},\"datePublished\":\"2022-11-08T13:50:20+00:00\",\"dateModified\":\"2022-11-08T13:50:58+00:00\",\"description\":\"Sitio web de noticias de la localidad de Tornquist, provincia de Buenos Aires, Rep\u00fablica Argentina. Contenido propio originado por periodistas de CELTTV, el canal de TV local de la Cooperativa El\u00e9ctrica de Tornquist. Turismo, Pol\u00edtica, Sociedad, Deporte, Cultura y todo el contenido de inter\u00e9s general que la gente del pueblo y la regi\u00f3n debe conocer.\",\"breadcrumb\":{\"@id\":\"https:\/\/www.celttv.com.ar\/index.php\/2022\/11\/08\/se-desarrollara-el-iii-congreso-vecinalista-de-la-provincia-de-buenos-aires-en-canuelas\/#breadcrumb\"},\"inLanguage\":\"es\",\"potentialAction\":[{\"@type\":\"ReadAction\",\"target\":[\"https:\/\/www.celttv.com.ar\/index.php\/2022\/11\/08\/se-desarrollara-el-iii-congreso-vecinalista-de-la-provincia-de-buenos-aires-en-canuelas\/\"]}]},{\"@type\":\"BreadcrumbList\",\"@id\":\"https:\/\/www.celttv.com.ar\/index.php\/2022\/11\/08\/se-desarrollara-el-iii-congreso-vecinalista-de-la-provincia-de-buenos-aires-en-canuelas\/#breadcrumb\",\"itemListElement\":[{\"@type\":\"ListItem\",\"position\":1,\"name\":\"Inicio\",\"item\":\"https:\/\/www.celttv.com.ar\/\"},{\"@type\":\"ListItem\",\"position\":2,\"name\":\"Se desarrollar\u00e1 en Ca\u00f1uelas el III Congreso Vecinalista de la provincia de Buenos Aires\"}]},{\"@type\":\"WebSite\",\"@id\":\"https:\/\/www.celttv.com.ar\/#website\",\"url\":\"https:\/\/www.celttv.com.ar\/\",\"name\":\"CELTTV\",\"description\":\"Cooperativa El\u00e9ctrica de Tornquist\",\"publisher\":{\"@id\":\"https:\/\/www.celttv.com.ar\/#organization\"},\"potentialAction\":[{\"@type\":\"SearchAction\",\"target\":{\"@type\":\"EntryPoint\",\"urlTemplate\":\"https:\/\/www.celttv.com.ar\/?s={search_term_string}\"},\"query-input\":\"required name=search_term_string\"}],\"inLanguage\":\"es\"},{\"@type\":\"Organization\",\"@id\":\"https:\/\/www.celttv.com.ar\/#organization\",\"name\":\"CELTTV\",\"url\":\"https:\/\/www.celttv.com.ar\/\",\"sameAs\":[\"https:\/\/www.youtube.com\/channel\/UCz_oIt8Hig64Ub-EmcNPIhg\",\"https:\/\/www.facebook.com\/celtTV\/\"],\"logo\":{\"@type\":\"ImageObject\",\"inLanguage\":\"es\",\"@id\":\"https:\/\/www.celttv.com.ar\/#\/schema\/logo\/image\/\",\"url\":\"http:\/\/www.celttv.com.ar\/wp-content\/uploads\/2022\/08\/logo-1.png\",\"contentUrl\":\"http:\/\/www.celttv.com.ar\/wp-content\/uploads\/2022\/08\/logo-1.png\",\"width\":461,\"height\":159,\"caption\":\"CELTTV\"},\"image\":{\"@id\":\"https:\/\/www.celttv.com.ar\/#\/schema\/logo\/image\/\"}},{\"@type\":\"Person\",\"@id\":\"https:\/\/www.celttv.com.ar\/#\/schema\/person\/db50025d0c4bc65f03036554c823332c\",\"name\":\"German Svirch\",\"image\":{\"@type\":\"ImageObject\",\"inLanguage\":\"es\",\"@id\":\"https:\/\/www.celttv.com.ar\/#\/schema\/person\/image\/\",\"url\":\"https:\/\/secure.gravatar.com\/avatar\/9ef68bf179fa7037bf0d8a157e18d60d88400f9f78daad9e31789de8ef492b33?s=96&d=mm&r=g\",\"contentUrl\":\"https:\/\/secure.gravatar.com\/avatar\/9ef68bf179fa7037bf0d8a157e18d60d88400f9f78daad9e31789de8ef492b33?s=96&d=mm&r=g\",\"caption\":\"German Svirch\"}}]}<\/script>\n<!-- \/ Yoast SEO plugin. -->","yoast_head_json":{"title":"Se desarrollar\u00e1 en Ca\u00f1uelas el III Congreso Vecinalista de la provincia de Buenos Aires - CELTTV","description":"Sitio web de noticias de la localidad de Tornquist, provincia de Buenos Aires, Rep\u00fablica Argentina. Contenido propio originado por periodistas de CELTTV, el canal de TV local de la Cooperativa El\u00e9ctrica de Tornquist. Turismo, Pol\u00edtica, Sociedad, Deporte, Cultura y todo el contenido de inter\u00e9s general que la gente del pueblo y la regi\u00f3n debe conocer.","robots":{"index":"index","follow":"follow","max-snippet":"max-snippet:-1","max-image-preview":"max-image-preview:large","max-video-preview":"max-video-preview:-1"},"canonical":"https:\/\/www.celttv.com.ar\/index.php\/2022\/11\/08\/se-desarrollara-el-iii-congreso-vecinalista-de-la-provincia-de-buenos-aires-en-canuelas\/","og_locale":"es_ES","og_type":"article","og_title":"Se desarrollar\u00e1 en Ca\u00f1uelas el III Congreso Vecinalista de la provincia de Buenos Aires - CELTTV","og_description":"Sitio web de noticias de la localidad de Tornquist, provincia de Buenos Aires, Rep\u00fablica Argentina. Contenido propio originado por periodistas de CELTTV, el canal de TV local de la Cooperativa El\u00e9ctrica de Tornquist. Turismo, Pol\u00edtica, Sociedad, Deporte, Cultura y todo el contenido de inter\u00e9s general que la gente del pueblo y la regi\u00f3n debe conocer.","og_url":"https:\/\/www.celttv.com.ar\/index.php\/2022\/11\/08\/se-desarrollara-el-iii-congreso-vecinalista-de-la-provincia-de-buenos-aires-en-canuelas\/","og_site_name":"CELTTV","article_publisher":"https:\/\/www.facebook.com\/celtTV\/","article_published_time":"2022-11-08T13:50:20+00:00","article_modified_time":"2022-11-08T13:50:58+00:00","og_image":[{"width":1079,"height":1074,"url":"https:\/\/www.celttv.com.ar\/wp-content\/uploads\/2022\/11\/WhatsApp-Image-2022-11-07-at-14.01.55.jpeg","type":"image\/jpeg"}],"author":"German Svirch","twitter_card":"summary_large_image","twitter_misc":{"Escrito por":"German Svirch","Tiempo de lectura":"2 minutos"},"schema":{"@context":"https:\/\/schema.org","@graph":[{"@type":"NewsArticle","@id":"https:\/\/www.celttv.com.ar\/index.php\/2022\/11\/08\/se-desarrollara-el-iii-congreso-vecinalista-de-la-provincia-de-buenos-aires-en-canuelas\/#article","isPartOf":{"@id":"https:\/\/www.celttv.com.ar\/index.php\/2022\/11\/08\/se-desarrollara-el-iii-congreso-vecinalista-de-la-provincia-de-buenos-aires-en-canuelas\/"},"author":{"name":"German Svirch","@id":"https:\/\/www.celttv.com.ar\/#\/schema\/person\/db50025d0c4bc65f03036554c823332c"},"headline":"Se desarrollar\u00e1 en Ca\u00f1uelas el III Congreso Vecinalista de la provincia de Buenos Aires","datePublished":"2022-11-08T13:50:20+00:00","dateModified":"2022-11-08T13:50:58+00:00","mainEntityOfPage":{"@id":"https:\/\/www.celttv.com.ar\/index.php\/2022\/11\/08\/se-desarrollara-el-iii-congreso-vecinalista-de-la-provincia-de-buenos-aires-en-canuelas\/"},"wordCount":405,"publisher":{"@id":"https:\/\/www.celttv.com.ar\/#organization"},"articleSection":["Celt TV Noticias"],"inLanguage":"es"},{"@type":"WebPage","@id":"https:\/\/www.celttv.com.ar\/index.php\/2022\/11\/08\/se-desarrollara-el-iii-congreso-vecinalista-de-la-provincia-de-buenos-aires-en-canuelas\/","url":"https:\/\/www.celttv.com.ar\/index.php\/2022\/11\/08\/se-desarrollara-el-iii-congreso-vecinalista-de-la-provincia-de-buenos-aires-en-canuelas\/","name":"Se desarrollar\u00e1 en Ca\u00f1uelas el III Congreso Vecinalista de la provincia de Buenos Aires - CELTTV","isPartOf":{"@id":"https:\/\/www.celttv.com.ar\/#website"},"datePublished":"2022-11-08T13:50:20+00:00","dateModified":"2022-11-08T13:50:58+00:00","description":"Sitio web de noticias de la localidad de Tornquist, provincia de Buenos Aires, Rep\u00fablica Argentina. Contenido propio originado por periodistas de CELTTV, el canal de TV local de la Cooperativa El\u00e9ctrica de Tornquist. Turismo, Pol\u00edtica, Sociedad, Deporte, Cultura y todo el contenido de inter\u00e9s general que la gente del pueblo y la regi\u00f3n debe conocer.","breadcrumb":{"@id":"https:\/\/www.celttv.com.ar\/index.php\/2022\/11\/08\/se-desarrollara-el-iii-congreso-vecinalista-de-la-provincia-de-buenos-aires-en-canuelas\/#breadcrumb"},"inLanguage":"es","potentialAction":[{"@type":"ReadAction","target":["https:\/\/www.celttv.com.ar\/index.php\/2022\/11\/08\/se-desarrollara-el-iii-congreso-vecinalista-de-la-provincia-de-buenos-aires-en-canuelas\/"]}]},{"@type":"BreadcrumbList","@id":"https:\/\/www.celttv.com.ar\/index.php\/2022\/11\/08\/se-desarrollara-el-iii-congreso-vecinalista-de-la-provincia-de-buenos-aires-en-canuelas\/#breadcrumb","itemListElement":[{"@type":"ListItem","position":1,"name":"Inicio","item":"https:\/\/www.celttv.com.ar\/"},{"@type":"ListItem","position":2,"name":"Se desarrollar\u00e1 en Ca\u00f1uelas el III Congreso Vecinalista de la provincia de Buenos Aires"}]},{"@type":"WebSite","@id":"https:\/\/www.celttv.com.ar\/#website","url":"https:\/\/www.celttv.com.ar\/","name":"CELTTV","description":"Cooperativa El\u00e9ctrica de Tornquist","publisher":{"@id":"https:\/\/www.celttv.com.ar\/#organization"},"potentialAction":[{"@type":"SearchAction","target":{"@type":"EntryPoint","urlTemplate":"https:\/\/www.celttv.com.ar\/?s={search_term_string}"},"query-input":"required name=search_term_string"}],"inLanguage":"es"},{"@type":"Organization","@id":"https:\/\/www.celttv.com.ar\/#organization","name":"CELTTV","url":"https:\/\/www.celttv.com.ar\/","sameAs":["https:\/\/www.youtube.com\/channel\/UCz_oIt8Hig64Ub-EmcNPIhg","https:\/\/www.facebook.com\/celtTV\/"],"logo":{"@type":"ImageObject","inLanguage":"es","@id":"https:\/\/www.celttv.com.ar\/#\/schema\/logo\/image\/","url":"http:\/\/www.celttv.com.ar\/wp-content\/uploads\/2022\/08\/logo-1.png","contentUrl":"http:\/\/www.celttv.com.ar\/wp-content\/uploads\/2022\/08\/logo-1.png","width":461,"height":159,"caption":"CELTTV"},"image":{"@id":"https:\/\/www.celttv.com.ar\/#\/schema\/logo\/image\/"}},{"@type":"Person","@id":"https:\/\/www.celttv.com.ar\/#\/schema\/person\/db50025d0c4bc65f03036554c823332c","name":"German Svirch","image":{"@type":"ImageObject","inLanguage":"es","@id":"https:\/\/www.celttv.com.ar\/#\/schema\/person\/image\/","url":"https:\/\/secure.gravatar.com\/avatar\/9ef68bf179fa7037bf0d8a157e18d60d88400f9f78daad9e31789de8ef492b33?s=96&d=mm&r=g","contentUrl":"https:\/\/secure.gravatar.com\/avatar\/9ef68bf179fa7037bf0d8a157e18d60d88400f9f78daad9e31789de8ef492b33?s=96&d=mm&r=g","caption":"German Svirch"}}]}},"_links":{"self":[{"href":"https:\/\/www.celttv.com.ar\/index.php\/wp-json\/wp\/v2\/posts\/71174","targetHints":{"allow":["GET"]}}],"collection":[{"href":"https:\/\/www.celttv.com.ar\/index.php\/wp-json\/wp\/v2\/posts"}],"about":[{"href":"https:\/\/www.celttv.com.ar\/index.php\/wp-json\/wp\/v2\/types\/post"}],"author":[{"embeddable":true,"href":"https:\/\/www.celttv.com.ar\/index.php\/wp-json\/wp\/v2\/users\/7"}],"replies":[{"embeddable":true,"href":"https:\/\/www.celttv.com.ar\/index.php\/wp-json\/wp\/v2\/comments?post=71174"}],"version-history":[{"count":2,"href":"https:\/\/www.celttv.com.ar\/index.php\/wp-json\/wp\/v2\/posts\/71174\/revisions"}],"predecessor-version":[{"id":71177,"href":"https:\/\/www.celttv.com.ar\/index.php\/wp-json\/wp\/v2\/posts\/71174\/revisions\/71177"}],"wp:featuredmedia":[{"embeddable":true,"href":"https:\/\/www.celttv.com.ar\/index.php\/wp-json\/wp\/v2\/media\/71175"}],"wp:attachment":[{"href":"https:\/\/www.celttv.com.ar\/index.php\/wp-json\/wp\/v2\/media?parent=71174"}],"wp:term":[{"taxonomy":"category","embeddable":true,"href":"https:\/\/www.celttv.com.ar\/index.php\/wp-json\/wp\/v2\/categories?post=71174"},{"taxonomy":"post_tag","embeddable":true,"href":"https:\/\/www.celttv.com.ar\/index.php\/wp-json\/wp\/v2\/tags?post=71174"}],"curies":[{"name":"wp","href":"https:\/\/api.w.org\/{rel}","templated":true}]}}