{"id":71194,"date":"2022-11-09T11:26:22","date_gmt":"2022-11-09T14:26:22","guid":{"rendered":"http:\/\/www.celttv.com.ar\/?p=71194"},"modified":"2022-11-09T11:28:55","modified_gmt":"2022-11-09T14:28:55","slug":"se-llevo-a-cabo-la-12-edicion-de-la-carrera-aventura-y-caminata-aerobica-solidaria-de-la-unidad-sanitaria-de-villa-ventana-videos","status":"publish","type":"post","link":"https:\/\/www.celttv.com.ar\/index.php\/2022\/11\/09\/se-llevo-a-cabo-la-12-edicion-de-la-carrera-aventura-y-caminata-aerobica-solidaria-de-la-unidad-sanitaria-de-villa-ventana-videos\/","title":{"rendered":"Se llev\u00f3 a cabo la 12\u00b0 edici\u00f3n de la Carrera Aventura y Caminata Aer\u00f3bica Solidaria de la Unidad Sanitaria de Villa Ventana (Videos)"},"content":{"rendered":"<p>Con la participaci\u00f3n de atletas del distrito y una amplia regi\u00f3n, se llev\u00f3 a cabo la 12\u00b0 edici\u00f3n de la Carrera Aventura y Caminata Aer\u00f3bica Solidaria, organizada por la Unidad Sanitaria de Villa Ventana.<\/p>\n<p>El evento cont\u00f3 con el acompa\u00f1amiento del Municipio de Tornquist y privados que se sumaron -como todos los a\u00f1os- para darle continuidad a una actividad deportiva que se ha ganado un lugar en la agenda del distrito.<\/p>\n<p>Podio de los atletas de la agrupaci\u00f3n de Tornquist Running:<\/p>\n<p><a class=\"x1i10hfl xjbqb8w x6umtig x1b1mbwd xaqea5y xav7gou x9f619 x1ypdohk xt0psk2 xe8uvvx xdj266r x11i5rnm xat24cr x1mh8g0r xexx8yu x4uap5 x18d9i69 xkhd6sd x16tdsg8 x1hl2dhg xggy1nq x1a2a7pz notranslate _a6hd\" tabindex=\"0\" role=\"link\" href=\"https:\/\/www.instagram.com\/jonatan_alchao\/\">@jonatan_alchao<\/a>\u00a02do cat. 10k<br \/>\n<a class=\"x1i10hfl xjbqb8w x6umtig x1b1mbwd xaqea5y xav7gou x9f619 x1ypdohk xt0psk2 xe8uvvx xdj266r x11i5rnm xat24cr x1mh8g0r xexx8yu x4uap5 x18d9i69 xkhd6sd x16tdsg8 x1hl2dhg xggy1nq x1a2a7pz notranslate _a6hd\" tabindex=\"0\" role=\"link\" href=\"https:\/\/www.instagram.com\/daniel_alchao\/\">@daniel_alchao<\/a>\u00a01ro cat 20k<br \/>\n<a class=\"x1i10hfl xjbqb8w x6umtig x1b1mbwd xaqea5y xav7gou x9f619 x1ypdohk xt0psk2 xe8uvvx xdj266r x11i5rnm xat24cr x1mh8g0r xexx8yu x4uap5 x18d9i69 xkhd6sd x16tdsg8 x1hl2dhg xggy1nq x1a2a7pz notranslate _a6hd\" tabindex=\"0\" role=\"link\" href=\"https:\/\/www.instagram.com\/juangisler\/\">@juangisler<\/a>\u00a02do cat 20k<br \/>\nCristian D\u00edaz 2do cat 20k<br \/>\n<a class=\"x1i10hfl xjbqb8w x6umtig x1b1mbwd xaqea5y xav7gou x9f619 x1ypdohk xt0psk2 xe8uvvx xdj266r x11i5rnm xat24cr x1mh8g0r xexx8yu x4uap5 x18d9i69 xkhd6sd x16tdsg8 x1hl2dhg xggy1nq x1a2a7pz notranslate _a6hd\" tabindex=\"0\" role=\"link\" href=\"https:\/\/www.instagram.com\/sofia.espindola.969\/\">@sofia.espindola.969<\/a>\u00a01ra cat y general 20k<br \/>\n<a class=\"x1i10hfl xjbqb8w x6umtig x1b1mbwd xaqea5y xav7gou x9f619 x1ypdohk xt0psk2 xe8uvvx xdj266r x11i5rnm xat24cr x1mh8g0r xexx8yu x4uap5 x18d9i69 xkhd6sd x16tdsg8 x1hl2dhg xggy1nq x1a2a7pz notranslate _a6hd\" tabindex=\"0\" role=\"link\" href=\"https:\/\/www.instagram.com\/cinndy_mz\/\">@cinndy_mz<\/a>\u00a02da cat 20k<br \/>\n<a class=\"x1i10hfl xjbqb8w x6umtig x1b1mbwd xaqea5y xav7gou x9f619 x1ypdohk xt0psk2 xe8uvvx xdj266r x11i5rnm xat24cr x1mh8g0r xexx8yu x4uap5 x18d9i69 xkhd6sd x16tdsg8 x1hl2dhg xggy1nq x1a2a7pz notranslate _a6hd\" tabindex=\"0\" role=\"link\" href=\"https:\/\/www.instagram.com\/marita.perez.5811\/\">@marita.perez.5811<\/a>\u00a01ra cat 20k<\/p>\n<p>Todos los resultados de la competencia en www.bahiacorre.com.ar<\/p>\n<p><iframe loading=\"lazy\" title=\"2022 11 07 12\u00b0 CARRERA VILLA VENTANA 5   CLIP DE IMAGENES\" width=\"500\" height=\"281\" src=\"https:\/\/www.youtube.com\/embed\/4_WMWTNPdPs?feature=oembed\" frameborder=\"0\" allow=\"accelerometer; autoplay; clipboard-write; encrypted-media; gyroscope; picture-in-picture; web-share\" referrerpolicy=\"strict-origin-when-cross-origin\" allowfullscreen><\/iframe><\/p>\n<p><iframe loading=\"lazy\" title=\"2022 11 07 12\u00b0 CARRERA VILLA VENTANA 1   JUAN GISLER\" width=\"500\" height=\"281\" src=\"https:\/\/www.youtube.com\/embed\/FXLmR4Wiaa8?feature=oembed\" frameborder=\"0\" allow=\"accelerometer; autoplay; clipboard-write; encrypted-media; gyroscope; picture-in-picture; web-share\" referrerpolicy=\"strict-origin-when-cross-origin\" allowfullscreen><\/iframe><\/p>\n<p><iframe loading=\"lazy\" title=\"2022 11 07 12\u00b0 CARRERA VILLA VENTANA 2   CINDY MU\u00d1OZ\" width=\"500\" height=\"281\" src=\"https:\/\/www.youtube.com\/embed\/ldtHCw0sd0c?feature=oembed\" frameborder=\"0\" allow=\"accelerometer; autoplay; clipboard-write; encrypted-media; gyroscope; picture-in-picture; web-share\" referrerpolicy=\"strict-origin-when-cross-origin\" allowfullscreen><\/iframe><\/p>\n<p><iframe loading=\"lazy\" title=\"2022 11 07 12\u00b0 CARRERA VILLA VENTANA 3   MARCELO STANCANELLI\" width=\"500\" height=\"281\" src=\"https:\/\/www.youtube.com\/embed\/R2QObGHzFEA?feature=oembed\" frameborder=\"0\" allow=\"accelerometer; autoplay; clipboard-write; encrypted-media; gyroscope; picture-in-picture; web-share\" referrerpolicy=\"strict-origin-when-cross-origin\" allowfullscreen><\/iframe><\/p>\n<p><iframe loading=\"lazy\" title=\"2022 11 07 12\u00b0 CARRERA VILLA VENTANA 4   LILIANA TEIJERIO\" width=\"500\" height=\"281\" src=\"https:\/\/www.youtube.com\/embed\/KkTUQHNv_eE?feature=oembed\" frameborder=\"0\" allow=\"accelerometer; autoplay; clipboard-write; encrypted-media; gyroscope; picture-in-picture; web-share\" referrerpolicy=\"strict-origin-when-cross-origin\" allowfullscreen><\/iframe><\/p>\n","protected":false},"excerpt":{"rendered":"<p>Con la participaci\u00f3n de atletas del distrito y una amplia regi\u00f3n, se llev\u00f3 a cabo la 12\u00b0 edici\u00f3n de la Carrera Aventura y Caminata Aer\u00f3bica Solidaria, organizada por la Unidad Sanitaria de Villa Ventana. El evento cont\u00f3 con el acompa\u00f1amiento del Municipio de Tornquist y privados que se sumaron -como todos los a\u00f1os- para darle [&hellip;]<\/p>\n","protected":false},"author":3,"featured_media":71195,"comment_status":"closed","ping_status":"closed","sticky":false,"template":"","format":"standard","meta":{"footnotes":""},"categories":[63],"tags":[],"class_list":["post-71194","post","type-post","status-publish","format-standard","has-post-thumbnail","hentry","category-magazine-sport"],"yoast_head":"<!-- This site is optimized with the Yoast SEO plugin v19.7.1 - https:\/\/yoast.com\/wordpress\/plugins\/seo\/ -->\n<title>Se llev\u00f3 a cabo la 12\u00b0 edici\u00f3n de la Carrera Aventura y Caminata Aer\u00f3bica Solidaria de la Unidad Sanitaria de Villa Ventana (Videos) - CELTTV<\/title>\n<meta name=\"description\" content=\"Sitio web de noticias de la localidad de Tornquist, provincia de Buenos Aires, Rep\u00fablica Argentina. Contenido propio originado por periodistas de CELTTV, el canal de TV local de la Cooperativa El\u00e9ctrica de Tornquist. Turismo, Pol\u00edtica, Sociedad, Deporte, Cultura y todo el contenido de inter\u00e9s general que la gente del pueblo y la regi\u00f3n debe conocer.\" \/>\n<meta name=\"robots\" content=\"index, follow, max-snippet:-1, max-image-preview:large, max-video-preview:-1\" \/>\n<link rel=\"canonical\" href=\"https:\/\/www.celttv.com.ar\/index.php\/2022\/11\/09\/se-llevo-a-cabo-la-12-edicion-de-la-carrera-aventura-y-caminata-aerobica-solidaria-de-la-unidad-sanitaria-de-villa-ventana-videos\/\" \/>\n<meta property=\"og:locale\" content=\"es_ES\" \/>\n<meta property=\"og:type\" content=\"article\" \/>\n<meta property=\"og:title\" content=\"Se llev\u00f3 a cabo la 12\u00b0 edici\u00f3n de la Carrera Aventura y Caminata Aer\u00f3bica Solidaria de la Unidad Sanitaria de Villa Ventana (Videos) - CELTTV\" \/>\n<meta property=\"og:description\" content=\"Sitio web de noticias de la localidad de Tornquist, provincia de Buenos Aires, Rep\u00fablica Argentina. Contenido propio originado por periodistas de CELTTV, el canal de TV local de la Cooperativa El\u00e9ctrica de Tornquist. Turismo, Pol\u00edtica, Sociedad, Deporte, Cultura y todo el contenido de inter\u00e9s general que la gente del pueblo y la regi\u00f3n debe conocer.\" \/>\n<meta property=\"og:url\" content=\"https:\/\/www.celttv.com.ar\/index.php\/2022\/11\/09\/se-llevo-a-cabo-la-12-edicion-de-la-carrera-aventura-y-caminata-aerobica-solidaria-de-la-unidad-sanitaria-de-villa-ventana-videos\/\" \/>\n<meta property=\"og:site_name\" content=\"CELTTV\" \/>\n<meta property=\"article:publisher\" content=\"https:\/\/www.facebook.com\/celtTV\/\" \/>\n<meta property=\"article:published_time\" content=\"2022-11-09T14:26:22+00:00\" \/>\n<meta property=\"article:modified_time\" content=\"2022-11-09T14:28:55+00:00\" \/>\n<meta property=\"og:image\" content=\"https:\/\/www.celttv.com.ar\/wp-content\/uploads\/2022\/11\/313124344_10225741745484431_1443136560922347659_n.jpg\" \/>\n\t<meta property=\"og:image:width\" content=\"1080\" \/>\n\t<meta property=\"og:image:height\" content=\"1080\" \/>\n\t<meta property=\"og:image:type\" content=\"image\/jpeg\" \/>\n<meta name=\"author\" content=\"Rodrigo Sgammini\" \/>\n<meta name=\"twitter:card\" content=\"summary_large_image\" \/>\n<meta name=\"twitter:label1\" content=\"Escrito por\" \/>\n\t<meta name=\"twitter:data1\" content=\"Rodrigo Sgammini\" \/>\n\t<meta name=\"twitter:label2\" content=\"Tiempo de lectura\" \/>\n\t<meta name=\"twitter:data2\" content=\"1 minuto\" \/>\n<script type=\"application\/ld+json\" class=\"yoast-schema-graph\">{\"@context\":\"https:\/\/schema.org\",\"@graph\":[{\"@type\":\"NewsArticle\",\"@id\":\"https:\/\/www.celttv.com.ar\/index.php\/2022\/11\/09\/se-llevo-a-cabo-la-12-edicion-de-la-carrera-aventura-y-caminata-aerobica-solidaria-de-la-unidad-sanitaria-de-villa-ventana-videos\/#article\",\"isPartOf\":{\"@id\":\"https:\/\/www.celttv.com.ar\/index.php\/2022\/11\/09\/se-llevo-a-cabo-la-12-edicion-de-la-carrera-aventura-y-caminata-aerobica-solidaria-de-la-unidad-sanitaria-de-villa-ventana-videos\/\"},\"author\":{\"name\":\"Rodrigo Sgammini\",\"@id\":\"https:\/\/www.celttv.com.ar\/#\/schema\/person\/495be51d064edd971d8457f8f64eb172\"},\"headline\":\"Se llev\u00f3 a cabo la 12\u00b0 edici\u00f3n de la Carrera Aventura y Caminata Aer\u00f3bica Solidaria de la Unidad Sanitaria de Villa Ventana (Videos)\",\"datePublished\":\"2022-11-09T14:26:22+00:00\",\"dateModified\":\"2022-11-09T14:28:55+00:00\",\"mainEntityOfPage\":{\"@id\":\"https:\/\/www.celttv.com.ar\/index.php\/2022\/11\/09\/se-llevo-a-cabo-la-12-edicion-de-la-carrera-aventura-y-caminata-aerobica-solidaria-de-la-unidad-sanitaria-de-villa-ventana-videos\/\"},\"wordCount\":184,\"publisher\":{\"@id\":\"https:\/\/www.celttv.com.ar\/#organization\"},\"articleSection\":[\"Magazine Sport\"],\"inLanguage\":\"es\"},{\"@type\":\"WebPage\",\"@id\":\"https:\/\/www.celttv.com.ar\/index.php\/2022\/11\/09\/se-llevo-a-cabo-la-12-edicion-de-la-carrera-aventura-y-caminata-aerobica-solidaria-de-la-unidad-sanitaria-de-villa-ventana-videos\/\",\"url\":\"https:\/\/www.celttv.com.ar\/index.php\/2022\/11\/09\/se-llevo-a-cabo-la-12-edicion-de-la-carrera-aventura-y-caminata-aerobica-solidaria-de-la-unidad-sanitaria-de-villa-ventana-videos\/\",\"name\":\"Se llev\u00f3 a cabo la 12\u00b0 edici\u00f3n de la Carrera Aventura y Caminata Aer\u00f3bica Solidaria de la Unidad Sanitaria de Villa Ventana (Videos) - CELTTV\",\"isPartOf\":{\"@id\":\"https:\/\/www.celttv.com.ar\/#website\"},\"datePublished\":\"2022-11-09T14:26:22+00:00\",\"dateModified\":\"2022-11-09T14:28:55+00:00\",\"description\":\"Sitio web de noticias de la localidad de Tornquist, provincia de Buenos Aires, Rep\u00fablica Argentina. Contenido propio originado por periodistas de CELTTV, el canal de TV local de la Cooperativa El\u00e9ctrica de Tornquist. Turismo, Pol\u00edtica, Sociedad, Deporte, Cultura y todo el contenido de inter\u00e9s general que la gente del pueblo y la regi\u00f3n debe conocer.\",\"breadcrumb\":{\"@id\":\"https:\/\/www.celttv.com.ar\/index.php\/2022\/11\/09\/se-llevo-a-cabo-la-12-edicion-de-la-carrera-aventura-y-caminata-aerobica-solidaria-de-la-unidad-sanitaria-de-villa-ventana-videos\/#breadcrumb\"},\"inLanguage\":\"es\",\"potentialAction\":[{\"@type\":\"ReadAction\",\"target\":[\"https:\/\/www.celttv.com.ar\/index.php\/2022\/11\/09\/se-llevo-a-cabo-la-12-edicion-de-la-carrera-aventura-y-caminata-aerobica-solidaria-de-la-unidad-sanitaria-de-villa-ventana-videos\/\"]}]},{\"@type\":\"BreadcrumbList\",\"@id\":\"https:\/\/www.celttv.com.ar\/index.php\/2022\/11\/09\/se-llevo-a-cabo-la-12-edicion-de-la-carrera-aventura-y-caminata-aerobica-solidaria-de-la-unidad-sanitaria-de-villa-ventana-videos\/#breadcrumb\",\"itemListElement\":[{\"@type\":\"ListItem\",\"position\":1,\"name\":\"Inicio\",\"item\":\"https:\/\/www.celttv.com.ar\/\"},{\"@type\":\"ListItem\",\"position\":2,\"name\":\"Se llev\u00f3 a cabo la 12\u00b0 edici\u00f3n de la Carrera Aventura y Caminata Aer\u00f3bica Solidaria de la Unidad Sanitaria de Villa Ventana (Videos)\"}]},{\"@type\":\"WebSite\",\"@id\":\"https:\/\/www.celttv.com.ar\/#website\",\"url\":\"https:\/\/www.celttv.com.ar\/\",\"name\":\"CELTTV\",\"description\":\"Cooperativa El\u00e9ctrica de Tornquist\",\"publisher\":{\"@id\":\"https:\/\/www.celttv.com.ar\/#organization\"},\"potentialAction\":[{\"@type\":\"SearchAction\",\"target\":{\"@type\":\"EntryPoint\",\"urlTemplate\":\"https:\/\/www.celttv.com.ar\/?s={search_term_string}\"},\"query-input\":\"required name=search_term_string\"}],\"inLanguage\":\"es\"},{\"@type\":\"Organization\",\"@id\":\"https:\/\/www.celttv.com.ar\/#organization\",\"name\":\"CELTTV\",\"url\":\"https:\/\/www.celttv.com.ar\/\",\"sameAs\":[\"https:\/\/www.youtube.com\/channel\/UCz_oIt8Hig64Ub-EmcNPIhg\",\"https:\/\/www.facebook.com\/celtTV\/\"],\"logo\":{\"@type\":\"ImageObject\",\"inLanguage\":\"es\",\"@id\":\"https:\/\/www.celttv.com.ar\/#\/schema\/logo\/image\/\",\"url\":\"http:\/\/www.celttv.com.ar\/wp-content\/uploads\/2022\/08\/logo-1.png\",\"contentUrl\":\"http:\/\/www.celttv.com.ar\/wp-content\/uploads\/2022\/08\/logo-1.png\",\"width\":461,\"height\":159,\"caption\":\"CELTTV\"},\"image\":{\"@id\":\"https:\/\/www.celttv.com.ar\/#\/schema\/logo\/image\/\"}},{\"@type\":\"Person\",\"@id\":\"https:\/\/www.celttv.com.ar\/#\/schema\/person\/495be51d064edd971d8457f8f64eb172\",\"name\":\"Rodrigo Sgammini\",\"image\":{\"@type\":\"ImageObject\",\"inLanguage\":\"es\",\"@id\":\"https:\/\/www.celttv.com.ar\/#\/schema\/person\/image\/\",\"url\":\"https:\/\/secure.gravatar.com\/avatar\/68f7848d42735e7a9276b47cd6e606327d88f521c51ae39d88888b76902e2987?s=96&d=mm&r=g\",\"contentUrl\":\"https:\/\/secure.gravatar.com\/avatar\/68f7848d42735e7a9276b47cd6e606327d88f521c51ae39d88888b76902e2987?s=96&d=mm&r=g\",\"caption\":\"Rodrigo Sgammini\"}}]}<\/script>\n<!-- \/ Yoast SEO plugin. -->","yoast_head_json":{"title":"Se llev\u00f3 a cabo la 12\u00b0 edici\u00f3n de la Carrera Aventura y Caminata Aer\u00f3bica Solidaria de la Unidad Sanitaria de Villa Ventana (Videos) - CELTTV","description":"Sitio web de noticias de la localidad de Tornquist, provincia de Buenos Aires, Rep\u00fablica Argentina. Contenido propio originado por periodistas de CELTTV, el canal de TV local de la Cooperativa El\u00e9ctrica de Tornquist. Turismo, Pol\u00edtica, Sociedad, Deporte, Cultura y todo el contenido de inter\u00e9s general que la gente del pueblo y la regi\u00f3n debe conocer.","robots":{"index":"index","follow":"follow","max-snippet":"max-snippet:-1","max-image-preview":"max-image-preview:large","max-video-preview":"max-video-preview:-1"},"canonical":"https:\/\/www.celttv.com.ar\/index.php\/2022\/11\/09\/se-llevo-a-cabo-la-12-edicion-de-la-carrera-aventura-y-caminata-aerobica-solidaria-de-la-unidad-sanitaria-de-villa-ventana-videos\/","og_locale":"es_ES","og_type":"article","og_title":"Se llev\u00f3 a cabo la 12\u00b0 edici\u00f3n de la Carrera Aventura y Caminata Aer\u00f3bica Solidaria de la Unidad Sanitaria de Villa Ventana (Videos) - CELTTV","og_description":"Sitio web de noticias de la localidad de Tornquist, provincia de Buenos Aires, Rep\u00fablica Argentina. Contenido propio originado por periodistas de CELTTV, el canal de TV local de la Cooperativa El\u00e9ctrica de Tornquist. Turismo, Pol\u00edtica, Sociedad, Deporte, Cultura y todo el contenido de inter\u00e9s general que la gente del pueblo y la regi\u00f3n debe conocer.","og_url":"https:\/\/www.celttv.com.ar\/index.php\/2022\/11\/09\/se-llevo-a-cabo-la-12-edicion-de-la-carrera-aventura-y-caminata-aerobica-solidaria-de-la-unidad-sanitaria-de-villa-ventana-videos\/","og_site_name":"CELTTV","article_publisher":"https:\/\/www.facebook.com\/celtTV\/","article_published_time":"2022-11-09T14:26:22+00:00","article_modified_time":"2022-11-09T14:28:55+00:00","og_image":[{"width":1080,"height":1080,"url":"https:\/\/www.celttv.com.ar\/wp-content\/uploads\/2022\/11\/313124344_10225741745484431_1443136560922347659_n.jpg","type":"image\/jpeg"}],"author":"Rodrigo Sgammini","twitter_card":"summary_large_image","twitter_misc":{"Escrito por":"Rodrigo Sgammini","Tiempo de lectura":"1 minuto"},"schema":{"@context":"https:\/\/schema.org","@graph":[{"@type":"NewsArticle","@id":"https:\/\/www.celttv.com.ar\/index.php\/2022\/11\/09\/se-llevo-a-cabo-la-12-edicion-de-la-carrera-aventura-y-caminata-aerobica-solidaria-de-la-unidad-sanitaria-de-villa-ventana-videos\/#article","isPartOf":{"@id":"https:\/\/www.celttv.com.ar\/index.php\/2022\/11\/09\/se-llevo-a-cabo-la-12-edicion-de-la-carrera-aventura-y-caminata-aerobica-solidaria-de-la-unidad-sanitaria-de-villa-ventana-videos\/"},"author":{"name":"Rodrigo Sgammini","@id":"https:\/\/www.celttv.com.ar\/#\/schema\/person\/495be51d064edd971d8457f8f64eb172"},"headline":"Se llev\u00f3 a cabo la 12\u00b0 edici\u00f3n de la Carrera Aventura y Caminata Aer\u00f3bica Solidaria de la Unidad Sanitaria de Villa Ventana (Videos)","datePublished":"2022-11-09T14:26:22+00:00","dateModified":"2022-11-09T14:28:55+00:00","mainEntityOfPage":{"@id":"https:\/\/www.celttv.com.ar\/index.php\/2022\/11\/09\/se-llevo-a-cabo-la-12-edicion-de-la-carrera-aventura-y-caminata-aerobica-solidaria-de-la-unidad-sanitaria-de-villa-ventana-videos\/"},"wordCount":184,"publisher":{"@id":"https:\/\/www.celttv.com.ar\/#organization"},"articleSection":["Magazine Sport"],"inLanguage":"es"},{"@type":"WebPage","@id":"https:\/\/www.celttv.com.ar\/index.php\/2022\/11\/09\/se-llevo-a-cabo-la-12-edicion-de-la-carrera-aventura-y-caminata-aerobica-solidaria-de-la-unidad-sanitaria-de-villa-ventana-videos\/","url":"https:\/\/www.celttv.com.ar\/index.php\/2022\/11\/09\/se-llevo-a-cabo-la-12-edicion-de-la-carrera-aventura-y-caminata-aerobica-solidaria-de-la-unidad-sanitaria-de-villa-ventana-videos\/","name":"Se llev\u00f3 a cabo la 12\u00b0 edici\u00f3n de la Carrera Aventura y Caminata Aer\u00f3bica Solidaria de la Unidad Sanitaria de Villa Ventana (Videos) - CELTTV","isPartOf":{"@id":"https:\/\/www.celttv.com.ar\/#website"},"datePublished":"2022-11-09T14:26:22+00:00","dateModified":"2022-11-09T14:28:55+00:00","description":"Sitio web de noticias de la localidad de Tornquist, provincia de Buenos Aires, Rep\u00fablica Argentina. Contenido propio originado por periodistas de CELTTV, el canal de TV local de la Cooperativa El\u00e9ctrica de Tornquist. Turismo, Pol\u00edtica, Sociedad, Deporte, Cultura y todo el contenido de inter\u00e9s general que la gente del pueblo y la regi\u00f3n debe conocer.","breadcrumb":{"@id":"https:\/\/www.celttv.com.ar\/index.php\/2022\/11\/09\/se-llevo-a-cabo-la-12-edicion-de-la-carrera-aventura-y-caminata-aerobica-solidaria-de-la-unidad-sanitaria-de-villa-ventana-videos\/#breadcrumb"},"inLanguage":"es","potentialAction":[{"@type":"ReadAction","target":["https:\/\/www.celttv.com.ar\/index.php\/2022\/11\/09\/se-llevo-a-cabo-la-12-edicion-de-la-carrera-aventura-y-caminata-aerobica-solidaria-de-la-unidad-sanitaria-de-villa-ventana-videos\/"]}]},{"@type":"BreadcrumbList","@id":"https:\/\/www.celttv.com.ar\/index.php\/2022\/11\/09\/se-llevo-a-cabo-la-12-edicion-de-la-carrera-aventura-y-caminata-aerobica-solidaria-de-la-unidad-sanitaria-de-villa-ventana-videos\/#breadcrumb","itemListElement":[{"@type":"ListItem","position":1,"name":"Inicio","item":"https:\/\/www.celttv.com.ar\/"},{"@type":"ListItem","position":2,"name":"Se llev\u00f3 a cabo la 12\u00b0 edici\u00f3n de la Carrera Aventura y Caminata Aer\u00f3bica Solidaria de la Unidad Sanitaria de Villa Ventana (Videos)"}]},{"@type":"WebSite","@id":"https:\/\/www.celttv.com.ar\/#website","url":"https:\/\/www.celttv.com.ar\/","name":"CELTTV","description":"Cooperativa El\u00e9ctrica de Tornquist","publisher":{"@id":"https:\/\/www.celttv.com.ar\/#organization"},"potentialAction":[{"@type":"SearchAction","target":{"@type":"EntryPoint","urlTemplate":"https:\/\/www.celttv.com.ar\/?s={search_term_string}"},"query-input":"required name=search_term_string"}],"inLanguage":"es"},{"@type":"Organization","@id":"https:\/\/www.celttv.com.ar\/#organization","name":"CELTTV","url":"https:\/\/www.celttv.com.ar\/","sameAs":["https:\/\/www.youtube.com\/channel\/UCz_oIt8Hig64Ub-EmcNPIhg","https:\/\/www.facebook.com\/celtTV\/"],"logo":{"@type":"ImageObject","inLanguage":"es","@id":"https:\/\/www.celttv.com.ar\/#\/schema\/logo\/image\/","url":"http:\/\/www.celttv.com.ar\/wp-content\/uploads\/2022\/08\/logo-1.png","contentUrl":"http:\/\/www.celttv.com.ar\/wp-content\/uploads\/2022\/08\/logo-1.png","width":461,"height":159,"caption":"CELTTV"},"image":{"@id":"https:\/\/www.celttv.com.ar\/#\/schema\/logo\/image\/"}},{"@type":"Person","@id":"https:\/\/www.celttv.com.ar\/#\/schema\/person\/495be51d064edd971d8457f8f64eb172","name":"Rodrigo Sgammini","image":{"@type":"ImageObject","inLanguage":"es","@id":"https:\/\/www.celttv.com.ar\/#\/schema\/person\/image\/","url":"https:\/\/secure.gravatar.com\/avatar\/68f7848d42735e7a9276b47cd6e606327d88f521c51ae39d88888b76902e2987?s=96&d=mm&r=g","contentUrl":"https:\/\/secure.gravatar.com\/avatar\/68f7848d42735e7a9276b47cd6e606327d88f521c51ae39d88888b76902e2987?s=96&d=mm&r=g","caption":"Rodrigo Sgammini"}}]}},"_links":{"self":[{"href":"https:\/\/www.celttv.com.ar\/index.php\/wp-json\/wp\/v2\/posts\/71194","targetHints":{"allow":["GET"]}}],"collection":[{"href":"https:\/\/www.celttv.com.ar\/index.php\/wp-json\/wp\/v2\/posts"}],"about":[{"href":"https:\/\/www.celttv.com.ar\/index.php\/wp-json\/wp\/v2\/types\/post"}],"author":[{"embeddable":true,"href":"https:\/\/www.celttv.com.ar\/index.php\/wp-json\/wp\/v2\/users\/3"}],"replies":[{"embeddable":true,"href":"https:\/\/www.celttv.com.ar\/index.php\/wp-json\/wp\/v2\/comments?post=71194"}],"version-history":[{"count":4,"href":"https:\/\/www.celttv.com.ar\/index.php\/wp-json\/wp\/v2\/posts\/71194\/revisions"}],"predecessor-version":[{"id":71199,"href":"https:\/\/www.celttv.com.ar\/index.php\/wp-json\/wp\/v2\/posts\/71194\/revisions\/71199"}],"wp:featuredmedia":[{"embeddable":true,"href":"https:\/\/www.celttv.com.ar\/index.php\/wp-json\/wp\/v2\/media\/71195"}],"wp:attachment":[{"href":"https:\/\/www.celttv.com.ar\/index.php\/wp-json\/wp\/v2\/media?parent=71194"}],"wp:term":[{"taxonomy":"category","embeddable":true,"href":"https:\/\/www.celttv.com.ar\/index.php\/wp-json\/wp\/v2\/categories?post=71194"},{"taxonomy":"post_tag","embeddable":true,"href":"https:\/\/www.celttv.com.ar\/index.php\/wp-json\/wp\/v2\/tags?post=71194"}],"curies":[{"name":"wp","href":"https:\/\/api.w.org\/{rel}","templated":true}]}}