{"id":71205,"date":"2022-11-09T11:41:23","date_gmt":"2022-11-09T14:41:23","guid":{"rendered":"http:\/\/www.celttv.com.ar\/?p=71205"},"modified":"2022-11-09T11:41:23","modified_gmt":"2022-11-09T14:41:23","slug":"el-municipio-avanza-con-la-forestacion-reforestacion-y-reposicion-de-plantas-en-el-distrito","status":"publish","type":"post","link":"https:\/\/www.celttv.com.ar\/index.php\/2022\/11\/09\/el-municipio-avanza-con-la-forestacion-reforestacion-y-reposicion-de-plantas-en-el-distrito\/","title":{"rendered":"El municipio avanza con la forestaci\u00f3n, reforestaci\u00f3n y reposici\u00f3n de plantas en el distrito"},"content":{"rendered":"<p align=\"JUSTIFY\"><span style=\"font-family: Arial, serif;\">El Departamento de Arbolado de Tornquist Municipio, avanza con su plan de forestaci\u00f3n, reforestaci\u00f3n y reposici\u00f3n de plantas en diferentes puntos del distrito.<\/span><\/p>\n<p align=\"JUSTIFY\"><span style=\"font-family: Arial, serif;\">En las \u00faltimas semanas, en la localidad cabecera fueron colocados 22 ejemplares en la Avenida Rivadavia como fresnos americanos, acacia melanoxilon y dodoneas, y utilizando hidrogel, lo que permite retener agua y cuidar el recurso.<\/span><\/p>\n<p align=\"JUSTIFY\"><span style=\"font-family: Arial, serif;\">En tanto, en el Dique San Bernardo de Sierra de la Ventana, se plantaron 10 sauces (cinco el\u00e9ctricos y cinco llorones), y cuatro sen de campo (especie nativa); mientras que, en Tres Picos, cuatro crespones y dos fresnos americanos.<\/span><\/p>\n<p align=\"JUSTIFY\"><span style=\"font-family: Arial, serif;\">Cabe destacar que varias de las especies colocadas, son provenientes de la Estaci\u00f3n Forestal ubicada en el Parque Provincial.<\/span><\/p>\n<p align=\"JUSTIFY\"><span style=\"font-family: Arial, serif;\">Una de las principales tareas con la que continuar\u00e1 el plan, ser\u00e1 la reposici\u00f3n de ejemplares en Avenida Sarmiento de Tornquist y en veredas de domicilios donde se hab\u00edan extra\u00eddo plantas que se encontraban enfermas o en mal estado.<\/span><\/p>\n<p align=\"JUSTIFY\"><img loading=\"lazy\" decoding=\"async\" class=\"alignnone wp-image-71206 size-large\" src=\"http:\/\/www.celttv.com.ar\/wp-content\/uploads\/2022\/11\/Reforestacion-9-11-1-962x1024.jpeg\" alt=\"\" width=\"962\" height=\"1024\" srcset=\"https:\/\/www.celttv.com.ar\/wp-content\/uploads\/2022\/11\/Reforestacion-9-11-1-962x1024.jpeg 962w, https:\/\/www.celttv.com.ar\/wp-content\/uploads\/2022\/11\/Reforestacion-9-11-1-282x300.jpeg 282w, https:\/\/www.celttv.com.ar\/wp-content\/uploads\/2022\/11\/Reforestacion-9-11-1-768x818.jpeg 768w, https:\/\/www.celttv.com.ar\/wp-content\/uploads\/2022\/11\/Reforestacion-9-11-1-750x799.jpeg 750w, https:\/\/www.celttv.com.ar\/wp-content\/uploads\/2022\/11\/Reforestacion-9-11-1-1140x1214.jpeg 1140w, https:\/\/www.celttv.com.ar\/wp-content\/uploads\/2022\/11\/Reforestacion-9-11-1.jpeg 1200w\" sizes=\"auto, (max-width: 962px) 100vw, 962px\" \/> <img loading=\"lazy\" decoding=\"async\" class=\"alignnone wp-image-71207 size-large\" src=\"http:\/\/www.celttv.com.ar\/wp-content\/uploads\/2022\/11\/Reforestacion-9-11-3-1024x768.jpeg\" alt=\"\" width=\"1024\" height=\"768\" srcset=\"https:\/\/www.celttv.com.ar\/wp-content\/uploads\/2022\/11\/Reforestacion-9-11-3-1024x768.jpeg 1024w, https:\/\/www.celttv.com.ar\/wp-content\/uploads\/2022\/11\/Reforestacion-9-11-3-300x225.jpeg 300w, https:\/\/www.celttv.com.ar\/wp-content\/uploads\/2022\/11\/Reforestacion-9-11-3-768x576.jpeg 768w, https:\/\/www.celttv.com.ar\/wp-content\/uploads\/2022\/11\/Reforestacion-9-11-3-1536x1152.jpeg 1536w, https:\/\/www.celttv.com.ar\/wp-content\/uploads\/2022\/11\/Reforestacion-9-11-3-750x563.jpeg 750w, https:\/\/www.celttv.com.ar\/wp-content\/uploads\/2022\/11\/Reforestacion-9-11-3-1140x855.jpeg 1140w, https:\/\/www.celttv.com.ar\/wp-content\/uploads\/2022\/11\/Reforestacion-9-11-3.jpeg 1600w\" sizes=\"auto, (max-width: 1024px) 100vw, 1024px\" \/> <img loading=\"lazy\" decoding=\"async\" class=\"alignnone wp-image-71208 size-full\" src=\"http:\/\/www.celttv.com.ar\/wp-content\/uploads\/2022\/11\/Reforestacion-9-11-6.jpeg\" alt=\"\" width=\"576\" height=\"638\" srcset=\"https:\/\/www.celttv.com.ar\/wp-content\/uploads\/2022\/11\/Reforestacion-9-11-6.jpeg 576w, https:\/\/www.celttv.com.ar\/wp-content\/uploads\/2022\/11\/Reforestacion-9-11-6-271x300.jpeg 271w\" sizes=\"auto, (max-width: 576px) 100vw, 576px\" \/> <img loading=\"lazy\" decoding=\"async\" class=\"alignnone wp-image-71209 size-large\" src=\"http:\/\/www.celttv.com.ar\/wp-content\/uploads\/2022\/11\/Reforestacion-9-11-9-768x1024.jpeg\" alt=\"\" width=\"768\" height=\"1024\" srcset=\"https:\/\/www.celttv.com.ar\/wp-content\/uploads\/2022\/11\/Reforestacion-9-11-9-768x1024.jpeg 768w, https:\/\/www.celttv.com.ar\/wp-content\/uploads\/2022\/11\/Reforestacion-9-11-9-225x300.jpeg 225w, https:\/\/www.celttv.com.ar\/wp-content\/uploads\/2022\/11\/Reforestacion-9-11-9-1152x1536.jpeg 1152w, https:\/\/www.celttv.com.ar\/wp-content\/uploads\/2022\/11\/Reforestacion-9-11-9-750x1000.jpeg 750w, https:\/\/www.celttv.com.ar\/wp-content\/uploads\/2022\/11\/Reforestacion-9-11-9-1140x1520.jpeg 1140w, https:\/\/www.celttv.com.ar\/wp-content\/uploads\/2022\/11\/Reforestacion-9-11-9.jpeg 1200w\" sizes=\"auto, (max-width: 768px) 100vw, 768px\" \/><\/p>\n","protected":false},"excerpt":{"rendered":"<p>El Departamento de Arbolado de Tornquist Municipio, avanza con su plan de forestaci\u00f3n, reforestaci\u00f3n y reposici\u00f3n de plantas en diferentes puntos del distrito. En las \u00faltimas semanas, en la localidad cabecera fueron colocados 22 ejemplares en la Avenida Rivadavia como fresnos americanos, acacia melanoxilon y dodoneas, y utilizando hidrogel, lo que permite retener agua y [&hellip;]<\/p>\n","protected":false},"author":3,"featured_media":71206,"comment_status":"closed","ping_status":"closed","sticky":false,"template":"","format":"standard","meta":{"footnotes":""},"categories":[55],"tags":[],"class_list":["post-71205","post","type-post","status-publish","format-standard","has-post-thumbnail","hentry","category-celt-tv-noticias"],"yoast_head":"<!-- This site is optimized with the Yoast SEO plugin v19.7.1 - https:\/\/yoast.com\/wordpress\/plugins\/seo\/ -->\n<title>El municipio avanza con la forestaci\u00f3n, reforestaci\u00f3n y reposici\u00f3n de plantas en el distrito - CELTTV<\/title>\n<meta name=\"description\" content=\"Sitio web de noticias de la localidad de Tornquist, provincia de Buenos Aires, Rep\u00fablica Argentina. Contenido propio originado por periodistas de CELTTV, el canal de TV local de la Cooperativa El\u00e9ctrica de Tornquist. Turismo, Pol\u00edtica, Sociedad, Deporte, Cultura y todo el contenido de inter\u00e9s general que la gente del pueblo y la regi\u00f3n debe conocer.\" \/>\n<meta name=\"robots\" content=\"index, follow, max-snippet:-1, max-image-preview:large, max-video-preview:-1\" \/>\n<link rel=\"canonical\" href=\"https:\/\/www.celttv.com.ar\/index.php\/2022\/11\/09\/el-municipio-avanza-con-la-forestacion-reforestacion-y-reposicion-de-plantas-en-el-distrito\/\" \/>\n<meta property=\"og:locale\" content=\"es_ES\" \/>\n<meta property=\"og:type\" content=\"article\" \/>\n<meta property=\"og:title\" content=\"El municipio avanza con la forestaci\u00f3n, reforestaci\u00f3n y reposici\u00f3n de plantas en el distrito - CELTTV\" \/>\n<meta property=\"og:description\" content=\"Sitio web de noticias de la localidad de Tornquist, provincia de Buenos Aires, Rep\u00fablica Argentina. Contenido propio originado por periodistas de CELTTV, el canal de TV local de la Cooperativa El\u00e9ctrica de Tornquist. Turismo, Pol\u00edtica, Sociedad, Deporte, Cultura y todo el contenido de inter\u00e9s general que la gente del pueblo y la regi\u00f3n debe conocer.\" \/>\n<meta property=\"og:url\" content=\"https:\/\/www.celttv.com.ar\/index.php\/2022\/11\/09\/el-municipio-avanza-con-la-forestacion-reforestacion-y-reposicion-de-plantas-en-el-distrito\/\" \/>\n<meta property=\"og:site_name\" content=\"CELTTV\" \/>\n<meta property=\"article:publisher\" content=\"https:\/\/www.facebook.com\/celtTV\/\" \/>\n<meta property=\"article:published_time\" content=\"2022-11-09T14:41:23+00:00\" \/>\n<meta property=\"og:image\" content=\"https:\/\/www.celttv.com.ar\/wp-content\/uploads\/2022\/11\/Reforestacion-9-11-1.jpeg\" \/>\n\t<meta property=\"og:image:width\" content=\"1200\" \/>\n\t<meta property=\"og:image:height\" content=\"1278\" \/>\n\t<meta property=\"og:image:type\" content=\"image\/jpeg\" \/>\n<meta name=\"author\" content=\"Rodrigo Sgammini\" \/>\n<meta name=\"twitter:card\" content=\"summary_large_image\" \/>\n<meta name=\"twitter:label1\" content=\"Escrito por\" \/>\n\t<meta name=\"twitter:data1\" content=\"Rodrigo Sgammini\" \/>\n\t<meta name=\"twitter:label2\" content=\"Tiempo de lectura\" \/>\n\t<meta name=\"twitter:data2\" content=\"1 minuto\" \/>\n<script type=\"application\/ld+json\" class=\"yoast-schema-graph\">{\"@context\":\"https:\/\/schema.org\",\"@graph\":[{\"@type\":\"NewsArticle\",\"@id\":\"https:\/\/www.celttv.com.ar\/index.php\/2022\/11\/09\/el-municipio-avanza-con-la-forestacion-reforestacion-y-reposicion-de-plantas-en-el-distrito\/#article\",\"isPartOf\":{\"@id\":\"https:\/\/www.celttv.com.ar\/index.php\/2022\/11\/09\/el-municipio-avanza-con-la-forestacion-reforestacion-y-reposicion-de-plantas-en-el-distrito\/\"},\"author\":{\"name\":\"Rodrigo Sgammini\",\"@id\":\"https:\/\/www.celttv.com.ar\/#\/schema\/person\/495be51d064edd971d8457f8f64eb172\"},\"headline\":\"El municipio avanza con la forestaci\u00f3n, reforestaci\u00f3n y reposici\u00f3n de plantas en el distrito\",\"datePublished\":\"2022-11-09T14:41:23+00:00\",\"dateModified\":\"2022-11-09T14:41:23+00:00\",\"mainEntityOfPage\":{\"@id\":\"https:\/\/www.celttv.com.ar\/index.php\/2022\/11\/09\/el-municipio-avanza-con-la-forestacion-reforestacion-y-reposicion-de-plantas-en-el-distrito\/\"},\"wordCount\":178,\"publisher\":{\"@id\":\"https:\/\/www.celttv.com.ar\/#organization\"},\"articleSection\":[\"Celt TV Noticias\"],\"inLanguage\":\"es\"},{\"@type\":\"WebPage\",\"@id\":\"https:\/\/www.celttv.com.ar\/index.php\/2022\/11\/09\/el-municipio-avanza-con-la-forestacion-reforestacion-y-reposicion-de-plantas-en-el-distrito\/\",\"url\":\"https:\/\/www.celttv.com.ar\/index.php\/2022\/11\/09\/el-municipio-avanza-con-la-forestacion-reforestacion-y-reposicion-de-plantas-en-el-distrito\/\",\"name\":\"El municipio avanza con la forestaci\u00f3n, reforestaci\u00f3n y reposici\u00f3n de plantas en el distrito - CELTTV\",\"isPartOf\":{\"@id\":\"https:\/\/www.celttv.com.ar\/#website\"},\"datePublished\":\"2022-11-09T14:41:23+00:00\",\"dateModified\":\"2022-11-09T14:41:23+00:00\",\"description\":\"Sitio web de noticias de la localidad de Tornquist, provincia de Buenos Aires, Rep\u00fablica Argentina. Contenido propio originado por periodistas de CELTTV, el canal de TV local de la Cooperativa El\u00e9ctrica de Tornquist. Turismo, Pol\u00edtica, Sociedad, Deporte, Cultura y todo el contenido de inter\u00e9s general que la gente del pueblo y la regi\u00f3n debe conocer.\",\"breadcrumb\":{\"@id\":\"https:\/\/www.celttv.com.ar\/index.php\/2022\/11\/09\/el-municipio-avanza-con-la-forestacion-reforestacion-y-reposicion-de-plantas-en-el-distrito\/#breadcrumb\"},\"inLanguage\":\"es\",\"potentialAction\":[{\"@type\":\"ReadAction\",\"target\":[\"https:\/\/www.celttv.com.ar\/index.php\/2022\/11\/09\/el-municipio-avanza-con-la-forestacion-reforestacion-y-reposicion-de-plantas-en-el-distrito\/\"]}]},{\"@type\":\"BreadcrumbList\",\"@id\":\"https:\/\/www.celttv.com.ar\/index.php\/2022\/11\/09\/el-municipio-avanza-con-la-forestacion-reforestacion-y-reposicion-de-plantas-en-el-distrito\/#breadcrumb\",\"itemListElement\":[{\"@type\":\"ListItem\",\"position\":1,\"name\":\"Inicio\",\"item\":\"https:\/\/www.celttv.com.ar\/\"},{\"@type\":\"ListItem\",\"position\":2,\"name\":\"El municipio avanza con la forestaci\u00f3n, reforestaci\u00f3n y reposici\u00f3n de plantas en el distrito\"}]},{\"@type\":\"WebSite\",\"@id\":\"https:\/\/www.celttv.com.ar\/#website\",\"url\":\"https:\/\/www.celttv.com.ar\/\",\"name\":\"CELTTV\",\"description\":\"Cooperativa El\u00e9ctrica de Tornquist\",\"publisher\":{\"@id\":\"https:\/\/www.celttv.com.ar\/#organization\"},\"potentialAction\":[{\"@type\":\"SearchAction\",\"target\":{\"@type\":\"EntryPoint\",\"urlTemplate\":\"https:\/\/www.celttv.com.ar\/?s={search_term_string}\"},\"query-input\":\"required name=search_term_string\"}],\"inLanguage\":\"es\"},{\"@type\":\"Organization\",\"@id\":\"https:\/\/www.celttv.com.ar\/#organization\",\"name\":\"CELTTV\",\"url\":\"https:\/\/www.celttv.com.ar\/\",\"sameAs\":[\"https:\/\/www.youtube.com\/channel\/UCz_oIt8Hig64Ub-EmcNPIhg\",\"https:\/\/www.facebook.com\/celtTV\/\"],\"logo\":{\"@type\":\"ImageObject\",\"inLanguage\":\"es\",\"@id\":\"https:\/\/www.celttv.com.ar\/#\/schema\/logo\/image\/\",\"url\":\"http:\/\/www.celttv.com.ar\/wp-content\/uploads\/2022\/08\/logo-1.png\",\"contentUrl\":\"http:\/\/www.celttv.com.ar\/wp-content\/uploads\/2022\/08\/logo-1.png\",\"width\":461,\"height\":159,\"caption\":\"CELTTV\"},\"image\":{\"@id\":\"https:\/\/www.celttv.com.ar\/#\/schema\/logo\/image\/\"}},{\"@type\":\"Person\",\"@id\":\"https:\/\/www.celttv.com.ar\/#\/schema\/person\/495be51d064edd971d8457f8f64eb172\",\"name\":\"Rodrigo Sgammini\",\"image\":{\"@type\":\"ImageObject\",\"inLanguage\":\"es\",\"@id\":\"https:\/\/www.celttv.com.ar\/#\/schema\/person\/image\/\",\"url\":\"https:\/\/secure.gravatar.com\/avatar\/68f7848d42735e7a9276b47cd6e606327d88f521c51ae39d88888b76902e2987?s=96&d=mm&r=g\",\"contentUrl\":\"https:\/\/secure.gravatar.com\/avatar\/68f7848d42735e7a9276b47cd6e606327d88f521c51ae39d88888b76902e2987?s=96&d=mm&r=g\",\"caption\":\"Rodrigo Sgammini\"}}]}<\/script>\n<!-- \/ Yoast SEO plugin. -->","yoast_head_json":{"title":"El municipio avanza con la forestaci\u00f3n, reforestaci\u00f3n y reposici\u00f3n de plantas en el distrito - CELTTV","description":"Sitio web de noticias de la localidad de Tornquist, provincia de Buenos Aires, Rep\u00fablica Argentina. Contenido propio originado por periodistas de CELTTV, el canal de TV local de la Cooperativa El\u00e9ctrica de Tornquist. Turismo, Pol\u00edtica, Sociedad, Deporte, Cultura y todo el contenido de inter\u00e9s general que la gente del pueblo y la regi\u00f3n debe conocer.","robots":{"index":"index","follow":"follow","max-snippet":"max-snippet:-1","max-image-preview":"max-image-preview:large","max-video-preview":"max-video-preview:-1"},"canonical":"https:\/\/www.celttv.com.ar\/index.php\/2022\/11\/09\/el-municipio-avanza-con-la-forestacion-reforestacion-y-reposicion-de-plantas-en-el-distrito\/","og_locale":"es_ES","og_type":"article","og_title":"El municipio avanza con la forestaci\u00f3n, reforestaci\u00f3n y reposici\u00f3n de plantas en el distrito - CELTTV","og_description":"Sitio web de noticias de la localidad de Tornquist, provincia de Buenos Aires, Rep\u00fablica Argentina. Contenido propio originado por periodistas de CELTTV, el canal de TV local de la Cooperativa El\u00e9ctrica de Tornquist. Turismo, Pol\u00edtica, Sociedad, Deporte, Cultura y todo el contenido de inter\u00e9s general que la gente del pueblo y la regi\u00f3n debe conocer.","og_url":"https:\/\/www.celttv.com.ar\/index.php\/2022\/11\/09\/el-municipio-avanza-con-la-forestacion-reforestacion-y-reposicion-de-plantas-en-el-distrito\/","og_site_name":"CELTTV","article_publisher":"https:\/\/www.facebook.com\/celtTV\/","article_published_time":"2022-11-09T14:41:23+00:00","og_image":[{"width":1200,"height":1278,"url":"https:\/\/www.celttv.com.ar\/wp-content\/uploads\/2022\/11\/Reforestacion-9-11-1.jpeg","type":"image\/jpeg"}],"author":"Rodrigo Sgammini","twitter_card":"summary_large_image","twitter_misc":{"Escrito por":"Rodrigo Sgammini","Tiempo de lectura":"1 minuto"},"schema":{"@context":"https:\/\/schema.org","@graph":[{"@type":"NewsArticle","@id":"https:\/\/www.celttv.com.ar\/index.php\/2022\/11\/09\/el-municipio-avanza-con-la-forestacion-reforestacion-y-reposicion-de-plantas-en-el-distrito\/#article","isPartOf":{"@id":"https:\/\/www.celttv.com.ar\/index.php\/2022\/11\/09\/el-municipio-avanza-con-la-forestacion-reforestacion-y-reposicion-de-plantas-en-el-distrito\/"},"author":{"name":"Rodrigo Sgammini","@id":"https:\/\/www.celttv.com.ar\/#\/schema\/person\/495be51d064edd971d8457f8f64eb172"},"headline":"El municipio avanza con la forestaci\u00f3n, reforestaci\u00f3n y reposici\u00f3n de plantas en el distrito","datePublished":"2022-11-09T14:41:23+00:00","dateModified":"2022-11-09T14:41:23+00:00","mainEntityOfPage":{"@id":"https:\/\/www.celttv.com.ar\/index.php\/2022\/11\/09\/el-municipio-avanza-con-la-forestacion-reforestacion-y-reposicion-de-plantas-en-el-distrito\/"},"wordCount":178,"publisher":{"@id":"https:\/\/www.celttv.com.ar\/#organization"},"articleSection":["Celt TV Noticias"],"inLanguage":"es"},{"@type":"WebPage","@id":"https:\/\/www.celttv.com.ar\/index.php\/2022\/11\/09\/el-municipio-avanza-con-la-forestacion-reforestacion-y-reposicion-de-plantas-en-el-distrito\/","url":"https:\/\/www.celttv.com.ar\/index.php\/2022\/11\/09\/el-municipio-avanza-con-la-forestacion-reforestacion-y-reposicion-de-plantas-en-el-distrito\/","name":"El municipio avanza con la forestaci\u00f3n, reforestaci\u00f3n y reposici\u00f3n de plantas en el distrito - CELTTV","isPartOf":{"@id":"https:\/\/www.celttv.com.ar\/#website"},"datePublished":"2022-11-09T14:41:23+00:00","dateModified":"2022-11-09T14:41:23+00:00","description":"Sitio web de noticias de la localidad de Tornquist, provincia de Buenos Aires, Rep\u00fablica Argentina. Contenido propio originado por periodistas de CELTTV, el canal de TV local de la Cooperativa El\u00e9ctrica de Tornquist. Turismo, Pol\u00edtica, Sociedad, Deporte, Cultura y todo el contenido de inter\u00e9s general que la gente del pueblo y la regi\u00f3n debe conocer.","breadcrumb":{"@id":"https:\/\/www.celttv.com.ar\/index.php\/2022\/11\/09\/el-municipio-avanza-con-la-forestacion-reforestacion-y-reposicion-de-plantas-en-el-distrito\/#breadcrumb"},"inLanguage":"es","potentialAction":[{"@type":"ReadAction","target":["https:\/\/www.celttv.com.ar\/index.php\/2022\/11\/09\/el-municipio-avanza-con-la-forestacion-reforestacion-y-reposicion-de-plantas-en-el-distrito\/"]}]},{"@type":"BreadcrumbList","@id":"https:\/\/www.celttv.com.ar\/index.php\/2022\/11\/09\/el-municipio-avanza-con-la-forestacion-reforestacion-y-reposicion-de-plantas-en-el-distrito\/#breadcrumb","itemListElement":[{"@type":"ListItem","position":1,"name":"Inicio","item":"https:\/\/www.celttv.com.ar\/"},{"@type":"ListItem","position":2,"name":"El municipio avanza con la forestaci\u00f3n, reforestaci\u00f3n y reposici\u00f3n de plantas en el distrito"}]},{"@type":"WebSite","@id":"https:\/\/www.celttv.com.ar\/#website","url":"https:\/\/www.celttv.com.ar\/","name":"CELTTV","description":"Cooperativa El\u00e9ctrica de Tornquist","publisher":{"@id":"https:\/\/www.celttv.com.ar\/#organization"},"potentialAction":[{"@type":"SearchAction","target":{"@type":"EntryPoint","urlTemplate":"https:\/\/www.celttv.com.ar\/?s={search_term_string}"},"query-input":"required name=search_term_string"}],"inLanguage":"es"},{"@type":"Organization","@id":"https:\/\/www.celttv.com.ar\/#organization","name":"CELTTV","url":"https:\/\/www.celttv.com.ar\/","sameAs":["https:\/\/www.youtube.com\/channel\/UCz_oIt8Hig64Ub-EmcNPIhg","https:\/\/www.facebook.com\/celtTV\/"],"logo":{"@type":"ImageObject","inLanguage":"es","@id":"https:\/\/www.celttv.com.ar\/#\/schema\/logo\/image\/","url":"http:\/\/www.celttv.com.ar\/wp-content\/uploads\/2022\/08\/logo-1.png","contentUrl":"http:\/\/www.celttv.com.ar\/wp-content\/uploads\/2022\/08\/logo-1.png","width":461,"height":159,"caption":"CELTTV"},"image":{"@id":"https:\/\/www.celttv.com.ar\/#\/schema\/logo\/image\/"}},{"@type":"Person","@id":"https:\/\/www.celttv.com.ar\/#\/schema\/person\/495be51d064edd971d8457f8f64eb172","name":"Rodrigo Sgammini","image":{"@type":"ImageObject","inLanguage":"es","@id":"https:\/\/www.celttv.com.ar\/#\/schema\/person\/image\/","url":"https:\/\/secure.gravatar.com\/avatar\/68f7848d42735e7a9276b47cd6e606327d88f521c51ae39d88888b76902e2987?s=96&d=mm&r=g","contentUrl":"https:\/\/secure.gravatar.com\/avatar\/68f7848d42735e7a9276b47cd6e606327d88f521c51ae39d88888b76902e2987?s=96&d=mm&r=g","caption":"Rodrigo Sgammini"}}]}},"_links":{"self":[{"href":"https:\/\/www.celttv.com.ar\/index.php\/wp-json\/wp\/v2\/posts\/71205","targetHints":{"allow":["GET"]}}],"collection":[{"href":"https:\/\/www.celttv.com.ar\/index.php\/wp-json\/wp\/v2\/posts"}],"about":[{"href":"https:\/\/www.celttv.com.ar\/index.php\/wp-json\/wp\/v2\/types\/post"}],"author":[{"embeddable":true,"href":"https:\/\/www.celttv.com.ar\/index.php\/wp-json\/wp\/v2\/users\/3"}],"replies":[{"embeddable":true,"href":"https:\/\/www.celttv.com.ar\/index.php\/wp-json\/wp\/v2\/comments?post=71205"}],"version-history":[{"count":1,"href":"https:\/\/www.celttv.com.ar\/index.php\/wp-json\/wp\/v2\/posts\/71205\/revisions"}],"predecessor-version":[{"id":71210,"href":"https:\/\/www.celttv.com.ar\/index.php\/wp-json\/wp\/v2\/posts\/71205\/revisions\/71210"}],"wp:featuredmedia":[{"embeddable":true,"href":"https:\/\/www.celttv.com.ar\/index.php\/wp-json\/wp\/v2\/media\/71206"}],"wp:attachment":[{"href":"https:\/\/www.celttv.com.ar\/index.php\/wp-json\/wp\/v2\/media?parent=71205"}],"wp:term":[{"taxonomy":"category","embeddable":true,"href":"https:\/\/www.celttv.com.ar\/index.php\/wp-json\/wp\/v2\/categories?post=71205"},{"taxonomy":"post_tag","embeddable":true,"href":"https:\/\/www.celttv.com.ar\/index.php\/wp-json\/wp\/v2\/tags?post=71205"}],"curies":[{"name":"wp","href":"https:\/\/api.w.org\/{rel}","templated":true}]}}