{"id":71303,"date":"2022-11-12T12:08:15","date_gmt":"2022-11-12T15:08:15","guid":{"rendered":"http:\/\/www.celttv.com.ar\/?p=71303"},"modified":"2022-11-12T12:08:15","modified_gmt":"2022-11-12T15:08:15","slug":"deportistas-del-distrito-se-encuentran-participando-del-argentina-open-2022-de-jiu-jitsu","status":"publish","type":"post","link":"https:\/\/www.celttv.com.ar\/index.php\/2022\/11\/12\/deportistas-del-distrito-se-encuentran-participando-del-argentina-open-2022-de-jiu-jitsu\/","title":{"rendered":"Deportistas del distrito se encuentran participando del Argentina Open 2022 de Jiu Jitsu"},"content":{"rendered":"<p>El Argentina Open 2022, el torneo de Jiu Jitsu m\u00e1s importante de nuestro pa\u00eds, se est\u00e1 desarrollando hoy (S\u00e1bado 12) y ma\u00f1ana (Domingo 13), en Parque Roca de Villa Soldati (CABA).<\/p>\n<p>Una importante delegaci\u00f3n de deportistas del distrito est\u00e1n participando de dicho torneo, ellos son: Leo Moyano, Valentino olliari, Nicol\u00e1s Anheliger, Hern\u00e1n Machado, Santiago Blanco y Giuliano Mandirola.<\/p>\n<p>Entre hoy y ma\u00f1ana, los tornquisteses estar\u00e1n compitiendo en el torneo m\u00e1s grande del a\u00f1o en Buenos Aires. Hoy es el turno de luchas con Santiago Blanco (cintur\u00f3n marr\u00f3n), Hern\u00e1n Machado (cintur\u00f3n azul) y Nicol\u00e1s Anheliger (cintur\u00f3n azul).<\/p>\n<p>Ma\u00f1ana har\u00e1n lo propio Leo Moyano (cintur\u00f3n violeta), Valentino Olliari (cintur\u00f3n naranja juvenil) y Giuliano Mandirola (cintur\u00f3n blanco).<\/p>\n<p><img loading=\"lazy\" decoding=\"async\" class=\"alignnone wp-image-71306 size-large\" src=\"http:\/\/www.celttv.com.ar\/wp-content\/uploads\/2022\/11\/WhatsApp-Image-2022-11-12-at-11.49.31-1-1024x990.jpeg\" alt=\"\" width=\"1024\" height=\"990\" srcset=\"https:\/\/www.celttv.com.ar\/wp-content\/uploads\/2022\/11\/WhatsApp-Image-2022-11-12-at-11.49.31-1-1024x990.jpeg 1024w, https:\/\/www.celttv.com.ar\/wp-content\/uploads\/2022\/11\/WhatsApp-Image-2022-11-12-at-11.49.31-1-300x290.jpeg 300w, https:\/\/www.celttv.com.ar\/wp-content\/uploads\/2022\/11\/WhatsApp-Image-2022-11-12-at-11.49.31-1-768x742.jpeg 768w, https:\/\/www.celttv.com.ar\/wp-content\/uploads\/2022\/11\/WhatsApp-Image-2022-11-12-at-11.49.31-1-750x725.jpeg 750w, https:\/\/www.celttv.com.ar\/wp-content\/uploads\/2022\/11\/WhatsApp-Image-2022-11-12-at-11.49.31-1.jpeg 1080w\" sizes=\"auto, (max-width: 1024px) 100vw, 1024px\" \/><\/p>\n<p><img loading=\"lazy\" decoding=\"async\" class=\"alignnone wp-image-71305 size-full\" src=\"http:\/\/www.celttv.com.ar\/wp-content\/uploads\/2022\/11\/WhatsApp-Image-2022-11-12-at-11.49.30.jpeg\" alt=\"\" width=\"1080\" height=\"1086\" srcset=\"https:\/\/www.celttv.com.ar\/wp-content\/uploads\/2022\/11\/WhatsApp-Image-2022-11-12-at-11.49.30.jpeg 1080w, https:\/\/www.celttv.com.ar\/wp-content\/uploads\/2022\/11\/WhatsApp-Image-2022-11-12-at-11.49.30-298x300.jpeg 298w, https:\/\/www.celttv.com.ar\/wp-content\/uploads\/2022\/11\/WhatsApp-Image-2022-11-12-at-11.49.30-1018x1024.jpeg 1018w, https:\/\/www.celttv.com.ar\/wp-content\/uploads\/2022\/11\/WhatsApp-Image-2022-11-12-at-11.49.30-150x150.jpeg 150w, https:\/\/www.celttv.com.ar\/wp-content\/uploads\/2022\/11\/WhatsApp-Image-2022-11-12-at-11.49.30-768x772.jpeg 768w, https:\/\/www.celttv.com.ar\/wp-content\/uploads\/2022\/11\/WhatsApp-Image-2022-11-12-at-11.49.30-75x75.jpeg 75w, https:\/\/www.celttv.com.ar\/wp-content\/uploads\/2022\/11\/WhatsApp-Image-2022-11-12-at-11.49.30-750x754.jpeg 750w\" sizes=\"auto, (max-width: 1080px) 100vw, 1080px\" \/><\/p>\n<p><img loading=\"lazy\" decoding=\"async\" class=\"alignnone wp-image-71307 size-large\" src=\"http:\/\/www.celttv.com.ar\/wp-content\/uploads\/2022\/11\/WhatsApp-Image-2022-11-12-at-11.49.31-900x1024.jpeg\" alt=\"\" width=\"900\" height=\"1024\" srcset=\"https:\/\/www.celttv.com.ar\/wp-content\/uploads\/2022\/11\/WhatsApp-Image-2022-11-12-at-11.49.31-900x1024.jpeg 900w, https:\/\/www.celttv.com.ar\/wp-content\/uploads\/2022\/11\/WhatsApp-Image-2022-11-12-at-11.49.31-264x300.jpeg 264w, https:\/\/www.celttv.com.ar\/wp-content\/uploads\/2022\/11\/WhatsApp-Image-2022-11-12-at-11.49.31-768x874.jpeg 768w, https:\/\/www.celttv.com.ar\/wp-content\/uploads\/2022\/11\/WhatsApp-Image-2022-11-12-at-11.49.31-750x853.jpeg 750w, https:\/\/www.celttv.com.ar\/wp-content\/uploads\/2022\/11\/WhatsApp-Image-2022-11-12-at-11.49.31.jpeg 1080w\" sizes=\"auto, (max-width: 900px) 100vw, 900px\" \/><\/p>\n","protected":false},"excerpt":{"rendered":"<p>El Argentina Open 2022, el torneo de Jiu Jitsu m\u00e1s importante de nuestro pa\u00eds, se est\u00e1 desarrollando hoy (S\u00e1bado 12) y ma\u00f1ana (Domingo 13), en Parque Roca de Villa Soldati (CABA). Una importante delegaci\u00f3n de deportistas del distrito est\u00e1n participando de dicho torneo, ellos son: Leo Moyano, Valentino olliari, Nicol\u00e1s Anheliger, Hern\u00e1n Machado, Santiago Blanco [&hellip;]<\/p>\n","protected":false},"author":3,"featured_media":71304,"comment_status":"closed","ping_status":"closed","sticky":false,"template":"","format":"standard","meta":{"footnotes":""},"categories":[63],"tags":[],"class_list":["post-71303","post","type-post","status-publish","format-standard","has-post-thumbnail","hentry","category-magazine-sport"],"yoast_head":"<!-- This site is optimized with the Yoast SEO plugin v19.7.1 - https:\/\/yoast.com\/wordpress\/plugins\/seo\/ -->\n<title>Deportistas del distrito se encuentran participando del Argentina Open 2022 de Jiu Jitsu - CELTTV<\/title>\n<meta name=\"description\" content=\"Sitio web de noticias de la localidad de Tornquist, provincia de Buenos Aires, Rep\u00fablica Argentina. Contenido propio originado por periodistas de CELTTV, el canal de TV local de la Cooperativa El\u00e9ctrica de Tornquist. Turismo, Pol\u00edtica, Sociedad, Deporte, Cultura y todo el contenido de inter\u00e9s general que la gente del pueblo y la regi\u00f3n debe conocer.\" \/>\n<meta name=\"robots\" content=\"index, follow, max-snippet:-1, max-image-preview:large, max-video-preview:-1\" \/>\n<link rel=\"canonical\" href=\"https:\/\/www.celttv.com.ar\/index.php\/2022\/11\/12\/deportistas-del-distrito-se-encuentran-participando-del-argentina-open-2022-de-jiu-jitsu\/\" \/>\n<meta property=\"og:locale\" content=\"es_ES\" \/>\n<meta property=\"og:type\" content=\"article\" \/>\n<meta property=\"og:title\" content=\"Deportistas del distrito se encuentran participando del Argentina Open 2022 de Jiu Jitsu - CELTTV\" \/>\n<meta property=\"og:description\" content=\"Sitio web de noticias de la localidad de Tornquist, provincia de Buenos Aires, Rep\u00fablica Argentina. Contenido propio originado por periodistas de CELTTV, el canal de TV local de la Cooperativa El\u00e9ctrica de Tornquist. Turismo, Pol\u00edtica, Sociedad, Deporte, Cultura y todo el contenido de inter\u00e9s general que la gente del pueblo y la regi\u00f3n debe conocer.\" \/>\n<meta property=\"og:url\" content=\"https:\/\/www.celttv.com.ar\/index.php\/2022\/11\/12\/deportistas-del-distrito-se-encuentran-participando-del-argentina-open-2022-de-jiu-jitsu\/\" \/>\n<meta property=\"og:site_name\" content=\"CELTTV\" \/>\n<meta property=\"article:publisher\" content=\"https:\/\/www.facebook.com\/celtTV\/\" \/>\n<meta property=\"article:published_time\" content=\"2022-11-12T15:08:15+00:00\" \/>\n<meta property=\"og:image\" content=\"https:\/\/www.celttv.com.ar\/wp-content\/uploads\/2022\/11\/WhatsApp-Image-2022-11-12-at-11.49.30-1.jpeg\" \/>\n\t<meta property=\"og:image:width\" content=\"1600\" \/>\n\t<meta property=\"og:image:height\" content=\"1204\" \/>\n\t<meta property=\"og:image:type\" content=\"image\/jpeg\" \/>\n<meta name=\"author\" content=\"Rodrigo Sgammini\" \/>\n<meta name=\"twitter:card\" content=\"summary_large_image\" \/>\n<meta name=\"twitter:label1\" content=\"Escrito por\" \/>\n\t<meta name=\"twitter:data1\" content=\"Rodrigo Sgammini\" \/>\n\t<meta name=\"twitter:label2\" content=\"Tiempo de lectura\" \/>\n\t<meta name=\"twitter:data2\" content=\"1 minuto\" \/>\n<script type=\"application\/ld+json\" class=\"yoast-schema-graph\">{\"@context\":\"https:\/\/schema.org\",\"@graph\":[{\"@type\":\"NewsArticle\",\"@id\":\"https:\/\/www.celttv.com.ar\/index.php\/2022\/11\/12\/deportistas-del-distrito-se-encuentran-participando-del-argentina-open-2022-de-jiu-jitsu\/#article\",\"isPartOf\":{\"@id\":\"https:\/\/www.celttv.com.ar\/index.php\/2022\/11\/12\/deportistas-del-distrito-se-encuentran-participando-del-argentina-open-2022-de-jiu-jitsu\/\"},\"author\":{\"name\":\"Rodrigo Sgammini\",\"@id\":\"https:\/\/www.celttv.com.ar\/#\/schema\/person\/495be51d064edd971d8457f8f64eb172\"},\"headline\":\"Deportistas del distrito se encuentran participando del Argentina Open 2022 de Jiu Jitsu\",\"datePublished\":\"2022-11-12T15:08:15+00:00\",\"dateModified\":\"2022-11-12T15:08:15+00:00\",\"mainEntityOfPage\":{\"@id\":\"https:\/\/www.celttv.com.ar\/index.php\/2022\/11\/12\/deportistas-del-distrito-se-encuentran-participando-del-argentina-open-2022-de-jiu-jitsu\/\"},\"wordCount\":146,\"publisher\":{\"@id\":\"https:\/\/www.celttv.com.ar\/#organization\"},\"articleSection\":[\"Magazine Sport\"],\"inLanguage\":\"es\"},{\"@type\":\"WebPage\",\"@id\":\"https:\/\/www.celttv.com.ar\/index.php\/2022\/11\/12\/deportistas-del-distrito-se-encuentran-participando-del-argentina-open-2022-de-jiu-jitsu\/\",\"url\":\"https:\/\/www.celttv.com.ar\/index.php\/2022\/11\/12\/deportistas-del-distrito-se-encuentran-participando-del-argentina-open-2022-de-jiu-jitsu\/\",\"name\":\"Deportistas del distrito se encuentran participando del Argentina Open 2022 de Jiu Jitsu - CELTTV\",\"isPartOf\":{\"@id\":\"https:\/\/www.celttv.com.ar\/#website\"},\"datePublished\":\"2022-11-12T15:08:15+00:00\",\"dateModified\":\"2022-11-12T15:08:15+00:00\",\"description\":\"Sitio web de noticias de la localidad de Tornquist, provincia de Buenos Aires, Rep\u00fablica Argentina. Contenido propio originado por periodistas de CELTTV, el canal de TV local de la Cooperativa El\u00e9ctrica de Tornquist. Turismo, Pol\u00edtica, Sociedad, Deporte, Cultura y todo el contenido de inter\u00e9s general que la gente del pueblo y la regi\u00f3n debe conocer.\",\"breadcrumb\":{\"@id\":\"https:\/\/www.celttv.com.ar\/index.php\/2022\/11\/12\/deportistas-del-distrito-se-encuentran-participando-del-argentina-open-2022-de-jiu-jitsu\/#breadcrumb\"},\"inLanguage\":\"es\",\"potentialAction\":[{\"@type\":\"ReadAction\",\"target\":[\"https:\/\/www.celttv.com.ar\/index.php\/2022\/11\/12\/deportistas-del-distrito-se-encuentran-participando-del-argentina-open-2022-de-jiu-jitsu\/\"]}]},{\"@type\":\"BreadcrumbList\",\"@id\":\"https:\/\/www.celttv.com.ar\/index.php\/2022\/11\/12\/deportistas-del-distrito-se-encuentran-participando-del-argentina-open-2022-de-jiu-jitsu\/#breadcrumb\",\"itemListElement\":[{\"@type\":\"ListItem\",\"position\":1,\"name\":\"Inicio\",\"item\":\"https:\/\/www.celttv.com.ar\/\"},{\"@type\":\"ListItem\",\"position\":2,\"name\":\"Deportistas del distrito se encuentran participando del Argentina Open 2022 de Jiu Jitsu\"}]},{\"@type\":\"WebSite\",\"@id\":\"https:\/\/www.celttv.com.ar\/#website\",\"url\":\"https:\/\/www.celttv.com.ar\/\",\"name\":\"CELTTV\",\"description\":\"Cooperativa El\u00e9ctrica de Tornquist\",\"publisher\":{\"@id\":\"https:\/\/www.celttv.com.ar\/#organization\"},\"potentialAction\":[{\"@type\":\"SearchAction\",\"target\":{\"@type\":\"EntryPoint\",\"urlTemplate\":\"https:\/\/www.celttv.com.ar\/?s={search_term_string}\"},\"query-input\":\"required name=search_term_string\"}],\"inLanguage\":\"es\"},{\"@type\":\"Organization\",\"@id\":\"https:\/\/www.celttv.com.ar\/#organization\",\"name\":\"CELTTV\",\"url\":\"https:\/\/www.celttv.com.ar\/\",\"sameAs\":[\"https:\/\/www.youtube.com\/channel\/UCz_oIt8Hig64Ub-EmcNPIhg\",\"https:\/\/www.facebook.com\/celtTV\/\"],\"logo\":{\"@type\":\"ImageObject\",\"inLanguage\":\"es\",\"@id\":\"https:\/\/www.celttv.com.ar\/#\/schema\/logo\/image\/\",\"url\":\"http:\/\/www.celttv.com.ar\/wp-content\/uploads\/2022\/08\/logo-1.png\",\"contentUrl\":\"http:\/\/www.celttv.com.ar\/wp-content\/uploads\/2022\/08\/logo-1.png\",\"width\":461,\"height\":159,\"caption\":\"CELTTV\"},\"image\":{\"@id\":\"https:\/\/www.celttv.com.ar\/#\/schema\/logo\/image\/\"}},{\"@type\":\"Person\",\"@id\":\"https:\/\/www.celttv.com.ar\/#\/schema\/person\/495be51d064edd971d8457f8f64eb172\",\"name\":\"Rodrigo Sgammini\",\"image\":{\"@type\":\"ImageObject\",\"inLanguage\":\"es\",\"@id\":\"https:\/\/www.celttv.com.ar\/#\/schema\/person\/image\/\",\"url\":\"https:\/\/secure.gravatar.com\/avatar\/68f7848d42735e7a9276b47cd6e606327d88f521c51ae39d88888b76902e2987?s=96&d=mm&r=g\",\"contentUrl\":\"https:\/\/secure.gravatar.com\/avatar\/68f7848d42735e7a9276b47cd6e606327d88f521c51ae39d88888b76902e2987?s=96&d=mm&r=g\",\"caption\":\"Rodrigo Sgammini\"}}]}<\/script>\n<!-- \/ Yoast SEO plugin. -->","yoast_head_json":{"title":"Deportistas del distrito se encuentran participando del Argentina Open 2022 de Jiu Jitsu - CELTTV","description":"Sitio web de noticias de la localidad de Tornquist, provincia de Buenos Aires, Rep\u00fablica Argentina. Contenido propio originado por periodistas de CELTTV, el canal de TV local de la Cooperativa El\u00e9ctrica de Tornquist. Turismo, Pol\u00edtica, Sociedad, Deporte, Cultura y todo el contenido de inter\u00e9s general que la gente del pueblo y la regi\u00f3n debe conocer.","robots":{"index":"index","follow":"follow","max-snippet":"max-snippet:-1","max-image-preview":"max-image-preview:large","max-video-preview":"max-video-preview:-1"},"canonical":"https:\/\/www.celttv.com.ar\/index.php\/2022\/11\/12\/deportistas-del-distrito-se-encuentran-participando-del-argentina-open-2022-de-jiu-jitsu\/","og_locale":"es_ES","og_type":"article","og_title":"Deportistas del distrito se encuentran participando del Argentina Open 2022 de Jiu Jitsu - CELTTV","og_description":"Sitio web de noticias de la localidad de Tornquist, provincia de Buenos Aires, Rep\u00fablica Argentina. Contenido propio originado por periodistas de CELTTV, el canal de TV local de la Cooperativa El\u00e9ctrica de Tornquist. Turismo, Pol\u00edtica, Sociedad, Deporte, Cultura y todo el contenido de inter\u00e9s general que la gente del pueblo y la regi\u00f3n debe conocer.","og_url":"https:\/\/www.celttv.com.ar\/index.php\/2022\/11\/12\/deportistas-del-distrito-se-encuentran-participando-del-argentina-open-2022-de-jiu-jitsu\/","og_site_name":"CELTTV","article_publisher":"https:\/\/www.facebook.com\/celtTV\/","article_published_time":"2022-11-12T15:08:15+00:00","og_image":[{"width":1600,"height":1204,"url":"https:\/\/www.celttv.com.ar\/wp-content\/uploads\/2022\/11\/WhatsApp-Image-2022-11-12-at-11.49.30-1.jpeg","type":"image\/jpeg"}],"author":"Rodrigo Sgammini","twitter_card":"summary_large_image","twitter_misc":{"Escrito por":"Rodrigo Sgammini","Tiempo de lectura":"1 minuto"},"schema":{"@context":"https:\/\/schema.org","@graph":[{"@type":"NewsArticle","@id":"https:\/\/www.celttv.com.ar\/index.php\/2022\/11\/12\/deportistas-del-distrito-se-encuentran-participando-del-argentina-open-2022-de-jiu-jitsu\/#article","isPartOf":{"@id":"https:\/\/www.celttv.com.ar\/index.php\/2022\/11\/12\/deportistas-del-distrito-se-encuentran-participando-del-argentina-open-2022-de-jiu-jitsu\/"},"author":{"name":"Rodrigo Sgammini","@id":"https:\/\/www.celttv.com.ar\/#\/schema\/person\/495be51d064edd971d8457f8f64eb172"},"headline":"Deportistas del distrito se encuentran participando del Argentina Open 2022 de Jiu Jitsu","datePublished":"2022-11-12T15:08:15+00:00","dateModified":"2022-11-12T15:08:15+00:00","mainEntityOfPage":{"@id":"https:\/\/www.celttv.com.ar\/index.php\/2022\/11\/12\/deportistas-del-distrito-se-encuentran-participando-del-argentina-open-2022-de-jiu-jitsu\/"},"wordCount":146,"publisher":{"@id":"https:\/\/www.celttv.com.ar\/#organization"},"articleSection":["Magazine Sport"],"inLanguage":"es"},{"@type":"WebPage","@id":"https:\/\/www.celttv.com.ar\/index.php\/2022\/11\/12\/deportistas-del-distrito-se-encuentran-participando-del-argentina-open-2022-de-jiu-jitsu\/","url":"https:\/\/www.celttv.com.ar\/index.php\/2022\/11\/12\/deportistas-del-distrito-se-encuentran-participando-del-argentina-open-2022-de-jiu-jitsu\/","name":"Deportistas del distrito se encuentran participando del Argentina Open 2022 de Jiu Jitsu - CELTTV","isPartOf":{"@id":"https:\/\/www.celttv.com.ar\/#website"},"datePublished":"2022-11-12T15:08:15+00:00","dateModified":"2022-11-12T15:08:15+00:00","description":"Sitio web de noticias de la localidad de Tornquist, provincia de Buenos Aires, Rep\u00fablica Argentina. Contenido propio originado por periodistas de CELTTV, el canal de TV local de la Cooperativa El\u00e9ctrica de Tornquist. Turismo, Pol\u00edtica, Sociedad, Deporte, Cultura y todo el contenido de inter\u00e9s general que la gente del pueblo y la regi\u00f3n debe conocer.","breadcrumb":{"@id":"https:\/\/www.celttv.com.ar\/index.php\/2022\/11\/12\/deportistas-del-distrito-se-encuentran-participando-del-argentina-open-2022-de-jiu-jitsu\/#breadcrumb"},"inLanguage":"es","potentialAction":[{"@type":"ReadAction","target":["https:\/\/www.celttv.com.ar\/index.php\/2022\/11\/12\/deportistas-del-distrito-se-encuentran-participando-del-argentina-open-2022-de-jiu-jitsu\/"]}]},{"@type":"BreadcrumbList","@id":"https:\/\/www.celttv.com.ar\/index.php\/2022\/11\/12\/deportistas-del-distrito-se-encuentran-participando-del-argentina-open-2022-de-jiu-jitsu\/#breadcrumb","itemListElement":[{"@type":"ListItem","position":1,"name":"Inicio","item":"https:\/\/www.celttv.com.ar\/"},{"@type":"ListItem","position":2,"name":"Deportistas del distrito se encuentran participando del Argentina Open 2022 de Jiu Jitsu"}]},{"@type":"WebSite","@id":"https:\/\/www.celttv.com.ar\/#website","url":"https:\/\/www.celttv.com.ar\/","name":"CELTTV","description":"Cooperativa El\u00e9ctrica de Tornquist","publisher":{"@id":"https:\/\/www.celttv.com.ar\/#organization"},"potentialAction":[{"@type":"SearchAction","target":{"@type":"EntryPoint","urlTemplate":"https:\/\/www.celttv.com.ar\/?s={search_term_string}"},"query-input":"required name=search_term_string"}],"inLanguage":"es"},{"@type":"Organization","@id":"https:\/\/www.celttv.com.ar\/#organization","name":"CELTTV","url":"https:\/\/www.celttv.com.ar\/","sameAs":["https:\/\/www.youtube.com\/channel\/UCz_oIt8Hig64Ub-EmcNPIhg","https:\/\/www.facebook.com\/celtTV\/"],"logo":{"@type":"ImageObject","inLanguage":"es","@id":"https:\/\/www.celttv.com.ar\/#\/schema\/logo\/image\/","url":"http:\/\/www.celttv.com.ar\/wp-content\/uploads\/2022\/08\/logo-1.png","contentUrl":"http:\/\/www.celttv.com.ar\/wp-content\/uploads\/2022\/08\/logo-1.png","width":461,"height":159,"caption":"CELTTV"},"image":{"@id":"https:\/\/www.celttv.com.ar\/#\/schema\/logo\/image\/"}},{"@type":"Person","@id":"https:\/\/www.celttv.com.ar\/#\/schema\/person\/495be51d064edd971d8457f8f64eb172","name":"Rodrigo Sgammini","image":{"@type":"ImageObject","inLanguage":"es","@id":"https:\/\/www.celttv.com.ar\/#\/schema\/person\/image\/","url":"https:\/\/secure.gravatar.com\/avatar\/68f7848d42735e7a9276b47cd6e606327d88f521c51ae39d88888b76902e2987?s=96&d=mm&r=g","contentUrl":"https:\/\/secure.gravatar.com\/avatar\/68f7848d42735e7a9276b47cd6e606327d88f521c51ae39d88888b76902e2987?s=96&d=mm&r=g","caption":"Rodrigo Sgammini"}}]}},"_links":{"self":[{"href":"https:\/\/www.celttv.com.ar\/index.php\/wp-json\/wp\/v2\/posts\/71303","targetHints":{"allow":["GET"]}}],"collection":[{"href":"https:\/\/www.celttv.com.ar\/index.php\/wp-json\/wp\/v2\/posts"}],"about":[{"href":"https:\/\/www.celttv.com.ar\/index.php\/wp-json\/wp\/v2\/types\/post"}],"author":[{"embeddable":true,"href":"https:\/\/www.celttv.com.ar\/index.php\/wp-json\/wp\/v2\/users\/3"}],"replies":[{"embeddable":true,"href":"https:\/\/www.celttv.com.ar\/index.php\/wp-json\/wp\/v2\/comments?post=71303"}],"version-history":[{"count":1,"href":"https:\/\/www.celttv.com.ar\/index.php\/wp-json\/wp\/v2\/posts\/71303\/revisions"}],"predecessor-version":[{"id":71308,"href":"https:\/\/www.celttv.com.ar\/index.php\/wp-json\/wp\/v2\/posts\/71303\/revisions\/71308"}],"wp:featuredmedia":[{"embeddable":true,"href":"https:\/\/www.celttv.com.ar\/index.php\/wp-json\/wp\/v2\/media\/71304"}],"wp:attachment":[{"href":"https:\/\/www.celttv.com.ar\/index.php\/wp-json\/wp\/v2\/media?parent=71303"}],"wp:term":[{"taxonomy":"category","embeddable":true,"href":"https:\/\/www.celttv.com.ar\/index.php\/wp-json\/wp\/v2\/categories?post=71303"},{"taxonomy":"post_tag","embeddable":true,"href":"https:\/\/www.celttv.com.ar\/index.php\/wp-json\/wp\/v2\/tags?post=71303"}],"curies":[{"name":"wp","href":"https:\/\/api.w.org\/{rel}","templated":true}]}}