{"id":7145,"date":"2012-06-14T02:50:15","date_gmt":"2012-06-14T02:50:15","guid":{"rendered":"http:\/\/www.tvcnoticias.com.ar\/?p=7145"},"modified":"2012-06-14T02:50:15","modified_gmt":"2012-06-14T02:50:15","slug":"ruta-33-dos-muertos-y-un-herido-en-un-choque-frontal-de-camiones-informe-y-videoentrevistas","status":"publish","type":"post","link":"https:\/\/www.celttv.com.ar\/index.php\/2012\/06\/14\/ruta-33-dos-muertos-y-un-herido-en-un-choque-frontal-de-camiones-informe-y-videoentrevistas\/","title":{"rendered":"RUTA 33: DOS MUERTOS Y UN HERIDO EN UN CHOQUE FRONTAL DE CAMIONES (informe y videoentrevistas)"},"content":{"rendered":"<p><a href=\"http:\/\/www.youtube.com\/watch?v=OzcVw3MvyY0\">httpv:\/\/www.youtube.com\/watch?v=OzcVw3MvyY0<\/a><br \/>\n<a href=\"http:\/\/www.youtube.com\/watch?v=CbK38ADIXFU\">httpv:\/\/www.youtube.com\/watch?v=CbK38ADIXFU<\/a><br \/>\n<a href=\"http:\/\/www.youtube.com\/watch?v=mAGO7cL0j9A\">httpv:\/\/www.youtube.com\/watch?v=mAGO7cL0j9A<\/a><br \/>\n<span style=\"font-size: xx-small;\">Dos muertos y un herido fue el saldo tras el choque frontal de dos camiones producido el pasado mi\u00e9rcoles a las 6.30, en el kil\u00f3metro 78 de la ruta nacional 33.<br \/>\nEn la colisi\u00f3n perdi\u00f3 la vida Jorge Cerquetelli, de 65 a\u00f1os, quien iba ubicado en el lugar del acompa\u00f1ante del rodado que conduc\u00eda Maximiliano Cerquetelli que result\u00f3 ileso y ten\u00eda al mando un cami\u00f3n Ford Cargo, dominio IMQ 933, que transportaba l\u00e1cteos, mientras que Leonardo Andr\u00e9s G\u00e1lvez, de 26 a\u00f1os, era el conductor de un cami\u00f3n Scania 113, dominio BAB 732, que transportaba aceite vegetal.<br \/>\nLos primeros en llegar al lugar fueron dos dotaciones de bomberos y un cami\u00f3n cisterna de la Asociaci\u00f3n Cuerpo Bomberos Voluntarios de Tornquist (ACBVT), quienes fueron los encargados de combatir las llamas que se gener\u00f3 sobre las cabinas de ambos rodados.<br \/>\nMinutos despu\u00e9s, se hicieron presentes bomberos voluntarios Saavedra que se sumaron a la tarea de extinguir las llamas que terminaron por destruir las cabinas con las dos v\u00edctimas fatales en su interior. Tambi\u00e9n estuvo trabajando en el lugar personal de la polic\u00eda de Saavedra.<br \/>\nEl integrante del Cuerpo de Bomberos de Tornquist, Carlos L\u00f3pez, sostuvo que una vez que recibieron la informaci\u00f3n del accidente se dieron cita en el lugar, donde los acoplados de ambos camiones se encontraban sobre una de las manos de la ruta, mientras que las cabinas estaban ubicadas en la banquina.<br \/>\n&#8220;Cuando llegamos hab\u00eda mucho fuego y fue necesario arrojar mucha agua y tambi\u00e9n una espuma especial para apagar las llamas. De inmediato, recibimos el apoyo de los bomberos y del hospital de Saavedra y tambi\u00e9n se hicieron presentes del Hospital Municipal de Tornquist&#8221;, manifest\u00f3 L\u00f3pez.<br \/>\nAlrededor de las 9.20, personal de la Polic\u00eda Cient\u00edfica lleg\u00f3 al lugar y comenz\u00f3 a tomar fotograf\u00edas y realizar mediciones, entre otras cosas, para establecer cu\u00e1les fueron los motivos por los cuales ambos camiones terminaron impactando entre s\u00ed. En la banquina opuesta al choque, se encuentra ubicado un cartel que indica la prohibici\u00f3n del sobrepaso de los veh\u00edculos.<br \/>\nEn tanto, es importante mencionar que la cinta asf\u00e1ltica y la banquina se encontraban h\u00famedas debido a la suave llovizna ca\u00edda durante la madrugada.<br \/>\nfOTOS: Marcelo Alga\u00f1araz<br \/>\ny Rodrigo Sgammini<br \/>\n<\/span><\/p>\n","protected":false},"excerpt":{"rendered":"<p>httpv:\/\/www.youtube.com\/watch?v=OzcVw3MvyY0 httpv:\/\/www.youtube.com\/watch?v=CbK38ADIXFU httpv:\/\/www.youtube.com\/watch?v=mAGO7cL0j9A Dos muertos y un herido fue el saldo tras el choque frontal de dos camiones producido el pasado mi\u00e9rcoles a las 6.30, en el kil\u00f3metro 78 de la ruta nacional 33. En la colisi\u00f3n perdi\u00f3 la vida Jorge Cerquetelli, de 65 a\u00f1os, quien iba ubicado en el lugar del acompa\u00f1ante del rodado [&hellip;]<\/p>\n","protected":false},"author":1,"featured_media":0,"comment_status":"closed","ping_status":"open","sticky":false,"template":"","format":"standard","meta":{"footnotes":""},"categories":[52,61,64],"tags":[],"class_list":["post-7145","post","type-post","status-publish","format-standard","hentry","category-destacadas","category-policiales","category-videos-destacados"],"yoast_head":"<!-- This site is optimized with the Yoast SEO plugin v19.7.1 - https:\/\/yoast.com\/wordpress\/plugins\/seo\/ -->\n<title>RUTA 33: DOS MUERTOS Y UN HERIDO EN UN CHOQUE FRONTAL DE CAMIONES (informe y videoentrevistas) - CELTTV<\/title>\n<meta name=\"description\" content=\"Sitio web de noticias de la localidad de Tornquist, provincia de Buenos Aires, Rep\u00fablica Argentina. Contenido propio originado por periodistas de CELTTV, el canal de TV local de la Cooperativa El\u00e9ctrica de Tornquist. Turismo, Pol\u00edtica, Sociedad, Deporte, Cultura y todo el contenido de inter\u00e9s general que la gente del pueblo y la regi\u00f3n debe conocer.\" \/>\n<meta name=\"robots\" content=\"index, follow, max-snippet:-1, max-image-preview:large, max-video-preview:-1\" \/>\n<link rel=\"canonical\" href=\"https:\/\/www.celttv.com.ar\/index.php\/2012\/06\/14\/ruta-33-dos-muertos-y-un-herido-en-un-choque-frontal-de-camiones-informe-y-videoentrevistas\/\" \/>\n<meta property=\"og:locale\" content=\"es_ES\" \/>\n<meta property=\"og:type\" content=\"article\" \/>\n<meta property=\"og:title\" content=\"RUTA 33: DOS MUERTOS Y UN HERIDO EN UN CHOQUE FRONTAL DE CAMIONES (informe y videoentrevistas) - CELTTV\" \/>\n<meta property=\"og:description\" content=\"Sitio web de noticias de la localidad de Tornquist, provincia de Buenos Aires, Rep\u00fablica Argentina. Contenido propio originado por periodistas de CELTTV, el canal de TV local de la Cooperativa El\u00e9ctrica de Tornquist. Turismo, Pol\u00edtica, Sociedad, Deporte, Cultura y todo el contenido de inter\u00e9s general que la gente del pueblo y la regi\u00f3n debe conocer.\" \/>\n<meta property=\"og:url\" content=\"https:\/\/www.celttv.com.ar\/index.php\/2012\/06\/14\/ruta-33-dos-muertos-y-un-herido-en-un-choque-frontal-de-camiones-informe-y-videoentrevistas\/\" \/>\n<meta property=\"og:site_name\" content=\"CELTTV\" \/>\n<meta property=\"article:publisher\" content=\"https:\/\/www.facebook.com\/celtTV\/\" \/>\n<meta property=\"article:published_time\" content=\"2012-06-14T02:50:15+00:00\" \/>\n<meta name=\"author\" content=\"ulises\" \/>\n<meta name=\"twitter:card\" content=\"summary_large_image\" \/>\n<meta name=\"twitter:label1\" content=\"Escrito por\" \/>\n\t<meta name=\"twitter:data1\" content=\"ulises\" \/>\n\t<meta name=\"twitter:label2\" content=\"Tiempo de lectura\" \/>\n\t<meta name=\"twitter:data2\" content=\"2 minutos\" \/>\n<script type=\"application\/ld+json\" class=\"yoast-schema-graph\">{\"@context\":\"https:\/\/schema.org\",\"@graph\":[{\"@type\":\"NewsArticle\",\"@id\":\"https:\/\/www.celttv.com.ar\/index.php\/2012\/06\/14\/ruta-33-dos-muertos-y-un-herido-en-un-choque-frontal-de-camiones-informe-y-videoentrevistas\/#article\",\"isPartOf\":{\"@id\":\"https:\/\/www.celttv.com.ar\/index.php\/2012\/06\/14\/ruta-33-dos-muertos-y-un-herido-en-un-choque-frontal-de-camiones-informe-y-videoentrevistas\/\"},\"author\":{\"name\":\"ulises\",\"@id\":\"https:\/\/www.celttv.com.ar\/#\/schema\/person\/6d99c072dba59953809c81446e9d0ace\"},\"headline\":\"RUTA 33: DOS MUERTOS Y UN HERIDO EN UN CHOQUE FRONTAL DE CAMIONES (informe y videoentrevistas)\",\"datePublished\":\"2012-06-14T02:50:15+00:00\",\"dateModified\":\"2012-06-14T02:50:15+00:00\",\"mainEntityOfPage\":{\"@id\":\"https:\/\/www.celttv.com.ar\/index.php\/2012\/06\/14\/ruta-33-dos-muertos-y-un-herido-en-un-choque-frontal-de-camiones-informe-y-videoentrevistas\/\"},\"wordCount\":432,\"publisher\":{\"@id\":\"https:\/\/www.celttv.com.ar\/#organization\"},\"articleSection\":[\"Destacadas\",\"Policiales\",\"Videos Destacados\"],\"inLanguage\":\"es\"},{\"@type\":\"WebPage\",\"@id\":\"https:\/\/www.celttv.com.ar\/index.php\/2012\/06\/14\/ruta-33-dos-muertos-y-un-herido-en-un-choque-frontal-de-camiones-informe-y-videoentrevistas\/\",\"url\":\"https:\/\/www.celttv.com.ar\/index.php\/2012\/06\/14\/ruta-33-dos-muertos-y-un-herido-en-un-choque-frontal-de-camiones-informe-y-videoentrevistas\/\",\"name\":\"RUTA 33: DOS MUERTOS Y UN HERIDO EN UN CHOQUE FRONTAL DE CAMIONES (informe y videoentrevistas) - CELTTV\",\"isPartOf\":{\"@id\":\"https:\/\/www.celttv.com.ar\/#website\"},\"datePublished\":\"2012-06-14T02:50:15+00:00\",\"dateModified\":\"2012-06-14T02:50:15+00:00\",\"description\":\"Sitio web de noticias de la localidad de Tornquist, provincia de Buenos Aires, Rep\u00fablica Argentina. Contenido propio originado por periodistas de CELTTV, el canal de TV local de la Cooperativa El\u00e9ctrica de Tornquist. Turismo, Pol\u00edtica, Sociedad, Deporte, Cultura y todo el contenido de inter\u00e9s general que la gente del pueblo y la regi\u00f3n debe conocer.\",\"breadcrumb\":{\"@id\":\"https:\/\/www.celttv.com.ar\/index.php\/2012\/06\/14\/ruta-33-dos-muertos-y-un-herido-en-un-choque-frontal-de-camiones-informe-y-videoentrevistas\/#breadcrumb\"},\"inLanguage\":\"es\",\"potentialAction\":[{\"@type\":\"ReadAction\",\"target\":[\"https:\/\/www.celttv.com.ar\/index.php\/2012\/06\/14\/ruta-33-dos-muertos-y-un-herido-en-un-choque-frontal-de-camiones-informe-y-videoentrevistas\/\"]}]},{\"@type\":\"BreadcrumbList\",\"@id\":\"https:\/\/www.celttv.com.ar\/index.php\/2012\/06\/14\/ruta-33-dos-muertos-y-un-herido-en-un-choque-frontal-de-camiones-informe-y-videoentrevistas\/#breadcrumb\",\"itemListElement\":[{\"@type\":\"ListItem\",\"position\":1,\"name\":\"Inicio\",\"item\":\"https:\/\/www.celttv.com.ar\/\"},{\"@type\":\"ListItem\",\"position\":2,\"name\":\"RUTA 33: DOS MUERTOS Y UN HERIDO EN UN CHOQUE FRONTAL DE CAMIONES (informe y videoentrevistas)\"}]},{\"@type\":\"WebSite\",\"@id\":\"https:\/\/www.celttv.com.ar\/#website\",\"url\":\"https:\/\/www.celttv.com.ar\/\",\"name\":\"CELTTV\",\"description\":\"Cooperativa El\u00e9ctrica de Tornquist\",\"publisher\":{\"@id\":\"https:\/\/www.celttv.com.ar\/#organization\"},\"potentialAction\":[{\"@type\":\"SearchAction\",\"target\":{\"@type\":\"EntryPoint\",\"urlTemplate\":\"https:\/\/www.celttv.com.ar\/?s={search_term_string}\"},\"query-input\":\"required name=search_term_string\"}],\"inLanguage\":\"es\"},{\"@type\":\"Organization\",\"@id\":\"https:\/\/www.celttv.com.ar\/#organization\",\"name\":\"CELTTV\",\"url\":\"https:\/\/www.celttv.com.ar\/\",\"sameAs\":[\"https:\/\/www.youtube.com\/channel\/UCz_oIt8Hig64Ub-EmcNPIhg\",\"https:\/\/www.facebook.com\/celtTV\/\"],\"logo\":{\"@type\":\"ImageObject\",\"inLanguage\":\"es\",\"@id\":\"https:\/\/www.celttv.com.ar\/#\/schema\/logo\/image\/\",\"url\":\"http:\/\/www.celttv.com.ar\/wp-content\/uploads\/2022\/08\/logo-1.png\",\"contentUrl\":\"http:\/\/www.celttv.com.ar\/wp-content\/uploads\/2022\/08\/logo-1.png\",\"width\":461,\"height\":159,\"caption\":\"CELTTV\"},\"image\":{\"@id\":\"https:\/\/www.celttv.com.ar\/#\/schema\/logo\/image\/\"}},{\"@type\":\"Person\",\"@id\":\"https:\/\/www.celttv.com.ar\/#\/schema\/person\/6d99c072dba59953809c81446e9d0ace\",\"name\":\"ulises\",\"image\":{\"@type\":\"ImageObject\",\"inLanguage\":\"es\",\"@id\":\"https:\/\/www.celttv.com.ar\/#\/schema\/person\/image\/\",\"url\":\"https:\/\/secure.gravatar.com\/avatar\/7f2c48bdc33b30088f941fb6082e555f2874c98e20cb159d7b92b50eadfce793?s=96&d=mm&r=g\",\"contentUrl\":\"https:\/\/secure.gravatar.com\/avatar\/7f2c48bdc33b30088f941fb6082e555f2874c98e20cb159d7b92b50eadfce793?s=96&d=mm&r=g\",\"caption\":\"ulises\"},\"sameAs\":[\"http:\/\/www.celttv.com.ar\"]}]}<\/script>\n<!-- \/ Yoast SEO plugin. -->","yoast_head_json":{"title":"RUTA 33: DOS MUERTOS Y UN HERIDO EN UN CHOQUE FRONTAL DE CAMIONES (informe y videoentrevistas) - CELTTV","description":"Sitio web de noticias de la localidad de Tornquist, provincia de Buenos Aires, Rep\u00fablica Argentina. Contenido propio originado por periodistas de CELTTV, el canal de TV local de la Cooperativa El\u00e9ctrica de Tornquist. Turismo, Pol\u00edtica, Sociedad, Deporte, Cultura y todo el contenido de inter\u00e9s general que la gente del pueblo y la regi\u00f3n debe conocer.","robots":{"index":"index","follow":"follow","max-snippet":"max-snippet:-1","max-image-preview":"max-image-preview:large","max-video-preview":"max-video-preview:-1"},"canonical":"https:\/\/www.celttv.com.ar\/index.php\/2012\/06\/14\/ruta-33-dos-muertos-y-un-herido-en-un-choque-frontal-de-camiones-informe-y-videoentrevistas\/","og_locale":"es_ES","og_type":"article","og_title":"RUTA 33: DOS MUERTOS Y UN HERIDO EN UN CHOQUE FRONTAL DE CAMIONES (informe y videoentrevistas) - CELTTV","og_description":"Sitio web de noticias de la localidad de Tornquist, provincia de Buenos Aires, Rep\u00fablica Argentina. Contenido propio originado por periodistas de CELTTV, el canal de TV local de la Cooperativa El\u00e9ctrica de Tornquist. Turismo, Pol\u00edtica, Sociedad, Deporte, Cultura y todo el contenido de inter\u00e9s general que la gente del pueblo y la regi\u00f3n debe conocer.","og_url":"https:\/\/www.celttv.com.ar\/index.php\/2012\/06\/14\/ruta-33-dos-muertos-y-un-herido-en-un-choque-frontal-de-camiones-informe-y-videoentrevistas\/","og_site_name":"CELTTV","article_publisher":"https:\/\/www.facebook.com\/celtTV\/","article_published_time":"2012-06-14T02:50:15+00:00","author":"ulises","twitter_card":"summary_large_image","twitter_misc":{"Escrito por":"ulises","Tiempo de lectura":"2 minutos"},"schema":{"@context":"https:\/\/schema.org","@graph":[{"@type":"NewsArticle","@id":"https:\/\/www.celttv.com.ar\/index.php\/2012\/06\/14\/ruta-33-dos-muertos-y-un-herido-en-un-choque-frontal-de-camiones-informe-y-videoentrevistas\/#article","isPartOf":{"@id":"https:\/\/www.celttv.com.ar\/index.php\/2012\/06\/14\/ruta-33-dos-muertos-y-un-herido-en-un-choque-frontal-de-camiones-informe-y-videoentrevistas\/"},"author":{"name":"ulises","@id":"https:\/\/www.celttv.com.ar\/#\/schema\/person\/6d99c072dba59953809c81446e9d0ace"},"headline":"RUTA 33: DOS MUERTOS Y UN HERIDO EN UN CHOQUE FRONTAL DE CAMIONES (informe y videoentrevistas)","datePublished":"2012-06-14T02:50:15+00:00","dateModified":"2012-06-14T02:50:15+00:00","mainEntityOfPage":{"@id":"https:\/\/www.celttv.com.ar\/index.php\/2012\/06\/14\/ruta-33-dos-muertos-y-un-herido-en-un-choque-frontal-de-camiones-informe-y-videoentrevistas\/"},"wordCount":432,"publisher":{"@id":"https:\/\/www.celttv.com.ar\/#organization"},"articleSection":["Destacadas","Policiales","Videos Destacados"],"inLanguage":"es"},{"@type":"WebPage","@id":"https:\/\/www.celttv.com.ar\/index.php\/2012\/06\/14\/ruta-33-dos-muertos-y-un-herido-en-un-choque-frontal-de-camiones-informe-y-videoentrevistas\/","url":"https:\/\/www.celttv.com.ar\/index.php\/2012\/06\/14\/ruta-33-dos-muertos-y-un-herido-en-un-choque-frontal-de-camiones-informe-y-videoentrevistas\/","name":"RUTA 33: DOS MUERTOS Y UN HERIDO EN UN CHOQUE FRONTAL DE CAMIONES (informe y videoentrevistas) - CELTTV","isPartOf":{"@id":"https:\/\/www.celttv.com.ar\/#website"},"datePublished":"2012-06-14T02:50:15+00:00","dateModified":"2012-06-14T02:50:15+00:00","description":"Sitio web de noticias de la localidad de Tornquist, provincia de Buenos Aires, Rep\u00fablica Argentina. Contenido propio originado por periodistas de CELTTV, el canal de TV local de la Cooperativa El\u00e9ctrica de Tornquist. Turismo, Pol\u00edtica, Sociedad, Deporte, Cultura y todo el contenido de inter\u00e9s general que la gente del pueblo y la regi\u00f3n debe conocer.","breadcrumb":{"@id":"https:\/\/www.celttv.com.ar\/index.php\/2012\/06\/14\/ruta-33-dos-muertos-y-un-herido-en-un-choque-frontal-de-camiones-informe-y-videoentrevistas\/#breadcrumb"},"inLanguage":"es","potentialAction":[{"@type":"ReadAction","target":["https:\/\/www.celttv.com.ar\/index.php\/2012\/06\/14\/ruta-33-dos-muertos-y-un-herido-en-un-choque-frontal-de-camiones-informe-y-videoentrevistas\/"]}]},{"@type":"BreadcrumbList","@id":"https:\/\/www.celttv.com.ar\/index.php\/2012\/06\/14\/ruta-33-dos-muertos-y-un-herido-en-un-choque-frontal-de-camiones-informe-y-videoentrevistas\/#breadcrumb","itemListElement":[{"@type":"ListItem","position":1,"name":"Inicio","item":"https:\/\/www.celttv.com.ar\/"},{"@type":"ListItem","position":2,"name":"RUTA 33: DOS MUERTOS Y UN HERIDO EN UN CHOQUE FRONTAL DE CAMIONES (informe y videoentrevistas)"}]},{"@type":"WebSite","@id":"https:\/\/www.celttv.com.ar\/#website","url":"https:\/\/www.celttv.com.ar\/","name":"CELTTV","description":"Cooperativa El\u00e9ctrica de Tornquist","publisher":{"@id":"https:\/\/www.celttv.com.ar\/#organization"},"potentialAction":[{"@type":"SearchAction","target":{"@type":"EntryPoint","urlTemplate":"https:\/\/www.celttv.com.ar\/?s={search_term_string}"},"query-input":"required name=search_term_string"}],"inLanguage":"es"},{"@type":"Organization","@id":"https:\/\/www.celttv.com.ar\/#organization","name":"CELTTV","url":"https:\/\/www.celttv.com.ar\/","sameAs":["https:\/\/www.youtube.com\/channel\/UCz_oIt8Hig64Ub-EmcNPIhg","https:\/\/www.facebook.com\/celtTV\/"],"logo":{"@type":"ImageObject","inLanguage":"es","@id":"https:\/\/www.celttv.com.ar\/#\/schema\/logo\/image\/","url":"http:\/\/www.celttv.com.ar\/wp-content\/uploads\/2022\/08\/logo-1.png","contentUrl":"http:\/\/www.celttv.com.ar\/wp-content\/uploads\/2022\/08\/logo-1.png","width":461,"height":159,"caption":"CELTTV"},"image":{"@id":"https:\/\/www.celttv.com.ar\/#\/schema\/logo\/image\/"}},{"@type":"Person","@id":"https:\/\/www.celttv.com.ar\/#\/schema\/person\/6d99c072dba59953809c81446e9d0ace","name":"ulises","image":{"@type":"ImageObject","inLanguage":"es","@id":"https:\/\/www.celttv.com.ar\/#\/schema\/person\/image\/","url":"https:\/\/secure.gravatar.com\/avatar\/7f2c48bdc33b30088f941fb6082e555f2874c98e20cb159d7b92b50eadfce793?s=96&d=mm&r=g","contentUrl":"https:\/\/secure.gravatar.com\/avatar\/7f2c48bdc33b30088f941fb6082e555f2874c98e20cb159d7b92b50eadfce793?s=96&d=mm&r=g","caption":"ulises"},"sameAs":["http:\/\/www.celttv.com.ar"]}]}},"_links":{"self":[{"href":"https:\/\/www.celttv.com.ar\/index.php\/wp-json\/wp\/v2\/posts\/7145","targetHints":{"allow":["GET"]}}],"collection":[{"href":"https:\/\/www.celttv.com.ar\/index.php\/wp-json\/wp\/v2\/posts"}],"about":[{"href":"https:\/\/www.celttv.com.ar\/index.php\/wp-json\/wp\/v2\/types\/post"}],"author":[{"embeddable":true,"href":"https:\/\/www.celttv.com.ar\/index.php\/wp-json\/wp\/v2\/users\/1"}],"replies":[{"embeddable":true,"href":"https:\/\/www.celttv.com.ar\/index.php\/wp-json\/wp\/v2\/comments?post=7145"}],"version-history":[{"count":0,"href":"https:\/\/www.celttv.com.ar\/index.php\/wp-json\/wp\/v2\/posts\/7145\/revisions"}],"wp:attachment":[{"href":"https:\/\/www.celttv.com.ar\/index.php\/wp-json\/wp\/v2\/media?parent=7145"}],"wp:term":[{"taxonomy":"category","embeddable":true,"href":"https:\/\/www.celttv.com.ar\/index.php\/wp-json\/wp\/v2\/categories?post=7145"},{"taxonomy":"post_tag","embeddable":true,"href":"https:\/\/www.celttv.com.ar\/index.php\/wp-json\/wp\/v2\/tags?post=7145"}],"curies":[{"name":"wp","href":"https:\/\/api.w.org\/{rel}","templated":true}]}}