{"id":7148,"date":"2012-06-15T01:55:02","date_gmt":"2012-06-15T01:55:02","guid":{"rendered":"http:\/\/www.tvcnoticias.com.ar\/?p=7148"},"modified":"2012-06-15T01:55:02","modified_gmt":"2012-06-15T01:55:02","slug":"la-recoleccion-de-aparatos-electricos-y-electronicos-sera-permanente","status":"publish","type":"post","link":"https:\/\/www.celttv.com.ar\/index.php\/2012\/06\/15\/la-recoleccion-de-aparatos-electricos-y-electronicos-sera-permanente\/","title":{"rendered":"LA RECOLECCION DE APARATOS ELECTRICOS Y ELECTRONICOS SERA PERMANENTE"},"content":{"rendered":"<p><img loading=\"lazy\" decoding=\"async\" class=\"aligncenter size-full wp-image-7149\" title=\"eresiduos tecnologicos (Medium)\" src=\"http:\/\/www.tvcnoticias.com.ar\/wp-content\/uploads\/2012\/06\/eresiduos-tecnologicos-Medium.jpg\" alt=\"\" width=\"800\" height=\"600\" \/><br \/>\nDado la exitosa campa\u00f1a que finaliz\u00f3 en la jornada de ayer, la recolecci\u00f3n de aparatos el\u00e9ctricos y electr\u00f3nicos se mantendr\u00e1 de manera permanente en la Municipalidad de Tornquist, de acuerdo con el anuncio efectuado hoy por el intendente Gustavo Trankels.<br \/>\n\u00a0\u00a0 \u201cPara nosotros es un avance muy importante en la gesti\u00f3n de los residuos: a partir de este momento, y gracias al \u00e9xito y la buena relaci\u00f3n que logramos entre todos los actores, la haremos permanente. Los vecinos del distrito que tengan este tipo de residuos podr\u00e1n acercarlo a la oficina de Producci\u00f3n y Medio Ambiente o a cualquier delegaci\u00f3n\u201d, explic\u00f3 el jefe comunal.<br \/>\n\u00a0\u00a0 La campa\u00f1a que concluy\u00f3 en la v\u00edspera entreg\u00f3 una espectacular respuesta por parte de los vecinos del distrito, que permiti\u00f3 superar la capacidad del contenedor dispuesto para tal fin.<br \/>\n\u00a0\u00a0 \u201cEs un paso importante en el cuidado del medio ambiente. Esta campa\u00f1a se encar\u00f3 desde la Secretar\u00eda de Producci\u00f3n y Medio Ambiente, con una ayuda muy importante de la Municipalidad de Bah\u00eda Blanca y la Asociaci\u00f3n Ambientalista 20 de Agosto, que pone en valor aquellos artefactos que pueden tener vida \u00fatil para destinarlo a entidades de bien p\u00fablico y, en caso de que sea irrecuperable, realizar el desarmado correspondiente y la disposici\u00f3n final\u201d, explic\u00f3 Trankels.<br \/>\n\u00a0\u00a0 \u201cTambi\u00e9n tenemos un aporte importante de la empresa Ecoambiental, ya que le solicitamos que acompa\u00f1e este proyecto a costo cero para el municipio. Trabajando juntos con las entidades, el municipio y los privados logramos organizar esta campa\u00f1a\u201d, a\u00f1adi\u00f3.<br \/>\n\u00a0\u00a0 El director de Producci\u00f3n y Medio Ambiente, V\u00edctor Ant\u00f3n, destac\u00f3 el \u00e9xito de la iniciativa.<br \/>\n\u00a0\u00a0 \u201cHay una decisi\u00f3n pol\u00edtica muy importante del intendente sobre los residuos s\u00f3lidos urbanos y contamos con el compromiso de la comunidad. Todas las localidades del distrito y sus delegados colaboraron con esta iniciativa y logramos extraer una gran cantidad de residuos de los basureros\u201d, se\u00f1al\u00f3.<\/p>\n","protected":false},"excerpt":{"rendered":"<p>Dado la exitosa campa\u00f1a que finaliz\u00f3 en la jornada de ayer, la recolecci\u00f3n de aparatos el\u00e9ctricos y electr\u00f3nicos se mantendr\u00e1 de manera permanente en la Municipalidad de Tornquist, de acuerdo con el anuncio efectuado hoy por el intendente Gustavo Trankels. \u00a0\u00a0 \u201cPara nosotros es un avance muy importante en la gesti\u00f3n de los residuos: a [&hellip;]<\/p>\n","protected":false},"author":1,"featured_media":0,"comment_status":"closed","ping_status":"open","sticky":false,"template":"","format":"standard","meta":{"footnotes":""},"categories":[51,52,53],"tags":[],"class_list":["post-7148","post","type-post","status-publish","format-standard","hentry","category-comunidad","category-destacadas","category-politica"],"yoast_head":"<!-- This site is optimized with the Yoast SEO plugin v19.7.1 - https:\/\/yoast.com\/wordpress\/plugins\/seo\/ -->\n<title>LA RECOLECCION DE APARATOS ELECTRICOS Y ELECTRONICOS SERA PERMANENTE - CELTTV<\/title>\n<meta name=\"description\" content=\"Sitio web de noticias de la localidad de Tornquist, provincia de Buenos Aires, Rep\u00fablica Argentina. Contenido propio originado por periodistas de CELTTV, el canal de TV local de la Cooperativa El\u00e9ctrica de Tornquist. Turismo, Pol\u00edtica, Sociedad, Deporte, Cultura y todo el contenido de inter\u00e9s general que la gente del pueblo y la regi\u00f3n debe conocer.\" \/>\n<meta name=\"robots\" content=\"index, follow, max-snippet:-1, max-image-preview:large, max-video-preview:-1\" \/>\n<link rel=\"canonical\" href=\"https:\/\/www.celttv.com.ar\/index.php\/2012\/06\/15\/la-recoleccion-de-aparatos-electricos-y-electronicos-sera-permanente\/\" \/>\n<meta property=\"og:locale\" content=\"es_ES\" \/>\n<meta property=\"og:type\" content=\"article\" \/>\n<meta property=\"og:title\" content=\"LA RECOLECCION DE APARATOS ELECTRICOS Y ELECTRONICOS SERA PERMANENTE - CELTTV\" \/>\n<meta property=\"og:description\" content=\"Sitio web de noticias de la localidad de Tornquist, provincia de Buenos Aires, Rep\u00fablica Argentina. Contenido propio originado por periodistas de CELTTV, el canal de TV local de la Cooperativa El\u00e9ctrica de Tornquist. Turismo, Pol\u00edtica, Sociedad, Deporte, Cultura y todo el contenido de inter\u00e9s general que la gente del pueblo y la regi\u00f3n debe conocer.\" \/>\n<meta property=\"og:url\" content=\"https:\/\/www.celttv.com.ar\/index.php\/2012\/06\/15\/la-recoleccion-de-aparatos-electricos-y-electronicos-sera-permanente\/\" \/>\n<meta property=\"og:site_name\" content=\"CELTTV\" \/>\n<meta property=\"article:publisher\" content=\"https:\/\/www.facebook.com\/celtTV\/\" \/>\n<meta property=\"article:published_time\" content=\"2012-06-15T01:55:02+00:00\" \/>\n<meta property=\"og:image\" content=\"http:\/\/www.tvcnoticias.com.ar\/wp-content\/uploads\/2012\/06\/eresiduos-tecnologicos-Medium.jpg\" \/>\n<meta name=\"author\" content=\"ulises\" \/>\n<meta name=\"twitter:card\" content=\"summary_large_image\" \/>\n<meta name=\"twitter:label1\" content=\"Escrito por\" \/>\n\t<meta name=\"twitter:data1\" content=\"ulises\" \/>\n\t<meta name=\"twitter:label2\" content=\"Tiempo de lectura\" \/>\n\t<meta name=\"twitter:data2\" content=\"2 minutos\" \/>\n<script type=\"application\/ld+json\" class=\"yoast-schema-graph\">{\"@context\":\"https:\/\/schema.org\",\"@graph\":[{\"@type\":\"NewsArticle\",\"@id\":\"https:\/\/www.celttv.com.ar\/index.php\/2012\/06\/15\/la-recoleccion-de-aparatos-electricos-y-electronicos-sera-permanente\/#article\",\"isPartOf\":{\"@id\":\"https:\/\/www.celttv.com.ar\/index.php\/2012\/06\/15\/la-recoleccion-de-aparatos-electricos-y-electronicos-sera-permanente\/\"},\"author\":{\"name\":\"ulises\",\"@id\":\"https:\/\/www.celttv.com.ar\/#\/schema\/person\/6d99c072dba59953809c81446e9d0ace\"},\"headline\":\"LA RECOLECCION DE APARATOS ELECTRICOS Y ELECTRONICOS SERA PERMANENTE\",\"datePublished\":\"2012-06-15T01:55:02+00:00\",\"dateModified\":\"2012-06-15T01:55:02+00:00\",\"mainEntityOfPage\":{\"@id\":\"https:\/\/www.celttv.com.ar\/index.php\/2012\/06\/15\/la-recoleccion-de-aparatos-electricos-y-electronicos-sera-permanente\/\"},\"wordCount\":342,\"publisher\":{\"@id\":\"https:\/\/www.celttv.com.ar\/#organization\"},\"articleSection\":[\"Comunidad\",\"Destacadas\",\"Pol\u00edtica\"],\"inLanguage\":\"es\"},{\"@type\":\"WebPage\",\"@id\":\"https:\/\/www.celttv.com.ar\/index.php\/2012\/06\/15\/la-recoleccion-de-aparatos-electricos-y-electronicos-sera-permanente\/\",\"url\":\"https:\/\/www.celttv.com.ar\/index.php\/2012\/06\/15\/la-recoleccion-de-aparatos-electricos-y-electronicos-sera-permanente\/\",\"name\":\"LA RECOLECCION DE APARATOS ELECTRICOS Y ELECTRONICOS SERA PERMANENTE - CELTTV\",\"isPartOf\":{\"@id\":\"https:\/\/www.celttv.com.ar\/#website\"},\"datePublished\":\"2012-06-15T01:55:02+00:00\",\"dateModified\":\"2012-06-15T01:55:02+00:00\",\"description\":\"Sitio web de noticias de la localidad de Tornquist, provincia de Buenos Aires, Rep\u00fablica Argentina. Contenido propio originado por periodistas de CELTTV, el canal de TV local de la Cooperativa El\u00e9ctrica de Tornquist. Turismo, Pol\u00edtica, Sociedad, Deporte, Cultura y todo el contenido de inter\u00e9s general que la gente del pueblo y la regi\u00f3n debe conocer.\",\"breadcrumb\":{\"@id\":\"https:\/\/www.celttv.com.ar\/index.php\/2012\/06\/15\/la-recoleccion-de-aparatos-electricos-y-electronicos-sera-permanente\/#breadcrumb\"},\"inLanguage\":\"es\",\"potentialAction\":[{\"@type\":\"ReadAction\",\"target\":[\"https:\/\/www.celttv.com.ar\/index.php\/2012\/06\/15\/la-recoleccion-de-aparatos-electricos-y-electronicos-sera-permanente\/\"]}]},{\"@type\":\"BreadcrumbList\",\"@id\":\"https:\/\/www.celttv.com.ar\/index.php\/2012\/06\/15\/la-recoleccion-de-aparatos-electricos-y-electronicos-sera-permanente\/#breadcrumb\",\"itemListElement\":[{\"@type\":\"ListItem\",\"position\":1,\"name\":\"Inicio\",\"item\":\"https:\/\/www.celttv.com.ar\/\"},{\"@type\":\"ListItem\",\"position\":2,\"name\":\"LA RECOLECCION DE APARATOS ELECTRICOS Y ELECTRONICOS SERA PERMANENTE\"}]},{\"@type\":\"WebSite\",\"@id\":\"https:\/\/www.celttv.com.ar\/#website\",\"url\":\"https:\/\/www.celttv.com.ar\/\",\"name\":\"CELTTV\",\"description\":\"Cooperativa El\u00e9ctrica de Tornquist\",\"publisher\":{\"@id\":\"https:\/\/www.celttv.com.ar\/#organization\"},\"potentialAction\":[{\"@type\":\"SearchAction\",\"target\":{\"@type\":\"EntryPoint\",\"urlTemplate\":\"https:\/\/www.celttv.com.ar\/?s={search_term_string}\"},\"query-input\":\"required name=search_term_string\"}],\"inLanguage\":\"es\"},{\"@type\":\"Organization\",\"@id\":\"https:\/\/www.celttv.com.ar\/#organization\",\"name\":\"CELTTV\",\"url\":\"https:\/\/www.celttv.com.ar\/\",\"sameAs\":[\"https:\/\/www.youtube.com\/channel\/UCz_oIt8Hig64Ub-EmcNPIhg\",\"https:\/\/www.facebook.com\/celtTV\/\"],\"logo\":{\"@type\":\"ImageObject\",\"inLanguage\":\"es\",\"@id\":\"https:\/\/www.celttv.com.ar\/#\/schema\/logo\/image\/\",\"url\":\"http:\/\/www.celttv.com.ar\/wp-content\/uploads\/2022\/08\/logo-1.png\",\"contentUrl\":\"http:\/\/www.celttv.com.ar\/wp-content\/uploads\/2022\/08\/logo-1.png\",\"width\":461,\"height\":159,\"caption\":\"CELTTV\"},\"image\":{\"@id\":\"https:\/\/www.celttv.com.ar\/#\/schema\/logo\/image\/\"}},{\"@type\":\"Person\",\"@id\":\"https:\/\/www.celttv.com.ar\/#\/schema\/person\/6d99c072dba59953809c81446e9d0ace\",\"name\":\"ulises\",\"image\":{\"@type\":\"ImageObject\",\"inLanguage\":\"es\",\"@id\":\"https:\/\/www.celttv.com.ar\/#\/schema\/person\/image\/\",\"url\":\"https:\/\/secure.gravatar.com\/avatar\/7f2c48bdc33b30088f941fb6082e555f2874c98e20cb159d7b92b50eadfce793?s=96&d=mm&r=g\",\"contentUrl\":\"https:\/\/secure.gravatar.com\/avatar\/7f2c48bdc33b30088f941fb6082e555f2874c98e20cb159d7b92b50eadfce793?s=96&d=mm&r=g\",\"caption\":\"ulises\"},\"sameAs\":[\"http:\/\/www.celttv.com.ar\"]}]}<\/script>\n<!-- \/ Yoast SEO plugin. -->","yoast_head_json":{"title":"LA RECOLECCION DE APARATOS ELECTRICOS Y ELECTRONICOS SERA PERMANENTE - CELTTV","description":"Sitio web de noticias de la localidad de Tornquist, provincia de Buenos Aires, Rep\u00fablica Argentina. Contenido propio originado por periodistas de CELTTV, el canal de TV local de la Cooperativa El\u00e9ctrica de Tornquist. Turismo, Pol\u00edtica, Sociedad, Deporte, Cultura y todo el contenido de inter\u00e9s general que la gente del pueblo y la regi\u00f3n debe conocer.","robots":{"index":"index","follow":"follow","max-snippet":"max-snippet:-1","max-image-preview":"max-image-preview:large","max-video-preview":"max-video-preview:-1"},"canonical":"https:\/\/www.celttv.com.ar\/index.php\/2012\/06\/15\/la-recoleccion-de-aparatos-electricos-y-electronicos-sera-permanente\/","og_locale":"es_ES","og_type":"article","og_title":"LA RECOLECCION DE APARATOS ELECTRICOS Y ELECTRONICOS SERA PERMANENTE - CELTTV","og_description":"Sitio web de noticias de la localidad de Tornquist, provincia de Buenos Aires, Rep\u00fablica Argentina. Contenido propio originado por periodistas de CELTTV, el canal de TV local de la Cooperativa El\u00e9ctrica de Tornquist. Turismo, Pol\u00edtica, Sociedad, Deporte, Cultura y todo el contenido de inter\u00e9s general que la gente del pueblo y la regi\u00f3n debe conocer.","og_url":"https:\/\/www.celttv.com.ar\/index.php\/2012\/06\/15\/la-recoleccion-de-aparatos-electricos-y-electronicos-sera-permanente\/","og_site_name":"CELTTV","article_publisher":"https:\/\/www.facebook.com\/celtTV\/","article_published_time":"2012-06-15T01:55:02+00:00","og_image":[{"url":"http:\/\/www.tvcnoticias.com.ar\/wp-content\/uploads\/2012\/06\/eresiduos-tecnologicos-Medium.jpg"}],"author":"ulises","twitter_card":"summary_large_image","twitter_misc":{"Escrito por":"ulises","Tiempo de lectura":"2 minutos"},"schema":{"@context":"https:\/\/schema.org","@graph":[{"@type":"NewsArticle","@id":"https:\/\/www.celttv.com.ar\/index.php\/2012\/06\/15\/la-recoleccion-de-aparatos-electricos-y-electronicos-sera-permanente\/#article","isPartOf":{"@id":"https:\/\/www.celttv.com.ar\/index.php\/2012\/06\/15\/la-recoleccion-de-aparatos-electricos-y-electronicos-sera-permanente\/"},"author":{"name":"ulises","@id":"https:\/\/www.celttv.com.ar\/#\/schema\/person\/6d99c072dba59953809c81446e9d0ace"},"headline":"LA RECOLECCION DE APARATOS ELECTRICOS Y ELECTRONICOS SERA PERMANENTE","datePublished":"2012-06-15T01:55:02+00:00","dateModified":"2012-06-15T01:55:02+00:00","mainEntityOfPage":{"@id":"https:\/\/www.celttv.com.ar\/index.php\/2012\/06\/15\/la-recoleccion-de-aparatos-electricos-y-electronicos-sera-permanente\/"},"wordCount":342,"publisher":{"@id":"https:\/\/www.celttv.com.ar\/#organization"},"articleSection":["Comunidad","Destacadas","Pol\u00edtica"],"inLanguage":"es"},{"@type":"WebPage","@id":"https:\/\/www.celttv.com.ar\/index.php\/2012\/06\/15\/la-recoleccion-de-aparatos-electricos-y-electronicos-sera-permanente\/","url":"https:\/\/www.celttv.com.ar\/index.php\/2012\/06\/15\/la-recoleccion-de-aparatos-electricos-y-electronicos-sera-permanente\/","name":"LA RECOLECCION DE APARATOS ELECTRICOS Y ELECTRONICOS SERA PERMANENTE - CELTTV","isPartOf":{"@id":"https:\/\/www.celttv.com.ar\/#website"},"datePublished":"2012-06-15T01:55:02+00:00","dateModified":"2012-06-15T01:55:02+00:00","description":"Sitio web de noticias de la localidad de Tornquist, provincia de Buenos Aires, Rep\u00fablica Argentina. Contenido propio originado por periodistas de CELTTV, el canal de TV local de la Cooperativa El\u00e9ctrica de Tornquist. Turismo, Pol\u00edtica, Sociedad, Deporte, Cultura y todo el contenido de inter\u00e9s general que la gente del pueblo y la regi\u00f3n debe conocer.","breadcrumb":{"@id":"https:\/\/www.celttv.com.ar\/index.php\/2012\/06\/15\/la-recoleccion-de-aparatos-electricos-y-electronicos-sera-permanente\/#breadcrumb"},"inLanguage":"es","potentialAction":[{"@type":"ReadAction","target":["https:\/\/www.celttv.com.ar\/index.php\/2012\/06\/15\/la-recoleccion-de-aparatos-electricos-y-electronicos-sera-permanente\/"]}]},{"@type":"BreadcrumbList","@id":"https:\/\/www.celttv.com.ar\/index.php\/2012\/06\/15\/la-recoleccion-de-aparatos-electricos-y-electronicos-sera-permanente\/#breadcrumb","itemListElement":[{"@type":"ListItem","position":1,"name":"Inicio","item":"https:\/\/www.celttv.com.ar\/"},{"@type":"ListItem","position":2,"name":"LA RECOLECCION DE APARATOS ELECTRICOS Y ELECTRONICOS SERA PERMANENTE"}]},{"@type":"WebSite","@id":"https:\/\/www.celttv.com.ar\/#website","url":"https:\/\/www.celttv.com.ar\/","name":"CELTTV","description":"Cooperativa El\u00e9ctrica de Tornquist","publisher":{"@id":"https:\/\/www.celttv.com.ar\/#organization"},"potentialAction":[{"@type":"SearchAction","target":{"@type":"EntryPoint","urlTemplate":"https:\/\/www.celttv.com.ar\/?s={search_term_string}"},"query-input":"required name=search_term_string"}],"inLanguage":"es"},{"@type":"Organization","@id":"https:\/\/www.celttv.com.ar\/#organization","name":"CELTTV","url":"https:\/\/www.celttv.com.ar\/","sameAs":["https:\/\/www.youtube.com\/channel\/UCz_oIt8Hig64Ub-EmcNPIhg","https:\/\/www.facebook.com\/celtTV\/"],"logo":{"@type":"ImageObject","inLanguage":"es","@id":"https:\/\/www.celttv.com.ar\/#\/schema\/logo\/image\/","url":"http:\/\/www.celttv.com.ar\/wp-content\/uploads\/2022\/08\/logo-1.png","contentUrl":"http:\/\/www.celttv.com.ar\/wp-content\/uploads\/2022\/08\/logo-1.png","width":461,"height":159,"caption":"CELTTV"},"image":{"@id":"https:\/\/www.celttv.com.ar\/#\/schema\/logo\/image\/"}},{"@type":"Person","@id":"https:\/\/www.celttv.com.ar\/#\/schema\/person\/6d99c072dba59953809c81446e9d0ace","name":"ulises","image":{"@type":"ImageObject","inLanguage":"es","@id":"https:\/\/www.celttv.com.ar\/#\/schema\/person\/image\/","url":"https:\/\/secure.gravatar.com\/avatar\/7f2c48bdc33b30088f941fb6082e555f2874c98e20cb159d7b92b50eadfce793?s=96&d=mm&r=g","contentUrl":"https:\/\/secure.gravatar.com\/avatar\/7f2c48bdc33b30088f941fb6082e555f2874c98e20cb159d7b92b50eadfce793?s=96&d=mm&r=g","caption":"ulises"},"sameAs":["http:\/\/www.celttv.com.ar"]}]}},"_links":{"self":[{"href":"https:\/\/www.celttv.com.ar\/index.php\/wp-json\/wp\/v2\/posts\/7148","targetHints":{"allow":["GET"]}}],"collection":[{"href":"https:\/\/www.celttv.com.ar\/index.php\/wp-json\/wp\/v2\/posts"}],"about":[{"href":"https:\/\/www.celttv.com.ar\/index.php\/wp-json\/wp\/v2\/types\/post"}],"author":[{"embeddable":true,"href":"https:\/\/www.celttv.com.ar\/index.php\/wp-json\/wp\/v2\/users\/1"}],"replies":[{"embeddable":true,"href":"https:\/\/www.celttv.com.ar\/index.php\/wp-json\/wp\/v2\/comments?post=7148"}],"version-history":[{"count":0,"href":"https:\/\/www.celttv.com.ar\/index.php\/wp-json\/wp\/v2\/posts\/7148\/revisions"}],"wp:attachment":[{"href":"https:\/\/www.celttv.com.ar\/index.php\/wp-json\/wp\/v2\/media?parent=7148"}],"wp:term":[{"taxonomy":"category","embeddable":true,"href":"https:\/\/www.celttv.com.ar\/index.php\/wp-json\/wp\/v2\/categories?post=7148"},{"taxonomy":"post_tag","embeddable":true,"href":"https:\/\/www.celttv.com.ar\/index.php\/wp-json\/wp\/v2\/tags?post=7148"}],"curies":[{"name":"wp","href":"https:\/\/api.w.org\/{rel}","templated":true}]}}