{"id":7157,"date":"2012-06-15T02:26:55","date_gmt":"2012-06-15T02:26:55","guid":{"rendered":"http:\/\/www.tvcnoticias.com.ar\/?p=7157"},"modified":"2012-06-15T02:26:55","modified_gmt":"2012-06-15T02:26:55","slug":"compacto-del-triunfo-de-automoto-frente-a-penarol-de-guamini-notas","status":"publish","type":"post","link":"https:\/\/www.celttv.com.ar\/index.php\/2012\/06\/15\/compacto-del-triunfo-de-automoto-frente-a-penarol-de-guamini-notas\/","title":{"rendered":"COMPACTO DEL TRIUNFO DE AUTOMOTO FRENTE A PE\u00d1AROL DE GUAMINI (notas)"},"content":{"rendered":"<p><span style=\"font-size: xx-small;\">El remate de Casas a los 2.30 que sac\u00f3 Gatti, hac\u00eda pensar que el equipo visitante venia con serias ambiciones y que asistir\u00edamos a un partido entretenido en virtud que Automoto, que ven\u00eda de bajar al puntero Sarmiento, no dejar\u00eda pasar la oportunidad de sumar nuevamente de a tres; pero todo quedo solamente en una &#8220;suposici\u00f3n&#8221;.<br \/>\nTal vez tuvo que ver el tempranero gol de Corinaldi, que hab\u00eda tenido una buena posibilidad a los 4:40 pero su cabezazo sali\u00f3 a las manos del arquero. A los 5\u00b4no perdon\u00f3 y capitaliz\u00f3 un centro de Villalba para darle con el parietal izquierdo y ponerla abajo contra el poste derecho de una est\u00e1tico Santerre.<br \/>\nCon la tranquilidad de estar un gol arriba y advertir las ventajas que daba en el fondo Pe\u00f1arol, todo hac\u00eda pensar que el local aprovechar\u00eda tal situaci\u00f3n. Hubo un vacio futbol\u00edstico por espacio de varios minutos y el local parec\u00eda lejos de aumentar en el marcador, pero mucho m\u00e1s lejos estaba Pe\u00f1arol de poder inquietar a Gatti.<br \/>\nA los 22\u00b4apareci\u00f3 Gigliotti cabeceando desviado desde buena posici\u00f3n, a los 23 Zerfus casi la mete en su propio arco luego de un corner azugrana, Un minuto mas tarde respond\u00eda Pe\u00f1arol con un remate de Casas que se va por arriba del travesa\u00f1o y a los 30 un remate de Villar a las manos de Santerre, fueron las m\u00e1s destacadas en ese pasaje.<br \/>\nY en el \u00faltimo tramo de la primera etapa; en una fracci\u00f3n de no mas de cinco minutos, se produjeron varias situaciones.<br \/>\nA los 37\u00b4lo derriban a Avila antes de llegar al \u00e1rea en una jugada que mereci\u00f3 una interpretaci\u00f3n m\u00e1s dr\u00e1stica de parte del \u00e1rbitro; acto seguido Gigilotti se excedi\u00f3 en el reclamo y vio la roja (minutos antes le hab\u00edan sacado la amarilla tambi\u00e9n por protestar). Luego de la pol\u00e9mica Lascano autoriza para que se remate el tiro libre y Villalba convierte un golazo, poniendo la pelota contra el palo izquierdo de Santerre que solo atin\u00f3 a mirarla.<br \/>\nA los 41 Real el comete falta a Avila, era para amarilla, y el \u00e1rbitro le muestra el cart\u00f3n rojo. Sobre las postrimer\u00edas de esta etapa Salas intent\u00f3 enviar un centro desde el fondo del terreno y la pelota se fue cerrando exigiendo la intervenci\u00f3n del arquero Santerre para salvar la ca\u00edda de su arco. Asi se fueron al descanso.<br \/>\nAl minuto del complemento se lo perdi\u00f3 Villar ante la oportuna salida de Santerre y a los 13\u00b4un remate de Maccari se fue cerca del \u00e1ngulo izquierdo.<br \/>\nA los 15\u00b4Martinez ingres\u00f3 muy solo y Gatti gan\u00f3 el mano a mano y en un segundo intento del delantero fue Alaniz el que la sac\u00f3 de la l\u00ednea.<br \/>\nAutomoto dispuso de alguna situaci\u00f3n para aumentar en los pies de Villar a los 24 y su remate sali\u00f3 apenas desviado; Salas a los 26 remat\u00f3 a las manos del arquero y nuevamente Villar a los 42\u00b4, pero ataj\u00f3 Santerre.<br \/>\nLa \u00faltima favorable a Pe\u00f1arol fue a los 38 con una media vuelta de Phillips que Alaniz saca de la l\u00ednea.<br \/>\nY ca\u00eda el tel\u00f3n para un partido de tr\u00e1mite aburrido, pero donde el local fue mejor y eso le permiti\u00f3 sumar nuevamente de a tres y seguir escalando posiciones en este campeonato.<br \/>\n<\/span><br \/>\n<a>httpv:\/\/www.youtube.com\/watch?v=e2Lzei25Ztk<\/a><br \/>\n<a href=\"http:\/\/www.youtube.com\/watch?v=6Yo1bgDfi8Y\">httpv:\/\/www.youtube.com\/watch?v=6Yo1bgDfi8Y<\/a><\/p>\n","protected":false},"excerpt":{"rendered":"<p>El remate de Casas a los 2.30 que sac\u00f3 Gatti, hac\u00eda pensar que el equipo visitante venia con serias ambiciones y que asistir\u00edamos a un partido entretenido en virtud que Automoto, que ven\u00eda de bajar al puntero Sarmiento, no dejar\u00eda pasar la oportunidad de sumar nuevamente de a tres; pero todo quedo solamente en una [&hellip;]<\/p>\n","protected":false},"author":1,"featured_media":0,"comment_status":"closed","ping_status":"open","sticky":false,"template":"","format":"standard","meta":{"footnotes":""},"categories":[60,52,64],"tags":[],"class_list":["post-7157","post","type-post","status-publish","format-standard","hentry","category-deporte","category-destacadas","category-videos-destacados"],"yoast_head":"<!-- This site is optimized with the Yoast SEO plugin v19.7.1 - https:\/\/yoast.com\/wordpress\/plugins\/seo\/ -->\n<title>COMPACTO DEL TRIUNFO DE AUTOMOTO FRENTE A PE\u00d1AROL DE GUAMINI (notas) - CELTTV<\/title>\n<meta name=\"description\" content=\"Sitio web de noticias de la localidad de Tornquist, provincia de Buenos Aires, Rep\u00fablica Argentina. Contenido propio originado por periodistas de CELTTV, el canal de TV local de la Cooperativa El\u00e9ctrica de Tornquist. Turismo, Pol\u00edtica, Sociedad, Deporte, Cultura y todo el contenido de inter\u00e9s general que la gente del pueblo y la regi\u00f3n debe conocer.\" \/>\n<meta name=\"robots\" content=\"index, follow, max-snippet:-1, max-image-preview:large, max-video-preview:-1\" \/>\n<link rel=\"canonical\" href=\"https:\/\/www.celttv.com.ar\/index.php\/2012\/06\/15\/compacto-del-triunfo-de-automoto-frente-a-penarol-de-guamini-notas\/\" \/>\n<meta property=\"og:locale\" content=\"es_ES\" \/>\n<meta property=\"og:type\" content=\"article\" \/>\n<meta property=\"og:title\" content=\"COMPACTO DEL TRIUNFO DE AUTOMOTO FRENTE A PE\u00d1AROL DE GUAMINI (notas) - CELTTV\" \/>\n<meta property=\"og:description\" content=\"Sitio web de noticias de la localidad de Tornquist, provincia de Buenos Aires, Rep\u00fablica Argentina. Contenido propio originado por periodistas de CELTTV, el canal de TV local de la Cooperativa El\u00e9ctrica de Tornquist. Turismo, Pol\u00edtica, Sociedad, Deporte, Cultura y todo el contenido de inter\u00e9s general que la gente del pueblo y la regi\u00f3n debe conocer.\" \/>\n<meta property=\"og:url\" content=\"https:\/\/www.celttv.com.ar\/index.php\/2012\/06\/15\/compacto-del-triunfo-de-automoto-frente-a-penarol-de-guamini-notas\/\" \/>\n<meta property=\"og:site_name\" content=\"CELTTV\" \/>\n<meta property=\"article:publisher\" content=\"https:\/\/www.facebook.com\/celtTV\/\" \/>\n<meta property=\"article:published_time\" content=\"2012-06-15T02:26:55+00:00\" \/>\n<meta name=\"author\" content=\"ulises\" \/>\n<meta name=\"twitter:card\" content=\"summary_large_image\" \/>\n<meta name=\"twitter:label1\" content=\"Escrito por\" \/>\n\t<meta name=\"twitter:data1\" content=\"ulises\" \/>\n\t<meta name=\"twitter:label2\" content=\"Tiempo de lectura\" \/>\n\t<meta name=\"twitter:data2\" content=\"3 minutos\" \/>\n<script type=\"application\/ld+json\" class=\"yoast-schema-graph\">{\"@context\":\"https:\/\/schema.org\",\"@graph\":[{\"@type\":\"NewsArticle\",\"@id\":\"https:\/\/www.celttv.com.ar\/index.php\/2012\/06\/15\/compacto-del-triunfo-de-automoto-frente-a-penarol-de-guamini-notas\/#article\",\"isPartOf\":{\"@id\":\"https:\/\/www.celttv.com.ar\/index.php\/2012\/06\/15\/compacto-del-triunfo-de-automoto-frente-a-penarol-de-guamini-notas\/\"},\"author\":{\"name\":\"ulises\",\"@id\":\"https:\/\/www.celttv.com.ar\/#\/schema\/person\/6d99c072dba59953809c81446e9d0ace\"},\"headline\":\"COMPACTO DEL TRIUNFO DE AUTOMOTO FRENTE A PE\u00d1AROL DE GUAMINI (notas)\",\"datePublished\":\"2012-06-15T02:26:55+00:00\",\"dateModified\":\"2012-06-15T02:26:55+00:00\",\"mainEntityOfPage\":{\"@id\":\"https:\/\/www.celttv.com.ar\/index.php\/2012\/06\/15\/compacto-del-triunfo-de-automoto-frente-a-penarol-de-guamini-notas\/\"},\"wordCount\":599,\"publisher\":{\"@id\":\"https:\/\/www.celttv.com.ar\/#organization\"},\"articleSection\":[\"Deporte\",\"Destacadas\",\"Videos Destacados\"],\"inLanguage\":\"es\"},{\"@type\":\"WebPage\",\"@id\":\"https:\/\/www.celttv.com.ar\/index.php\/2012\/06\/15\/compacto-del-triunfo-de-automoto-frente-a-penarol-de-guamini-notas\/\",\"url\":\"https:\/\/www.celttv.com.ar\/index.php\/2012\/06\/15\/compacto-del-triunfo-de-automoto-frente-a-penarol-de-guamini-notas\/\",\"name\":\"COMPACTO DEL TRIUNFO DE AUTOMOTO FRENTE A PE\u00d1AROL DE GUAMINI (notas) - CELTTV\",\"isPartOf\":{\"@id\":\"https:\/\/www.celttv.com.ar\/#website\"},\"datePublished\":\"2012-06-15T02:26:55+00:00\",\"dateModified\":\"2012-06-15T02:26:55+00:00\",\"description\":\"Sitio web de noticias de la localidad de Tornquist, provincia de Buenos Aires, Rep\u00fablica Argentina. Contenido propio originado por periodistas de CELTTV, el canal de TV local de la Cooperativa El\u00e9ctrica de Tornquist. Turismo, Pol\u00edtica, Sociedad, Deporte, Cultura y todo el contenido de inter\u00e9s general que la gente del pueblo y la regi\u00f3n debe conocer.\",\"breadcrumb\":{\"@id\":\"https:\/\/www.celttv.com.ar\/index.php\/2012\/06\/15\/compacto-del-triunfo-de-automoto-frente-a-penarol-de-guamini-notas\/#breadcrumb\"},\"inLanguage\":\"es\",\"potentialAction\":[{\"@type\":\"ReadAction\",\"target\":[\"https:\/\/www.celttv.com.ar\/index.php\/2012\/06\/15\/compacto-del-triunfo-de-automoto-frente-a-penarol-de-guamini-notas\/\"]}]},{\"@type\":\"BreadcrumbList\",\"@id\":\"https:\/\/www.celttv.com.ar\/index.php\/2012\/06\/15\/compacto-del-triunfo-de-automoto-frente-a-penarol-de-guamini-notas\/#breadcrumb\",\"itemListElement\":[{\"@type\":\"ListItem\",\"position\":1,\"name\":\"Inicio\",\"item\":\"https:\/\/www.celttv.com.ar\/\"},{\"@type\":\"ListItem\",\"position\":2,\"name\":\"COMPACTO DEL TRIUNFO DE AUTOMOTO FRENTE A PE\u00d1AROL DE GUAMINI (notas)\"}]},{\"@type\":\"WebSite\",\"@id\":\"https:\/\/www.celttv.com.ar\/#website\",\"url\":\"https:\/\/www.celttv.com.ar\/\",\"name\":\"CELTTV\",\"description\":\"Cooperativa El\u00e9ctrica de Tornquist\",\"publisher\":{\"@id\":\"https:\/\/www.celttv.com.ar\/#organization\"},\"potentialAction\":[{\"@type\":\"SearchAction\",\"target\":{\"@type\":\"EntryPoint\",\"urlTemplate\":\"https:\/\/www.celttv.com.ar\/?s={search_term_string}\"},\"query-input\":\"required name=search_term_string\"}],\"inLanguage\":\"es\"},{\"@type\":\"Organization\",\"@id\":\"https:\/\/www.celttv.com.ar\/#organization\",\"name\":\"CELTTV\",\"url\":\"https:\/\/www.celttv.com.ar\/\",\"sameAs\":[\"https:\/\/www.youtube.com\/channel\/UCz_oIt8Hig64Ub-EmcNPIhg\",\"https:\/\/www.facebook.com\/celtTV\/\"],\"logo\":{\"@type\":\"ImageObject\",\"inLanguage\":\"es\",\"@id\":\"https:\/\/www.celttv.com.ar\/#\/schema\/logo\/image\/\",\"url\":\"http:\/\/www.celttv.com.ar\/wp-content\/uploads\/2022\/08\/logo-1.png\",\"contentUrl\":\"http:\/\/www.celttv.com.ar\/wp-content\/uploads\/2022\/08\/logo-1.png\",\"width\":461,\"height\":159,\"caption\":\"CELTTV\"},\"image\":{\"@id\":\"https:\/\/www.celttv.com.ar\/#\/schema\/logo\/image\/\"}},{\"@type\":\"Person\",\"@id\":\"https:\/\/www.celttv.com.ar\/#\/schema\/person\/6d99c072dba59953809c81446e9d0ace\",\"name\":\"ulises\",\"image\":{\"@type\":\"ImageObject\",\"inLanguage\":\"es\",\"@id\":\"https:\/\/www.celttv.com.ar\/#\/schema\/person\/image\/\",\"url\":\"https:\/\/secure.gravatar.com\/avatar\/7f2c48bdc33b30088f941fb6082e555f2874c98e20cb159d7b92b50eadfce793?s=96&d=mm&r=g\",\"contentUrl\":\"https:\/\/secure.gravatar.com\/avatar\/7f2c48bdc33b30088f941fb6082e555f2874c98e20cb159d7b92b50eadfce793?s=96&d=mm&r=g\",\"caption\":\"ulises\"},\"sameAs\":[\"http:\/\/www.celttv.com.ar\"]}]}<\/script>\n<!-- \/ Yoast SEO plugin. -->","yoast_head_json":{"title":"COMPACTO DEL TRIUNFO DE AUTOMOTO FRENTE A PE\u00d1AROL DE GUAMINI (notas) - CELTTV","description":"Sitio web de noticias de la localidad de Tornquist, provincia de Buenos Aires, Rep\u00fablica Argentina. Contenido propio originado por periodistas de CELTTV, el canal de TV local de la Cooperativa El\u00e9ctrica de Tornquist. Turismo, Pol\u00edtica, Sociedad, Deporte, Cultura y todo el contenido de inter\u00e9s general que la gente del pueblo y la regi\u00f3n debe conocer.","robots":{"index":"index","follow":"follow","max-snippet":"max-snippet:-1","max-image-preview":"max-image-preview:large","max-video-preview":"max-video-preview:-1"},"canonical":"https:\/\/www.celttv.com.ar\/index.php\/2012\/06\/15\/compacto-del-triunfo-de-automoto-frente-a-penarol-de-guamini-notas\/","og_locale":"es_ES","og_type":"article","og_title":"COMPACTO DEL TRIUNFO DE AUTOMOTO FRENTE A PE\u00d1AROL DE GUAMINI (notas) - CELTTV","og_description":"Sitio web de noticias de la localidad de Tornquist, provincia de Buenos Aires, Rep\u00fablica Argentina. Contenido propio originado por periodistas de CELTTV, el canal de TV local de la Cooperativa El\u00e9ctrica de Tornquist. Turismo, Pol\u00edtica, Sociedad, Deporte, Cultura y todo el contenido de inter\u00e9s general que la gente del pueblo y la regi\u00f3n debe conocer.","og_url":"https:\/\/www.celttv.com.ar\/index.php\/2012\/06\/15\/compacto-del-triunfo-de-automoto-frente-a-penarol-de-guamini-notas\/","og_site_name":"CELTTV","article_publisher":"https:\/\/www.facebook.com\/celtTV\/","article_published_time":"2012-06-15T02:26:55+00:00","author":"ulises","twitter_card":"summary_large_image","twitter_misc":{"Escrito por":"ulises","Tiempo de lectura":"3 minutos"},"schema":{"@context":"https:\/\/schema.org","@graph":[{"@type":"NewsArticle","@id":"https:\/\/www.celttv.com.ar\/index.php\/2012\/06\/15\/compacto-del-triunfo-de-automoto-frente-a-penarol-de-guamini-notas\/#article","isPartOf":{"@id":"https:\/\/www.celttv.com.ar\/index.php\/2012\/06\/15\/compacto-del-triunfo-de-automoto-frente-a-penarol-de-guamini-notas\/"},"author":{"name":"ulises","@id":"https:\/\/www.celttv.com.ar\/#\/schema\/person\/6d99c072dba59953809c81446e9d0ace"},"headline":"COMPACTO DEL TRIUNFO DE AUTOMOTO FRENTE A PE\u00d1AROL DE GUAMINI (notas)","datePublished":"2012-06-15T02:26:55+00:00","dateModified":"2012-06-15T02:26:55+00:00","mainEntityOfPage":{"@id":"https:\/\/www.celttv.com.ar\/index.php\/2012\/06\/15\/compacto-del-triunfo-de-automoto-frente-a-penarol-de-guamini-notas\/"},"wordCount":599,"publisher":{"@id":"https:\/\/www.celttv.com.ar\/#organization"},"articleSection":["Deporte","Destacadas","Videos Destacados"],"inLanguage":"es"},{"@type":"WebPage","@id":"https:\/\/www.celttv.com.ar\/index.php\/2012\/06\/15\/compacto-del-triunfo-de-automoto-frente-a-penarol-de-guamini-notas\/","url":"https:\/\/www.celttv.com.ar\/index.php\/2012\/06\/15\/compacto-del-triunfo-de-automoto-frente-a-penarol-de-guamini-notas\/","name":"COMPACTO DEL TRIUNFO DE AUTOMOTO FRENTE A PE\u00d1AROL DE GUAMINI (notas) - CELTTV","isPartOf":{"@id":"https:\/\/www.celttv.com.ar\/#website"},"datePublished":"2012-06-15T02:26:55+00:00","dateModified":"2012-06-15T02:26:55+00:00","description":"Sitio web de noticias de la localidad de Tornquist, provincia de Buenos Aires, Rep\u00fablica Argentina. Contenido propio originado por periodistas de CELTTV, el canal de TV local de la Cooperativa El\u00e9ctrica de Tornquist. Turismo, Pol\u00edtica, Sociedad, Deporte, Cultura y todo el contenido de inter\u00e9s general que la gente del pueblo y la regi\u00f3n debe conocer.","breadcrumb":{"@id":"https:\/\/www.celttv.com.ar\/index.php\/2012\/06\/15\/compacto-del-triunfo-de-automoto-frente-a-penarol-de-guamini-notas\/#breadcrumb"},"inLanguage":"es","potentialAction":[{"@type":"ReadAction","target":["https:\/\/www.celttv.com.ar\/index.php\/2012\/06\/15\/compacto-del-triunfo-de-automoto-frente-a-penarol-de-guamini-notas\/"]}]},{"@type":"BreadcrumbList","@id":"https:\/\/www.celttv.com.ar\/index.php\/2012\/06\/15\/compacto-del-triunfo-de-automoto-frente-a-penarol-de-guamini-notas\/#breadcrumb","itemListElement":[{"@type":"ListItem","position":1,"name":"Inicio","item":"https:\/\/www.celttv.com.ar\/"},{"@type":"ListItem","position":2,"name":"COMPACTO DEL TRIUNFO DE AUTOMOTO FRENTE A PE\u00d1AROL DE GUAMINI (notas)"}]},{"@type":"WebSite","@id":"https:\/\/www.celttv.com.ar\/#website","url":"https:\/\/www.celttv.com.ar\/","name":"CELTTV","description":"Cooperativa El\u00e9ctrica de Tornquist","publisher":{"@id":"https:\/\/www.celttv.com.ar\/#organization"},"potentialAction":[{"@type":"SearchAction","target":{"@type":"EntryPoint","urlTemplate":"https:\/\/www.celttv.com.ar\/?s={search_term_string}"},"query-input":"required name=search_term_string"}],"inLanguage":"es"},{"@type":"Organization","@id":"https:\/\/www.celttv.com.ar\/#organization","name":"CELTTV","url":"https:\/\/www.celttv.com.ar\/","sameAs":["https:\/\/www.youtube.com\/channel\/UCz_oIt8Hig64Ub-EmcNPIhg","https:\/\/www.facebook.com\/celtTV\/"],"logo":{"@type":"ImageObject","inLanguage":"es","@id":"https:\/\/www.celttv.com.ar\/#\/schema\/logo\/image\/","url":"http:\/\/www.celttv.com.ar\/wp-content\/uploads\/2022\/08\/logo-1.png","contentUrl":"http:\/\/www.celttv.com.ar\/wp-content\/uploads\/2022\/08\/logo-1.png","width":461,"height":159,"caption":"CELTTV"},"image":{"@id":"https:\/\/www.celttv.com.ar\/#\/schema\/logo\/image\/"}},{"@type":"Person","@id":"https:\/\/www.celttv.com.ar\/#\/schema\/person\/6d99c072dba59953809c81446e9d0ace","name":"ulises","image":{"@type":"ImageObject","inLanguage":"es","@id":"https:\/\/www.celttv.com.ar\/#\/schema\/person\/image\/","url":"https:\/\/secure.gravatar.com\/avatar\/7f2c48bdc33b30088f941fb6082e555f2874c98e20cb159d7b92b50eadfce793?s=96&d=mm&r=g","contentUrl":"https:\/\/secure.gravatar.com\/avatar\/7f2c48bdc33b30088f941fb6082e555f2874c98e20cb159d7b92b50eadfce793?s=96&d=mm&r=g","caption":"ulises"},"sameAs":["http:\/\/www.celttv.com.ar"]}]}},"_links":{"self":[{"href":"https:\/\/www.celttv.com.ar\/index.php\/wp-json\/wp\/v2\/posts\/7157","targetHints":{"allow":["GET"]}}],"collection":[{"href":"https:\/\/www.celttv.com.ar\/index.php\/wp-json\/wp\/v2\/posts"}],"about":[{"href":"https:\/\/www.celttv.com.ar\/index.php\/wp-json\/wp\/v2\/types\/post"}],"author":[{"embeddable":true,"href":"https:\/\/www.celttv.com.ar\/index.php\/wp-json\/wp\/v2\/users\/1"}],"replies":[{"embeddable":true,"href":"https:\/\/www.celttv.com.ar\/index.php\/wp-json\/wp\/v2\/comments?post=7157"}],"version-history":[{"count":0,"href":"https:\/\/www.celttv.com.ar\/index.php\/wp-json\/wp\/v2\/posts\/7157\/revisions"}],"wp:attachment":[{"href":"https:\/\/www.celttv.com.ar\/index.php\/wp-json\/wp\/v2\/media?parent=7157"}],"wp:term":[{"taxonomy":"category","embeddable":true,"href":"https:\/\/www.celttv.com.ar\/index.php\/wp-json\/wp\/v2\/categories?post=7157"},{"taxonomy":"post_tag","embeddable":true,"href":"https:\/\/www.celttv.com.ar\/index.php\/wp-json\/wp\/v2\/tags?post=7157"}],"curies":[{"name":"wp","href":"https:\/\/api.w.org\/{rel}","templated":true}]}}