{"id":71607,"date":"2022-11-22T14:12:55","date_gmt":"2022-11-22T17:12:55","guid":{"rendered":"http:\/\/www.celttv.com.ar\/?p=71607"},"modified":"2022-11-22T14:12:55","modified_gmt":"2022-11-22T17:12:55","slug":"el-distrito-de-tornquist-representado-en-la-instanci-provincial-de-la-feria-de-actividades-cientificas-tecnologicas-y-educativas-acte","status":"publish","type":"post","link":"https:\/\/www.celttv.com.ar\/index.php\/2022\/11\/22\/el-distrito-de-tornquist-representado-en-la-instanci-provincial-de-la-feria-de-actividades-cientificas-tecnologicas-y-educativas-acte\/","title":{"rendered":"El distrito de Tornquist Representado en la instanci provincial de la Feria de Actividades Cient\u00edficas, Tecnol\u00f3gicas y Educativas ACTE"},"content":{"rendered":"<p class=\"yiv5660871204MsoNormal\">El Jard\u00edn de infantes N\u00b0 902 de Saldungaray represent\u00f3 al distrito de Tornquist en la instancia provincial de la Feria de Actividades Cient\u00edficas y Tecnol\u00f3gicas Educativas, ACTE, que se llev\u00f3 adelante los d\u00edas 20 y 21 de noviembre en la Ciudad de Mar del Plata. Con el proyecto \u201cEnciclopedias 3D de los bichos beneficiosos y maliciosos de la Huerta\u201d las docentes D\u00e9bora Chiuca Foitzick, y Claudia Franc\u00e9s, quien es adem\u00e1s la directora del jard\u00edn N\u00b0902, participaron de varios d\u00edas de intercambio, exposici\u00f3n de trabajos, y encuentro con colegas.<\/p>\n<p class=\"yiv5660871204MsoNormal\">Las docentes expresaron que fue una maravillosa experiencia, y agrega la directora Claudia Franc\u00e9s que \u201cpoder compartir y socializar experiencias con instituciones de diferentes \u00e1mbitos es muy enriquecedor y fortalece la apuesta diaria de los docentes a ofrecer una educaci\u00f3n de calidad para nuestros ni\u00f1os y ni\u00f1as, con una mirada inclusiva que genere iguales oportunidades para todos y cada uno de los alumnos y alumnas de nuestra inmensa y diversa provincia. Enormemente felices con D\u00e9bora por haber tenido la posibilidad de esta maravillosa experiencia y vamos por m\u00e1s, ya que armamos un grupo con docentes y directoras de distintas regiones del nivel para seguir articulando y compartiendo experiencias de mucho aprendizaje.\u201d<\/p>\n<p class=\"yiv5660871204MsoNormal\">Nos llena de alegr\u00eda que el esfuerzo y el trabajo para fortalecer la educaci\u00f3n en el distrito haya sido tan provechoso y gratificante. Saludamos a las docentes involucradas, y felicitamos a toda la instituci\u00f3n por todo el compromiso en la tarea. El a\u00f1o que viene las esperamos nuevamente para seguir trabajando en conjunto!!<\/p>\n<p class=\"yiv5660871204MsoNormal\">Jefatura Distrital<\/p>\n<p><img loading=\"lazy\" decoding=\"async\" class=\"alignnone wp-image-71608 size-large\" src=\"http:\/\/www.celttv.com.ar\/wp-content\/uploads\/2022\/11\/thumbnail-1-1024x626.jpg\" alt=\"\" width=\"1024\" height=\"626\" srcset=\"https:\/\/www.celttv.com.ar\/wp-content\/uploads\/2022\/11\/thumbnail-1-1024x626.jpg 1024w, https:\/\/www.celttv.com.ar\/wp-content\/uploads\/2022\/11\/thumbnail-1-300x183.jpg 300w, https:\/\/www.celttv.com.ar\/wp-content\/uploads\/2022\/11\/thumbnail-1-768x469.jpg 768w, https:\/\/www.celttv.com.ar\/wp-content\/uploads\/2022\/11\/thumbnail-1-750x458.jpg 750w, https:\/\/www.celttv.com.ar\/wp-content\/uploads\/2022\/11\/thumbnail-1.jpg 1080w\" sizes=\"auto, (max-width: 1024px) 100vw, 1024px\" \/> <img loading=\"lazy\" decoding=\"async\" class=\"alignnone wp-image-71609 size-large\" src=\"http:\/\/www.celttv.com.ar\/wp-content\/uploads\/2022\/11\/thumbnail-1024x638.jpg\" alt=\"\" width=\"1024\" height=\"638\" srcset=\"https:\/\/www.celttv.com.ar\/wp-content\/uploads\/2022\/11\/thumbnail-1024x638.jpg 1024w, https:\/\/www.celttv.com.ar\/wp-content\/uploads\/2022\/11\/thumbnail-300x187.jpg 300w, https:\/\/www.celttv.com.ar\/wp-content\/uploads\/2022\/11\/thumbnail-768x478.jpg 768w, https:\/\/www.celttv.com.ar\/wp-content\/uploads\/2022\/11\/thumbnail-750x467.jpg 750w, https:\/\/www.celttv.com.ar\/wp-content\/uploads\/2022\/11\/thumbnail-1140x710.jpg 1140w, https:\/\/www.celttv.com.ar\/wp-content\/uploads\/2022\/11\/thumbnail.jpg 1280w\" sizes=\"auto, (max-width: 1024px) 100vw, 1024px\" \/><\/p>\n","protected":false},"excerpt":{"rendered":"<p>El Jard\u00edn de infantes N\u00b0 902 de Saldungaray represent\u00f3 al distrito de Tornquist en la instancia provincial de la Feria de Actividades Cient\u00edficas y Tecnol\u00f3gicas Educativas, ACTE, que se llev\u00f3 adelante los d\u00edas 20 y 21 de noviembre en la Ciudad de Mar del Plata. Con el proyecto \u201cEnciclopedias 3D de los bichos beneficiosos y [&hellip;]<\/p>\n","protected":false},"author":3,"featured_media":71608,"comment_status":"closed","ping_status":"closed","sticky":false,"template":"","format":"standard","meta":{"footnotes":""},"categories":[55],"tags":[],"class_list":["post-71607","post","type-post","status-publish","format-standard","has-post-thumbnail","hentry","category-celt-tv-noticias"],"yoast_head":"<!-- This site is optimized with the Yoast SEO plugin v19.7.1 - https:\/\/yoast.com\/wordpress\/plugins\/seo\/ -->\n<title>El distrito de Tornquist Representado en la instanci provincial de la Feria de Actividades Cient\u00edficas, Tecnol\u00f3gicas y Educativas ACTE - CELTTV<\/title>\n<meta name=\"description\" content=\"Sitio web de noticias de la localidad de Tornquist, provincia de Buenos Aires, Rep\u00fablica Argentina. Contenido propio originado por periodistas de CELTTV, el canal de TV local de la Cooperativa El\u00e9ctrica de Tornquist. Turismo, Pol\u00edtica, Sociedad, Deporte, Cultura y todo el contenido de inter\u00e9s general que la gente del pueblo y la regi\u00f3n debe conocer.\" \/>\n<meta name=\"robots\" content=\"index, follow, max-snippet:-1, max-image-preview:large, max-video-preview:-1\" \/>\n<link rel=\"canonical\" href=\"https:\/\/www.celttv.com.ar\/index.php\/2022\/11\/22\/el-distrito-de-tornquist-representado-en-la-instanci-provincial-de-la-feria-de-actividades-cientificas-tecnologicas-y-educativas-acte\/\" \/>\n<meta property=\"og:locale\" content=\"es_ES\" \/>\n<meta property=\"og:type\" content=\"article\" \/>\n<meta property=\"og:title\" content=\"El distrito de Tornquist Representado en la instanci provincial de la Feria de Actividades Cient\u00edficas, Tecnol\u00f3gicas y Educativas ACTE - CELTTV\" \/>\n<meta property=\"og:description\" content=\"Sitio web de noticias de la localidad de Tornquist, provincia de Buenos Aires, Rep\u00fablica Argentina. Contenido propio originado por periodistas de CELTTV, el canal de TV local de la Cooperativa El\u00e9ctrica de Tornquist. Turismo, Pol\u00edtica, Sociedad, Deporte, Cultura y todo el contenido de inter\u00e9s general que la gente del pueblo y la regi\u00f3n debe conocer.\" \/>\n<meta property=\"og:url\" content=\"https:\/\/www.celttv.com.ar\/index.php\/2022\/11\/22\/el-distrito-de-tornquist-representado-en-la-instanci-provincial-de-la-feria-de-actividades-cientificas-tecnologicas-y-educativas-acte\/\" \/>\n<meta property=\"og:site_name\" content=\"CELTTV\" \/>\n<meta property=\"article:publisher\" content=\"https:\/\/www.facebook.com\/celtTV\/\" \/>\n<meta property=\"article:published_time\" content=\"2022-11-22T17:12:55+00:00\" \/>\n<meta property=\"og:image\" content=\"https:\/\/www.celttv.com.ar\/wp-content\/uploads\/2022\/11\/thumbnail-1.jpg\" \/>\n\t<meta property=\"og:image:width\" content=\"1080\" \/>\n\t<meta property=\"og:image:height\" content=\"660\" \/>\n\t<meta property=\"og:image:type\" content=\"image\/jpeg\" \/>\n<meta name=\"author\" content=\"Rodrigo Sgammini\" \/>\n<meta name=\"twitter:card\" content=\"summary_large_image\" \/>\n<meta name=\"twitter:label1\" content=\"Escrito por\" \/>\n\t<meta name=\"twitter:data1\" content=\"Rodrigo Sgammini\" \/>\n\t<meta name=\"twitter:label2\" content=\"Tiempo de lectura\" \/>\n\t<meta name=\"twitter:data2\" content=\"1 minuto\" \/>\n<script type=\"application\/ld+json\" class=\"yoast-schema-graph\">{\"@context\":\"https:\/\/schema.org\",\"@graph\":[{\"@type\":\"NewsArticle\",\"@id\":\"https:\/\/www.celttv.com.ar\/index.php\/2022\/11\/22\/el-distrito-de-tornquist-representado-en-la-instanci-provincial-de-la-feria-de-actividades-cientificas-tecnologicas-y-educativas-acte\/#article\",\"isPartOf\":{\"@id\":\"https:\/\/www.celttv.com.ar\/index.php\/2022\/11\/22\/el-distrito-de-tornquist-representado-en-la-instanci-provincial-de-la-feria-de-actividades-cientificas-tecnologicas-y-educativas-acte\/\"},\"author\":{\"name\":\"Rodrigo Sgammini\",\"@id\":\"https:\/\/www.celttv.com.ar\/#\/schema\/person\/495be51d064edd971d8457f8f64eb172\"},\"headline\":\"El distrito de Tornquist Representado en la instanci provincial de la Feria de Actividades Cient\u00edficas, Tecnol\u00f3gicas y Educativas ACTE\",\"datePublished\":\"2022-11-22T17:12:55+00:00\",\"dateModified\":\"2022-11-22T17:12:55+00:00\",\"mainEntityOfPage\":{\"@id\":\"https:\/\/www.celttv.com.ar\/index.php\/2022\/11\/22\/el-distrito-de-tornquist-representado-en-la-instanci-provincial-de-la-feria-de-actividades-cientificas-tecnologicas-y-educativas-acte\/\"},\"wordCount\":292,\"publisher\":{\"@id\":\"https:\/\/www.celttv.com.ar\/#organization\"},\"articleSection\":[\"Celt TV Noticias\"],\"inLanguage\":\"es\"},{\"@type\":\"WebPage\",\"@id\":\"https:\/\/www.celttv.com.ar\/index.php\/2022\/11\/22\/el-distrito-de-tornquist-representado-en-la-instanci-provincial-de-la-feria-de-actividades-cientificas-tecnologicas-y-educativas-acte\/\",\"url\":\"https:\/\/www.celttv.com.ar\/index.php\/2022\/11\/22\/el-distrito-de-tornquist-representado-en-la-instanci-provincial-de-la-feria-de-actividades-cientificas-tecnologicas-y-educativas-acte\/\",\"name\":\"El distrito de Tornquist Representado en la instanci provincial de la Feria de Actividades Cient\u00edficas, Tecnol\u00f3gicas y Educativas ACTE - CELTTV\",\"isPartOf\":{\"@id\":\"https:\/\/www.celttv.com.ar\/#website\"},\"datePublished\":\"2022-11-22T17:12:55+00:00\",\"dateModified\":\"2022-11-22T17:12:55+00:00\",\"description\":\"Sitio web de noticias de la localidad de Tornquist, provincia de Buenos Aires, Rep\u00fablica Argentina. Contenido propio originado por periodistas de CELTTV, el canal de TV local de la Cooperativa El\u00e9ctrica de Tornquist. Turismo, Pol\u00edtica, Sociedad, Deporte, Cultura y todo el contenido de inter\u00e9s general que la gente del pueblo y la regi\u00f3n debe conocer.\",\"breadcrumb\":{\"@id\":\"https:\/\/www.celttv.com.ar\/index.php\/2022\/11\/22\/el-distrito-de-tornquist-representado-en-la-instanci-provincial-de-la-feria-de-actividades-cientificas-tecnologicas-y-educativas-acte\/#breadcrumb\"},\"inLanguage\":\"es\",\"potentialAction\":[{\"@type\":\"ReadAction\",\"target\":[\"https:\/\/www.celttv.com.ar\/index.php\/2022\/11\/22\/el-distrito-de-tornquist-representado-en-la-instanci-provincial-de-la-feria-de-actividades-cientificas-tecnologicas-y-educativas-acte\/\"]}]},{\"@type\":\"BreadcrumbList\",\"@id\":\"https:\/\/www.celttv.com.ar\/index.php\/2022\/11\/22\/el-distrito-de-tornquist-representado-en-la-instanci-provincial-de-la-feria-de-actividades-cientificas-tecnologicas-y-educativas-acte\/#breadcrumb\",\"itemListElement\":[{\"@type\":\"ListItem\",\"position\":1,\"name\":\"Inicio\",\"item\":\"https:\/\/www.celttv.com.ar\/\"},{\"@type\":\"ListItem\",\"position\":2,\"name\":\"El distrito de Tornquist Representado en la instanci provincial de la Feria de Actividades Cient\u00edficas, Tecnol\u00f3gicas y Educativas ACTE\"}]},{\"@type\":\"WebSite\",\"@id\":\"https:\/\/www.celttv.com.ar\/#website\",\"url\":\"https:\/\/www.celttv.com.ar\/\",\"name\":\"CELTTV\",\"description\":\"Cooperativa El\u00e9ctrica de Tornquist\",\"publisher\":{\"@id\":\"https:\/\/www.celttv.com.ar\/#organization\"},\"potentialAction\":[{\"@type\":\"SearchAction\",\"target\":{\"@type\":\"EntryPoint\",\"urlTemplate\":\"https:\/\/www.celttv.com.ar\/?s={search_term_string}\"},\"query-input\":\"required name=search_term_string\"}],\"inLanguage\":\"es\"},{\"@type\":\"Organization\",\"@id\":\"https:\/\/www.celttv.com.ar\/#organization\",\"name\":\"CELTTV\",\"url\":\"https:\/\/www.celttv.com.ar\/\",\"sameAs\":[\"https:\/\/www.youtube.com\/channel\/UCz_oIt8Hig64Ub-EmcNPIhg\",\"https:\/\/www.facebook.com\/celtTV\/\"],\"logo\":{\"@type\":\"ImageObject\",\"inLanguage\":\"es\",\"@id\":\"https:\/\/www.celttv.com.ar\/#\/schema\/logo\/image\/\",\"url\":\"http:\/\/www.celttv.com.ar\/wp-content\/uploads\/2022\/08\/logo-1.png\",\"contentUrl\":\"http:\/\/www.celttv.com.ar\/wp-content\/uploads\/2022\/08\/logo-1.png\",\"width\":461,\"height\":159,\"caption\":\"CELTTV\"},\"image\":{\"@id\":\"https:\/\/www.celttv.com.ar\/#\/schema\/logo\/image\/\"}},{\"@type\":\"Person\",\"@id\":\"https:\/\/www.celttv.com.ar\/#\/schema\/person\/495be51d064edd971d8457f8f64eb172\",\"name\":\"Rodrigo Sgammini\",\"image\":{\"@type\":\"ImageObject\",\"inLanguage\":\"es\",\"@id\":\"https:\/\/www.celttv.com.ar\/#\/schema\/person\/image\/\",\"url\":\"https:\/\/secure.gravatar.com\/avatar\/68f7848d42735e7a9276b47cd6e606327d88f521c51ae39d88888b76902e2987?s=96&d=mm&r=g\",\"contentUrl\":\"https:\/\/secure.gravatar.com\/avatar\/68f7848d42735e7a9276b47cd6e606327d88f521c51ae39d88888b76902e2987?s=96&d=mm&r=g\",\"caption\":\"Rodrigo Sgammini\"}}]}<\/script>\n<!-- \/ Yoast SEO plugin. -->","yoast_head_json":{"title":"El distrito de Tornquist Representado en la instanci provincial de la Feria de Actividades Cient\u00edficas, Tecnol\u00f3gicas y Educativas ACTE - CELTTV","description":"Sitio web de noticias de la localidad de Tornquist, provincia de Buenos Aires, Rep\u00fablica Argentina. Contenido propio originado por periodistas de CELTTV, el canal de TV local de la Cooperativa El\u00e9ctrica de Tornquist. Turismo, Pol\u00edtica, Sociedad, Deporte, Cultura y todo el contenido de inter\u00e9s general que la gente del pueblo y la regi\u00f3n debe conocer.","robots":{"index":"index","follow":"follow","max-snippet":"max-snippet:-1","max-image-preview":"max-image-preview:large","max-video-preview":"max-video-preview:-1"},"canonical":"https:\/\/www.celttv.com.ar\/index.php\/2022\/11\/22\/el-distrito-de-tornquist-representado-en-la-instanci-provincial-de-la-feria-de-actividades-cientificas-tecnologicas-y-educativas-acte\/","og_locale":"es_ES","og_type":"article","og_title":"El distrito de Tornquist Representado en la instanci provincial de la Feria de Actividades Cient\u00edficas, Tecnol\u00f3gicas y Educativas ACTE - CELTTV","og_description":"Sitio web de noticias de la localidad de Tornquist, provincia de Buenos Aires, Rep\u00fablica Argentina. Contenido propio originado por periodistas de CELTTV, el canal de TV local de la Cooperativa El\u00e9ctrica de Tornquist. Turismo, Pol\u00edtica, Sociedad, Deporte, Cultura y todo el contenido de inter\u00e9s general que la gente del pueblo y la regi\u00f3n debe conocer.","og_url":"https:\/\/www.celttv.com.ar\/index.php\/2022\/11\/22\/el-distrito-de-tornquist-representado-en-la-instanci-provincial-de-la-feria-de-actividades-cientificas-tecnologicas-y-educativas-acte\/","og_site_name":"CELTTV","article_publisher":"https:\/\/www.facebook.com\/celtTV\/","article_published_time":"2022-11-22T17:12:55+00:00","og_image":[{"width":1080,"height":660,"url":"https:\/\/www.celttv.com.ar\/wp-content\/uploads\/2022\/11\/thumbnail-1.jpg","type":"image\/jpeg"}],"author":"Rodrigo Sgammini","twitter_card":"summary_large_image","twitter_misc":{"Escrito por":"Rodrigo Sgammini","Tiempo de lectura":"1 minuto"},"schema":{"@context":"https:\/\/schema.org","@graph":[{"@type":"NewsArticle","@id":"https:\/\/www.celttv.com.ar\/index.php\/2022\/11\/22\/el-distrito-de-tornquist-representado-en-la-instanci-provincial-de-la-feria-de-actividades-cientificas-tecnologicas-y-educativas-acte\/#article","isPartOf":{"@id":"https:\/\/www.celttv.com.ar\/index.php\/2022\/11\/22\/el-distrito-de-tornquist-representado-en-la-instanci-provincial-de-la-feria-de-actividades-cientificas-tecnologicas-y-educativas-acte\/"},"author":{"name":"Rodrigo Sgammini","@id":"https:\/\/www.celttv.com.ar\/#\/schema\/person\/495be51d064edd971d8457f8f64eb172"},"headline":"El distrito de Tornquist Representado en la instanci provincial de la Feria de Actividades Cient\u00edficas, Tecnol\u00f3gicas y Educativas ACTE","datePublished":"2022-11-22T17:12:55+00:00","dateModified":"2022-11-22T17:12:55+00:00","mainEntityOfPage":{"@id":"https:\/\/www.celttv.com.ar\/index.php\/2022\/11\/22\/el-distrito-de-tornquist-representado-en-la-instanci-provincial-de-la-feria-de-actividades-cientificas-tecnologicas-y-educativas-acte\/"},"wordCount":292,"publisher":{"@id":"https:\/\/www.celttv.com.ar\/#organization"},"articleSection":["Celt TV Noticias"],"inLanguage":"es"},{"@type":"WebPage","@id":"https:\/\/www.celttv.com.ar\/index.php\/2022\/11\/22\/el-distrito-de-tornquist-representado-en-la-instanci-provincial-de-la-feria-de-actividades-cientificas-tecnologicas-y-educativas-acte\/","url":"https:\/\/www.celttv.com.ar\/index.php\/2022\/11\/22\/el-distrito-de-tornquist-representado-en-la-instanci-provincial-de-la-feria-de-actividades-cientificas-tecnologicas-y-educativas-acte\/","name":"El distrito de Tornquist Representado en la instanci provincial de la Feria de Actividades Cient\u00edficas, Tecnol\u00f3gicas y Educativas ACTE - CELTTV","isPartOf":{"@id":"https:\/\/www.celttv.com.ar\/#website"},"datePublished":"2022-11-22T17:12:55+00:00","dateModified":"2022-11-22T17:12:55+00:00","description":"Sitio web de noticias de la localidad de Tornquist, provincia de Buenos Aires, Rep\u00fablica Argentina. Contenido propio originado por periodistas de CELTTV, el canal de TV local de la Cooperativa El\u00e9ctrica de Tornquist. Turismo, Pol\u00edtica, Sociedad, Deporte, Cultura y todo el contenido de inter\u00e9s general que la gente del pueblo y la regi\u00f3n debe conocer.","breadcrumb":{"@id":"https:\/\/www.celttv.com.ar\/index.php\/2022\/11\/22\/el-distrito-de-tornquist-representado-en-la-instanci-provincial-de-la-feria-de-actividades-cientificas-tecnologicas-y-educativas-acte\/#breadcrumb"},"inLanguage":"es","potentialAction":[{"@type":"ReadAction","target":["https:\/\/www.celttv.com.ar\/index.php\/2022\/11\/22\/el-distrito-de-tornquist-representado-en-la-instanci-provincial-de-la-feria-de-actividades-cientificas-tecnologicas-y-educativas-acte\/"]}]},{"@type":"BreadcrumbList","@id":"https:\/\/www.celttv.com.ar\/index.php\/2022\/11\/22\/el-distrito-de-tornquist-representado-en-la-instanci-provincial-de-la-feria-de-actividades-cientificas-tecnologicas-y-educativas-acte\/#breadcrumb","itemListElement":[{"@type":"ListItem","position":1,"name":"Inicio","item":"https:\/\/www.celttv.com.ar\/"},{"@type":"ListItem","position":2,"name":"El distrito de Tornquist Representado en la instanci provincial de la Feria de Actividades Cient\u00edficas, Tecnol\u00f3gicas y Educativas ACTE"}]},{"@type":"WebSite","@id":"https:\/\/www.celttv.com.ar\/#website","url":"https:\/\/www.celttv.com.ar\/","name":"CELTTV","description":"Cooperativa El\u00e9ctrica de Tornquist","publisher":{"@id":"https:\/\/www.celttv.com.ar\/#organization"},"potentialAction":[{"@type":"SearchAction","target":{"@type":"EntryPoint","urlTemplate":"https:\/\/www.celttv.com.ar\/?s={search_term_string}"},"query-input":"required name=search_term_string"}],"inLanguage":"es"},{"@type":"Organization","@id":"https:\/\/www.celttv.com.ar\/#organization","name":"CELTTV","url":"https:\/\/www.celttv.com.ar\/","sameAs":["https:\/\/www.youtube.com\/channel\/UCz_oIt8Hig64Ub-EmcNPIhg","https:\/\/www.facebook.com\/celtTV\/"],"logo":{"@type":"ImageObject","inLanguage":"es","@id":"https:\/\/www.celttv.com.ar\/#\/schema\/logo\/image\/","url":"http:\/\/www.celttv.com.ar\/wp-content\/uploads\/2022\/08\/logo-1.png","contentUrl":"http:\/\/www.celttv.com.ar\/wp-content\/uploads\/2022\/08\/logo-1.png","width":461,"height":159,"caption":"CELTTV"},"image":{"@id":"https:\/\/www.celttv.com.ar\/#\/schema\/logo\/image\/"}},{"@type":"Person","@id":"https:\/\/www.celttv.com.ar\/#\/schema\/person\/495be51d064edd971d8457f8f64eb172","name":"Rodrigo Sgammini","image":{"@type":"ImageObject","inLanguage":"es","@id":"https:\/\/www.celttv.com.ar\/#\/schema\/person\/image\/","url":"https:\/\/secure.gravatar.com\/avatar\/68f7848d42735e7a9276b47cd6e606327d88f521c51ae39d88888b76902e2987?s=96&d=mm&r=g","contentUrl":"https:\/\/secure.gravatar.com\/avatar\/68f7848d42735e7a9276b47cd6e606327d88f521c51ae39d88888b76902e2987?s=96&d=mm&r=g","caption":"Rodrigo Sgammini"}}]}},"_links":{"self":[{"href":"https:\/\/www.celttv.com.ar\/index.php\/wp-json\/wp\/v2\/posts\/71607","targetHints":{"allow":["GET"]}}],"collection":[{"href":"https:\/\/www.celttv.com.ar\/index.php\/wp-json\/wp\/v2\/posts"}],"about":[{"href":"https:\/\/www.celttv.com.ar\/index.php\/wp-json\/wp\/v2\/types\/post"}],"author":[{"embeddable":true,"href":"https:\/\/www.celttv.com.ar\/index.php\/wp-json\/wp\/v2\/users\/3"}],"replies":[{"embeddable":true,"href":"https:\/\/www.celttv.com.ar\/index.php\/wp-json\/wp\/v2\/comments?post=71607"}],"version-history":[{"count":1,"href":"https:\/\/www.celttv.com.ar\/index.php\/wp-json\/wp\/v2\/posts\/71607\/revisions"}],"predecessor-version":[{"id":71610,"href":"https:\/\/www.celttv.com.ar\/index.php\/wp-json\/wp\/v2\/posts\/71607\/revisions\/71610"}],"wp:featuredmedia":[{"embeddable":true,"href":"https:\/\/www.celttv.com.ar\/index.php\/wp-json\/wp\/v2\/media\/71608"}],"wp:attachment":[{"href":"https:\/\/www.celttv.com.ar\/index.php\/wp-json\/wp\/v2\/media?parent=71607"}],"wp:term":[{"taxonomy":"category","embeddable":true,"href":"https:\/\/www.celttv.com.ar\/index.php\/wp-json\/wp\/v2\/categories?post=71607"},{"taxonomy":"post_tag","embeddable":true,"href":"https:\/\/www.celttv.com.ar\/index.php\/wp-json\/wp\/v2\/tags?post=71607"}],"curies":[{"name":"wp","href":"https:\/\/api.w.org\/{rel}","templated":true}]}}