{"id":71615,"date":"2022-11-22T14:26:14","date_gmt":"2022-11-22T17:26:14","guid":{"rendered":"http:\/\/www.celttv.com.ar\/?p=71615"},"modified":"2022-11-22T14:26:14","modified_gmt":"2022-11-22T17:26:14","slug":"vecinos-del-distrito-se-reunieron-en-tornquist-para-que-vuelva-el-tren-video","status":"publish","type":"post","link":"https:\/\/www.celttv.com.ar\/index.php\/2022\/11\/22\/vecinos-del-distrito-se-reunieron-en-tornquist-para-que-vuelva-el-tren-video\/","title":{"rendered":"Vecinos del distrito se reunieron en Tornquist para \u00a1Que vuelva el tren! (Video)"},"content":{"rendered":"<p>Un grupo de vecinos se reuni\u00f3n en Tornquist con la intenci\u00f3n de seguir gestionando antes las autoridades nacionales por el regreso del tren, tanto por V\u00eda Lamadrid como Pr\u00edngles.<\/p>\n<p>Tras una puesta en com\u00fan por parte del nutrido grupo de vecinos reunidos en un local c\u00e9ntrico de la ciudad cabecera, se tom\u00f3 la decisi\u00f3n de continuar con la gesti\u00f3n, enviar a las autoridades nacionales las firmas que acompa\u00f1an el petitorio de \u00a1Que vuelva el tren!.<\/p>\n<p>A su vez, decidieron buscar apoyo de las autoridades pol\u00edticas del distrito para que acompa\u00f1en el reclamo. Para los pr\u00f3ximos d\u00edas los vecinos se reunir\u00edan con los concejales de los distintos bloques.<\/p>\n<p><iframe loading=\"lazy\" title=\"2022 11 21 NOTA A IRENE ANTOGNOLI   QUE VUELVA EL TREN\" width=\"500\" height=\"281\" src=\"https:\/\/www.youtube.com\/embed\/Tm5_ZtMQUzM?feature=oembed\" frameborder=\"0\" allow=\"accelerometer; autoplay; clipboard-write; encrypted-media; gyroscope; picture-in-picture; web-share\" referrerpolicy=\"strict-origin-when-cross-origin\" allowfullscreen><\/iframe><\/p>\n<p><img loading=\"lazy\" decoding=\"async\" class=\"alignnone wp-image-71616 size-large\" src=\"http:\/\/www.celttv.com.ar\/wp-content\/uploads\/2022\/11\/51ad290c-8a6f-45b8-bf91-6932631d4e24-1024x768.jpg\" alt=\"\" width=\"1024\" height=\"768\" srcset=\"https:\/\/www.celttv.com.ar\/wp-content\/uploads\/2022\/11\/51ad290c-8a6f-45b8-bf91-6932631d4e24-1024x768.jpg 1024w, https:\/\/www.celttv.com.ar\/wp-content\/uploads\/2022\/11\/51ad290c-8a6f-45b8-bf91-6932631d4e24-300x225.jpg 300w, https:\/\/www.celttv.com.ar\/wp-content\/uploads\/2022\/11\/51ad290c-8a6f-45b8-bf91-6932631d4e24-768x576.jpg 768w, https:\/\/www.celttv.com.ar\/wp-content\/uploads\/2022\/11\/51ad290c-8a6f-45b8-bf91-6932631d4e24-1536x1152.jpg 1536w, https:\/\/www.celttv.com.ar\/wp-content\/uploads\/2022\/11\/51ad290c-8a6f-45b8-bf91-6932631d4e24-750x563.jpg 750w, https:\/\/www.celttv.com.ar\/wp-content\/uploads\/2022\/11\/51ad290c-8a6f-45b8-bf91-6932631d4e24-1140x855.jpg 1140w, https:\/\/www.celttv.com.ar\/wp-content\/uploads\/2022\/11\/51ad290c-8a6f-45b8-bf91-6932631d4e24.jpg 1600w\" sizes=\"auto, (max-width: 1024px) 100vw, 1024px\" \/> <img loading=\"lazy\" decoding=\"async\" class=\"alignnone wp-image-71617 size-large\" src=\"http:\/\/www.celttv.com.ar\/wp-content\/uploads\/2022\/11\/7676c9d1-9314-41b8-a048-b24916312f83-1024x768.jpg\" alt=\"\" width=\"1024\" height=\"768\" srcset=\"https:\/\/www.celttv.com.ar\/wp-content\/uploads\/2022\/11\/7676c9d1-9314-41b8-a048-b24916312f83-1024x768.jpg 1024w, https:\/\/www.celttv.com.ar\/wp-content\/uploads\/2022\/11\/7676c9d1-9314-41b8-a048-b24916312f83-300x225.jpg 300w, https:\/\/www.celttv.com.ar\/wp-content\/uploads\/2022\/11\/7676c9d1-9314-41b8-a048-b24916312f83-768x576.jpg 768w, https:\/\/www.celttv.com.ar\/wp-content\/uploads\/2022\/11\/7676c9d1-9314-41b8-a048-b24916312f83-1536x1152.jpg 1536w, https:\/\/www.celttv.com.ar\/wp-content\/uploads\/2022\/11\/7676c9d1-9314-41b8-a048-b24916312f83-750x563.jpg 750w, https:\/\/www.celttv.com.ar\/wp-content\/uploads\/2022\/11\/7676c9d1-9314-41b8-a048-b24916312f83-1140x855.jpg 1140w, https:\/\/www.celttv.com.ar\/wp-content\/uploads\/2022\/11\/7676c9d1-9314-41b8-a048-b24916312f83.jpg 1600w\" sizes=\"auto, (max-width: 1024px) 100vw, 1024px\" \/> <img loading=\"lazy\" decoding=\"async\" class=\"alignnone wp-image-71618 size-large\" src=\"http:\/\/www.celttv.com.ar\/wp-content\/uploads\/2022\/11\/49806bb2-af97-4a55-abbc-4d354656cd54-1024x768.jpg\" alt=\"\" width=\"1024\" height=\"768\" srcset=\"https:\/\/www.celttv.com.ar\/wp-content\/uploads\/2022\/11\/49806bb2-af97-4a55-abbc-4d354656cd54-1024x768.jpg 1024w, https:\/\/www.celttv.com.ar\/wp-content\/uploads\/2022\/11\/49806bb2-af97-4a55-abbc-4d354656cd54-300x225.jpg 300w, https:\/\/www.celttv.com.ar\/wp-content\/uploads\/2022\/11\/49806bb2-af97-4a55-abbc-4d354656cd54-768x576.jpg 768w, https:\/\/www.celttv.com.ar\/wp-content\/uploads\/2022\/11\/49806bb2-af97-4a55-abbc-4d354656cd54-1536x1152.jpg 1536w, https:\/\/www.celttv.com.ar\/wp-content\/uploads\/2022\/11\/49806bb2-af97-4a55-abbc-4d354656cd54-750x563.jpg 750w, https:\/\/www.celttv.com.ar\/wp-content\/uploads\/2022\/11\/49806bb2-af97-4a55-abbc-4d354656cd54-1140x855.jpg 1140w, https:\/\/www.celttv.com.ar\/wp-content\/uploads\/2022\/11\/49806bb2-af97-4a55-abbc-4d354656cd54.jpg 1600w\" sizes=\"auto, (max-width: 1024px) 100vw, 1024px\" \/><img loading=\"lazy\" decoding=\"async\" class=\"alignnone wp-image-71619 size-large\" src=\"http:\/\/www.celttv.com.ar\/wp-content\/uploads\/2022\/11\/f8e4d7f3-762c-4ea4-ae5f-f1a708d47984-1024x768.jpg\" alt=\"\" width=\"1024\" height=\"768\" srcset=\"https:\/\/www.celttv.com.ar\/wp-content\/uploads\/2022\/11\/f8e4d7f3-762c-4ea4-ae5f-f1a708d47984-1024x768.jpg 1024w, https:\/\/www.celttv.com.ar\/wp-content\/uploads\/2022\/11\/f8e4d7f3-762c-4ea4-ae5f-f1a708d47984-300x225.jpg 300w, https:\/\/www.celttv.com.ar\/wp-content\/uploads\/2022\/11\/f8e4d7f3-762c-4ea4-ae5f-f1a708d47984-768x576.jpg 768w, https:\/\/www.celttv.com.ar\/wp-content\/uploads\/2022\/11\/f8e4d7f3-762c-4ea4-ae5f-f1a708d47984-1536x1152.jpg 1536w, https:\/\/www.celttv.com.ar\/wp-content\/uploads\/2022\/11\/f8e4d7f3-762c-4ea4-ae5f-f1a708d47984-750x563.jpg 750w, https:\/\/www.celttv.com.ar\/wp-content\/uploads\/2022\/11\/f8e4d7f3-762c-4ea4-ae5f-f1a708d47984-1140x855.jpg 1140w, https:\/\/www.celttv.com.ar\/wp-content\/uploads\/2022\/11\/f8e4d7f3-762c-4ea4-ae5f-f1a708d47984.jpg 1600w\" sizes=\"auto, (max-width: 1024px) 100vw, 1024px\" \/><\/p>\n","protected":false},"excerpt":{"rendered":"<p>Un grupo de vecinos se reuni\u00f3n en Tornquist con la intenci\u00f3n de seguir gestionando antes las autoridades nacionales por el regreso del tren, tanto por V\u00eda Lamadrid como Pr\u00edngles. Tras una puesta en com\u00fan por parte del nutrido grupo de vecinos reunidos en un local c\u00e9ntrico de la ciudad cabecera, se tom\u00f3 la decisi\u00f3n de [&hellip;]<\/p>\n","protected":false},"author":3,"featured_media":71616,"comment_status":"closed","ping_status":"closed","sticky":false,"template":"","format":"standard","meta":{"footnotes":""},"categories":[55],"tags":[],"class_list":["post-71615","post","type-post","status-publish","format-standard","has-post-thumbnail","hentry","category-celt-tv-noticias"],"yoast_head":"<!-- This site is optimized with the Yoast SEO plugin v19.7.1 - https:\/\/yoast.com\/wordpress\/plugins\/seo\/ -->\n<title>Vecinos del distrito se reunieron en Tornquist para \u00a1Que vuelva el tren! (Video) - CELTTV<\/title>\n<meta name=\"description\" content=\"Sitio web de noticias de la localidad de Tornquist, provincia de Buenos Aires, Rep\u00fablica Argentina. Contenido propio originado por periodistas de CELTTV, el canal de TV local de la Cooperativa El\u00e9ctrica de Tornquist. Turismo, Pol\u00edtica, Sociedad, Deporte, Cultura y todo el contenido de inter\u00e9s general que la gente del pueblo y la regi\u00f3n debe conocer.\" \/>\n<meta name=\"robots\" content=\"index, follow, max-snippet:-1, max-image-preview:large, max-video-preview:-1\" \/>\n<link rel=\"canonical\" href=\"https:\/\/www.celttv.com.ar\/index.php\/2022\/11\/22\/vecinos-del-distrito-se-reunieron-en-tornquist-para-que-vuelva-el-tren-video\/\" \/>\n<meta property=\"og:locale\" content=\"es_ES\" \/>\n<meta property=\"og:type\" content=\"article\" \/>\n<meta property=\"og:title\" content=\"Vecinos del distrito se reunieron en Tornquist para \u00a1Que vuelva el tren! (Video) - CELTTV\" \/>\n<meta property=\"og:description\" content=\"Sitio web de noticias de la localidad de Tornquist, provincia de Buenos Aires, Rep\u00fablica Argentina. Contenido propio originado por periodistas de CELTTV, el canal de TV local de la Cooperativa El\u00e9ctrica de Tornquist. Turismo, Pol\u00edtica, Sociedad, Deporte, Cultura y todo el contenido de inter\u00e9s general que la gente del pueblo y la regi\u00f3n debe conocer.\" \/>\n<meta property=\"og:url\" content=\"https:\/\/www.celttv.com.ar\/index.php\/2022\/11\/22\/vecinos-del-distrito-se-reunieron-en-tornquist-para-que-vuelva-el-tren-video\/\" \/>\n<meta property=\"og:site_name\" content=\"CELTTV\" \/>\n<meta property=\"article:publisher\" content=\"https:\/\/www.facebook.com\/celtTV\/\" \/>\n<meta property=\"article:published_time\" content=\"2022-11-22T17:26:14+00:00\" \/>\n<meta property=\"og:image\" content=\"https:\/\/www.celttv.com.ar\/wp-content\/uploads\/2022\/11\/51ad290c-8a6f-45b8-bf91-6932631d4e24.jpg\" \/>\n\t<meta property=\"og:image:width\" content=\"1600\" \/>\n\t<meta property=\"og:image:height\" content=\"1200\" \/>\n\t<meta property=\"og:image:type\" content=\"image\/jpeg\" \/>\n<meta name=\"author\" content=\"Rodrigo Sgammini\" \/>\n<meta name=\"twitter:card\" content=\"summary_large_image\" \/>\n<meta name=\"twitter:label1\" content=\"Escrito por\" \/>\n\t<meta name=\"twitter:data1\" content=\"Rodrigo Sgammini\" \/>\n\t<meta name=\"twitter:label2\" content=\"Tiempo de lectura\" \/>\n\t<meta name=\"twitter:data2\" content=\"1 minuto\" \/>\n<script type=\"application\/ld+json\" class=\"yoast-schema-graph\">{\"@context\":\"https:\/\/schema.org\",\"@graph\":[{\"@type\":\"NewsArticle\",\"@id\":\"https:\/\/www.celttv.com.ar\/index.php\/2022\/11\/22\/vecinos-del-distrito-se-reunieron-en-tornquist-para-que-vuelva-el-tren-video\/#article\",\"isPartOf\":{\"@id\":\"https:\/\/www.celttv.com.ar\/index.php\/2022\/11\/22\/vecinos-del-distrito-se-reunieron-en-tornquist-para-que-vuelva-el-tren-video\/\"},\"author\":{\"name\":\"Rodrigo Sgammini\",\"@id\":\"https:\/\/www.celttv.com.ar\/#\/schema\/person\/495be51d064edd971d8457f8f64eb172\"},\"headline\":\"Vecinos del distrito se reunieron en Tornquist para \u00a1Que vuelva el tren! (Video)\",\"datePublished\":\"2022-11-22T17:26:14+00:00\",\"dateModified\":\"2022-11-22T17:26:14+00:00\",\"mainEntityOfPage\":{\"@id\":\"https:\/\/www.celttv.com.ar\/index.php\/2022\/11\/22\/vecinos-del-distrito-se-reunieron-en-tornquist-para-que-vuelva-el-tren-video\/\"},\"wordCount\":139,\"publisher\":{\"@id\":\"https:\/\/www.celttv.com.ar\/#organization\"},\"articleSection\":[\"Celt TV Noticias\"],\"inLanguage\":\"es\"},{\"@type\":\"WebPage\",\"@id\":\"https:\/\/www.celttv.com.ar\/index.php\/2022\/11\/22\/vecinos-del-distrito-se-reunieron-en-tornquist-para-que-vuelva-el-tren-video\/\",\"url\":\"https:\/\/www.celttv.com.ar\/index.php\/2022\/11\/22\/vecinos-del-distrito-se-reunieron-en-tornquist-para-que-vuelva-el-tren-video\/\",\"name\":\"Vecinos del distrito se reunieron en Tornquist para \u00a1Que vuelva el tren! (Video) - CELTTV\",\"isPartOf\":{\"@id\":\"https:\/\/www.celttv.com.ar\/#website\"},\"datePublished\":\"2022-11-22T17:26:14+00:00\",\"dateModified\":\"2022-11-22T17:26:14+00:00\",\"description\":\"Sitio web de noticias de la localidad de Tornquist, provincia de Buenos Aires, Rep\u00fablica Argentina. Contenido propio originado por periodistas de CELTTV, el canal de TV local de la Cooperativa El\u00e9ctrica de Tornquist. Turismo, Pol\u00edtica, Sociedad, Deporte, Cultura y todo el contenido de inter\u00e9s general que la gente del pueblo y la regi\u00f3n debe conocer.\",\"breadcrumb\":{\"@id\":\"https:\/\/www.celttv.com.ar\/index.php\/2022\/11\/22\/vecinos-del-distrito-se-reunieron-en-tornquist-para-que-vuelva-el-tren-video\/#breadcrumb\"},\"inLanguage\":\"es\",\"potentialAction\":[{\"@type\":\"ReadAction\",\"target\":[\"https:\/\/www.celttv.com.ar\/index.php\/2022\/11\/22\/vecinos-del-distrito-se-reunieron-en-tornquist-para-que-vuelva-el-tren-video\/\"]}]},{\"@type\":\"BreadcrumbList\",\"@id\":\"https:\/\/www.celttv.com.ar\/index.php\/2022\/11\/22\/vecinos-del-distrito-se-reunieron-en-tornquist-para-que-vuelva-el-tren-video\/#breadcrumb\",\"itemListElement\":[{\"@type\":\"ListItem\",\"position\":1,\"name\":\"Inicio\",\"item\":\"https:\/\/www.celttv.com.ar\/\"},{\"@type\":\"ListItem\",\"position\":2,\"name\":\"Vecinos del distrito se reunieron en Tornquist para \u00a1Que vuelva el tren! (Video)\"}]},{\"@type\":\"WebSite\",\"@id\":\"https:\/\/www.celttv.com.ar\/#website\",\"url\":\"https:\/\/www.celttv.com.ar\/\",\"name\":\"CELTTV\",\"description\":\"Cooperativa El\u00e9ctrica de Tornquist\",\"publisher\":{\"@id\":\"https:\/\/www.celttv.com.ar\/#organization\"},\"potentialAction\":[{\"@type\":\"SearchAction\",\"target\":{\"@type\":\"EntryPoint\",\"urlTemplate\":\"https:\/\/www.celttv.com.ar\/?s={search_term_string}\"},\"query-input\":\"required name=search_term_string\"}],\"inLanguage\":\"es\"},{\"@type\":\"Organization\",\"@id\":\"https:\/\/www.celttv.com.ar\/#organization\",\"name\":\"CELTTV\",\"url\":\"https:\/\/www.celttv.com.ar\/\",\"sameAs\":[\"https:\/\/www.youtube.com\/channel\/UCz_oIt8Hig64Ub-EmcNPIhg\",\"https:\/\/www.facebook.com\/celtTV\/\"],\"logo\":{\"@type\":\"ImageObject\",\"inLanguage\":\"es\",\"@id\":\"https:\/\/www.celttv.com.ar\/#\/schema\/logo\/image\/\",\"url\":\"http:\/\/www.celttv.com.ar\/wp-content\/uploads\/2022\/08\/logo-1.png\",\"contentUrl\":\"http:\/\/www.celttv.com.ar\/wp-content\/uploads\/2022\/08\/logo-1.png\",\"width\":461,\"height\":159,\"caption\":\"CELTTV\"},\"image\":{\"@id\":\"https:\/\/www.celttv.com.ar\/#\/schema\/logo\/image\/\"}},{\"@type\":\"Person\",\"@id\":\"https:\/\/www.celttv.com.ar\/#\/schema\/person\/495be51d064edd971d8457f8f64eb172\",\"name\":\"Rodrigo Sgammini\",\"image\":{\"@type\":\"ImageObject\",\"inLanguage\":\"es\",\"@id\":\"https:\/\/www.celttv.com.ar\/#\/schema\/person\/image\/\",\"url\":\"https:\/\/secure.gravatar.com\/avatar\/68f7848d42735e7a9276b47cd6e606327d88f521c51ae39d88888b76902e2987?s=96&d=mm&r=g\",\"contentUrl\":\"https:\/\/secure.gravatar.com\/avatar\/68f7848d42735e7a9276b47cd6e606327d88f521c51ae39d88888b76902e2987?s=96&d=mm&r=g\",\"caption\":\"Rodrigo Sgammini\"}}]}<\/script>\n<!-- \/ Yoast SEO plugin. -->","yoast_head_json":{"title":"Vecinos del distrito se reunieron en Tornquist para \u00a1Que vuelva el tren! (Video) - CELTTV","description":"Sitio web de noticias de la localidad de Tornquist, provincia de Buenos Aires, Rep\u00fablica Argentina. Contenido propio originado por periodistas de CELTTV, el canal de TV local de la Cooperativa El\u00e9ctrica de Tornquist. Turismo, Pol\u00edtica, Sociedad, Deporte, Cultura y todo el contenido de inter\u00e9s general que la gente del pueblo y la regi\u00f3n debe conocer.","robots":{"index":"index","follow":"follow","max-snippet":"max-snippet:-1","max-image-preview":"max-image-preview:large","max-video-preview":"max-video-preview:-1"},"canonical":"https:\/\/www.celttv.com.ar\/index.php\/2022\/11\/22\/vecinos-del-distrito-se-reunieron-en-tornquist-para-que-vuelva-el-tren-video\/","og_locale":"es_ES","og_type":"article","og_title":"Vecinos del distrito se reunieron en Tornquist para \u00a1Que vuelva el tren! (Video) - CELTTV","og_description":"Sitio web de noticias de la localidad de Tornquist, provincia de Buenos Aires, Rep\u00fablica Argentina. Contenido propio originado por periodistas de CELTTV, el canal de TV local de la Cooperativa El\u00e9ctrica de Tornquist. Turismo, Pol\u00edtica, Sociedad, Deporte, Cultura y todo el contenido de inter\u00e9s general que la gente del pueblo y la regi\u00f3n debe conocer.","og_url":"https:\/\/www.celttv.com.ar\/index.php\/2022\/11\/22\/vecinos-del-distrito-se-reunieron-en-tornquist-para-que-vuelva-el-tren-video\/","og_site_name":"CELTTV","article_publisher":"https:\/\/www.facebook.com\/celtTV\/","article_published_time":"2022-11-22T17:26:14+00:00","og_image":[{"width":1600,"height":1200,"url":"https:\/\/www.celttv.com.ar\/wp-content\/uploads\/2022\/11\/51ad290c-8a6f-45b8-bf91-6932631d4e24.jpg","type":"image\/jpeg"}],"author":"Rodrigo Sgammini","twitter_card":"summary_large_image","twitter_misc":{"Escrito por":"Rodrigo Sgammini","Tiempo de lectura":"1 minuto"},"schema":{"@context":"https:\/\/schema.org","@graph":[{"@type":"NewsArticle","@id":"https:\/\/www.celttv.com.ar\/index.php\/2022\/11\/22\/vecinos-del-distrito-se-reunieron-en-tornquist-para-que-vuelva-el-tren-video\/#article","isPartOf":{"@id":"https:\/\/www.celttv.com.ar\/index.php\/2022\/11\/22\/vecinos-del-distrito-se-reunieron-en-tornquist-para-que-vuelva-el-tren-video\/"},"author":{"name":"Rodrigo Sgammini","@id":"https:\/\/www.celttv.com.ar\/#\/schema\/person\/495be51d064edd971d8457f8f64eb172"},"headline":"Vecinos del distrito se reunieron en Tornquist para \u00a1Que vuelva el tren! (Video)","datePublished":"2022-11-22T17:26:14+00:00","dateModified":"2022-11-22T17:26:14+00:00","mainEntityOfPage":{"@id":"https:\/\/www.celttv.com.ar\/index.php\/2022\/11\/22\/vecinos-del-distrito-se-reunieron-en-tornquist-para-que-vuelva-el-tren-video\/"},"wordCount":139,"publisher":{"@id":"https:\/\/www.celttv.com.ar\/#organization"},"articleSection":["Celt TV Noticias"],"inLanguage":"es"},{"@type":"WebPage","@id":"https:\/\/www.celttv.com.ar\/index.php\/2022\/11\/22\/vecinos-del-distrito-se-reunieron-en-tornquist-para-que-vuelva-el-tren-video\/","url":"https:\/\/www.celttv.com.ar\/index.php\/2022\/11\/22\/vecinos-del-distrito-se-reunieron-en-tornquist-para-que-vuelva-el-tren-video\/","name":"Vecinos del distrito se reunieron en Tornquist para \u00a1Que vuelva el tren! (Video) - CELTTV","isPartOf":{"@id":"https:\/\/www.celttv.com.ar\/#website"},"datePublished":"2022-11-22T17:26:14+00:00","dateModified":"2022-11-22T17:26:14+00:00","description":"Sitio web de noticias de la localidad de Tornquist, provincia de Buenos Aires, Rep\u00fablica Argentina. Contenido propio originado por periodistas de CELTTV, el canal de TV local de la Cooperativa El\u00e9ctrica de Tornquist. Turismo, Pol\u00edtica, Sociedad, Deporte, Cultura y todo el contenido de inter\u00e9s general que la gente del pueblo y la regi\u00f3n debe conocer.","breadcrumb":{"@id":"https:\/\/www.celttv.com.ar\/index.php\/2022\/11\/22\/vecinos-del-distrito-se-reunieron-en-tornquist-para-que-vuelva-el-tren-video\/#breadcrumb"},"inLanguage":"es","potentialAction":[{"@type":"ReadAction","target":["https:\/\/www.celttv.com.ar\/index.php\/2022\/11\/22\/vecinos-del-distrito-se-reunieron-en-tornquist-para-que-vuelva-el-tren-video\/"]}]},{"@type":"BreadcrumbList","@id":"https:\/\/www.celttv.com.ar\/index.php\/2022\/11\/22\/vecinos-del-distrito-se-reunieron-en-tornquist-para-que-vuelva-el-tren-video\/#breadcrumb","itemListElement":[{"@type":"ListItem","position":1,"name":"Inicio","item":"https:\/\/www.celttv.com.ar\/"},{"@type":"ListItem","position":2,"name":"Vecinos del distrito se reunieron en Tornquist para \u00a1Que vuelva el tren! (Video)"}]},{"@type":"WebSite","@id":"https:\/\/www.celttv.com.ar\/#website","url":"https:\/\/www.celttv.com.ar\/","name":"CELTTV","description":"Cooperativa El\u00e9ctrica de Tornquist","publisher":{"@id":"https:\/\/www.celttv.com.ar\/#organization"},"potentialAction":[{"@type":"SearchAction","target":{"@type":"EntryPoint","urlTemplate":"https:\/\/www.celttv.com.ar\/?s={search_term_string}"},"query-input":"required name=search_term_string"}],"inLanguage":"es"},{"@type":"Organization","@id":"https:\/\/www.celttv.com.ar\/#organization","name":"CELTTV","url":"https:\/\/www.celttv.com.ar\/","sameAs":["https:\/\/www.youtube.com\/channel\/UCz_oIt8Hig64Ub-EmcNPIhg","https:\/\/www.facebook.com\/celtTV\/"],"logo":{"@type":"ImageObject","inLanguage":"es","@id":"https:\/\/www.celttv.com.ar\/#\/schema\/logo\/image\/","url":"http:\/\/www.celttv.com.ar\/wp-content\/uploads\/2022\/08\/logo-1.png","contentUrl":"http:\/\/www.celttv.com.ar\/wp-content\/uploads\/2022\/08\/logo-1.png","width":461,"height":159,"caption":"CELTTV"},"image":{"@id":"https:\/\/www.celttv.com.ar\/#\/schema\/logo\/image\/"}},{"@type":"Person","@id":"https:\/\/www.celttv.com.ar\/#\/schema\/person\/495be51d064edd971d8457f8f64eb172","name":"Rodrigo Sgammini","image":{"@type":"ImageObject","inLanguage":"es","@id":"https:\/\/www.celttv.com.ar\/#\/schema\/person\/image\/","url":"https:\/\/secure.gravatar.com\/avatar\/68f7848d42735e7a9276b47cd6e606327d88f521c51ae39d88888b76902e2987?s=96&d=mm&r=g","contentUrl":"https:\/\/secure.gravatar.com\/avatar\/68f7848d42735e7a9276b47cd6e606327d88f521c51ae39d88888b76902e2987?s=96&d=mm&r=g","caption":"Rodrigo Sgammini"}}]}},"_links":{"self":[{"href":"https:\/\/www.celttv.com.ar\/index.php\/wp-json\/wp\/v2\/posts\/71615","targetHints":{"allow":["GET"]}}],"collection":[{"href":"https:\/\/www.celttv.com.ar\/index.php\/wp-json\/wp\/v2\/posts"}],"about":[{"href":"https:\/\/www.celttv.com.ar\/index.php\/wp-json\/wp\/v2\/types\/post"}],"author":[{"embeddable":true,"href":"https:\/\/www.celttv.com.ar\/index.php\/wp-json\/wp\/v2\/users\/3"}],"replies":[{"embeddable":true,"href":"https:\/\/www.celttv.com.ar\/index.php\/wp-json\/wp\/v2\/comments?post=71615"}],"version-history":[{"count":1,"href":"https:\/\/www.celttv.com.ar\/index.php\/wp-json\/wp\/v2\/posts\/71615\/revisions"}],"predecessor-version":[{"id":71620,"href":"https:\/\/www.celttv.com.ar\/index.php\/wp-json\/wp\/v2\/posts\/71615\/revisions\/71620"}],"wp:featuredmedia":[{"embeddable":true,"href":"https:\/\/www.celttv.com.ar\/index.php\/wp-json\/wp\/v2\/media\/71616"}],"wp:attachment":[{"href":"https:\/\/www.celttv.com.ar\/index.php\/wp-json\/wp\/v2\/media?parent=71615"}],"wp:term":[{"taxonomy":"category","embeddable":true,"href":"https:\/\/www.celttv.com.ar\/index.php\/wp-json\/wp\/v2\/categories?post=71615"},{"taxonomy":"post_tag","embeddable":true,"href":"https:\/\/www.celttv.com.ar\/index.php\/wp-json\/wp\/v2\/tags?post=71615"}],"curies":[{"name":"wp","href":"https:\/\/api.w.org\/{rel}","templated":true}]}}