{"id":71842,"date":"2022-11-29T16:40:09","date_gmt":"2022-11-29T19:40:09","guid":{"rendered":"http:\/\/www.celttv.com.ar\/?p=71842"},"modified":"2022-12-01T12:00:58","modified_gmt":"2022-12-01T15:00:58","slug":"prevencion-de-incendios-recuerdan-la-importancia-de-realizar-picadas-y-cortafuegos","status":"publish","type":"post","link":"https:\/\/www.celttv.com.ar\/index.php\/2022\/11\/29\/prevencion-de-incendios-recuerdan-la-importancia-de-realizar-picadas-y-cortafuegos\/","title":{"rendered":"Prevenci\u00f3n de incendios: Recuerdan la importancia de realizar picadas y cortafuegos"},"content":{"rendered":"<p>Ante la cercan\u00eda de temporada estival, \u00e9poca en la que se eleva el riesgo de incendios forestales, la Secretar\u00eda de Gobierno y Seguridad, la Asociaci\u00f3n Rural de Tornquist y las asociaciones de Bomberos Voluntarios de Tornquist, Sierra de la Ventana, Villa Ventana, Saldungaray, Chasic\u00f3 y Felipe Sola, recuerdan a los productores agropecuarios del distrito la importancia de implementar medidas de prevenci\u00f3n de inicio y propagaci\u00f3n de focos \u00edgneos.<\/p>\n<p>Seg\u00fan establece la ordenanza 2700\/14, las parcelas rurales que limitan con \u00e1reas urbanas, \u00e1reas naturales protegidas, establecimientos educativos rurales, centros poblados y\/o sitios de esparcimiento, recreaci\u00f3n y realizaci\u00f3n de actividades deportivas,\u00a0anualmente deber\u00e1n tener realizadas las correspondientes picadas y\/o cortafuegos.<\/p>\n<p>En ese sentido, es fundamental hacer un adecuado manejo del pastoreo y rotaci\u00f3n de cultivos en zonas susceptibles de fuego, como as\u00ed tambi\u00e9n realizar quemas preventivas controladas en los momentos adecuados durante el a\u00f1o, y\u00a0mantener limpias de material combustible las picadas cortafuego, alambrados e instalaciones.<\/p>\n<p>Tambi\u00e9n es importante no dejar materiales inflamables expuestos a altas temperaturas como le\u00f1a, papel, pintura y\/o combustibles, como as\u00ed tambi\u00e9n mantener los accesos despejados y tanques australianos llenos de agua.<\/p>\n<p>El mapa que acompa\u00f1a a esta nota, permite identificar con qu\u00e9 cuartel de bomberos se debe comunicar cada productor de acuerdo a la ubicaci\u00f3n de su establecimiento; y, a su vez, brinda cuadr\u00edculas con coordenadas que facilitan a los servidores p\u00fablicos saber con precisi\u00f3n donde se encuentra el lugar del siniestro.<\/p>\n<p>Por emergencias, comunicarse al 100 o los siguientes n\u00fameros:<\/p>\n<p>Bomberos de Tornquist: (0291) 4941000<\/p>\n<p>Bomberos de Sierra de la Ventana: (0291) 4915123<\/p>\n<p>Bomberos de Villa Ventana: (0291) 4910103<\/p>\n<p>Bomberos de Saldungaray: (0291) 4916233<\/p>\n<p>Bomberos de Chasic\u00f3: (0291) 156420566<\/p>\n<p>Bomberos de Felipe Sola: (2925) 491022<\/p>\n<p><img loading=\"lazy\" decoding=\"async\" class=\"alignnone wp-image-71843 size-large\" src=\"http:\/\/www.celttv.com.ar\/wp-content\/uploads\/2022\/11\/Plano-Tornquist-c-cuadricula-Medium-723x1024.jpg\" alt=\"\" width=\"723\" height=\"1024\" srcset=\"https:\/\/www.celttv.com.ar\/wp-content\/uploads\/2022\/11\/Plano-Tornquist-c-cuadricula-Medium-723x1024.jpg 723w, https:\/\/www.celttv.com.ar\/wp-content\/uploads\/2022\/11\/Plano-Tornquist-c-cuadricula-Medium-212x300.jpg 212w, https:\/\/www.celttv.com.ar\/wp-content\/uploads\/2022\/11\/Plano-Tornquist-c-cuadricula-Medium-750x1062.jpg 750w, https:\/\/www.celttv.com.ar\/wp-content\/uploads\/2022\/11\/Plano-Tornquist-c-cuadricula-Medium.jpg 768w\" sizes=\"auto, (max-width: 723px) 100vw, 723px\" \/><\/p>\n","protected":false},"excerpt":{"rendered":"<p>Ante la cercan\u00eda de temporada estival, \u00e9poca en la que se eleva el riesgo de incendios forestales, la Secretar\u00eda de Gobierno y Seguridad, la Asociaci\u00f3n Rural de Tornquist y las asociaciones de Bomberos Voluntarios de Tornquist, Sierra de la Ventana, Villa Ventana, Saldungaray, Chasic\u00f3 y Felipe Sola, recuerdan a los productores agropecuarios del distrito la [&hellip;]<\/p>\n","protected":false},"author":5,"featured_media":71843,"comment_status":"closed","ping_status":"closed","sticky":false,"template":"","format":"standard","meta":{"footnotes":""},"categories":[51,52,59],"tags":[539],"class_list":["post-71842","post","type-post","status-publish","format-standard","has-post-thumbnail","hentry","category-comunidad","category-destacadas","category-municipales","tag-prevencion-de-incendios-recuerdan-la-importancia-de-realizar-picadas-y-cortafuegos"],"yoast_head":"<!-- This site is optimized with the Yoast SEO plugin v19.7.1 - https:\/\/yoast.com\/wordpress\/plugins\/seo\/ -->\n<title>Prevenci\u00f3n de incendios: Recuerdan la importancia de realizar picadas y cortafuegos - CELTTV<\/title>\n<meta name=\"description\" content=\"Sitio web de noticias de la localidad de Tornquist, provincia de Buenos Aires, Rep\u00fablica Argentina. Contenido propio originado por periodistas de CELTTV, el canal de TV local de la Cooperativa El\u00e9ctrica de Tornquist. Turismo, Pol\u00edtica, Sociedad, Deporte, Cultura y todo el contenido de inter\u00e9s general que la gente del pueblo y la regi\u00f3n debe conocer.\" \/>\n<meta name=\"robots\" content=\"index, follow, max-snippet:-1, max-image-preview:large, max-video-preview:-1\" \/>\n<link rel=\"canonical\" href=\"https:\/\/www.celttv.com.ar\/index.php\/2022\/11\/29\/prevencion-de-incendios-recuerdan-la-importancia-de-realizar-picadas-y-cortafuegos\/\" \/>\n<meta property=\"og:locale\" content=\"es_ES\" \/>\n<meta property=\"og:type\" content=\"article\" \/>\n<meta property=\"og:title\" content=\"Prevenci\u00f3n de incendios: Recuerdan la importancia de realizar picadas y cortafuegos - CELTTV\" \/>\n<meta property=\"og:description\" content=\"Sitio web de noticias de la localidad de Tornquist, provincia de Buenos Aires, Rep\u00fablica Argentina. Contenido propio originado por periodistas de CELTTV, el canal de TV local de la Cooperativa El\u00e9ctrica de Tornquist. Turismo, Pol\u00edtica, Sociedad, Deporte, Cultura y todo el contenido de inter\u00e9s general que la gente del pueblo y la regi\u00f3n debe conocer.\" \/>\n<meta property=\"og:url\" content=\"https:\/\/www.celttv.com.ar\/index.php\/2022\/11\/29\/prevencion-de-incendios-recuerdan-la-importancia-de-realizar-picadas-y-cortafuegos\/\" \/>\n<meta property=\"og:site_name\" content=\"CELTTV\" \/>\n<meta property=\"article:publisher\" content=\"https:\/\/www.facebook.com\/celtTV\/\" \/>\n<meta property=\"article:published_time\" content=\"2022-11-29T19:40:09+00:00\" \/>\n<meta property=\"article:modified_time\" content=\"2022-12-01T15:00:58+00:00\" \/>\n<meta property=\"og:image\" content=\"https:\/\/www.celttv.com.ar\/wp-content\/uploads\/2022\/11\/Plano-Tornquist-c-cuadricula-Medium.jpg\" \/>\n\t<meta property=\"og:image:width\" content=\"768\" \/>\n\t<meta property=\"og:image:height\" content=\"1087\" \/>\n\t<meta property=\"og:image:type\" content=\"image\/jpeg\" \/>\n<meta name=\"author\" content=\"Miguel Herrada\" \/>\n<meta name=\"twitter:card\" content=\"summary_large_image\" \/>\n<meta name=\"twitter:label1\" content=\"Escrito por\" \/>\n\t<meta name=\"twitter:data1\" content=\"Miguel Herrada\" \/>\n\t<meta name=\"twitter:label2\" content=\"Tiempo de lectura\" \/>\n\t<meta name=\"twitter:data2\" content=\"1 minuto\" \/>\n<script type=\"application\/ld+json\" class=\"yoast-schema-graph\">{\"@context\":\"https:\/\/schema.org\",\"@graph\":[{\"@type\":\"NewsArticle\",\"@id\":\"https:\/\/www.celttv.com.ar\/index.php\/2022\/11\/29\/prevencion-de-incendios-recuerdan-la-importancia-de-realizar-picadas-y-cortafuegos\/#article\",\"isPartOf\":{\"@id\":\"https:\/\/www.celttv.com.ar\/index.php\/2022\/11\/29\/prevencion-de-incendios-recuerdan-la-importancia-de-realizar-picadas-y-cortafuegos\/\"},\"author\":{\"name\":\"Miguel Herrada\",\"@id\":\"https:\/\/www.celttv.com.ar\/#\/schema\/person\/9059dc91dc7204ef4182cdb65225f07d\"},\"headline\":\"Prevenci\u00f3n de incendios: Recuerdan la importancia de realizar picadas y cortafuegos\",\"datePublished\":\"2022-11-29T19:40:09+00:00\",\"dateModified\":\"2022-12-01T15:00:58+00:00\",\"mainEntityOfPage\":{\"@id\":\"https:\/\/www.celttv.com.ar\/index.php\/2022\/11\/29\/prevencion-de-incendios-recuerdan-la-importancia-de-realizar-picadas-y-cortafuegos\/\"},\"wordCount\":301,\"publisher\":{\"@id\":\"https:\/\/www.celttv.com.ar\/#organization\"},\"keywords\":[\"Prevenci\u00f3n de incendios: Recuerdan la importancia de realizar picadas y cortafuegos\"],\"articleSection\":[\"Comunidad\",\"Destacadas\",\"Municipales\"],\"inLanguage\":\"es\"},{\"@type\":\"WebPage\",\"@id\":\"https:\/\/www.celttv.com.ar\/index.php\/2022\/11\/29\/prevencion-de-incendios-recuerdan-la-importancia-de-realizar-picadas-y-cortafuegos\/\",\"url\":\"https:\/\/www.celttv.com.ar\/index.php\/2022\/11\/29\/prevencion-de-incendios-recuerdan-la-importancia-de-realizar-picadas-y-cortafuegos\/\",\"name\":\"Prevenci\u00f3n de incendios: Recuerdan la importancia de realizar picadas y cortafuegos - CELTTV\",\"isPartOf\":{\"@id\":\"https:\/\/www.celttv.com.ar\/#website\"},\"datePublished\":\"2022-11-29T19:40:09+00:00\",\"dateModified\":\"2022-12-01T15:00:58+00:00\",\"description\":\"Sitio web de noticias de la localidad de Tornquist, provincia de Buenos Aires, Rep\u00fablica Argentina. Contenido propio originado por periodistas de CELTTV, el canal de TV local de la Cooperativa El\u00e9ctrica de Tornquist. Turismo, Pol\u00edtica, Sociedad, Deporte, Cultura y todo el contenido de inter\u00e9s general que la gente del pueblo y la regi\u00f3n debe conocer.\",\"breadcrumb\":{\"@id\":\"https:\/\/www.celttv.com.ar\/index.php\/2022\/11\/29\/prevencion-de-incendios-recuerdan-la-importancia-de-realizar-picadas-y-cortafuegos\/#breadcrumb\"},\"inLanguage\":\"es\",\"potentialAction\":[{\"@type\":\"ReadAction\",\"target\":[\"https:\/\/www.celttv.com.ar\/index.php\/2022\/11\/29\/prevencion-de-incendios-recuerdan-la-importancia-de-realizar-picadas-y-cortafuegos\/\"]}]},{\"@type\":\"BreadcrumbList\",\"@id\":\"https:\/\/www.celttv.com.ar\/index.php\/2022\/11\/29\/prevencion-de-incendios-recuerdan-la-importancia-de-realizar-picadas-y-cortafuegos\/#breadcrumb\",\"itemListElement\":[{\"@type\":\"ListItem\",\"position\":1,\"name\":\"Inicio\",\"item\":\"https:\/\/www.celttv.com.ar\/\"},{\"@type\":\"ListItem\",\"position\":2,\"name\":\"Prevenci\u00f3n de incendios: Recuerdan la importancia de realizar picadas y cortafuegos\"}]},{\"@type\":\"WebSite\",\"@id\":\"https:\/\/www.celttv.com.ar\/#website\",\"url\":\"https:\/\/www.celttv.com.ar\/\",\"name\":\"CELTTV\",\"description\":\"Cooperativa El\u00e9ctrica de Tornquist\",\"publisher\":{\"@id\":\"https:\/\/www.celttv.com.ar\/#organization\"},\"potentialAction\":[{\"@type\":\"SearchAction\",\"target\":{\"@type\":\"EntryPoint\",\"urlTemplate\":\"https:\/\/www.celttv.com.ar\/?s={search_term_string}\"},\"query-input\":\"required name=search_term_string\"}],\"inLanguage\":\"es\"},{\"@type\":\"Organization\",\"@id\":\"https:\/\/www.celttv.com.ar\/#organization\",\"name\":\"CELTTV\",\"url\":\"https:\/\/www.celttv.com.ar\/\",\"sameAs\":[\"https:\/\/www.youtube.com\/channel\/UCz_oIt8Hig64Ub-EmcNPIhg\",\"https:\/\/www.facebook.com\/celtTV\/\"],\"logo\":{\"@type\":\"ImageObject\",\"inLanguage\":\"es\",\"@id\":\"https:\/\/www.celttv.com.ar\/#\/schema\/logo\/image\/\",\"url\":\"http:\/\/www.celttv.com.ar\/wp-content\/uploads\/2022\/08\/logo-1.png\",\"contentUrl\":\"http:\/\/www.celttv.com.ar\/wp-content\/uploads\/2022\/08\/logo-1.png\",\"width\":461,\"height\":159,\"caption\":\"CELTTV\"},\"image\":{\"@id\":\"https:\/\/www.celttv.com.ar\/#\/schema\/logo\/image\/\"}},{\"@type\":\"Person\",\"@id\":\"https:\/\/www.celttv.com.ar\/#\/schema\/person\/9059dc91dc7204ef4182cdb65225f07d\",\"name\":\"Miguel Herrada\",\"image\":{\"@type\":\"ImageObject\",\"inLanguage\":\"es\",\"@id\":\"https:\/\/www.celttv.com.ar\/#\/schema\/person\/image\/\",\"url\":\"https:\/\/secure.gravatar.com\/avatar\/67724d5b3c716623ffd76bec7e45841a442ac3b456e914dbba90b0fad2b8e0b1?s=96&d=mm&r=g\",\"contentUrl\":\"https:\/\/secure.gravatar.com\/avatar\/67724d5b3c716623ffd76bec7e45841a442ac3b456e914dbba90b0fad2b8e0b1?s=96&d=mm&r=g\",\"caption\":\"Miguel Herrada\"}}]}<\/script>\n<!-- \/ Yoast SEO plugin. -->","yoast_head_json":{"title":"Prevenci\u00f3n de incendios: Recuerdan la importancia de realizar picadas y cortafuegos - CELTTV","description":"Sitio web de noticias de la localidad de Tornquist, provincia de Buenos Aires, Rep\u00fablica Argentina. Contenido propio originado por periodistas de CELTTV, el canal de TV local de la Cooperativa El\u00e9ctrica de Tornquist. Turismo, Pol\u00edtica, Sociedad, Deporte, Cultura y todo el contenido de inter\u00e9s general que la gente del pueblo y la regi\u00f3n debe conocer.","robots":{"index":"index","follow":"follow","max-snippet":"max-snippet:-1","max-image-preview":"max-image-preview:large","max-video-preview":"max-video-preview:-1"},"canonical":"https:\/\/www.celttv.com.ar\/index.php\/2022\/11\/29\/prevencion-de-incendios-recuerdan-la-importancia-de-realizar-picadas-y-cortafuegos\/","og_locale":"es_ES","og_type":"article","og_title":"Prevenci\u00f3n de incendios: Recuerdan la importancia de realizar picadas y cortafuegos - CELTTV","og_description":"Sitio web de noticias de la localidad de Tornquist, provincia de Buenos Aires, Rep\u00fablica Argentina. Contenido propio originado por periodistas de CELTTV, el canal de TV local de la Cooperativa El\u00e9ctrica de Tornquist. Turismo, Pol\u00edtica, Sociedad, Deporte, Cultura y todo el contenido de inter\u00e9s general que la gente del pueblo y la regi\u00f3n debe conocer.","og_url":"https:\/\/www.celttv.com.ar\/index.php\/2022\/11\/29\/prevencion-de-incendios-recuerdan-la-importancia-de-realizar-picadas-y-cortafuegos\/","og_site_name":"CELTTV","article_publisher":"https:\/\/www.facebook.com\/celtTV\/","article_published_time":"2022-11-29T19:40:09+00:00","article_modified_time":"2022-12-01T15:00:58+00:00","og_image":[{"width":768,"height":1087,"url":"https:\/\/www.celttv.com.ar\/wp-content\/uploads\/2022\/11\/Plano-Tornquist-c-cuadricula-Medium.jpg","type":"image\/jpeg"}],"author":"Miguel Herrada","twitter_card":"summary_large_image","twitter_misc":{"Escrito por":"Miguel Herrada","Tiempo de lectura":"1 minuto"},"schema":{"@context":"https:\/\/schema.org","@graph":[{"@type":"NewsArticle","@id":"https:\/\/www.celttv.com.ar\/index.php\/2022\/11\/29\/prevencion-de-incendios-recuerdan-la-importancia-de-realizar-picadas-y-cortafuegos\/#article","isPartOf":{"@id":"https:\/\/www.celttv.com.ar\/index.php\/2022\/11\/29\/prevencion-de-incendios-recuerdan-la-importancia-de-realizar-picadas-y-cortafuegos\/"},"author":{"name":"Miguel Herrada","@id":"https:\/\/www.celttv.com.ar\/#\/schema\/person\/9059dc91dc7204ef4182cdb65225f07d"},"headline":"Prevenci\u00f3n de incendios: Recuerdan la importancia de realizar picadas y cortafuegos","datePublished":"2022-11-29T19:40:09+00:00","dateModified":"2022-12-01T15:00:58+00:00","mainEntityOfPage":{"@id":"https:\/\/www.celttv.com.ar\/index.php\/2022\/11\/29\/prevencion-de-incendios-recuerdan-la-importancia-de-realizar-picadas-y-cortafuegos\/"},"wordCount":301,"publisher":{"@id":"https:\/\/www.celttv.com.ar\/#organization"},"keywords":["Prevenci\u00f3n de incendios: Recuerdan la importancia de realizar picadas y cortafuegos"],"articleSection":["Comunidad","Destacadas","Municipales"],"inLanguage":"es"},{"@type":"WebPage","@id":"https:\/\/www.celttv.com.ar\/index.php\/2022\/11\/29\/prevencion-de-incendios-recuerdan-la-importancia-de-realizar-picadas-y-cortafuegos\/","url":"https:\/\/www.celttv.com.ar\/index.php\/2022\/11\/29\/prevencion-de-incendios-recuerdan-la-importancia-de-realizar-picadas-y-cortafuegos\/","name":"Prevenci\u00f3n de incendios: Recuerdan la importancia de realizar picadas y cortafuegos - CELTTV","isPartOf":{"@id":"https:\/\/www.celttv.com.ar\/#website"},"datePublished":"2022-11-29T19:40:09+00:00","dateModified":"2022-12-01T15:00:58+00:00","description":"Sitio web de noticias de la localidad de Tornquist, provincia de Buenos Aires, Rep\u00fablica Argentina. Contenido propio originado por periodistas de CELTTV, el canal de TV local de la Cooperativa El\u00e9ctrica de Tornquist. Turismo, Pol\u00edtica, Sociedad, Deporte, Cultura y todo el contenido de inter\u00e9s general que la gente del pueblo y la regi\u00f3n debe conocer.","breadcrumb":{"@id":"https:\/\/www.celttv.com.ar\/index.php\/2022\/11\/29\/prevencion-de-incendios-recuerdan-la-importancia-de-realizar-picadas-y-cortafuegos\/#breadcrumb"},"inLanguage":"es","potentialAction":[{"@type":"ReadAction","target":["https:\/\/www.celttv.com.ar\/index.php\/2022\/11\/29\/prevencion-de-incendios-recuerdan-la-importancia-de-realizar-picadas-y-cortafuegos\/"]}]},{"@type":"BreadcrumbList","@id":"https:\/\/www.celttv.com.ar\/index.php\/2022\/11\/29\/prevencion-de-incendios-recuerdan-la-importancia-de-realizar-picadas-y-cortafuegos\/#breadcrumb","itemListElement":[{"@type":"ListItem","position":1,"name":"Inicio","item":"https:\/\/www.celttv.com.ar\/"},{"@type":"ListItem","position":2,"name":"Prevenci\u00f3n de incendios: Recuerdan la importancia de realizar picadas y cortafuegos"}]},{"@type":"WebSite","@id":"https:\/\/www.celttv.com.ar\/#website","url":"https:\/\/www.celttv.com.ar\/","name":"CELTTV","description":"Cooperativa El\u00e9ctrica de Tornquist","publisher":{"@id":"https:\/\/www.celttv.com.ar\/#organization"},"potentialAction":[{"@type":"SearchAction","target":{"@type":"EntryPoint","urlTemplate":"https:\/\/www.celttv.com.ar\/?s={search_term_string}"},"query-input":"required name=search_term_string"}],"inLanguage":"es"},{"@type":"Organization","@id":"https:\/\/www.celttv.com.ar\/#organization","name":"CELTTV","url":"https:\/\/www.celttv.com.ar\/","sameAs":["https:\/\/www.youtube.com\/channel\/UCz_oIt8Hig64Ub-EmcNPIhg","https:\/\/www.facebook.com\/celtTV\/"],"logo":{"@type":"ImageObject","inLanguage":"es","@id":"https:\/\/www.celttv.com.ar\/#\/schema\/logo\/image\/","url":"http:\/\/www.celttv.com.ar\/wp-content\/uploads\/2022\/08\/logo-1.png","contentUrl":"http:\/\/www.celttv.com.ar\/wp-content\/uploads\/2022\/08\/logo-1.png","width":461,"height":159,"caption":"CELTTV"},"image":{"@id":"https:\/\/www.celttv.com.ar\/#\/schema\/logo\/image\/"}},{"@type":"Person","@id":"https:\/\/www.celttv.com.ar\/#\/schema\/person\/9059dc91dc7204ef4182cdb65225f07d","name":"Miguel Herrada","image":{"@type":"ImageObject","inLanguage":"es","@id":"https:\/\/www.celttv.com.ar\/#\/schema\/person\/image\/","url":"https:\/\/secure.gravatar.com\/avatar\/67724d5b3c716623ffd76bec7e45841a442ac3b456e914dbba90b0fad2b8e0b1?s=96&d=mm&r=g","contentUrl":"https:\/\/secure.gravatar.com\/avatar\/67724d5b3c716623ffd76bec7e45841a442ac3b456e914dbba90b0fad2b8e0b1?s=96&d=mm&r=g","caption":"Miguel Herrada"}}]}},"_links":{"self":[{"href":"https:\/\/www.celttv.com.ar\/index.php\/wp-json\/wp\/v2\/posts\/71842","targetHints":{"allow":["GET"]}}],"collection":[{"href":"https:\/\/www.celttv.com.ar\/index.php\/wp-json\/wp\/v2\/posts"}],"about":[{"href":"https:\/\/www.celttv.com.ar\/index.php\/wp-json\/wp\/v2\/types\/post"}],"author":[{"embeddable":true,"href":"https:\/\/www.celttv.com.ar\/index.php\/wp-json\/wp\/v2\/users\/5"}],"replies":[{"embeddable":true,"href":"https:\/\/www.celttv.com.ar\/index.php\/wp-json\/wp\/v2\/comments?post=71842"}],"version-history":[{"count":2,"href":"https:\/\/www.celttv.com.ar\/index.php\/wp-json\/wp\/v2\/posts\/71842\/revisions"}],"predecessor-version":[{"id":71905,"href":"https:\/\/www.celttv.com.ar\/index.php\/wp-json\/wp\/v2\/posts\/71842\/revisions\/71905"}],"wp:featuredmedia":[{"embeddable":true,"href":"https:\/\/www.celttv.com.ar\/index.php\/wp-json\/wp\/v2\/media\/71843"}],"wp:attachment":[{"href":"https:\/\/www.celttv.com.ar\/index.php\/wp-json\/wp\/v2\/media?parent=71842"}],"wp:term":[{"taxonomy":"category","embeddable":true,"href":"https:\/\/www.celttv.com.ar\/index.php\/wp-json\/wp\/v2\/categories?post=71842"},{"taxonomy":"post_tag","embeddable":true,"href":"https:\/\/www.celttv.com.ar\/index.php\/wp-json\/wp\/v2\/tags?post=71842"}],"curies":[{"name":"wp","href":"https:\/\/api.w.org\/{rel}","templated":true}]}}