{"id":7188,"date":"2012-06-15T21:16:52","date_gmt":"2012-06-15T21:16:52","guid":{"rendered":"http:\/\/www.tvcnoticias.com.ar\/?p=7188"},"modified":"2012-06-15T21:16:52","modified_gmt":"2012-06-15T21:16:52","slug":"medio-ambiente-el-municipio-recolecto-mas-de-250-kilos-de-pilas","status":"publish","type":"post","link":"https:\/\/www.celttv.com.ar\/index.php\/2012\/06\/15\/medio-ambiente-el-municipio-recolecto-mas-de-250-kilos-de-pilas\/","title":{"rendered":"MEDIO AMBIENTE: EL MUNICIPIO RECOLECTO MAS DE 250 KILOS DE PILAS"},"content":{"rendered":"<table border=\"0\" cellspacing=\"0\" cellpadding=\"0\">\n<tbody>\n<tr>\n<td>\u00a0<br \/>\nM\u00e1s de 250 kilogramos de pilas recolect\u00f3 la Municipalidad de Tornquist en la ciudad cabecera del distrito durante el trascurso del corriente a\u00f1o, en el marco de la campa\u00f1a que se viene realizando con el objetivo de evitar da\u00f1os medioambientales.<br \/>\n\u00a0\u00a0 La cifra super\u00f3 las expectativas previas, reafirmando el programa de recolecci\u00f3n. En tal sentido, desde la comuna se agradece el compromiso de la comunidad y se solicita continuar con el mismo \u00e9nfasis para evitar que esos elementos terminen mezclados con los residuos domiciliarios.<br \/>\n\u00a0\u00a0 Cabe recordar que se utilizan recipientes recolectores identificados con la campa\u00f1a, que se encuentran ubicados en diferentes comercios, establecimientos educativos , lugares p\u00fablicos y otras instituciones. El municipio las agrupa en la planta de reciclables de Saldunagaray y las entrega en el IPES.<br \/>\n\u00a0\u00a0 Es importante destacar que tirarlas con los residuos es altamente contaminante, ya que los componentes de las pilas (Plomo, Zinc, Cadmio, Mercurio y Litio&#8211; son elementos nocivos para nuestra salud y el medio ambiente.<br \/>\n\u00a0\u00a0 A continuaci\u00f3n se detallan los diferentes lugares en donde est\u00e1n dispuestos los recolectores: Cooperativa El\u00e9ctrica, Estaci\u00f3n de Servicio YPF, Cooperativa Obrara, Kiosco \u201cPuio\u201d, sucursales norte y sur de Supermercados El Porvenir, Acumuladores Schwerdt, \u00d3ptica Saint Germain, Pares y Nones, Casa Vallucci, Colegio Nuestra Se\u00f1ora de Luj\u00e1n, El Ba\u00fal de Don Rodrigo, Mercado Santa Ana, Escuela Medina N\u00b0 1, Escuela de Ense\u00f1anza Agropecuaria, Escuela Media N\u00b0 3, Cavalli Hermanos, Casa Daguerre, Zacconi Hogar, Almac\u00e9n Ayrton, Ferreter\u00eda Alemana, Farmacia Rusconi, Taller Protegido y edificio municipal.<\/td>\n<\/tr>\n<\/tbody>\n<\/table>\n","protected":false},"excerpt":{"rendered":"<p>\u00a0 M\u00e1s de 250 kilogramos de pilas recolect\u00f3 la Municipalidad de Tornquist en la ciudad cabecera del distrito durante el trascurso del corriente a\u00f1o, en el marco de la campa\u00f1a que se viene realizando con el objetivo de evitar da\u00f1os medioambientales. \u00a0\u00a0 La cifra super\u00f3 las expectativas previas, reafirmando el programa de recolecci\u00f3n. En tal [&hellip;]<\/p>\n","protected":false},"author":1,"featured_media":0,"comment_status":"closed","ping_status":"open","sticky":false,"template":"","format":"standard","meta":{"footnotes":""},"categories":[51,52,53],"tags":[],"class_list":["post-7188","post","type-post","status-publish","format-standard","hentry","category-comunidad","category-destacadas","category-politica"],"yoast_head":"<!-- This site is optimized with the Yoast SEO plugin v19.7.1 - https:\/\/yoast.com\/wordpress\/plugins\/seo\/ -->\n<title>MEDIO AMBIENTE: EL MUNICIPIO RECOLECTO MAS DE 250 KILOS DE PILAS - CELTTV<\/title>\n<meta name=\"description\" content=\"Sitio web de noticias de la localidad de Tornquist, provincia de Buenos Aires, Rep\u00fablica Argentina. Contenido propio originado por periodistas de CELTTV, el canal de TV local de la Cooperativa El\u00e9ctrica de Tornquist. Turismo, Pol\u00edtica, Sociedad, Deporte, Cultura y todo el contenido de inter\u00e9s general que la gente del pueblo y la regi\u00f3n debe conocer.\" \/>\n<meta name=\"robots\" content=\"index, follow, max-snippet:-1, max-image-preview:large, max-video-preview:-1\" \/>\n<link rel=\"canonical\" href=\"https:\/\/www.celttv.com.ar\/index.php\/2012\/06\/15\/medio-ambiente-el-municipio-recolecto-mas-de-250-kilos-de-pilas\/\" \/>\n<meta property=\"og:locale\" content=\"es_ES\" \/>\n<meta property=\"og:type\" content=\"article\" \/>\n<meta property=\"og:title\" content=\"MEDIO AMBIENTE: EL MUNICIPIO RECOLECTO MAS DE 250 KILOS DE PILAS - CELTTV\" \/>\n<meta property=\"og:description\" content=\"Sitio web de noticias de la localidad de Tornquist, provincia de Buenos Aires, Rep\u00fablica Argentina. Contenido propio originado por periodistas de CELTTV, el canal de TV local de la Cooperativa El\u00e9ctrica de Tornquist. Turismo, Pol\u00edtica, Sociedad, Deporte, Cultura y todo el contenido de inter\u00e9s general que la gente del pueblo y la regi\u00f3n debe conocer.\" \/>\n<meta property=\"og:url\" content=\"https:\/\/www.celttv.com.ar\/index.php\/2012\/06\/15\/medio-ambiente-el-municipio-recolecto-mas-de-250-kilos-de-pilas\/\" \/>\n<meta property=\"og:site_name\" content=\"CELTTV\" \/>\n<meta property=\"article:publisher\" content=\"https:\/\/www.facebook.com\/celtTV\/\" \/>\n<meta property=\"article:published_time\" content=\"2012-06-15T21:16:52+00:00\" \/>\n<meta name=\"author\" content=\"ulises\" \/>\n<meta name=\"twitter:card\" content=\"summary_large_image\" \/>\n<meta name=\"twitter:label1\" content=\"Escrito por\" \/>\n\t<meta name=\"twitter:data1\" content=\"ulises\" \/>\n\t<meta name=\"twitter:label2\" content=\"Tiempo de lectura\" \/>\n\t<meta name=\"twitter:data2\" content=\"1 minuto\" \/>\n<script type=\"application\/ld+json\" class=\"yoast-schema-graph\">{\"@context\":\"https:\/\/schema.org\",\"@graph\":[{\"@type\":\"NewsArticle\",\"@id\":\"https:\/\/www.celttv.com.ar\/index.php\/2012\/06\/15\/medio-ambiente-el-municipio-recolecto-mas-de-250-kilos-de-pilas\/#article\",\"isPartOf\":{\"@id\":\"https:\/\/www.celttv.com.ar\/index.php\/2012\/06\/15\/medio-ambiente-el-municipio-recolecto-mas-de-250-kilos-de-pilas\/\"},\"author\":{\"name\":\"ulises\",\"@id\":\"https:\/\/www.celttv.com.ar\/#\/schema\/person\/6d99c072dba59953809c81446e9d0ace\"},\"headline\":\"MEDIO AMBIENTE: EL MUNICIPIO RECOLECTO MAS DE 250 KILOS DE PILAS\",\"datePublished\":\"2012-06-15T21:16:52+00:00\",\"dateModified\":\"2012-06-15T21:16:52+00:00\",\"mainEntityOfPage\":{\"@id\":\"https:\/\/www.celttv.com.ar\/index.php\/2012\/06\/15\/medio-ambiente-el-municipio-recolecto-mas-de-250-kilos-de-pilas\/\"},\"wordCount\":270,\"publisher\":{\"@id\":\"https:\/\/www.celttv.com.ar\/#organization\"},\"articleSection\":[\"Comunidad\",\"Destacadas\",\"Pol\u00edtica\"],\"inLanguage\":\"es\"},{\"@type\":\"WebPage\",\"@id\":\"https:\/\/www.celttv.com.ar\/index.php\/2012\/06\/15\/medio-ambiente-el-municipio-recolecto-mas-de-250-kilos-de-pilas\/\",\"url\":\"https:\/\/www.celttv.com.ar\/index.php\/2012\/06\/15\/medio-ambiente-el-municipio-recolecto-mas-de-250-kilos-de-pilas\/\",\"name\":\"MEDIO AMBIENTE: EL MUNICIPIO RECOLECTO MAS DE 250 KILOS DE PILAS - CELTTV\",\"isPartOf\":{\"@id\":\"https:\/\/www.celttv.com.ar\/#website\"},\"datePublished\":\"2012-06-15T21:16:52+00:00\",\"dateModified\":\"2012-06-15T21:16:52+00:00\",\"description\":\"Sitio web de noticias de la localidad de Tornquist, provincia de Buenos Aires, Rep\u00fablica Argentina. Contenido propio originado por periodistas de CELTTV, el canal de TV local de la Cooperativa El\u00e9ctrica de Tornquist. Turismo, Pol\u00edtica, Sociedad, Deporte, Cultura y todo el contenido de inter\u00e9s general que la gente del pueblo y la regi\u00f3n debe conocer.\",\"breadcrumb\":{\"@id\":\"https:\/\/www.celttv.com.ar\/index.php\/2012\/06\/15\/medio-ambiente-el-municipio-recolecto-mas-de-250-kilos-de-pilas\/#breadcrumb\"},\"inLanguage\":\"es\",\"potentialAction\":[{\"@type\":\"ReadAction\",\"target\":[\"https:\/\/www.celttv.com.ar\/index.php\/2012\/06\/15\/medio-ambiente-el-municipio-recolecto-mas-de-250-kilos-de-pilas\/\"]}]},{\"@type\":\"BreadcrumbList\",\"@id\":\"https:\/\/www.celttv.com.ar\/index.php\/2012\/06\/15\/medio-ambiente-el-municipio-recolecto-mas-de-250-kilos-de-pilas\/#breadcrumb\",\"itemListElement\":[{\"@type\":\"ListItem\",\"position\":1,\"name\":\"Inicio\",\"item\":\"https:\/\/www.celttv.com.ar\/\"},{\"@type\":\"ListItem\",\"position\":2,\"name\":\"MEDIO AMBIENTE: EL MUNICIPIO RECOLECTO MAS DE 250 KILOS DE PILAS\"}]},{\"@type\":\"WebSite\",\"@id\":\"https:\/\/www.celttv.com.ar\/#website\",\"url\":\"https:\/\/www.celttv.com.ar\/\",\"name\":\"CELTTV\",\"description\":\"Cooperativa El\u00e9ctrica de Tornquist\",\"publisher\":{\"@id\":\"https:\/\/www.celttv.com.ar\/#organization\"},\"potentialAction\":[{\"@type\":\"SearchAction\",\"target\":{\"@type\":\"EntryPoint\",\"urlTemplate\":\"https:\/\/www.celttv.com.ar\/?s={search_term_string}\"},\"query-input\":\"required name=search_term_string\"}],\"inLanguage\":\"es\"},{\"@type\":\"Organization\",\"@id\":\"https:\/\/www.celttv.com.ar\/#organization\",\"name\":\"CELTTV\",\"url\":\"https:\/\/www.celttv.com.ar\/\",\"sameAs\":[\"https:\/\/www.youtube.com\/channel\/UCz_oIt8Hig64Ub-EmcNPIhg\",\"https:\/\/www.facebook.com\/celtTV\/\"],\"logo\":{\"@type\":\"ImageObject\",\"inLanguage\":\"es\",\"@id\":\"https:\/\/www.celttv.com.ar\/#\/schema\/logo\/image\/\",\"url\":\"http:\/\/www.celttv.com.ar\/wp-content\/uploads\/2022\/08\/logo-1.png\",\"contentUrl\":\"http:\/\/www.celttv.com.ar\/wp-content\/uploads\/2022\/08\/logo-1.png\",\"width\":461,\"height\":159,\"caption\":\"CELTTV\"},\"image\":{\"@id\":\"https:\/\/www.celttv.com.ar\/#\/schema\/logo\/image\/\"}},{\"@type\":\"Person\",\"@id\":\"https:\/\/www.celttv.com.ar\/#\/schema\/person\/6d99c072dba59953809c81446e9d0ace\",\"name\":\"ulises\",\"image\":{\"@type\":\"ImageObject\",\"inLanguage\":\"es\",\"@id\":\"https:\/\/www.celttv.com.ar\/#\/schema\/person\/image\/\",\"url\":\"https:\/\/secure.gravatar.com\/avatar\/7f2c48bdc33b30088f941fb6082e555f2874c98e20cb159d7b92b50eadfce793?s=96&d=mm&r=g\",\"contentUrl\":\"https:\/\/secure.gravatar.com\/avatar\/7f2c48bdc33b30088f941fb6082e555f2874c98e20cb159d7b92b50eadfce793?s=96&d=mm&r=g\",\"caption\":\"ulises\"},\"sameAs\":[\"http:\/\/www.celttv.com.ar\"]}]}<\/script>\n<!-- \/ Yoast SEO plugin. -->","yoast_head_json":{"title":"MEDIO AMBIENTE: EL MUNICIPIO RECOLECTO MAS DE 250 KILOS DE PILAS - CELTTV","description":"Sitio web de noticias de la localidad de Tornquist, provincia de Buenos Aires, Rep\u00fablica Argentina. Contenido propio originado por periodistas de CELTTV, el canal de TV local de la Cooperativa El\u00e9ctrica de Tornquist. Turismo, Pol\u00edtica, Sociedad, Deporte, Cultura y todo el contenido de inter\u00e9s general que la gente del pueblo y la regi\u00f3n debe conocer.","robots":{"index":"index","follow":"follow","max-snippet":"max-snippet:-1","max-image-preview":"max-image-preview:large","max-video-preview":"max-video-preview:-1"},"canonical":"https:\/\/www.celttv.com.ar\/index.php\/2012\/06\/15\/medio-ambiente-el-municipio-recolecto-mas-de-250-kilos-de-pilas\/","og_locale":"es_ES","og_type":"article","og_title":"MEDIO AMBIENTE: EL MUNICIPIO RECOLECTO MAS DE 250 KILOS DE PILAS - CELTTV","og_description":"Sitio web de noticias de la localidad de Tornquist, provincia de Buenos Aires, Rep\u00fablica Argentina. Contenido propio originado por periodistas de CELTTV, el canal de TV local de la Cooperativa El\u00e9ctrica de Tornquist. Turismo, Pol\u00edtica, Sociedad, Deporte, Cultura y todo el contenido de inter\u00e9s general que la gente del pueblo y la regi\u00f3n debe conocer.","og_url":"https:\/\/www.celttv.com.ar\/index.php\/2012\/06\/15\/medio-ambiente-el-municipio-recolecto-mas-de-250-kilos-de-pilas\/","og_site_name":"CELTTV","article_publisher":"https:\/\/www.facebook.com\/celtTV\/","article_published_time":"2012-06-15T21:16:52+00:00","author":"ulises","twitter_card":"summary_large_image","twitter_misc":{"Escrito por":"ulises","Tiempo de lectura":"1 minuto"},"schema":{"@context":"https:\/\/schema.org","@graph":[{"@type":"NewsArticle","@id":"https:\/\/www.celttv.com.ar\/index.php\/2012\/06\/15\/medio-ambiente-el-municipio-recolecto-mas-de-250-kilos-de-pilas\/#article","isPartOf":{"@id":"https:\/\/www.celttv.com.ar\/index.php\/2012\/06\/15\/medio-ambiente-el-municipio-recolecto-mas-de-250-kilos-de-pilas\/"},"author":{"name":"ulises","@id":"https:\/\/www.celttv.com.ar\/#\/schema\/person\/6d99c072dba59953809c81446e9d0ace"},"headline":"MEDIO AMBIENTE: EL MUNICIPIO RECOLECTO MAS DE 250 KILOS DE PILAS","datePublished":"2012-06-15T21:16:52+00:00","dateModified":"2012-06-15T21:16:52+00:00","mainEntityOfPage":{"@id":"https:\/\/www.celttv.com.ar\/index.php\/2012\/06\/15\/medio-ambiente-el-municipio-recolecto-mas-de-250-kilos-de-pilas\/"},"wordCount":270,"publisher":{"@id":"https:\/\/www.celttv.com.ar\/#organization"},"articleSection":["Comunidad","Destacadas","Pol\u00edtica"],"inLanguage":"es"},{"@type":"WebPage","@id":"https:\/\/www.celttv.com.ar\/index.php\/2012\/06\/15\/medio-ambiente-el-municipio-recolecto-mas-de-250-kilos-de-pilas\/","url":"https:\/\/www.celttv.com.ar\/index.php\/2012\/06\/15\/medio-ambiente-el-municipio-recolecto-mas-de-250-kilos-de-pilas\/","name":"MEDIO AMBIENTE: EL MUNICIPIO RECOLECTO MAS DE 250 KILOS DE PILAS - CELTTV","isPartOf":{"@id":"https:\/\/www.celttv.com.ar\/#website"},"datePublished":"2012-06-15T21:16:52+00:00","dateModified":"2012-06-15T21:16:52+00:00","description":"Sitio web de noticias de la localidad de Tornquist, provincia de Buenos Aires, Rep\u00fablica Argentina. Contenido propio originado por periodistas de CELTTV, el canal de TV local de la Cooperativa El\u00e9ctrica de Tornquist. Turismo, Pol\u00edtica, Sociedad, Deporte, Cultura y todo el contenido de inter\u00e9s general que la gente del pueblo y la regi\u00f3n debe conocer.","breadcrumb":{"@id":"https:\/\/www.celttv.com.ar\/index.php\/2012\/06\/15\/medio-ambiente-el-municipio-recolecto-mas-de-250-kilos-de-pilas\/#breadcrumb"},"inLanguage":"es","potentialAction":[{"@type":"ReadAction","target":["https:\/\/www.celttv.com.ar\/index.php\/2012\/06\/15\/medio-ambiente-el-municipio-recolecto-mas-de-250-kilos-de-pilas\/"]}]},{"@type":"BreadcrumbList","@id":"https:\/\/www.celttv.com.ar\/index.php\/2012\/06\/15\/medio-ambiente-el-municipio-recolecto-mas-de-250-kilos-de-pilas\/#breadcrumb","itemListElement":[{"@type":"ListItem","position":1,"name":"Inicio","item":"https:\/\/www.celttv.com.ar\/"},{"@type":"ListItem","position":2,"name":"MEDIO AMBIENTE: EL MUNICIPIO RECOLECTO MAS DE 250 KILOS DE PILAS"}]},{"@type":"WebSite","@id":"https:\/\/www.celttv.com.ar\/#website","url":"https:\/\/www.celttv.com.ar\/","name":"CELTTV","description":"Cooperativa El\u00e9ctrica de Tornquist","publisher":{"@id":"https:\/\/www.celttv.com.ar\/#organization"},"potentialAction":[{"@type":"SearchAction","target":{"@type":"EntryPoint","urlTemplate":"https:\/\/www.celttv.com.ar\/?s={search_term_string}"},"query-input":"required name=search_term_string"}],"inLanguage":"es"},{"@type":"Organization","@id":"https:\/\/www.celttv.com.ar\/#organization","name":"CELTTV","url":"https:\/\/www.celttv.com.ar\/","sameAs":["https:\/\/www.youtube.com\/channel\/UCz_oIt8Hig64Ub-EmcNPIhg","https:\/\/www.facebook.com\/celtTV\/"],"logo":{"@type":"ImageObject","inLanguage":"es","@id":"https:\/\/www.celttv.com.ar\/#\/schema\/logo\/image\/","url":"http:\/\/www.celttv.com.ar\/wp-content\/uploads\/2022\/08\/logo-1.png","contentUrl":"http:\/\/www.celttv.com.ar\/wp-content\/uploads\/2022\/08\/logo-1.png","width":461,"height":159,"caption":"CELTTV"},"image":{"@id":"https:\/\/www.celttv.com.ar\/#\/schema\/logo\/image\/"}},{"@type":"Person","@id":"https:\/\/www.celttv.com.ar\/#\/schema\/person\/6d99c072dba59953809c81446e9d0ace","name":"ulises","image":{"@type":"ImageObject","inLanguage":"es","@id":"https:\/\/www.celttv.com.ar\/#\/schema\/person\/image\/","url":"https:\/\/secure.gravatar.com\/avatar\/7f2c48bdc33b30088f941fb6082e555f2874c98e20cb159d7b92b50eadfce793?s=96&d=mm&r=g","contentUrl":"https:\/\/secure.gravatar.com\/avatar\/7f2c48bdc33b30088f941fb6082e555f2874c98e20cb159d7b92b50eadfce793?s=96&d=mm&r=g","caption":"ulises"},"sameAs":["http:\/\/www.celttv.com.ar"]}]}},"_links":{"self":[{"href":"https:\/\/www.celttv.com.ar\/index.php\/wp-json\/wp\/v2\/posts\/7188","targetHints":{"allow":["GET"]}}],"collection":[{"href":"https:\/\/www.celttv.com.ar\/index.php\/wp-json\/wp\/v2\/posts"}],"about":[{"href":"https:\/\/www.celttv.com.ar\/index.php\/wp-json\/wp\/v2\/types\/post"}],"author":[{"embeddable":true,"href":"https:\/\/www.celttv.com.ar\/index.php\/wp-json\/wp\/v2\/users\/1"}],"replies":[{"embeddable":true,"href":"https:\/\/www.celttv.com.ar\/index.php\/wp-json\/wp\/v2\/comments?post=7188"}],"version-history":[{"count":0,"href":"https:\/\/www.celttv.com.ar\/index.php\/wp-json\/wp\/v2\/posts\/7188\/revisions"}],"wp:attachment":[{"href":"https:\/\/www.celttv.com.ar\/index.php\/wp-json\/wp\/v2\/media?parent=7188"}],"wp:term":[{"taxonomy":"category","embeddable":true,"href":"https:\/\/www.celttv.com.ar\/index.php\/wp-json\/wp\/v2\/categories?post=7188"},{"taxonomy":"post_tag","embeddable":true,"href":"https:\/\/www.celttv.com.ar\/index.php\/wp-json\/wp\/v2\/tags?post=7188"}],"curies":[{"name":"wp","href":"https:\/\/api.w.org\/{rel}","templated":true}]}}