{"id":72104,"date":"2022-12-07T13:42:37","date_gmt":"2022-12-07T16:42:37","guid":{"rendered":"http:\/\/www.celttv.com.ar\/?p=72104"},"modified":"2022-12-07T13:43:11","modified_gmt":"2022-12-07T16:43:11","slug":"rieiro-la-escuela-de-taekwon-do-de-tornquist-ya-tiene-un-camino-marcado-y-hoy-sigue-creciendo-videos","status":"publish","type":"post","link":"https:\/\/www.celttv.com.ar\/index.php\/2022\/12\/07\/rieiro-la-escuela-de-taekwon-do-de-tornquist-ya-tiene-un-camino-marcado-y-hoy-sigue-creciendo-videos\/","title":{"rendered":"Rieiro: &#8220;La Escuela de Taekwon-do de Tornquist ya tiene un camino marcado y hoy sigue creciendo&#8221; (Videos)"},"content":{"rendered":"<p>La Escuela de Taekwon-do &#8220;Ricardo Egoburo&#8221; de Tornquist, organiz\u00f3 una jornada de ex\u00e1men para los instructores y alumnos, la cual llev\u00f3 adelante el reconocido VII Dan Ricardo Rieiro.<\/p>\n<p>La actividad se desarroll\u00f3 en el SUM del Colegio Nuestra Se\u00f1ora de Luj\u00e1n.<\/p>\n<p><em><strong>ENTREVISTAS<\/strong><\/em><\/p>\n<p><iframe loading=\"lazy\" title=\"2022 12 07 TAEKWON DO   ANDREA GARC\u00cdA\" width=\"500\" height=\"281\" src=\"https:\/\/www.youtube.com\/embed\/Q22_vUecu8I?feature=oembed\" frameborder=\"0\" allow=\"accelerometer; autoplay; clipboard-write; encrypted-media; gyroscope; picture-in-picture; web-share\" referrerpolicy=\"strict-origin-when-cross-origin\" allowfullscreen><\/iframe><\/p>\n<p><iframe loading=\"lazy\" title=\"2022 12 07 TAEKWON DO   RICARDO RIEIRO\" width=\"500\" height=\"281\" src=\"https:\/\/www.youtube.com\/embed\/wFlFhEHRT88?feature=oembed\" frameborder=\"0\" allow=\"accelerometer; autoplay; clipboard-write; encrypted-media; gyroscope; picture-in-picture; web-share\" referrerpolicy=\"strict-origin-when-cross-origin\" allowfullscreen><\/iframe><\/p>\n","protected":false},"excerpt":{"rendered":"<p>La Escuela de Taekwon-do &#8220;Ricardo Egoburo&#8221; de Tornquist, organiz\u00f3 una jornada de ex\u00e1men para los instructores y alumnos, la cual llev\u00f3 adelante el reconocido VII Dan Ricardo Rieiro. La actividad se desarroll\u00f3 en el SUM del Colegio Nuestra Se\u00f1ora de Luj\u00e1n. ENTREVISTAS<\/p>\n","protected":false},"author":3,"featured_media":72105,"comment_status":"closed","ping_status":"closed","sticky":false,"template":"","format":"standard","meta":{"footnotes":""},"categories":[63],"tags":[],"class_list":["post-72104","post","type-post","status-publish","format-standard","has-post-thumbnail","hentry","category-magazine-sport"],"yoast_head":"<!-- This site is optimized with the Yoast SEO plugin v19.7.1 - https:\/\/yoast.com\/wordpress\/plugins\/seo\/ -->\n<title>Rieiro: &quot;La Escuela de Taekwon-do de Tornquist ya tiene un camino marcado y hoy sigue creciendo&quot; (Videos) - CELTTV<\/title>\n<meta name=\"description\" content=\"Sitio web de noticias de la localidad de Tornquist, provincia de Buenos Aires, Rep\u00fablica Argentina. Contenido propio originado por periodistas de CELTTV, el canal de TV local de la Cooperativa El\u00e9ctrica de Tornquist. Turismo, Pol\u00edtica, Sociedad, Deporte, Cultura y todo el contenido de inter\u00e9s general que la gente del pueblo y la regi\u00f3n debe conocer.\" \/>\n<meta name=\"robots\" content=\"index, follow, max-snippet:-1, max-image-preview:large, max-video-preview:-1\" \/>\n<link rel=\"canonical\" href=\"https:\/\/www.celttv.com.ar\/index.php\/2022\/12\/07\/rieiro-la-escuela-de-taekwon-do-de-tornquist-ya-tiene-un-camino-marcado-y-hoy-sigue-creciendo-videos\/\" \/>\n<meta property=\"og:locale\" content=\"es_ES\" \/>\n<meta property=\"og:type\" content=\"article\" \/>\n<meta property=\"og:title\" content=\"Rieiro: &quot;La Escuela de Taekwon-do de Tornquist ya tiene un camino marcado y hoy sigue creciendo&quot; (Videos) - CELTTV\" \/>\n<meta property=\"og:description\" content=\"Sitio web de noticias de la localidad de Tornquist, provincia de Buenos Aires, Rep\u00fablica Argentina. Contenido propio originado por periodistas de CELTTV, el canal de TV local de la Cooperativa El\u00e9ctrica de Tornquist. Turismo, Pol\u00edtica, Sociedad, Deporte, Cultura y todo el contenido de inter\u00e9s general que la gente del pueblo y la regi\u00f3n debe conocer.\" \/>\n<meta property=\"og:url\" content=\"https:\/\/www.celttv.com.ar\/index.php\/2022\/12\/07\/rieiro-la-escuela-de-taekwon-do-de-tornquist-ya-tiene-un-camino-marcado-y-hoy-sigue-creciendo-videos\/\" \/>\n<meta property=\"og:site_name\" content=\"CELTTV\" \/>\n<meta property=\"article:publisher\" content=\"https:\/\/www.facebook.com\/celtTV\/\" \/>\n<meta property=\"article:published_time\" content=\"2022-12-07T16:42:37+00:00\" \/>\n<meta property=\"article:modified_time\" content=\"2022-12-07T16:43:11+00:00\" \/>\n<meta property=\"og:image\" content=\"https:\/\/www.celttv.com.ar\/wp-content\/uploads\/2022\/12\/WhatsApp-Image-2022-12-03-at-19.25.22-1024x768-1.jpeg\" \/>\n\t<meta property=\"og:image:width\" content=\"1024\" \/>\n\t<meta property=\"og:image:height\" content=\"768\" \/>\n\t<meta property=\"og:image:type\" content=\"image\/jpeg\" \/>\n<meta name=\"author\" content=\"Rodrigo Sgammini\" \/>\n<meta name=\"twitter:card\" content=\"summary_large_image\" \/>\n<meta name=\"twitter:label1\" content=\"Escrito por\" \/>\n\t<meta name=\"twitter:data1\" content=\"Rodrigo Sgammini\" \/>\n<script type=\"application\/ld+json\" class=\"yoast-schema-graph\">{\"@context\":\"https:\/\/schema.org\",\"@graph\":[{\"@type\":\"NewsArticle\",\"@id\":\"https:\/\/www.celttv.com.ar\/index.php\/2022\/12\/07\/rieiro-la-escuela-de-taekwon-do-de-tornquist-ya-tiene-un-camino-marcado-y-hoy-sigue-creciendo-videos\/#article\",\"isPartOf\":{\"@id\":\"https:\/\/www.celttv.com.ar\/index.php\/2022\/12\/07\/rieiro-la-escuela-de-taekwon-do-de-tornquist-ya-tiene-un-camino-marcado-y-hoy-sigue-creciendo-videos\/\"},\"author\":{\"name\":\"Rodrigo Sgammini\",\"@id\":\"https:\/\/www.celttv.com.ar\/#\/schema\/person\/495be51d064edd971d8457f8f64eb172\"},\"headline\":\"Rieiro: &#8220;La Escuela de Taekwon-do de Tornquist ya tiene un camino marcado y hoy sigue creciendo&#8221; (Videos)\",\"datePublished\":\"2022-12-07T16:42:37+00:00\",\"dateModified\":\"2022-12-07T16:43:11+00:00\",\"mainEntityOfPage\":{\"@id\":\"https:\/\/www.celttv.com.ar\/index.php\/2022\/12\/07\/rieiro-la-escuela-de-taekwon-do-de-tornquist-ya-tiene-un-camino-marcado-y-hoy-sigue-creciendo-videos\/\"},\"wordCount\":72,\"publisher\":{\"@id\":\"https:\/\/www.celttv.com.ar\/#organization\"},\"articleSection\":[\"Magazine Sport\"],\"inLanguage\":\"es\"},{\"@type\":\"WebPage\",\"@id\":\"https:\/\/www.celttv.com.ar\/index.php\/2022\/12\/07\/rieiro-la-escuela-de-taekwon-do-de-tornquist-ya-tiene-un-camino-marcado-y-hoy-sigue-creciendo-videos\/\",\"url\":\"https:\/\/www.celttv.com.ar\/index.php\/2022\/12\/07\/rieiro-la-escuela-de-taekwon-do-de-tornquist-ya-tiene-un-camino-marcado-y-hoy-sigue-creciendo-videos\/\",\"name\":\"Rieiro: \\\"La Escuela de Taekwon-do de Tornquist ya tiene un camino marcado y hoy sigue creciendo\\\" (Videos) - CELTTV\",\"isPartOf\":{\"@id\":\"https:\/\/www.celttv.com.ar\/#website\"},\"datePublished\":\"2022-12-07T16:42:37+00:00\",\"dateModified\":\"2022-12-07T16:43:11+00:00\",\"description\":\"Sitio web de noticias de la localidad de Tornquist, provincia de Buenos Aires, Rep\u00fablica Argentina. Contenido propio originado por periodistas de CELTTV, el canal de TV local de la Cooperativa El\u00e9ctrica de Tornquist. Turismo, Pol\u00edtica, Sociedad, Deporte, Cultura y todo el contenido de inter\u00e9s general que la gente del pueblo y la regi\u00f3n debe conocer.\",\"breadcrumb\":{\"@id\":\"https:\/\/www.celttv.com.ar\/index.php\/2022\/12\/07\/rieiro-la-escuela-de-taekwon-do-de-tornquist-ya-tiene-un-camino-marcado-y-hoy-sigue-creciendo-videos\/#breadcrumb\"},\"inLanguage\":\"es\",\"potentialAction\":[{\"@type\":\"ReadAction\",\"target\":[\"https:\/\/www.celttv.com.ar\/index.php\/2022\/12\/07\/rieiro-la-escuela-de-taekwon-do-de-tornquist-ya-tiene-un-camino-marcado-y-hoy-sigue-creciendo-videos\/\"]}]},{\"@type\":\"BreadcrumbList\",\"@id\":\"https:\/\/www.celttv.com.ar\/index.php\/2022\/12\/07\/rieiro-la-escuela-de-taekwon-do-de-tornquist-ya-tiene-un-camino-marcado-y-hoy-sigue-creciendo-videos\/#breadcrumb\",\"itemListElement\":[{\"@type\":\"ListItem\",\"position\":1,\"name\":\"Inicio\",\"item\":\"https:\/\/www.celttv.com.ar\/\"},{\"@type\":\"ListItem\",\"position\":2,\"name\":\"Rieiro: &#8220;La Escuela de Taekwon-do de Tornquist ya tiene un camino marcado y hoy sigue creciendo&#8221; (Videos)\"}]},{\"@type\":\"WebSite\",\"@id\":\"https:\/\/www.celttv.com.ar\/#website\",\"url\":\"https:\/\/www.celttv.com.ar\/\",\"name\":\"CELTTV\",\"description\":\"Cooperativa El\u00e9ctrica de Tornquist\",\"publisher\":{\"@id\":\"https:\/\/www.celttv.com.ar\/#organization\"},\"potentialAction\":[{\"@type\":\"SearchAction\",\"target\":{\"@type\":\"EntryPoint\",\"urlTemplate\":\"https:\/\/www.celttv.com.ar\/?s={search_term_string}\"},\"query-input\":\"required name=search_term_string\"}],\"inLanguage\":\"es\"},{\"@type\":\"Organization\",\"@id\":\"https:\/\/www.celttv.com.ar\/#organization\",\"name\":\"CELTTV\",\"url\":\"https:\/\/www.celttv.com.ar\/\",\"sameAs\":[\"https:\/\/www.youtube.com\/channel\/UCz_oIt8Hig64Ub-EmcNPIhg\",\"https:\/\/www.facebook.com\/celtTV\/\"],\"logo\":{\"@type\":\"ImageObject\",\"inLanguage\":\"es\",\"@id\":\"https:\/\/www.celttv.com.ar\/#\/schema\/logo\/image\/\",\"url\":\"http:\/\/www.celttv.com.ar\/wp-content\/uploads\/2022\/08\/logo-1.png\",\"contentUrl\":\"http:\/\/www.celttv.com.ar\/wp-content\/uploads\/2022\/08\/logo-1.png\",\"width\":461,\"height\":159,\"caption\":\"CELTTV\"},\"image\":{\"@id\":\"https:\/\/www.celttv.com.ar\/#\/schema\/logo\/image\/\"}},{\"@type\":\"Person\",\"@id\":\"https:\/\/www.celttv.com.ar\/#\/schema\/person\/495be51d064edd971d8457f8f64eb172\",\"name\":\"Rodrigo Sgammini\",\"image\":{\"@type\":\"ImageObject\",\"inLanguage\":\"es\",\"@id\":\"https:\/\/www.celttv.com.ar\/#\/schema\/person\/image\/\",\"url\":\"https:\/\/secure.gravatar.com\/avatar\/68f7848d42735e7a9276b47cd6e606327d88f521c51ae39d88888b76902e2987?s=96&d=mm&r=g\",\"contentUrl\":\"https:\/\/secure.gravatar.com\/avatar\/68f7848d42735e7a9276b47cd6e606327d88f521c51ae39d88888b76902e2987?s=96&d=mm&r=g\",\"caption\":\"Rodrigo Sgammini\"}}]}<\/script>\n<!-- \/ Yoast SEO plugin. -->","yoast_head_json":{"title":"Rieiro: \"La Escuela de Taekwon-do de Tornquist ya tiene un camino marcado y hoy sigue creciendo\" (Videos) - CELTTV","description":"Sitio web de noticias de la localidad de Tornquist, provincia de Buenos Aires, Rep\u00fablica Argentina. Contenido propio originado por periodistas de CELTTV, el canal de TV local de la Cooperativa El\u00e9ctrica de Tornquist. Turismo, Pol\u00edtica, Sociedad, Deporte, Cultura y todo el contenido de inter\u00e9s general que la gente del pueblo y la regi\u00f3n debe conocer.","robots":{"index":"index","follow":"follow","max-snippet":"max-snippet:-1","max-image-preview":"max-image-preview:large","max-video-preview":"max-video-preview:-1"},"canonical":"https:\/\/www.celttv.com.ar\/index.php\/2022\/12\/07\/rieiro-la-escuela-de-taekwon-do-de-tornquist-ya-tiene-un-camino-marcado-y-hoy-sigue-creciendo-videos\/","og_locale":"es_ES","og_type":"article","og_title":"Rieiro: \"La Escuela de Taekwon-do de Tornquist ya tiene un camino marcado y hoy sigue creciendo\" (Videos) - CELTTV","og_description":"Sitio web de noticias de la localidad de Tornquist, provincia de Buenos Aires, Rep\u00fablica Argentina. Contenido propio originado por periodistas de CELTTV, el canal de TV local de la Cooperativa El\u00e9ctrica de Tornquist. Turismo, Pol\u00edtica, Sociedad, Deporte, Cultura y todo el contenido de inter\u00e9s general que la gente del pueblo y la regi\u00f3n debe conocer.","og_url":"https:\/\/www.celttv.com.ar\/index.php\/2022\/12\/07\/rieiro-la-escuela-de-taekwon-do-de-tornquist-ya-tiene-un-camino-marcado-y-hoy-sigue-creciendo-videos\/","og_site_name":"CELTTV","article_publisher":"https:\/\/www.facebook.com\/celtTV\/","article_published_time":"2022-12-07T16:42:37+00:00","article_modified_time":"2022-12-07T16:43:11+00:00","og_image":[{"width":1024,"height":768,"url":"https:\/\/www.celttv.com.ar\/wp-content\/uploads\/2022\/12\/WhatsApp-Image-2022-12-03-at-19.25.22-1024x768-1.jpeg","type":"image\/jpeg"}],"author":"Rodrigo Sgammini","twitter_card":"summary_large_image","twitter_misc":{"Escrito por":"Rodrigo Sgammini"},"schema":{"@context":"https:\/\/schema.org","@graph":[{"@type":"NewsArticle","@id":"https:\/\/www.celttv.com.ar\/index.php\/2022\/12\/07\/rieiro-la-escuela-de-taekwon-do-de-tornquist-ya-tiene-un-camino-marcado-y-hoy-sigue-creciendo-videos\/#article","isPartOf":{"@id":"https:\/\/www.celttv.com.ar\/index.php\/2022\/12\/07\/rieiro-la-escuela-de-taekwon-do-de-tornquist-ya-tiene-un-camino-marcado-y-hoy-sigue-creciendo-videos\/"},"author":{"name":"Rodrigo Sgammini","@id":"https:\/\/www.celttv.com.ar\/#\/schema\/person\/495be51d064edd971d8457f8f64eb172"},"headline":"Rieiro: &#8220;La Escuela de Taekwon-do de Tornquist ya tiene un camino marcado y hoy sigue creciendo&#8221; (Videos)","datePublished":"2022-12-07T16:42:37+00:00","dateModified":"2022-12-07T16:43:11+00:00","mainEntityOfPage":{"@id":"https:\/\/www.celttv.com.ar\/index.php\/2022\/12\/07\/rieiro-la-escuela-de-taekwon-do-de-tornquist-ya-tiene-un-camino-marcado-y-hoy-sigue-creciendo-videos\/"},"wordCount":72,"publisher":{"@id":"https:\/\/www.celttv.com.ar\/#organization"},"articleSection":["Magazine Sport"],"inLanguage":"es"},{"@type":"WebPage","@id":"https:\/\/www.celttv.com.ar\/index.php\/2022\/12\/07\/rieiro-la-escuela-de-taekwon-do-de-tornquist-ya-tiene-un-camino-marcado-y-hoy-sigue-creciendo-videos\/","url":"https:\/\/www.celttv.com.ar\/index.php\/2022\/12\/07\/rieiro-la-escuela-de-taekwon-do-de-tornquist-ya-tiene-un-camino-marcado-y-hoy-sigue-creciendo-videos\/","name":"Rieiro: \"La Escuela de Taekwon-do de Tornquist ya tiene un camino marcado y hoy sigue creciendo\" (Videos) - CELTTV","isPartOf":{"@id":"https:\/\/www.celttv.com.ar\/#website"},"datePublished":"2022-12-07T16:42:37+00:00","dateModified":"2022-12-07T16:43:11+00:00","description":"Sitio web de noticias de la localidad de Tornquist, provincia de Buenos Aires, Rep\u00fablica Argentina. Contenido propio originado por periodistas de CELTTV, el canal de TV local de la Cooperativa El\u00e9ctrica de Tornquist. Turismo, Pol\u00edtica, Sociedad, Deporte, Cultura y todo el contenido de inter\u00e9s general que la gente del pueblo y la regi\u00f3n debe conocer.","breadcrumb":{"@id":"https:\/\/www.celttv.com.ar\/index.php\/2022\/12\/07\/rieiro-la-escuela-de-taekwon-do-de-tornquist-ya-tiene-un-camino-marcado-y-hoy-sigue-creciendo-videos\/#breadcrumb"},"inLanguage":"es","potentialAction":[{"@type":"ReadAction","target":["https:\/\/www.celttv.com.ar\/index.php\/2022\/12\/07\/rieiro-la-escuela-de-taekwon-do-de-tornquist-ya-tiene-un-camino-marcado-y-hoy-sigue-creciendo-videos\/"]}]},{"@type":"BreadcrumbList","@id":"https:\/\/www.celttv.com.ar\/index.php\/2022\/12\/07\/rieiro-la-escuela-de-taekwon-do-de-tornquist-ya-tiene-un-camino-marcado-y-hoy-sigue-creciendo-videos\/#breadcrumb","itemListElement":[{"@type":"ListItem","position":1,"name":"Inicio","item":"https:\/\/www.celttv.com.ar\/"},{"@type":"ListItem","position":2,"name":"Rieiro: &#8220;La Escuela de Taekwon-do de Tornquist ya tiene un camino marcado y hoy sigue creciendo&#8221; (Videos)"}]},{"@type":"WebSite","@id":"https:\/\/www.celttv.com.ar\/#website","url":"https:\/\/www.celttv.com.ar\/","name":"CELTTV","description":"Cooperativa El\u00e9ctrica de Tornquist","publisher":{"@id":"https:\/\/www.celttv.com.ar\/#organization"},"potentialAction":[{"@type":"SearchAction","target":{"@type":"EntryPoint","urlTemplate":"https:\/\/www.celttv.com.ar\/?s={search_term_string}"},"query-input":"required name=search_term_string"}],"inLanguage":"es"},{"@type":"Organization","@id":"https:\/\/www.celttv.com.ar\/#organization","name":"CELTTV","url":"https:\/\/www.celttv.com.ar\/","sameAs":["https:\/\/www.youtube.com\/channel\/UCz_oIt8Hig64Ub-EmcNPIhg","https:\/\/www.facebook.com\/celtTV\/"],"logo":{"@type":"ImageObject","inLanguage":"es","@id":"https:\/\/www.celttv.com.ar\/#\/schema\/logo\/image\/","url":"http:\/\/www.celttv.com.ar\/wp-content\/uploads\/2022\/08\/logo-1.png","contentUrl":"http:\/\/www.celttv.com.ar\/wp-content\/uploads\/2022\/08\/logo-1.png","width":461,"height":159,"caption":"CELTTV"},"image":{"@id":"https:\/\/www.celttv.com.ar\/#\/schema\/logo\/image\/"}},{"@type":"Person","@id":"https:\/\/www.celttv.com.ar\/#\/schema\/person\/495be51d064edd971d8457f8f64eb172","name":"Rodrigo Sgammini","image":{"@type":"ImageObject","inLanguage":"es","@id":"https:\/\/www.celttv.com.ar\/#\/schema\/person\/image\/","url":"https:\/\/secure.gravatar.com\/avatar\/68f7848d42735e7a9276b47cd6e606327d88f521c51ae39d88888b76902e2987?s=96&d=mm&r=g","contentUrl":"https:\/\/secure.gravatar.com\/avatar\/68f7848d42735e7a9276b47cd6e606327d88f521c51ae39d88888b76902e2987?s=96&d=mm&r=g","caption":"Rodrigo Sgammini"}}]}},"_links":{"self":[{"href":"https:\/\/www.celttv.com.ar\/index.php\/wp-json\/wp\/v2\/posts\/72104","targetHints":{"allow":["GET"]}}],"collection":[{"href":"https:\/\/www.celttv.com.ar\/index.php\/wp-json\/wp\/v2\/posts"}],"about":[{"href":"https:\/\/www.celttv.com.ar\/index.php\/wp-json\/wp\/v2\/types\/post"}],"author":[{"embeddable":true,"href":"https:\/\/www.celttv.com.ar\/index.php\/wp-json\/wp\/v2\/users\/3"}],"replies":[{"embeddable":true,"href":"https:\/\/www.celttv.com.ar\/index.php\/wp-json\/wp\/v2\/comments?post=72104"}],"version-history":[{"count":2,"href":"https:\/\/www.celttv.com.ar\/index.php\/wp-json\/wp\/v2\/posts\/72104\/revisions"}],"predecessor-version":[{"id":72107,"href":"https:\/\/www.celttv.com.ar\/index.php\/wp-json\/wp\/v2\/posts\/72104\/revisions\/72107"}],"wp:featuredmedia":[{"embeddable":true,"href":"https:\/\/www.celttv.com.ar\/index.php\/wp-json\/wp\/v2\/media\/72105"}],"wp:attachment":[{"href":"https:\/\/www.celttv.com.ar\/index.php\/wp-json\/wp\/v2\/media?parent=72104"}],"wp:term":[{"taxonomy":"category","embeddable":true,"href":"https:\/\/www.celttv.com.ar\/index.php\/wp-json\/wp\/v2\/categories?post=72104"},{"taxonomy":"post_tag","embeddable":true,"href":"https:\/\/www.celttv.com.ar\/index.php\/wp-json\/wp\/v2\/tags?post=72104"}],"curies":[{"name":"wp","href":"https:\/\/api.w.org\/{rel}","templated":true}]}}