{"id":72108,"date":"2022-12-07T13:54:49","date_gmt":"2022-12-07T16:54:49","guid":{"rendered":"http:\/\/www.celttv.com.ar\/?p=72108"},"modified":"2022-12-07T13:55:24","modified_gmt":"2022-12-07T16:55:24","slug":"automoto-voley-hizo-podio-en-sub-16-y-sub-14","status":"publish","type":"post","link":"https:\/\/www.celttv.com.ar\/index.php\/2022\/12\/07\/automoto-voley-hizo-podio-en-sub-16-y-sub-14\/","title":{"rendered":"Automoto Voley hizo podio en Sub-16 y Sub-14"},"content":{"rendered":"<div class=\"x11i5rnm xat24cr x1mh8g0r x1vvkbs xtlvy1s x126k92a\">\n<div dir=\"auto\">Tras ganar dos tremendos partidos, las chicas de los equipos Sub 16 y Sub 14 de Automoto Voley se subieron al tercer escal\u00f3n del podio del certamen que organiza la Asociaci\u00f3n Bahiense de ese deporte.<\/div>\n<\/div>\n<div class=\"x11i5rnm xat24cr x1mh8g0r x1vvkbs xtlvy1s x126k92a\">\n<div dir=\"auto\">En primer t\u00e9rmino, y en cancha de Liniers, el azulgrana levant\u00f3 un partido que se hab\u00eda presentado complicado, para terminar superando ajustadamente al local por 2 a 1, con parciales de 19-25, 25-22 y 18-16.<\/div>\n<\/div>\n<div class=\"x11i5rnm xat24cr x1mh8g0r x1vvkbs xtlvy1s x126k92a\">\n<div dir=\"auto\">Lo mismo sucedi\u00f3 con el Sub 16, que pasadas las 21.30 se present\u00f3 en el estadio de Tiro Federal para enfrentar al conjunto Turco. Tras arrancar abajo en un set, Automoto lo dio vuelta y termin\u00f3 festejando la victoria por 2 a 1, con parciales de 19-25, 29-27 y 19-17.<\/div>\n<\/div>\n<div class=\"x11i5rnm xat24cr x1mh8g0r x1vvkbs xtlvy1s x126k92a\">\n<div dir=\"auto\">As\u00ed se cierra un gran a\u00f1o para la actividad, con t\u00edtulos en la divisi\u00f3n promocional y dos terceros puestos en la categor\u00eda principal del v\u00f3leibol Bahiense.<\/div>\n<div dir=\"auto\"><img loading=\"lazy\" decoding=\"async\" class=\"alignnone wp-image-72109 size-large\" src=\"http:\/\/www.celttv.com.ar\/wp-content\/uploads\/2022\/12\/318412599_511451411026667_6331940608391954782_n-1024x841.jpg\" alt=\"\" width=\"1024\" height=\"841\" srcset=\"https:\/\/www.celttv.com.ar\/wp-content\/uploads\/2022\/12\/318412599_511451411026667_6331940608391954782_n-1024x841.jpg 1024w, https:\/\/www.celttv.com.ar\/wp-content\/uploads\/2022\/12\/318412599_511451411026667_6331940608391954782_n-300x246.jpg 300w, https:\/\/www.celttv.com.ar\/wp-content\/uploads\/2022\/12\/318412599_511451411026667_6331940608391954782_n-768x631.jpg 768w, https:\/\/www.celttv.com.ar\/wp-content\/uploads\/2022\/12\/318412599_511451411026667_6331940608391954782_n-1536x1262.jpg 1536w, https:\/\/www.celttv.com.ar\/wp-content\/uploads\/2022\/12\/318412599_511451411026667_6331940608391954782_n-750x616.jpg 750w, https:\/\/www.celttv.com.ar\/wp-content\/uploads\/2022\/12\/318412599_511451411026667_6331940608391954782_n-1140x936.jpg 1140w, https:\/\/www.celttv.com.ar\/wp-content\/uploads\/2022\/12\/318412599_511451411026667_6331940608391954782_n.jpg 2048w\" sizes=\"auto, (max-width: 1024px) 100vw, 1024px\" \/> <img loading=\"lazy\" decoding=\"async\" class=\"alignnone wp-image-72110 size-large\" src=\"http:\/\/www.celttv.com.ar\/wp-content\/uploads\/2022\/12\/318747167_511451081026700_7886407887941194426_n-1024x957.jpg\" alt=\"\" width=\"1024\" height=\"957\" srcset=\"https:\/\/www.celttv.com.ar\/wp-content\/uploads\/2022\/12\/318747167_511451081026700_7886407887941194426_n-1024x957.jpg 1024w, https:\/\/www.celttv.com.ar\/wp-content\/uploads\/2022\/12\/318747167_511451081026700_7886407887941194426_n-300x280.jpg 300w, https:\/\/www.celttv.com.ar\/wp-content\/uploads\/2022\/12\/318747167_511451081026700_7886407887941194426_n-768x718.jpg 768w, https:\/\/www.celttv.com.ar\/wp-content\/uploads\/2022\/12\/318747167_511451081026700_7886407887941194426_n-1536x1436.jpg 1536w, https:\/\/www.celttv.com.ar\/wp-content\/uploads\/2022\/12\/318747167_511451081026700_7886407887941194426_n-750x701.jpg 750w, https:\/\/www.celttv.com.ar\/wp-content\/uploads\/2022\/12\/318747167_511451081026700_7886407887941194426_n-1140x1065.jpg 1140w, https:\/\/www.celttv.com.ar\/wp-content\/uploads\/2022\/12\/318747167_511451081026700_7886407887941194426_n.jpg 2048w\" sizes=\"auto, (max-width: 1024px) 100vw, 1024px\" \/><\/div>\n<\/div>\n","protected":false},"excerpt":{"rendered":"<p>Tras ganar dos tremendos partidos, las chicas de los equipos Sub 16 y Sub 14 de Automoto Voley se subieron al tercer escal\u00f3n del podio del certamen que organiza la Asociaci\u00f3n Bahiense de ese deporte. En primer t\u00e9rmino, y en cancha de Liniers, el azulgrana levant\u00f3 un partido que se hab\u00eda presentado complicado, para terminar [&hellip;]<\/p>\n","protected":false},"author":3,"featured_media":72109,"comment_status":"closed","ping_status":"closed","sticky":false,"template":"","format":"standard","meta":{"footnotes":""},"categories":[63],"tags":[],"class_list":["post-72108","post","type-post","status-publish","format-standard","has-post-thumbnail","hentry","category-magazine-sport"],"yoast_head":"<!-- This site is optimized with the Yoast SEO plugin v19.7.1 - https:\/\/yoast.com\/wordpress\/plugins\/seo\/ -->\n<title>Automoto Voley hizo podio en Sub-16 y Sub-14 - CELTTV<\/title>\n<meta name=\"description\" content=\"Sitio web de noticias de la localidad de Tornquist, provincia de Buenos Aires, Rep\u00fablica Argentina. Contenido propio originado por periodistas de CELTTV, el canal de TV local de la Cooperativa El\u00e9ctrica de Tornquist. Turismo, Pol\u00edtica, Sociedad, Deporte, Cultura y todo el contenido de inter\u00e9s general que la gente del pueblo y la regi\u00f3n debe conocer.\" \/>\n<meta name=\"robots\" content=\"index, follow, max-snippet:-1, max-image-preview:large, max-video-preview:-1\" \/>\n<link rel=\"canonical\" href=\"https:\/\/www.celttv.com.ar\/index.php\/2022\/12\/07\/automoto-voley-hizo-podio-en-sub-16-y-sub-14\/\" \/>\n<meta property=\"og:locale\" content=\"es_ES\" \/>\n<meta property=\"og:type\" content=\"article\" \/>\n<meta property=\"og:title\" content=\"Automoto Voley hizo podio en Sub-16 y Sub-14 - CELTTV\" \/>\n<meta property=\"og:description\" content=\"Sitio web de noticias de la localidad de Tornquist, provincia de Buenos Aires, Rep\u00fablica Argentina. Contenido propio originado por periodistas de CELTTV, el canal de TV local de la Cooperativa El\u00e9ctrica de Tornquist. Turismo, Pol\u00edtica, Sociedad, Deporte, Cultura y todo el contenido de inter\u00e9s general que la gente del pueblo y la regi\u00f3n debe conocer.\" \/>\n<meta property=\"og:url\" content=\"https:\/\/www.celttv.com.ar\/index.php\/2022\/12\/07\/automoto-voley-hizo-podio-en-sub-16-y-sub-14\/\" \/>\n<meta property=\"og:site_name\" content=\"CELTTV\" \/>\n<meta property=\"article:publisher\" content=\"https:\/\/www.facebook.com\/celtTV\/\" \/>\n<meta property=\"article:published_time\" content=\"2022-12-07T16:54:49+00:00\" \/>\n<meta property=\"article:modified_time\" content=\"2022-12-07T16:55:24+00:00\" \/>\n<meta property=\"og:image\" content=\"https:\/\/www.celttv.com.ar\/wp-content\/uploads\/2022\/12\/318412599_511451411026667_6331940608391954782_n.jpg\" \/>\n\t<meta property=\"og:image:width\" content=\"2048\" \/>\n\t<meta property=\"og:image:height\" content=\"1682\" \/>\n\t<meta property=\"og:image:type\" content=\"image\/jpeg\" \/>\n<meta name=\"author\" content=\"Rodrigo Sgammini\" \/>\n<meta name=\"twitter:card\" content=\"summary_large_image\" \/>\n<meta name=\"twitter:label1\" content=\"Escrito por\" \/>\n\t<meta name=\"twitter:data1\" content=\"Rodrigo Sgammini\" \/>\n\t<meta name=\"twitter:label2\" content=\"Tiempo de lectura\" \/>\n\t<meta name=\"twitter:data2\" content=\"1 minuto\" \/>\n<script type=\"application\/ld+json\" class=\"yoast-schema-graph\">{\"@context\":\"https:\/\/schema.org\",\"@graph\":[{\"@type\":\"NewsArticle\",\"@id\":\"https:\/\/www.celttv.com.ar\/index.php\/2022\/12\/07\/automoto-voley-hizo-podio-en-sub-16-y-sub-14\/#article\",\"isPartOf\":{\"@id\":\"https:\/\/www.celttv.com.ar\/index.php\/2022\/12\/07\/automoto-voley-hizo-podio-en-sub-16-y-sub-14\/\"},\"author\":{\"name\":\"Rodrigo Sgammini\",\"@id\":\"https:\/\/www.celttv.com.ar\/#\/schema\/person\/495be51d064edd971d8457f8f64eb172\"},\"headline\":\"Automoto Voley hizo podio en Sub-16 y Sub-14\",\"datePublished\":\"2022-12-07T16:54:49+00:00\",\"dateModified\":\"2022-12-07T16:55:24+00:00\",\"mainEntityOfPage\":{\"@id\":\"https:\/\/www.celttv.com.ar\/index.php\/2022\/12\/07\/automoto-voley-hizo-podio-en-sub-16-y-sub-14\/\"},\"wordCount\":155,\"publisher\":{\"@id\":\"https:\/\/www.celttv.com.ar\/#organization\"},\"articleSection\":[\"Magazine Sport\"],\"inLanguage\":\"es\"},{\"@type\":\"WebPage\",\"@id\":\"https:\/\/www.celttv.com.ar\/index.php\/2022\/12\/07\/automoto-voley-hizo-podio-en-sub-16-y-sub-14\/\",\"url\":\"https:\/\/www.celttv.com.ar\/index.php\/2022\/12\/07\/automoto-voley-hizo-podio-en-sub-16-y-sub-14\/\",\"name\":\"Automoto Voley hizo podio en Sub-16 y Sub-14 - CELTTV\",\"isPartOf\":{\"@id\":\"https:\/\/www.celttv.com.ar\/#website\"},\"datePublished\":\"2022-12-07T16:54:49+00:00\",\"dateModified\":\"2022-12-07T16:55:24+00:00\",\"description\":\"Sitio web de noticias de la localidad de Tornquist, provincia de Buenos Aires, Rep\u00fablica Argentina. Contenido propio originado por periodistas de CELTTV, el canal de TV local de la Cooperativa El\u00e9ctrica de Tornquist. Turismo, Pol\u00edtica, Sociedad, Deporte, Cultura y todo el contenido de inter\u00e9s general que la gente del pueblo y la regi\u00f3n debe conocer.\",\"breadcrumb\":{\"@id\":\"https:\/\/www.celttv.com.ar\/index.php\/2022\/12\/07\/automoto-voley-hizo-podio-en-sub-16-y-sub-14\/#breadcrumb\"},\"inLanguage\":\"es\",\"potentialAction\":[{\"@type\":\"ReadAction\",\"target\":[\"https:\/\/www.celttv.com.ar\/index.php\/2022\/12\/07\/automoto-voley-hizo-podio-en-sub-16-y-sub-14\/\"]}]},{\"@type\":\"BreadcrumbList\",\"@id\":\"https:\/\/www.celttv.com.ar\/index.php\/2022\/12\/07\/automoto-voley-hizo-podio-en-sub-16-y-sub-14\/#breadcrumb\",\"itemListElement\":[{\"@type\":\"ListItem\",\"position\":1,\"name\":\"Inicio\",\"item\":\"https:\/\/www.celttv.com.ar\/\"},{\"@type\":\"ListItem\",\"position\":2,\"name\":\"Automoto Voley hizo podio en Sub-16 y Sub-14\"}]},{\"@type\":\"WebSite\",\"@id\":\"https:\/\/www.celttv.com.ar\/#website\",\"url\":\"https:\/\/www.celttv.com.ar\/\",\"name\":\"CELTTV\",\"description\":\"Cooperativa El\u00e9ctrica de Tornquist\",\"publisher\":{\"@id\":\"https:\/\/www.celttv.com.ar\/#organization\"},\"potentialAction\":[{\"@type\":\"SearchAction\",\"target\":{\"@type\":\"EntryPoint\",\"urlTemplate\":\"https:\/\/www.celttv.com.ar\/?s={search_term_string}\"},\"query-input\":\"required name=search_term_string\"}],\"inLanguage\":\"es\"},{\"@type\":\"Organization\",\"@id\":\"https:\/\/www.celttv.com.ar\/#organization\",\"name\":\"CELTTV\",\"url\":\"https:\/\/www.celttv.com.ar\/\",\"sameAs\":[\"https:\/\/www.youtube.com\/channel\/UCz_oIt8Hig64Ub-EmcNPIhg\",\"https:\/\/www.facebook.com\/celtTV\/\"],\"logo\":{\"@type\":\"ImageObject\",\"inLanguage\":\"es\",\"@id\":\"https:\/\/www.celttv.com.ar\/#\/schema\/logo\/image\/\",\"url\":\"http:\/\/www.celttv.com.ar\/wp-content\/uploads\/2022\/08\/logo-1.png\",\"contentUrl\":\"http:\/\/www.celttv.com.ar\/wp-content\/uploads\/2022\/08\/logo-1.png\",\"width\":461,\"height\":159,\"caption\":\"CELTTV\"},\"image\":{\"@id\":\"https:\/\/www.celttv.com.ar\/#\/schema\/logo\/image\/\"}},{\"@type\":\"Person\",\"@id\":\"https:\/\/www.celttv.com.ar\/#\/schema\/person\/495be51d064edd971d8457f8f64eb172\",\"name\":\"Rodrigo Sgammini\",\"image\":{\"@type\":\"ImageObject\",\"inLanguage\":\"es\",\"@id\":\"https:\/\/www.celttv.com.ar\/#\/schema\/person\/image\/\",\"url\":\"https:\/\/secure.gravatar.com\/avatar\/68f7848d42735e7a9276b47cd6e606327d88f521c51ae39d88888b76902e2987?s=96&d=mm&r=g\",\"contentUrl\":\"https:\/\/secure.gravatar.com\/avatar\/68f7848d42735e7a9276b47cd6e606327d88f521c51ae39d88888b76902e2987?s=96&d=mm&r=g\",\"caption\":\"Rodrigo Sgammini\"}}]}<\/script>\n<!-- \/ Yoast SEO plugin. -->","yoast_head_json":{"title":"Automoto Voley hizo podio en Sub-16 y Sub-14 - CELTTV","description":"Sitio web de noticias de la localidad de Tornquist, provincia de Buenos Aires, Rep\u00fablica Argentina. Contenido propio originado por periodistas de CELTTV, el canal de TV local de la Cooperativa El\u00e9ctrica de Tornquist. Turismo, Pol\u00edtica, Sociedad, Deporte, Cultura y todo el contenido de inter\u00e9s general que la gente del pueblo y la regi\u00f3n debe conocer.","robots":{"index":"index","follow":"follow","max-snippet":"max-snippet:-1","max-image-preview":"max-image-preview:large","max-video-preview":"max-video-preview:-1"},"canonical":"https:\/\/www.celttv.com.ar\/index.php\/2022\/12\/07\/automoto-voley-hizo-podio-en-sub-16-y-sub-14\/","og_locale":"es_ES","og_type":"article","og_title":"Automoto Voley hizo podio en Sub-16 y Sub-14 - CELTTV","og_description":"Sitio web de noticias de la localidad de Tornquist, provincia de Buenos Aires, Rep\u00fablica Argentina. Contenido propio originado por periodistas de CELTTV, el canal de TV local de la Cooperativa El\u00e9ctrica de Tornquist. Turismo, Pol\u00edtica, Sociedad, Deporte, Cultura y todo el contenido de inter\u00e9s general que la gente del pueblo y la regi\u00f3n debe conocer.","og_url":"https:\/\/www.celttv.com.ar\/index.php\/2022\/12\/07\/automoto-voley-hizo-podio-en-sub-16-y-sub-14\/","og_site_name":"CELTTV","article_publisher":"https:\/\/www.facebook.com\/celtTV\/","article_published_time":"2022-12-07T16:54:49+00:00","article_modified_time":"2022-12-07T16:55:24+00:00","og_image":[{"width":2048,"height":1682,"url":"https:\/\/www.celttv.com.ar\/wp-content\/uploads\/2022\/12\/318412599_511451411026667_6331940608391954782_n.jpg","type":"image\/jpeg"}],"author":"Rodrigo Sgammini","twitter_card":"summary_large_image","twitter_misc":{"Escrito por":"Rodrigo Sgammini","Tiempo de lectura":"1 minuto"},"schema":{"@context":"https:\/\/schema.org","@graph":[{"@type":"NewsArticle","@id":"https:\/\/www.celttv.com.ar\/index.php\/2022\/12\/07\/automoto-voley-hizo-podio-en-sub-16-y-sub-14\/#article","isPartOf":{"@id":"https:\/\/www.celttv.com.ar\/index.php\/2022\/12\/07\/automoto-voley-hizo-podio-en-sub-16-y-sub-14\/"},"author":{"name":"Rodrigo Sgammini","@id":"https:\/\/www.celttv.com.ar\/#\/schema\/person\/495be51d064edd971d8457f8f64eb172"},"headline":"Automoto Voley hizo podio en Sub-16 y Sub-14","datePublished":"2022-12-07T16:54:49+00:00","dateModified":"2022-12-07T16:55:24+00:00","mainEntityOfPage":{"@id":"https:\/\/www.celttv.com.ar\/index.php\/2022\/12\/07\/automoto-voley-hizo-podio-en-sub-16-y-sub-14\/"},"wordCount":155,"publisher":{"@id":"https:\/\/www.celttv.com.ar\/#organization"},"articleSection":["Magazine Sport"],"inLanguage":"es"},{"@type":"WebPage","@id":"https:\/\/www.celttv.com.ar\/index.php\/2022\/12\/07\/automoto-voley-hizo-podio-en-sub-16-y-sub-14\/","url":"https:\/\/www.celttv.com.ar\/index.php\/2022\/12\/07\/automoto-voley-hizo-podio-en-sub-16-y-sub-14\/","name":"Automoto Voley hizo podio en Sub-16 y Sub-14 - CELTTV","isPartOf":{"@id":"https:\/\/www.celttv.com.ar\/#website"},"datePublished":"2022-12-07T16:54:49+00:00","dateModified":"2022-12-07T16:55:24+00:00","description":"Sitio web de noticias de la localidad de Tornquist, provincia de Buenos Aires, Rep\u00fablica Argentina. Contenido propio originado por periodistas de CELTTV, el canal de TV local de la Cooperativa El\u00e9ctrica de Tornquist. Turismo, Pol\u00edtica, Sociedad, Deporte, Cultura y todo el contenido de inter\u00e9s general que la gente del pueblo y la regi\u00f3n debe conocer.","breadcrumb":{"@id":"https:\/\/www.celttv.com.ar\/index.php\/2022\/12\/07\/automoto-voley-hizo-podio-en-sub-16-y-sub-14\/#breadcrumb"},"inLanguage":"es","potentialAction":[{"@type":"ReadAction","target":["https:\/\/www.celttv.com.ar\/index.php\/2022\/12\/07\/automoto-voley-hizo-podio-en-sub-16-y-sub-14\/"]}]},{"@type":"BreadcrumbList","@id":"https:\/\/www.celttv.com.ar\/index.php\/2022\/12\/07\/automoto-voley-hizo-podio-en-sub-16-y-sub-14\/#breadcrumb","itemListElement":[{"@type":"ListItem","position":1,"name":"Inicio","item":"https:\/\/www.celttv.com.ar\/"},{"@type":"ListItem","position":2,"name":"Automoto Voley hizo podio en Sub-16 y Sub-14"}]},{"@type":"WebSite","@id":"https:\/\/www.celttv.com.ar\/#website","url":"https:\/\/www.celttv.com.ar\/","name":"CELTTV","description":"Cooperativa El\u00e9ctrica de Tornquist","publisher":{"@id":"https:\/\/www.celttv.com.ar\/#organization"},"potentialAction":[{"@type":"SearchAction","target":{"@type":"EntryPoint","urlTemplate":"https:\/\/www.celttv.com.ar\/?s={search_term_string}"},"query-input":"required name=search_term_string"}],"inLanguage":"es"},{"@type":"Organization","@id":"https:\/\/www.celttv.com.ar\/#organization","name":"CELTTV","url":"https:\/\/www.celttv.com.ar\/","sameAs":["https:\/\/www.youtube.com\/channel\/UCz_oIt8Hig64Ub-EmcNPIhg","https:\/\/www.facebook.com\/celtTV\/"],"logo":{"@type":"ImageObject","inLanguage":"es","@id":"https:\/\/www.celttv.com.ar\/#\/schema\/logo\/image\/","url":"http:\/\/www.celttv.com.ar\/wp-content\/uploads\/2022\/08\/logo-1.png","contentUrl":"http:\/\/www.celttv.com.ar\/wp-content\/uploads\/2022\/08\/logo-1.png","width":461,"height":159,"caption":"CELTTV"},"image":{"@id":"https:\/\/www.celttv.com.ar\/#\/schema\/logo\/image\/"}},{"@type":"Person","@id":"https:\/\/www.celttv.com.ar\/#\/schema\/person\/495be51d064edd971d8457f8f64eb172","name":"Rodrigo Sgammini","image":{"@type":"ImageObject","inLanguage":"es","@id":"https:\/\/www.celttv.com.ar\/#\/schema\/person\/image\/","url":"https:\/\/secure.gravatar.com\/avatar\/68f7848d42735e7a9276b47cd6e606327d88f521c51ae39d88888b76902e2987?s=96&d=mm&r=g","contentUrl":"https:\/\/secure.gravatar.com\/avatar\/68f7848d42735e7a9276b47cd6e606327d88f521c51ae39d88888b76902e2987?s=96&d=mm&r=g","caption":"Rodrigo Sgammini"}}]}},"_links":{"self":[{"href":"https:\/\/www.celttv.com.ar\/index.php\/wp-json\/wp\/v2\/posts\/72108","targetHints":{"allow":["GET"]}}],"collection":[{"href":"https:\/\/www.celttv.com.ar\/index.php\/wp-json\/wp\/v2\/posts"}],"about":[{"href":"https:\/\/www.celttv.com.ar\/index.php\/wp-json\/wp\/v2\/types\/post"}],"author":[{"embeddable":true,"href":"https:\/\/www.celttv.com.ar\/index.php\/wp-json\/wp\/v2\/users\/3"}],"replies":[{"embeddable":true,"href":"https:\/\/www.celttv.com.ar\/index.php\/wp-json\/wp\/v2\/comments?post=72108"}],"version-history":[{"count":1,"href":"https:\/\/www.celttv.com.ar\/index.php\/wp-json\/wp\/v2\/posts\/72108\/revisions"}],"predecessor-version":[{"id":72111,"href":"https:\/\/www.celttv.com.ar\/index.php\/wp-json\/wp\/v2\/posts\/72108\/revisions\/72111"}],"wp:featuredmedia":[{"embeddable":true,"href":"https:\/\/www.celttv.com.ar\/index.php\/wp-json\/wp\/v2\/media\/72109"}],"wp:attachment":[{"href":"https:\/\/www.celttv.com.ar\/index.php\/wp-json\/wp\/v2\/media?parent=72108"}],"wp:term":[{"taxonomy":"category","embeddable":true,"href":"https:\/\/www.celttv.com.ar\/index.php\/wp-json\/wp\/v2\/categories?post=72108"},{"taxonomy":"post_tag","embeddable":true,"href":"https:\/\/www.celttv.com.ar\/index.php\/wp-json\/wp\/v2\/tags?post=72108"}],"curies":[{"name":"wp","href":"https:\/\/api.w.org\/{rel}","templated":true}]}}