{"id":72114,"date":"2022-12-07T19:10:40","date_gmt":"2022-12-07T22:10:40","guid":{"rendered":"http:\/\/www.celttv.com.ar\/?p=72114"},"modified":"2022-12-07T19:10:40","modified_gmt":"2022-12-07T22:10:40","slug":"schmidtke-estamos-felices-porque-gimnasio-eden-sigue-creciendo-y-ya-pensamos-en-el-2023-video","status":"publish","type":"post","link":"https:\/\/www.celttv.com.ar\/index.php\/2022\/12\/07\/schmidtke-estamos-felices-porque-gimnasio-eden-sigue-creciendo-y-ya-pensamos-en-el-2023-video\/","title":{"rendered":"Schmidtke: &#8220;Estamos felices porque Gimnasio EDEN sigue creciendo y ya pensamos en el 2023&#8221; (Video)"},"content":{"rendered":"<p>Con gran colorido y diferentes esquemas, los alumnos de\u00a0<strong>\u201cGimnasio Eden\u201d<\/strong>, brindaron un gran show para las familias que se acercaron al Gimnasio Municipal.<\/p>\n<p>Despu\u00e9s de un arduo a\u00f1o de intenso trabajo, donde varias gimnastas tuvieron la posibilidad de participar en varios torneos, las alumnas de \u201cEDEN\u201d realizaron diferentes coreograf\u00edas ante el aplauso del p\u00fablico.<\/p>\n<p><iframe loading=\"lazy\" title=\"2022 12 07 MAGAZINE SPORT   IVANA SCHMIDTKE   GALA ARTISTICA DE GIMNASIO EDEN\" width=\"500\" height=\"281\" src=\"https:\/\/www.youtube.com\/embed\/A1RMQ9usb7o?feature=oembed\" frameborder=\"0\" allow=\"accelerometer; autoplay; clipboard-write; encrypted-media; gyroscope; picture-in-picture; web-share\" referrerpolicy=\"strict-origin-when-cross-origin\" allowfullscreen><\/iframe><\/p>\n","protected":false},"excerpt":{"rendered":"<p>Con gran colorido y diferentes esquemas, los alumnos de\u00a0\u201cGimnasio Eden\u201d, brindaron un gran show para las familias que se acercaron al Gimnasio Municipal. Despu\u00e9s de un arduo a\u00f1o de intenso trabajo, donde varias gimnastas tuvieron la posibilidad de participar en varios torneos, las alumnas de \u201cEDEN\u201d realizaron diferentes coreograf\u00edas ante el aplauso del p\u00fablico.<\/p>\n","protected":false},"author":3,"featured_media":72115,"comment_status":"closed","ping_status":"closed","sticky":false,"template":"","format":"standard","meta":{"footnotes":""},"categories":[63],"tags":[],"class_list":["post-72114","post","type-post","status-publish","format-standard","has-post-thumbnail","hentry","category-magazine-sport"],"yoast_head":"<!-- This site is optimized with the Yoast SEO plugin v19.7.1 - https:\/\/yoast.com\/wordpress\/plugins\/seo\/ -->\n<title>Schmidtke: &quot;Estamos felices porque Gimnasio EDEN sigue creciendo y ya pensamos en el 2023&quot; (Video) - CELTTV<\/title>\n<meta name=\"description\" content=\"Sitio web de noticias de la localidad de Tornquist, provincia de Buenos Aires, Rep\u00fablica Argentina. Contenido propio originado por periodistas de CELTTV, el canal de TV local de la Cooperativa El\u00e9ctrica de Tornquist. Turismo, Pol\u00edtica, Sociedad, Deporte, Cultura y todo el contenido de inter\u00e9s general que la gente del pueblo y la regi\u00f3n debe conocer.\" \/>\n<meta name=\"robots\" content=\"index, follow, max-snippet:-1, max-image-preview:large, max-video-preview:-1\" \/>\n<link rel=\"canonical\" href=\"https:\/\/www.celttv.com.ar\/index.php\/2022\/12\/07\/schmidtke-estamos-felices-porque-gimnasio-eden-sigue-creciendo-y-ya-pensamos-en-el-2023-video\/\" \/>\n<meta property=\"og:locale\" content=\"es_ES\" \/>\n<meta property=\"og:type\" content=\"article\" \/>\n<meta property=\"og:title\" content=\"Schmidtke: &quot;Estamos felices porque Gimnasio EDEN sigue creciendo y ya pensamos en el 2023&quot; (Video) - CELTTV\" \/>\n<meta property=\"og:description\" content=\"Sitio web de noticias de la localidad de Tornquist, provincia de Buenos Aires, Rep\u00fablica Argentina. Contenido propio originado por periodistas de CELTTV, el canal de TV local de la Cooperativa El\u00e9ctrica de Tornquist. Turismo, Pol\u00edtica, Sociedad, Deporte, Cultura y todo el contenido de inter\u00e9s general que la gente del pueblo y la regi\u00f3n debe conocer.\" \/>\n<meta property=\"og:url\" content=\"https:\/\/www.celttv.com.ar\/index.php\/2022\/12\/07\/schmidtke-estamos-felices-porque-gimnasio-eden-sigue-creciendo-y-ya-pensamos-en-el-2023-video\/\" \/>\n<meta property=\"og:site_name\" content=\"CELTTV\" \/>\n<meta property=\"article:publisher\" content=\"https:\/\/www.facebook.com\/celtTV\/\" \/>\n<meta property=\"article:published_time\" content=\"2022-12-07T22:10:40+00:00\" \/>\n<meta property=\"og:image\" content=\"https:\/\/www.celttv.com.ar\/wp-content\/uploads\/2022\/12\/061af53d-86cd-4f77-8230-234f600293f7.jpg\" \/>\n\t<meta property=\"og:image:width\" content=\"1280\" \/>\n\t<meta property=\"og:image:height\" content=\"731\" \/>\n\t<meta property=\"og:image:type\" content=\"image\/jpeg\" \/>\n<meta name=\"author\" content=\"Rodrigo Sgammini\" \/>\n<meta name=\"twitter:card\" content=\"summary_large_image\" \/>\n<meta name=\"twitter:label1\" content=\"Escrito por\" \/>\n\t<meta name=\"twitter:data1\" content=\"Rodrigo Sgammini\" \/>\n<script type=\"application\/ld+json\" class=\"yoast-schema-graph\">{\"@context\":\"https:\/\/schema.org\",\"@graph\":[{\"@type\":\"NewsArticle\",\"@id\":\"https:\/\/www.celttv.com.ar\/index.php\/2022\/12\/07\/schmidtke-estamos-felices-porque-gimnasio-eden-sigue-creciendo-y-ya-pensamos-en-el-2023-video\/#article\",\"isPartOf\":{\"@id\":\"https:\/\/www.celttv.com.ar\/index.php\/2022\/12\/07\/schmidtke-estamos-felices-porque-gimnasio-eden-sigue-creciendo-y-ya-pensamos-en-el-2023-video\/\"},\"author\":{\"name\":\"Rodrigo Sgammini\",\"@id\":\"https:\/\/www.celttv.com.ar\/#\/schema\/person\/495be51d064edd971d8457f8f64eb172\"},\"headline\":\"Schmidtke: &#8220;Estamos felices porque Gimnasio EDEN sigue creciendo y ya pensamos en el 2023&#8221; (Video)\",\"datePublished\":\"2022-12-07T22:10:40+00:00\",\"dateModified\":\"2022-12-07T22:10:40+00:00\",\"mainEntityOfPage\":{\"@id\":\"https:\/\/www.celttv.com.ar\/index.php\/2022\/12\/07\/schmidtke-estamos-felices-porque-gimnasio-eden-sigue-creciendo-y-ya-pensamos-en-el-2023-video\/\"},\"wordCount\":80,\"publisher\":{\"@id\":\"https:\/\/www.celttv.com.ar\/#organization\"},\"articleSection\":[\"Magazine Sport\"],\"inLanguage\":\"es\"},{\"@type\":\"WebPage\",\"@id\":\"https:\/\/www.celttv.com.ar\/index.php\/2022\/12\/07\/schmidtke-estamos-felices-porque-gimnasio-eden-sigue-creciendo-y-ya-pensamos-en-el-2023-video\/\",\"url\":\"https:\/\/www.celttv.com.ar\/index.php\/2022\/12\/07\/schmidtke-estamos-felices-porque-gimnasio-eden-sigue-creciendo-y-ya-pensamos-en-el-2023-video\/\",\"name\":\"Schmidtke: \\\"Estamos felices porque Gimnasio EDEN sigue creciendo y ya pensamos en el 2023\\\" (Video) - CELTTV\",\"isPartOf\":{\"@id\":\"https:\/\/www.celttv.com.ar\/#website\"},\"datePublished\":\"2022-12-07T22:10:40+00:00\",\"dateModified\":\"2022-12-07T22:10:40+00:00\",\"description\":\"Sitio web de noticias de la localidad de Tornquist, provincia de Buenos Aires, Rep\u00fablica Argentina. Contenido propio originado por periodistas de CELTTV, el canal de TV local de la Cooperativa El\u00e9ctrica de Tornquist. Turismo, Pol\u00edtica, Sociedad, Deporte, Cultura y todo el contenido de inter\u00e9s general que la gente del pueblo y la regi\u00f3n debe conocer.\",\"breadcrumb\":{\"@id\":\"https:\/\/www.celttv.com.ar\/index.php\/2022\/12\/07\/schmidtke-estamos-felices-porque-gimnasio-eden-sigue-creciendo-y-ya-pensamos-en-el-2023-video\/#breadcrumb\"},\"inLanguage\":\"es\",\"potentialAction\":[{\"@type\":\"ReadAction\",\"target\":[\"https:\/\/www.celttv.com.ar\/index.php\/2022\/12\/07\/schmidtke-estamos-felices-porque-gimnasio-eden-sigue-creciendo-y-ya-pensamos-en-el-2023-video\/\"]}]},{\"@type\":\"BreadcrumbList\",\"@id\":\"https:\/\/www.celttv.com.ar\/index.php\/2022\/12\/07\/schmidtke-estamos-felices-porque-gimnasio-eden-sigue-creciendo-y-ya-pensamos-en-el-2023-video\/#breadcrumb\",\"itemListElement\":[{\"@type\":\"ListItem\",\"position\":1,\"name\":\"Inicio\",\"item\":\"https:\/\/www.celttv.com.ar\/\"},{\"@type\":\"ListItem\",\"position\":2,\"name\":\"Schmidtke: &#8220;Estamos felices porque Gimnasio EDEN sigue creciendo y ya pensamos en el 2023&#8221; (Video)\"}]},{\"@type\":\"WebSite\",\"@id\":\"https:\/\/www.celttv.com.ar\/#website\",\"url\":\"https:\/\/www.celttv.com.ar\/\",\"name\":\"CELTTV\",\"description\":\"Cooperativa El\u00e9ctrica de Tornquist\",\"publisher\":{\"@id\":\"https:\/\/www.celttv.com.ar\/#organization\"},\"potentialAction\":[{\"@type\":\"SearchAction\",\"target\":{\"@type\":\"EntryPoint\",\"urlTemplate\":\"https:\/\/www.celttv.com.ar\/?s={search_term_string}\"},\"query-input\":\"required name=search_term_string\"}],\"inLanguage\":\"es\"},{\"@type\":\"Organization\",\"@id\":\"https:\/\/www.celttv.com.ar\/#organization\",\"name\":\"CELTTV\",\"url\":\"https:\/\/www.celttv.com.ar\/\",\"sameAs\":[\"https:\/\/www.youtube.com\/channel\/UCz_oIt8Hig64Ub-EmcNPIhg\",\"https:\/\/www.facebook.com\/celtTV\/\"],\"logo\":{\"@type\":\"ImageObject\",\"inLanguage\":\"es\",\"@id\":\"https:\/\/www.celttv.com.ar\/#\/schema\/logo\/image\/\",\"url\":\"http:\/\/www.celttv.com.ar\/wp-content\/uploads\/2022\/08\/logo-1.png\",\"contentUrl\":\"http:\/\/www.celttv.com.ar\/wp-content\/uploads\/2022\/08\/logo-1.png\",\"width\":461,\"height\":159,\"caption\":\"CELTTV\"},\"image\":{\"@id\":\"https:\/\/www.celttv.com.ar\/#\/schema\/logo\/image\/\"}},{\"@type\":\"Person\",\"@id\":\"https:\/\/www.celttv.com.ar\/#\/schema\/person\/495be51d064edd971d8457f8f64eb172\",\"name\":\"Rodrigo Sgammini\",\"image\":{\"@type\":\"ImageObject\",\"inLanguage\":\"es\",\"@id\":\"https:\/\/www.celttv.com.ar\/#\/schema\/person\/image\/\",\"url\":\"https:\/\/secure.gravatar.com\/avatar\/68f7848d42735e7a9276b47cd6e606327d88f521c51ae39d88888b76902e2987?s=96&d=mm&r=g\",\"contentUrl\":\"https:\/\/secure.gravatar.com\/avatar\/68f7848d42735e7a9276b47cd6e606327d88f521c51ae39d88888b76902e2987?s=96&d=mm&r=g\",\"caption\":\"Rodrigo Sgammini\"}}]}<\/script>\n<!-- \/ Yoast SEO plugin. -->","yoast_head_json":{"title":"Schmidtke: \"Estamos felices porque Gimnasio EDEN sigue creciendo y ya pensamos en el 2023\" (Video) - CELTTV","description":"Sitio web de noticias de la localidad de Tornquist, provincia de Buenos Aires, Rep\u00fablica Argentina. Contenido propio originado por periodistas de CELTTV, el canal de TV local de la Cooperativa El\u00e9ctrica de Tornquist. Turismo, Pol\u00edtica, Sociedad, Deporte, Cultura y todo el contenido de inter\u00e9s general que la gente del pueblo y la regi\u00f3n debe conocer.","robots":{"index":"index","follow":"follow","max-snippet":"max-snippet:-1","max-image-preview":"max-image-preview:large","max-video-preview":"max-video-preview:-1"},"canonical":"https:\/\/www.celttv.com.ar\/index.php\/2022\/12\/07\/schmidtke-estamos-felices-porque-gimnasio-eden-sigue-creciendo-y-ya-pensamos-en-el-2023-video\/","og_locale":"es_ES","og_type":"article","og_title":"Schmidtke: \"Estamos felices porque Gimnasio EDEN sigue creciendo y ya pensamos en el 2023\" (Video) - CELTTV","og_description":"Sitio web de noticias de la localidad de Tornquist, provincia de Buenos Aires, Rep\u00fablica Argentina. Contenido propio originado por periodistas de CELTTV, el canal de TV local de la Cooperativa El\u00e9ctrica de Tornquist. Turismo, Pol\u00edtica, Sociedad, Deporte, Cultura y todo el contenido de inter\u00e9s general que la gente del pueblo y la regi\u00f3n debe conocer.","og_url":"https:\/\/www.celttv.com.ar\/index.php\/2022\/12\/07\/schmidtke-estamos-felices-porque-gimnasio-eden-sigue-creciendo-y-ya-pensamos-en-el-2023-video\/","og_site_name":"CELTTV","article_publisher":"https:\/\/www.facebook.com\/celtTV\/","article_published_time":"2022-12-07T22:10:40+00:00","og_image":[{"width":1280,"height":731,"url":"https:\/\/www.celttv.com.ar\/wp-content\/uploads\/2022\/12\/061af53d-86cd-4f77-8230-234f600293f7.jpg","type":"image\/jpeg"}],"author":"Rodrigo Sgammini","twitter_card":"summary_large_image","twitter_misc":{"Escrito por":"Rodrigo Sgammini"},"schema":{"@context":"https:\/\/schema.org","@graph":[{"@type":"NewsArticle","@id":"https:\/\/www.celttv.com.ar\/index.php\/2022\/12\/07\/schmidtke-estamos-felices-porque-gimnasio-eden-sigue-creciendo-y-ya-pensamos-en-el-2023-video\/#article","isPartOf":{"@id":"https:\/\/www.celttv.com.ar\/index.php\/2022\/12\/07\/schmidtke-estamos-felices-porque-gimnasio-eden-sigue-creciendo-y-ya-pensamos-en-el-2023-video\/"},"author":{"name":"Rodrigo Sgammini","@id":"https:\/\/www.celttv.com.ar\/#\/schema\/person\/495be51d064edd971d8457f8f64eb172"},"headline":"Schmidtke: &#8220;Estamos felices porque Gimnasio EDEN sigue creciendo y ya pensamos en el 2023&#8221; (Video)","datePublished":"2022-12-07T22:10:40+00:00","dateModified":"2022-12-07T22:10:40+00:00","mainEntityOfPage":{"@id":"https:\/\/www.celttv.com.ar\/index.php\/2022\/12\/07\/schmidtke-estamos-felices-porque-gimnasio-eden-sigue-creciendo-y-ya-pensamos-en-el-2023-video\/"},"wordCount":80,"publisher":{"@id":"https:\/\/www.celttv.com.ar\/#organization"},"articleSection":["Magazine Sport"],"inLanguage":"es"},{"@type":"WebPage","@id":"https:\/\/www.celttv.com.ar\/index.php\/2022\/12\/07\/schmidtke-estamos-felices-porque-gimnasio-eden-sigue-creciendo-y-ya-pensamos-en-el-2023-video\/","url":"https:\/\/www.celttv.com.ar\/index.php\/2022\/12\/07\/schmidtke-estamos-felices-porque-gimnasio-eden-sigue-creciendo-y-ya-pensamos-en-el-2023-video\/","name":"Schmidtke: \"Estamos felices porque Gimnasio EDEN sigue creciendo y ya pensamos en el 2023\" (Video) - CELTTV","isPartOf":{"@id":"https:\/\/www.celttv.com.ar\/#website"},"datePublished":"2022-12-07T22:10:40+00:00","dateModified":"2022-12-07T22:10:40+00:00","description":"Sitio web de noticias de la localidad de Tornquist, provincia de Buenos Aires, Rep\u00fablica Argentina. Contenido propio originado por periodistas de CELTTV, el canal de TV local de la Cooperativa El\u00e9ctrica de Tornquist. Turismo, Pol\u00edtica, Sociedad, Deporte, Cultura y todo el contenido de inter\u00e9s general que la gente del pueblo y la regi\u00f3n debe conocer.","breadcrumb":{"@id":"https:\/\/www.celttv.com.ar\/index.php\/2022\/12\/07\/schmidtke-estamos-felices-porque-gimnasio-eden-sigue-creciendo-y-ya-pensamos-en-el-2023-video\/#breadcrumb"},"inLanguage":"es","potentialAction":[{"@type":"ReadAction","target":["https:\/\/www.celttv.com.ar\/index.php\/2022\/12\/07\/schmidtke-estamos-felices-porque-gimnasio-eden-sigue-creciendo-y-ya-pensamos-en-el-2023-video\/"]}]},{"@type":"BreadcrumbList","@id":"https:\/\/www.celttv.com.ar\/index.php\/2022\/12\/07\/schmidtke-estamos-felices-porque-gimnasio-eden-sigue-creciendo-y-ya-pensamos-en-el-2023-video\/#breadcrumb","itemListElement":[{"@type":"ListItem","position":1,"name":"Inicio","item":"https:\/\/www.celttv.com.ar\/"},{"@type":"ListItem","position":2,"name":"Schmidtke: &#8220;Estamos felices porque Gimnasio EDEN sigue creciendo y ya pensamos en el 2023&#8221; (Video)"}]},{"@type":"WebSite","@id":"https:\/\/www.celttv.com.ar\/#website","url":"https:\/\/www.celttv.com.ar\/","name":"CELTTV","description":"Cooperativa El\u00e9ctrica de Tornquist","publisher":{"@id":"https:\/\/www.celttv.com.ar\/#organization"},"potentialAction":[{"@type":"SearchAction","target":{"@type":"EntryPoint","urlTemplate":"https:\/\/www.celttv.com.ar\/?s={search_term_string}"},"query-input":"required name=search_term_string"}],"inLanguage":"es"},{"@type":"Organization","@id":"https:\/\/www.celttv.com.ar\/#organization","name":"CELTTV","url":"https:\/\/www.celttv.com.ar\/","sameAs":["https:\/\/www.youtube.com\/channel\/UCz_oIt8Hig64Ub-EmcNPIhg","https:\/\/www.facebook.com\/celtTV\/"],"logo":{"@type":"ImageObject","inLanguage":"es","@id":"https:\/\/www.celttv.com.ar\/#\/schema\/logo\/image\/","url":"http:\/\/www.celttv.com.ar\/wp-content\/uploads\/2022\/08\/logo-1.png","contentUrl":"http:\/\/www.celttv.com.ar\/wp-content\/uploads\/2022\/08\/logo-1.png","width":461,"height":159,"caption":"CELTTV"},"image":{"@id":"https:\/\/www.celttv.com.ar\/#\/schema\/logo\/image\/"}},{"@type":"Person","@id":"https:\/\/www.celttv.com.ar\/#\/schema\/person\/495be51d064edd971d8457f8f64eb172","name":"Rodrigo Sgammini","image":{"@type":"ImageObject","inLanguage":"es","@id":"https:\/\/www.celttv.com.ar\/#\/schema\/person\/image\/","url":"https:\/\/secure.gravatar.com\/avatar\/68f7848d42735e7a9276b47cd6e606327d88f521c51ae39d88888b76902e2987?s=96&d=mm&r=g","contentUrl":"https:\/\/secure.gravatar.com\/avatar\/68f7848d42735e7a9276b47cd6e606327d88f521c51ae39d88888b76902e2987?s=96&d=mm&r=g","caption":"Rodrigo Sgammini"}}]}},"_links":{"self":[{"href":"https:\/\/www.celttv.com.ar\/index.php\/wp-json\/wp\/v2\/posts\/72114","targetHints":{"allow":["GET"]}}],"collection":[{"href":"https:\/\/www.celttv.com.ar\/index.php\/wp-json\/wp\/v2\/posts"}],"about":[{"href":"https:\/\/www.celttv.com.ar\/index.php\/wp-json\/wp\/v2\/types\/post"}],"author":[{"embeddable":true,"href":"https:\/\/www.celttv.com.ar\/index.php\/wp-json\/wp\/v2\/users\/3"}],"replies":[{"embeddable":true,"href":"https:\/\/www.celttv.com.ar\/index.php\/wp-json\/wp\/v2\/comments?post=72114"}],"version-history":[{"count":1,"href":"https:\/\/www.celttv.com.ar\/index.php\/wp-json\/wp\/v2\/posts\/72114\/revisions"}],"predecessor-version":[{"id":72116,"href":"https:\/\/www.celttv.com.ar\/index.php\/wp-json\/wp\/v2\/posts\/72114\/revisions\/72116"}],"wp:featuredmedia":[{"embeddable":true,"href":"https:\/\/www.celttv.com.ar\/index.php\/wp-json\/wp\/v2\/media\/72115"}],"wp:attachment":[{"href":"https:\/\/www.celttv.com.ar\/index.php\/wp-json\/wp\/v2\/media?parent=72114"}],"wp:term":[{"taxonomy":"category","embeddable":true,"href":"https:\/\/www.celttv.com.ar\/index.php\/wp-json\/wp\/v2\/categories?post=72114"},{"taxonomy":"post_tag","embeddable":true,"href":"https:\/\/www.celttv.com.ar\/index.php\/wp-json\/wp\/v2\/tags?post=72114"}],"curies":[{"name":"wp","href":"https:\/\/api.w.org\/{rel}","templated":true}]}}