{"id":72120,"date":"2022-12-07T22:18:43","date_gmt":"2022-12-08T01:18:43","guid":{"rendered":"http:\/\/www.celttv.com.ar\/?p=72120"},"modified":"2022-12-07T22:20:38","modified_gmt":"2022-12-08T01:20:38","slug":"personal-de-la-celt-restauro-el-servicio-electrico-tras-un-fuerte-temporal-de-viento-y-lluvia-que-afecto-a-la-zona","status":"publish","type":"post","link":"https:\/\/www.celttv.com.ar\/index.php\/2022\/12\/07\/personal-de-la-celt-restauro-el-servicio-electrico-tras-un-fuerte-temporal-de-viento-y-lluvia-que-afecto-a-la-zona\/","title":{"rendered":"Personal de la CELT restaur\u00f3 el servicio el\u00e9ctrico tras un fuerte temporal de viento y lluvia que afect\u00f3 a la zona"},"content":{"rendered":"<div dir=\"auto\">Un fuerte temporal de viento y lluvia gener\u00f3 un corte de energ\u00eda que afecto a Tornquist y el sector rural, dejando sin servicio el sector por alrededor de una hora.<\/div>\n<div dir=\"auto\">A ra\u00edz de una fuerte descarga el\u00e9ctrica, qued\u00f3 fuera de servicio un transformador y, a trav\u00e9s de una maniobra realizada en la Subestaci\u00f3n por personal de la Cooperativa El\u00e9ctrica Ltda. de Tornquist, se pudo recuperar la energ\u00eda para la ciudad.<\/div>\n<div dir=\"auto\"><img loading=\"lazy\" decoding=\"async\" class=\"alignnone wp-image-72121 size-large\" src=\"http:\/\/www.celttv.com.ar\/wp-content\/uploads\/2022\/12\/318783997_563067172495446_1791347304479733616_n-1024x768.jpg\" alt=\"\" width=\"1024\" height=\"768\" srcset=\"https:\/\/www.celttv.com.ar\/wp-content\/uploads\/2022\/12\/318783997_563067172495446_1791347304479733616_n-1024x768.jpg 1024w, https:\/\/www.celttv.com.ar\/wp-content\/uploads\/2022\/12\/318783997_563067172495446_1791347304479733616_n-300x225.jpg 300w, https:\/\/www.celttv.com.ar\/wp-content\/uploads\/2022\/12\/318783997_563067172495446_1791347304479733616_n-768x576.jpg 768w, https:\/\/www.celttv.com.ar\/wp-content\/uploads\/2022\/12\/318783997_563067172495446_1791347304479733616_n-750x563.jpg 750w, https:\/\/www.celttv.com.ar\/wp-content\/uploads\/2022\/12\/318783997_563067172495446_1791347304479733616_n.jpg 1080w\" sizes=\"auto, (max-width: 1024px) 100vw, 1024px\" \/><\/div>\n","protected":false},"excerpt":{"rendered":"<p>Un fuerte temporal de viento y lluvia gener\u00f3 un corte de energ\u00eda que afecto a Tornquist y el sector rural, dejando sin servicio el sector por alrededor de una hora. A ra\u00edz de una fuerte descarga el\u00e9ctrica, qued\u00f3 fuera de servicio un transformador y, a trav\u00e9s de una maniobra realizada en la Subestaci\u00f3n por personal [&hellip;]<\/p>\n","protected":false},"author":3,"featured_media":72121,"comment_status":"closed","ping_status":"closed","sticky":false,"template":"","format":"standard","meta":{"footnotes":""},"categories":[55],"tags":[],"class_list":["post-72120","post","type-post","status-publish","format-standard","has-post-thumbnail","hentry","category-celt-tv-noticias"],"yoast_head":"<!-- This site is optimized with the Yoast SEO plugin v19.7.1 - https:\/\/yoast.com\/wordpress\/plugins\/seo\/ -->\n<title>Personal de la CELT restaur\u00f3 el servicio el\u00e9ctrico tras un fuerte temporal de viento y lluvia que afect\u00f3 a la zona - CELTTV<\/title>\n<meta name=\"description\" content=\"Sitio web de noticias de la localidad de Tornquist, provincia de Buenos Aires, Rep\u00fablica Argentina. Contenido propio originado por periodistas de CELTTV, el canal de TV local de la Cooperativa El\u00e9ctrica de Tornquist. Turismo, Pol\u00edtica, Sociedad, Deporte, Cultura y todo el contenido de inter\u00e9s general que la gente del pueblo y la regi\u00f3n debe conocer.\" \/>\n<meta name=\"robots\" content=\"index, follow, max-snippet:-1, max-image-preview:large, max-video-preview:-1\" \/>\n<link rel=\"canonical\" href=\"https:\/\/www.celttv.com.ar\/index.php\/2022\/12\/07\/personal-de-la-celt-restauro-el-servicio-electrico-tras-un-fuerte-temporal-de-viento-y-lluvia-que-afecto-a-la-zona\/\" \/>\n<meta property=\"og:locale\" content=\"es_ES\" \/>\n<meta property=\"og:type\" content=\"article\" \/>\n<meta property=\"og:title\" content=\"Personal de la CELT restaur\u00f3 el servicio el\u00e9ctrico tras un fuerte temporal de viento y lluvia que afect\u00f3 a la zona - CELTTV\" \/>\n<meta property=\"og:description\" content=\"Sitio web de noticias de la localidad de Tornquist, provincia de Buenos Aires, Rep\u00fablica Argentina. Contenido propio originado por periodistas de CELTTV, el canal de TV local de la Cooperativa El\u00e9ctrica de Tornquist. Turismo, Pol\u00edtica, Sociedad, Deporte, Cultura y todo el contenido de inter\u00e9s general que la gente del pueblo y la regi\u00f3n debe conocer.\" \/>\n<meta property=\"og:url\" content=\"https:\/\/www.celttv.com.ar\/index.php\/2022\/12\/07\/personal-de-la-celt-restauro-el-servicio-electrico-tras-un-fuerte-temporal-de-viento-y-lluvia-que-afecto-a-la-zona\/\" \/>\n<meta property=\"og:site_name\" content=\"CELTTV\" \/>\n<meta property=\"article:publisher\" content=\"https:\/\/www.facebook.com\/celtTV\/\" \/>\n<meta property=\"article:published_time\" content=\"2022-12-08T01:18:43+00:00\" \/>\n<meta property=\"article:modified_time\" content=\"2022-12-08T01:20:38+00:00\" \/>\n<meta property=\"og:image\" content=\"https:\/\/www.celttv.com.ar\/wp-content\/uploads\/2022\/12\/318783997_563067172495446_1791347304479733616_n.jpg\" \/>\n\t<meta property=\"og:image:width\" content=\"1080\" \/>\n\t<meta property=\"og:image:height\" content=\"810\" \/>\n\t<meta property=\"og:image:type\" content=\"image\/jpeg\" \/>\n<meta name=\"author\" content=\"Rodrigo Sgammini\" \/>\n<meta name=\"twitter:card\" content=\"summary_large_image\" \/>\n<meta name=\"twitter:label1\" content=\"Escrito por\" \/>\n\t<meta name=\"twitter:data1\" content=\"Rodrigo Sgammini\" \/>\n<script type=\"application\/ld+json\" class=\"yoast-schema-graph\">{\"@context\":\"https:\/\/schema.org\",\"@graph\":[{\"@type\":\"NewsArticle\",\"@id\":\"https:\/\/www.celttv.com.ar\/index.php\/2022\/12\/07\/personal-de-la-celt-restauro-el-servicio-electrico-tras-un-fuerte-temporal-de-viento-y-lluvia-que-afecto-a-la-zona\/#article\",\"isPartOf\":{\"@id\":\"https:\/\/www.celttv.com.ar\/index.php\/2022\/12\/07\/personal-de-la-celt-restauro-el-servicio-electrico-tras-un-fuerte-temporal-de-viento-y-lluvia-que-afecto-a-la-zona\/\"},\"author\":{\"name\":\"Rodrigo Sgammini\",\"@id\":\"https:\/\/www.celttv.com.ar\/#\/schema\/person\/495be51d064edd971d8457f8f64eb172\"},\"headline\":\"Personal de la CELT restaur\u00f3 el servicio el\u00e9ctrico tras un fuerte temporal de viento y lluvia que afect\u00f3 a la zona\",\"datePublished\":\"2022-12-08T01:18:43+00:00\",\"dateModified\":\"2022-12-08T01:20:38+00:00\",\"mainEntityOfPage\":{\"@id\":\"https:\/\/www.celttv.com.ar\/index.php\/2022\/12\/07\/personal-de-la-celt-restauro-el-servicio-electrico-tras-un-fuerte-temporal-de-viento-y-lluvia-que-afecto-a-la-zona\/\"},\"wordCount\":99,\"publisher\":{\"@id\":\"https:\/\/www.celttv.com.ar\/#organization\"},\"articleSection\":[\"Celt TV Noticias\"],\"inLanguage\":\"es\"},{\"@type\":\"WebPage\",\"@id\":\"https:\/\/www.celttv.com.ar\/index.php\/2022\/12\/07\/personal-de-la-celt-restauro-el-servicio-electrico-tras-un-fuerte-temporal-de-viento-y-lluvia-que-afecto-a-la-zona\/\",\"url\":\"https:\/\/www.celttv.com.ar\/index.php\/2022\/12\/07\/personal-de-la-celt-restauro-el-servicio-electrico-tras-un-fuerte-temporal-de-viento-y-lluvia-que-afecto-a-la-zona\/\",\"name\":\"Personal de la CELT restaur\u00f3 el servicio el\u00e9ctrico tras un fuerte temporal de viento y lluvia que afect\u00f3 a la zona - CELTTV\",\"isPartOf\":{\"@id\":\"https:\/\/www.celttv.com.ar\/#website\"},\"datePublished\":\"2022-12-08T01:18:43+00:00\",\"dateModified\":\"2022-12-08T01:20:38+00:00\",\"description\":\"Sitio web de noticias de la localidad de Tornquist, provincia de Buenos Aires, Rep\u00fablica Argentina. Contenido propio originado por periodistas de CELTTV, el canal de TV local de la Cooperativa El\u00e9ctrica de Tornquist. Turismo, Pol\u00edtica, Sociedad, Deporte, Cultura y todo el contenido de inter\u00e9s general que la gente del pueblo y la regi\u00f3n debe conocer.\",\"breadcrumb\":{\"@id\":\"https:\/\/www.celttv.com.ar\/index.php\/2022\/12\/07\/personal-de-la-celt-restauro-el-servicio-electrico-tras-un-fuerte-temporal-de-viento-y-lluvia-que-afecto-a-la-zona\/#breadcrumb\"},\"inLanguage\":\"es\",\"potentialAction\":[{\"@type\":\"ReadAction\",\"target\":[\"https:\/\/www.celttv.com.ar\/index.php\/2022\/12\/07\/personal-de-la-celt-restauro-el-servicio-electrico-tras-un-fuerte-temporal-de-viento-y-lluvia-que-afecto-a-la-zona\/\"]}]},{\"@type\":\"BreadcrumbList\",\"@id\":\"https:\/\/www.celttv.com.ar\/index.php\/2022\/12\/07\/personal-de-la-celt-restauro-el-servicio-electrico-tras-un-fuerte-temporal-de-viento-y-lluvia-que-afecto-a-la-zona\/#breadcrumb\",\"itemListElement\":[{\"@type\":\"ListItem\",\"position\":1,\"name\":\"Inicio\",\"item\":\"https:\/\/www.celttv.com.ar\/\"},{\"@type\":\"ListItem\",\"position\":2,\"name\":\"Personal de la CELT restaur\u00f3 el servicio el\u00e9ctrico tras un fuerte temporal de viento y lluvia que afect\u00f3 a la zona\"}]},{\"@type\":\"WebSite\",\"@id\":\"https:\/\/www.celttv.com.ar\/#website\",\"url\":\"https:\/\/www.celttv.com.ar\/\",\"name\":\"CELTTV\",\"description\":\"Cooperativa El\u00e9ctrica de Tornquist\",\"publisher\":{\"@id\":\"https:\/\/www.celttv.com.ar\/#organization\"},\"potentialAction\":[{\"@type\":\"SearchAction\",\"target\":{\"@type\":\"EntryPoint\",\"urlTemplate\":\"https:\/\/www.celttv.com.ar\/?s={search_term_string}\"},\"query-input\":\"required name=search_term_string\"}],\"inLanguage\":\"es\"},{\"@type\":\"Organization\",\"@id\":\"https:\/\/www.celttv.com.ar\/#organization\",\"name\":\"CELTTV\",\"url\":\"https:\/\/www.celttv.com.ar\/\",\"sameAs\":[\"https:\/\/www.youtube.com\/channel\/UCz_oIt8Hig64Ub-EmcNPIhg\",\"https:\/\/www.facebook.com\/celtTV\/\"],\"logo\":{\"@type\":\"ImageObject\",\"inLanguage\":\"es\",\"@id\":\"https:\/\/www.celttv.com.ar\/#\/schema\/logo\/image\/\",\"url\":\"http:\/\/www.celttv.com.ar\/wp-content\/uploads\/2022\/08\/logo-1.png\",\"contentUrl\":\"http:\/\/www.celttv.com.ar\/wp-content\/uploads\/2022\/08\/logo-1.png\",\"width\":461,\"height\":159,\"caption\":\"CELTTV\"},\"image\":{\"@id\":\"https:\/\/www.celttv.com.ar\/#\/schema\/logo\/image\/\"}},{\"@type\":\"Person\",\"@id\":\"https:\/\/www.celttv.com.ar\/#\/schema\/person\/495be51d064edd971d8457f8f64eb172\",\"name\":\"Rodrigo Sgammini\",\"image\":{\"@type\":\"ImageObject\",\"inLanguage\":\"es\",\"@id\":\"https:\/\/www.celttv.com.ar\/#\/schema\/person\/image\/\",\"url\":\"https:\/\/secure.gravatar.com\/avatar\/68f7848d42735e7a9276b47cd6e606327d88f521c51ae39d88888b76902e2987?s=96&d=mm&r=g\",\"contentUrl\":\"https:\/\/secure.gravatar.com\/avatar\/68f7848d42735e7a9276b47cd6e606327d88f521c51ae39d88888b76902e2987?s=96&d=mm&r=g\",\"caption\":\"Rodrigo Sgammini\"}}]}<\/script>\n<!-- \/ Yoast SEO plugin. -->","yoast_head_json":{"title":"Personal de la CELT restaur\u00f3 el servicio el\u00e9ctrico tras un fuerte temporal de viento y lluvia que afect\u00f3 a la zona - CELTTV","description":"Sitio web de noticias de la localidad de Tornquist, provincia de Buenos Aires, Rep\u00fablica Argentina. Contenido propio originado por periodistas de CELTTV, el canal de TV local de la Cooperativa El\u00e9ctrica de Tornquist. Turismo, Pol\u00edtica, Sociedad, Deporte, Cultura y todo el contenido de inter\u00e9s general que la gente del pueblo y la regi\u00f3n debe conocer.","robots":{"index":"index","follow":"follow","max-snippet":"max-snippet:-1","max-image-preview":"max-image-preview:large","max-video-preview":"max-video-preview:-1"},"canonical":"https:\/\/www.celttv.com.ar\/index.php\/2022\/12\/07\/personal-de-la-celt-restauro-el-servicio-electrico-tras-un-fuerte-temporal-de-viento-y-lluvia-que-afecto-a-la-zona\/","og_locale":"es_ES","og_type":"article","og_title":"Personal de la CELT restaur\u00f3 el servicio el\u00e9ctrico tras un fuerte temporal de viento y lluvia que afect\u00f3 a la zona - CELTTV","og_description":"Sitio web de noticias de la localidad de Tornquist, provincia de Buenos Aires, Rep\u00fablica Argentina. Contenido propio originado por periodistas de CELTTV, el canal de TV local de la Cooperativa El\u00e9ctrica de Tornquist. Turismo, Pol\u00edtica, Sociedad, Deporte, Cultura y todo el contenido de inter\u00e9s general que la gente del pueblo y la regi\u00f3n debe conocer.","og_url":"https:\/\/www.celttv.com.ar\/index.php\/2022\/12\/07\/personal-de-la-celt-restauro-el-servicio-electrico-tras-un-fuerte-temporal-de-viento-y-lluvia-que-afecto-a-la-zona\/","og_site_name":"CELTTV","article_publisher":"https:\/\/www.facebook.com\/celtTV\/","article_published_time":"2022-12-08T01:18:43+00:00","article_modified_time":"2022-12-08T01:20:38+00:00","og_image":[{"width":1080,"height":810,"url":"https:\/\/www.celttv.com.ar\/wp-content\/uploads\/2022\/12\/318783997_563067172495446_1791347304479733616_n.jpg","type":"image\/jpeg"}],"author":"Rodrigo Sgammini","twitter_card":"summary_large_image","twitter_misc":{"Escrito por":"Rodrigo Sgammini"},"schema":{"@context":"https:\/\/schema.org","@graph":[{"@type":"NewsArticle","@id":"https:\/\/www.celttv.com.ar\/index.php\/2022\/12\/07\/personal-de-la-celt-restauro-el-servicio-electrico-tras-un-fuerte-temporal-de-viento-y-lluvia-que-afecto-a-la-zona\/#article","isPartOf":{"@id":"https:\/\/www.celttv.com.ar\/index.php\/2022\/12\/07\/personal-de-la-celt-restauro-el-servicio-electrico-tras-un-fuerte-temporal-de-viento-y-lluvia-que-afecto-a-la-zona\/"},"author":{"name":"Rodrigo Sgammini","@id":"https:\/\/www.celttv.com.ar\/#\/schema\/person\/495be51d064edd971d8457f8f64eb172"},"headline":"Personal de la CELT restaur\u00f3 el servicio el\u00e9ctrico tras un fuerte temporal de viento y lluvia que afect\u00f3 a la zona","datePublished":"2022-12-08T01:18:43+00:00","dateModified":"2022-12-08T01:20:38+00:00","mainEntityOfPage":{"@id":"https:\/\/www.celttv.com.ar\/index.php\/2022\/12\/07\/personal-de-la-celt-restauro-el-servicio-electrico-tras-un-fuerte-temporal-de-viento-y-lluvia-que-afecto-a-la-zona\/"},"wordCount":99,"publisher":{"@id":"https:\/\/www.celttv.com.ar\/#organization"},"articleSection":["Celt TV Noticias"],"inLanguage":"es"},{"@type":"WebPage","@id":"https:\/\/www.celttv.com.ar\/index.php\/2022\/12\/07\/personal-de-la-celt-restauro-el-servicio-electrico-tras-un-fuerte-temporal-de-viento-y-lluvia-que-afecto-a-la-zona\/","url":"https:\/\/www.celttv.com.ar\/index.php\/2022\/12\/07\/personal-de-la-celt-restauro-el-servicio-electrico-tras-un-fuerte-temporal-de-viento-y-lluvia-que-afecto-a-la-zona\/","name":"Personal de la CELT restaur\u00f3 el servicio el\u00e9ctrico tras un fuerte temporal de viento y lluvia que afect\u00f3 a la zona - CELTTV","isPartOf":{"@id":"https:\/\/www.celttv.com.ar\/#website"},"datePublished":"2022-12-08T01:18:43+00:00","dateModified":"2022-12-08T01:20:38+00:00","description":"Sitio web de noticias de la localidad de Tornquist, provincia de Buenos Aires, Rep\u00fablica Argentina. Contenido propio originado por periodistas de CELTTV, el canal de TV local de la Cooperativa El\u00e9ctrica de Tornquist. Turismo, Pol\u00edtica, Sociedad, Deporte, Cultura y todo el contenido de inter\u00e9s general que la gente del pueblo y la regi\u00f3n debe conocer.","breadcrumb":{"@id":"https:\/\/www.celttv.com.ar\/index.php\/2022\/12\/07\/personal-de-la-celt-restauro-el-servicio-electrico-tras-un-fuerte-temporal-de-viento-y-lluvia-que-afecto-a-la-zona\/#breadcrumb"},"inLanguage":"es","potentialAction":[{"@type":"ReadAction","target":["https:\/\/www.celttv.com.ar\/index.php\/2022\/12\/07\/personal-de-la-celt-restauro-el-servicio-electrico-tras-un-fuerte-temporal-de-viento-y-lluvia-que-afecto-a-la-zona\/"]}]},{"@type":"BreadcrumbList","@id":"https:\/\/www.celttv.com.ar\/index.php\/2022\/12\/07\/personal-de-la-celt-restauro-el-servicio-electrico-tras-un-fuerte-temporal-de-viento-y-lluvia-que-afecto-a-la-zona\/#breadcrumb","itemListElement":[{"@type":"ListItem","position":1,"name":"Inicio","item":"https:\/\/www.celttv.com.ar\/"},{"@type":"ListItem","position":2,"name":"Personal de la CELT restaur\u00f3 el servicio el\u00e9ctrico tras un fuerte temporal de viento y lluvia que afect\u00f3 a la zona"}]},{"@type":"WebSite","@id":"https:\/\/www.celttv.com.ar\/#website","url":"https:\/\/www.celttv.com.ar\/","name":"CELTTV","description":"Cooperativa El\u00e9ctrica de Tornquist","publisher":{"@id":"https:\/\/www.celttv.com.ar\/#organization"},"potentialAction":[{"@type":"SearchAction","target":{"@type":"EntryPoint","urlTemplate":"https:\/\/www.celttv.com.ar\/?s={search_term_string}"},"query-input":"required name=search_term_string"}],"inLanguage":"es"},{"@type":"Organization","@id":"https:\/\/www.celttv.com.ar\/#organization","name":"CELTTV","url":"https:\/\/www.celttv.com.ar\/","sameAs":["https:\/\/www.youtube.com\/channel\/UCz_oIt8Hig64Ub-EmcNPIhg","https:\/\/www.facebook.com\/celtTV\/"],"logo":{"@type":"ImageObject","inLanguage":"es","@id":"https:\/\/www.celttv.com.ar\/#\/schema\/logo\/image\/","url":"http:\/\/www.celttv.com.ar\/wp-content\/uploads\/2022\/08\/logo-1.png","contentUrl":"http:\/\/www.celttv.com.ar\/wp-content\/uploads\/2022\/08\/logo-1.png","width":461,"height":159,"caption":"CELTTV"},"image":{"@id":"https:\/\/www.celttv.com.ar\/#\/schema\/logo\/image\/"}},{"@type":"Person","@id":"https:\/\/www.celttv.com.ar\/#\/schema\/person\/495be51d064edd971d8457f8f64eb172","name":"Rodrigo Sgammini","image":{"@type":"ImageObject","inLanguage":"es","@id":"https:\/\/www.celttv.com.ar\/#\/schema\/person\/image\/","url":"https:\/\/secure.gravatar.com\/avatar\/68f7848d42735e7a9276b47cd6e606327d88f521c51ae39d88888b76902e2987?s=96&d=mm&r=g","contentUrl":"https:\/\/secure.gravatar.com\/avatar\/68f7848d42735e7a9276b47cd6e606327d88f521c51ae39d88888b76902e2987?s=96&d=mm&r=g","caption":"Rodrigo Sgammini"}}]}},"_links":{"self":[{"href":"https:\/\/www.celttv.com.ar\/index.php\/wp-json\/wp\/v2\/posts\/72120","targetHints":{"allow":["GET"]}}],"collection":[{"href":"https:\/\/www.celttv.com.ar\/index.php\/wp-json\/wp\/v2\/posts"}],"about":[{"href":"https:\/\/www.celttv.com.ar\/index.php\/wp-json\/wp\/v2\/types\/post"}],"author":[{"embeddable":true,"href":"https:\/\/www.celttv.com.ar\/index.php\/wp-json\/wp\/v2\/users\/3"}],"replies":[{"embeddable":true,"href":"https:\/\/www.celttv.com.ar\/index.php\/wp-json\/wp\/v2\/comments?post=72120"}],"version-history":[{"count":3,"href":"https:\/\/www.celttv.com.ar\/index.php\/wp-json\/wp\/v2\/posts\/72120\/revisions"}],"predecessor-version":[{"id":72124,"href":"https:\/\/www.celttv.com.ar\/index.php\/wp-json\/wp\/v2\/posts\/72120\/revisions\/72124"}],"wp:featuredmedia":[{"embeddable":true,"href":"https:\/\/www.celttv.com.ar\/index.php\/wp-json\/wp\/v2\/media\/72121"}],"wp:attachment":[{"href":"https:\/\/www.celttv.com.ar\/index.php\/wp-json\/wp\/v2\/media?parent=72120"}],"wp:term":[{"taxonomy":"category","embeddable":true,"href":"https:\/\/www.celttv.com.ar\/index.php\/wp-json\/wp\/v2\/categories?post=72120"},{"taxonomy":"post_tag","embeddable":true,"href":"https:\/\/www.celttv.com.ar\/index.php\/wp-json\/wp\/v2\/tags?post=72120"}],"curies":[{"name":"wp","href":"https:\/\/api.w.org\/{rel}","templated":true}]}}