{"id":72125,"date":"2022-12-07T23:35:03","date_gmt":"2022-12-08T02:35:03","guid":{"rendered":"http:\/\/www.celttv.com.ar\/?p=72125"},"modified":"2022-12-07T23:35:03","modified_gmt":"2022-12-08T02:35:03","slug":"la-celt-informo-que-el-jueves-realizara-un-corte-de-energia-que-afectara-a-tornquist","status":"publish","type":"post","link":"https:\/\/www.celttv.com.ar\/index.php\/2022\/12\/07\/la-celt-informo-que-el-jueves-realizara-un-corte-de-energia-que-afectara-a-tornquist\/","title":{"rendered":"La CELT inform\u00f3 que el jueves realizar\u00e1 un corte de energ\u00eda que afectar\u00e1 a Tornquist"},"content":{"rendered":"<p>La CELT inform\u00f3 que el jueves 8 de Diciembre, de 7.30 a 7.45, se realizar\u00e1 un corte de energ\u00eda que afectar\u00e1 a la localidad de Tornquist para restablecer la configuraci\u00f3n de alimentaci\u00f3n original en la Subestaci\u00f3n.<\/p>\n<p>&nbsp;<\/p>\n","protected":false},"excerpt":{"rendered":"<p>La CELT inform\u00f3 que el jueves 8 de Diciembre, de 7.30 a 7.45, se realizar\u00e1 un corte de energ\u00eda que afectar\u00e1 a la localidad de Tornquist para restablecer la configuraci\u00f3n de alimentaci\u00f3n original en la Subestaci\u00f3n. &nbsp;<\/p>\n","protected":false},"author":3,"featured_media":72126,"comment_status":"closed","ping_status":"closed","sticky":false,"template":"","format":"standard","meta":{"footnotes":""},"categories":[55],"tags":[],"class_list":["post-72125","post","type-post","status-publish","format-standard","has-post-thumbnail","hentry","category-celt-tv-noticias"],"yoast_head":"<!-- This site is optimized with the Yoast SEO plugin v19.7.1 - https:\/\/yoast.com\/wordpress\/plugins\/seo\/ -->\n<title>La CELT inform\u00f3 que el jueves realizar\u00e1 un corte de energ\u00eda que afectar\u00e1 a Tornquist - CELTTV<\/title>\n<meta name=\"description\" content=\"Sitio web de noticias de la localidad de Tornquist, provincia de Buenos Aires, Rep\u00fablica Argentina. Contenido propio originado por periodistas de CELTTV, el canal de TV local de la Cooperativa El\u00e9ctrica de Tornquist. Turismo, Pol\u00edtica, Sociedad, Deporte, Cultura y todo el contenido de inter\u00e9s general que la gente del pueblo y la regi\u00f3n debe conocer.\" \/>\n<meta name=\"robots\" content=\"index, follow, max-snippet:-1, max-image-preview:large, max-video-preview:-1\" \/>\n<link rel=\"canonical\" href=\"https:\/\/www.celttv.com.ar\/index.php\/2022\/12\/07\/la-celt-informo-que-el-jueves-realizara-un-corte-de-energia-que-afectara-a-tornquist\/\" \/>\n<meta property=\"og:locale\" content=\"es_ES\" \/>\n<meta property=\"og:type\" content=\"article\" \/>\n<meta property=\"og:title\" content=\"La CELT inform\u00f3 que el jueves realizar\u00e1 un corte de energ\u00eda que afectar\u00e1 a Tornquist - CELTTV\" \/>\n<meta property=\"og:description\" content=\"Sitio web de noticias de la localidad de Tornquist, provincia de Buenos Aires, Rep\u00fablica Argentina. Contenido propio originado por periodistas de CELTTV, el canal de TV local de la Cooperativa El\u00e9ctrica de Tornquist. Turismo, Pol\u00edtica, Sociedad, Deporte, Cultura y todo el contenido de inter\u00e9s general que la gente del pueblo y la regi\u00f3n debe conocer.\" \/>\n<meta property=\"og:url\" content=\"https:\/\/www.celttv.com.ar\/index.php\/2022\/12\/07\/la-celt-informo-que-el-jueves-realizara-un-corte-de-energia-que-afectara-a-tornquist\/\" \/>\n<meta property=\"og:site_name\" content=\"CELTTV\" \/>\n<meta property=\"article:publisher\" content=\"https:\/\/www.facebook.com\/celtTV\/\" \/>\n<meta property=\"article:published_time\" content=\"2022-12-08T02:35:03+00:00\" \/>\n<meta property=\"og:image\" content=\"https:\/\/www.celttv.com.ar\/wp-content\/uploads\/2022\/12\/placa-celt.jpg\" \/>\n\t<meta property=\"og:image:width\" content=\"859\" \/>\n\t<meta property=\"og:image:height\" content=\"426\" \/>\n\t<meta property=\"og:image:type\" content=\"image\/jpeg\" \/>\n<meta name=\"author\" content=\"Rodrigo Sgammini\" \/>\n<meta name=\"twitter:card\" content=\"summary_large_image\" \/>\n<meta name=\"twitter:label1\" content=\"Escrito por\" \/>\n\t<meta name=\"twitter:data1\" content=\"Rodrigo Sgammini\" \/>\n<script type=\"application\/ld+json\" class=\"yoast-schema-graph\">{\"@context\":\"https:\/\/schema.org\",\"@graph\":[{\"@type\":\"NewsArticle\",\"@id\":\"https:\/\/www.celttv.com.ar\/index.php\/2022\/12\/07\/la-celt-informo-que-el-jueves-realizara-un-corte-de-energia-que-afectara-a-tornquist\/#article\",\"isPartOf\":{\"@id\":\"https:\/\/www.celttv.com.ar\/index.php\/2022\/12\/07\/la-celt-informo-que-el-jueves-realizara-un-corte-de-energia-que-afectara-a-tornquist\/\"},\"author\":{\"name\":\"Rodrigo Sgammini\",\"@id\":\"https:\/\/www.celttv.com.ar\/#\/schema\/person\/495be51d064edd971d8457f8f64eb172\"},\"headline\":\"La CELT inform\u00f3 que el jueves realizar\u00e1 un corte de energ\u00eda que afectar\u00e1 a Tornquist\",\"datePublished\":\"2022-12-08T02:35:03+00:00\",\"dateModified\":\"2022-12-08T02:35:03+00:00\",\"mainEntityOfPage\":{\"@id\":\"https:\/\/www.celttv.com.ar\/index.php\/2022\/12\/07\/la-celt-informo-que-el-jueves-realizara-un-corte-de-energia-que-afectara-a-tornquist\/\"},\"wordCount\":54,\"publisher\":{\"@id\":\"https:\/\/www.celttv.com.ar\/#organization\"},\"articleSection\":[\"Celt TV Noticias\"],\"inLanguage\":\"es\"},{\"@type\":\"WebPage\",\"@id\":\"https:\/\/www.celttv.com.ar\/index.php\/2022\/12\/07\/la-celt-informo-que-el-jueves-realizara-un-corte-de-energia-que-afectara-a-tornquist\/\",\"url\":\"https:\/\/www.celttv.com.ar\/index.php\/2022\/12\/07\/la-celt-informo-que-el-jueves-realizara-un-corte-de-energia-que-afectara-a-tornquist\/\",\"name\":\"La CELT inform\u00f3 que el jueves realizar\u00e1 un corte de energ\u00eda que afectar\u00e1 a Tornquist - CELTTV\",\"isPartOf\":{\"@id\":\"https:\/\/www.celttv.com.ar\/#website\"},\"datePublished\":\"2022-12-08T02:35:03+00:00\",\"dateModified\":\"2022-12-08T02:35:03+00:00\",\"description\":\"Sitio web de noticias de la localidad de Tornquist, provincia de Buenos Aires, Rep\u00fablica Argentina. Contenido propio originado por periodistas de CELTTV, el canal de TV local de la Cooperativa El\u00e9ctrica de Tornquist. Turismo, Pol\u00edtica, Sociedad, Deporte, Cultura y todo el contenido de inter\u00e9s general que la gente del pueblo y la regi\u00f3n debe conocer.\",\"breadcrumb\":{\"@id\":\"https:\/\/www.celttv.com.ar\/index.php\/2022\/12\/07\/la-celt-informo-que-el-jueves-realizara-un-corte-de-energia-que-afectara-a-tornquist\/#breadcrumb\"},\"inLanguage\":\"es\",\"potentialAction\":[{\"@type\":\"ReadAction\",\"target\":[\"https:\/\/www.celttv.com.ar\/index.php\/2022\/12\/07\/la-celt-informo-que-el-jueves-realizara-un-corte-de-energia-que-afectara-a-tornquist\/\"]}]},{\"@type\":\"BreadcrumbList\",\"@id\":\"https:\/\/www.celttv.com.ar\/index.php\/2022\/12\/07\/la-celt-informo-que-el-jueves-realizara-un-corte-de-energia-que-afectara-a-tornquist\/#breadcrumb\",\"itemListElement\":[{\"@type\":\"ListItem\",\"position\":1,\"name\":\"Inicio\",\"item\":\"https:\/\/www.celttv.com.ar\/\"},{\"@type\":\"ListItem\",\"position\":2,\"name\":\"La CELT inform\u00f3 que el jueves realizar\u00e1 un corte de energ\u00eda que afectar\u00e1 a Tornquist\"}]},{\"@type\":\"WebSite\",\"@id\":\"https:\/\/www.celttv.com.ar\/#website\",\"url\":\"https:\/\/www.celttv.com.ar\/\",\"name\":\"CELTTV\",\"description\":\"Cooperativa El\u00e9ctrica de Tornquist\",\"publisher\":{\"@id\":\"https:\/\/www.celttv.com.ar\/#organization\"},\"potentialAction\":[{\"@type\":\"SearchAction\",\"target\":{\"@type\":\"EntryPoint\",\"urlTemplate\":\"https:\/\/www.celttv.com.ar\/?s={search_term_string}\"},\"query-input\":\"required name=search_term_string\"}],\"inLanguage\":\"es\"},{\"@type\":\"Organization\",\"@id\":\"https:\/\/www.celttv.com.ar\/#organization\",\"name\":\"CELTTV\",\"url\":\"https:\/\/www.celttv.com.ar\/\",\"sameAs\":[\"https:\/\/www.youtube.com\/channel\/UCz_oIt8Hig64Ub-EmcNPIhg\",\"https:\/\/www.facebook.com\/celtTV\/\"],\"logo\":{\"@type\":\"ImageObject\",\"inLanguage\":\"es\",\"@id\":\"https:\/\/www.celttv.com.ar\/#\/schema\/logo\/image\/\",\"url\":\"http:\/\/www.celttv.com.ar\/wp-content\/uploads\/2022\/08\/logo-1.png\",\"contentUrl\":\"http:\/\/www.celttv.com.ar\/wp-content\/uploads\/2022\/08\/logo-1.png\",\"width\":461,\"height\":159,\"caption\":\"CELTTV\"},\"image\":{\"@id\":\"https:\/\/www.celttv.com.ar\/#\/schema\/logo\/image\/\"}},{\"@type\":\"Person\",\"@id\":\"https:\/\/www.celttv.com.ar\/#\/schema\/person\/495be51d064edd971d8457f8f64eb172\",\"name\":\"Rodrigo Sgammini\",\"image\":{\"@type\":\"ImageObject\",\"inLanguage\":\"es\",\"@id\":\"https:\/\/www.celttv.com.ar\/#\/schema\/person\/image\/\",\"url\":\"https:\/\/secure.gravatar.com\/avatar\/68f7848d42735e7a9276b47cd6e606327d88f521c51ae39d88888b76902e2987?s=96&d=mm&r=g\",\"contentUrl\":\"https:\/\/secure.gravatar.com\/avatar\/68f7848d42735e7a9276b47cd6e606327d88f521c51ae39d88888b76902e2987?s=96&d=mm&r=g\",\"caption\":\"Rodrigo Sgammini\"}}]}<\/script>\n<!-- \/ Yoast SEO plugin. -->","yoast_head_json":{"title":"La CELT inform\u00f3 que el jueves realizar\u00e1 un corte de energ\u00eda que afectar\u00e1 a Tornquist - CELTTV","description":"Sitio web de noticias de la localidad de Tornquist, provincia de Buenos Aires, Rep\u00fablica Argentina. Contenido propio originado por periodistas de CELTTV, el canal de TV local de la Cooperativa El\u00e9ctrica de Tornquist. Turismo, Pol\u00edtica, Sociedad, Deporte, Cultura y todo el contenido de inter\u00e9s general que la gente del pueblo y la regi\u00f3n debe conocer.","robots":{"index":"index","follow":"follow","max-snippet":"max-snippet:-1","max-image-preview":"max-image-preview:large","max-video-preview":"max-video-preview:-1"},"canonical":"https:\/\/www.celttv.com.ar\/index.php\/2022\/12\/07\/la-celt-informo-que-el-jueves-realizara-un-corte-de-energia-que-afectara-a-tornquist\/","og_locale":"es_ES","og_type":"article","og_title":"La CELT inform\u00f3 que el jueves realizar\u00e1 un corte de energ\u00eda que afectar\u00e1 a Tornquist - CELTTV","og_description":"Sitio web de noticias de la localidad de Tornquist, provincia de Buenos Aires, Rep\u00fablica Argentina. Contenido propio originado por periodistas de CELTTV, el canal de TV local de la Cooperativa El\u00e9ctrica de Tornquist. Turismo, Pol\u00edtica, Sociedad, Deporte, Cultura y todo el contenido de inter\u00e9s general que la gente del pueblo y la regi\u00f3n debe conocer.","og_url":"https:\/\/www.celttv.com.ar\/index.php\/2022\/12\/07\/la-celt-informo-que-el-jueves-realizara-un-corte-de-energia-que-afectara-a-tornquist\/","og_site_name":"CELTTV","article_publisher":"https:\/\/www.facebook.com\/celtTV\/","article_published_time":"2022-12-08T02:35:03+00:00","og_image":[{"width":859,"height":426,"url":"https:\/\/www.celttv.com.ar\/wp-content\/uploads\/2022\/12\/placa-celt.jpg","type":"image\/jpeg"}],"author":"Rodrigo Sgammini","twitter_card":"summary_large_image","twitter_misc":{"Escrito por":"Rodrigo Sgammini"},"schema":{"@context":"https:\/\/schema.org","@graph":[{"@type":"NewsArticle","@id":"https:\/\/www.celttv.com.ar\/index.php\/2022\/12\/07\/la-celt-informo-que-el-jueves-realizara-un-corte-de-energia-que-afectara-a-tornquist\/#article","isPartOf":{"@id":"https:\/\/www.celttv.com.ar\/index.php\/2022\/12\/07\/la-celt-informo-que-el-jueves-realizara-un-corte-de-energia-que-afectara-a-tornquist\/"},"author":{"name":"Rodrigo Sgammini","@id":"https:\/\/www.celttv.com.ar\/#\/schema\/person\/495be51d064edd971d8457f8f64eb172"},"headline":"La CELT inform\u00f3 que el jueves realizar\u00e1 un corte de energ\u00eda que afectar\u00e1 a Tornquist","datePublished":"2022-12-08T02:35:03+00:00","dateModified":"2022-12-08T02:35:03+00:00","mainEntityOfPage":{"@id":"https:\/\/www.celttv.com.ar\/index.php\/2022\/12\/07\/la-celt-informo-que-el-jueves-realizara-un-corte-de-energia-que-afectara-a-tornquist\/"},"wordCount":54,"publisher":{"@id":"https:\/\/www.celttv.com.ar\/#organization"},"articleSection":["Celt TV Noticias"],"inLanguage":"es"},{"@type":"WebPage","@id":"https:\/\/www.celttv.com.ar\/index.php\/2022\/12\/07\/la-celt-informo-que-el-jueves-realizara-un-corte-de-energia-que-afectara-a-tornquist\/","url":"https:\/\/www.celttv.com.ar\/index.php\/2022\/12\/07\/la-celt-informo-que-el-jueves-realizara-un-corte-de-energia-que-afectara-a-tornquist\/","name":"La CELT inform\u00f3 que el jueves realizar\u00e1 un corte de energ\u00eda que afectar\u00e1 a Tornquist - CELTTV","isPartOf":{"@id":"https:\/\/www.celttv.com.ar\/#website"},"datePublished":"2022-12-08T02:35:03+00:00","dateModified":"2022-12-08T02:35:03+00:00","description":"Sitio web de noticias de la localidad de Tornquist, provincia de Buenos Aires, Rep\u00fablica Argentina. Contenido propio originado por periodistas de CELTTV, el canal de TV local de la Cooperativa El\u00e9ctrica de Tornquist. Turismo, Pol\u00edtica, Sociedad, Deporte, Cultura y todo el contenido de inter\u00e9s general que la gente del pueblo y la regi\u00f3n debe conocer.","breadcrumb":{"@id":"https:\/\/www.celttv.com.ar\/index.php\/2022\/12\/07\/la-celt-informo-que-el-jueves-realizara-un-corte-de-energia-que-afectara-a-tornquist\/#breadcrumb"},"inLanguage":"es","potentialAction":[{"@type":"ReadAction","target":["https:\/\/www.celttv.com.ar\/index.php\/2022\/12\/07\/la-celt-informo-que-el-jueves-realizara-un-corte-de-energia-que-afectara-a-tornquist\/"]}]},{"@type":"BreadcrumbList","@id":"https:\/\/www.celttv.com.ar\/index.php\/2022\/12\/07\/la-celt-informo-que-el-jueves-realizara-un-corte-de-energia-que-afectara-a-tornquist\/#breadcrumb","itemListElement":[{"@type":"ListItem","position":1,"name":"Inicio","item":"https:\/\/www.celttv.com.ar\/"},{"@type":"ListItem","position":2,"name":"La CELT inform\u00f3 que el jueves realizar\u00e1 un corte de energ\u00eda que afectar\u00e1 a Tornquist"}]},{"@type":"WebSite","@id":"https:\/\/www.celttv.com.ar\/#website","url":"https:\/\/www.celttv.com.ar\/","name":"CELTTV","description":"Cooperativa El\u00e9ctrica de Tornquist","publisher":{"@id":"https:\/\/www.celttv.com.ar\/#organization"},"potentialAction":[{"@type":"SearchAction","target":{"@type":"EntryPoint","urlTemplate":"https:\/\/www.celttv.com.ar\/?s={search_term_string}"},"query-input":"required name=search_term_string"}],"inLanguage":"es"},{"@type":"Organization","@id":"https:\/\/www.celttv.com.ar\/#organization","name":"CELTTV","url":"https:\/\/www.celttv.com.ar\/","sameAs":["https:\/\/www.youtube.com\/channel\/UCz_oIt8Hig64Ub-EmcNPIhg","https:\/\/www.facebook.com\/celtTV\/"],"logo":{"@type":"ImageObject","inLanguage":"es","@id":"https:\/\/www.celttv.com.ar\/#\/schema\/logo\/image\/","url":"http:\/\/www.celttv.com.ar\/wp-content\/uploads\/2022\/08\/logo-1.png","contentUrl":"http:\/\/www.celttv.com.ar\/wp-content\/uploads\/2022\/08\/logo-1.png","width":461,"height":159,"caption":"CELTTV"},"image":{"@id":"https:\/\/www.celttv.com.ar\/#\/schema\/logo\/image\/"}},{"@type":"Person","@id":"https:\/\/www.celttv.com.ar\/#\/schema\/person\/495be51d064edd971d8457f8f64eb172","name":"Rodrigo Sgammini","image":{"@type":"ImageObject","inLanguage":"es","@id":"https:\/\/www.celttv.com.ar\/#\/schema\/person\/image\/","url":"https:\/\/secure.gravatar.com\/avatar\/68f7848d42735e7a9276b47cd6e606327d88f521c51ae39d88888b76902e2987?s=96&d=mm&r=g","contentUrl":"https:\/\/secure.gravatar.com\/avatar\/68f7848d42735e7a9276b47cd6e606327d88f521c51ae39d88888b76902e2987?s=96&d=mm&r=g","caption":"Rodrigo Sgammini"}}]}},"_links":{"self":[{"href":"https:\/\/www.celttv.com.ar\/index.php\/wp-json\/wp\/v2\/posts\/72125","targetHints":{"allow":["GET"]}}],"collection":[{"href":"https:\/\/www.celttv.com.ar\/index.php\/wp-json\/wp\/v2\/posts"}],"about":[{"href":"https:\/\/www.celttv.com.ar\/index.php\/wp-json\/wp\/v2\/types\/post"}],"author":[{"embeddable":true,"href":"https:\/\/www.celttv.com.ar\/index.php\/wp-json\/wp\/v2\/users\/3"}],"replies":[{"embeddable":true,"href":"https:\/\/www.celttv.com.ar\/index.php\/wp-json\/wp\/v2\/comments?post=72125"}],"version-history":[{"count":1,"href":"https:\/\/www.celttv.com.ar\/index.php\/wp-json\/wp\/v2\/posts\/72125\/revisions"}],"predecessor-version":[{"id":72127,"href":"https:\/\/www.celttv.com.ar\/index.php\/wp-json\/wp\/v2\/posts\/72125\/revisions\/72127"}],"wp:featuredmedia":[{"embeddable":true,"href":"https:\/\/www.celttv.com.ar\/index.php\/wp-json\/wp\/v2\/media\/72126"}],"wp:attachment":[{"href":"https:\/\/www.celttv.com.ar\/index.php\/wp-json\/wp\/v2\/media?parent=72125"}],"wp:term":[{"taxonomy":"category","embeddable":true,"href":"https:\/\/www.celttv.com.ar\/index.php\/wp-json\/wp\/v2\/categories?post=72125"},{"taxonomy":"post_tag","embeddable":true,"href":"https:\/\/www.celttv.com.ar\/index.php\/wp-json\/wp\/v2\/tags?post=72125"}],"curies":[{"name":"wp","href":"https:\/\/api.w.org\/{rel}","templated":true}]}}