{"id":7251,"date":"2012-06-23T16:46:59","date_gmt":"2012-06-23T16:46:59","guid":{"rendered":"http:\/\/www.tvcnoticias.com.ar\/?p=7251"},"modified":"2012-06-23T16:46:59","modified_gmt":"2012-06-23T16:46:59","slug":"preocupacion-en-la-comunidad-varios-hechos-policiales-en-pocas-horas-hablan-mario-rodriguez-hector-moldu-sonia-leuemberger-y-la-conferencia-de-prensa-de-las-autoridades","status":"publish","type":"post","link":"https:\/\/www.celttv.com.ar\/index.php\/2012\/06\/23\/preocupacion-en-la-comunidad-varios-hechos-policiales-en-pocas-horas-hablan-mario-rodriguez-hector-moldu-sonia-leuemberger-y-la-conferencia-de-prensa-de-las-autoridades\/","title":{"rendered":"PREOCUPACION EN LA COMUNIDAD: VARIOS HECHOS POLICIALES EN POCAS HORAS (hablan Mario Rodriguez, Hector Mold\u00fa, Sonia Leuemberger y la conferencia de prensa de las autoridades)"},"content":{"rendered":"<p>\u00a0<br \/>\n<span style=\"font-size: xx-small;\"><a href=\"http:\/\/www.youtube.com\/watch?v=thKF3TQLsa0\">httpv:\/\/www.youtube.com\/watch?v=thKF3TQLsa0<\/a><br \/>\n<\/span><br \/>\n<span style=\"font-size: xx-small;\"><a href=\"http:\/\/www.youtube.com\/watch?v=yj_YWovIrMg\">httpv:\/\/www.youtube.com\/watch?v=yj_YWovIrMg<\/a><\/span><br \/>\n<span style=\"font-size: xx-small;\"><span style=\"font-size: xx-small;\">httpv:\/\/www.youtube.com\/watch?v=5vzrJShx0PM<\/span><\/span><br \/>\n<span style=\"font-size: xx-small;\"><span style=\"font-size: xx-small;\"><span style=\"font-size: xx-small;\">httpv:\/\/www.youtube.com\/watch?v=YQcsWoAg6gc<\/span><\/span><\/span><br \/>\n<span style=\"font-size: xx-small;\"><span style=\"font-size: xx-small;\"><span style=\"font-size: xx-small;\"><span style=\"font-size: xx-small;\">\ufeff<\/span><\/span><\/span><\/span>Con una mala noticia, se desayun\u00f3 este jueves por la ma\u00f1ana Mario Rodriguez, propietario del comercio &#8220;Ferreter\u00eda Ale Mar&#8221; ubicado en calles Italia y Jorge Newbery de nuestra ciudad.<br \/>\nAutores ignorados hab\u00edan ingresado en su comercio violentando un reja de su oficina, llev\u00e1ndose dinero en efectivo, cheques y la camioneta de su propiedad.<br \/>\nConsultado por este medio dijo que cuando se aprestaba a abrir su comercio se percat\u00f3 de que algo hab\u00eda ocurrido. Con su familia viven en la planta alta del negocio y no escucharon movimiento alguno.<br \/>\n&#8220;Violentaron una ventana y se llevaron varios elementos adem\u00e1s de abrir la caja registradora. Encontraron el duplicado de la llave de mi camioneta Amarok(KUV 684) y tambi\u00e9n se llevaron el veh\u00edculo.<br \/>\nEl hecho habr\u00eda ocurrido durante la madrugada de hoy y ahora la polic\u00eda investiga y chequea todas las c\u00e1maras de seguridad ubicadas en la ciudad y en los accesos, para saber si el veh\u00edculo sali\u00f3 de la planta urbana.<br \/>\n<span style=\"font-size: xx-small;\">\u00a0<br \/>\n<\/span><span style=\"font-size: x-small; font-family: Impact;\">Otros hechos relacionados<br \/>\n<\/span><br \/>\nSe llevan un carro<br \/>\nde cuatro ruedas<br \/>\n<span style=\"font-size: xx-small;\">Por otro lado H\u00e9ctor Mold\u00fa denunci\u00f3 que autores ignorados robaron un carro color blanco que habitualmente utilizan para el transporte de verdura en su comercio ubicado en calle 25 de Mayo casi Lavalle.M\u00e1s tarde se supo que el mismo, hab\u00eda sido enganchado en la Amarok sustra\u00edda tambi\u00e9n el jueves, ya que las c\u00e1maras de seguridad registraron la salida y el ingreso a Bah\u00eda Blanca.<br \/>\n<\/span><br \/>\nIngresan en un domicilio<br \/>\n<span style=\"font-size: xx-small;\">Varios damnificados informaron de otros hechos ocurridos en las ultimas horas. Sonia Leuemberger inform\u00f3 que el pasado jueves alrededor de la una de la ma\u00f1ana escucharon ruidos en su domicilio de calle San Mart\u00edn y se percataron de que dos personas intentaban ingresar a su domicilio. La r\u00e1pida acci\u00f3n de su esposo hizo que el malviviente optara por escapar por un patio trasero cuando ya hab\u00eda forzado una ventana y la puerta de su quincho.<br \/>\nEl esposo de Leuemberger sali\u00f3 al exterior y se encontr\u00f3 con un supuesto &#8220;campana&#8221; que dijo haber ingresado al lugar para hacer una necesidad fisiol\u00f3gica.<br \/>\n<\/span><br \/>\nIntentan robar un cami\u00f3n<br \/>\n<span style=\"font-size: xx-small;\">Alrededor de las 2:40 de este jueves los amigos de lo ajeno intentaron llevarse el tractor del cami\u00f3n de transporte propiedad de Walter Maccari que estaba estacionado en Ernesto Tornquist y Moreno, camino al Calvario.<br \/>\nSeg\u00fan relatos del propio Maccari all\u00ed estuvieron por espacio de varios minutos habiendo ingresado al interior de la cabina sacando &#8220;prolijamente&#8221; un vidrio de la ventanilla, retirando cuidadosamente los burletes y posteriormente desarmando el sistema de arranque logrando poner en marcha el veh\u00edculo.<br \/>\nLa rotura de un palier al intentar retirar el tractor hizo que los amigos de lo ajeno desistieran del intento de llevarse el veh\u00edculo en cuesti\u00f3n.<br \/>\nMaccari expres\u00f3 que el veh\u00edculo estuvo en marcha no menos de 15 minutos y el intento de robo, seg\u00fan el registro de las propias c\u00e1maras de seguridad, demand\u00f3 no menos de una hora.<br \/>\n<\/span><br \/>\nSe llevan un Cuatriciclo<br \/>\n<span style=\"font-size: xx-small;\">Carlos Wertz domiciliado en calle Jorge Newbery, tambi\u00e9n denunci\u00f3 el robo de un cuatriciclo de su propiedad el domingo a la madrugada. Luego de revisar las c\u00e1maras de seguridad se observ\u00f3 que una camioneta S10 color Gris patente GUX 519, ingres\u00f3 a la ciudad por Ruta 76 pasadas las cuatro de la ma\u00f1ana y se retir\u00f3 de la ciudad 5.23 por el acceso del Club Uni\u00f3n con el rodado cargado. Tambi\u00e9n una c\u00e1mara de seguridad tom\u00f3 el ingreso a Bah\u00eda Blanca a la hora 6 del domingo. La camioneta hab\u00eda sido robada en Coronel Suarez.<br \/>\nDesde la polic\u00eda, se inform\u00f3 que hab\u00eda detalles en las c\u00e1maras de seguridad, aunque el propio comisario admiti\u00f3 que no se monitorea permanentemente con una persona. Solo se hace los fines de semana.<br \/>\nLas c\u00e1maras de Tornquist son de alta definici\u00f3n y pueden dar detalles m\u00e1s pormenorizados como n\u00famero de patentes y hasta el detalle del rostro de la persona que maneja el veh\u00edculo. Por eso se est\u00e1n analizando cada una de las tomas.<br \/>\n<\/span><\/p>\n","protected":false},"excerpt":{"rendered":"<p>\u00a0 httpv:\/\/www.youtube.com\/watch?v=thKF3TQLsa0 httpv:\/\/www.youtube.com\/watch?v=yj_YWovIrMg httpv:\/\/www.youtube.com\/watch?v=5vzrJShx0PM httpv:\/\/www.youtube.com\/watch?v=YQcsWoAg6gc \ufeffCon una mala noticia, se desayun\u00f3 este jueves por la ma\u00f1ana Mario Rodriguez, propietario del comercio &#8220;Ferreter\u00eda Ale Mar&#8221; ubicado en calles Italia y Jorge Newbery de nuestra ciudad. Autores ignorados hab\u00edan ingresado en su comercio violentando un reja de su oficina, llev\u00e1ndose dinero en efectivo, cheques y la camioneta [&hellip;]<\/p>\n","protected":false},"author":1,"featured_media":0,"comment_status":"closed","ping_status":"open","sticky":false,"template":"","format":"standard","meta":{"footnotes":""},"categories":[51,52,61,53,64],"tags":[],"class_list":["post-7251","post","type-post","status-publish","format-standard","hentry","category-comunidad","category-destacadas","category-policiales","category-politica","category-videos-destacados"],"yoast_head":"<!-- This site is optimized with the Yoast SEO plugin v19.7.1 - https:\/\/yoast.com\/wordpress\/plugins\/seo\/ -->\n<title>PREOCUPACION EN LA COMUNIDAD: VARIOS HECHOS POLICIALES EN POCAS HORAS (hablan Mario Rodriguez, Hector Mold\u00fa, Sonia Leuemberger y la conferencia de prensa de las autoridades) - CELTTV<\/title>\n<meta name=\"description\" content=\"Sitio web de noticias de la localidad de Tornquist, provincia de Buenos Aires, Rep\u00fablica Argentina. Contenido propio originado por periodistas de CELTTV, el canal de TV local de la Cooperativa El\u00e9ctrica de Tornquist. Turismo, Pol\u00edtica, Sociedad, Deporte, Cultura y todo el contenido de inter\u00e9s general que la gente del pueblo y la regi\u00f3n debe conocer.\" \/>\n<meta name=\"robots\" content=\"index, follow, max-snippet:-1, max-image-preview:large, max-video-preview:-1\" \/>\n<link rel=\"canonical\" href=\"https:\/\/www.celttv.com.ar\/index.php\/2012\/06\/23\/preocupacion-en-la-comunidad-varios-hechos-policiales-en-pocas-horas-hablan-mario-rodriguez-hector-moldu-sonia-leuemberger-y-la-conferencia-de-prensa-de-las-autoridades\/\" \/>\n<meta property=\"og:locale\" content=\"es_ES\" \/>\n<meta property=\"og:type\" content=\"article\" \/>\n<meta property=\"og:title\" content=\"PREOCUPACION EN LA COMUNIDAD: VARIOS HECHOS POLICIALES EN POCAS HORAS (hablan Mario Rodriguez, Hector Mold\u00fa, Sonia Leuemberger y la conferencia de prensa de las autoridades) - CELTTV\" \/>\n<meta property=\"og:description\" content=\"Sitio web de noticias de la localidad de Tornquist, provincia de Buenos Aires, Rep\u00fablica Argentina. Contenido propio originado por periodistas de CELTTV, el canal de TV local de la Cooperativa El\u00e9ctrica de Tornquist. Turismo, Pol\u00edtica, Sociedad, Deporte, Cultura y todo el contenido de inter\u00e9s general que la gente del pueblo y la regi\u00f3n debe conocer.\" \/>\n<meta property=\"og:url\" content=\"https:\/\/www.celttv.com.ar\/index.php\/2012\/06\/23\/preocupacion-en-la-comunidad-varios-hechos-policiales-en-pocas-horas-hablan-mario-rodriguez-hector-moldu-sonia-leuemberger-y-la-conferencia-de-prensa-de-las-autoridades\/\" \/>\n<meta property=\"og:site_name\" content=\"CELTTV\" \/>\n<meta property=\"article:publisher\" content=\"https:\/\/www.facebook.com\/celtTV\/\" \/>\n<meta property=\"article:published_time\" content=\"2012-06-23T16:46:59+00:00\" \/>\n<meta name=\"author\" content=\"ulises\" \/>\n<meta name=\"twitter:card\" content=\"summary_large_image\" \/>\n<meta name=\"twitter:label1\" content=\"Escrito por\" \/>\n\t<meta name=\"twitter:data1\" content=\"ulises\" \/>\n\t<meta name=\"twitter:label2\" content=\"Tiempo de lectura\" \/>\n\t<meta name=\"twitter:data2\" content=\"4 minutos\" \/>\n<script type=\"application\/ld+json\" class=\"yoast-schema-graph\">{\"@context\":\"https:\/\/schema.org\",\"@graph\":[{\"@type\":\"NewsArticle\",\"@id\":\"https:\/\/www.celttv.com.ar\/index.php\/2012\/06\/23\/preocupacion-en-la-comunidad-varios-hechos-policiales-en-pocas-horas-hablan-mario-rodriguez-hector-moldu-sonia-leuemberger-y-la-conferencia-de-prensa-de-las-autoridades\/#article\",\"isPartOf\":{\"@id\":\"https:\/\/www.celttv.com.ar\/index.php\/2012\/06\/23\/preocupacion-en-la-comunidad-varios-hechos-policiales-en-pocas-horas-hablan-mario-rodriguez-hector-moldu-sonia-leuemberger-y-la-conferencia-de-prensa-de-las-autoridades\/\"},\"author\":{\"name\":\"ulises\",\"@id\":\"https:\/\/www.celttv.com.ar\/#\/schema\/person\/6d99c072dba59953809c81446e9d0ace\"},\"headline\":\"PREOCUPACION EN LA COMUNIDAD: VARIOS HECHOS POLICIALES EN POCAS HORAS (hablan Mario Rodriguez, Hector Mold\u00fa, Sonia Leuemberger y la conferencia de prensa de las autoridades)\",\"datePublished\":\"2012-06-23T16:46:59+00:00\",\"dateModified\":\"2012-06-23T16:46:59+00:00\",\"mainEntityOfPage\":{\"@id\":\"https:\/\/www.celttv.com.ar\/index.php\/2012\/06\/23\/preocupacion-en-la-comunidad-varios-hechos-policiales-en-pocas-horas-hablan-mario-rodriguez-hector-moldu-sonia-leuemberger-y-la-conferencia-de-prensa-de-las-autoridades\/\"},\"wordCount\":752,\"publisher\":{\"@id\":\"https:\/\/www.celttv.com.ar\/#organization\"},\"articleSection\":[\"Comunidad\",\"Destacadas\",\"Policiales\",\"Pol\u00edtica\",\"Videos Destacados\"],\"inLanguage\":\"es\"},{\"@type\":\"WebPage\",\"@id\":\"https:\/\/www.celttv.com.ar\/index.php\/2012\/06\/23\/preocupacion-en-la-comunidad-varios-hechos-policiales-en-pocas-horas-hablan-mario-rodriguez-hector-moldu-sonia-leuemberger-y-la-conferencia-de-prensa-de-las-autoridades\/\",\"url\":\"https:\/\/www.celttv.com.ar\/index.php\/2012\/06\/23\/preocupacion-en-la-comunidad-varios-hechos-policiales-en-pocas-horas-hablan-mario-rodriguez-hector-moldu-sonia-leuemberger-y-la-conferencia-de-prensa-de-las-autoridades\/\",\"name\":\"PREOCUPACION EN LA COMUNIDAD: VARIOS HECHOS POLICIALES EN POCAS HORAS (hablan Mario Rodriguez, Hector Mold\u00fa, Sonia Leuemberger y la conferencia de prensa de las autoridades) - CELTTV\",\"isPartOf\":{\"@id\":\"https:\/\/www.celttv.com.ar\/#website\"},\"datePublished\":\"2012-06-23T16:46:59+00:00\",\"dateModified\":\"2012-06-23T16:46:59+00:00\",\"description\":\"Sitio web de noticias de la localidad de Tornquist, provincia de Buenos Aires, Rep\u00fablica Argentina. Contenido propio originado por periodistas de CELTTV, el canal de TV local de la Cooperativa El\u00e9ctrica de Tornquist. Turismo, Pol\u00edtica, Sociedad, Deporte, Cultura y todo el contenido de inter\u00e9s general que la gente del pueblo y la regi\u00f3n debe conocer.\",\"breadcrumb\":{\"@id\":\"https:\/\/www.celttv.com.ar\/index.php\/2012\/06\/23\/preocupacion-en-la-comunidad-varios-hechos-policiales-en-pocas-horas-hablan-mario-rodriguez-hector-moldu-sonia-leuemberger-y-la-conferencia-de-prensa-de-las-autoridades\/#breadcrumb\"},\"inLanguage\":\"es\",\"potentialAction\":[{\"@type\":\"ReadAction\",\"target\":[\"https:\/\/www.celttv.com.ar\/index.php\/2012\/06\/23\/preocupacion-en-la-comunidad-varios-hechos-policiales-en-pocas-horas-hablan-mario-rodriguez-hector-moldu-sonia-leuemberger-y-la-conferencia-de-prensa-de-las-autoridades\/\"]}]},{\"@type\":\"BreadcrumbList\",\"@id\":\"https:\/\/www.celttv.com.ar\/index.php\/2012\/06\/23\/preocupacion-en-la-comunidad-varios-hechos-policiales-en-pocas-horas-hablan-mario-rodriguez-hector-moldu-sonia-leuemberger-y-la-conferencia-de-prensa-de-las-autoridades\/#breadcrumb\",\"itemListElement\":[{\"@type\":\"ListItem\",\"position\":1,\"name\":\"Inicio\",\"item\":\"https:\/\/www.celttv.com.ar\/\"},{\"@type\":\"ListItem\",\"position\":2,\"name\":\"PREOCUPACION EN LA COMUNIDAD: VARIOS HECHOS POLICIALES EN POCAS HORAS (hablan Mario Rodriguez, Hector Mold\u00fa, Sonia Leuemberger y la conferencia de prensa de las autoridades)\"}]},{\"@type\":\"WebSite\",\"@id\":\"https:\/\/www.celttv.com.ar\/#website\",\"url\":\"https:\/\/www.celttv.com.ar\/\",\"name\":\"CELTTV\",\"description\":\"Cooperativa El\u00e9ctrica de Tornquist\",\"publisher\":{\"@id\":\"https:\/\/www.celttv.com.ar\/#organization\"},\"potentialAction\":[{\"@type\":\"SearchAction\",\"target\":{\"@type\":\"EntryPoint\",\"urlTemplate\":\"https:\/\/www.celttv.com.ar\/?s={search_term_string}\"},\"query-input\":\"required name=search_term_string\"}],\"inLanguage\":\"es\"},{\"@type\":\"Organization\",\"@id\":\"https:\/\/www.celttv.com.ar\/#organization\",\"name\":\"CELTTV\",\"url\":\"https:\/\/www.celttv.com.ar\/\",\"sameAs\":[\"https:\/\/www.youtube.com\/channel\/UCz_oIt8Hig64Ub-EmcNPIhg\",\"https:\/\/www.facebook.com\/celtTV\/\"],\"logo\":{\"@type\":\"ImageObject\",\"inLanguage\":\"es\",\"@id\":\"https:\/\/www.celttv.com.ar\/#\/schema\/logo\/image\/\",\"url\":\"http:\/\/www.celttv.com.ar\/wp-content\/uploads\/2022\/08\/logo-1.png\",\"contentUrl\":\"http:\/\/www.celttv.com.ar\/wp-content\/uploads\/2022\/08\/logo-1.png\",\"width\":461,\"height\":159,\"caption\":\"CELTTV\"},\"image\":{\"@id\":\"https:\/\/www.celttv.com.ar\/#\/schema\/logo\/image\/\"}},{\"@type\":\"Person\",\"@id\":\"https:\/\/www.celttv.com.ar\/#\/schema\/person\/6d99c072dba59953809c81446e9d0ace\",\"name\":\"ulises\",\"image\":{\"@type\":\"ImageObject\",\"inLanguage\":\"es\",\"@id\":\"https:\/\/www.celttv.com.ar\/#\/schema\/person\/image\/\",\"url\":\"https:\/\/secure.gravatar.com\/avatar\/7f2c48bdc33b30088f941fb6082e555f2874c98e20cb159d7b92b50eadfce793?s=96&d=mm&r=g\",\"contentUrl\":\"https:\/\/secure.gravatar.com\/avatar\/7f2c48bdc33b30088f941fb6082e555f2874c98e20cb159d7b92b50eadfce793?s=96&d=mm&r=g\",\"caption\":\"ulises\"},\"sameAs\":[\"http:\/\/www.celttv.com.ar\"]}]}<\/script>\n<!-- \/ Yoast SEO plugin. -->","yoast_head_json":{"title":"PREOCUPACION EN LA COMUNIDAD: VARIOS HECHOS POLICIALES EN POCAS HORAS (hablan Mario Rodriguez, Hector Mold\u00fa, Sonia Leuemberger y la conferencia de prensa de las autoridades) - CELTTV","description":"Sitio web de noticias de la localidad de Tornquist, provincia de Buenos Aires, Rep\u00fablica Argentina. Contenido propio originado por periodistas de CELTTV, el canal de TV local de la Cooperativa El\u00e9ctrica de Tornquist. Turismo, Pol\u00edtica, Sociedad, Deporte, Cultura y todo el contenido de inter\u00e9s general que la gente del pueblo y la regi\u00f3n debe conocer.","robots":{"index":"index","follow":"follow","max-snippet":"max-snippet:-1","max-image-preview":"max-image-preview:large","max-video-preview":"max-video-preview:-1"},"canonical":"https:\/\/www.celttv.com.ar\/index.php\/2012\/06\/23\/preocupacion-en-la-comunidad-varios-hechos-policiales-en-pocas-horas-hablan-mario-rodriguez-hector-moldu-sonia-leuemberger-y-la-conferencia-de-prensa-de-las-autoridades\/","og_locale":"es_ES","og_type":"article","og_title":"PREOCUPACION EN LA COMUNIDAD: VARIOS HECHOS POLICIALES EN POCAS HORAS (hablan Mario Rodriguez, Hector Mold\u00fa, Sonia Leuemberger y la conferencia de prensa de las autoridades) - CELTTV","og_description":"Sitio web de noticias de la localidad de Tornquist, provincia de Buenos Aires, Rep\u00fablica Argentina. Contenido propio originado por periodistas de CELTTV, el canal de TV local de la Cooperativa El\u00e9ctrica de Tornquist. Turismo, Pol\u00edtica, Sociedad, Deporte, Cultura y todo el contenido de inter\u00e9s general que la gente del pueblo y la regi\u00f3n debe conocer.","og_url":"https:\/\/www.celttv.com.ar\/index.php\/2012\/06\/23\/preocupacion-en-la-comunidad-varios-hechos-policiales-en-pocas-horas-hablan-mario-rodriguez-hector-moldu-sonia-leuemberger-y-la-conferencia-de-prensa-de-las-autoridades\/","og_site_name":"CELTTV","article_publisher":"https:\/\/www.facebook.com\/celtTV\/","article_published_time":"2012-06-23T16:46:59+00:00","author":"ulises","twitter_card":"summary_large_image","twitter_misc":{"Escrito por":"ulises","Tiempo de lectura":"4 minutos"},"schema":{"@context":"https:\/\/schema.org","@graph":[{"@type":"NewsArticle","@id":"https:\/\/www.celttv.com.ar\/index.php\/2012\/06\/23\/preocupacion-en-la-comunidad-varios-hechos-policiales-en-pocas-horas-hablan-mario-rodriguez-hector-moldu-sonia-leuemberger-y-la-conferencia-de-prensa-de-las-autoridades\/#article","isPartOf":{"@id":"https:\/\/www.celttv.com.ar\/index.php\/2012\/06\/23\/preocupacion-en-la-comunidad-varios-hechos-policiales-en-pocas-horas-hablan-mario-rodriguez-hector-moldu-sonia-leuemberger-y-la-conferencia-de-prensa-de-las-autoridades\/"},"author":{"name":"ulises","@id":"https:\/\/www.celttv.com.ar\/#\/schema\/person\/6d99c072dba59953809c81446e9d0ace"},"headline":"PREOCUPACION EN LA COMUNIDAD: VARIOS HECHOS POLICIALES EN POCAS HORAS (hablan Mario Rodriguez, Hector Mold\u00fa, Sonia Leuemberger y la conferencia de prensa de las autoridades)","datePublished":"2012-06-23T16:46:59+00:00","dateModified":"2012-06-23T16:46:59+00:00","mainEntityOfPage":{"@id":"https:\/\/www.celttv.com.ar\/index.php\/2012\/06\/23\/preocupacion-en-la-comunidad-varios-hechos-policiales-en-pocas-horas-hablan-mario-rodriguez-hector-moldu-sonia-leuemberger-y-la-conferencia-de-prensa-de-las-autoridades\/"},"wordCount":752,"publisher":{"@id":"https:\/\/www.celttv.com.ar\/#organization"},"articleSection":["Comunidad","Destacadas","Policiales","Pol\u00edtica","Videos Destacados"],"inLanguage":"es"},{"@type":"WebPage","@id":"https:\/\/www.celttv.com.ar\/index.php\/2012\/06\/23\/preocupacion-en-la-comunidad-varios-hechos-policiales-en-pocas-horas-hablan-mario-rodriguez-hector-moldu-sonia-leuemberger-y-la-conferencia-de-prensa-de-las-autoridades\/","url":"https:\/\/www.celttv.com.ar\/index.php\/2012\/06\/23\/preocupacion-en-la-comunidad-varios-hechos-policiales-en-pocas-horas-hablan-mario-rodriguez-hector-moldu-sonia-leuemberger-y-la-conferencia-de-prensa-de-las-autoridades\/","name":"PREOCUPACION EN LA COMUNIDAD: VARIOS HECHOS POLICIALES EN POCAS HORAS (hablan Mario Rodriguez, Hector Mold\u00fa, Sonia Leuemberger y la conferencia de prensa de las autoridades) - CELTTV","isPartOf":{"@id":"https:\/\/www.celttv.com.ar\/#website"},"datePublished":"2012-06-23T16:46:59+00:00","dateModified":"2012-06-23T16:46:59+00:00","description":"Sitio web de noticias de la localidad de Tornquist, provincia de Buenos Aires, Rep\u00fablica Argentina. Contenido propio originado por periodistas de CELTTV, el canal de TV local de la Cooperativa El\u00e9ctrica de Tornquist. Turismo, Pol\u00edtica, Sociedad, Deporte, Cultura y todo el contenido de inter\u00e9s general que la gente del pueblo y la regi\u00f3n debe conocer.","breadcrumb":{"@id":"https:\/\/www.celttv.com.ar\/index.php\/2012\/06\/23\/preocupacion-en-la-comunidad-varios-hechos-policiales-en-pocas-horas-hablan-mario-rodriguez-hector-moldu-sonia-leuemberger-y-la-conferencia-de-prensa-de-las-autoridades\/#breadcrumb"},"inLanguage":"es","potentialAction":[{"@type":"ReadAction","target":["https:\/\/www.celttv.com.ar\/index.php\/2012\/06\/23\/preocupacion-en-la-comunidad-varios-hechos-policiales-en-pocas-horas-hablan-mario-rodriguez-hector-moldu-sonia-leuemberger-y-la-conferencia-de-prensa-de-las-autoridades\/"]}]},{"@type":"BreadcrumbList","@id":"https:\/\/www.celttv.com.ar\/index.php\/2012\/06\/23\/preocupacion-en-la-comunidad-varios-hechos-policiales-en-pocas-horas-hablan-mario-rodriguez-hector-moldu-sonia-leuemberger-y-la-conferencia-de-prensa-de-las-autoridades\/#breadcrumb","itemListElement":[{"@type":"ListItem","position":1,"name":"Inicio","item":"https:\/\/www.celttv.com.ar\/"},{"@type":"ListItem","position":2,"name":"PREOCUPACION EN LA COMUNIDAD: VARIOS HECHOS POLICIALES EN POCAS HORAS (hablan Mario Rodriguez, Hector Mold\u00fa, Sonia Leuemberger y la conferencia de prensa de las autoridades)"}]},{"@type":"WebSite","@id":"https:\/\/www.celttv.com.ar\/#website","url":"https:\/\/www.celttv.com.ar\/","name":"CELTTV","description":"Cooperativa El\u00e9ctrica de Tornquist","publisher":{"@id":"https:\/\/www.celttv.com.ar\/#organization"},"potentialAction":[{"@type":"SearchAction","target":{"@type":"EntryPoint","urlTemplate":"https:\/\/www.celttv.com.ar\/?s={search_term_string}"},"query-input":"required name=search_term_string"}],"inLanguage":"es"},{"@type":"Organization","@id":"https:\/\/www.celttv.com.ar\/#organization","name":"CELTTV","url":"https:\/\/www.celttv.com.ar\/","sameAs":["https:\/\/www.youtube.com\/channel\/UCz_oIt8Hig64Ub-EmcNPIhg","https:\/\/www.facebook.com\/celtTV\/"],"logo":{"@type":"ImageObject","inLanguage":"es","@id":"https:\/\/www.celttv.com.ar\/#\/schema\/logo\/image\/","url":"http:\/\/www.celttv.com.ar\/wp-content\/uploads\/2022\/08\/logo-1.png","contentUrl":"http:\/\/www.celttv.com.ar\/wp-content\/uploads\/2022\/08\/logo-1.png","width":461,"height":159,"caption":"CELTTV"},"image":{"@id":"https:\/\/www.celttv.com.ar\/#\/schema\/logo\/image\/"}},{"@type":"Person","@id":"https:\/\/www.celttv.com.ar\/#\/schema\/person\/6d99c072dba59953809c81446e9d0ace","name":"ulises","image":{"@type":"ImageObject","inLanguage":"es","@id":"https:\/\/www.celttv.com.ar\/#\/schema\/person\/image\/","url":"https:\/\/secure.gravatar.com\/avatar\/7f2c48bdc33b30088f941fb6082e555f2874c98e20cb159d7b92b50eadfce793?s=96&d=mm&r=g","contentUrl":"https:\/\/secure.gravatar.com\/avatar\/7f2c48bdc33b30088f941fb6082e555f2874c98e20cb159d7b92b50eadfce793?s=96&d=mm&r=g","caption":"ulises"},"sameAs":["http:\/\/www.celttv.com.ar"]}]}},"_links":{"self":[{"href":"https:\/\/www.celttv.com.ar\/index.php\/wp-json\/wp\/v2\/posts\/7251","targetHints":{"allow":["GET"]}}],"collection":[{"href":"https:\/\/www.celttv.com.ar\/index.php\/wp-json\/wp\/v2\/posts"}],"about":[{"href":"https:\/\/www.celttv.com.ar\/index.php\/wp-json\/wp\/v2\/types\/post"}],"author":[{"embeddable":true,"href":"https:\/\/www.celttv.com.ar\/index.php\/wp-json\/wp\/v2\/users\/1"}],"replies":[{"embeddable":true,"href":"https:\/\/www.celttv.com.ar\/index.php\/wp-json\/wp\/v2\/comments?post=7251"}],"version-history":[{"count":0,"href":"https:\/\/www.celttv.com.ar\/index.php\/wp-json\/wp\/v2\/posts\/7251\/revisions"}],"wp:attachment":[{"href":"https:\/\/www.celttv.com.ar\/index.php\/wp-json\/wp\/v2\/media?parent=7251"}],"wp:term":[{"taxonomy":"category","embeddable":true,"href":"https:\/\/www.celttv.com.ar\/index.php\/wp-json\/wp\/v2\/categories?post=7251"},{"taxonomy":"post_tag","embeddable":true,"href":"https:\/\/www.celttv.com.ar\/index.php\/wp-json\/wp\/v2\/tags?post=7251"}],"curies":[{"name":"wp","href":"https:\/\/api.w.org\/{rel}","templated":true}]}}