{"id":7254,"date":"2012-06-23T16:57:30","date_gmt":"2012-06-23T16:57:30","guid":{"rendered":"http:\/\/www.tvcnoticias.com.ar\/?p=7254"},"modified":"2012-06-23T16:57:30","modified_gmt":"2012-06-23T16:57:30","slug":"fervor-patriotico-los-mejores-videos-del-homenaje-a-la-bandera-nacional","status":"publish","type":"post","link":"https:\/\/www.celttv.com.ar\/index.php\/2012\/06\/23\/fervor-patriotico-los-mejores-videos-del-homenaje-a-la-bandera-nacional\/","title":{"rendered":"FERVOR PATRIOTICO: LOS MEJORES VIDEOS DEL HOMENAJE A LA BANDERA NACIONAL"},"content":{"rendered":"<p><a href=\"http:\/\/www.youtube.com\/watch?v=FtPBIx36ANM\">httpv:\/\/www.youtube.com\/watch?v=FtPBIx36ANM<\/a><br \/>\n<a href=\"http:\/\/www.youtube.com\/watch?v=EHd9aEZQ9ZE\">httpv:\/\/www.youtube.com\/watch?v=EHd9aEZQ9ZE<\/a><br \/>\n<a href=\"http:\/\/www.youtube.com\/watch?v=qQQgrqEDioY\">httpv:\/\/www.youtube.com\/watch?v=qQQgrqEDioY<\/a><br \/>\n<a href=\"http:\/\/www.youtube.com\/watch?v=BX77xS94FdQ\">httpv:\/\/www.youtube.com\/watch?v=BX77xS94FdQ<\/a><br \/>\n<a>httpv:\/\/www.youtube.com\/watch?v=e9mVRW7lefI<\/a><br \/>\nEmotividad, alegr\u00eda, patriotismo, orgullo y sentido de pertenencia. Esos fueron los sentimientos que se vivieron en un colmado Gimnasio Municipal \u201cEva Per\u00f3n\u201d, donde en la tarde del martes se desarroll\u00f3 el acto oficial por el D\u00eda de la Bandera, con la presencia del intendente municipal, miembros de su gabinete, del Honorable Concejo Deliberante, autoridades educativas y representantes de distintas instituciones educativas, sociales y deportivas.<br \/>\n\u00a0\u00a0 La jornada, llevada a cabo bajo la organizaci\u00f3n de las Escuelas Rurales Unidas, se nutri\u00f3 de momentos especiales y de profunda emoci\u00f3n. Sin dudas que el principal result\u00f3 la promesa de lealtad al s\u00edmbolo nacional efectuada los alumnos de cuarto a\u00f1o de diferentes establecimientos educativos del distrito, realizada despu\u00e9s de las palabras de la Inspectora Jefe Distrital, Ana Skolak.<br \/>\n\u00a0\u00a0 Al momento de dirigirse a los presentes, el jefe comunal enfatiz\u00f3 la figura de Manuel Belgrano.<br \/>\n\u00a0\u00a0 \u201cQu\u00e9 suerte que la bandera est\u00e9 \u00edntimamente ligada a la vida, la historia y el proceder de Manuel Belgrano, uno de los pr\u00f3ceres m\u00e1s enteros e indiscutibles de nuestra historia, no solamente por lo que fue como militar, estadista y pol\u00edtico, sino tambi\u00e9n como hombre de bien. Qu\u00e9 lindo tener un pr\u00f3cer a quien mirar y tomar como ejemplo\u201d, destac\u00f3 Trankels.<br \/>\n\u00a0\u00a0 \u201cLe quiero agradecer a todos quienes hicieron posible el proyecto Unidos por una Bandera, que tiene un hermoso simbolismo. Esa misma bandera estar\u00e1 ma\u00f1ana en Rosario para juntarse con tantas otras que representar\u00e1n a diferentes pueblos de todo el pa\u00eds\u201d, se\u00f1al\u00f3.<br \/>\n\u00a0\u00a0 El acto se caracteriz\u00f3 por la presencia de tres excepcionales voces tornquistenses. Fabio Gonz\u00e1lez enton\u00f3 las estrofas del Himno Nacional, Vanina Lamberto cant\u00f3 \u201cAgua, fuego, tierra y viento\u201d y Jonathan Rond\u00e1n hizo lo propio con Aurora.<br \/>\n\u00a0\u00a0 Tambi\u00e9n se escuch\u00f3 una invocaci\u00f3n religiosa por parte del cura p\u00e1rroco Norberto L\u00f3pez y el intendente Trankels coloc\u00f3, junto con chicos del distrito, una ofrenda floral debajo de la imagen de Manuel Belgrano.<br \/>\n\u00a0\u00a0 \u201cEl proyecto Unidos por una Bandera brinda una imagen de integraci\u00f3n y unidad, porque trabajaron las escuelas y la comunidad. En cuanto a los chicos que hoy prometieron lealtad, el conocimiento es el \u00fanico capital que llevar\u00e1n siempre consigo. A trav\u00e9s del conocimiento aprender\u00e1n a amar y respetar a su Patria\u201d, enfatiz\u00f3, a su turno, Ana Skolak.<br \/>\n\u00a0\u00a0 \u201cQuiero rescatar la decisi\u00f3n del intendente de realizar los actos en diferentes localidades, porque eso tambi\u00e9n es integraci\u00f3n y unidad, ya que se le brinda la oportunidad a toda la poblaci\u00f3n de demostrar su calidad humana. Tambi\u00e9n quiero agradecerle la preocupaci\u00f3n que tiene por la educaci\u00f3n y sus problem\u00e1ticas\u201d, agreg\u00f3.<br \/>\n\u00a0\u00a0 Otra de las alocuciones corri\u00f3 por cuenta de la directora de la Escuela Rural N\u00b0 14, profesora Marisa Bernardini.<br \/>\n\u00a0\u00a0 \u201cEn este momento tan especial, quiero compartir las reflexiones de los ni\u00f1os de cuarto a\u00f1o sobre el significado de la bandera y de este d\u00eda: \u2018La bandera es mucho m\u00e1s que un trozo de tela con los colores\u00a0 de la Naci\u00f3n, representa la Patria, su gente, su sue\u00f1os\u2026 Cuando la vemos flamear en la escuela, en un partido, en un territorio, creemos que es una manera de decir esto es nuestro, significa decir somos hermanos, porque cada uno se siente parte de un todo\u2019\u201d, afirm\u00f3.<br \/>\n\u00a0\u00a0 El cierre marc\u00f3 el final del proyecto Unidos por una Bandera. El emblema patrio, de unos mil metros de extensi\u00f3n, parti\u00f3 desde el Gimnasio Municipal comandado por el intendente Trankels y de la mano de autoridades pol\u00edticas, representantes escolares y vecinos.<br \/>\n\u00a0\u00a0 La misma recorri\u00f3 todo el per\u00edmetro de la Plaza \u201cErnesto Tornquist\u201d, para finalizar frente al edificio comunal. Esa misma bandera estar\u00e1 viajando esta noche hacia Rosario, para participar de la celebraci\u00f3n que se realizar\u00e1 ma\u00f1ana.<br \/>\n\u00a0\u00a0 Adem\u00e1s del intendente, del acto participaron miembros del Ejecutivo Municipal, concejales, consejeros escolares, autoridades educativas y policiales, y un nutrido grupo de pobladores del distrito.<\/p>\n","protected":false},"excerpt":{"rendered":"<p>httpv:\/\/www.youtube.com\/watch?v=FtPBIx36ANM httpv:\/\/www.youtube.com\/watch?v=EHd9aEZQ9ZE httpv:\/\/www.youtube.com\/watch?v=qQQgrqEDioY httpv:\/\/www.youtube.com\/watch?v=BX77xS94FdQ httpv:\/\/www.youtube.com\/watch?v=e9mVRW7lefI Emotividad, alegr\u00eda, patriotismo, orgullo y sentido de pertenencia. Esos fueron los sentimientos que se vivieron en un colmado Gimnasio Municipal \u201cEva Per\u00f3n\u201d, donde en la tarde del martes se desarroll\u00f3 el acto oficial por el D\u00eda de la Bandera, con la presencia del intendente municipal, miembros de su gabinete, del [&hellip;]<\/p>\n","protected":false},"author":1,"featured_media":0,"comment_status":"closed","ping_status":"open","sticky":false,"template":"","format":"standard","meta":{"footnotes":""},"categories":[51,52,53,64],"tags":[],"class_list":["post-7254","post","type-post","status-publish","format-standard","hentry","category-comunidad","category-destacadas","category-politica","category-videos-destacados"],"yoast_head":"<!-- This site is optimized with the Yoast SEO plugin v19.7.1 - https:\/\/yoast.com\/wordpress\/plugins\/seo\/ -->\n<title>FERVOR PATRIOTICO: LOS MEJORES VIDEOS DEL HOMENAJE A LA BANDERA NACIONAL - CELTTV<\/title>\n<meta name=\"description\" content=\"Sitio web de noticias de la localidad de Tornquist, provincia de Buenos Aires, Rep\u00fablica Argentina. Contenido propio originado por periodistas de CELTTV, el canal de TV local de la Cooperativa El\u00e9ctrica de Tornquist. Turismo, Pol\u00edtica, Sociedad, Deporte, Cultura y todo el contenido de inter\u00e9s general que la gente del pueblo y la regi\u00f3n debe conocer.\" \/>\n<meta name=\"robots\" content=\"index, follow, max-snippet:-1, max-image-preview:large, max-video-preview:-1\" \/>\n<link rel=\"canonical\" href=\"https:\/\/www.celttv.com.ar\/index.php\/2012\/06\/23\/fervor-patriotico-los-mejores-videos-del-homenaje-a-la-bandera-nacional\/\" \/>\n<meta property=\"og:locale\" content=\"es_ES\" \/>\n<meta property=\"og:type\" content=\"article\" \/>\n<meta property=\"og:title\" content=\"FERVOR PATRIOTICO: LOS MEJORES VIDEOS DEL HOMENAJE A LA BANDERA NACIONAL - CELTTV\" \/>\n<meta property=\"og:description\" content=\"Sitio web de noticias de la localidad de Tornquist, provincia de Buenos Aires, Rep\u00fablica Argentina. Contenido propio originado por periodistas de CELTTV, el canal de TV local de la Cooperativa El\u00e9ctrica de Tornquist. Turismo, Pol\u00edtica, Sociedad, Deporte, Cultura y todo el contenido de inter\u00e9s general que la gente del pueblo y la regi\u00f3n debe conocer.\" \/>\n<meta property=\"og:url\" content=\"https:\/\/www.celttv.com.ar\/index.php\/2012\/06\/23\/fervor-patriotico-los-mejores-videos-del-homenaje-a-la-bandera-nacional\/\" \/>\n<meta property=\"og:site_name\" content=\"CELTTV\" \/>\n<meta property=\"article:publisher\" content=\"https:\/\/www.facebook.com\/celtTV\/\" \/>\n<meta property=\"article:published_time\" content=\"2012-06-23T16:57:30+00:00\" \/>\n<meta name=\"author\" content=\"ulises\" \/>\n<meta name=\"twitter:card\" content=\"summary_large_image\" \/>\n<meta name=\"twitter:label1\" content=\"Escrito por\" \/>\n\t<meta name=\"twitter:data1\" content=\"ulises\" \/>\n\t<meta name=\"twitter:label2\" content=\"Tiempo de lectura\" \/>\n\t<meta name=\"twitter:data2\" content=\"4 minutos\" \/>\n<script type=\"application\/ld+json\" class=\"yoast-schema-graph\">{\"@context\":\"https:\/\/schema.org\",\"@graph\":[{\"@type\":\"NewsArticle\",\"@id\":\"https:\/\/www.celttv.com.ar\/index.php\/2012\/06\/23\/fervor-patriotico-los-mejores-videos-del-homenaje-a-la-bandera-nacional\/#article\",\"isPartOf\":{\"@id\":\"https:\/\/www.celttv.com.ar\/index.php\/2012\/06\/23\/fervor-patriotico-los-mejores-videos-del-homenaje-a-la-bandera-nacional\/\"},\"author\":{\"name\":\"ulises\",\"@id\":\"https:\/\/www.celttv.com.ar\/#\/schema\/person\/6d99c072dba59953809c81446e9d0ace\"},\"headline\":\"FERVOR PATRIOTICO: LOS MEJORES VIDEOS DEL HOMENAJE A LA BANDERA NACIONAL\",\"datePublished\":\"2012-06-23T16:57:30+00:00\",\"dateModified\":\"2012-06-23T16:57:30+00:00\",\"mainEntityOfPage\":{\"@id\":\"https:\/\/www.celttv.com.ar\/index.php\/2012\/06\/23\/fervor-patriotico-los-mejores-videos-del-homenaje-a-la-bandera-nacional\/\"},\"wordCount\":721,\"publisher\":{\"@id\":\"https:\/\/www.celttv.com.ar\/#organization\"},\"articleSection\":[\"Comunidad\",\"Destacadas\",\"Pol\u00edtica\",\"Videos Destacados\"],\"inLanguage\":\"es\"},{\"@type\":\"WebPage\",\"@id\":\"https:\/\/www.celttv.com.ar\/index.php\/2012\/06\/23\/fervor-patriotico-los-mejores-videos-del-homenaje-a-la-bandera-nacional\/\",\"url\":\"https:\/\/www.celttv.com.ar\/index.php\/2012\/06\/23\/fervor-patriotico-los-mejores-videos-del-homenaje-a-la-bandera-nacional\/\",\"name\":\"FERVOR PATRIOTICO: LOS MEJORES VIDEOS DEL HOMENAJE A LA BANDERA NACIONAL - CELTTV\",\"isPartOf\":{\"@id\":\"https:\/\/www.celttv.com.ar\/#website\"},\"datePublished\":\"2012-06-23T16:57:30+00:00\",\"dateModified\":\"2012-06-23T16:57:30+00:00\",\"description\":\"Sitio web de noticias de la localidad de Tornquist, provincia de Buenos Aires, Rep\u00fablica Argentina. Contenido propio originado por periodistas de CELTTV, el canal de TV local de la Cooperativa El\u00e9ctrica de Tornquist. Turismo, Pol\u00edtica, Sociedad, Deporte, Cultura y todo el contenido de inter\u00e9s general que la gente del pueblo y la regi\u00f3n debe conocer.\",\"breadcrumb\":{\"@id\":\"https:\/\/www.celttv.com.ar\/index.php\/2012\/06\/23\/fervor-patriotico-los-mejores-videos-del-homenaje-a-la-bandera-nacional\/#breadcrumb\"},\"inLanguage\":\"es\",\"potentialAction\":[{\"@type\":\"ReadAction\",\"target\":[\"https:\/\/www.celttv.com.ar\/index.php\/2012\/06\/23\/fervor-patriotico-los-mejores-videos-del-homenaje-a-la-bandera-nacional\/\"]}]},{\"@type\":\"BreadcrumbList\",\"@id\":\"https:\/\/www.celttv.com.ar\/index.php\/2012\/06\/23\/fervor-patriotico-los-mejores-videos-del-homenaje-a-la-bandera-nacional\/#breadcrumb\",\"itemListElement\":[{\"@type\":\"ListItem\",\"position\":1,\"name\":\"Inicio\",\"item\":\"https:\/\/www.celttv.com.ar\/\"},{\"@type\":\"ListItem\",\"position\":2,\"name\":\"FERVOR PATRIOTICO: LOS MEJORES VIDEOS DEL HOMENAJE A LA BANDERA NACIONAL\"}]},{\"@type\":\"WebSite\",\"@id\":\"https:\/\/www.celttv.com.ar\/#website\",\"url\":\"https:\/\/www.celttv.com.ar\/\",\"name\":\"CELTTV\",\"description\":\"Cooperativa El\u00e9ctrica de Tornquist\",\"publisher\":{\"@id\":\"https:\/\/www.celttv.com.ar\/#organization\"},\"potentialAction\":[{\"@type\":\"SearchAction\",\"target\":{\"@type\":\"EntryPoint\",\"urlTemplate\":\"https:\/\/www.celttv.com.ar\/?s={search_term_string}\"},\"query-input\":\"required name=search_term_string\"}],\"inLanguage\":\"es\"},{\"@type\":\"Organization\",\"@id\":\"https:\/\/www.celttv.com.ar\/#organization\",\"name\":\"CELTTV\",\"url\":\"https:\/\/www.celttv.com.ar\/\",\"sameAs\":[\"https:\/\/www.youtube.com\/channel\/UCz_oIt8Hig64Ub-EmcNPIhg\",\"https:\/\/www.facebook.com\/celtTV\/\"],\"logo\":{\"@type\":\"ImageObject\",\"inLanguage\":\"es\",\"@id\":\"https:\/\/www.celttv.com.ar\/#\/schema\/logo\/image\/\",\"url\":\"http:\/\/www.celttv.com.ar\/wp-content\/uploads\/2022\/08\/logo-1.png\",\"contentUrl\":\"http:\/\/www.celttv.com.ar\/wp-content\/uploads\/2022\/08\/logo-1.png\",\"width\":461,\"height\":159,\"caption\":\"CELTTV\"},\"image\":{\"@id\":\"https:\/\/www.celttv.com.ar\/#\/schema\/logo\/image\/\"}},{\"@type\":\"Person\",\"@id\":\"https:\/\/www.celttv.com.ar\/#\/schema\/person\/6d99c072dba59953809c81446e9d0ace\",\"name\":\"ulises\",\"image\":{\"@type\":\"ImageObject\",\"inLanguage\":\"es\",\"@id\":\"https:\/\/www.celttv.com.ar\/#\/schema\/person\/image\/\",\"url\":\"https:\/\/secure.gravatar.com\/avatar\/7f2c48bdc33b30088f941fb6082e555f2874c98e20cb159d7b92b50eadfce793?s=96&d=mm&r=g\",\"contentUrl\":\"https:\/\/secure.gravatar.com\/avatar\/7f2c48bdc33b30088f941fb6082e555f2874c98e20cb159d7b92b50eadfce793?s=96&d=mm&r=g\",\"caption\":\"ulises\"},\"sameAs\":[\"http:\/\/www.celttv.com.ar\"]}]}<\/script>\n<!-- \/ Yoast SEO plugin. -->","yoast_head_json":{"title":"FERVOR PATRIOTICO: LOS MEJORES VIDEOS DEL HOMENAJE A LA BANDERA NACIONAL - CELTTV","description":"Sitio web de noticias de la localidad de Tornquist, provincia de Buenos Aires, Rep\u00fablica Argentina. Contenido propio originado por periodistas de CELTTV, el canal de TV local de la Cooperativa El\u00e9ctrica de Tornquist. Turismo, Pol\u00edtica, Sociedad, Deporte, Cultura y todo el contenido de inter\u00e9s general que la gente del pueblo y la regi\u00f3n debe conocer.","robots":{"index":"index","follow":"follow","max-snippet":"max-snippet:-1","max-image-preview":"max-image-preview:large","max-video-preview":"max-video-preview:-1"},"canonical":"https:\/\/www.celttv.com.ar\/index.php\/2012\/06\/23\/fervor-patriotico-los-mejores-videos-del-homenaje-a-la-bandera-nacional\/","og_locale":"es_ES","og_type":"article","og_title":"FERVOR PATRIOTICO: LOS MEJORES VIDEOS DEL HOMENAJE A LA BANDERA NACIONAL - CELTTV","og_description":"Sitio web de noticias de la localidad de Tornquist, provincia de Buenos Aires, Rep\u00fablica Argentina. Contenido propio originado por periodistas de CELTTV, el canal de TV local de la Cooperativa El\u00e9ctrica de Tornquist. Turismo, Pol\u00edtica, Sociedad, Deporte, Cultura y todo el contenido de inter\u00e9s general que la gente del pueblo y la regi\u00f3n debe conocer.","og_url":"https:\/\/www.celttv.com.ar\/index.php\/2012\/06\/23\/fervor-patriotico-los-mejores-videos-del-homenaje-a-la-bandera-nacional\/","og_site_name":"CELTTV","article_publisher":"https:\/\/www.facebook.com\/celtTV\/","article_published_time":"2012-06-23T16:57:30+00:00","author":"ulises","twitter_card":"summary_large_image","twitter_misc":{"Escrito por":"ulises","Tiempo de lectura":"4 minutos"},"schema":{"@context":"https:\/\/schema.org","@graph":[{"@type":"NewsArticle","@id":"https:\/\/www.celttv.com.ar\/index.php\/2012\/06\/23\/fervor-patriotico-los-mejores-videos-del-homenaje-a-la-bandera-nacional\/#article","isPartOf":{"@id":"https:\/\/www.celttv.com.ar\/index.php\/2012\/06\/23\/fervor-patriotico-los-mejores-videos-del-homenaje-a-la-bandera-nacional\/"},"author":{"name":"ulises","@id":"https:\/\/www.celttv.com.ar\/#\/schema\/person\/6d99c072dba59953809c81446e9d0ace"},"headline":"FERVOR PATRIOTICO: LOS MEJORES VIDEOS DEL HOMENAJE A LA BANDERA NACIONAL","datePublished":"2012-06-23T16:57:30+00:00","dateModified":"2012-06-23T16:57:30+00:00","mainEntityOfPage":{"@id":"https:\/\/www.celttv.com.ar\/index.php\/2012\/06\/23\/fervor-patriotico-los-mejores-videos-del-homenaje-a-la-bandera-nacional\/"},"wordCount":721,"publisher":{"@id":"https:\/\/www.celttv.com.ar\/#organization"},"articleSection":["Comunidad","Destacadas","Pol\u00edtica","Videos Destacados"],"inLanguage":"es"},{"@type":"WebPage","@id":"https:\/\/www.celttv.com.ar\/index.php\/2012\/06\/23\/fervor-patriotico-los-mejores-videos-del-homenaje-a-la-bandera-nacional\/","url":"https:\/\/www.celttv.com.ar\/index.php\/2012\/06\/23\/fervor-patriotico-los-mejores-videos-del-homenaje-a-la-bandera-nacional\/","name":"FERVOR PATRIOTICO: LOS MEJORES VIDEOS DEL HOMENAJE A LA BANDERA NACIONAL - CELTTV","isPartOf":{"@id":"https:\/\/www.celttv.com.ar\/#website"},"datePublished":"2012-06-23T16:57:30+00:00","dateModified":"2012-06-23T16:57:30+00:00","description":"Sitio web de noticias de la localidad de Tornquist, provincia de Buenos Aires, Rep\u00fablica Argentina. Contenido propio originado por periodistas de CELTTV, el canal de TV local de la Cooperativa El\u00e9ctrica de Tornquist. Turismo, Pol\u00edtica, Sociedad, Deporte, Cultura y todo el contenido de inter\u00e9s general que la gente del pueblo y la regi\u00f3n debe conocer.","breadcrumb":{"@id":"https:\/\/www.celttv.com.ar\/index.php\/2012\/06\/23\/fervor-patriotico-los-mejores-videos-del-homenaje-a-la-bandera-nacional\/#breadcrumb"},"inLanguage":"es","potentialAction":[{"@type":"ReadAction","target":["https:\/\/www.celttv.com.ar\/index.php\/2012\/06\/23\/fervor-patriotico-los-mejores-videos-del-homenaje-a-la-bandera-nacional\/"]}]},{"@type":"BreadcrumbList","@id":"https:\/\/www.celttv.com.ar\/index.php\/2012\/06\/23\/fervor-patriotico-los-mejores-videos-del-homenaje-a-la-bandera-nacional\/#breadcrumb","itemListElement":[{"@type":"ListItem","position":1,"name":"Inicio","item":"https:\/\/www.celttv.com.ar\/"},{"@type":"ListItem","position":2,"name":"FERVOR PATRIOTICO: LOS MEJORES VIDEOS DEL HOMENAJE A LA BANDERA NACIONAL"}]},{"@type":"WebSite","@id":"https:\/\/www.celttv.com.ar\/#website","url":"https:\/\/www.celttv.com.ar\/","name":"CELTTV","description":"Cooperativa El\u00e9ctrica de Tornquist","publisher":{"@id":"https:\/\/www.celttv.com.ar\/#organization"},"potentialAction":[{"@type":"SearchAction","target":{"@type":"EntryPoint","urlTemplate":"https:\/\/www.celttv.com.ar\/?s={search_term_string}"},"query-input":"required name=search_term_string"}],"inLanguage":"es"},{"@type":"Organization","@id":"https:\/\/www.celttv.com.ar\/#organization","name":"CELTTV","url":"https:\/\/www.celttv.com.ar\/","sameAs":["https:\/\/www.youtube.com\/channel\/UCz_oIt8Hig64Ub-EmcNPIhg","https:\/\/www.facebook.com\/celtTV\/"],"logo":{"@type":"ImageObject","inLanguage":"es","@id":"https:\/\/www.celttv.com.ar\/#\/schema\/logo\/image\/","url":"http:\/\/www.celttv.com.ar\/wp-content\/uploads\/2022\/08\/logo-1.png","contentUrl":"http:\/\/www.celttv.com.ar\/wp-content\/uploads\/2022\/08\/logo-1.png","width":461,"height":159,"caption":"CELTTV"},"image":{"@id":"https:\/\/www.celttv.com.ar\/#\/schema\/logo\/image\/"}},{"@type":"Person","@id":"https:\/\/www.celttv.com.ar\/#\/schema\/person\/6d99c072dba59953809c81446e9d0ace","name":"ulises","image":{"@type":"ImageObject","inLanguage":"es","@id":"https:\/\/www.celttv.com.ar\/#\/schema\/person\/image\/","url":"https:\/\/secure.gravatar.com\/avatar\/7f2c48bdc33b30088f941fb6082e555f2874c98e20cb159d7b92b50eadfce793?s=96&d=mm&r=g","contentUrl":"https:\/\/secure.gravatar.com\/avatar\/7f2c48bdc33b30088f941fb6082e555f2874c98e20cb159d7b92b50eadfce793?s=96&d=mm&r=g","caption":"ulises"},"sameAs":["http:\/\/www.celttv.com.ar"]}]}},"_links":{"self":[{"href":"https:\/\/www.celttv.com.ar\/index.php\/wp-json\/wp\/v2\/posts\/7254","targetHints":{"allow":["GET"]}}],"collection":[{"href":"https:\/\/www.celttv.com.ar\/index.php\/wp-json\/wp\/v2\/posts"}],"about":[{"href":"https:\/\/www.celttv.com.ar\/index.php\/wp-json\/wp\/v2\/types\/post"}],"author":[{"embeddable":true,"href":"https:\/\/www.celttv.com.ar\/index.php\/wp-json\/wp\/v2\/users\/1"}],"replies":[{"embeddable":true,"href":"https:\/\/www.celttv.com.ar\/index.php\/wp-json\/wp\/v2\/comments?post=7254"}],"version-history":[{"count":0,"href":"https:\/\/www.celttv.com.ar\/index.php\/wp-json\/wp\/v2\/posts\/7254\/revisions"}],"wp:attachment":[{"href":"https:\/\/www.celttv.com.ar\/index.php\/wp-json\/wp\/v2\/media?parent=7254"}],"wp:term":[{"taxonomy":"category","embeddable":true,"href":"https:\/\/www.celttv.com.ar\/index.php\/wp-json\/wp\/v2\/categories?post=7254"},{"taxonomy":"post_tag","embeddable":true,"href":"https:\/\/www.celttv.com.ar\/index.php\/wp-json\/wp\/v2\/tags?post=7254"}],"curies":[{"name":"wp","href":"https:\/\/api.w.org\/{rel}","templated":true}]}}