{"id":72600,"date":"2022-12-29T14:53:58","date_gmt":"2022-12-29T17:53:58","guid":{"rendered":"http:\/\/www.celttv.com.ar\/?p=72600"},"modified":"2022-12-29T14:53:58","modified_gmt":"2022-12-29T17:53:58","slug":"toque-de-sirena-los-bomberos-fueron-convocados-por-un-principio-de-incendio-en-la-terraza-de-in-time","status":"publish","type":"post","link":"https:\/\/www.celttv.com.ar\/index.php\/2022\/12\/29\/toque-de-sirena-los-bomberos-fueron-convocados-por-un-principio-de-incendio-en-la-terraza-de-in-time\/","title":{"rendered":"Toque de sirena: Los Bomberos fueron convocados por un principio de incendio en la terraza de In Time"},"content":{"rendered":"<p>Alrededor de las 14 hs. de \u00e9ste jueves los Bomberos Voluntarios de Tornquist fueron convocados por un principio de incendio registrado en un cielorraso ubicado en la terraza del local comercial In Time.<\/p>\n<p>Los servidores p\u00fablicos asistieron con dos dotaciones trabajando\u00a0 durante varios minutos para evitar que el foco \u00edgneo o se propague a otras dependencias.<\/p>\n<p>Ademas de las dos dotaciones de bomberos tambi\u00e9n acudieron m\u00f3viles y personal de la Polic\u00eda Comunal e integrantes del cuerpo de inspectores.<\/p>\n<p><iframe loading=\"lazy\" title=\"2022 12 29 INCENDIO\" width=\"500\" height=\"281\" src=\"https:\/\/www.youtube.com\/embed\/qUlWTBW9jCk?feature=oembed\" frameborder=\"0\" allow=\"accelerometer; autoplay; clipboard-write; encrypted-media; gyroscope; picture-in-picture; web-share\" referrerpolicy=\"strict-origin-when-cross-origin\" allowfullscreen><\/iframe><\/p>\n<p>&nbsp;<\/p>\n<p><img loading=\"lazy\" decoding=\"async\" class=\"alignnone size-medium wp-image-72601\" src=\"http:\/\/www.celttv.com.ar\/wp-content\/uploads\/2022\/12\/0b621f06-6060-4ba6-8522-9ab1837fae90-300x135.jpg\" alt=\"\" width=\"300\" height=\"135\" srcset=\"https:\/\/www.celttv.com.ar\/wp-content\/uploads\/2022\/12\/0b621f06-6060-4ba6-8522-9ab1837fae90-300x135.jpg 300w, https:\/\/www.celttv.com.ar\/wp-content\/uploads\/2022\/12\/0b621f06-6060-4ba6-8522-9ab1837fae90-1024x461.jpg 1024w, https:\/\/www.celttv.com.ar\/wp-content\/uploads\/2022\/12\/0b621f06-6060-4ba6-8522-9ab1837fae90-768x346.jpg 768w, https:\/\/www.celttv.com.ar\/wp-content\/uploads\/2022\/12\/0b621f06-6060-4ba6-8522-9ab1837fae90-1536x692.jpg 1536w, https:\/\/www.celttv.com.ar\/wp-content\/uploads\/2022\/12\/0b621f06-6060-4ba6-8522-9ab1837fae90-750x338.jpg 750w, https:\/\/www.celttv.com.ar\/wp-content\/uploads\/2022\/12\/0b621f06-6060-4ba6-8522-9ab1837fae90-1140x514.jpg 1140w, https:\/\/www.celttv.com.ar\/wp-content\/uploads\/2022\/12\/0b621f06-6060-4ba6-8522-9ab1837fae90.jpg 1600w\" sizes=\"auto, (max-width: 300px) 100vw, 300px\" \/> <img loading=\"lazy\" decoding=\"async\" class=\"alignnone size-medium wp-image-72602\" src=\"http:\/\/www.celttv.com.ar\/wp-content\/uploads\/2022\/12\/37b42957-59a2-41bd-b994-5c485a121091-300x135.jpg\" alt=\"\" width=\"300\" height=\"135\" srcset=\"https:\/\/www.celttv.com.ar\/wp-content\/uploads\/2022\/12\/37b42957-59a2-41bd-b994-5c485a121091-300x135.jpg 300w, https:\/\/www.celttv.com.ar\/wp-content\/uploads\/2022\/12\/37b42957-59a2-41bd-b994-5c485a121091-1024x461.jpg 1024w, https:\/\/www.celttv.com.ar\/wp-content\/uploads\/2022\/12\/37b42957-59a2-41bd-b994-5c485a121091-768x346.jpg 768w, https:\/\/www.celttv.com.ar\/wp-content\/uploads\/2022\/12\/37b42957-59a2-41bd-b994-5c485a121091-1536x692.jpg 1536w, https:\/\/www.celttv.com.ar\/wp-content\/uploads\/2022\/12\/37b42957-59a2-41bd-b994-5c485a121091-750x338.jpg 750w, https:\/\/www.celttv.com.ar\/wp-content\/uploads\/2022\/12\/37b42957-59a2-41bd-b994-5c485a121091-1140x514.jpg 1140w, https:\/\/www.celttv.com.ar\/wp-content\/uploads\/2022\/12\/37b42957-59a2-41bd-b994-5c485a121091.jpg 1600w\" sizes=\"auto, (max-width: 300px) 100vw, 300px\" \/> <img loading=\"lazy\" decoding=\"async\" class=\"alignnone size-medium wp-image-72603\" src=\"http:\/\/www.celttv.com.ar\/wp-content\/uploads\/2022\/12\/56854455-d628-4a15-a60c-04afb3cef55f-300x135.jpg\" alt=\"\" width=\"300\" height=\"135\" srcset=\"https:\/\/www.celttv.com.ar\/wp-content\/uploads\/2022\/12\/56854455-d628-4a15-a60c-04afb3cef55f-300x135.jpg 300w, https:\/\/www.celttv.com.ar\/wp-content\/uploads\/2022\/12\/56854455-d628-4a15-a60c-04afb3cef55f-1024x461.jpg 1024w, https:\/\/www.celttv.com.ar\/wp-content\/uploads\/2022\/12\/56854455-d628-4a15-a60c-04afb3cef55f-768x346.jpg 768w, https:\/\/www.celttv.com.ar\/wp-content\/uploads\/2022\/12\/56854455-d628-4a15-a60c-04afb3cef55f-1536x692.jpg 1536w, https:\/\/www.celttv.com.ar\/wp-content\/uploads\/2022\/12\/56854455-d628-4a15-a60c-04afb3cef55f-750x338.jpg 750w, https:\/\/www.celttv.com.ar\/wp-content\/uploads\/2022\/12\/56854455-d628-4a15-a60c-04afb3cef55f-1140x514.jpg 1140w, https:\/\/www.celttv.com.ar\/wp-content\/uploads\/2022\/12\/56854455-d628-4a15-a60c-04afb3cef55f.jpg 1600w\" sizes=\"auto, (max-width: 300px) 100vw, 300px\" \/> <img loading=\"lazy\" decoding=\"async\" class=\"alignnone size-medium wp-image-72604\" src=\"http:\/\/www.celttv.com.ar\/wp-content\/uploads\/2022\/12\/dd0f42a1-8222-4aee-b34a-4d9eca16c759-300x135.jpg\" alt=\"\" width=\"300\" height=\"135\" srcset=\"https:\/\/www.celttv.com.ar\/wp-content\/uploads\/2022\/12\/dd0f42a1-8222-4aee-b34a-4d9eca16c759-300x135.jpg 300w, https:\/\/www.celttv.com.ar\/wp-content\/uploads\/2022\/12\/dd0f42a1-8222-4aee-b34a-4d9eca16c759-1024x461.jpg 1024w, https:\/\/www.celttv.com.ar\/wp-content\/uploads\/2022\/12\/dd0f42a1-8222-4aee-b34a-4d9eca16c759-768x346.jpg 768w, https:\/\/www.celttv.com.ar\/wp-content\/uploads\/2022\/12\/dd0f42a1-8222-4aee-b34a-4d9eca16c759-1536x692.jpg 1536w, https:\/\/www.celttv.com.ar\/wp-content\/uploads\/2022\/12\/dd0f42a1-8222-4aee-b34a-4d9eca16c759-750x338.jpg 750w, https:\/\/www.celttv.com.ar\/wp-content\/uploads\/2022\/12\/dd0f42a1-8222-4aee-b34a-4d9eca16c759-1140x514.jpg 1140w, https:\/\/www.celttv.com.ar\/wp-content\/uploads\/2022\/12\/dd0f42a1-8222-4aee-b34a-4d9eca16c759.jpg 1600w\" sizes=\"auto, (max-width: 300px) 100vw, 300px\" \/> <img loading=\"lazy\" decoding=\"async\" class=\"alignnone size-medium wp-image-72605\" src=\"http:\/\/www.celttv.com.ar\/wp-content\/uploads\/2022\/12\/ec613bb9-2f97-4f91-a417-4962fbce45e9-300x135.jpg\" alt=\"\" width=\"300\" height=\"135\" srcset=\"https:\/\/www.celttv.com.ar\/wp-content\/uploads\/2022\/12\/ec613bb9-2f97-4f91-a417-4962fbce45e9-300x135.jpg 300w, https:\/\/www.celttv.com.ar\/wp-content\/uploads\/2022\/12\/ec613bb9-2f97-4f91-a417-4962fbce45e9-1024x461.jpg 1024w, https:\/\/www.celttv.com.ar\/wp-content\/uploads\/2022\/12\/ec613bb9-2f97-4f91-a417-4962fbce45e9-768x346.jpg 768w, https:\/\/www.celttv.com.ar\/wp-content\/uploads\/2022\/12\/ec613bb9-2f97-4f91-a417-4962fbce45e9-1536x692.jpg 1536w, https:\/\/www.celttv.com.ar\/wp-content\/uploads\/2022\/12\/ec613bb9-2f97-4f91-a417-4962fbce45e9-750x338.jpg 750w, https:\/\/www.celttv.com.ar\/wp-content\/uploads\/2022\/12\/ec613bb9-2f97-4f91-a417-4962fbce45e9-1140x514.jpg 1140w, https:\/\/www.celttv.com.ar\/wp-content\/uploads\/2022\/12\/ec613bb9-2f97-4f91-a417-4962fbce45e9.jpg 1600w\" sizes=\"auto, (max-width: 300px) 100vw, 300px\" \/><\/p>\n","protected":false},"excerpt":{"rendered":"<p>Alrededor de las 14 hs. de \u00e9ste jueves los Bomberos Voluntarios de Tornquist fueron convocados por un principio de incendio registrado en un cielorraso ubicado en la terraza del local comercial In Time. Los servidores p\u00fablicos asistieron con dos dotaciones trabajando\u00a0 durante varios minutos para evitar que el foco \u00edgneo o se propague a otras [&hellip;]<\/p>\n","protected":false},"author":5,"featured_media":72606,"comment_status":"closed","ping_status":"closed","sticky":false,"template":"","format":"standard","meta":{"footnotes":""},"categories":[51,52,61],"tags":[606],"class_list":["post-72600","post","type-post","status-publish","format-standard","has-post-thumbnail","hentry","category-comunidad","category-destacadas","category-policiales","tag-toque-de-sirena-los-bomberos-fueron-convocados-por-un-principio-de-incendio-en-la-terraza-de-in-time"],"yoast_head":"<!-- This site is optimized with the Yoast SEO plugin v19.7.1 - https:\/\/yoast.com\/wordpress\/plugins\/seo\/ -->\n<title>Toque de sirena: Los Bomberos fueron convocados por un principio de incendio en la terraza de In Time - CELTTV<\/title>\n<meta name=\"description\" content=\"Sitio web de noticias de la localidad de Tornquist, provincia de Buenos Aires, Rep\u00fablica Argentina. Contenido propio originado por periodistas de CELTTV, el canal de TV local de la Cooperativa El\u00e9ctrica de Tornquist. Turismo, Pol\u00edtica, Sociedad, Deporte, Cultura y todo el contenido de inter\u00e9s general que la gente del pueblo y la regi\u00f3n debe conocer.\" \/>\n<meta name=\"robots\" content=\"index, follow, max-snippet:-1, max-image-preview:large, max-video-preview:-1\" \/>\n<link rel=\"canonical\" href=\"https:\/\/www.celttv.com.ar\/index.php\/2022\/12\/29\/toque-de-sirena-los-bomberos-fueron-convocados-por-un-principio-de-incendio-en-la-terraza-de-in-time\/\" \/>\n<meta property=\"og:locale\" content=\"es_ES\" \/>\n<meta property=\"og:type\" content=\"article\" \/>\n<meta property=\"og:title\" content=\"Toque de sirena: Los Bomberos fueron convocados por un principio de incendio en la terraza de In Time - CELTTV\" \/>\n<meta property=\"og:description\" content=\"Sitio web de noticias de la localidad de Tornquist, provincia de Buenos Aires, Rep\u00fablica Argentina. Contenido propio originado por periodistas de CELTTV, el canal de TV local de la Cooperativa El\u00e9ctrica de Tornquist. Turismo, Pol\u00edtica, Sociedad, Deporte, Cultura y todo el contenido de inter\u00e9s general que la gente del pueblo y la regi\u00f3n debe conocer.\" \/>\n<meta property=\"og:url\" content=\"https:\/\/www.celttv.com.ar\/index.php\/2022\/12\/29\/toque-de-sirena-los-bomberos-fueron-convocados-por-un-principio-de-incendio-en-la-terraza-de-in-time\/\" \/>\n<meta property=\"og:site_name\" content=\"CELTTV\" \/>\n<meta property=\"article:publisher\" content=\"https:\/\/www.facebook.com\/celtTV\/\" \/>\n<meta property=\"article:published_time\" content=\"2022-12-29T17:53:58+00:00\" \/>\n<meta property=\"og:image\" content=\"https:\/\/www.celttv.com.ar\/wp-content\/uploads\/2022\/12\/dd0f42a1-8222-4aee-b34a-4d9eca16c759-1.jpg\" \/>\n\t<meta property=\"og:image:width\" content=\"1600\" \/>\n\t<meta property=\"og:image:height\" content=\"721\" \/>\n\t<meta property=\"og:image:type\" content=\"image\/jpeg\" \/>\n<meta name=\"author\" content=\"Miguel Herrada\" \/>\n<meta name=\"twitter:card\" content=\"summary_large_image\" \/>\n<meta name=\"twitter:label1\" content=\"Escrito por\" \/>\n\t<meta name=\"twitter:data1\" content=\"Miguel Herrada\" \/>\n<script type=\"application\/ld+json\" class=\"yoast-schema-graph\">{\"@context\":\"https:\/\/schema.org\",\"@graph\":[{\"@type\":\"NewsArticle\",\"@id\":\"https:\/\/www.celttv.com.ar\/index.php\/2022\/12\/29\/toque-de-sirena-los-bomberos-fueron-convocados-por-un-principio-de-incendio-en-la-terraza-de-in-time\/#article\",\"isPartOf\":{\"@id\":\"https:\/\/www.celttv.com.ar\/index.php\/2022\/12\/29\/toque-de-sirena-los-bomberos-fueron-convocados-por-un-principio-de-incendio-en-la-terraza-de-in-time\/\"},\"author\":{\"name\":\"Miguel Herrada\",\"@id\":\"https:\/\/www.celttv.com.ar\/#\/schema\/person\/9059dc91dc7204ef4182cdb65225f07d\"},\"headline\":\"Toque de sirena: Los Bomberos fueron convocados por un principio de incendio en la terraza de In Time\",\"datePublished\":\"2022-12-29T17:53:58+00:00\",\"dateModified\":\"2022-12-29T17:53:58+00:00\",\"mainEntityOfPage\":{\"@id\":\"https:\/\/www.celttv.com.ar\/index.php\/2022\/12\/29\/toque-de-sirena-los-bomberos-fueron-convocados-por-un-principio-de-incendio-en-la-terraza-de-in-time\/\"},\"wordCount\":105,\"publisher\":{\"@id\":\"https:\/\/www.celttv.com.ar\/#organization\"},\"keywords\":[\"Toque de sirena: Los Bomberos fueron convocados por un principio de incendio en la terraza de In Time\"],\"articleSection\":[\"Comunidad\",\"Destacadas\",\"Policiales\"],\"inLanguage\":\"es\"},{\"@type\":\"WebPage\",\"@id\":\"https:\/\/www.celttv.com.ar\/index.php\/2022\/12\/29\/toque-de-sirena-los-bomberos-fueron-convocados-por-un-principio-de-incendio-en-la-terraza-de-in-time\/\",\"url\":\"https:\/\/www.celttv.com.ar\/index.php\/2022\/12\/29\/toque-de-sirena-los-bomberos-fueron-convocados-por-un-principio-de-incendio-en-la-terraza-de-in-time\/\",\"name\":\"Toque de sirena: Los Bomberos fueron convocados por un principio de incendio en la terraza de In Time - CELTTV\",\"isPartOf\":{\"@id\":\"https:\/\/www.celttv.com.ar\/#website\"},\"datePublished\":\"2022-12-29T17:53:58+00:00\",\"dateModified\":\"2022-12-29T17:53:58+00:00\",\"description\":\"Sitio web de noticias de la localidad de Tornquist, provincia de Buenos Aires, Rep\u00fablica Argentina. Contenido propio originado por periodistas de CELTTV, el canal de TV local de la Cooperativa El\u00e9ctrica de Tornquist. Turismo, Pol\u00edtica, Sociedad, Deporte, Cultura y todo el contenido de inter\u00e9s general que la gente del pueblo y la regi\u00f3n debe conocer.\",\"breadcrumb\":{\"@id\":\"https:\/\/www.celttv.com.ar\/index.php\/2022\/12\/29\/toque-de-sirena-los-bomberos-fueron-convocados-por-un-principio-de-incendio-en-la-terraza-de-in-time\/#breadcrumb\"},\"inLanguage\":\"es\",\"potentialAction\":[{\"@type\":\"ReadAction\",\"target\":[\"https:\/\/www.celttv.com.ar\/index.php\/2022\/12\/29\/toque-de-sirena-los-bomberos-fueron-convocados-por-un-principio-de-incendio-en-la-terraza-de-in-time\/\"]}]},{\"@type\":\"BreadcrumbList\",\"@id\":\"https:\/\/www.celttv.com.ar\/index.php\/2022\/12\/29\/toque-de-sirena-los-bomberos-fueron-convocados-por-un-principio-de-incendio-en-la-terraza-de-in-time\/#breadcrumb\",\"itemListElement\":[{\"@type\":\"ListItem\",\"position\":1,\"name\":\"Inicio\",\"item\":\"https:\/\/www.celttv.com.ar\/\"},{\"@type\":\"ListItem\",\"position\":2,\"name\":\"Toque de sirena: Los Bomberos fueron convocados por un principio de incendio en la terraza de In Time\"}]},{\"@type\":\"WebSite\",\"@id\":\"https:\/\/www.celttv.com.ar\/#website\",\"url\":\"https:\/\/www.celttv.com.ar\/\",\"name\":\"CELTTV\",\"description\":\"Cooperativa El\u00e9ctrica de Tornquist\",\"publisher\":{\"@id\":\"https:\/\/www.celttv.com.ar\/#organization\"},\"potentialAction\":[{\"@type\":\"SearchAction\",\"target\":{\"@type\":\"EntryPoint\",\"urlTemplate\":\"https:\/\/www.celttv.com.ar\/?s={search_term_string}\"},\"query-input\":\"required name=search_term_string\"}],\"inLanguage\":\"es\"},{\"@type\":\"Organization\",\"@id\":\"https:\/\/www.celttv.com.ar\/#organization\",\"name\":\"CELTTV\",\"url\":\"https:\/\/www.celttv.com.ar\/\",\"sameAs\":[\"https:\/\/www.youtube.com\/channel\/UCz_oIt8Hig64Ub-EmcNPIhg\",\"https:\/\/www.facebook.com\/celtTV\/\"],\"logo\":{\"@type\":\"ImageObject\",\"inLanguage\":\"es\",\"@id\":\"https:\/\/www.celttv.com.ar\/#\/schema\/logo\/image\/\",\"url\":\"http:\/\/www.celttv.com.ar\/wp-content\/uploads\/2022\/08\/logo-1.png\",\"contentUrl\":\"http:\/\/www.celttv.com.ar\/wp-content\/uploads\/2022\/08\/logo-1.png\",\"width\":461,\"height\":159,\"caption\":\"CELTTV\"},\"image\":{\"@id\":\"https:\/\/www.celttv.com.ar\/#\/schema\/logo\/image\/\"}},{\"@type\":\"Person\",\"@id\":\"https:\/\/www.celttv.com.ar\/#\/schema\/person\/9059dc91dc7204ef4182cdb65225f07d\",\"name\":\"Miguel Herrada\",\"image\":{\"@type\":\"ImageObject\",\"inLanguage\":\"es\",\"@id\":\"https:\/\/www.celttv.com.ar\/#\/schema\/person\/image\/\",\"url\":\"https:\/\/secure.gravatar.com\/avatar\/67724d5b3c716623ffd76bec7e45841a442ac3b456e914dbba90b0fad2b8e0b1?s=96&d=mm&r=g\",\"contentUrl\":\"https:\/\/secure.gravatar.com\/avatar\/67724d5b3c716623ffd76bec7e45841a442ac3b456e914dbba90b0fad2b8e0b1?s=96&d=mm&r=g\",\"caption\":\"Miguel Herrada\"}}]}<\/script>\n<!-- \/ Yoast SEO plugin. -->","yoast_head_json":{"title":"Toque de sirena: Los Bomberos fueron convocados por un principio de incendio en la terraza de In Time - CELTTV","description":"Sitio web de noticias de la localidad de Tornquist, provincia de Buenos Aires, Rep\u00fablica Argentina. Contenido propio originado por periodistas de CELTTV, el canal de TV local de la Cooperativa El\u00e9ctrica de Tornquist. Turismo, Pol\u00edtica, Sociedad, Deporte, Cultura y todo el contenido de inter\u00e9s general que la gente del pueblo y la regi\u00f3n debe conocer.","robots":{"index":"index","follow":"follow","max-snippet":"max-snippet:-1","max-image-preview":"max-image-preview:large","max-video-preview":"max-video-preview:-1"},"canonical":"https:\/\/www.celttv.com.ar\/index.php\/2022\/12\/29\/toque-de-sirena-los-bomberos-fueron-convocados-por-un-principio-de-incendio-en-la-terraza-de-in-time\/","og_locale":"es_ES","og_type":"article","og_title":"Toque de sirena: Los Bomberos fueron convocados por un principio de incendio en la terraza de In Time - CELTTV","og_description":"Sitio web de noticias de la localidad de Tornquist, provincia de Buenos Aires, Rep\u00fablica Argentina. Contenido propio originado por periodistas de CELTTV, el canal de TV local de la Cooperativa El\u00e9ctrica de Tornquist. Turismo, Pol\u00edtica, Sociedad, Deporte, Cultura y todo el contenido de inter\u00e9s general que la gente del pueblo y la regi\u00f3n debe conocer.","og_url":"https:\/\/www.celttv.com.ar\/index.php\/2022\/12\/29\/toque-de-sirena-los-bomberos-fueron-convocados-por-un-principio-de-incendio-en-la-terraza-de-in-time\/","og_site_name":"CELTTV","article_publisher":"https:\/\/www.facebook.com\/celtTV\/","article_published_time":"2022-12-29T17:53:58+00:00","og_image":[{"width":1600,"height":721,"url":"https:\/\/www.celttv.com.ar\/wp-content\/uploads\/2022\/12\/dd0f42a1-8222-4aee-b34a-4d9eca16c759-1.jpg","type":"image\/jpeg"}],"author":"Miguel Herrada","twitter_card":"summary_large_image","twitter_misc":{"Escrito por":"Miguel Herrada"},"schema":{"@context":"https:\/\/schema.org","@graph":[{"@type":"NewsArticle","@id":"https:\/\/www.celttv.com.ar\/index.php\/2022\/12\/29\/toque-de-sirena-los-bomberos-fueron-convocados-por-un-principio-de-incendio-en-la-terraza-de-in-time\/#article","isPartOf":{"@id":"https:\/\/www.celttv.com.ar\/index.php\/2022\/12\/29\/toque-de-sirena-los-bomberos-fueron-convocados-por-un-principio-de-incendio-en-la-terraza-de-in-time\/"},"author":{"name":"Miguel Herrada","@id":"https:\/\/www.celttv.com.ar\/#\/schema\/person\/9059dc91dc7204ef4182cdb65225f07d"},"headline":"Toque de sirena: Los Bomberos fueron convocados por un principio de incendio en la terraza de In Time","datePublished":"2022-12-29T17:53:58+00:00","dateModified":"2022-12-29T17:53:58+00:00","mainEntityOfPage":{"@id":"https:\/\/www.celttv.com.ar\/index.php\/2022\/12\/29\/toque-de-sirena-los-bomberos-fueron-convocados-por-un-principio-de-incendio-en-la-terraza-de-in-time\/"},"wordCount":105,"publisher":{"@id":"https:\/\/www.celttv.com.ar\/#organization"},"keywords":["Toque de sirena: Los Bomberos fueron convocados por un principio de incendio en la terraza de In Time"],"articleSection":["Comunidad","Destacadas","Policiales"],"inLanguage":"es"},{"@type":"WebPage","@id":"https:\/\/www.celttv.com.ar\/index.php\/2022\/12\/29\/toque-de-sirena-los-bomberos-fueron-convocados-por-un-principio-de-incendio-en-la-terraza-de-in-time\/","url":"https:\/\/www.celttv.com.ar\/index.php\/2022\/12\/29\/toque-de-sirena-los-bomberos-fueron-convocados-por-un-principio-de-incendio-en-la-terraza-de-in-time\/","name":"Toque de sirena: Los Bomberos fueron convocados por un principio de incendio en la terraza de In Time - CELTTV","isPartOf":{"@id":"https:\/\/www.celttv.com.ar\/#website"},"datePublished":"2022-12-29T17:53:58+00:00","dateModified":"2022-12-29T17:53:58+00:00","description":"Sitio web de noticias de la localidad de Tornquist, provincia de Buenos Aires, Rep\u00fablica Argentina. Contenido propio originado por periodistas de CELTTV, el canal de TV local de la Cooperativa El\u00e9ctrica de Tornquist. Turismo, Pol\u00edtica, Sociedad, Deporte, Cultura y todo el contenido de inter\u00e9s general que la gente del pueblo y la regi\u00f3n debe conocer.","breadcrumb":{"@id":"https:\/\/www.celttv.com.ar\/index.php\/2022\/12\/29\/toque-de-sirena-los-bomberos-fueron-convocados-por-un-principio-de-incendio-en-la-terraza-de-in-time\/#breadcrumb"},"inLanguage":"es","potentialAction":[{"@type":"ReadAction","target":["https:\/\/www.celttv.com.ar\/index.php\/2022\/12\/29\/toque-de-sirena-los-bomberos-fueron-convocados-por-un-principio-de-incendio-en-la-terraza-de-in-time\/"]}]},{"@type":"BreadcrumbList","@id":"https:\/\/www.celttv.com.ar\/index.php\/2022\/12\/29\/toque-de-sirena-los-bomberos-fueron-convocados-por-un-principio-de-incendio-en-la-terraza-de-in-time\/#breadcrumb","itemListElement":[{"@type":"ListItem","position":1,"name":"Inicio","item":"https:\/\/www.celttv.com.ar\/"},{"@type":"ListItem","position":2,"name":"Toque de sirena: Los Bomberos fueron convocados por un principio de incendio en la terraza de In Time"}]},{"@type":"WebSite","@id":"https:\/\/www.celttv.com.ar\/#website","url":"https:\/\/www.celttv.com.ar\/","name":"CELTTV","description":"Cooperativa El\u00e9ctrica de Tornquist","publisher":{"@id":"https:\/\/www.celttv.com.ar\/#organization"},"potentialAction":[{"@type":"SearchAction","target":{"@type":"EntryPoint","urlTemplate":"https:\/\/www.celttv.com.ar\/?s={search_term_string}"},"query-input":"required name=search_term_string"}],"inLanguage":"es"},{"@type":"Organization","@id":"https:\/\/www.celttv.com.ar\/#organization","name":"CELTTV","url":"https:\/\/www.celttv.com.ar\/","sameAs":["https:\/\/www.youtube.com\/channel\/UCz_oIt8Hig64Ub-EmcNPIhg","https:\/\/www.facebook.com\/celtTV\/"],"logo":{"@type":"ImageObject","inLanguage":"es","@id":"https:\/\/www.celttv.com.ar\/#\/schema\/logo\/image\/","url":"http:\/\/www.celttv.com.ar\/wp-content\/uploads\/2022\/08\/logo-1.png","contentUrl":"http:\/\/www.celttv.com.ar\/wp-content\/uploads\/2022\/08\/logo-1.png","width":461,"height":159,"caption":"CELTTV"},"image":{"@id":"https:\/\/www.celttv.com.ar\/#\/schema\/logo\/image\/"}},{"@type":"Person","@id":"https:\/\/www.celttv.com.ar\/#\/schema\/person\/9059dc91dc7204ef4182cdb65225f07d","name":"Miguel Herrada","image":{"@type":"ImageObject","inLanguage":"es","@id":"https:\/\/www.celttv.com.ar\/#\/schema\/person\/image\/","url":"https:\/\/secure.gravatar.com\/avatar\/67724d5b3c716623ffd76bec7e45841a442ac3b456e914dbba90b0fad2b8e0b1?s=96&d=mm&r=g","contentUrl":"https:\/\/secure.gravatar.com\/avatar\/67724d5b3c716623ffd76bec7e45841a442ac3b456e914dbba90b0fad2b8e0b1?s=96&d=mm&r=g","caption":"Miguel Herrada"}}]}},"_links":{"self":[{"href":"https:\/\/www.celttv.com.ar\/index.php\/wp-json\/wp\/v2\/posts\/72600","targetHints":{"allow":["GET"]}}],"collection":[{"href":"https:\/\/www.celttv.com.ar\/index.php\/wp-json\/wp\/v2\/posts"}],"about":[{"href":"https:\/\/www.celttv.com.ar\/index.php\/wp-json\/wp\/v2\/types\/post"}],"author":[{"embeddable":true,"href":"https:\/\/www.celttv.com.ar\/index.php\/wp-json\/wp\/v2\/users\/5"}],"replies":[{"embeddable":true,"href":"https:\/\/www.celttv.com.ar\/index.php\/wp-json\/wp\/v2\/comments?post=72600"}],"version-history":[{"count":1,"href":"https:\/\/www.celttv.com.ar\/index.php\/wp-json\/wp\/v2\/posts\/72600\/revisions"}],"predecessor-version":[{"id":72607,"href":"https:\/\/www.celttv.com.ar\/index.php\/wp-json\/wp\/v2\/posts\/72600\/revisions\/72607"}],"wp:featuredmedia":[{"embeddable":true,"href":"https:\/\/www.celttv.com.ar\/index.php\/wp-json\/wp\/v2\/media\/72606"}],"wp:attachment":[{"href":"https:\/\/www.celttv.com.ar\/index.php\/wp-json\/wp\/v2\/media?parent=72600"}],"wp:term":[{"taxonomy":"category","embeddable":true,"href":"https:\/\/www.celttv.com.ar\/index.php\/wp-json\/wp\/v2\/categories?post=72600"},{"taxonomy":"post_tag","embeddable":true,"href":"https:\/\/www.celttv.com.ar\/index.php\/wp-json\/wp\/v2\/tags?post=72600"}],"curies":[{"name":"wp","href":"https:\/\/api.w.org\/{rel}","templated":true}]}}