{"id":7289,"date":"2012-06-27T13:10:05","date_gmt":"2012-06-27T13:10:05","guid":{"rendered":"http:\/\/www.tvcnoticias.com.ar\/?p=7289"},"modified":"2012-06-27T13:10:05","modified_gmt":"2012-06-27T13:10:05","slug":"srodek-pro-scioli-depende-del-gobierno-nacional-para-manejar-la-provincia","status":"publish","type":"post","link":"https:\/\/www.celttv.com.ar\/index.php\/2012\/06\/27\/srodek-pro-scioli-depende-del-gobierno-nacional-para-manejar-la-provincia\/","title":{"rendered":"SRODEK (PRO) &#8220;Scioli depende del Gobierno Nacional para manejar la provincia&#8221;"},"content":{"rendered":"<p>El diputado provincial de PRO, <strong>Jorge Srodek<\/strong>, se manifest\u00f3 sobre la disputa entre el Gobernador Scioli y el Gobierno Nacional en torno al giro de recursos para afrontar el pago de sueldos y aguinaldos provinciales.<br \/>\n\u00a0<strong>\u201cLa provincia de Buenos Aires es completamente dependiente del Gobierno nacional\u201d<\/strong>, sostuvo el diputado macrista y agreg\u00f3 que <strong>\u201cesto es consecuencia de la falta de determinaci\u00f3n del Gobernador para hacer valer los derechos y los intereses de los bonaerenses\u201d<\/strong>.<br \/>\n\u00a0Asimismo, Srodek afirm\u00f3 que <strong>\u201cel sometimiento de Scioli es absoluto y nada hace por lograr mayor autonom\u00eda e independencia profundizando los graves problemas de la provincia\u201d<\/strong>.<br \/>\n\u00a0En este sentido, el legislador por la Sexta Secci\u00f3n, consider\u00f3 que el productor bonaerense padece la falta de gesti\u00f3n del Gobernador provincial al asegurar que <strong>\u201cen todos estos a\u00f1os no ha hecho nada por poner un l\u00edmite a los atropellos del kirchnerisimo\u201d<\/strong>.<br \/>\nFinalmente, Srodek record\u00f3 que <strong>\u201cel Gobernador realiz\u00f3 un impuestazo que profundiza el saqueo del Gobierno Nacional a los bonaerenses y pone en jaque a los productores que ya no soportan m\u00e1s cargas tributarias\u201d.<\/strong><\/p>\n","protected":false},"excerpt":{"rendered":"<p>El diputado provincial de PRO, Jorge Srodek, se manifest\u00f3 sobre la disputa entre el Gobernador Scioli y el Gobierno Nacional en torno al giro de recursos para afrontar el pago de sueldos y aguinaldos provinciales. \u00a0\u201cLa provincia de Buenos Aires es completamente dependiente del Gobierno nacional\u201d, sostuvo el diputado macrista y agreg\u00f3 que \u201cesto es [&hellip;]<\/p>\n","protected":false},"author":1,"featured_media":0,"comment_status":"closed","ping_status":"open","sticky":false,"template":"","format":"standard","meta":{"footnotes":""},"categories":[95],"tags":[],"class_list":["post-7289","post","type-post","status-publish","format-standard","hentry","category-opiniones"],"yoast_head":"<!-- This site is optimized with the Yoast SEO plugin v19.7.1 - https:\/\/yoast.com\/wordpress\/plugins\/seo\/ -->\n<title>SRODEK (PRO) &quot;Scioli depende del Gobierno Nacional para manejar la provincia&quot; - CELTTV<\/title>\n<meta name=\"description\" content=\"Sitio web de noticias de la localidad de Tornquist, provincia de Buenos Aires, Rep\u00fablica Argentina. Contenido propio originado por periodistas de CELTTV, el canal de TV local de la Cooperativa El\u00e9ctrica de Tornquist. Turismo, Pol\u00edtica, Sociedad, Deporte, Cultura y todo el contenido de inter\u00e9s general que la gente del pueblo y la regi\u00f3n debe conocer.\" \/>\n<meta name=\"robots\" content=\"index, follow, max-snippet:-1, max-image-preview:large, max-video-preview:-1\" \/>\n<link rel=\"canonical\" href=\"https:\/\/www.celttv.com.ar\/index.php\/2012\/06\/27\/srodek-pro-scioli-depende-del-gobierno-nacional-para-manejar-la-provincia\/\" \/>\n<meta property=\"og:locale\" content=\"es_ES\" \/>\n<meta property=\"og:type\" content=\"article\" \/>\n<meta property=\"og:title\" content=\"SRODEK (PRO) &quot;Scioli depende del Gobierno Nacional para manejar la provincia&quot; - CELTTV\" \/>\n<meta property=\"og:description\" content=\"Sitio web de noticias de la localidad de Tornquist, provincia de Buenos Aires, Rep\u00fablica Argentina. Contenido propio originado por periodistas de CELTTV, el canal de TV local de la Cooperativa El\u00e9ctrica de Tornquist. Turismo, Pol\u00edtica, Sociedad, Deporte, Cultura y todo el contenido de inter\u00e9s general que la gente del pueblo y la regi\u00f3n debe conocer.\" \/>\n<meta property=\"og:url\" content=\"https:\/\/www.celttv.com.ar\/index.php\/2012\/06\/27\/srodek-pro-scioli-depende-del-gobierno-nacional-para-manejar-la-provincia\/\" \/>\n<meta property=\"og:site_name\" content=\"CELTTV\" \/>\n<meta property=\"article:publisher\" content=\"https:\/\/www.facebook.com\/celtTV\/\" \/>\n<meta property=\"article:published_time\" content=\"2012-06-27T13:10:05+00:00\" \/>\n<meta name=\"author\" content=\"ulises\" \/>\n<meta name=\"twitter:card\" content=\"summary_large_image\" \/>\n<meta name=\"twitter:label1\" content=\"Escrito por\" \/>\n\t<meta name=\"twitter:data1\" content=\"ulises\" \/>\n\t<meta name=\"twitter:label2\" content=\"Tiempo de lectura\" \/>\n\t<meta name=\"twitter:data2\" content=\"1 minuto\" \/>\n<script type=\"application\/ld+json\" class=\"yoast-schema-graph\">{\"@context\":\"https:\/\/schema.org\",\"@graph\":[{\"@type\":\"NewsArticle\",\"@id\":\"https:\/\/www.celttv.com.ar\/index.php\/2012\/06\/27\/srodek-pro-scioli-depende-del-gobierno-nacional-para-manejar-la-provincia\/#article\",\"isPartOf\":{\"@id\":\"https:\/\/www.celttv.com.ar\/index.php\/2012\/06\/27\/srodek-pro-scioli-depende-del-gobierno-nacional-para-manejar-la-provincia\/\"},\"author\":{\"name\":\"ulises\",\"@id\":\"https:\/\/www.celttv.com.ar\/#\/schema\/person\/6d99c072dba59953809c81446e9d0ace\"},\"headline\":\"SRODEK (PRO) &#8220;Scioli depende del Gobierno Nacional para manejar la provincia&#8221;\",\"datePublished\":\"2012-06-27T13:10:05+00:00\",\"dateModified\":\"2012-06-27T13:10:05+00:00\",\"mainEntityOfPage\":{\"@id\":\"https:\/\/www.celttv.com.ar\/index.php\/2012\/06\/27\/srodek-pro-scioli-depende-del-gobierno-nacional-para-manejar-la-provincia\/\"},\"wordCount\":193,\"publisher\":{\"@id\":\"https:\/\/www.celttv.com.ar\/#organization\"},\"articleSection\":[\"Opiniones\"],\"inLanguage\":\"es\"},{\"@type\":\"WebPage\",\"@id\":\"https:\/\/www.celttv.com.ar\/index.php\/2012\/06\/27\/srodek-pro-scioli-depende-del-gobierno-nacional-para-manejar-la-provincia\/\",\"url\":\"https:\/\/www.celttv.com.ar\/index.php\/2012\/06\/27\/srodek-pro-scioli-depende-del-gobierno-nacional-para-manejar-la-provincia\/\",\"name\":\"SRODEK (PRO) \\\"Scioli depende del Gobierno Nacional para manejar la provincia\\\" - CELTTV\",\"isPartOf\":{\"@id\":\"https:\/\/www.celttv.com.ar\/#website\"},\"datePublished\":\"2012-06-27T13:10:05+00:00\",\"dateModified\":\"2012-06-27T13:10:05+00:00\",\"description\":\"Sitio web de noticias de la localidad de Tornquist, provincia de Buenos Aires, Rep\u00fablica Argentina. Contenido propio originado por periodistas de CELTTV, el canal de TV local de la Cooperativa El\u00e9ctrica de Tornquist. Turismo, Pol\u00edtica, Sociedad, Deporte, Cultura y todo el contenido de inter\u00e9s general que la gente del pueblo y la regi\u00f3n debe conocer.\",\"breadcrumb\":{\"@id\":\"https:\/\/www.celttv.com.ar\/index.php\/2012\/06\/27\/srodek-pro-scioli-depende-del-gobierno-nacional-para-manejar-la-provincia\/#breadcrumb\"},\"inLanguage\":\"es\",\"potentialAction\":[{\"@type\":\"ReadAction\",\"target\":[\"https:\/\/www.celttv.com.ar\/index.php\/2012\/06\/27\/srodek-pro-scioli-depende-del-gobierno-nacional-para-manejar-la-provincia\/\"]}]},{\"@type\":\"BreadcrumbList\",\"@id\":\"https:\/\/www.celttv.com.ar\/index.php\/2012\/06\/27\/srodek-pro-scioli-depende-del-gobierno-nacional-para-manejar-la-provincia\/#breadcrumb\",\"itemListElement\":[{\"@type\":\"ListItem\",\"position\":1,\"name\":\"Inicio\",\"item\":\"https:\/\/www.celttv.com.ar\/\"},{\"@type\":\"ListItem\",\"position\":2,\"name\":\"SRODEK (PRO) &#8220;Scioli depende del Gobierno Nacional para manejar la provincia&#8221;\"}]},{\"@type\":\"WebSite\",\"@id\":\"https:\/\/www.celttv.com.ar\/#website\",\"url\":\"https:\/\/www.celttv.com.ar\/\",\"name\":\"CELTTV\",\"description\":\"Cooperativa El\u00e9ctrica de Tornquist\",\"publisher\":{\"@id\":\"https:\/\/www.celttv.com.ar\/#organization\"},\"potentialAction\":[{\"@type\":\"SearchAction\",\"target\":{\"@type\":\"EntryPoint\",\"urlTemplate\":\"https:\/\/www.celttv.com.ar\/?s={search_term_string}\"},\"query-input\":\"required name=search_term_string\"}],\"inLanguage\":\"es\"},{\"@type\":\"Organization\",\"@id\":\"https:\/\/www.celttv.com.ar\/#organization\",\"name\":\"CELTTV\",\"url\":\"https:\/\/www.celttv.com.ar\/\",\"sameAs\":[\"https:\/\/www.youtube.com\/channel\/UCz_oIt8Hig64Ub-EmcNPIhg\",\"https:\/\/www.facebook.com\/celtTV\/\"],\"logo\":{\"@type\":\"ImageObject\",\"inLanguage\":\"es\",\"@id\":\"https:\/\/www.celttv.com.ar\/#\/schema\/logo\/image\/\",\"url\":\"http:\/\/www.celttv.com.ar\/wp-content\/uploads\/2022\/08\/logo-1.png\",\"contentUrl\":\"http:\/\/www.celttv.com.ar\/wp-content\/uploads\/2022\/08\/logo-1.png\",\"width\":461,\"height\":159,\"caption\":\"CELTTV\"},\"image\":{\"@id\":\"https:\/\/www.celttv.com.ar\/#\/schema\/logo\/image\/\"}},{\"@type\":\"Person\",\"@id\":\"https:\/\/www.celttv.com.ar\/#\/schema\/person\/6d99c072dba59953809c81446e9d0ace\",\"name\":\"ulises\",\"image\":{\"@type\":\"ImageObject\",\"inLanguage\":\"es\",\"@id\":\"https:\/\/www.celttv.com.ar\/#\/schema\/person\/image\/\",\"url\":\"https:\/\/secure.gravatar.com\/avatar\/7f2c48bdc33b30088f941fb6082e555f2874c98e20cb159d7b92b50eadfce793?s=96&d=mm&r=g\",\"contentUrl\":\"https:\/\/secure.gravatar.com\/avatar\/7f2c48bdc33b30088f941fb6082e555f2874c98e20cb159d7b92b50eadfce793?s=96&d=mm&r=g\",\"caption\":\"ulises\"},\"sameAs\":[\"http:\/\/www.celttv.com.ar\"]}]}<\/script>\n<!-- \/ Yoast SEO plugin. -->","yoast_head_json":{"title":"SRODEK (PRO) \"Scioli depende del Gobierno Nacional para manejar la provincia\" - CELTTV","description":"Sitio web de noticias de la localidad de Tornquist, provincia de Buenos Aires, Rep\u00fablica Argentina. Contenido propio originado por periodistas de CELTTV, el canal de TV local de la Cooperativa El\u00e9ctrica de Tornquist. Turismo, Pol\u00edtica, Sociedad, Deporte, Cultura y todo el contenido de inter\u00e9s general que la gente del pueblo y la regi\u00f3n debe conocer.","robots":{"index":"index","follow":"follow","max-snippet":"max-snippet:-1","max-image-preview":"max-image-preview:large","max-video-preview":"max-video-preview:-1"},"canonical":"https:\/\/www.celttv.com.ar\/index.php\/2012\/06\/27\/srodek-pro-scioli-depende-del-gobierno-nacional-para-manejar-la-provincia\/","og_locale":"es_ES","og_type":"article","og_title":"SRODEK (PRO) \"Scioli depende del Gobierno Nacional para manejar la provincia\" - CELTTV","og_description":"Sitio web de noticias de la localidad de Tornquist, provincia de Buenos Aires, Rep\u00fablica Argentina. Contenido propio originado por periodistas de CELTTV, el canal de TV local de la Cooperativa El\u00e9ctrica de Tornquist. Turismo, Pol\u00edtica, Sociedad, Deporte, Cultura y todo el contenido de inter\u00e9s general que la gente del pueblo y la regi\u00f3n debe conocer.","og_url":"https:\/\/www.celttv.com.ar\/index.php\/2012\/06\/27\/srodek-pro-scioli-depende-del-gobierno-nacional-para-manejar-la-provincia\/","og_site_name":"CELTTV","article_publisher":"https:\/\/www.facebook.com\/celtTV\/","article_published_time":"2012-06-27T13:10:05+00:00","author":"ulises","twitter_card":"summary_large_image","twitter_misc":{"Escrito por":"ulises","Tiempo de lectura":"1 minuto"},"schema":{"@context":"https:\/\/schema.org","@graph":[{"@type":"NewsArticle","@id":"https:\/\/www.celttv.com.ar\/index.php\/2012\/06\/27\/srodek-pro-scioli-depende-del-gobierno-nacional-para-manejar-la-provincia\/#article","isPartOf":{"@id":"https:\/\/www.celttv.com.ar\/index.php\/2012\/06\/27\/srodek-pro-scioli-depende-del-gobierno-nacional-para-manejar-la-provincia\/"},"author":{"name":"ulises","@id":"https:\/\/www.celttv.com.ar\/#\/schema\/person\/6d99c072dba59953809c81446e9d0ace"},"headline":"SRODEK (PRO) &#8220;Scioli depende del Gobierno Nacional para manejar la provincia&#8221;","datePublished":"2012-06-27T13:10:05+00:00","dateModified":"2012-06-27T13:10:05+00:00","mainEntityOfPage":{"@id":"https:\/\/www.celttv.com.ar\/index.php\/2012\/06\/27\/srodek-pro-scioli-depende-del-gobierno-nacional-para-manejar-la-provincia\/"},"wordCount":193,"publisher":{"@id":"https:\/\/www.celttv.com.ar\/#organization"},"articleSection":["Opiniones"],"inLanguage":"es"},{"@type":"WebPage","@id":"https:\/\/www.celttv.com.ar\/index.php\/2012\/06\/27\/srodek-pro-scioli-depende-del-gobierno-nacional-para-manejar-la-provincia\/","url":"https:\/\/www.celttv.com.ar\/index.php\/2012\/06\/27\/srodek-pro-scioli-depende-del-gobierno-nacional-para-manejar-la-provincia\/","name":"SRODEK (PRO) \"Scioli depende del Gobierno Nacional para manejar la provincia\" - CELTTV","isPartOf":{"@id":"https:\/\/www.celttv.com.ar\/#website"},"datePublished":"2012-06-27T13:10:05+00:00","dateModified":"2012-06-27T13:10:05+00:00","description":"Sitio web de noticias de la localidad de Tornquist, provincia de Buenos Aires, Rep\u00fablica Argentina. Contenido propio originado por periodistas de CELTTV, el canal de TV local de la Cooperativa El\u00e9ctrica de Tornquist. Turismo, Pol\u00edtica, Sociedad, Deporte, Cultura y todo el contenido de inter\u00e9s general que la gente del pueblo y la regi\u00f3n debe conocer.","breadcrumb":{"@id":"https:\/\/www.celttv.com.ar\/index.php\/2012\/06\/27\/srodek-pro-scioli-depende-del-gobierno-nacional-para-manejar-la-provincia\/#breadcrumb"},"inLanguage":"es","potentialAction":[{"@type":"ReadAction","target":["https:\/\/www.celttv.com.ar\/index.php\/2012\/06\/27\/srodek-pro-scioli-depende-del-gobierno-nacional-para-manejar-la-provincia\/"]}]},{"@type":"BreadcrumbList","@id":"https:\/\/www.celttv.com.ar\/index.php\/2012\/06\/27\/srodek-pro-scioli-depende-del-gobierno-nacional-para-manejar-la-provincia\/#breadcrumb","itemListElement":[{"@type":"ListItem","position":1,"name":"Inicio","item":"https:\/\/www.celttv.com.ar\/"},{"@type":"ListItem","position":2,"name":"SRODEK (PRO) &#8220;Scioli depende del Gobierno Nacional para manejar la provincia&#8221;"}]},{"@type":"WebSite","@id":"https:\/\/www.celttv.com.ar\/#website","url":"https:\/\/www.celttv.com.ar\/","name":"CELTTV","description":"Cooperativa El\u00e9ctrica de Tornquist","publisher":{"@id":"https:\/\/www.celttv.com.ar\/#organization"},"potentialAction":[{"@type":"SearchAction","target":{"@type":"EntryPoint","urlTemplate":"https:\/\/www.celttv.com.ar\/?s={search_term_string}"},"query-input":"required name=search_term_string"}],"inLanguage":"es"},{"@type":"Organization","@id":"https:\/\/www.celttv.com.ar\/#organization","name":"CELTTV","url":"https:\/\/www.celttv.com.ar\/","sameAs":["https:\/\/www.youtube.com\/channel\/UCz_oIt8Hig64Ub-EmcNPIhg","https:\/\/www.facebook.com\/celtTV\/"],"logo":{"@type":"ImageObject","inLanguage":"es","@id":"https:\/\/www.celttv.com.ar\/#\/schema\/logo\/image\/","url":"http:\/\/www.celttv.com.ar\/wp-content\/uploads\/2022\/08\/logo-1.png","contentUrl":"http:\/\/www.celttv.com.ar\/wp-content\/uploads\/2022\/08\/logo-1.png","width":461,"height":159,"caption":"CELTTV"},"image":{"@id":"https:\/\/www.celttv.com.ar\/#\/schema\/logo\/image\/"}},{"@type":"Person","@id":"https:\/\/www.celttv.com.ar\/#\/schema\/person\/6d99c072dba59953809c81446e9d0ace","name":"ulises","image":{"@type":"ImageObject","inLanguage":"es","@id":"https:\/\/www.celttv.com.ar\/#\/schema\/person\/image\/","url":"https:\/\/secure.gravatar.com\/avatar\/7f2c48bdc33b30088f941fb6082e555f2874c98e20cb159d7b92b50eadfce793?s=96&d=mm&r=g","contentUrl":"https:\/\/secure.gravatar.com\/avatar\/7f2c48bdc33b30088f941fb6082e555f2874c98e20cb159d7b92b50eadfce793?s=96&d=mm&r=g","caption":"ulises"},"sameAs":["http:\/\/www.celttv.com.ar"]}]}},"_links":{"self":[{"href":"https:\/\/www.celttv.com.ar\/index.php\/wp-json\/wp\/v2\/posts\/7289","targetHints":{"allow":["GET"]}}],"collection":[{"href":"https:\/\/www.celttv.com.ar\/index.php\/wp-json\/wp\/v2\/posts"}],"about":[{"href":"https:\/\/www.celttv.com.ar\/index.php\/wp-json\/wp\/v2\/types\/post"}],"author":[{"embeddable":true,"href":"https:\/\/www.celttv.com.ar\/index.php\/wp-json\/wp\/v2\/users\/1"}],"replies":[{"embeddable":true,"href":"https:\/\/www.celttv.com.ar\/index.php\/wp-json\/wp\/v2\/comments?post=7289"}],"version-history":[{"count":0,"href":"https:\/\/www.celttv.com.ar\/index.php\/wp-json\/wp\/v2\/posts\/7289\/revisions"}],"wp:attachment":[{"href":"https:\/\/www.celttv.com.ar\/index.php\/wp-json\/wp\/v2\/media?parent=7289"}],"wp:term":[{"taxonomy":"category","embeddable":true,"href":"https:\/\/www.celttv.com.ar\/index.php\/wp-json\/wp\/v2\/categories?post=7289"},{"taxonomy":"post_tag","embeddable":true,"href":"https:\/\/www.celttv.com.ar\/index.php\/wp-json\/wp\/v2\/tags?post=7289"}],"curies":[{"name":"wp","href":"https:\/\/api.w.org\/{rel}","templated":true}]}}