{"id":72984,"date":"2023-01-16T18:36:50","date_gmt":"2023-01-16T21:36:50","guid":{"rendered":"http:\/\/www.celttv.com.ar\/?p=72984"},"modified":"2023-01-16T18:36:50","modified_gmt":"2023-01-16T21:36:50","slug":"se-realizo-en-tornquist-la-2da-movilizacion-por-la-diversidad-fotos-y-entrevistas","status":"publish","type":"post","link":"https:\/\/www.celttv.com.ar\/index.php\/2023\/01\/16\/se-realizo-en-tornquist-la-2da-movilizacion-por-la-diversidad-fotos-y-entrevistas\/","title":{"rendered":"Se realiz\u00f3 en Tornquist la 2da. Movilizaci\u00f3n por la Diversidad (fotos y entrevistas)"},"content":{"rendered":"<p>Organizada por\u00a0 la agrupaci\u00f3n Tornquist Diversidad y Comisi\u00f3n organizadora de la Marcha de Orgullo Serrana se realiz\u00f3 el pasado viernes la 2da. Marcha de Orgullo Serrana invitando a participar a diferentes instituciones ; como tambi\u00e9n a las agrupaciones militantes y a la comunidad.<\/p>\n<p>&#8220;En\u00a0 el a\u00f1o 2022 salimos a la calle para visibilizar nuestros reclamos, nuestras conquistas y nuestro orgullo por nuestra orientaci\u00f3n sexual, identidad y expresi\u00f3n de g\u00e9nero, con el acompa\u00f1amiento de la oficina de G\u00e9nero y Diversidades de Tornquist&#8221; versaba la invitaci\u00f3n.<\/p>\n<p>El lugar de concentraci\u00f3n fue en la plaza Ernesto Tornquist, donde se leyeron las consignas de la movilizaci\u00f3n, con la presencia de djs locales acompa\u00f1aran durante la jornada.<\/p>\n<p><iframe loading=\"lazy\" title=\"2023 01 16 MARCHA ORGULLO SERRANO 1 TIAGO SALAZAR\" width=\"500\" height=\"281\" src=\"https:\/\/www.youtube.com\/embed\/_xKFTe8oZ-A?feature=oembed\" frameborder=\"0\" allow=\"accelerometer; autoplay; clipboard-write; encrypted-media; gyroscope; picture-in-picture; web-share\" referrerpolicy=\"strict-origin-when-cross-origin\" allowfullscreen><\/iframe><\/p>\n<p><iframe loading=\"lazy\" title=\"2023 01 16 MARCHA ORGULLO SERRANO 2 MARTIN FOLCO\" width=\"500\" height=\"281\" src=\"https:\/\/www.youtube.com\/embed\/uHaTjfDOJ-I?feature=oembed\" frameborder=\"0\" allow=\"accelerometer; autoplay; clipboard-write; encrypted-media; gyroscope; picture-in-picture; web-share\" referrerpolicy=\"strict-origin-when-cross-origin\" allowfullscreen><\/iframe><\/p>\n<p><iframe loading=\"lazy\" title=\"2023 01 16 MARCHA ORGULLO SERRANO 3 MARLOW HASPERT\" width=\"500\" height=\"281\" src=\"https:\/\/www.youtube.com\/embed\/HJ9T68F2WXY?feature=oembed\" frameborder=\"0\" allow=\"accelerometer; autoplay; clipboard-write; encrypted-media; gyroscope; picture-in-picture; web-share\" referrerpolicy=\"strict-origin-when-cross-origin\" allowfullscreen><\/iframe><\/p>\n<p><img loading=\"lazy\" decoding=\"async\" class=\"alignnone size-medium wp-image-72985\" src=\"http:\/\/www.celttv.com.ar\/wp-content\/uploads\/2023\/01\/IMG_9828-Medium-300x200.jpg\" alt=\"\" width=\"300\" height=\"200\" srcset=\"https:\/\/www.celttv.com.ar\/wp-content\/uploads\/2023\/01\/IMG_9828-Medium-300x200.jpg 300w, https:\/\/www.celttv.com.ar\/wp-content\/uploads\/2023\/01\/IMG_9828-Medium-1024x683.jpg 1024w, https:\/\/www.celttv.com.ar\/wp-content\/uploads\/2023\/01\/IMG_9828-Medium-768x512.jpg 768w, https:\/\/www.celttv.com.ar\/wp-content\/uploads\/2023\/01\/IMG_9828-Medium-750x500.jpg 750w, https:\/\/www.celttv.com.ar\/wp-content\/uploads\/2023\/01\/IMG_9828-Medium-1140x760.jpg 1140w, https:\/\/www.celttv.com.ar\/wp-content\/uploads\/2023\/01\/IMG_9828-Medium.jpg 1152w\" sizes=\"auto, (max-width: 300px) 100vw, 300px\" \/><\/p>\n","protected":false},"excerpt":{"rendered":"<p>Organizada por\u00a0 la agrupaci\u00f3n Tornquist Diversidad y Comisi\u00f3n organizadora de la Marcha de Orgullo Serrana se realiz\u00f3 el pasado viernes la 2da. Marcha de Orgullo Serrana invitando a participar a diferentes instituciones ; como tambi\u00e9n a las agrupaciones militantes y a la comunidad. &#8220;En\u00a0 el a\u00f1o 2022 salimos a la calle para visibilizar nuestros reclamos, [&hellip;]<\/p>\n","protected":false},"author":5,"featured_media":72985,"comment_status":"closed","ping_status":"closed","sticky":false,"template":"","format":"standard","meta":{"footnotes":""},"categories":[51,52],"tags":[652],"class_list":["post-72984","post","type-post","status-publish","format-standard","has-post-thumbnail","hentry","category-comunidad","category-destacadas","tag-se-realizo-en-tornquist-la-2da-movilizacion-por-la-diversidad"],"yoast_head":"<!-- This site is optimized with the Yoast SEO plugin v19.7.1 - https:\/\/yoast.com\/wordpress\/plugins\/seo\/ -->\n<title>Se realiz\u00f3 en Tornquist la 2da. Movilizaci\u00f3n por la Diversidad (fotos y entrevistas) - CELTTV<\/title>\n<meta name=\"description\" content=\"Sitio web de noticias de la localidad de Tornquist, provincia de Buenos Aires, Rep\u00fablica Argentina. Contenido propio originado por periodistas de CELTTV, el canal de TV local de la Cooperativa El\u00e9ctrica de Tornquist. Turismo, Pol\u00edtica, Sociedad, Deporte, Cultura y todo el contenido de inter\u00e9s general que la gente del pueblo y la regi\u00f3n debe conocer.\" \/>\n<meta name=\"robots\" content=\"index, follow, max-snippet:-1, max-image-preview:large, max-video-preview:-1\" \/>\n<link rel=\"canonical\" href=\"https:\/\/www.celttv.com.ar\/index.php\/2023\/01\/16\/se-realizo-en-tornquist-la-2da-movilizacion-por-la-diversidad-fotos-y-entrevistas\/\" \/>\n<meta property=\"og:locale\" content=\"es_ES\" \/>\n<meta property=\"og:type\" content=\"article\" \/>\n<meta property=\"og:title\" content=\"Se realiz\u00f3 en Tornquist la 2da. Movilizaci\u00f3n por la Diversidad (fotos y entrevistas) - CELTTV\" \/>\n<meta property=\"og:description\" content=\"Sitio web de noticias de la localidad de Tornquist, provincia de Buenos Aires, Rep\u00fablica Argentina. Contenido propio originado por periodistas de CELTTV, el canal de TV local de la Cooperativa El\u00e9ctrica de Tornquist. Turismo, Pol\u00edtica, Sociedad, Deporte, Cultura y todo el contenido de inter\u00e9s general que la gente del pueblo y la regi\u00f3n debe conocer.\" \/>\n<meta property=\"og:url\" content=\"https:\/\/www.celttv.com.ar\/index.php\/2023\/01\/16\/se-realizo-en-tornquist-la-2da-movilizacion-por-la-diversidad-fotos-y-entrevistas\/\" \/>\n<meta property=\"og:site_name\" content=\"CELTTV\" \/>\n<meta property=\"article:publisher\" content=\"https:\/\/www.facebook.com\/celtTV\/\" \/>\n<meta property=\"article:published_time\" content=\"2023-01-16T21:36:50+00:00\" \/>\n<meta property=\"og:image\" content=\"https:\/\/www.celttv.com.ar\/wp-content\/uploads\/2023\/01\/IMG_9828-Medium.jpg\" \/>\n\t<meta property=\"og:image:width\" content=\"1152\" \/>\n\t<meta property=\"og:image:height\" content=\"768\" \/>\n\t<meta property=\"og:image:type\" content=\"image\/jpeg\" \/>\n<meta name=\"author\" content=\"Miguel Herrada\" \/>\n<meta name=\"twitter:card\" content=\"summary_large_image\" \/>\n<meta name=\"twitter:label1\" content=\"Escrito por\" \/>\n\t<meta name=\"twitter:data1\" content=\"Miguel Herrada\" \/>\n\t<meta name=\"twitter:label2\" content=\"Tiempo de lectura\" \/>\n\t<meta name=\"twitter:data2\" content=\"1 minuto\" \/>\n<script type=\"application\/ld+json\" class=\"yoast-schema-graph\">{\"@context\":\"https:\/\/schema.org\",\"@graph\":[{\"@type\":\"NewsArticle\",\"@id\":\"https:\/\/www.celttv.com.ar\/index.php\/2023\/01\/16\/se-realizo-en-tornquist-la-2da-movilizacion-por-la-diversidad-fotos-y-entrevistas\/#article\",\"isPartOf\":{\"@id\":\"https:\/\/www.celttv.com.ar\/index.php\/2023\/01\/16\/se-realizo-en-tornquist-la-2da-movilizacion-por-la-diversidad-fotos-y-entrevistas\/\"},\"author\":{\"name\":\"Miguel Herrada\",\"@id\":\"https:\/\/www.celttv.com.ar\/#\/schema\/person\/9059dc91dc7204ef4182cdb65225f07d\"},\"headline\":\"Se realiz\u00f3 en Tornquist la 2da. Movilizaci\u00f3n por la Diversidad (fotos y entrevistas)\",\"datePublished\":\"2023-01-16T21:36:50+00:00\",\"dateModified\":\"2023-01-16T21:36:50+00:00\",\"mainEntityOfPage\":{\"@id\":\"https:\/\/www.celttv.com.ar\/index.php\/2023\/01\/16\/se-realizo-en-tornquist-la-2da-movilizacion-por-la-diversidad-fotos-y-entrevistas\/\"},\"wordCount\":153,\"publisher\":{\"@id\":\"https:\/\/www.celttv.com.ar\/#organization\"},\"keywords\":[\"Se realiz\u00f3 en Tornquist la 2da. Movilizaci\u00f3n por la Diversidad\"],\"articleSection\":[\"Comunidad\",\"Destacadas\"],\"inLanguage\":\"es\"},{\"@type\":\"WebPage\",\"@id\":\"https:\/\/www.celttv.com.ar\/index.php\/2023\/01\/16\/se-realizo-en-tornquist-la-2da-movilizacion-por-la-diversidad-fotos-y-entrevistas\/\",\"url\":\"https:\/\/www.celttv.com.ar\/index.php\/2023\/01\/16\/se-realizo-en-tornquist-la-2da-movilizacion-por-la-diversidad-fotos-y-entrevistas\/\",\"name\":\"Se realiz\u00f3 en Tornquist la 2da. Movilizaci\u00f3n por la Diversidad (fotos y entrevistas) - CELTTV\",\"isPartOf\":{\"@id\":\"https:\/\/www.celttv.com.ar\/#website\"},\"datePublished\":\"2023-01-16T21:36:50+00:00\",\"dateModified\":\"2023-01-16T21:36:50+00:00\",\"description\":\"Sitio web de noticias de la localidad de Tornquist, provincia de Buenos Aires, Rep\u00fablica Argentina. Contenido propio originado por periodistas de CELTTV, el canal de TV local de la Cooperativa El\u00e9ctrica de Tornquist. Turismo, Pol\u00edtica, Sociedad, Deporte, Cultura y todo el contenido de inter\u00e9s general que la gente del pueblo y la regi\u00f3n debe conocer.\",\"breadcrumb\":{\"@id\":\"https:\/\/www.celttv.com.ar\/index.php\/2023\/01\/16\/se-realizo-en-tornquist-la-2da-movilizacion-por-la-diversidad-fotos-y-entrevistas\/#breadcrumb\"},\"inLanguage\":\"es\",\"potentialAction\":[{\"@type\":\"ReadAction\",\"target\":[\"https:\/\/www.celttv.com.ar\/index.php\/2023\/01\/16\/se-realizo-en-tornquist-la-2da-movilizacion-por-la-diversidad-fotos-y-entrevistas\/\"]}]},{\"@type\":\"BreadcrumbList\",\"@id\":\"https:\/\/www.celttv.com.ar\/index.php\/2023\/01\/16\/se-realizo-en-tornquist-la-2da-movilizacion-por-la-diversidad-fotos-y-entrevistas\/#breadcrumb\",\"itemListElement\":[{\"@type\":\"ListItem\",\"position\":1,\"name\":\"Inicio\",\"item\":\"https:\/\/www.celttv.com.ar\/\"},{\"@type\":\"ListItem\",\"position\":2,\"name\":\"Se realiz\u00f3 en Tornquist la 2da. Movilizaci\u00f3n por la Diversidad (fotos y entrevistas)\"}]},{\"@type\":\"WebSite\",\"@id\":\"https:\/\/www.celttv.com.ar\/#website\",\"url\":\"https:\/\/www.celttv.com.ar\/\",\"name\":\"CELTTV\",\"description\":\"Cooperativa El\u00e9ctrica de Tornquist\",\"publisher\":{\"@id\":\"https:\/\/www.celttv.com.ar\/#organization\"},\"potentialAction\":[{\"@type\":\"SearchAction\",\"target\":{\"@type\":\"EntryPoint\",\"urlTemplate\":\"https:\/\/www.celttv.com.ar\/?s={search_term_string}\"},\"query-input\":\"required name=search_term_string\"}],\"inLanguage\":\"es\"},{\"@type\":\"Organization\",\"@id\":\"https:\/\/www.celttv.com.ar\/#organization\",\"name\":\"CELTTV\",\"url\":\"https:\/\/www.celttv.com.ar\/\",\"sameAs\":[\"https:\/\/www.youtube.com\/channel\/UCz_oIt8Hig64Ub-EmcNPIhg\",\"https:\/\/www.facebook.com\/celtTV\/\"],\"logo\":{\"@type\":\"ImageObject\",\"inLanguage\":\"es\",\"@id\":\"https:\/\/www.celttv.com.ar\/#\/schema\/logo\/image\/\",\"url\":\"http:\/\/www.celttv.com.ar\/wp-content\/uploads\/2022\/08\/logo-1.png\",\"contentUrl\":\"http:\/\/www.celttv.com.ar\/wp-content\/uploads\/2022\/08\/logo-1.png\",\"width\":461,\"height\":159,\"caption\":\"CELTTV\"},\"image\":{\"@id\":\"https:\/\/www.celttv.com.ar\/#\/schema\/logo\/image\/\"}},{\"@type\":\"Person\",\"@id\":\"https:\/\/www.celttv.com.ar\/#\/schema\/person\/9059dc91dc7204ef4182cdb65225f07d\",\"name\":\"Miguel Herrada\",\"image\":{\"@type\":\"ImageObject\",\"inLanguage\":\"es\",\"@id\":\"https:\/\/www.celttv.com.ar\/#\/schema\/person\/image\/\",\"url\":\"https:\/\/secure.gravatar.com\/avatar\/67724d5b3c716623ffd76bec7e45841a442ac3b456e914dbba90b0fad2b8e0b1?s=96&d=mm&r=g\",\"contentUrl\":\"https:\/\/secure.gravatar.com\/avatar\/67724d5b3c716623ffd76bec7e45841a442ac3b456e914dbba90b0fad2b8e0b1?s=96&d=mm&r=g\",\"caption\":\"Miguel Herrada\"}}]}<\/script>\n<!-- \/ Yoast SEO plugin. -->","yoast_head_json":{"title":"Se realiz\u00f3 en Tornquist la 2da. Movilizaci\u00f3n por la Diversidad (fotos y entrevistas) - CELTTV","description":"Sitio web de noticias de la localidad de Tornquist, provincia de Buenos Aires, Rep\u00fablica Argentina. Contenido propio originado por periodistas de CELTTV, el canal de TV local de la Cooperativa El\u00e9ctrica de Tornquist. Turismo, Pol\u00edtica, Sociedad, Deporte, Cultura y todo el contenido de inter\u00e9s general que la gente del pueblo y la regi\u00f3n debe conocer.","robots":{"index":"index","follow":"follow","max-snippet":"max-snippet:-1","max-image-preview":"max-image-preview:large","max-video-preview":"max-video-preview:-1"},"canonical":"https:\/\/www.celttv.com.ar\/index.php\/2023\/01\/16\/se-realizo-en-tornquist-la-2da-movilizacion-por-la-diversidad-fotos-y-entrevistas\/","og_locale":"es_ES","og_type":"article","og_title":"Se realiz\u00f3 en Tornquist la 2da. Movilizaci\u00f3n por la Diversidad (fotos y entrevistas) - CELTTV","og_description":"Sitio web de noticias de la localidad de Tornquist, provincia de Buenos Aires, Rep\u00fablica Argentina. Contenido propio originado por periodistas de CELTTV, el canal de TV local de la Cooperativa El\u00e9ctrica de Tornquist. Turismo, Pol\u00edtica, Sociedad, Deporte, Cultura y todo el contenido de inter\u00e9s general que la gente del pueblo y la regi\u00f3n debe conocer.","og_url":"https:\/\/www.celttv.com.ar\/index.php\/2023\/01\/16\/se-realizo-en-tornquist-la-2da-movilizacion-por-la-diversidad-fotos-y-entrevistas\/","og_site_name":"CELTTV","article_publisher":"https:\/\/www.facebook.com\/celtTV\/","article_published_time":"2023-01-16T21:36:50+00:00","og_image":[{"width":1152,"height":768,"url":"https:\/\/www.celttv.com.ar\/wp-content\/uploads\/2023\/01\/IMG_9828-Medium.jpg","type":"image\/jpeg"}],"author":"Miguel Herrada","twitter_card":"summary_large_image","twitter_misc":{"Escrito por":"Miguel Herrada","Tiempo de lectura":"1 minuto"},"schema":{"@context":"https:\/\/schema.org","@graph":[{"@type":"NewsArticle","@id":"https:\/\/www.celttv.com.ar\/index.php\/2023\/01\/16\/se-realizo-en-tornquist-la-2da-movilizacion-por-la-diversidad-fotos-y-entrevistas\/#article","isPartOf":{"@id":"https:\/\/www.celttv.com.ar\/index.php\/2023\/01\/16\/se-realizo-en-tornquist-la-2da-movilizacion-por-la-diversidad-fotos-y-entrevistas\/"},"author":{"name":"Miguel Herrada","@id":"https:\/\/www.celttv.com.ar\/#\/schema\/person\/9059dc91dc7204ef4182cdb65225f07d"},"headline":"Se realiz\u00f3 en Tornquist la 2da. Movilizaci\u00f3n por la Diversidad (fotos y entrevistas)","datePublished":"2023-01-16T21:36:50+00:00","dateModified":"2023-01-16T21:36:50+00:00","mainEntityOfPage":{"@id":"https:\/\/www.celttv.com.ar\/index.php\/2023\/01\/16\/se-realizo-en-tornquist-la-2da-movilizacion-por-la-diversidad-fotos-y-entrevistas\/"},"wordCount":153,"publisher":{"@id":"https:\/\/www.celttv.com.ar\/#organization"},"keywords":["Se realiz\u00f3 en Tornquist la 2da. Movilizaci\u00f3n por la Diversidad"],"articleSection":["Comunidad","Destacadas"],"inLanguage":"es"},{"@type":"WebPage","@id":"https:\/\/www.celttv.com.ar\/index.php\/2023\/01\/16\/se-realizo-en-tornquist-la-2da-movilizacion-por-la-diversidad-fotos-y-entrevistas\/","url":"https:\/\/www.celttv.com.ar\/index.php\/2023\/01\/16\/se-realizo-en-tornquist-la-2da-movilizacion-por-la-diversidad-fotos-y-entrevistas\/","name":"Se realiz\u00f3 en Tornquist la 2da. Movilizaci\u00f3n por la Diversidad (fotos y entrevistas) - CELTTV","isPartOf":{"@id":"https:\/\/www.celttv.com.ar\/#website"},"datePublished":"2023-01-16T21:36:50+00:00","dateModified":"2023-01-16T21:36:50+00:00","description":"Sitio web de noticias de la localidad de Tornquist, provincia de Buenos Aires, Rep\u00fablica Argentina. Contenido propio originado por periodistas de CELTTV, el canal de TV local de la Cooperativa El\u00e9ctrica de Tornquist. Turismo, Pol\u00edtica, Sociedad, Deporte, Cultura y todo el contenido de inter\u00e9s general que la gente del pueblo y la regi\u00f3n debe conocer.","breadcrumb":{"@id":"https:\/\/www.celttv.com.ar\/index.php\/2023\/01\/16\/se-realizo-en-tornquist-la-2da-movilizacion-por-la-diversidad-fotos-y-entrevistas\/#breadcrumb"},"inLanguage":"es","potentialAction":[{"@type":"ReadAction","target":["https:\/\/www.celttv.com.ar\/index.php\/2023\/01\/16\/se-realizo-en-tornquist-la-2da-movilizacion-por-la-diversidad-fotos-y-entrevistas\/"]}]},{"@type":"BreadcrumbList","@id":"https:\/\/www.celttv.com.ar\/index.php\/2023\/01\/16\/se-realizo-en-tornquist-la-2da-movilizacion-por-la-diversidad-fotos-y-entrevistas\/#breadcrumb","itemListElement":[{"@type":"ListItem","position":1,"name":"Inicio","item":"https:\/\/www.celttv.com.ar\/"},{"@type":"ListItem","position":2,"name":"Se realiz\u00f3 en Tornquist la 2da. Movilizaci\u00f3n por la Diversidad (fotos y entrevistas)"}]},{"@type":"WebSite","@id":"https:\/\/www.celttv.com.ar\/#website","url":"https:\/\/www.celttv.com.ar\/","name":"CELTTV","description":"Cooperativa El\u00e9ctrica de Tornquist","publisher":{"@id":"https:\/\/www.celttv.com.ar\/#organization"},"potentialAction":[{"@type":"SearchAction","target":{"@type":"EntryPoint","urlTemplate":"https:\/\/www.celttv.com.ar\/?s={search_term_string}"},"query-input":"required name=search_term_string"}],"inLanguage":"es"},{"@type":"Organization","@id":"https:\/\/www.celttv.com.ar\/#organization","name":"CELTTV","url":"https:\/\/www.celttv.com.ar\/","sameAs":["https:\/\/www.youtube.com\/channel\/UCz_oIt8Hig64Ub-EmcNPIhg","https:\/\/www.facebook.com\/celtTV\/"],"logo":{"@type":"ImageObject","inLanguage":"es","@id":"https:\/\/www.celttv.com.ar\/#\/schema\/logo\/image\/","url":"http:\/\/www.celttv.com.ar\/wp-content\/uploads\/2022\/08\/logo-1.png","contentUrl":"http:\/\/www.celttv.com.ar\/wp-content\/uploads\/2022\/08\/logo-1.png","width":461,"height":159,"caption":"CELTTV"},"image":{"@id":"https:\/\/www.celttv.com.ar\/#\/schema\/logo\/image\/"}},{"@type":"Person","@id":"https:\/\/www.celttv.com.ar\/#\/schema\/person\/9059dc91dc7204ef4182cdb65225f07d","name":"Miguel Herrada","image":{"@type":"ImageObject","inLanguage":"es","@id":"https:\/\/www.celttv.com.ar\/#\/schema\/person\/image\/","url":"https:\/\/secure.gravatar.com\/avatar\/67724d5b3c716623ffd76bec7e45841a442ac3b456e914dbba90b0fad2b8e0b1?s=96&d=mm&r=g","contentUrl":"https:\/\/secure.gravatar.com\/avatar\/67724d5b3c716623ffd76bec7e45841a442ac3b456e914dbba90b0fad2b8e0b1?s=96&d=mm&r=g","caption":"Miguel Herrada"}}]}},"_links":{"self":[{"href":"https:\/\/www.celttv.com.ar\/index.php\/wp-json\/wp\/v2\/posts\/72984","targetHints":{"allow":["GET"]}}],"collection":[{"href":"https:\/\/www.celttv.com.ar\/index.php\/wp-json\/wp\/v2\/posts"}],"about":[{"href":"https:\/\/www.celttv.com.ar\/index.php\/wp-json\/wp\/v2\/types\/post"}],"author":[{"embeddable":true,"href":"https:\/\/www.celttv.com.ar\/index.php\/wp-json\/wp\/v2\/users\/5"}],"replies":[{"embeddable":true,"href":"https:\/\/www.celttv.com.ar\/index.php\/wp-json\/wp\/v2\/comments?post=72984"}],"version-history":[{"count":2,"href":"https:\/\/www.celttv.com.ar\/index.php\/wp-json\/wp\/v2\/posts\/72984\/revisions"}],"predecessor-version":[{"id":72993,"href":"https:\/\/www.celttv.com.ar\/index.php\/wp-json\/wp\/v2\/posts\/72984\/revisions\/72993"}],"wp:featuredmedia":[{"embeddable":true,"href":"https:\/\/www.celttv.com.ar\/index.php\/wp-json\/wp\/v2\/media\/72985"}],"wp:attachment":[{"href":"https:\/\/www.celttv.com.ar\/index.php\/wp-json\/wp\/v2\/media?parent=72984"}],"wp:term":[{"taxonomy":"category","embeddable":true,"href":"https:\/\/www.celttv.com.ar\/index.php\/wp-json\/wp\/v2\/categories?post=72984"},{"taxonomy":"post_tag","embeddable":true,"href":"https:\/\/www.celttv.com.ar\/index.php\/wp-json\/wp\/v2\/tags?post=72984"}],"curies":[{"name":"wp","href":"https:\/\/api.w.org\/{rel}","templated":true}]}}