{"id":72994,"date":"2023-01-16T19:02:27","date_gmt":"2023-01-16T22:02:27","guid":{"rendered":"http:\/\/www.celttv.com.ar\/?p=72994"},"modified":"2023-01-16T19:02:27","modified_gmt":"2023-01-16T22:02:27","slug":"tres-picos-festejo-el-116o-aniversario-de-su-fundacion","status":"publish","type":"post","link":"https:\/\/www.celttv.com.ar\/index.php\/2023\/01\/16\/tres-picos-festejo-el-116o-aniversario-de-su-fundacion\/","title":{"rendered":"Tres Picos festej\u00f3 el 116\u00ba Aniversario de su fundaci\u00f3n"},"content":{"rendered":"<div class=\"adelanto\">\n<p>La localidad de Tres Picos, festej\u00f3\u00a0 el 116\u00ba aniversario de su fundaci\u00f3n. Si bien la fecha de fundaci\u00f3n es el 7 de enero, el corrimiento de los festejos se debi\u00f3 a no superponerse con la festividad de reyes programada en varias localidades del distrito.<\/p>\n<\/div>\n<div class=\"text\">\n<p>En horas de la tarde, en el galp\u00f3n socio cultural se llev\u00f3 a cabo el acto protocolar donde estuvo presente el Intendente Municipal, Sergio Bordoni\u00a0y miembros de su gabinete.\u00a0La Presidente del Concejo Deliberante Sandra Kifer, el\u00a0delegado comunal Ricardo Kuki Amer, concejales y representantes de instituciones y organismos de la comunidad.<\/p>\n<p>En su discurso Sergio Bordoni y el delegado comunal \u201cKuki\u201d Amer, hicieron hincapi\u00e9 el crecimiento exponencial que ha tenido la comunidad, con varios logros a trav\u00e9s de los \u00faltimos a\u00f1os.<\/p>\n<p>M\u00e1s tarde enel Sportman Club hubo esp\u00e9ctaculo para ni\u00f1os con la actuaci\u00f3n Mr. M\u00e1gico.<\/p>\n<p>A partir de las 22:30 en el sal\u00f3n del Sportman club, actuaron grupos folkl\u00f3ricos pertenecientes al taller municipal de Cabildo, Solista de Folklore, Escuela Folkl\u00f3rica Municipal, Carlos Porsel y el Grupo Jaguar de Bahia Blanca.<\/p>\n<p>El feliz cumplea\u00f1os y el corte de la torta fue compartido por las autoridades presentes y representantes de distintas instituciones.<\/p>\n<p><iframe loading=\"lazy\" title=\"2023 01 16 ANIVERSARIO TRES PICOS 1 RICARDO AMER\" width=\"500\" height=\"281\" src=\"https:\/\/www.youtube.com\/embed\/LF8Lq0xY15g?feature=oembed\" frameborder=\"0\" allow=\"accelerometer; autoplay; clipboard-write; encrypted-media; gyroscope; picture-in-picture; web-share\" referrerpolicy=\"strict-origin-when-cross-origin\" allowfullscreen><\/iframe><\/p>\n<p><iframe loading=\"lazy\" title=\"2023 01 16 ANIVERSARIO TRES PICOS 2 SERGIO BORDONI\" width=\"500\" height=\"281\" src=\"https:\/\/www.youtube.com\/embed\/tuWILtfZFy0?feature=oembed\" frameborder=\"0\" allow=\"accelerometer; autoplay; clipboard-write; encrypted-media; gyroscope; picture-in-picture; web-share\" referrerpolicy=\"strict-origin-when-cross-origin\" allowfullscreen><\/iframe><\/p>\n<p><iframe loading=\"lazy\" title=\"2023 01 16 ANIVERSARIO TRES PICOS 3 SERGIO BORDONI\" width=\"500\" height=\"281\" src=\"https:\/\/www.youtube.com\/embed\/6GNM5-9HlfE?feature=oembed\" frameborder=\"0\" allow=\"accelerometer; autoplay; clipboard-write; encrypted-media; gyroscope; picture-in-picture; web-share\" referrerpolicy=\"strict-origin-when-cross-origin\" allowfullscreen><\/iframe><\/p>\n<p><iframe loading=\"lazy\" title=\"2023 01 16 ANIVERSARIO TRES PICOS 4 RICARDO AMER\" width=\"500\" height=\"281\" src=\"https:\/\/www.youtube.com\/embed\/sDV3vUh6liE?feature=oembed\" frameborder=\"0\" allow=\"accelerometer; autoplay; clipboard-write; encrypted-media; gyroscope; picture-in-picture; web-share\" referrerpolicy=\"strict-origin-when-cross-origin\" allowfullscreen><\/iframe><\/p>\n<p><img loading=\"lazy\" decoding=\"async\" class=\"alignnone size-medium wp-image-72996\" src=\"http:\/\/www.celttv.com.ar\/wp-content\/uploads\/2023\/01\/IMG_9830-Medium-300x200.jpg\" alt=\"\" width=\"300\" height=\"200\" srcset=\"https:\/\/www.celttv.com.ar\/wp-content\/uploads\/2023\/01\/IMG_9830-Medium-300x200.jpg 300w, https:\/\/www.celttv.com.ar\/wp-content\/uploads\/2023\/01\/IMG_9830-Medium-1024x683.jpg 1024w, https:\/\/www.celttv.com.ar\/wp-content\/uploads\/2023\/01\/IMG_9830-Medium-768x512.jpg 768w, https:\/\/www.celttv.com.ar\/wp-content\/uploads\/2023\/01\/IMG_9830-Medium-750x500.jpg 750w, https:\/\/www.celttv.com.ar\/wp-content\/uploads\/2023\/01\/IMG_9830-Medium-1140x760.jpg 1140w, https:\/\/www.celttv.com.ar\/wp-content\/uploads\/2023\/01\/IMG_9830-Medium.jpg 1152w\" sizes=\"auto, (max-width: 300px) 100vw, 300px\" \/> <img loading=\"lazy\" decoding=\"async\" class=\"alignnone size-medium wp-image-72997\" src=\"http:\/\/www.celttv.com.ar\/wp-content\/uploads\/2023\/01\/IMG_9831-Medium-300x200.jpg\" alt=\"\" width=\"300\" height=\"200\" srcset=\"https:\/\/www.celttv.com.ar\/wp-content\/uploads\/2023\/01\/IMG_9831-Medium-300x200.jpg 300w, https:\/\/www.celttv.com.ar\/wp-content\/uploads\/2023\/01\/IMG_9831-Medium-1024x683.jpg 1024w, https:\/\/www.celttv.com.ar\/wp-content\/uploads\/2023\/01\/IMG_9831-Medium-768x512.jpg 768w, https:\/\/www.celttv.com.ar\/wp-content\/uploads\/2023\/01\/IMG_9831-Medium-750x500.jpg 750w, https:\/\/www.celttv.com.ar\/wp-content\/uploads\/2023\/01\/IMG_9831-Medium-1140x760.jpg 1140w, https:\/\/www.celttv.com.ar\/wp-content\/uploads\/2023\/01\/IMG_9831-Medium.jpg 1152w\" sizes=\"auto, (max-width: 300px) 100vw, 300px\" \/> <img loading=\"lazy\" decoding=\"async\" class=\"alignnone size-medium wp-image-72998\" src=\"http:\/\/www.celttv.com.ar\/wp-content\/uploads\/2023\/01\/IMG_9832-Medium-300x200.jpg\" alt=\"\" width=\"300\" height=\"200\" srcset=\"https:\/\/www.celttv.com.ar\/wp-content\/uploads\/2023\/01\/IMG_9832-Medium-300x200.jpg 300w, https:\/\/www.celttv.com.ar\/wp-content\/uploads\/2023\/01\/IMG_9832-Medium-1024x683.jpg 1024w, https:\/\/www.celttv.com.ar\/wp-content\/uploads\/2023\/01\/IMG_9832-Medium-768x512.jpg 768w, https:\/\/www.celttv.com.ar\/wp-content\/uploads\/2023\/01\/IMG_9832-Medium-750x500.jpg 750w, https:\/\/www.celttv.com.ar\/wp-content\/uploads\/2023\/01\/IMG_9832-Medium-1140x760.jpg 1140w, https:\/\/www.celttv.com.ar\/wp-content\/uploads\/2023\/01\/IMG_9832-Medium.jpg 1152w\" sizes=\"auto, (max-width: 300px) 100vw, 300px\" \/> <img loading=\"lazy\" decoding=\"async\" class=\"alignnone size-medium wp-image-72999\" src=\"http:\/\/www.celttv.com.ar\/wp-content\/uploads\/2023\/01\/IMG_9834-Medium-300x200.jpg\" alt=\"\" width=\"300\" height=\"200\" srcset=\"https:\/\/www.celttv.com.ar\/wp-content\/uploads\/2023\/01\/IMG_9834-Medium-300x200.jpg 300w, https:\/\/www.celttv.com.ar\/wp-content\/uploads\/2023\/01\/IMG_9834-Medium-1024x683.jpg 1024w, https:\/\/www.celttv.com.ar\/wp-content\/uploads\/2023\/01\/IMG_9834-Medium-768x512.jpg 768w, https:\/\/www.celttv.com.ar\/wp-content\/uploads\/2023\/01\/IMG_9834-Medium-750x500.jpg 750w, https:\/\/www.celttv.com.ar\/wp-content\/uploads\/2023\/01\/IMG_9834-Medium-1140x760.jpg 1140w, https:\/\/www.celttv.com.ar\/wp-content\/uploads\/2023\/01\/IMG_9834-Medium.jpg 1152w\" sizes=\"auto, (max-width: 300px) 100vw, 300px\" \/> <img loading=\"lazy\" decoding=\"async\" class=\"alignnone size-medium wp-image-73000\" src=\"http:\/\/www.celttv.com.ar\/wp-content\/uploads\/2023\/01\/IMG_9838-Medium-300x200.jpg\" alt=\"\" width=\"300\" height=\"200\" srcset=\"https:\/\/www.celttv.com.ar\/wp-content\/uploads\/2023\/01\/IMG_9838-Medium-300x200.jpg 300w, https:\/\/www.celttv.com.ar\/wp-content\/uploads\/2023\/01\/IMG_9838-Medium-1024x683.jpg 1024w, https:\/\/www.celttv.com.ar\/wp-content\/uploads\/2023\/01\/IMG_9838-Medium-768x512.jpg 768w, https:\/\/www.celttv.com.ar\/wp-content\/uploads\/2023\/01\/IMG_9838-Medium-750x500.jpg 750w, https:\/\/www.celttv.com.ar\/wp-content\/uploads\/2023\/01\/IMG_9838-Medium-1140x760.jpg 1140w, https:\/\/www.celttv.com.ar\/wp-content\/uploads\/2023\/01\/IMG_9838-Medium.jpg 1152w\" sizes=\"auto, (max-width: 300px) 100vw, 300px\" \/> <img loading=\"lazy\" decoding=\"async\" class=\"alignnone size-medium wp-image-73001\" src=\"http:\/\/www.celttv.com.ar\/wp-content\/uploads\/2023\/01\/IMG_9840-Medium-300x200.jpg\" alt=\"\" width=\"300\" height=\"200\" srcset=\"https:\/\/www.celttv.com.ar\/wp-content\/uploads\/2023\/01\/IMG_9840-Medium-300x200.jpg 300w, https:\/\/www.celttv.com.ar\/wp-content\/uploads\/2023\/01\/IMG_9840-Medium-1024x683.jpg 1024w, https:\/\/www.celttv.com.ar\/wp-content\/uploads\/2023\/01\/IMG_9840-Medium-768x512.jpg 768w, https:\/\/www.celttv.com.ar\/wp-content\/uploads\/2023\/01\/IMG_9840-Medium-750x500.jpg 750w, https:\/\/www.celttv.com.ar\/wp-content\/uploads\/2023\/01\/IMG_9840-Medium-1140x760.jpg 1140w, https:\/\/www.celttv.com.ar\/wp-content\/uploads\/2023\/01\/IMG_9840-Medium.jpg 1152w\" sizes=\"auto, (max-width: 300px) 100vw, 300px\" \/> <img loading=\"lazy\" decoding=\"async\" class=\"alignnone size-medium wp-image-73002\" src=\"http:\/\/www.celttv.com.ar\/wp-content\/uploads\/2023\/01\/IMG_9841-Medium-300x200.jpg\" alt=\"\" width=\"300\" height=\"200\" srcset=\"https:\/\/www.celttv.com.ar\/wp-content\/uploads\/2023\/01\/IMG_9841-Medium-300x200.jpg 300w, https:\/\/www.celttv.com.ar\/wp-content\/uploads\/2023\/01\/IMG_9841-Medium-1024x683.jpg 1024w, https:\/\/www.celttv.com.ar\/wp-content\/uploads\/2023\/01\/IMG_9841-Medium-768x512.jpg 768w, https:\/\/www.celttv.com.ar\/wp-content\/uploads\/2023\/01\/IMG_9841-Medium-750x500.jpg 750w, https:\/\/www.celttv.com.ar\/wp-content\/uploads\/2023\/01\/IMG_9841-Medium-1140x760.jpg 1140w, https:\/\/www.celttv.com.ar\/wp-content\/uploads\/2023\/01\/IMG_9841-Medium.jpg 1152w\" sizes=\"auto, (max-width: 300px) 100vw, 300px\" \/> <img loading=\"lazy\" decoding=\"async\" class=\"alignnone size-medium wp-image-73003\" src=\"http:\/\/www.celttv.com.ar\/wp-content\/uploads\/2023\/01\/IMG_9842-Medium-300x200.jpg\" alt=\"\" width=\"300\" height=\"200\" srcset=\"https:\/\/www.celttv.com.ar\/wp-content\/uploads\/2023\/01\/IMG_9842-Medium-300x200.jpg 300w, https:\/\/www.celttv.com.ar\/wp-content\/uploads\/2023\/01\/IMG_9842-Medium-1024x683.jpg 1024w, https:\/\/www.celttv.com.ar\/wp-content\/uploads\/2023\/01\/IMG_9842-Medium-768x512.jpg 768w, https:\/\/www.celttv.com.ar\/wp-content\/uploads\/2023\/01\/IMG_9842-Medium-750x500.jpg 750w, https:\/\/www.celttv.com.ar\/wp-content\/uploads\/2023\/01\/IMG_9842-Medium-1140x760.jpg 1140w, https:\/\/www.celttv.com.ar\/wp-content\/uploads\/2023\/01\/IMG_9842-Medium.jpg 1152w\" sizes=\"auto, (max-width: 300px) 100vw, 300px\" \/> <img loading=\"lazy\" decoding=\"async\" class=\"alignnone size-medium wp-image-73004\" src=\"http:\/\/www.celttv.com.ar\/wp-content\/uploads\/2023\/01\/IMG_9843-Medium-300x200.jpg\" alt=\"\" width=\"300\" height=\"200\" srcset=\"https:\/\/www.celttv.com.ar\/wp-content\/uploads\/2023\/01\/IMG_9843-Medium-300x200.jpg 300w, https:\/\/www.celttv.com.ar\/wp-content\/uploads\/2023\/01\/IMG_9843-Medium-1024x683.jpg 1024w, https:\/\/www.celttv.com.ar\/wp-content\/uploads\/2023\/01\/IMG_9843-Medium-768x512.jpg 768w, https:\/\/www.celttv.com.ar\/wp-content\/uploads\/2023\/01\/IMG_9843-Medium-750x500.jpg 750w, https:\/\/www.celttv.com.ar\/wp-content\/uploads\/2023\/01\/IMG_9843-Medium-1140x760.jpg 1140w, https:\/\/www.celttv.com.ar\/wp-content\/uploads\/2023\/01\/IMG_9843-Medium.jpg 1152w\" sizes=\"auto, (max-width: 300px) 100vw, 300px\" \/> <img loading=\"lazy\" decoding=\"async\" class=\"alignnone size-medium wp-image-73005\" src=\"http:\/\/www.celttv.com.ar\/wp-content\/uploads\/2023\/01\/IMG_9844-Medium-300x200.jpg\" alt=\"\" width=\"300\" height=\"200\" srcset=\"https:\/\/www.celttv.com.ar\/wp-content\/uploads\/2023\/01\/IMG_9844-Medium-300x200.jpg 300w, https:\/\/www.celttv.com.ar\/wp-content\/uploads\/2023\/01\/IMG_9844-Medium-1024x683.jpg 1024w, https:\/\/www.celttv.com.ar\/wp-content\/uploads\/2023\/01\/IMG_9844-Medium-768x512.jpg 768w, https:\/\/www.celttv.com.ar\/wp-content\/uploads\/2023\/01\/IMG_9844-Medium-750x500.jpg 750w, https:\/\/www.celttv.com.ar\/wp-content\/uploads\/2023\/01\/IMG_9844-Medium-1140x760.jpg 1140w, https:\/\/www.celttv.com.ar\/wp-content\/uploads\/2023\/01\/IMG_9844-Medium.jpg 1152w\" sizes=\"auto, (max-width: 300px) 100vw, 300px\" \/> <img loading=\"lazy\" decoding=\"async\" class=\"alignnone size-medium wp-image-73006\" src=\"http:\/\/www.celttv.com.ar\/wp-content\/uploads\/2023\/01\/IMG_9845-Medium-300x200.jpg\" alt=\"\" width=\"300\" height=\"200\" srcset=\"https:\/\/www.celttv.com.ar\/wp-content\/uploads\/2023\/01\/IMG_9845-Medium-300x200.jpg 300w, https:\/\/www.celttv.com.ar\/wp-content\/uploads\/2023\/01\/IMG_9845-Medium-1024x683.jpg 1024w, https:\/\/www.celttv.com.ar\/wp-content\/uploads\/2023\/01\/IMG_9845-Medium-768x512.jpg 768w, https:\/\/www.celttv.com.ar\/wp-content\/uploads\/2023\/01\/IMG_9845-Medium-750x500.jpg 750w, https:\/\/www.celttv.com.ar\/wp-content\/uploads\/2023\/01\/IMG_9845-Medium-1140x760.jpg 1140w, https:\/\/www.celttv.com.ar\/wp-content\/uploads\/2023\/01\/IMG_9845-Medium.jpg 1152w\" sizes=\"auto, (max-width: 300px) 100vw, 300px\" \/> <img loading=\"lazy\" decoding=\"async\" class=\"alignnone size-medium wp-image-73007\" src=\"http:\/\/www.celttv.com.ar\/wp-content\/uploads\/2023\/01\/IMG_9846-Medium-300x200.jpg\" alt=\"\" width=\"300\" height=\"200\" srcset=\"https:\/\/www.celttv.com.ar\/wp-content\/uploads\/2023\/01\/IMG_9846-Medium-300x200.jpg 300w, https:\/\/www.celttv.com.ar\/wp-content\/uploads\/2023\/01\/IMG_9846-Medium-1024x683.jpg 1024w, https:\/\/www.celttv.com.ar\/wp-content\/uploads\/2023\/01\/IMG_9846-Medium-768x512.jpg 768w, https:\/\/www.celttv.com.ar\/wp-content\/uploads\/2023\/01\/IMG_9846-Medium-750x500.jpg 750w, https:\/\/www.celttv.com.ar\/wp-content\/uploads\/2023\/01\/IMG_9846-Medium-1140x760.jpg 1140w, https:\/\/www.celttv.com.ar\/wp-content\/uploads\/2023\/01\/IMG_9846-Medium.jpg 1152w\" sizes=\"auto, (max-width: 300px) 100vw, 300px\" \/> <img loading=\"lazy\" decoding=\"async\" class=\"alignnone size-medium wp-image-73008\" src=\"http:\/\/www.celttv.com.ar\/wp-content\/uploads\/2023\/01\/IMG_9847-Medium-300x200.jpg\" alt=\"\" width=\"300\" height=\"200\" srcset=\"https:\/\/www.celttv.com.ar\/wp-content\/uploads\/2023\/01\/IMG_9847-Medium-300x200.jpg 300w, https:\/\/www.celttv.com.ar\/wp-content\/uploads\/2023\/01\/IMG_9847-Medium-1024x683.jpg 1024w, https:\/\/www.celttv.com.ar\/wp-content\/uploads\/2023\/01\/IMG_9847-Medium-768x512.jpg 768w, https:\/\/www.celttv.com.ar\/wp-content\/uploads\/2023\/01\/IMG_9847-Medium-750x500.jpg 750w, https:\/\/www.celttv.com.ar\/wp-content\/uploads\/2023\/01\/IMG_9847-Medium-1140x760.jpg 1140w, https:\/\/www.celttv.com.ar\/wp-content\/uploads\/2023\/01\/IMG_9847-Medium.jpg 1152w\" sizes=\"auto, (max-width: 300px) 100vw, 300px\" \/> <img loading=\"lazy\" decoding=\"async\" class=\"alignnone size-medium wp-image-73009\" src=\"http:\/\/www.celttv.com.ar\/wp-content\/uploads\/2023\/01\/IMG_9848-Medium-300x200.jpg\" alt=\"\" width=\"300\" height=\"200\" srcset=\"https:\/\/www.celttv.com.ar\/wp-content\/uploads\/2023\/01\/IMG_9848-Medium-300x200.jpg 300w, https:\/\/www.celttv.com.ar\/wp-content\/uploads\/2023\/01\/IMG_9848-Medium-1024x683.jpg 1024w, https:\/\/www.celttv.com.ar\/wp-content\/uploads\/2023\/01\/IMG_9848-Medium-768x512.jpg 768w, https:\/\/www.celttv.com.ar\/wp-content\/uploads\/2023\/01\/IMG_9848-Medium-750x500.jpg 750w, https:\/\/www.celttv.com.ar\/wp-content\/uploads\/2023\/01\/IMG_9848-Medium-1140x760.jpg 1140w, https:\/\/www.celttv.com.ar\/wp-content\/uploads\/2023\/01\/IMG_9848-Medium.jpg 1152w\" sizes=\"auto, (max-width: 300px) 100vw, 300px\" \/> <img loading=\"lazy\" decoding=\"async\" class=\"alignnone size-medium wp-image-73010\" src=\"http:\/\/www.celttv.com.ar\/wp-content\/uploads\/2023\/01\/IMG_9849-Medium-300x200.jpg\" alt=\"\" width=\"300\" height=\"200\" srcset=\"https:\/\/www.celttv.com.ar\/wp-content\/uploads\/2023\/01\/IMG_9849-Medium-300x200.jpg 300w, https:\/\/www.celttv.com.ar\/wp-content\/uploads\/2023\/01\/IMG_9849-Medium-1024x683.jpg 1024w, https:\/\/www.celttv.com.ar\/wp-content\/uploads\/2023\/01\/IMG_9849-Medium-768x512.jpg 768w, https:\/\/www.celttv.com.ar\/wp-content\/uploads\/2023\/01\/IMG_9849-Medium-750x500.jpg 750w, https:\/\/www.celttv.com.ar\/wp-content\/uploads\/2023\/01\/IMG_9849-Medium-1140x760.jpg 1140w, https:\/\/www.celttv.com.ar\/wp-content\/uploads\/2023\/01\/IMG_9849-Medium.jpg 1152w\" sizes=\"auto, (max-width: 300px) 100vw, 300px\" \/> <img loading=\"lazy\" decoding=\"async\" class=\"alignnone size-medium wp-image-73011\" src=\"http:\/\/www.celttv.com.ar\/wp-content\/uploads\/2023\/01\/IMG_9850-Medium-300x200.jpg\" alt=\"\" width=\"300\" height=\"200\" srcset=\"https:\/\/www.celttv.com.ar\/wp-content\/uploads\/2023\/01\/IMG_9850-Medium-300x200.jpg 300w, https:\/\/www.celttv.com.ar\/wp-content\/uploads\/2023\/01\/IMG_9850-Medium-1024x683.jpg 1024w, https:\/\/www.celttv.com.ar\/wp-content\/uploads\/2023\/01\/IMG_9850-Medium-768x512.jpg 768w, https:\/\/www.celttv.com.ar\/wp-content\/uploads\/2023\/01\/IMG_9850-Medium-750x500.jpg 750w, https:\/\/www.celttv.com.ar\/wp-content\/uploads\/2023\/01\/IMG_9850-Medium-1140x760.jpg 1140w, https:\/\/www.celttv.com.ar\/wp-content\/uploads\/2023\/01\/IMG_9850-Medium.jpg 1152w\" sizes=\"auto, (max-width: 300px) 100vw, 300px\" \/> <img loading=\"lazy\" decoding=\"async\" class=\"alignnone size-medium wp-image-73012\" src=\"http:\/\/www.celttv.com.ar\/wp-content\/uploads\/2023\/01\/IMG_9851-Medium-300x200.jpg\" alt=\"\" width=\"300\" height=\"200\" srcset=\"https:\/\/www.celttv.com.ar\/wp-content\/uploads\/2023\/01\/IMG_9851-Medium-300x200.jpg 300w, https:\/\/www.celttv.com.ar\/wp-content\/uploads\/2023\/01\/IMG_9851-Medium-1024x683.jpg 1024w, https:\/\/www.celttv.com.ar\/wp-content\/uploads\/2023\/01\/IMG_9851-Medium-768x512.jpg 768w, https:\/\/www.celttv.com.ar\/wp-content\/uploads\/2023\/01\/IMG_9851-Medium-750x500.jpg 750w, https:\/\/www.celttv.com.ar\/wp-content\/uploads\/2023\/01\/IMG_9851-Medium-1140x760.jpg 1140w, https:\/\/www.celttv.com.ar\/wp-content\/uploads\/2023\/01\/IMG_9851-Medium.jpg 1152w\" sizes=\"auto, (max-width: 300px) 100vw, 300px\" \/> <img loading=\"lazy\" decoding=\"async\" class=\"alignnone size-medium wp-image-73013\" src=\"http:\/\/www.celttv.com.ar\/wp-content\/uploads\/2023\/01\/IMG_9853-Medium-200x300.jpg\" alt=\"\" width=\"200\" height=\"300\" srcset=\"https:\/\/www.celttv.com.ar\/wp-content\/uploads\/2023\/01\/IMG_9853-Medium-200x300.jpg 200w, https:\/\/www.celttv.com.ar\/wp-content\/uploads\/2023\/01\/IMG_9853-Medium-683x1024.jpg 683w, https:\/\/www.celttv.com.ar\/wp-content\/uploads\/2023\/01\/IMG_9853-Medium-750x1125.jpg 750w, https:\/\/www.celttv.com.ar\/wp-content\/uploads\/2023\/01\/IMG_9853-Medium.jpg 768w\" sizes=\"auto, (max-width: 200px) 100vw, 200px\" \/> <img loading=\"lazy\" decoding=\"async\" class=\"alignnone size-medium wp-image-73014\" src=\"http:\/\/www.celttv.com.ar\/wp-content\/uploads\/2023\/01\/IMG_9856-Medium-300x200.jpg\" alt=\"\" width=\"300\" height=\"200\" srcset=\"https:\/\/www.celttv.com.ar\/wp-content\/uploads\/2023\/01\/IMG_9856-Medium-300x200.jpg 300w, https:\/\/www.celttv.com.ar\/wp-content\/uploads\/2023\/01\/IMG_9856-Medium-1024x683.jpg 1024w, https:\/\/www.celttv.com.ar\/wp-content\/uploads\/2023\/01\/IMG_9856-Medium-768x512.jpg 768w, https:\/\/www.celttv.com.ar\/wp-content\/uploads\/2023\/01\/IMG_9856-Medium-750x500.jpg 750w, https:\/\/www.celttv.com.ar\/wp-content\/uploads\/2023\/01\/IMG_9856-Medium-1140x760.jpg 1140w, https:\/\/www.celttv.com.ar\/wp-content\/uploads\/2023\/01\/IMG_9856-Medium.jpg 1152w\" sizes=\"auto, (max-width: 300px) 100vw, 300px\" \/><\/p>\n<\/div>\n","protected":false},"excerpt":{"rendered":"<p>La localidad de Tres Picos, festej\u00f3\u00a0 el 116\u00ba aniversario de su fundaci\u00f3n. Si bien la fecha de fundaci\u00f3n es el 7 de enero, el corrimiento de los festejos se debi\u00f3 a no superponerse con la festividad de reyes programada en varias localidades del distrito. En horas de la tarde, en el galp\u00f3n socio cultural se [&hellip;]<\/p>\n","protected":false},"author":5,"featured_media":73009,"comment_status":"closed","ping_status":"closed","sticky":false,"template":"","format":"standard","meta":{"footnotes":""},"categories":[51,52,59],"tags":[656],"class_list":["post-72994","post","type-post","status-publish","format-standard","has-post-thumbnail","hentry","category-comunidad","category-destacadas","category-municipales","tag-tres-picos-festejo-el-116o-aniversario-de-su-fundacion"],"yoast_head":"<!-- This site is optimized with the Yoast SEO plugin v19.7.1 - https:\/\/yoast.com\/wordpress\/plugins\/seo\/ -->\n<title>Tres Picos festej\u00f3 el 116\u00ba Aniversario de su fundaci\u00f3n - CELTTV<\/title>\n<meta name=\"description\" content=\"Sitio web de noticias de la localidad de Tornquist, provincia de Buenos Aires, Rep\u00fablica Argentina. Contenido propio originado por periodistas de CELTTV, el canal de TV local de la Cooperativa El\u00e9ctrica de Tornquist. Turismo, Pol\u00edtica, Sociedad, Deporte, Cultura y todo el contenido de inter\u00e9s general que la gente del pueblo y la regi\u00f3n debe conocer.\" \/>\n<meta name=\"robots\" content=\"index, follow, max-snippet:-1, max-image-preview:large, max-video-preview:-1\" \/>\n<link rel=\"canonical\" href=\"https:\/\/www.celttv.com.ar\/index.php\/2023\/01\/16\/tres-picos-festejo-el-116o-aniversario-de-su-fundacion\/\" \/>\n<meta property=\"og:locale\" content=\"es_ES\" \/>\n<meta property=\"og:type\" content=\"article\" \/>\n<meta property=\"og:title\" content=\"Tres Picos festej\u00f3 el 116\u00ba Aniversario de su fundaci\u00f3n - CELTTV\" \/>\n<meta property=\"og:description\" content=\"Sitio web de noticias de la localidad de Tornquist, provincia de Buenos Aires, Rep\u00fablica Argentina. Contenido propio originado por periodistas de CELTTV, el canal de TV local de la Cooperativa El\u00e9ctrica de Tornquist. Turismo, Pol\u00edtica, Sociedad, Deporte, Cultura y todo el contenido de inter\u00e9s general que la gente del pueblo y la regi\u00f3n debe conocer.\" \/>\n<meta property=\"og:url\" content=\"https:\/\/www.celttv.com.ar\/index.php\/2023\/01\/16\/tres-picos-festejo-el-116o-aniversario-de-su-fundacion\/\" \/>\n<meta property=\"og:site_name\" content=\"CELTTV\" \/>\n<meta property=\"article:publisher\" content=\"https:\/\/www.facebook.com\/celtTV\/\" \/>\n<meta property=\"article:published_time\" content=\"2023-01-16T22:02:27+00:00\" \/>\n<meta property=\"og:image\" content=\"https:\/\/www.celttv.com.ar\/wp-content\/uploads\/2023\/01\/IMG_9848-Medium.jpg\" \/>\n\t<meta property=\"og:image:width\" content=\"1152\" \/>\n\t<meta property=\"og:image:height\" content=\"768\" \/>\n\t<meta property=\"og:image:type\" content=\"image\/jpeg\" \/>\n<meta name=\"author\" content=\"Miguel Herrada\" \/>\n<meta name=\"twitter:card\" content=\"summary_large_image\" \/>\n<meta name=\"twitter:label1\" content=\"Escrito por\" \/>\n\t<meta name=\"twitter:data1\" content=\"Miguel Herrada\" \/>\n\t<meta name=\"twitter:label2\" content=\"Tiempo de lectura\" \/>\n\t<meta name=\"twitter:data2\" content=\"1 minuto\" \/>\n<script type=\"application\/ld+json\" class=\"yoast-schema-graph\">{\"@context\":\"https:\/\/schema.org\",\"@graph\":[{\"@type\":\"NewsArticle\",\"@id\":\"https:\/\/www.celttv.com.ar\/index.php\/2023\/01\/16\/tres-picos-festejo-el-116o-aniversario-de-su-fundacion\/#article\",\"isPartOf\":{\"@id\":\"https:\/\/www.celttv.com.ar\/index.php\/2023\/01\/16\/tres-picos-festejo-el-116o-aniversario-de-su-fundacion\/\"},\"author\":{\"name\":\"Miguel Herrada\",\"@id\":\"https:\/\/www.celttv.com.ar\/#\/schema\/person\/9059dc91dc7204ef4182cdb65225f07d\"},\"headline\":\"Tres Picos festej\u00f3 el 116\u00ba Aniversario de su fundaci\u00f3n\",\"datePublished\":\"2023-01-16T22:02:27+00:00\",\"dateModified\":\"2023-01-16T22:02:27+00:00\",\"mainEntityOfPage\":{\"@id\":\"https:\/\/www.celttv.com.ar\/index.php\/2023\/01\/16\/tres-picos-festejo-el-116o-aniversario-de-su-fundacion\/\"},\"wordCount\":239,\"publisher\":{\"@id\":\"https:\/\/www.celttv.com.ar\/#organization\"},\"keywords\":[\"Tres Picos festej\u00f3 el 116\u00ba Aniversario de su fundaci\u00f3n\"],\"articleSection\":[\"Comunidad\",\"Destacadas\",\"Municipales\"],\"inLanguage\":\"es\"},{\"@type\":\"WebPage\",\"@id\":\"https:\/\/www.celttv.com.ar\/index.php\/2023\/01\/16\/tres-picos-festejo-el-116o-aniversario-de-su-fundacion\/\",\"url\":\"https:\/\/www.celttv.com.ar\/index.php\/2023\/01\/16\/tres-picos-festejo-el-116o-aniversario-de-su-fundacion\/\",\"name\":\"Tres Picos festej\u00f3 el 116\u00ba Aniversario de su fundaci\u00f3n - CELTTV\",\"isPartOf\":{\"@id\":\"https:\/\/www.celttv.com.ar\/#website\"},\"datePublished\":\"2023-01-16T22:02:27+00:00\",\"dateModified\":\"2023-01-16T22:02:27+00:00\",\"description\":\"Sitio web de noticias de la localidad de Tornquist, provincia de Buenos Aires, Rep\u00fablica Argentina. Contenido propio originado por periodistas de CELTTV, el canal de TV local de la Cooperativa El\u00e9ctrica de Tornquist. Turismo, Pol\u00edtica, Sociedad, Deporte, Cultura y todo el contenido de inter\u00e9s general que la gente del pueblo y la regi\u00f3n debe conocer.\",\"breadcrumb\":{\"@id\":\"https:\/\/www.celttv.com.ar\/index.php\/2023\/01\/16\/tres-picos-festejo-el-116o-aniversario-de-su-fundacion\/#breadcrumb\"},\"inLanguage\":\"es\",\"potentialAction\":[{\"@type\":\"ReadAction\",\"target\":[\"https:\/\/www.celttv.com.ar\/index.php\/2023\/01\/16\/tres-picos-festejo-el-116o-aniversario-de-su-fundacion\/\"]}]},{\"@type\":\"BreadcrumbList\",\"@id\":\"https:\/\/www.celttv.com.ar\/index.php\/2023\/01\/16\/tres-picos-festejo-el-116o-aniversario-de-su-fundacion\/#breadcrumb\",\"itemListElement\":[{\"@type\":\"ListItem\",\"position\":1,\"name\":\"Inicio\",\"item\":\"https:\/\/www.celttv.com.ar\/\"},{\"@type\":\"ListItem\",\"position\":2,\"name\":\"Tres Picos festej\u00f3 el 116\u00ba Aniversario de su fundaci\u00f3n\"}]},{\"@type\":\"WebSite\",\"@id\":\"https:\/\/www.celttv.com.ar\/#website\",\"url\":\"https:\/\/www.celttv.com.ar\/\",\"name\":\"CELTTV\",\"description\":\"Cooperativa El\u00e9ctrica de Tornquist\",\"publisher\":{\"@id\":\"https:\/\/www.celttv.com.ar\/#organization\"},\"potentialAction\":[{\"@type\":\"SearchAction\",\"target\":{\"@type\":\"EntryPoint\",\"urlTemplate\":\"https:\/\/www.celttv.com.ar\/?s={search_term_string}\"},\"query-input\":\"required name=search_term_string\"}],\"inLanguage\":\"es\"},{\"@type\":\"Organization\",\"@id\":\"https:\/\/www.celttv.com.ar\/#organization\",\"name\":\"CELTTV\",\"url\":\"https:\/\/www.celttv.com.ar\/\",\"sameAs\":[\"https:\/\/www.youtube.com\/channel\/UCz_oIt8Hig64Ub-EmcNPIhg\",\"https:\/\/www.facebook.com\/celtTV\/\"],\"logo\":{\"@type\":\"ImageObject\",\"inLanguage\":\"es\",\"@id\":\"https:\/\/www.celttv.com.ar\/#\/schema\/logo\/image\/\",\"url\":\"http:\/\/www.celttv.com.ar\/wp-content\/uploads\/2022\/08\/logo-1.png\",\"contentUrl\":\"http:\/\/www.celttv.com.ar\/wp-content\/uploads\/2022\/08\/logo-1.png\",\"width\":461,\"height\":159,\"caption\":\"CELTTV\"},\"image\":{\"@id\":\"https:\/\/www.celttv.com.ar\/#\/schema\/logo\/image\/\"}},{\"@type\":\"Person\",\"@id\":\"https:\/\/www.celttv.com.ar\/#\/schema\/person\/9059dc91dc7204ef4182cdb65225f07d\",\"name\":\"Miguel Herrada\",\"image\":{\"@type\":\"ImageObject\",\"inLanguage\":\"es\",\"@id\":\"https:\/\/www.celttv.com.ar\/#\/schema\/person\/image\/\",\"url\":\"https:\/\/secure.gravatar.com\/avatar\/67724d5b3c716623ffd76bec7e45841a442ac3b456e914dbba90b0fad2b8e0b1?s=96&d=mm&r=g\",\"contentUrl\":\"https:\/\/secure.gravatar.com\/avatar\/67724d5b3c716623ffd76bec7e45841a442ac3b456e914dbba90b0fad2b8e0b1?s=96&d=mm&r=g\",\"caption\":\"Miguel Herrada\"}}]}<\/script>\n<!-- \/ Yoast SEO plugin. -->","yoast_head_json":{"title":"Tres Picos festej\u00f3 el 116\u00ba Aniversario de su fundaci\u00f3n - CELTTV","description":"Sitio web de noticias de la localidad de Tornquist, provincia de Buenos Aires, Rep\u00fablica Argentina. Contenido propio originado por periodistas de CELTTV, el canal de TV local de la Cooperativa El\u00e9ctrica de Tornquist. Turismo, Pol\u00edtica, Sociedad, Deporte, Cultura y todo el contenido de inter\u00e9s general que la gente del pueblo y la regi\u00f3n debe conocer.","robots":{"index":"index","follow":"follow","max-snippet":"max-snippet:-1","max-image-preview":"max-image-preview:large","max-video-preview":"max-video-preview:-1"},"canonical":"https:\/\/www.celttv.com.ar\/index.php\/2023\/01\/16\/tres-picos-festejo-el-116o-aniversario-de-su-fundacion\/","og_locale":"es_ES","og_type":"article","og_title":"Tres Picos festej\u00f3 el 116\u00ba Aniversario de su fundaci\u00f3n - CELTTV","og_description":"Sitio web de noticias de la localidad de Tornquist, provincia de Buenos Aires, Rep\u00fablica Argentina. Contenido propio originado por periodistas de CELTTV, el canal de TV local de la Cooperativa El\u00e9ctrica de Tornquist. Turismo, Pol\u00edtica, Sociedad, Deporte, Cultura y todo el contenido de inter\u00e9s general que la gente del pueblo y la regi\u00f3n debe conocer.","og_url":"https:\/\/www.celttv.com.ar\/index.php\/2023\/01\/16\/tres-picos-festejo-el-116o-aniversario-de-su-fundacion\/","og_site_name":"CELTTV","article_publisher":"https:\/\/www.facebook.com\/celtTV\/","article_published_time":"2023-01-16T22:02:27+00:00","og_image":[{"width":1152,"height":768,"url":"https:\/\/www.celttv.com.ar\/wp-content\/uploads\/2023\/01\/IMG_9848-Medium.jpg","type":"image\/jpeg"}],"author":"Miguel Herrada","twitter_card":"summary_large_image","twitter_misc":{"Escrito por":"Miguel Herrada","Tiempo de lectura":"1 minuto"},"schema":{"@context":"https:\/\/schema.org","@graph":[{"@type":"NewsArticle","@id":"https:\/\/www.celttv.com.ar\/index.php\/2023\/01\/16\/tres-picos-festejo-el-116o-aniversario-de-su-fundacion\/#article","isPartOf":{"@id":"https:\/\/www.celttv.com.ar\/index.php\/2023\/01\/16\/tres-picos-festejo-el-116o-aniversario-de-su-fundacion\/"},"author":{"name":"Miguel Herrada","@id":"https:\/\/www.celttv.com.ar\/#\/schema\/person\/9059dc91dc7204ef4182cdb65225f07d"},"headline":"Tres Picos festej\u00f3 el 116\u00ba Aniversario de su fundaci\u00f3n","datePublished":"2023-01-16T22:02:27+00:00","dateModified":"2023-01-16T22:02:27+00:00","mainEntityOfPage":{"@id":"https:\/\/www.celttv.com.ar\/index.php\/2023\/01\/16\/tres-picos-festejo-el-116o-aniversario-de-su-fundacion\/"},"wordCount":239,"publisher":{"@id":"https:\/\/www.celttv.com.ar\/#organization"},"keywords":["Tres Picos festej\u00f3 el 116\u00ba Aniversario de su fundaci\u00f3n"],"articleSection":["Comunidad","Destacadas","Municipales"],"inLanguage":"es"},{"@type":"WebPage","@id":"https:\/\/www.celttv.com.ar\/index.php\/2023\/01\/16\/tres-picos-festejo-el-116o-aniversario-de-su-fundacion\/","url":"https:\/\/www.celttv.com.ar\/index.php\/2023\/01\/16\/tres-picos-festejo-el-116o-aniversario-de-su-fundacion\/","name":"Tres Picos festej\u00f3 el 116\u00ba Aniversario de su fundaci\u00f3n - CELTTV","isPartOf":{"@id":"https:\/\/www.celttv.com.ar\/#website"},"datePublished":"2023-01-16T22:02:27+00:00","dateModified":"2023-01-16T22:02:27+00:00","description":"Sitio web de noticias de la localidad de Tornquist, provincia de Buenos Aires, Rep\u00fablica Argentina. Contenido propio originado por periodistas de CELTTV, el canal de TV local de la Cooperativa El\u00e9ctrica de Tornquist. Turismo, Pol\u00edtica, Sociedad, Deporte, Cultura y todo el contenido de inter\u00e9s general que la gente del pueblo y la regi\u00f3n debe conocer.","breadcrumb":{"@id":"https:\/\/www.celttv.com.ar\/index.php\/2023\/01\/16\/tres-picos-festejo-el-116o-aniversario-de-su-fundacion\/#breadcrumb"},"inLanguage":"es","potentialAction":[{"@type":"ReadAction","target":["https:\/\/www.celttv.com.ar\/index.php\/2023\/01\/16\/tres-picos-festejo-el-116o-aniversario-de-su-fundacion\/"]}]},{"@type":"BreadcrumbList","@id":"https:\/\/www.celttv.com.ar\/index.php\/2023\/01\/16\/tres-picos-festejo-el-116o-aniversario-de-su-fundacion\/#breadcrumb","itemListElement":[{"@type":"ListItem","position":1,"name":"Inicio","item":"https:\/\/www.celttv.com.ar\/"},{"@type":"ListItem","position":2,"name":"Tres Picos festej\u00f3 el 116\u00ba Aniversario de su fundaci\u00f3n"}]},{"@type":"WebSite","@id":"https:\/\/www.celttv.com.ar\/#website","url":"https:\/\/www.celttv.com.ar\/","name":"CELTTV","description":"Cooperativa El\u00e9ctrica de Tornquist","publisher":{"@id":"https:\/\/www.celttv.com.ar\/#organization"},"potentialAction":[{"@type":"SearchAction","target":{"@type":"EntryPoint","urlTemplate":"https:\/\/www.celttv.com.ar\/?s={search_term_string}"},"query-input":"required name=search_term_string"}],"inLanguage":"es"},{"@type":"Organization","@id":"https:\/\/www.celttv.com.ar\/#organization","name":"CELTTV","url":"https:\/\/www.celttv.com.ar\/","sameAs":["https:\/\/www.youtube.com\/channel\/UCz_oIt8Hig64Ub-EmcNPIhg","https:\/\/www.facebook.com\/celtTV\/"],"logo":{"@type":"ImageObject","inLanguage":"es","@id":"https:\/\/www.celttv.com.ar\/#\/schema\/logo\/image\/","url":"http:\/\/www.celttv.com.ar\/wp-content\/uploads\/2022\/08\/logo-1.png","contentUrl":"http:\/\/www.celttv.com.ar\/wp-content\/uploads\/2022\/08\/logo-1.png","width":461,"height":159,"caption":"CELTTV"},"image":{"@id":"https:\/\/www.celttv.com.ar\/#\/schema\/logo\/image\/"}},{"@type":"Person","@id":"https:\/\/www.celttv.com.ar\/#\/schema\/person\/9059dc91dc7204ef4182cdb65225f07d","name":"Miguel Herrada","image":{"@type":"ImageObject","inLanguage":"es","@id":"https:\/\/www.celttv.com.ar\/#\/schema\/person\/image\/","url":"https:\/\/secure.gravatar.com\/avatar\/67724d5b3c716623ffd76bec7e45841a442ac3b456e914dbba90b0fad2b8e0b1?s=96&d=mm&r=g","contentUrl":"https:\/\/secure.gravatar.com\/avatar\/67724d5b3c716623ffd76bec7e45841a442ac3b456e914dbba90b0fad2b8e0b1?s=96&d=mm&r=g","caption":"Miguel Herrada"}}]}},"_links":{"self":[{"href":"https:\/\/www.celttv.com.ar\/index.php\/wp-json\/wp\/v2\/posts\/72994","targetHints":{"allow":["GET"]}}],"collection":[{"href":"https:\/\/www.celttv.com.ar\/index.php\/wp-json\/wp\/v2\/posts"}],"about":[{"href":"https:\/\/www.celttv.com.ar\/index.php\/wp-json\/wp\/v2\/types\/post"}],"author":[{"embeddable":true,"href":"https:\/\/www.celttv.com.ar\/index.php\/wp-json\/wp\/v2\/users\/5"}],"replies":[{"embeddable":true,"href":"https:\/\/www.celttv.com.ar\/index.php\/wp-json\/wp\/v2\/comments?post=72994"}],"version-history":[{"count":2,"href":"https:\/\/www.celttv.com.ar\/index.php\/wp-json\/wp\/v2\/posts\/72994\/revisions"}],"predecessor-version":[{"id":73015,"href":"https:\/\/www.celttv.com.ar\/index.php\/wp-json\/wp\/v2\/posts\/72994\/revisions\/73015"}],"wp:featuredmedia":[{"embeddable":true,"href":"https:\/\/www.celttv.com.ar\/index.php\/wp-json\/wp\/v2\/media\/73009"}],"wp:attachment":[{"href":"https:\/\/www.celttv.com.ar\/index.php\/wp-json\/wp\/v2\/media?parent=72994"}],"wp:term":[{"taxonomy":"category","embeddable":true,"href":"https:\/\/www.celttv.com.ar\/index.php\/wp-json\/wp\/v2\/categories?post=72994"},{"taxonomy":"post_tag","embeddable":true,"href":"https:\/\/www.celttv.com.ar\/index.php\/wp-json\/wp\/v2\/tags?post=72994"}],"curies":[{"name":"wp","href":"https:\/\/api.w.org\/{rel}","templated":true}]}}