{"id":73027,"date":"2023-01-17T19:37:15","date_gmt":"2023-01-17T22:37:15","guid":{"rendered":"http:\/\/www.celttv.com.ar\/?p=73027"},"modified":"2023-01-17T20:02:57","modified_gmt":"2023-01-17T23:02:57","slug":"sierra-de-la-ventana-ya-se-podra-realizar-el-tramite-de-dni-y-pasaporte-en-el-registro-de-las-personas","status":"publish","type":"post","link":"https:\/\/www.celttv.com.ar\/index.php\/2023\/01\/17\/sierra-de-la-ventana-ya-se-podra-realizar-el-tramite-de-dni-y-pasaporte-en-el-registro-de-las-personas\/","title":{"rendered":"Sierra de la Ventana: ya se podr\u00e1 realizar el tramite de DNI y pasaporte en el Registro de las Personas"},"content":{"rendered":"<p>Este martes, el intendente municipal Sergio Bordoni, recibi\u00f3 al Director Provincial del Registro de las Personas de la Provincia de Buenos Aires, Mariano Rios Ordo\u00f1ez, en la delegaci\u00f3n de la localidad de Sierra de la Ventana.<\/p>\n<p>La visita del funcionario provincial se da en el marco del 115 \u00ba aniversario y como respuesta a las gestiones del jefe comunal, de contar con equipamiento para la realizaci\u00f3n de DNI y Pasaporte ciudad serrana.<\/p>\n<p>El equipo inform\u00e1tico que fue entregado esta tarde permitir\u00e1 a los vecinos y vecinas, as\u00ed como tambi\u00e9n a los turistas, realizar sus tr\u00e1mites de forma m\u00e1s \u00e1gil y sencilla sin necesidad de trasladarse a Saldungaray o Tornquist.<\/p>\n<p>La entrega est\u00e1 encuadrada dentro del Plan Federal de Actualizaci\u00f3n Tecnol\u00f3gica, a trav\u00e9s de la cual RENAPER brinda a los Registros Civiles de todo el pa\u00eds, un servicio m\u00e1s federal, inclusivo y equitativo en t\u00e9rminos de acceso \u00a0a la identidad.<\/p>\n<p>El jefe comunal, que estuvo acompa\u00f1ado por el Delegado Local Hugo Polvara, el Delegado de Saldungaray Gerardo Rohlman, el Asesor Legal del municipio Andr\u00e9s Buschi, y la Secretar\u00eda de Hacienda, Estefania Bordoni; agradeci\u00f3 la pronta respuesta de la Ministra de Gobierno, Cristina Alvarez Rodriguez, para acercar un servicio necesario e indispensable para la comunidad de Sierra de la Ventana.<\/p>\n<p><img loading=\"lazy\" decoding=\"async\" class=\"alignnone size-medium wp-image-73028\" src=\"http:\/\/www.celttv.com.ar\/wp-content\/uploads\/2023\/01\/registrosv-300x225.jpeg\" alt=\"\" width=\"300\" height=\"225\" srcset=\"https:\/\/www.celttv.com.ar\/wp-content\/uploads\/2023\/01\/registrosv-300x225.jpeg 300w, https:\/\/www.celttv.com.ar\/wp-content\/uploads\/2023\/01\/registrosv-768x576.jpeg 768w, https:\/\/www.celttv.com.ar\/wp-content\/uploads\/2023\/01\/registrosv-750x563.jpeg 750w, https:\/\/www.celttv.com.ar\/wp-content\/uploads\/2023\/01\/registrosv.jpeg 1024w\" sizes=\"auto, (max-width: 300px) 100vw, 300px\" \/> <img loading=\"lazy\" decoding=\"async\" class=\"alignnone size-medium wp-image-73029\" src=\"http:\/\/www.celttv.com.ar\/wp-content\/uploads\/2023\/01\/registrosv1-300x225.jpeg\" alt=\"\" width=\"300\" height=\"225\" srcset=\"https:\/\/www.celttv.com.ar\/wp-content\/uploads\/2023\/01\/registrosv1-300x225.jpeg 300w, https:\/\/www.celttv.com.ar\/wp-content\/uploads\/2023\/01\/registrosv1-768x576.jpeg 768w, https:\/\/www.celttv.com.ar\/wp-content\/uploads\/2023\/01\/registrosv1-750x563.jpeg 750w, https:\/\/www.celttv.com.ar\/wp-content\/uploads\/2023\/01\/registrosv1.jpeg 1024w\" sizes=\"auto, (max-width: 300px) 100vw, 300px\" \/><\/p>\n<p>&nbsp;<\/p>\n","protected":false},"excerpt":{"rendered":"<p>Este martes, el intendente municipal Sergio Bordoni, recibi\u00f3 al Director Provincial del Registro de las Personas de la Provincia de Buenos Aires, Mariano Rios Ordo\u00f1ez, en la delegaci\u00f3n de la localidad de Sierra de la Ventana. La visita del funcionario provincial se da en el marco del 115 \u00ba aniversario y como respuesta a las [&hellip;]<\/p>\n","protected":false},"author":5,"featured_media":73029,"comment_status":"closed","ping_status":"closed","sticky":false,"template":"","format":"standard","meta":{"footnotes":""},"categories":[51,52,59],"tags":[657],"class_list":["post-73027","post","type-post","status-publish","format-standard","has-post-thumbnail","hentry","category-comunidad","category-destacadas","category-municipales","tag-sierra-de-la-ventana-ya-se-podra-realizar-el-tramite-de-dni-y-pasaporte-en-el-registro-de-las-personas"],"yoast_head":"<!-- This site is optimized with the Yoast SEO plugin v19.7.1 - https:\/\/yoast.com\/wordpress\/plugins\/seo\/ -->\n<title>Sierra de la Ventana: ya se podr\u00e1 realizar el tramite de DNI y pasaporte en el Registro de las Personas - CELTTV<\/title>\n<meta name=\"description\" content=\"Sitio web de noticias de la localidad de Tornquist, provincia de Buenos Aires, Rep\u00fablica Argentina. Contenido propio originado por periodistas de CELTTV, el canal de TV local de la Cooperativa El\u00e9ctrica de Tornquist. Turismo, Pol\u00edtica, Sociedad, Deporte, Cultura y todo el contenido de inter\u00e9s general que la gente del pueblo y la regi\u00f3n debe conocer.\" \/>\n<meta name=\"robots\" content=\"index, follow, max-snippet:-1, max-image-preview:large, max-video-preview:-1\" \/>\n<link rel=\"canonical\" href=\"https:\/\/www.celttv.com.ar\/index.php\/2023\/01\/17\/sierra-de-la-ventana-ya-se-podra-realizar-el-tramite-de-dni-y-pasaporte-en-el-registro-de-las-personas\/\" \/>\n<meta property=\"og:locale\" content=\"es_ES\" \/>\n<meta property=\"og:type\" content=\"article\" \/>\n<meta property=\"og:title\" content=\"Sierra de la Ventana: ya se podr\u00e1 realizar el tramite de DNI y pasaporte en el Registro de las Personas - CELTTV\" \/>\n<meta property=\"og:description\" content=\"Sitio web de noticias de la localidad de Tornquist, provincia de Buenos Aires, Rep\u00fablica Argentina. Contenido propio originado por periodistas de CELTTV, el canal de TV local de la Cooperativa El\u00e9ctrica de Tornquist. Turismo, Pol\u00edtica, Sociedad, Deporte, Cultura y todo el contenido de inter\u00e9s general que la gente del pueblo y la regi\u00f3n debe conocer.\" \/>\n<meta property=\"og:url\" content=\"https:\/\/www.celttv.com.ar\/index.php\/2023\/01\/17\/sierra-de-la-ventana-ya-se-podra-realizar-el-tramite-de-dni-y-pasaporte-en-el-registro-de-las-personas\/\" \/>\n<meta property=\"og:site_name\" content=\"CELTTV\" \/>\n<meta property=\"article:publisher\" content=\"https:\/\/www.facebook.com\/celtTV\/\" \/>\n<meta property=\"article:published_time\" content=\"2023-01-17T22:37:15+00:00\" \/>\n<meta property=\"article:modified_time\" content=\"2023-01-17T23:02:57+00:00\" \/>\n<meta property=\"og:image\" content=\"https:\/\/www.celttv.com.ar\/wp-content\/uploads\/2023\/01\/registrosv1.jpeg\" \/>\n\t<meta property=\"og:image:width\" content=\"1024\" \/>\n\t<meta property=\"og:image:height\" content=\"768\" \/>\n\t<meta property=\"og:image:type\" content=\"image\/jpeg\" \/>\n<meta name=\"author\" content=\"Miguel Herrada\" \/>\n<meta name=\"twitter:card\" content=\"summary_large_image\" \/>\n<meta name=\"twitter:label1\" content=\"Escrito por\" \/>\n\t<meta name=\"twitter:data1\" content=\"Miguel Herrada\" \/>\n\t<meta name=\"twitter:label2\" content=\"Tiempo de lectura\" \/>\n\t<meta name=\"twitter:data2\" content=\"1 minuto\" \/>\n<script type=\"application\/ld+json\" class=\"yoast-schema-graph\">{\"@context\":\"https:\/\/schema.org\",\"@graph\":[{\"@type\":\"NewsArticle\",\"@id\":\"https:\/\/www.celttv.com.ar\/index.php\/2023\/01\/17\/sierra-de-la-ventana-ya-se-podra-realizar-el-tramite-de-dni-y-pasaporte-en-el-registro-de-las-personas\/#article\",\"isPartOf\":{\"@id\":\"https:\/\/www.celttv.com.ar\/index.php\/2023\/01\/17\/sierra-de-la-ventana-ya-se-podra-realizar-el-tramite-de-dni-y-pasaporte-en-el-registro-de-las-personas\/\"},\"author\":{\"name\":\"Miguel Herrada\",\"@id\":\"https:\/\/www.celttv.com.ar\/#\/schema\/person\/9059dc91dc7204ef4182cdb65225f07d\"},\"headline\":\"Sierra de la Ventana: ya se podr\u00e1 realizar el tramite de DNI y pasaporte en el Registro de las Personas\",\"datePublished\":\"2023-01-17T22:37:15+00:00\",\"dateModified\":\"2023-01-17T23:02:57+00:00\",\"mainEntityOfPage\":{\"@id\":\"https:\/\/www.celttv.com.ar\/index.php\/2023\/01\/17\/sierra-de-la-ventana-ya-se-podra-realizar-el-tramite-de-dni-y-pasaporte-en-el-registro-de-las-personas\/\"},\"wordCount\":243,\"publisher\":{\"@id\":\"https:\/\/www.celttv.com.ar\/#organization\"},\"keywords\":[\"Sierra de la Ventana: ya se podr\u00e1 realizar el tramite de DNI y pasaporte en el Registro de las Personas\"],\"articleSection\":[\"Comunidad\",\"Destacadas\",\"Municipales\"],\"inLanguage\":\"es\"},{\"@type\":\"WebPage\",\"@id\":\"https:\/\/www.celttv.com.ar\/index.php\/2023\/01\/17\/sierra-de-la-ventana-ya-se-podra-realizar-el-tramite-de-dni-y-pasaporte-en-el-registro-de-las-personas\/\",\"url\":\"https:\/\/www.celttv.com.ar\/index.php\/2023\/01\/17\/sierra-de-la-ventana-ya-se-podra-realizar-el-tramite-de-dni-y-pasaporte-en-el-registro-de-las-personas\/\",\"name\":\"Sierra de la Ventana: ya se podr\u00e1 realizar el tramite de DNI y pasaporte en el Registro de las Personas - CELTTV\",\"isPartOf\":{\"@id\":\"https:\/\/www.celttv.com.ar\/#website\"},\"datePublished\":\"2023-01-17T22:37:15+00:00\",\"dateModified\":\"2023-01-17T23:02:57+00:00\",\"description\":\"Sitio web de noticias de la localidad de Tornquist, provincia de Buenos Aires, Rep\u00fablica Argentina. Contenido propio originado por periodistas de CELTTV, el canal de TV local de la Cooperativa El\u00e9ctrica de Tornquist. Turismo, Pol\u00edtica, Sociedad, Deporte, Cultura y todo el contenido de inter\u00e9s general que la gente del pueblo y la regi\u00f3n debe conocer.\",\"breadcrumb\":{\"@id\":\"https:\/\/www.celttv.com.ar\/index.php\/2023\/01\/17\/sierra-de-la-ventana-ya-se-podra-realizar-el-tramite-de-dni-y-pasaporte-en-el-registro-de-las-personas\/#breadcrumb\"},\"inLanguage\":\"es\",\"potentialAction\":[{\"@type\":\"ReadAction\",\"target\":[\"https:\/\/www.celttv.com.ar\/index.php\/2023\/01\/17\/sierra-de-la-ventana-ya-se-podra-realizar-el-tramite-de-dni-y-pasaporte-en-el-registro-de-las-personas\/\"]}]},{\"@type\":\"BreadcrumbList\",\"@id\":\"https:\/\/www.celttv.com.ar\/index.php\/2023\/01\/17\/sierra-de-la-ventana-ya-se-podra-realizar-el-tramite-de-dni-y-pasaporte-en-el-registro-de-las-personas\/#breadcrumb\",\"itemListElement\":[{\"@type\":\"ListItem\",\"position\":1,\"name\":\"Inicio\",\"item\":\"https:\/\/www.celttv.com.ar\/\"},{\"@type\":\"ListItem\",\"position\":2,\"name\":\"Sierra de la Ventana: ya se podr\u00e1 realizar el tramite de DNI y pasaporte en el Registro de las Personas\"}]},{\"@type\":\"WebSite\",\"@id\":\"https:\/\/www.celttv.com.ar\/#website\",\"url\":\"https:\/\/www.celttv.com.ar\/\",\"name\":\"CELTTV\",\"description\":\"Cooperativa El\u00e9ctrica de Tornquist\",\"publisher\":{\"@id\":\"https:\/\/www.celttv.com.ar\/#organization\"},\"potentialAction\":[{\"@type\":\"SearchAction\",\"target\":{\"@type\":\"EntryPoint\",\"urlTemplate\":\"https:\/\/www.celttv.com.ar\/?s={search_term_string}\"},\"query-input\":\"required name=search_term_string\"}],\"inLanguage\":\"es\"},{\"@type\":\"Organization\",\"@id\":\"https:\/\/www.celttv.com.ar\/#organization\",\"name\":\"CELTTV\",\"url\":\"https:\/\/www.celttv.com.ar\/\",\"sameAs\":[\"https:\/\/www.youtube.com\/channel\/UCz_oIt8Hig64Ub-EmcNPIhg\",\"https:\/\/www.facebook.com\/celtTV\/\"],\"logo\":{\"@type\":\"ImageObject\",\"inLanguage\":\"es\",\"@id\":\"https:\/\/www.celttv.com.ar\/#\/schema\/logo\/image\/\",\"url\":\"http:\/\/www.celttv.com.ar\/wp-content\/uploads\/2022\/08\/logo-1.png\",\"contentUrl\":\"http:\/\/www.celttv.com.ar\/wp-content\/uploads\/2022\/08\/logo-1.png\",\"width\":461,\"height\":159,\"caption\":\"CELTTV\"},\"image\":{\"@id\":\"https:\/\/www.celttv.com.ar\/#\/schema\/logo\/image\/\"}},{\"@type\":\"Person\",\"@id\":\"https:\/\/www.celttv.com.ar\/#\/schema\/person\/9059dc91dc7204ef4182cdb65225f07d\",\"name\":\"Miguel Herrada\",\"image\":{\"@type\":\"ImageObject\",\"inLanguage\":\"es\",\"@id\":\"https:\/\/www.celttv.com.ar\/#\/schema\/person\/image\/\",\"url\":\"https:\/\/secure.gravatar.com\/avatar\/67724d5b3c716623ffd76bec7e45841a442ac3b456e914dbba90b0fad2b8e0b1?s=96&d=mm&r=g\",\"contentUrl\":\"https:\/\/secure.gravatar.com\/avatar\/67724d5b3c716623ffd76bec7e45841a442ac3b456e914dbba90b0fad2b8e0b1?s=96&d=mm&r=g\",\"caption\":\"Miguel Herrada\"}}]}<\/script>\n<!-- \/ Yoast SEO plugin. -->","yoast_head_json":{"title":"Sierra de la Ventana: ya se podr\u00e1 realizar el tramite de DNI y pasaporte en el Registro de las Personas - CELTTV","description":"Sitio web de noticias de la localidad de Tornquist, provincia de Buenos Aires, Rep\u00fablica Argentina. Contenido propio originado por periodistas de CELTTV, el canal de TV local de la Cooperativa El\u00e9ctrica de Tornquist. Turismo, Pol\u00edtica, Sociedad, Deporte, Cultura y todo el contenido de inter\u00e9s general que la gente del pueblo y la regi\u00f3n debe conocer.","robots":{"index":"index","follow":"follow","max-snippet":"max-snippet:-1","max-image-preview":"max-image-preview:large","max-video-preview":"max-video-preview:-1"},"canonical":"https:\/\/www.celttv.com.ar\/index.php\/2023\/01\/17\/sierra-de-la-ventana-ya-se-podra-realizar-el-tramite-de-dni-y-pasaporte-en-el-registro-de-las-personas\/","og_locale":"es_ES","og_type":"article","og_title":"Sierra de la Ventana: ya se podr\u00e1 realizar el tramite de DNI y pasaporte en el Registro de las Personas - CELTTV","og_description":"Sitio web de noticias de la localidad de Tornquist, provincia de Buenos Aires, Rep\u00fablica Argentina. Contenido propio originado por periodistas de CELTTV, el canal de TV local de la Cooperativa El\u00e9ctrica de Tornquist. Turismo, Pol\u00edtica, Sociedad, Deporte, Cultura y todo el contenido de inter\u00e9s general que la gente del pueblo y la regi\u00f3n debe conocer.","og_url":"https:\/\/www.celttv.com.ar\/index.php\/2023\/01\/17\/sierra-de-la-ventana-ya-se-podra-realizar-el-tramite-de-dni-y-pasaporte-en-el-registro-de-las-personas\/","og_site_name":"CELTTV","article_publisher":"https:\/\/www.facebook.com\/celtTV\/","article_published_time":"2023-01-17T22:37:15+00:00","article_modified_time":"2023-01-17T23:02:57+00:00","og_image":[{"width":1024,"height":768,"url":"https:\/\/www.celttv.com.ar\/wp-content\/uploads\/2023\/01\/registrosv1.jpeg","type":"image\/jpeg"}],"author":"Miguel Herrada","twitter_card":"summary_large_image","twitter_misc":{"Escrito por":"Miguel Herrada","Tiempo de lectura":"1 minuto"},"schema":{"@context":"https:\/\/schema.org","@graph":[{"@type":"NewsArticle","@id":"https:\/\/www.celttv.com.ar\/index.php\/2023\/01\/17\/sierra-de-la-ventana-ya-se-podra-realizar-el-tramite-de-dni-y-pasaporte-en-el-registro-de-las-personas\/#article","isPartOf":{"@id":"https:\/\/www.celttv.com.ar\/index.php\/2023\/01\/17\/sierra-de-la-ventana-ya-se-podra-realizar-el-tramite-de-dni-y-pasaporte-en-el-registro-de-las-personas\/"},"author":{"name":"Miguel Herrada","@id":"https:\/\/www.celttv.com.ar\/#\/schema\/person\/9059dc91dc7204ef4182cdb65225f07d"},"headline":"Sierra de la Ventana: ya se podr\u00e1 realizar el tramite de DNI y pasaporte en el Registro de las Personas","datePublished":"2023-01-17T22:37:15+00:00","dateModified":"2023-01-17T23:02:57+00:00","mainEntityOfPage":{"@id":"https:\/\/www.celttv.com.ar\/index.php\/2023\/01\/17\/sierra-de-la-ventana-ya-se-podra-realizar-el-tramite-de-dni-y-pasaporte-en-el-registro-de-las-personas\/"},"wordCount":243,"publisher":{"@id":"https:\/\/www.celttv.com.ar\/#organization"},"keywords":["Sierra de la Ventana: ya se podr\u00e1 realizar el tramite de DNI y pasaporte en el Registro de las Personas"],"articleSection":["Comunidad","Destacadas","Municipales"],"inLanguage":"es"},{"@type":"WebPage","@id":"https:\/\/www.celttv.com.ar\/index.php\/2023\/01\/17\/sierra-de-la-ventana-ya-se-podra-realizar-el-tramite-de-dni-y-pasaporte-en-el-registro-de-las-personas\/","url":"https:\/\/www.celttv.com.ar\/index.php\/2023\/01\/17\/sierra-de-la-ventana-ya-se-podra-realizar-el-tramite-de-dni-y-pasaporte-en-el-registro-de-las-personas\/","name":"Sierra de la Ventana: ya se podr\u00e1 realizar el tramite de DNI y pasaporte en el Registro de las Personas - CELTTV","isPartOf":{"@id":"https:\/\/www.celttv.com.ar\/#website"},"datePublished":"2023-01-17T22:37:15+00:00","dateModified":"2023-01-17T23:02:57+00:00","description":"Sitio web de noticias de la localidad de Tornquist, provincia de Buenos Aires, Rep\u00fablica Argentina. Contenido propio originado por periodistas de CELTTV, el canal de TV local de la Cooperativa El\u00e9ctrica de Tornquist. Turismo, Pol\u00edtica, Sociedad, Deporte, Cultura y todo el contenido de inter\u00e9s general que la gente del pueblo y la regi\u00f3n debe conocer.","breadcrumb":{"@id":"https:\/\/www.celttv.com.ar\/index.php\/2023\/01\/17\/sierra-de-la-ventana-ya-se-podra-realizar-el-tramite-de-dni-y-pasaporte-en-el-registro-de-las-personas\/#breadcrumb"},"inLanguage":"es","potentialAction":[{"@type":"ReadAction","target":["https:\/\/www.celttv.com.ar\/index.php\/2023\/01\/17\/sierra-de-la-ventana-ya-se-podra-realizar-el-tramite-de-dni-y-pasaporte-en-el-registro-de-las-personas\/"]}]},{"@type":"BreadcrumbList","@id":"https:\/\/www.celttv.com.ar\/index.php\/2023\/01\/17\/sierra-de-la-ventana-ya-se-podra-realizar-el-tramite-de-dni-y-pasaporte-en-el-registro-de-las-personas\/#breadcrumb","itemListElement":[{"@type":"ListItem","position":1,"name":"Inicio","item":"https:\/\/www.celttv.com.ar\/"},{"@type":"ListItem","position":2,"name":"Sierra de la Ventana: ya se podr\u00e1 realizar el tramite de DNI y pasaporte en el Registro de las Personas"}]},{"@type":"WebSite","@id":"https:\/\/www.celttv.com.ar\/#website","url":"https:\/\/www.celttv.com.ar\/","name":"CELTTV","description":"Cooperativa El\u00e9ctrica de Tornquist","publisher":{"@id":"https:\/\/www.celttv.com.ar\/#organization"},"potentialAction":[{"@type":"SearchAction","target":{"@type":"EntryPoint","urlTemplate":"https:\/\/www.celttv.com.ar\/?s={search_term_string}"},"query-input":"required name=search_term_string"}],"inLanguage":"es"},{"@type":"Organization","@id":"https:\/\/www.celttv.com.ar\/#organization","name":"CELTTV","url":"https:\/\/www.celttv.com.ar\/","sameAs":["https:\/\/www.youtube.com\/channel\/UCz_oIt8Hig64Ub-EmcNPIhg","https:\/\/www.facebook.com\/celtTV\/"],"logo":{"@type":"ImageObject","inLanguage":"es","@id":"https:\/\/www.celttv.com.ar\/#\/schema\/logo\/image\/","url":"http:\/\/www.celttv.com.ar\/wp-content\/uploads\/2022\/08\/logo-1.png","contentUrl":"http:\/\/www.celttv.com.ar\/wp-content\/uploads\/2022\/08\/logo-1.png","width":461,"height":159,"caption":"CELTTV"},"image":{"@id":"https:\/\/www.celttv.com.ar\/#\/schema\/logo\/image\/"}},{"@type":"Person","@id":"https:\/\/www.celttv.com.ar\/#\/schema\/person\/9059dc91dc7204ef4182cdb65225f07d","name":"Miguel Herrada","image":{"@type":"ImageObject","inLanguage":"es","@id":"https:\/\/www.celttv.com.ar\/#\/schema\/person\/image\/","url":"https:\/\/secure.gravatar.com\/avatar\/67724d5b3c716623ffd76bec7e45841a442ac3b456e914dbba90b0fad2b8e0b1?s=96&d=mm&r=g","contentUrl":"https:\/\/secure.gravatar.com\/avatar\/67724d5b3c716623ffd76bec7e45841a442ac3b456e914dbba90b0fad2b8e0b1?s=96&d=mm&r=g","caption":"Miguel Herrada"}}]}},"_links":{"self":[{"href":"https:\/\/www.celttv.com.ar\/index.php\/wp-json\/wp\/v2\/posts\/73027","targetHints":{"allow":["GET"]}}],"collection":[{"href":"https:\/\/www.celttv.com.ar\/index.php\/wp-json\/wp\/v2\/posts"}],"about":[{"href":"https:\/\/www.celttv.com.ar\/index.php\/wp-json\/wp\/v2\/types\/post"}],"author":[{"embeddable":true,"href":"https:\/\/www.celttv.com.ar\/index.php\/wp-json\/wp\/v2\/users\/5"}],"replies":[{"embeddable":true,"href":"https:\/\/www.celttv.com.ar\/index.php\/wp-json\/wp\/v2\/comments?post=73027"}],"version-history":[{"count":2,"href":"https:\/\/www.celttv.com.ar\/index.php\/wp-json\/wp\/v2\/posts\/73027\/revisions"}],"predecessor-version":[{"id":73031,"href":"https:\/\/www.celttv.com.ar\/index.php\/wp-json\/wp\/v2\/posts\/73027\/revisions\/73031"}],"wp:featuredmedia":[{"embeddable":true,"href":"https:\/\/www.celttv.com.ar\/index.php\/wp-json\/wp\/v2\/media\/73029"}],"wp:attachment":[{"href":"https:\/\/www.celttv.com.ar\/index.php\/wp-json\/wp\/v2\/media?parent=73027"}],"wp:term":[{"taxonomy":"category","embeddable":true,"href":"https:\/\/www.celttv.com.ar\/index.php\/wp-json\/wp\/v2\/categories?post=73027"},{"taxonomy":"post_tag","embeddable":true,"href":"https:\/\/www.celttv.com.ar\/index.php\/wp-json\/wp\/v2\/tags?post=73027"}],"curies":[{"name":"wp","href":"https:\/\/api.w.org\/{rel}","templated":true}]}}