{"id":73039,"date":"2023-01-18T17:46:00","date_gmt":"2023-01-18T20:46:00","guid":{"rendered":"http:\/\/www.celttv.com.ar\/?p=73039"},"modified":"2023-01-18T17:46:00","modified_gmt":"2023-01-18T20:46:00","slug":"avanza-la-implementacion-del-programa-municipios-por-la-igualdad","status":"publish","type":"post","link":"https:\/\/www.celttv.com.ar\/index.php\/2023\/01\/18\/avanza-la-implementacion-del-programa-municipios-por-la-igualdad\/","title":{"rendered":"Avanza la implementaci\u00f3n del programa \u201cMunicipios por la Igualdad\u201d"},"content":{"rendered":"<p>Este martes, el Subsecretario de Hacienda Bruno Zacconi y la Subsecretaria de Juventudes, Pol\u00edticas de G\u00e9nero y Diversidades, Daniela Aguilar; recorrieron las instalaciones del cuartel de Bomberos Voluntarios de Tornquist, junto a los miembros de la instituci\u00f3n y la Directora Regional de la Sexta Secci\u00f3n del Ministerio de Mujeres, Pol\u00edticas de G\u00e9nero y Diversidad Sexual, Silvia Zaballa;y conversaron sobre las obras de infraestructura que se llevar\u00e1n adelante gracias al Programa \u201cMunicipios por la Igualdad\u201d.<\/p>\n<p>En el lugar fueron recibidos por el presidente de la asociaci\u00f3n bomberil, Julio Nicolini; con quien dialogaron sobre la implementaci\u00f3n del mencionado programa, que es impulsado por Subsecretar\u00eda de Pol\u00edticas Transversales de G\u00e9nero para contribuir a la plena igualdad jur\u00eddica, social, econ\u00f3mica, laboral, cultural y erradicar la discriminaci\u00f3n contra las mujeres y personas LGTBI+.<\/p>\n<p>El convenio rubricado por el intendente Sergio Bordoni junto al Gobernador de la Provincia de Buenos Aire, Axel Kicillof; brindar\u00e1 el financiamiento para construcci\u00f3n de sanitarios y vestuarios en el cuartel local, lo que permitir\u00e1 el ingreso y permanencia de mujeres al cuerpo activo de la instituci\u00f3n.<\/p>\n<p><img loading=\"lazy\" decoding=\"async\" class=\"alignnone size-medium wp-image-73040\" src=\"http:\/\/www.celttv.com.ar\/wp-content\/uploads\/2023\/01\/bomberos-300x226.jpeg\" alt=\"\" width=\"300\" height=\"226\" srcset=\"https:\/\/www.celttv.com.ar\/wp-content\/uploads\/2023\/01\/bomberos-300x226.jpeg 300w, https:\/\/www.celttv.com.ar\/wp-content\/uploads\/2023\/01\/bomberos-1024x771.jpeg 1024w, https:\/\/www.celttv.com.ar\/wp-content\/uploads\/2023\/01\/bomberos-768x578.jpeg 768w, https:\/\/www.celttv.com.ar\/wp-content\/uploads\/2023\/01\/bomberos-1536x1156.jpeg 1536w, https:\/\/www.celttv.com.ar\/wp-content\/uploads\/2023\/01\/bomberos-750x564.jpeg 750w, https:\/\/www.celttv.com.ar\/wp-content\/uploads\/2023\/01\/bomberos-1140x858.jpeg 1140w, https:\/\/www.celttv.com.ar\/wp-content\/uploads\/2023\/01\/bomberos.jpeg 1600w\" sizes=\"auto, (max-width: 300px) 100vw, 300px\" \/> <img loading=\"lazy\" decoding=\"async\" class=\"alignnone size-medium wp-image-73041\" src=\"http:\/\/www.celttv.com.ar\/wp-content\/uploads\/2023\/01\/bomberos1-Medium-225x300.jpeg\" alt=\"\" width=\"225\" height=\"300\" srcset=\"https:\/\/www.celttv.com.ar\/wp-content\/uploads\/2023\/01\/bomberos1-Medium-225x300.jpeg 225w, https:\/\/www.celttv.com.ar\/wp-content\/uploads\/2023\/01\/bomberos1-Medium-750x1000.jpeg 750w, https:\/\/www.celttv.com.ar\/wp-content\/uploads\/2023\/01\/bomberos1-Medium.jpeg 768w\" sizes=\"auto, (max-width: 225px) 100vw, 225px\" \/><\/p>\n<p>&nbsp;<\/p>\n","protected":false},"excerpt":{"rendered":"<p>Este martes, el Subsecretario de Hacienda Bruno Zacconi y la Subsecretaria de Juventudes, Pol\u00edticas de G\u00e9nero y Diversidades, Daniela Aguilar; recorrieron las instalaciones del cuartel de Bomberos Voluntarios de Tornquist, junto a los miembros de la instituci\u00f3n y la Directora Regional de la Sexta Secci\u00f3n del Ministerio de Mujeres, Pol\u00edticas de G\u00e9nero y Diversidad Sexual, [&hellip;]<\/p>\n","protected":false},"author":5,"featured_media":73040,"comment_status":"closed","ping_status":"closed","sticky":false,"template":"","format":"standard","meta":{"footnotes":""},"categories":[51,52,59],"tags":[658],"class_list":["post-73039","post","type-post","status-publish","format-standard","has-post-thumbnail","hentry","category-comunidad","category-destacadas","category-municipales","tag-avanza-la-implementacion-del-programa-municipios-por-la-igualdad"],"yoast_head":"<!-- This site is optimized with the Yoast SEO plugin v19.7.1 - https:\/\/yoast.com\/wordpress\/plugins\/seo\/ -->\n<title>Avanza la implementaci\u00f3n del programa \u201cMunicipios por la Igualdad\u201d - CELTTV<\/title>\n<meta name=\"description\" content=\"Sitio web de noticias de la localidad de Tornquist, provincia de Buenos Aires, Rep\u00fablica Argentina. Contenido propio originado por periodistas de CELTTV, el canal de TV local de la Cooperativa El\u00e9ctrica de Tornquist. Turismo, Pol\u00edtica, Sociedad, Deporte, Cultura y todo el contenido de inter\u00e9s general que la gente del pueblo y la regi\u00f3n debe conocer.\" \/>\n<meta name=\"robots\" content=\"index, follow, max-snippet:-1, max-image-preview:large, max-video-preview:-1\" \/>\n<link rel=\"canonical\" href=\"https:\/\/www.celttv.com.ar\/index.php\/2023\/01\/18\/avanza-la-implementacion-del-programa-municipios-por-la-igualdad\/\" \/>\n<meta property=\"og:locale\" content=\"es_ES\" \/>\n<meta property=\"og:type\" content=\"article\" \/>\n<meta property=\"og:title\" content=\"Avanza la implementaci\u00f3n del programa \u201cMunicipios por la Igualdad\u201d - CELTTV\" \/>\n<meta property=\"og:description\" content=\"Sitio web de noticias de la localidad de Tornquist, provincia de Buenos Aires, Rep\u00fablica Argentina. Contenido propio originado por periodistas de CELTTV, el canal de TV local de la Cooperativa El\u00e9ctrica de Tornquist. Turismo, Pol\u00edtica, Sociedad, Deporte, Cultura y todo el contenido de inter\u00e9s general que la gente del pueblo y la regi\u00f3n debe conocer.\" \/>\n<meta property=\"og:url\" content=\"https:\/\/www.celttv.com.ar\/index.php\/2023\/01\/18\/avanza-la-implementacion-del-programa-municipios-por-la-igualdad\/\" \/>\n<meta property=\"og:site_name\" content=\"CELTTV\" \/>\n<meta property=\"article:publisher\" content=\"https:\/\/www.facebook.com\/celtTV\/\" \/>\n<meta property=\"article:published_time\" content=\"2023-01-18T20:46:00+00:00\" \/>\n<meta property=\"og:image\" content=\"https:\/\/www.celttv.com.ar\/wp-content\/uploads\/2023\/01\/bomberos.jpeg\" \/>\n\t<meta property=\"og:image:width\" content=\"1600\" \/>\n\t<meta property=\"og:image:height\" content=\"1204\" \/>\n\t<meta property=\"og:image:type\" content=\"image\/jpeg\" \/>\n<meta name=\"author\" content=\"Miguel Herrada\" \/>\n<meta name=\"twitter:card\" content=\"summary_large_image\" \/>\n<meta name=\"twitter:label1\" content=\"Escrito por\" \/>\n\t<meta name=\"twitter:data1\" content=\"Miguel Herrada\" \/>\n\t<meta name=\"twitter:label2\" content=\"Tiempo de lectura\" \/>\n\t<meta name=\"twitter:data2\" content=\"1 minuto\" \/>\n<script type=\"application\/ld+json\" class=\"yoast-schema-graph\">{\"@context\":\"https:\/\/schema.org\",\"@graph\":[{\"@type\":\"NewsArticle\",\"@id\":\"https:\/\/www.celttv.com.ar\/index.php\/2023\/01\/18\/avanza-la-implementacion-del-programa-municipios-por-la-igualdad\/#article\",\"isPartOf\":{\"@id\":\"https:\/\/www.celttv.com.ar\/index.php\/2023\/01\/18\/avanza-la-implementacion-del-programa-municipios-por-la-igualdad\/\"},\"author\":{\"name\":\"Miguel Herrada\",\"@id\":\"https:\/\/www.celttv.com.ar\/#\/schema\/person\/9059dc91dc7204ef4182cdb65225f07d\"},\"headline\":\"Avanza la implementaci\u00f3n del programa \u201cMunicipios por la Igualdad\u201d\",\"datePublished\":\"2023-01-18T20:46:00+00:00\",\"dateModified\":\"2023-01-18T20:46:00+00:00\",\"mainEntityOfPage\":{\"@id\":\"https:\/\/www.celttv.com.ar\/index.php\/2023\/01\/18\/avanza-la-implementacion-del-programa-municipios-por-la-igualdad\/\"},\"wordCount\":204,\"publisher\":{\"@id\":\"https:\/\/www.celttv.com.ar\/#organization\"},\"keywords\":[\"Avanza la implementaci\u00f3n del programa \u201cMunicipios por la Igualdad\u201d\"],\"articleSection\":[\"Comunidad\",\"Destacadas\",\"Municipales\"],\"inLanguage\":\"es\"},{\"@type\":\"WebPage\",\"@id\":\"https:\/\/www.celttv.com.ar\/index.php\/2023\/01\/18\/avanza-la-implementacion-del-programa-municipios-por-la-igualdad\/\",\"url\":\"https:\/\/www.celttv.com.ar\/index.php\/2023\/01\/18\/avanza-la-implementacion-del-programa-municipios-por-la-igualdad\/\",\"name\":\"Avanza la implementaci\u00f3n del programa \u201cMunicipios por la Igualdad\u201d - CELTTV\",\"isPartOf\":{\"@id\":\"https:\/\/www.celttv.com.ar\/#website\"},\"datePublished\":\"2023-01-18T20:46:00+00:00\",\"dateModified\":\"2023-01-18T20:46:00+00:00\",\"description\":\"Sitio web de noticias de la localidad de Tornquist, provincia de Buenos Aires, Rep\u00fablica Argentina. Contenido propio originado por periodistas de CELTTV, el canal de TV local de la Cooperativa El\u00e9ctrica de Tornquist. Turismo, Pol\u00edtica, Sociedad, Deporte, Cultura y todo el contenido de inter\u00e9s general que la gente del pueblo y la regi\u00f3n debe conocer.\",\"breadcrumb\":{\"@id\":\"https:\/\/www.celttv.com.ar\/index.php\/2023\/01\/18\/avanza-la-implementacion-del-programa-municipios-por-la-igualdad\/#breadcrumb\"},\"inLanguage\":\"es\",\"potentialAction\":[{\"@type\":\"ReadAction\",\"target\":[\"https:\/\/www.celttv.com.ar\/index.php\/2023\/01\/18\/avanza-la-implementacion-del-programa-municipios-por-la-igualdad\/\"]}]},{\"@type\":\"BreadcrumbList\",\"@id\":\"https:\/\/www.celttv.com.ar\/index.php\/2023\/01\/18\/avanza-la-implementacion-del-programa-municipios-por-la-igualdad\/#breadcrumb\",\"itemListElement\":[{\"@type\":\"ListItem\",\"position\":1,\"name\":\"Inicio\",\"item\":\"https:\/\/www.celttv.com.ar\/\"},{\"@type\":\"ListItem\",\"position\":2,\"name\":\"Avanza la implementaci\u00f3n del programa \u201cMunicipios por la Igualdad\u201d\"}]},{\"@type\":\"WebSite\",\"@id\":\"https:\/\/www.celttv.com.ar\/#website\",\"url\":\"https:\/\/www.celttv.com.ar\/\",\"name\":\"CELTTV\",\"description\":\"Cooperativa El\u00e9ctrica de Tornquist\",\"publisher\":{\"@id\":\"https:\/\/www.celttv.com.ar\/#organization\"},\"potentialAction\":[{\"@type\":\"SearchAction\",\"target\":{\"@type\":\"EntryPoint\",\"urlTemplate\":\"https:\/\/www.celttv.com.ar\/?s={search_term_string}\"},\"query-input\":\"required name=search_term_string\"}],\"inLanguage\":\"es\"},{\"@type\":\"Organization\",\"@id\":\"https:\/\/www.celttv.com.ar\/#organization\",\"name\":\"CELTTV\",\"url\":\"https:\/\/www.celttv.com.ar\/\",\"sameAs\":[\"https:\/\/www.youtube.com\/channel\/UCz_oIt8Hig64Ub-EmcNPIhg\",\"https:\/\/www.facebook.com\/celtTV\/\"],\"logo\":{\"@type\":\"ImageObject\",\"inLanguage\":\"es\",\"@id\":\"https:\/\/www.celttv.com.ar\/#\/schema\/logo\/image\/\",\"url\":\"http:\/\/www.celttv.com.ar\/wp-content\/uploads\/2022\/08\/logo-1.png\",\"contentUrl\":\"http:\/\/www.celttv.com.ar\/wp-content\/uploads\/2022\/08\/logo-1.png\",\"width\":461,\"height\":159,\"caption\":\"CELTTV\"},\"image\":{\"@id\":\"https:\/\/www.celttv.com.ar\/#\/schema\/logo\/image\/\"}},{\"@type\":\"Person\",\"@id\":\"https:\/\/www.celttv.com.ar\/#\/schema\/person\/9059dc91dc7204ef4182cdb65225f07d\",\"name\":\"Miguel Herrada\",\"image\":{\"@type\":\"ImageObject\",\"inLanguage\":\"es\",\"@id\":\"https:\/\/www.celttv.com.ar\/#\/schema\/person\/image\/\",\"url\":\"https:\/\/secure.gravatar.com\/avatar\/67724d5b3c716623ffd76bec7e45841a442ac3b456e914dbba90b0fad2b8e0b1?s=96&d=mm&r=g\",\"contentUrl\":\"https:\/\/secure.gravatar.com\/avatar\/67724d5b3c716623ffd76bec7e45841a442ac3b456e914dbba90b0fad2b8e0b1?s=96&d=mm&r=g\",\"caption\":\"Miguel Herrada\"}}]}<\/script>\n<!-- \/ Yoast SEO plugin. -->","yoast_head_json":{"title":"Avanza la implementaci\u00f3n del programa \u201cMunicipios por la Igualdad\u201d - CELTTV","description":"Sitio web de noticias de la localidad de Tornquist, provincia de Buenos Aires, Rep\u00fablica Argentina. Contenido propio originado por periodistas de CELTTV, el canal de TV local de la Cooperativa El\u00e9ctrica de Tornquist. Turismo, Pol\u00edtica, Sociedad, Deporte, Cultura y todo el contenido de inter\u00e9s general que la gente del pueblo y la regi\u00f3n debe conocer.","robots":{"index":"index","follow":"follow","max-snippet":"max-snippet:-1","max-image-preview":"max-image-preview:large","max-video-preview":"max-video-preview:-1"},"canonical":"https:\/\/www.celttv.com.ar\/index.php\/2023\/01\/18\/avanza-la-implementacion-del-programa-municipios-por-la-igualdad\/","og_locale":"es_ES","og_type":"article","og_title":"Avanza la implementaci\u00f3n del programa \u201cMunicipios por la Igualdad\u201d - CELTTV","og_description":"Sitio web de noticias de la localidad de Tornquist, provincia de Buenos Aires, Rep\u00fablica Argentina. Contenido propio originado por periodistas de CELTTV, el canal de TV local de la Cooperativa El\u00e9ctrica de Tornquist. Turismo, Pol\u00edtica, Sociedad, Deporte, Cultura y todo el contenido de inter\u00e9s general que la gente del pueblo y la regi\u00f3n debe conocer.","og_url":"https:\/\/www.celttv.com.ar\/index.php\/2023\/01\/18\/avanza-la-implementacion-del-programa-municipios-por-la-igualdad\/","og_site_name":"CELTTV","article_publisher":"https:\/\/www.facebook.com\/celtTV\/","article_published_time":"2023-01-18T20:46:00+00:00","og_image":[{"width":1600,"height":1204,"url":"https:\/\/www.celttv.com.ar\/wp-content\/uploads\/2023\/01\/bomberos.jpeg","type":"image\/jpeg"}],"author":"Miguel Herrada","twitter_card":"summary_large_image","twitter_misc":{"Escrito por":"Miguel Herrada","Tiempo de lectura":"1 minuto"},"schema":{"@context":"https:\/\/schema.org","@graph":[{"@type":"NewsArticle","@id":"https:\/\/www.celttv.com.ar\/index.php\/2023\/01\/18\/avanza-la-implementacion-del-programa-municipios-por-la-igualdad\/#article","isPartOf":{"@id":"https:\/\/www.celttv.com.ar\/index.php\/2023\/01\/18\/avanza-la-implementacion-del-programa-municipios-por-la-igualdad\/"},"author":{"name":"Miguel Herrada","@id":"https:\/\/www.celttv.com.ar\/#\/schema\/person\/9059dc91dc7204ef4182cdb65225f07d"},"headline":"Avanza la implementaci\u00f3n del programa \u201cMunicipios por la Igualdad\u201d","datePublished":"2023-01-18T20:46:00+00:00","dateModified":"2023-01-18T20:46:00+00:00","mainEntityOfPage":{"@id":"https:\/\/www.celttv.com.ar\/index.php\/2023\/01\/18\/avanza-la-implementacion-del-programa-municipios-por-la-igualdad\/"},"wordCount":204,"publisher":{"@id":"https:\/\/www.celttv.com.ar\/#organization"},"keywords":["Avanza la implementaci\u00f3n del programa \u201cMunicipios por la Igualdad\u201d"],"articleSection":["Comunidad","Destacadas","Municipales"],"inLanguage":"es"},{"@type":"WebPage","@id":"https:\/\/www.celttv.com.ar\/index.php\/2023\/01\/18\/avanza-la-implementacion-del-programa-municipios-por-la-igualdad\/","url":"https:\/\/www.celttv.com.ar\/index.php\/2023\/01\/18\/avanza-la-implementacion-del-programa-municipios-por-la-igualdad\/","name":"Avanza la implementaci\u00f3n del programa \u201cMunicipios por la Igualdad\u201d - CELTTV","isPartOf":{"@id":"https:\/\/www.celttv.com.ar\/#website"},"datePublished":"2023-01-18T20:46:00+00:00","dateModified":"2023-01-18T20:46:00+00:00","description":"Sitio web de noticias de la localidad de Tornquist, provincia de Buenos Aires, Rep\u00fablica Argentina. Contenido propio originado por periodistas de CELTTV, el canal de TV local de la Cooperativa El\u00e9ctrica de Tornquist. Turismo, Pol\u00edtica, Sociedad, Deporte, Cultura y todo el contenido de inter\u00e9s general que la gente del pueblo y la regi\u00f3n debe conocer.","breadcrumb":{"@id":"https:\/\/www.celttv.com.ar\/index.php\/2023\/01\/18\/avanza-la-implementacion-del-programa-municipios-por-la-igualdad\/#breadcrumb"},"inLanguage":"es","potentialAction":[{"@type":"ReadAction","target":["https:\/\/www.celttv.com.ar\/index.php\/2023\/01\/18\/avanza-la-implementacion-del-programa-municipios-por-la-igualdad\/"]}]},{"@type":"BreadcrumbList","@id":"https:\/\/www.celttv.com.ar\/index.php\/2023\/01\/18\/avanza-la-implementacion-del-programa-municipios-por-la-igualdad\/#breadcrumb","itemListElement":[{"@type":"ListItem","position":1,"name":"Inicio","item":"https:\/\/www.celttv.com.ar\/"},{"@type":"ListItem","position":2,"name":"Avanza la implementaci\u00f3n del programa \u201cMunicipios por la Igualdad\u201d"}]},{"@type":"WebSite","@id":"https:\/\/www.celttv.com.ar\/#website","url":"https:\/\/www.celttv.com.ar\/","name":"CELTTV","description":"Cooperativa El\u00e9ctrica de Tornquist","publisher":{"@id":"https:\/\/www.celttv.com.ar\/#organization"},"potentialAction":[{"@type":"SearchAction","target":{"@type":"EntryPoint","urlTemplate":"https:\/\/www.celttv.com.ar\/?s={search_term_string}"},"query-input":"required name=search_term_string"}],"inLanguage":"es"},{"@type":"Organization","@id":"https:\/\/www.celttv.com.ar\/#organization","name":"CELTTV","url":"https:\/\/www.celttv.com.ar\/","sameAs":["https:\/\/www.youtube.com\/channel\/UCz_oIt8Hig64Ub-EmcNPIhg","https:\/\/www.facebook.com\/celtTV\/"],"logo":{"@type":"ImageObject","inLanguage":"es","@id":"https:\/\/www.celttv.com.ar\/#\/schema\/logo\/image\/","url":"http:\/\/www.celttv.com.ar\/wp-content\/uploads\/2022\/08\/logo-1.png","contentUrl":"http:\/\/www.celttv.com.ar\/wp-content\/uploads\/2022\/08\/logo-1.png","width":461,"height":159,"caption":"CELTTV"},"image":{"@id":"https:\/\/www.celttv.com.ar\/#\/schema\/logo\/image\/"}},{"@type":"Person","@id":"https:\/\/www.celttv.com.ar\/#\/schema\/person\/9059dc91dc7204ef4182cdb65225f07d","name":"Miguel Herrada","image":{"@type":"ImageObject","inLanguage":"es","@id":"https:\/\/www.celttv.com.ar\/#\/schema\/person\/image\/","url":"https:\/\/secure.gravatar.com\/avatar\/67724d5b3c716623ffd76bec7e45841a442ac3b456e914dbba90b0fad2b8e0b1?s=96&d=mm&r=g","contentUrl":"https:\/\/secure.gravatar.com\/avatar\/67724d5b3c716623ffd76bec7e45841a442ac3b456e914dbba90b0fad2b8e0b1?s=96&d=mm&r=g","caption":"Miguel Herrada"}}]}},"_links":{"self":[{"href":"https:\/\/www.celttv.com.ar\/index.php\/wp-json\/wp\/v2\/posts\/73039","targetHints":{"allow":["GET"]}}],"collection":[{"href":"https:\/\/www.celttv.com.ar\/index.php\/wp-json\/wp\/v2\/posts"}],"about":[{"href":"https:\/\/www.celttv.com.ar\/index.php\/wp-json\/wp\/v2\/types\/post"}],"author":[{"embeddable":true,"href":"https:\/\/www.celttv.com.ar\/index.php\/wp-json\/wp\/v2\/users\/5"}],"replies":[{"embeddable":true,"href":"https:\/\/www.celttv.com.ar\/index.php\/wp-json\/wp\/v2\/comments?post=73039"}],"version-history":[{"count":1,"href":"https:\/\/www.celttv.com.ar\/index.php\/wp-json\/wp\/v2\/posts\/73039\/revisions"}],"predecessor-version":[{"id":73042,"href":"https:\/\/www.celttv.com.ar\/index.php\/wp-json\/wp\/v2\/posts\/73039\/revisions\/73042"}],"wp:featuredmedia":[{"embeddable":true,"href":"https:\/\/www.celttv.com.ar\/index.php\/wp-json\/wp\/v2\/media\/73040"}],"wp:attachment":[{"href":"https:\/\/www.celttv.com.ar\/index.php\/wp-json\/wp\/v2\/media?parent=73039"}],"wp:term":[{"taxonomy":"category","embeddable":true,"href":"https:\/\/www.celttv.com.ar\/index.php\/wp-json\/wp\/v2\/categories?post=73039"},{"taxonomy":"post_tag","embeddable":true,"href":"https:\/\/www.celttv.com.ar\/index.php\/wp-json\/wp\/v2\/tags?post=73039"}],"curies":[{"name":"wp","href":"https:\/\/api.w.org\/{rel}","templated":true}]}}