{"id":73047,"date":"2023-01-19T18:53:14","date_gmt":"2023-01-19T21:53:14","guid":{"rendered":"http:\/\/www.celttv.com.ar\/?p=73047"},"modified":"2023-01-19T18:54:22","modified_gmt":"2023-01-19T21:54:22","slug":"los-bomberos-rescataron-una-persona-en-el-cerro-ventana","status":"publish","type":"post","link":"https:\/\/www.celttv.com.ar\/index.php\/2023\/01\/19\/los-bomberos-rescataron-una-persona-en-el-cerro-ventana\/","title":{"rendered":"Los bomberos rescataron una persona en el cerro Ventana"},"content":{"rendered":"<p>Una turista proveniente de Ituzaing\u00f3 debi\u00f3 ser rescatada por los Bomberos tras sufrir una lesi\u00f3n cuando descend\u00eda de la excursi\u00f3n al Cerro Ventana.<\/p>\n<p>Rocio Brito, la joven de 32 a\u00f1os, que se alojaba en un domicilio de Valle Hermoso, habr\u00eda sufrido un esguince en su tobillo izquierdo lo que le imped\u00eda desplazarse por sus propios medios. Por tal motivo se dio aviso a los Bomberos Voluntarios que la trasladaron en camilla desde la posta 7 hasta la base del cerro.<\/p>\n<p>Participaron del\u00a0 rescate dotaciones del los Cuarteles de Bomberos Voluntarios de Tornquist, Villa Ventana y Sierra de la Ventana.<\/p>\n<p><img loading=\"lazy\" decoding=\"async\" class=\"alignnone size-medium wp-image-73048\" src=\"http:\/\/www.celttv.com.ar\/wp-content\/uploads\/2023\/01\/259cdda8-726d-4801-84e2-9071ac42d561-300x169.jpg\" alt=\"\" width=\"300\" height=\"169\" srcset=\"https:\/\/www.celttv.com.ar\/wp-content\/uploads\/2023\/01\/259cdda8-726d-4801-84e2-9071ac42d561-300x169.jpg 300w, https:\/\/www.celttv.com.ar\/wp-content\/uploads\/2023\/01\/259cdda8-726d-4801-84e2-9071ac42d561-1024x576.jpg 1024w, https:\/\/www.celttv.com.ar\/wp-content\/uploads\/2023\/01\/259cdda8-726d-4801-84e2-9071ac42d561-768x432.jpg 768w, https:\/\/www.celttv.com.ar\/wp-content\/uploads\/2023\/01\/259cdda8-726d-4801-84e2-9071ac42d561-1536x864.jpg 1536w, https:\/\/www.celttv.com.ar\/wp-content\/uploads\/2023\/01\/259cdda8-726d-4801-84e2-9071ac42d561-750x422.jpg 750w, https:\/\/www.celttv.com.ar\/wp-content\/uploads\/2023\/01\/259cdda8-726d-4801-84e2-9071ac42d561-1140x641.jpg 1140w, https:\/\/www.celttv.com.ar\/wp-content\/uploads\/2023\/01\/259cdda8-726d-4801-84e2-9071ac42d561.jpg 1599w\" sizes=\"auto, (max-width: 300px) 100vw, 300px\" \/> <img loading=\"lazy\" decoding=\"async\" class=\"alignnone size-medium wp-image-73049\" src=\"http:\/\/www.celttv.com.ar\/wp-content\/uploads\/2023\/01\/987c410d-bbe2-4111-9b73-a33c7b815ede-1-169x300.jpg\" alt=\"\" width=\"169\" height=\"300\" srcset=\"https:\/\/www.celttv.com.ar\/wp-content\/uploads\/2023\/01\/987c410d-bbe2-4111-9b73-a33c7b815ede-1-169x300.jpg 169w, https:\/\/www.celttv.com.ar\/wp-content\/uploads\/2023\/01\/987c410d-bbe2-4111-9b73-a33c7b815ede-1-576x1024.jpg 576w, https:\/\/www.celttv.com.ar\/wp-content\/uploads\/2023\/01\/987c410d-bbe2-4111-9b73-a33c7b815ede-1-768x1366.jpg 768w, https:\/\/www.celttv.com.ar\/wp-content\/uploads\/2023\/01\/987c410d-bbe2-4111-9b73-a33c7b815ede-1-864x1536.jpg 864w, https:\/\/www.celttv.com.ar\/wp-content\/uploads\/2023\/01\/987c410d-bbe2-4111-9b73-a33c7b815ede-1-750x1334.jpg 750w, https:\/\/www.celttv.com.ar\/wp-content\/uploads\/2023\/01\/987c410d-bbe2-4111-9b73-a33c7b815ede-1.jpg 899w\" sizes=\"auto, (max-width: 169px) 100vw, 169px\" \/> <img loading=\"lazy\" decoding=\"async\" class=\"alignnone size-medium wp-image-73050\" src=\"http:\/\/www.celttv.com.ar\/wp-content\/uploads\/2023\/01\/3390a5d6-d169-4a20-a5de-06b2f92a77f9-300x169.jpg\" alt=\"\" width=\"300\" height=\"169\" srcset=\"https:\/\/www.celttv.com.ar\/wp-content\/uploads\/2023\/01\/3390a5d6-d169-4a20-a5de-06b2f92a77f9-300x169.jpg 300w, https:\/\/www.celttv.com.ar\/wp-content\/uploads\/2023\/01\/3390a5d6-d169-4a20-a5de-06b2f92a77f9-1024x576.jpg 1024w, https:\/\/www.celttv.com.ar\/wp-content\/uploads\/2023\/01\/3390a5d6-d169-4a20-a5de-06b2f92a77f9-768x432.jpg 768w, https:\/\/www.celttv.com.ar\/wp-content\/uploads\/2023\/01\/3390a5d6-d169-4a20-a5de-06b2f92a77f9-1536x864.jpg 1536w, https:\/\/www.celttv.com.ar\/wp-content\/uploads\/2023\/01\/3390a5d6-d169-4a20-a5de-06b2f92a77f9-750x422.jpg 750w, https:\/\/www.celttv.com.ar\/wp-content\/uploads\/2023\/01\/3390a5d6-d169-4a20-a5de-06b2f92a77f9-1140x641.jpg 1140w, https:\/\/www.celttv.com.ar\/wp-content\/uploads\/2023\/01\/3390a5d6-d169-4a20-a5de-06b2f92a77f9.jpg 1599w\" sizes=\"auto, (max-width: 300px) 100vw, 300px\" \/> <img loading=\"lazy\" decoding=\"async\" class=\"alignnone size-medium wp-image-73051\" src=\"http:\/\/www.celttv.com.ar\/wp-content\/uploads\/2023\/01\/ffceeea5-736e-4904-a8b3-fad2ccc65d71-169x300.jpg\" alt=\"\" width=\"169\" height=\"300\" srcset=\"https:\/\/www.celttv.com.ar\/wp-content\/uploads\/2023\/01\/ffceeea5-736e-4904-a8b3-fad2ccc65d71-169x300.jpg 169w, https:\/\/www.celttv.com.ar\/wp-content\/uploads\/2023\/01\/ffceeea5-736e-4904-a8b3-fad2ccc65d71-576x1024.jpg 576w, https:\/\/www.celttv.com.ar\/wp-content\/uploads\/2023\/01\/ffceeea5-736e-4904-a8b3-fad2ccc65d71-768x1366.jpg 768w, https:\/\/www.celttv.com.ar\/wp-content\/uploads\/2023\/01\/ffceeea5-736e-4904-a8b3-fad2ccc65d71-864x1536.jpg 864w, https:\/\/www.celttv.com.ar\/wp-content\/uploads\/2023\/01\/ffceeea5-736e-4904-a8b3-fad2ccc65d71-750x1334.jpg 750w, https:\/\/www.celttv.com.ar\/wp-content\/uploads\/2023\/01\/ffceeea5-736e-4904-a8b3-fad2ccc65d71.jpg 899w\" sizes=\"auto, (max-width: 169px) 100vw, 169px\" \/><\/p>\n<p>&nbsp;<\/p>\n","protected":false},"excerpt":{"rendered":"<p>Una turista proveniente de Ituzaing\u00f3 debi\u00f3 ser rescatada por los Bomberos tras sufrir una lesi\u00f3n cuando descend\u00eda de la excursi\u00f3n al Cerro Ventana. Rocio Brito, la joven de 32 a\u00f1os, que se alojaba en un domicilio de Valle Hermoso, habr\u00eda sufrido un esguince en su tobillo izquierdo lo que le imped\u00eda desplazarse por sus propios [&hellip;]<\/p>\n","protected":false},"author":5,"featured_media":73049,"comment_status":"closed","ping_status":"closed","sticky":false,"template":"","format":"standard","meta":{"footnotes":""},"categories":[51,52],"tags":[659],"class_list":["post-73047","post","type-post","status-publish","format-standard","has-post-thumbnail","hentry","category-comunidad","category-destacadas","tag-los-bomberos-rescataron-una-persona-en-el-cerro-ventana"],"yoast_head":"<!-- This site is optimized with the Yoast SEO plugin v19.7.1 - https:\/\/yoast.com\/wordpress\/plugins\/seo\/ -->\n<title>Los bomberos rescataron una persona en el cerro Ventana - CELTTV<\/title>\n<meta name=\"description\" content=\"Sitio web de noticias de la localidad de Tornquist, provincia de Buenos Aires, Rep\u00fablica Argentina. Contenido propio originado por periodistas de CELTTV, el canal de TV local de la Cooperativa El\u00e9ctrica de Tornquist. Turismo, Pol\u00edtica, Sociedad, Deporte, Cultura y todo el contenido de inter\u00e9s general que la gente del pueblo y la regi\u00f3n debe conocer.\" \/>\n<meta name=\"robots\" content=\"index, follow, max-snippet:-1, max-image-preview:large, max-video-preview:-1\" \/>\n<link rel=\"canonical\" href=\"https:\/\/www.celttv.com.ar\/index.php\/2023\/01\/19\/los-bomberos-rescataron-una-persona-en-el-cerro-ventana\/\" \/>\n<meta property=\"og:locale\" content=\"es_ES\" \/>\n<meta property=\"og:type\" content=\"article\" \/>\n<meta property=\"og:title\" content=\"Los bomberos rescataron una persona en el cerro Ventana - CELTTV\" \/>\n<meta property=\"og:description\" content=\"Sitio web de noticias de la localidad de Tornquist, provincia de Buenos Aires, Rep\u00fablica Argentina. Contenido propio originado por periodistas de CELTTV, el canal de TV local de la Cooperativa El\u00e9ctrica de Tornquist. Turismo, Pol\u00edtica, Sociedad, Deporte, Cultura y todo el contenido de inter\u00e9s general que la gente del pueblo y la regi\u00f3n debe conocer.\" \/>\n<meta property=\"og:url\" content=\"https:\/\/www.celttv.com.ar\/index.php\/2023\/01\/19\/los-bomberos-rescataron-una-persona-en-el-cerro-ventana\/\" \/>\n<meta property=\"og:site_name\" content=\"CELTTV\" \/>\n<meta property=\"article:publisher\" content=\"https:\/\/www.facebook.com\/celtTV\/\" \/>\n<meta property=\"article:published_time\" content=\"2023-01-19T21:53:14+00:00\" \/>\n<meta property=\"article:modified_time\" content=\"2023-01-19T21:54:22+00:00\" \/>\n<meta property=\"og:image\" content=\"https:\/\/www.celttv.com.ar\/wp-content\/uploads\/2023\/01\/987c410d-bbe2-4111-9b73-a33c7b815ede-1.jpg\" \/>\n\t<meta property=\"og:image:width\" content=\"899\" \/>\n\t<meta property=\"og:image:height\" content=\"1599\" \/>\n\t<meta property=\"og:image:type\" content=\"image\/jpeg\" \/>\n<meta name=\"author\" content=\"Miguel Herrada\" \/>\n<meta name=\"twitter:card\" content=\"summary_large_image\" \/>\n<meta name=\"twitter:label1\" content=\"Escrito por\" \/>\n\t<meta name=\"twitter:data1\" content=\"Miguel Herrada\" \/>\n\t<meta name=\"twitter:label2\" content=\"Tiempo de lectura\" \/>\n\t<meta name=\"twitter:data2\" content=\"1 minuto\" \/>\n<script type=\"application\/ld+json\" class=\"yoast-schema-graph\">{\"@context\":\"https:\/\/schema.org\",\"@graph\":[{\"@type\":\"NewsArticle\",\"@id\":\"https:\/\/www.celttv.com.ar\/index.php\/2023\/01\/19\/los-bomberos-rescataron-una-persona-en-el-cerro-ventana\/#article\",\"isPartOf\":{\"@id\":\"https:\/\/www.celttv.com.ar\/index.php\/2023\/01\/19\/los-bomberos-rescataron-una-persona-en-el-cerro-ventana\/\"},\"author\":{\"name\":\"Miguel Herrada\",\"@id\":\"https:\/\/www.celttv.com.ar\/#\/schema\/person\/9059dc91dc7204ef4182cdb65225f07d\"},\"headline\":\"Los bomberos rescataron una persona en el cerro Ventana\",\"datePublished\":\"2023-01-19T21:53:14+00:00\",\"dateModified\":\"2023-01-19T21:54:22+00:00\",\"mainEntityOfPage\":{\"@id\":\"https:\/\/www.celttv.com.ar\/index.php\/2023\/01\/19\/los-bomberos-rescataron-una-persona-en-el-cerro-ventana\/\"},\"wordCount\":113,\"publisher\":{\"@id\":\"https:\/\/www.celttv.com.ar\/#organization\"},\"keywords\":[\"Los bomberos rescataron una persona en el cerro Ventana\"],\"articleSection\":[\"Comunidad\",\"Destacadas\"],\"inLanguage\":\"es\"},{\"@type\":\"WebPage\",\"@id\":\"https:\/\/www.celttv.com.ar\/index.php\/2023\/01\/19\/los-bomberos-rescataron-una-persona-en-el-cerro-ventana\/\",\"url\":\"https:\/\/www.celttv.com.ar\/index.php\/2023\/01\/19\/los-bomberos-rescataron-una-persona-en-el-cerro-ventana\/\",\"name\":\"Los bomberos rescataron una persona en el cerro Ventana - CELTTV\",\"isPartOf\":{\"@id\":\"https:\/\/www.celttv.com.ar\/#website\"},\"datePublished\":\"2023-01-19T21:53:14+00:00\",\"dateModified\":\"2023-01-19T21:54:22+00:00\",\"description\":\"Sitio web de noticias de la localidad de Tornquist, provincia de Buenos Aires, Rep\u00fablica Argentina. Contenido propio originado por periodistas de CELTTV, el canal de TV local de la Cooperativa El\u00e9ctrica de Tornquist. Turismo, Pol\u00edtica, Sociedad, Deporte, Cultura y todo el contenido de inter\u00e9s general que la gente del pueblo y la regi\u00f3n debe conocer.\",\"breadcrumb\":{\"@id\":\"https:\/\/www.celttv.com.ar\/index.php\/2023\/01\/19\/los-bomberos-rescataron-una-persona-en-el-cerro-ventana\/#breadcrumb\"},\"inLanguage\":\"es\",\"potentialAction\":[{\"@type\":\"ReadAction\",\"target\":[\"https:\/\/www.celttv.com.ar\/index.php\/2023\/01\/19\/los-bomberos-rescataron-una-persona-en-el-cerro-ventana\/\"]}]},{\"@type\":\"BreadcrumbList\",\"@id\":\"https:\/\/www.celttv.com.ar\/index.php\/2023\/01\/19\/los-bomberos-rescataron-una-persona-en-el-cerro-ventana\/#breadcrumb\",\"itemListElement\":[{\"@type\":\"ListItem\",\"position\":1,\"name\":\"Inicio\",\"item\":\"https:\/\/www.celttv.com.ar\/\"},{\"@type\":\"ListItem\",\"position\":2,\"name\":\"Los bomberos rescataron una persona en el cerro Ventana\"}]},{\"@type\":\"WebSite\",\"@id\":\"https:\/\/www.celttv.com.ar\/#website\",\"url\":\"https:\/\/www.celttv.com.ar\/\",\"name\":\"CELTTV\",\"description\":\"Cooperativa El\u00e9ctrica de Tornquist\",\"publisher\":{\"@id\":\"https:\/\/www.celttv.com.ar\/#organization\"},\"potentialAction\":[{\"@type\":\"SearchAction\",\"target\":{\"@type\":\"EntryPoint\",\"urlTemplate\":\"https:\/\/www.celttv.com.ar\/?s={search_term_string}\"},\"query-input\":\"required name=search_term_string\"}],\"inLanguage\":\"es\"},{\"@type\":\"Organization\",\"@id\":\"https:\/\/www.celttv.com.ar\/#organization\",\"name\":\"CELTTV\",\"url\":\"https:\/\/www.celttv.com.ar\/\",\"sameAs\":[\"https:\/\/www.youtube.com\/channel\/UCz_oIt8Hig64Ub-EmcNPIhg\",\"https:\/\/www.facebook.com\/celtTV\/\"],\"logo\":{\"@type\":\"ImageObject\",\"inLanguage\":\"es\",\"@id\":\"https:\/\/www.celttv.com.ar\/#\/schema\/logo\/image\/\",\"url\":\"http:\/\/www.celttv.com.ar\/wp-content\/uploads\/2022\/08\/logo-1.png\",\"contentUrl\":\"http:\/\/www.celttv.com.ar\/wp-content\/uploads\/2022\/08\/logo-1.png\",\"width\":461,\"height\":159,\"caption\":\"CELTTV\"},\"image\":{\"@id\":\"https:\/\/www.celttv.com.ar\/#\/schema\/logo\/image\/\"}},{\"@type\":\"Person\",\"@id\":\"https:\/\/www.celttv.com.ar\/#\/schema\/person\/9059dc91dc7204ef4182cdb65225f07d\",\"name\":\"Miguel Herrada\",\"image\":{\"@type\":\"ImageObject\",\"inLanguage\":\"es\",\"@id\":\"https:\/\/www.celttv.com.ar\/#\/schema\/person\/image\/\",\"url\":\"https:\/\/secure.gravatar.com\/avatar\/67724d5b3c716623ffd76bec7e45841a442ac3b456e914dbba90b0fad2b8e0b1?s=96&d=mm&r=g\",\"contentUrl\":\"https:\/\/secure.gravatar.com\/avatar\/67724d5b3c716623ffd76bec7e45841a442ac3b456e914dbba90b0fad2b8e0b1?s=96&d=mm&r=g\",\"caption\":\"Miguel Herrada\"}}]}<\/script>\n<!-- \/ Yoast SEO plugin. -->","yoast_head_json":{"title":"Los bomberos rescataron una persona en el cerro Ventana - CELTTV","description":"Sitio web de noticias de la localidad de Tornquist, provincia de Buenos Aires, Rep\u00fablica Argentina. Contenido propio originado por periodistas de CELTTV, el canal de TV local de la Cooperativa El\u00e9ctrica de Tornquist. Turismo, Pol\u00edtica, Sociedad, Deporte, Cultura y todo el contenido de inter\u00e9s general que la gente del pueblo y la regi\u00f3n debe conocer.","robots":{"index":"index","follow":"follow","max-snippet":"max-snippet:-1","max-image-preview":"max-image-preview:large","max-video-preview":"max-video-preview:-1"},"canonical":"https:\/\/www.celttv.com.ar\/index.php\/2023\/01\/19\/los-bomberos-rescataron-una-persona-en-el-cerro-ventana\/","og_locale":"es_ES","og_type":"article","og_title":"Los bomberos rescataron una persona en el cerro Ventana - CELTTV","og_description":"Sitio web de noticias de la localidad de Tornquist, provincia de Buenos Aires, Rep\u00fablica Argentina. Contenido propio originado por periodistas de CELTTV, el canal de TV local de la Cooperativa El\u00e9ctrica de Tornquist. Turismo, Pol\u00edtica, Sociedad, Deporte, Cultura y todo el contenido de inter\u00e9s general que la gente del pueblo y la regi\u00f3n debe conocer.","og_url":"https:\/\/www.celttv.com.ar\/index.php\/2023\/01\/19\/los-bomberos-rescataron-una-persona-en-el-cerro-ventana\/","og_site_name":"CELTTV","article_publisher":"https:\/\/www.facebook.com\/celtTV\/","article_published_time":"2023-01-19T21:53:14+00:00","article_modified_time":"2023-01-19T21:54:22+00:00","og_image":[{"width":899,"height":1599,"url":"https:\/\/www.celttv.com.ar\/wp-content\/uploads\/2023\/01\/987c410d-bbe2-4111-9b73-a33c7b815ede-1.jpg","type":"image\/jpeg"}],"author":"Miguel Herrada","twitter_card":"summary_large_image","twitter_misc":{"Escrito por":"Miguel Herrada","Tiempo de lectura":"1 minuto"},"schema":{"@context":"https:\/\/schema.org","@graph":[{"@type":"NewsArticle","@id":"https:\/\/www.celttv.com.ar\/index.php\/2023\/01\/19\/los-bomberos-rescataron-una-persona-en-el-cerro-ventana\/#article","isPartOf":{"@id":"https:\/\/www.celttv.com.ar\/index.php\/2023\/01\/19\/los-bomberos-rescataron-una-persona-en-el-cerro-ventana\/"},"author":{"name":"Miguel Herrada","@id":"https:\/\/www.celttv.com.ar\/#\/schema\/person\/9059dc91dc7204ef4182cdb65225f07d"},"headline":"Los bomberos rescataron una persona en el cerro Ventana","datePublished":"2023-01-19T21:53:14+00:00","dateModified":"2023-01-19T21:54:22+00:00","mainEntityOfPage":{"@id":"https:\/\/www.celttv.com.ar\/index.php\/2023\/01\/19\/los-bomberos-rescataron-una-persona-en-el-cerro-ventana\/"},"wordCount":113,"publisher":{"@id":"https:\/\/www.celttv.com.ar\/#organization"},"keywords":["Los bomberos rescataron una persona en el cerro Ventana"],"articleSection":["Comunidad","Destacadas"],"inLanguage":"es"},{"@type":"WebPage","@id":"https:\/\/www.celttv.com.ar\/index.php\/2023\/01\/19\/los-bomberos-rescataron-una-persona-en-el-cerro-ventana\/","url":"https:\/\/www.celttv.com.ar\/index.php\/2023\/01\/19\/los-bomberos-rescataron-una-persona-en-el-cerro-ventana\/","name":"Los bomberos rescataron una persona en el cerro Ventana - CELTTV","isPartOf":{"@id":"https:\/\/www.celttv.com.ar\/#website"},"datePublished":"2023-01-19T21:53:14+00:00","dateModified":"2023-01-19T21:54:22+00:00","description":"Sitio web de noticias de la localidad de Tornquist, provincia de Buenos Aires, Rep\u00fablica Argentina. Contenido propio originado por periodistas de CELTTV, el canal de TV local de la Cooperativa El\u00e9ctrica de Tornquist. Turismo, Pol\u00edtica, Sociedad, Deporte, Cultura y todo el contenido de inter\u00e9s general que la gente del pueblo y la regi\u00f3n debe conocer.","breadcrumb":{"@id":"https:\/\/www.celttv.com.ar\/index.php\/2023\/01\/19\/los-bomberos-rescataron-una-persona-en-el-cerro-ventana\/#breadcrumb"},"inLanguage":"es","potentialAction":[{"@type":"ReadAction","target":["https:\/\/www.celttv.com.ar\/index.php\/2023\/01\/19\/los-bomberos-rescataron-una-persona-en-el-cerro-ventana\/"]}]},{"@type":"BreadcrumbList","@id":"https:\/\/www.celttv.com.ar\/index.php\/2023\/01\/19\/los-bomberos-rescataron-una-persona-en-el-cerro-ventana\/#breadcrumb","itemListElement":[{"@type":"ListItem","position":1,"name":"Inicio","item":"https:\/\/www.celttv.com.ar\/"},{"@type":"ListItem","position":2,"name":"Los bomberos rescataron una persona en el cerro Ventana"}]},{"@type":"WebSite","@id":"https:\/\/www.celttv.com.ar\/#website","url":"https:\/\/www.celttv.com.ar\/","name":"CELTTV","description":"Cooperativa El\u00e9ctrica de Tornquist","publisher":{"@id":"https:\/\/www.celttv.com.ar\/#organization"},"potentialAction":[{"@type":"SearchAction","target":{"@type":"EntryPoint","urlTemplate":"https:\/\/www.celttv.com.ar\/?s={search_term_string}"},"query-input":"required name=search_term_string"}],"inLanguage":"es"},{"@type":"Organization","@id":"https:\/\/www.celttv.com.ar\/#organization","name":"CELTTV","url":"https:\/\/www.celttv.com.ar\/","sameAs":["https:\/\/www.youtube.com\/channel\/UCz_oIt8Hig64Ub-EmcNPIhg","https:\/\/www.facebook.com\/celtTV\/"],"logo":{"@type":"ImageObject","inLanguage":"es","@id":"https:\/\/www.celttv.com.ar\/#\/schema\/logo\/image\/","url":"http:\/\/www.celttv.com.ar\/wp-content\/uploads\/2022\/08\/logo-1.png","contentUrl":"http:\/\/www.celttv.com.ar\/wp-content\/uploads\/2022\/08\/logo-1.png","width":461,"height":159,"caption":"CELTTV"},"image":{"@id":"https:\/\/www.celttv.com.ar\/#\/schema\/logo\/image\/"}},{"@type":"Person","@id":"https:\/\/www.celttv.com.ar\/#\/schema\/person\/9059dc91dc7204ef4182cdb65225f07d","name":"Miguel Herrada","image":{"@type":"ImageObject","inLanguage":"es","@id":"https:\/\/www.celttv.com.ar\/#\/schema\/person\/image\/","url":"https:\/\/secure.gravatar.com\/avatar\/67724d5b3c716623ffd76bec7e45841a442ac3b456e914dbba90b0fad2b8e0b1?s=96&d=mm&r=g","contentUrl":"https:\/\/secure.gravatar.com\/avatar\/67724d5b3c716623ffd76bec7e45841a442ac3b456e914dbba90b0fad2b8e0b1?s=96&d=mm&r=g","caption":"Miguel Herrada"}}]}},"_links":{"self":[{"href":"https:\/\/www.celttv.com.ar\/index.php\/wp-json\/wp\/v2\/posts\/73047","targetHints":{"allow":["GET"]}}],"collection":[{"href":"https:\/\/www.celttv.com.ar\/index.php\/wp-json\/wp\/v2\/posts"}],"about":[{"href":"https:\/\/www.celttv.com.ar\/index.php\/wp-json\/wp\/v2\/types\/post"}],"author":[{"embeddable":true,"href":"https:\/\/www.celttv.com.ar\/index.php\/wp-json\/wp\/v2\/users\/5"}],"replies":[{"embeddable":true,"href":"https:\/\/www.celttv.com.ar\/index.php\/wp-json\/wp\/v2\/comments?post=73047"}],"version-history":[{"count":1,"href":"https:\/\/www.celttv.com.ar\/index.php\/wp-json\/wp\/v2\/posts\/73047\/revisions"}],"predecessor-version":[{"id":73052,"href":"https:\/\/www.celttv.com.ar\/index.php\/wp-json\/wp\/v2\/posts\/73047\/revisions\/73052"}],"wp:featuredmedia":[{"embeddable":true,"href":"https:\/\/www.celttv.com.ar\/index.php\/wp-json\/wp\/v2\/media\/73049"}],"wp:attachment":[{"href":"https:\/\/www.celttv.com.ar\/index.php\/wp-json\/wp\/v2\/media?parent=73047"}],"wp:term":[{"taxonomy":"category","embeddable":true,"href":"https:\/\/www.celttv.com.ar\/index.php\/wp-json\/wp\/v2\/categories?post=73047"},{"taxonomy":"post_tag","embeddable":true,"href":"https:\/\/www.celttv.com.ar\/index.php\/wp-json\/wp\/v2\/tags?post=73047"}],"curies":[{"name":"wp","href":"https:\/\/api.w.org\/{rel}","templated":true}]}}