{"id":73053,"date":"2023-01-20T09:48:22","date_gmt":"2023-01-20T12:48:22","guid":{"rendered":"http:\/\/www.celttv.com.ar\/?p=73053"},"modified":"2023-01-20T09:48:22","modified_gmt":"2023-01-20T12:48:22","slug":"recuerdan-la-prohibicion-de-arrojar-residuos-en-lugares-inadecuados","status":"publish","type":"post","link":"https:\/\/www.celttv.com.ar\/index.php\/2023\/01\/20\/recuerdan-la-prohibicion-de-arrojar-residuos-en-lugares-inadecuados\/","title":{"rendered":"Recuerdan la prohibici\u00f3n de arrojar residuos en lugares inadecuados"},"content":{"rendered":"<p>Tornquist Municipio, a trav\u00e9s de las Subsecretarias de Ambiente y Servicios Urbanos, recuerda a la comunidad que est\u00e1 prohibido arrojar residuos en la v\u00eda p\u00fablica, caminos rurales y espacios p\u00fablicos.<\/p>\n<p>En los \u00faltimos d\u00edas, se han encontrado residuos en lugares inapropiados que obstruyen las v\u00e1lvulas de acceso a la red de gas. En tal sentido, se reitera el pedido a los vecinos de evitar arrojar basura en bulevares, parques, terrenos bald\u00edos; a los fines de evitar dificultades en el acceso a suministros de distintos servicios. Los desechos a su vez tambi\u00e9n representan una falta de sanidad e higiene en la ciudad, generando peque\u00f1os basurales.<\/p>\n<p>En caso de que se detecte alg\u00fan vecino que est\u00e9 arrojando residuos en lugares que no correspondan se labrar\u00e1n las infracciones correspondientes.<\/p>\n<p><img loading=\"lazy\" decoding=\"async\" class=\"alignnone size-medium wp-image-73054\" src=\"http:\/\/www.celttv.com.ar\/wp-content\/uploads\/2023\/01\/basura-169x300.jpeg\" alt=\"\" width=\"169\" height=\"300\" srcset=\"https:\/\/www.celttv.com.ar\/wp-content\/uploads\/2023\/01\/basura-169x300.jpeg 169w, https:\/\/www.celttv.com.ar\/wp-content\/uploads\/2023\/01\/basura-576x1024.jpeg 576w, https:\/\/www.celttv.com.ar\/wp-content\/uploads\/2023\/01\/basura-768x1365.jpeg 768w, https:\/\/www.celttv.com.ar\/wp-content\/uploads\/2023\/01\/basura-864x1536.jpeg 864w, https:\/\/www.celttv.com.ar\/wp-content\/uploads\/2023\/01\/basura-750x1333.jpeg 750w, https:\/\/www.celttv.com.ar\/wp-content\/uploads\/2023\/01\/basura.jpeg 900w\" sizes=\"auto, (max-width: 169px) 100vw, 169px\" \/> <img loading=\"lazy\" decoding=\"async\" class=\"alignnone size-medium wp-image-73055\" src=\"http:\/\/www.celttv.com.ar\/wp-content\/uploads\/2023\/01\/basura1-300x169.jpeg\" alt=\"\" width=\"300\" height=\"169\" srcset=\"https:\/\/www.celttv.com.ar\/wp-content\/uploads\/2023\/01\/basura1-300x169.jpeg 300w, https:\/\/www.celttv.com.ar\/wp-content\/uploads\/2023\/01\/basura1-1024x576.jpeg 1024w, https:\/\/www.celttv.com.ar\/wp-content\/uploads\/2023\/01\/basura1-768x432.jpeg 768w, https:\/\/www.celttv.com.ar\/wp-content\/uploads\/2023\/01\/basura1-1536x864.jpeg 1536w, https:\/\/www.celttv.com.ar\/wp-content\/uploads\/2023\/01\/basura1-750x422.jpeg 750w, https:\/\/www.celttv.com.ar\/wp-content\/uploads\/2023\/01\/basura1-1140x641.jpeg 1140w, https:\/\/www.celttv.com.ar\/wp-content\/uploads\/2023\/01\/basura1.jpeg 1600w\" sizes=\"auto, (max-width: 300px) 100vw, 300px\" \/> <img loading=\"lazy\" decoding=\"async\" class=\"alignnone size-medium wp-image-73056\" src=\"http:\/\/www.celttv.com.ar\/wp-content\/uploads\/2023\/01\/basura3-135x300.jpeg\" alt=\"\" width=\"135\" height=\"300\" srcset=\"https:\/\/www.celttv.com.ar\/wp-content\/uploads\/2023\/01\/basura3-135x300.jpeg 135w, https:\/\/www.celttv.com.ar\/wp-content\/uploads\/2023\/01\/basura3-461x1024.jpeg 461w, https:\/\/www.celttv.com.ar\/wp-content\/uploads\/2023\/01\/basura3-692x1536.jpeg 692w, https:\/\/www.celttv.com.ar\/wp-content\/uploads\/2023\/01\/basura3.jpeg 721w\" sizes=\"auto, (max-width: 135px) 100vw, 135px\" \/> <img loading=\"lazy\" decoding=\"async\" class=\"alignnone size-medium wp-image-73057\" src=\"http:\/\/www.celttv.com.ar\/wp-content\/uploads\/2023\/01\/basura4-300x135.jpeg\" alt=\"\" width=\"300\" height=\"135\" srcset=\"https:\/\/www.celttv.com.ar\/wp-content\/uploads\/2023\/01\/basura4-300x135.jpeg 300w, https:\/\/www.celttv.com.ar\/wp-content\/uploads\/2023\/01\/basura4-1024x461.jpeg 1024w, https:\/\/www.celttv.com.ar\/wp-content\/uploads\/2023\/01\/basura4-768x346.jpeg 768w, https:\/\/www.celttv.com.ar\/wp-content\/uploads\/2023\/01\/basura4-1536x692.jpeg 1536w, https:\/\/www.celttv.com.ar\/wp-content\/uploads\/2023\/01\/basura4-750x338.jpeg 750w, https:\/\/www.celttv.com.ar\/wp-content\/uploads\/2023\/01\/basura4-1140x514.jpeg 1140w, https:\/\/www.celttv.com.ar\/wp-content\/uploads\/2023\/01\/basura4.jpeg 1600w\" sizes=\"auto, (max-width: 300px) 100vw, 300px\" \/> <img loading=\"lazy\" decoding=\"async\" class=\"alignnone size-medium wp-image-73058\" src=\"http:\/\/www.celttv.com.ar\/wp-content\/uploads\/2023\/01\/basura5-300x135.jpeg\" alt=\"\" width=\"300\" height=\"135\" srcset=\"https:\/\/www.celttv.com.ar\/wp-content\/uploads\/2023\/01\/basura5-300x135.jpeg 300w, https:\/\/www.celttv.com.ar\/wp-content\/uploads\/2023\/01\/basura5-1024x461.jpeg 1024w, https:\/\/www.celttv.com.ar\/wp-content\/uploads\/2023\/01\/basura5-768x346.jpeg 768w, https:\/\/www.celttv.com.ar\/wp-content\/uploads\/2023\/01\/basura5-1536x692.jpeg 1536w, https:\/\/www.celttv.com.ar\/wp-content\/uploads\/2023\/01\/basura5-750x338.jpeg 750w, https:\/\/www.celttv.com.ar\/wp-content\/uploads\/2023\/01\/basura5-1140x514.jpeg 1140w, https:\/\/www.celttv.com.ar\/wp-content\/uploads\/2023\/01\/basura5.jpeg 1600w\" sizes=\"auto, (max-width: 300px) 100vw, 300px\" \/><\/p>\n<p>&nbsp;<\/p>\n","protected":false},"excerpt":{"rendered":"<p>Tornquist Municipio, a trav\u00e9s de las Subsecretarias de Ambiente y Servicios Urbanos, recuerda a la comunidad que est\u00e1 prohibido arrojar residuos en la v\u00eda p\u00fablica, caminos rurales y espacios p\u00fablicos. En los \u00faltimos d\u00edas, se han encontrado residuos en lugares inapropiados que obstruyen las v\u00e1lvulas de acceso a la red de gas. En tal sentido, [&hellip;]<\/p>\n","protected":false},"author":5,"featured_media":73055,"comment_status":"closed","ping_status":"closed","sticky":false,"template":"","format":"standard","meta":{"footnotes":""},"categories":[51,52,59],"tags":[660],"class_list":["post-73053","post","type-post","status-publish","format-standard","has-post-thumbnail","hentry","category-comunidad","category-destacadas","category-municipales","tag-recuerdan-la-prohibicion-de-arrojar-residuos-en-lugares-inadecuados"],"yoast_head":"<!-- This site is optimized with the Yoast SEO plugin v19.7.1 - https:\/\/yoast.com\/wordpress\/plugins\/seo\/ -->\n<title>Recuerdan la prohibici\u00f3n de arrojar residuos en lugares inadecuados - CELTTV<\/title>\n<meta name=\"description\" content=\"Sitio web de noticias de la localidad de Tornquist, provincia de Buenos Aires, Rep\u00fablica Argentina. Contenido propio originado por periodistas de CELTTV, el canal de TV local de la Cooperativa El\u00e9ctrica de Tornquist. Turismo, Pol\u00edtica, Sociedad, Deporte, Cultura y todo el contenido de inter\u00e9s general que la gente del pueblo y la regi\u00f3n debe conocer.\" \/>\n<meta name=\"robots\" content=\"index, follow, max-snippet:-1, max-image-preview:large, max-video-preview:-1\" \/>\n<link rel=\"canonical\" href=\"https:\/\/www.celttv.com.ar\/index.php\/2023\/01\/20\/recuerdan-la-prohibicion-de-arrojar-residuos-en-lugares-inadecuados\/\" \/>\n<meta property=\"og:locale\" content=\"es_ES\" \/>\n<meta property=\"og:type\" content=\"article\" \/>\n<meta property=\"og:title\" content=\"Recuerdan la prohibici\u00f3n de arrojar residuos en lugares inadecuados - CELTTV\" \/>\n<meta property=\"og:description\" content=\"Sitio web de noticias de la localidad de Tornquist, provincia de Buenos Aires, Rep\u00fablica Argentina. Contenido propio originado por periodistas de CELTTV, el canal de TV local de la Cooperativa El\u00e9ctrica de Tornquist. Turismo, Pol\u00edtica, Sociedad, Deporte, Cultura y todo el contenido de inter\u00e9s general que la gente del pueblo y la regi\u00f3n debe conocer.\" \/>\n<meta property=\"og:url\" content=\"https:\/\/www.celttv.com.ar\/index.php\/2023\/01\/20\/recuerdan-la-prohibicion-de-arrojar-residuos-en-lugares-inadecuados\/\" \/>\n<meta property=\"og:site_name\" content=\"CELTTV\" \/>\n<meta property=\"article:publisher\" content=\"https:\/\/www.facebook.com\/celtTV\/\" \/>\n<meta property=\"article:published_time\" content=\"2023-01-20T12:48:22+00:00\" \/>\n<meta property=\"og:image\" content=\"https:\/\/www.celttv.com.ar\/wp-content\/uploads\/2023\/01\/basura1.jpeg\" \/>\n\t<meta property=\"og:image:width\" content=\"1600\" \/>\n\t<meta property=\"og:image:height\" content=\"900\" \/>\n\t<meta property=\"og:image:type\" content=\"image\/jpeg\" \/>\n<meta name=\"author\" content=\"Miguel Herrada\" \/>\n<meta name=\"twitter:card\" content=\"summary_large_image\" \/>\n<meta name=\"twitter:label1\" content=\"Escrito por\" \/>\n\t<meta name=\"twitter:data1\" content=\"Miguel Herrada\" \/>\n\t<meta name=\"twitter:label2\" content=\"Tiempo de lectura\" \/>\n\t<meta name=\"twitter:data2\" content=\"1 minuto\" \/>\n<script type=\"application\/ld+json\" class=\"yoast-schema-graph\">{\"@context\":\"https:\/\/schema.org\",\"@graph\":[{\"@type\":\"NewsArticle\",\"@id\":\"https:\/\/www.celttv.com.ar\/index.php\/2023\/01\/20\/recuerdan-la-prohibicion-de-arrojar-residuos-en-lugares-inadecuados\/#article\",\"isPartOf\":{\"@id\":\"https:\/\/www.celttv.com.ar\/index.php\/2023\/01\/20\/recuerdan-la-prohibicion-de-arrojar-residuos-en-lugares-inadecuados\/\"},\"author\":{\"name\":\"Miguel Herrada\",\"@id\":\"https:\/\/www.celttv.com.ar\/#\/schema\/person\/9059dc91dc7204ef4182cdb65225f07d\"},\"headline\":\"Recuerdan la prohibici\u00f3n de arrojar residuos en lugares inadecuados\",\"datePublished\":\"2023-01-20T12:48:22+00:00\",\"dateModified\":\"2023-01-20T12:48:22+00:00\",\"mainEntityOfPage\":{\"@id\":\"https:\/\/www.celttv.com.ar\/index.php\/2023\/01\/20\/recuerdan-la-prohibicion-de-arrojar-residuos-en-lugares-inadecuados\/\"},\"wordCount\":148,\"publisher\":{\"@id\":\"https:\/\/www.celttv.com.ar\/#organization\"},\"keywords\":[\"Recuerdan la prohibici\u00f3n de arrojar residuos en lugares inadecuados\"],\"articleSection\":[\"Comunidad\",\"Destacadas\",\"Municipales\"],\"inLanguage\":\"es\"},{\"@type\":\"WebPage\",\"@id\":\"https:\/\/www.celttv.com.ar\/index.php\/2023\/01\/20\/recuerdan-la-prohibicion-de-arrojar-residuos-en-lugares-inadecuados\/\",\"url\":\"https:\/\/www.celttv.com.ar\/index.php\/2023\/01\/20\/recuerdan-la-prohibicion-de-arrojar-residuos-en-lugares-inadecuados\/\",\"name\":\"Recuerdan la prohibici\u00f3n de arrojar residuos en lugares inadecuados - CELTTV\",\"isPartOf\":{\"@id\":\"https:\/\/www.celttv.com.ar\/#website\"},\"datePublished\":\"2023-01-20T12:48:22+00:00\",\"dateModified\":\"2023-01-20T12:48:22+00:00\",\"description\":\"Sitio web de noticias de la localidad de Tornquist, provincia de Buenos Aires, Rep\u00fablica Argentina. Contenido propio originado por periodistas de CELTTV, el canal de TV local de la Cooperativa El\u00e9ctrica de Tornquist. Turismo, Pol\u00edtica, Sociedad, Deporte, Cultura y todo el contenido de inter\u00e9s general que la gente del pueblo y la regi\u00f3n debe conocer.\",\"breadcrumb\":{\"@id\":\"https:\/\/www.celttv.com.ar\/index.php\/2023\/01\/20\/recuerdan-la-prohibicion-de-arrojar-residuos-en-lugares-inadecuados\/#breadcrumb\"},\"inLanguage\":\"es\",\"potentialAction\":[{\"@type\":\"ReadAction\",\"target\":[\"https:\/\/www.celttv.com.ar\/index.php\/2023\/01\/20\/recuerdan-la-prohibicion-de-arrojar-residuos-en-lugares-inadecuados\/\"]}]},{\"@type\":\"BreadcrumbList\",\"@id\":\"https:\/\/www.celttv.com.ar\/index.php\/2023\/01\/20\/recuerdan-la-prohibicion-de-arrojar-residuos-en-lugares-inadecuados\/#breadcrumb\",\"itemListElement\":[{\"@type\":\"ListItem\",\"position\":1,\"name\":\"Inicio\",\"item\":\"https:\/\/www.celttv.com.ar\/\"},{\"@type\":\"ListItem\",\"position\":2,\"name\":\"Recuerdan la prohibici\u00f3n de arrojar residuos en lugares inadecuados\"}]},{\"@type\":\"WebSite\",\"@id\":\"https:\/\/www.celttv.com.ar\/#website\",\"url\":\"https:\/\/www.celttv.com.ar\/\",\"name\":\"CELTTV\",\"description\":\"Cooperativa El\u00e9ctrica de Tornquist\",\"publisher\":{\"@id\":\"https:\/\/www.celttv.com.ar\/#organization\"},\"potentialAction\":[{\"@type\":\"SearchAction\",\"target\":{\"@type\":\"EntryPoint\",\"urlTemplate\":\"https:\/\/www.celttv.com.ar\/?s={search_term_string}\"},\"query-input\":\"required name=search_term_string\"}],\"inLanguage\":\"es\"},{\"@type\":\"Organization\",\"@id\":\"https:\/\/www.celttv.com.ar\/#organization\",\"name\":\"CELTTV\",\"url\":\"https:\/\/www.celttv.com.ar\/\",\"sameAs\":[\"https:\/\/www.youtube.com\/channel\/UCz_oIt8Hig64Ub-EmcNPIhg\",\"https:\/\/www.facebook.com\/celtTV\/\"],\"logo\":{\"@type\":\"ImageObject\",\"inLanguage\":\"es\",\"@id\":\"https:\/\/www.celttv.com.ar\/#\/schema\/logo\/image\/\",\"url\":\"http:\/\/www.celttv.com.ar\/wp-content\/uploads\/2022\/08\/logo-1.png\",\"contentUrl\":\"http:\/\/www.celttv.com.ar\/wp-content\/uploads\/2022\/08\/logo-1.png\",\"width\":461,\"height\":159,\"caption\":\"CELTTV\"},\"image\":{\"@id\":\"https:\/\/www.celttv.com.ar\/#\/schema\/logo\/image\/\"}},{\"@type\":\"Person\",\"@id\":\"https:\/\/www.celttv.com.ar\/#\/schema\/person\/9059dc91dc7204ef4182cdb65225f07d\",\"name\":\"Miguel Herrada\",\"image\":{\"@type\":\"ImageObject\",\"inLanguage\":\"es\",\"@id\":\"https:\/\/www.celttv.com.ar\/#\/schema\/person\/image\/\",\"url\":\"https:\/\/secure.gravatar.com\/avatar\/67724d5b3c716623ffd76bec7e45841a442ac3b456e914dbba90b0fad2b8e0b1?s=96&d=mm&r=g\",\"contentUrl\":\"https:\/\/secure.gravatar.com\/avatar\/67724d5b3c716623ffd76bec7e45841a442ac3b456e914dbba90b0fad2b8e0b1?s=96&d=mm&r=g\",\"caption\":\"Miguel Herrada\"}}]}<\/script>\n<!-- \/ Yoast SEO plugin. -->","yoast_head_json":{"title":"Recuerdan la prohibici\u00f3n de arrojar residuos en lugares inadecuados - CELTTV","description":"Sitio web de noticias de la localidad de Tornquist, provincia de Buenos Aires, Rep\u00fablica Argentina. Contenido propio originado por periodistas de CELTTV, el canal de TV local de la Cooperativa El\u00e9ctrica de Tornquist. Turismo, Pol\u00edtica, Sociedad, Deporte, Cultura y todo el contenido de inter\u00e9s general que la gente del pueblo y la regi\u00f3n debe conocer.","robots":{"index":"index","follow":"follow","max-snippet":"max-snippet:-1","max-image-preview":"max-image-preview:large","max-video-preview":"max-video-preview:-1"},"canonical":"https:\/\/www.celttv.com.ar\/index.php\/2023\/01\/20\/recuerdan-la-prohibicion-de-arrojar-residuos-en-lugares-inadecuados\/","og_locale":"es_ES","og_type":"article","og_title":"Recuerdan la prohibici\u00f3n de arrojar residuos en lugares inadecuados - CELTTV","og_description":"Sitio web de noticias de la localidad de Tornquist, provincia de Buenos Aires, Rep\u00fablica Argentina. Contenido propio originado por periodistas de CELTTV, el canal de TV local de la Cooperativa El\u00e9ctrica de Tornquist. Turismo, Pol\u00edtica, Sociedad, Deporte, Cultura y todo el contenido de inter\u00e9s general que la gente del pueblo y la regi\u00f3n debe conocer.","og_url":"https:\/\/www.celttv.com.ar\/index.php\/2023\/01\/20\/recuerdan-la-prohibicion-de-arrojar-residuos-en-lugares-inadecuados\/","og_site_name":"CELTTV","article_publisher":"https:\/\/www.facebook.com\/celtTV\/","article_published_time":"2023-01-20T12:48:22+00:00","og_image":[{"width":1600,"height":900,"url":"https:\/\/www.celttv.com.ar\/wp-content\/uploads\/2023\/01\/basura1.jpeg","type":"image\/jpeg"}],"author":"Miguel Herrada","twitter_card":"summary_large_image","twitter_misc":{"Escrito por":"Miguel Herrada","Tiempo de lectura":"1 minuto"},"schema":{"@context":"https:\/\/schema.org","@graph":[{"@type":"NewsArticle","@id":"https:\/\/www.celttv.com.ar\/index.php\/2023\/01\/20\/recuerdan-la-prohibicion-de-arrojar-residuos-en-lugares-inadecuados\/#article","isPartOf":{"@id":"https:\/\/www.celttv.com.ar\/index.php\/2023\/01\/20\/recuerdan-la-prohibicion-de-arrojar-residuos-en-lugares-inadecuados\/"},"author":{"name":"Miguel Herrada","@id":"https:\/\/www.celttv.com.ar\/#\/schema\/person\/9059dc91dc7204ef4182cdb65225f07d"},"headline":"Recuerdan la prohibici\u00f3n de arrojar residuos en lugares inadecuados","datePublished":"2023-01-20T12:48:22+00:00","dateModified":"2023-01-20T12:48:22+00:00","mainEntityOfPage":{"@id":"https:\/\/www.celttv.com.ar\/index.php\/2023\/01\/20\/recuerdan-la-prohibicion-de-arrojar-residuos-en-lugares-inadecuados\/"},"wordCount":148,"publisher":{"@id":"https:\/\/www.celttv.com.ar\/#organization"},"keywords":["Recuerdan la prohibici\u00f3n de arrojar residuos en lugares inadecuados"],"articleSection":["Comunidad","Destacadas","Municipales"],"inLanguage":"es"},{"@type":"WebPage","@id":"https:\/\/www.celttv.com.ar\/index.php\/2023\/01\/20\/recuerdan-la-prohibicion-de-arrojar-residuos-en-lugares-inadecuados\/","url":"https:\/\/www.celttv.com.ar\/index.php\/2023\/01\/20\/recuerdan-la-prohibicion-de-arrojar-residuos-en-lugares-inadecuados\/","name":"Recuerdan la prohibici\u00f3n de arrojar residuos en lugares inadecuados - CELTTV","isPartOf":{"@id":"https:\/\/www.celttv.com.ar\/#website"},"datePublished":"2023-01-20T12:48:22+00:00","dateModified":"2023-01-20T12:48:22+00:00","description":"Sitio web de noticias de la localidad de Tornquist, provincia de Buenos Aires, Rep\u00fablica Argentina. Contenido propio originado por periodistas de CELTTV, el canal de TV local de la Cooperativa El\u00e9ctrica de Tornquist. Turismo, Pol\u00edtica, Sociedad, Deporte, Cultura y todo el contenido de inter\u00e9s general que la gente del pueblo y la regi\u00f3n debe conocer.","breadcrumb":{"@id":"https:\/\/www.celttv.com.ar\/index.php\/2023\/01\/20\/recuerdan-la-prohibicion-de-arrojar-residuos-en-lugares-inadecuados\/#breadcrumb"},"inLanguage":"es","potentialAction":[{"@type":"ReadAction","target":["https:\/\/www.celttv.com.ar\/index.php\/2023\/01\/20\/recuerdan-la-prohibicion-de-arrojar-residuos-en-lugares-inadecuados\/"]}]},{"@type":"BreadcrumbList","@id":"https:\/\/www.celttv.com.ar\/index.php\/2023\/01\/20\/recuerdan-la-prohibicion-de-arrojar-residuos-en-lugares-inadecuados\/#breadcrumb","itemListElement":[{"@type":"ListItem","position":1,"name":"Inicio","item":"https:\/\/www.celttv.com.ar\/"},{"@type":"ListItem","position":2,"name":"Recuerdan la prohibici\u00f3n de arrojar residuos en lugares inadecuados"}]},{"@type":"WebSite","@id":"https:\/\/www.celttv.com.ar\/#website","url":"https:\/\/www.celttv.com.ar\/","name":"CELTTV","description":"Cooperativa El\u00e9ctrica de Tornquist","publisher":{"@id":"https:\/\/www.celttv.com.ar\/#organization"},"potentialAction":[{"@type":"SearchAction","target":{"@type":"EntryPoint","urlTemplate":"https:\/\/www.celttv.com.ar\/?s={search_term_string}"},"query-input":"required name=search_term_string"}],"inLanguage":"es"},{"@type":"Organization","@id":"https:\/\/www.celttv.com.ar\/#organization","name":"CELTTV","url":"https:\/\/www.celttv.com.ar\/","sameAs":["https:\/\/www.youtube.com\/channel\/UCz_oIt8Hig64Ub-EmcNPIhg","https:\/\/www.facebook.com\/celtTV\/"],"logo":{"@type":"ImageObject","inLanguage":"es","@id":"https:\/\/www.celttv.com.ar\/#\/schema\/logo\/image\/","url":"http:\/\/www.celttv.com.ar\/wp-content\/uploads\/2022\/08\/logo-1.png","contentUrl":"http:\/\/www.celttv.com.ar\/wp-content\/uploads\/2022\/08\/logo-1.png","width":461,"height":159,"caption":"CELTTV"},"image":{"@id":"https:\/\/www.celttv.com.ar\/#\/schema\/logo\/image\/"}},{"@type":"Person","@id":"https:\/\/www.celttv.com.ar\/#\/schema\/person\/9059dc91dc7204ef4182cdb65225f07d","name":"Miguel Herrada","image":{"@type":"ImageObject","inLanguage":"es","@id":"https:\/\/www.celttv.com.ar\/#\/schema\/person\/image\/","url":"https:\/\/secure.gravatar.com\/avatar\/67724d5b3c716623ffd76bec7e45841a442ac3b456e914dbba90b0fad2b8e0b1?s=96&d=mm&r=g","contentUrl":"https:\/\/secure.gravatar.com\/avatar\/67724d5b3c716623ffd76bec7e45841a442ac3b456e914dbba90b0fad2b8e0b1?s=96&d=mm&r=g","caption":"Miguel Herrada"}}]}},"_links":{"self":[{"href":"https:\/\/www.celttv.com.ar\/index.php\/wp-json\/wp\/v2\/posts\/73053","targetHints":{"allow":["GET"]}}],"collection":[{"href":"https:\/\/www.celttv.com.ar\/index.php\/wp-json\/wp\/v2\/posts"}],"about":[{"href":"https:\/\/www.celttv.com.ar\/index.php\/wp-json\/wp\/v2\/types\/post"}],"author":[{"embeddable":true,"href":"https:\/\/www.celttv.com.ar\/index.php\/wp-json\/wp\/v2\/users\/5"}],"replies":[{"embeddable":true,"href":"https:\/\/www.celttv.com.ar\/index.php\/wp-json\/wp\/v2\/comments?post=73053"}],"version-history":[{"count":1,"href":"https:\/\/www.celttv.com.ar\/index.php\/wp-json\/wp\/v2\/posts\/73053\/revisions"}],"predecessor-version":[{"id":73059,"href":"https:\/\/www.celttv.com.ar\/index.php\/wp-json\/wp\/v2\/posts\/73053\/revisions\/73059"}],"wp:featuredmedia":[{"embeddable":true,"href":"https:\/\/www.celttv.com.ar\/index.php\/wp-json\/wp\/v2\/media\/73055"}],"wp:attachment":[{"href":"https:\/\/www.celttv.com.ar\/index.php\/wp-json\/wp\/v2\/media?parent=73053"}],"wp:term":[{"taxonomy":"category","embeddable":true,"href":"https:\/\/www.celttv.com.ar\/index.php\/wp-json\/wp\/v2\/categories?post=73053"},{"taxonomy":"post_tag","embeddable":true,"href":"https:\/\/www.celttv.com.ar\/index.php\/wp-json\/wp\/v2\/tags?post=73053"}],"curies":[{"name":"wp","href":"https:\/\/api.w.org\/{rel}","templated":true}]}}