{"id":73062,"date":"2023-01-20T16:28:15","date_gmt":"2023-01-20T19:28:15","guid":{"rendered":"http:\/\/www.celttv.com.ar\/?p=73062"},"modified":"2023-01-20T16:28:15","modified_gmt":"2023-01-20T19:28:15","slug":"recuerdan-que-esta-prohibido-dejar-caballos-en-espacios-publicos","status":"publish","type":"post","link":"https:\/\/www.celttv.com.ar\/index.php\/2023\/01\/20\/recuerdan-que-esta-prohibido-dejar-caballos-en-espacios-publicos\/","title":{"rendered":"Recuerdan que est\u00e1 prohibido dejar caballos en espacios p\u00fablicos"},"content":{"rendered":"<p>Ante la aparici\u00f3n de caballos atados en el Parque Lainez, Tornquist Municipio recuerda que se encuentra prohibido dejar animales en los espacios p\u00fablicos.<\/p>\n<p>Este tipo de acciones representan una infracci\u00f3n, lo que establece el cobro de multas econ\u00f3micas.<\/p>\n<p><img loading=\"lazy\" decoding=\"async\" class=\"alignnone size-medium wp-image-73063\" src=\"http:\/\/www.celttv.com.ar\/wp-content\/uploads\/2023\/01\/Caballos-300x135.jpeg\" alt=\"\" width=\"300\" height=\"135\" srcset=\"https:\/\/www.celttv.com.ar\/wp-content\/uploads\/2023\/01\/Caballos-300x135.jpeg 300w, https:\/\/www.celttv.com.ar\/wp-content\/uploads\/2023\/01\/Caballos-1024x460.jpeg 1024w, https:\/\/www.celttv.com.ar\/wp-content\/uploads\/2023\/01\/Caballos-768x345.jpeg 768w, https:\/\/www.celttv.com.ar\/wp-content\/uploads\/2023\/01\/Caballos-1536x690.jpeg 1536w, https:\/\/www.celttv.com.ar\/wp-content\/uploads\/2023\/01\/Caballos-750x337.jpeg 750w, https:\/\/www.celttv.com.ar\/wp-content\/uploads\/2023\/01\/Caballos-1140x512.jpeg 1140w, https:\/\/www.celttv.com.ar\/wp-content\/uploads\/2023\/01\/Caballos.jpeg 1600w\" sizes=\"auto, (max-width: 300px) 100vw, 300px\" \/><\/p>\n","protected":false},"excerpt":{"rendered":"<p>Ante la aparici\u00f3n de caballos atados en el Parque Lainez, Tornquist Municipio recuerda que se encuentra prohibido dejar animales en los espacios p\u00fablicos. Este tipo de acciones representan una infracci\u00f3n, lo que establece el cobro de multas econ\u00f3micas.<\/p>\n","protected":false},"author":5,"featured_media":73063,"comment_status":"closed","ping_status":"closed","sticky":false,"template":"","format":"standard","meta":{"footnotes":""},"categories":[51,52,59],"tags":[661],"class_list":["post-73062","post","type-post","status-publish","format-standard","has-post-thumbnail","hentry","category-comunidad","category-destacadas","category-municipales","tag-recuerdan-que-esta-prohibido-dejar-caballos-en-espacios-publicos"],"yoast_head":"<!-- This site is optimized with the Yoast SEO plugin v19.7.1 - https:\/\/yoast.com\/wordpress\/plugins\/seo\/ -->\n<title>Recuerdan que est\u00e1 prohibido dejar caballos en espacios p\u00fablicos - CELTTV<\/title>\n<meta name=\"description\" content=\"Sitio web de noticias de la localidad de Tornquist, provincia de Buenos Aires, Rep\u00fablica Argentina. Contenido propio originado por periodistas de CELTTV, el canal de TV local de la Cooperativa El\u00e9ctrica de Tornquist. Turismo, Pol\u00edtica, Sociedad, Deporte, Cultura y todo el contenido de inter\u00e9s general que la gente del pueblo y la regi\u00f3n debe conocer.\" \/>\n<meta name=\"robots\" content=\"index, follow, max-snippet:-1, max-image-preview:large, max-video-preview:-1\" \/>\n<link rel=\"canonical\" href=\"https:\/\/www.celttv.com.ar\/index.php\/2023\/01\/20\/recuerdan-que-esta-prohibido-dejar-caballos-en-espacios-publicos\/\" \/>\n<meta property=\"og:locale\" content=\"es_ES\" \/>\n<meta property=\"og:type\" content=\"article\" \/>\n<meta property=\"og:title\" content=\"Recuerdan que est\u00e1 prohibido dejar caballos en espacios p\u00fablicos - CELTTV\" \/>\n<meta property=\"og:description\" content=\"Sitio web de noticias de la localidad de Tornquist, provincia de Buenos Aires, Rep\u00fablica Argentina. Contenido propio originado por periodistas de CELTTV, el canal de TV local de la Cooperativa El\u00e9ctrica de Tornquist. Turismo, Pol\u00edtica, Sociedad, Deporte, Cultura y todo el contenido de inter\u00e9s general que la gente del pueblo y la regi\u00f3n debe conocer.\" \/>\n<meta property=\"og:url\" content=\"https:\/\/www.celttv.com.ar\/index.php\/2023\/01\/20\/recuerdan-que-esta-prohibido-dejar-caballos-en-espacios-publicos\/\" \/>\n<meta property=\"og:site_name\" content=\"CELTTV\" \/>\n<meta property=\"article:publisher\" content=\"https:\/\/www.facebook.com\/celtTV\/\" \/>\n<meta property=\"article:published_time\" content=\"2023-01-20T19:28:15+00:00\" \/>\n<meta property=\"og:image\" content=\"https:\/\/www.celttv.com.ar\/wp-content\/uploads\/2023\/01\/Caballos.jpeg\" \/>\n\t<meta property=\"og:image:width\" content=\"1600\" \/>\n\t<meta property=\"og:image:height\" content=\"719\" \/>\n\t<meta property=\"og:image:type\" content=\"image\/jpeg\" \/>\n<meta name=\"author\" content=\"Miguel Herrada\" \/>\n<meta name=\"twitter:card\" content=\"summary_large_image\" \/>\n<meta name=\"twitter:label1\" content=\"Escrito por\" \/>\n\t<meta name=\"twitter:data1\" content=\"Miguel Herrada\" \/>\n<script type=\"application\/ld+json\" class=\"yoast-schema-graph\">{\"@context\":\"https:\/\/schema.org\",\"@graph\":[{\"@type\":\"NewsArticle\",\"@id\":\"https:\/\/www.celttv.com.ar\/index.php\/2023\/01\/20\/recuerdan-que-esta-prohibido-dejar-caballos-en-espacios-publicos\/#article\",\"isPartOf\":{\"@id\":\"https:\/\/www.celttv.com.ar\/index.php\/2023\/01\/20\/recuerdan-que-esta-prohibido-dejar-caballos-en-espacios-publicos\/\"},\"author\":{\"name\":\"Miguel Herrada\",\"@id\":\"https:\/\/www.celttv.com.ar\/#\/schema\/person\/9059dc91dc7204ef4182cdb65225f07d\"},\"headline\":\"Recuerdan que est\u00e1 prohibido dejar caballos en espacios p\u00fablicos\",\"datePublished\":\"2023-01-20T19:28:15+00:00\",\"dateModified\":\"2023-01-20T19:28:15+00:00\",\"mainEntityOfPage\":{\"@id\":\"https:\/\/www.celttv.com.ar\/index.php\/2023\/01\/20\/recuerdan-que-esta-prohibido-dejar-caballos-en-espacios-publicos\/\"},\"wordCount\":52,\"publisher\":{\"@id\":\"https:\/\/www.celttv.com.ar\/#organization\"},\"keywords\":[\"Recuerdan que est\u00e1 prohibido dejar caballos en espacios p\u00fablicos\"],\"articleSection\":[\"Comunidad\",\"Destacadas\",\"Municipales\"],\"inLanguage\":\"es\"},{\"@type\":\"WebPage\",\"@id\":\"https:\/\/www.celttv.com.ar\/index.php\/2023\/01\/20\/recuerdan-que-esta-prohibido-dejar-caballos-en-espacios-publicos\/\",\"url\":\"https:\/\/www.celttv.com.ar\/index.php\/2023\/01\/20\/recuerdan-que-esta-prohibido-dejar-caballos-en-espacios-publicos\/\",\"name\":\"Recuerdan que est\u00e1 prohibido dejar caballos en espacios p\u00fablicos - CELTTV\",\"isPartOf\":{\"@id\":\"https:\/\/www.celttv.com.ar\/#website\"},\"datePublished\":\"2023-01-20T19:28:15+00:00\",\"dateModified\":\"2023-01-20T19:28:15+00:00\",\"description\":\"Sitio web de noticias de la localidad de Tornquist, provincia de Buenos Aires, Rep\u00fablica Argentina. Contenido propio originado por periodistas de CELTTV, el canal de TV local de la Cooperativa El\u00e9ctrica de Tornquist. Turismo, Pol\u00edtica, Sociedad, Deporte, Cultura y todo el contenido de inter\u00e9s general que la gente del pueblo y la regi\u00f3n debe conocer.\",\"breadcrumb\":{\"@id\":\"https:\/\/www.celttv.com.ar\/index.php\/2023\/01\/20\/recuerdan-que-esta-prohibido-dejar-caballos-en-espacios-publicos\/#breadcrumb\"},\"inLanguage\":\"es\",\"potentialAction\":[{\"@type\":\"ReadAction\",\"target\":[\"https:\/\/www.celttv.com.ar\/index.php\/2023\/01\/20\/recuerdan-que-esta-prohibido-dejar-caballos-en-espacios-publicos\/\"]}]},{\"@type\":\"BreadcrumbList\",\"@id\":\"https:\/\/www.celttv.com.ar\/index.php\/2023\/01\/20\/recuerdan-que-esta-prohibido-dejar-caballos-en-espacios-publicos\/#breadcrumb\",\"itemListElement\":[{\"@type\":\"ListItem\",\"position\":1,\"name\":\"Inicio\",\"item\":\"https:\/\/www.celttv.com.ar\/\"},{\"@type\":\"ListItem\",\"position\":2,\"name\":\"Recuerdan que est\u00e1 prohibido dejar caballos en espacios p\u00fablicos\"}]},{\"@type\":\"WebSite\",\"@id\":\"https:\/\/www.celttv.com.ar\/#website\",\"url\":\"https:\/\/www.celttv.com.ar\/\",\"name\":\"CELTTV\",\"description\":\"Cooperativa El\u00e9ctrica de Tornquist\",\"publisher\":{\"@id\":\"https:\/\/www.celttv.com.ar\/#organization\"},\"potentialAction\":[{\"@type\":\"SearchAction\",\"target\":{\"@type\":\"EntryPoint\",\"urlTemplate\":\"https:\/\/www.celttv.com.ar\/?s={search_term_string}\"},\"query-input\":\"required name=search_term_string\"}],\"inLanguage\":\"es\"},{\"@type\":\"Organization\",\"@id\":\"https:\/\/www.celttv.com.ar\/#organization\",\"name\":\"CELTTV\",\"url\":\"https:\/\/www.celttv.com.ar\/\",\"sameAs\":[\"https:\/\/www.youtube.com\/channel\/UCz_oIt8Hig64Ub-EmcNPIhg\",\"https:\/\/www.facebook.com\/celtTV\/\"],\"logo\":{\"@type\":\"ImageObject\",\"inLanguage\":\"es\",\"@id\":\"https:\/\/www.celttv.com.ar\/#\/schema\/logo\/image\/\",\"url\":\"http:\/\/www.celttv.com.ar\/wp-content\/uploads\/2022\/08\/logo-1.png\",\"contentUrl\":\"http:\/\/www.celttv.com.ar\/wp-content\/uploads\/2022\/08\/logo-1.png\",\"width\":461,\"height\":159,\"caption\":\"CELTTV\"},\"image\":{\"@id\":\"https:\/\/www.celttv.com.ar\/#\/schema\/logo\/image\/\"}},{\"@type\":\"Person\",\"@id\":\"https:\/\/www.celttv.com.ar\/#\/schema\/person\/9059dc91dc7204ef4182cdb65225f07d\",\"name\":\"Miguel Herrada\",\"image\":{\"@type\":\"ImageObject\",\"inLanguage\":\"es\",\"@id\":\"https:\/\/www.celttv.com.ar\/#\/schema\/person\/image\/\",\"url\":\"https:\/\/secure.gravatar.com\/avatar\/67724d5b3c716623ffd76bec7e45841a442ac3b456e914dbba90b0fad2b8e0b1?s=96&d=mm&r=g\",\"contentUrl\":\"https:\/\/secure.gravatar.com\/avatar\/67724d5b3c716623ffd76bec7e45841a442ac3b456e914dbba90b0fad2b8e0b1?s=96&d=mm&r=g\",\"caption\":\"Miguel Herrada\"}}]}<\/script>\n<!-- \/ Yoast SEO plugin. -->","yoast_head_json":{"title":"Recuerdan que est\u00e1 prohibido dejar caballos en espacios p\u00fablicos - CELTTV","description":"Sitio web de noticias de la localidad de Tornquist, provincia de Buenos Aires, Rep\u00fablica Argentina. Contenido propio originado por periodistas de CELTTV, el canal de TV local de la Cooperativa El\u00e9ctrica de Tornquist. Turismo, Pol\u00edtica, Sociedad, Deporte, Cultura y todo el contenido de inter\u00e9s general que la gente del pueblo y la regi\u00f3n debe conocer.","robots":{"index":"index","follow":"follow","max-snippet":"max-snippet:-1","max-image-preview":"max-image-preview:large","max-video-preview":"max-video-preview:-1"},"canonical":"https:\/\/www.celttv.com.ar\/index.php\/2023\/01\/20\/recuerdan-que-esta-prohibido-dejar-caballos-en-espacios-publicos\/","og_locale":"es_ES","og_type":"article","og_title":"Recuerdan que est\u00e1 prohibido dejar caballos en espacios p\u00fablicos - CELTTV","og_description":"Sitio web de noticias de la localidad de Tornquist, provincia de Buenos Aires, Rep\u00fablica Argentina. Contenido propio originado por periodistas de CELTTV, el canal de TV local de la Cooperativa El\u00e9ctrica de Tornquist. Turismo, Pol\u00edtica, Sociedad, Deporte, Cultura y todo el contenido de inter\u00e9s general que la gente del pueblo y la regi\u00f3n debe conocer.","og_url":"https:\/\/www.celttv.com.ar\/index.php\/2023\/01\/20\/recuerdan-que-esta-prohibido-dejar-caballos-en-espacios-publicos\/","og_site_name":"CELTTV","article_publisher":"https:\/\/www.facebook.com\/celtTV\/","article_published_time":"2023-01-20T19:28:15+00:00","og_image":[{"width":1600,"height":719,"url":"https:\/\/www.celttv.com.ar\/wp-content\/uploads\/2023\/01\/Caballos.jpeg","type":"image\/jpeg"}],"author":"Miguel Herrada","twitter_card":"summary_large_image","twitter_misc":{"Escrito por":"Miguel Herrada"},"schema":{"@context":"https:\/\/schema.org","@graph":[{"@type":"NewsArticle","@id":"https:\/\/www.celttv.com.ar\/index.php\/2023\/01\/20\/recuerdan-que-esta-prohibido-dejar-caballos-en-espacios-publicos\/#article","isPartOf":{"@id":"https:\/\/www.celttv.com.ar\/index.php\/2023\/01\/20\/recuerdan-que-esta-prohibido-dejar-caballos-en-espacios-publicos\/"},"author":{"name":"Miguel Herrada","@id":"https:\/\/www.celttv.com.ar\/#\/schema\/person\/9059dc91dc7204ef4182cdb65225f07d"},"headline":"Recuerdan que est\u00e1 prohibido dejar caballos en espacios p\u00fablicos","datePublished":"2023-01-20T19:28:15+00:00","dateModified":"2023-01-20T19:28:15+00:00","mainEntityOfPage":{"@id":"https:\/\/www.celttv.com.ar\/index.php\/2023\/01\/20\/recuerdan-que-esta-prohibido-dejar-caballos-en-espacios-publicos\/"},"wordCount":52,"publisher":{"@id":"https:\/\/www.celttv.com.ar\/#organization"},"keywords":["Recuerdan que est\u00e1 prohibido dejar caballos en espacios p\u00fablicos"],"articleSection":["Comunidad","Destacadas","Municipales"],"inLanguage":"es"},{"@type":"WebPage","@id":"https:\/\/www.celttv.com.ar\/index.php\/2023\/01\/20\/recuerdan-que-esta-prohibido-dejar-caballos-en-espacios-publicos\/","url":"https:\/\/www.celttv.com.ar\/index.php\/2023\/01\/20\/recuerdan-que-esta-prohibido-dejar-caballos-en-espacios-publicos\/","name":"Recuerdan que est\u00e1 prohibido dejar caballos en espacios p\u00fablicos - CELTTV","isPartOf":{"@id":"https:\/\/www.celttv.com.ar\/#website"},"datePublished":"2023-01-20T19:28:15+00:00","dateModified":"2023-01-20T19:28:15+00:00","description":"Sitio web de noticias de la localidad de Tornquist, provincia de Buenos Aires, Rep\u00fablica Argentina. Contenido propio originado por periodistas de CELTTV, el canal de TV local de la Cooperativa El\u00e9ctrica de Tornquist. Turismo, Pol\u00edtica, Sociedad, Deporte, Cultura y todo el contenido de inter\u00e9s general que la gente del pueblo y la regi\u00f3n debe conocer.","breadcrumb":{"@id":"https:\/\/www.celttv.com.ar\/index.php\/2023\/01\/20\/recuerdan-que-esta-prohibido-dejar-caballos-en-espacios-publicos\/#breadcrumb"},"inLanguage":"es","potentialAction":[{"@type":"ReadAction","target":["https:\/\/www.celttv.com.ar\/index.php\/2023\/01\/20\/recuerdan-que-esta-prohibido-dejar-caballos-en-espacios-publicos\/"]}]},{"@type":"BreadcrumbList","@id":"https:\/\/www.celttv.com.ar\/index.php\/2023\/01\/20\/recuerdan-que-esta-prohibido-dejar-caballos-en-espacios-publicos\/#breadcrumb","itemListElement":[{"@type":"ListItem","position":1,"name":"Inicio","item":"https:\/\/www.celttv.com.ar\/"},{"@type":"ListItem","position":2,"name":"Recuerdan que est\u00e1 prohibido dejar caballos en espacios p\u00fablicos"}]},{"@type":"WebSite","@id":"https:\/\/www.celttv.com.ar\/#website","url":"https:\/\/www.celttv.com.ar\/","name":"CELTTV","description":"Cooperativa El\u00e9ctrica de Tornquist","publisher":{"@id":"https:\/\/www.celttv.com.ar\/#organization"},"potentialAction":[{"@type":"SearchAction","target":{"@type":"EntryPoint","urlTemplate":"https:\/\/www.celttv.com.ar\/?s={search_term_string}"},"query-input":"required name=search_term_string"}],"inLanguage":"es"},{"@type":"Organization","@id":"https:\/\/www.celttv.com.ar\/#organization","name":"CELTTV","url":"https:\/\/www.celttv.com.ar\/","sameAs":["https:\/\/www.youtube.com\/channel\/UCz_oIt8Hig64Ub-EmcNPIhg","https:\/\/www.facebook.com\/celtTV\/"],"logo":{"@type":"ImageObject","inLanguage":"es","@id":"https:\/\/www.celttv.com.ar\/#\/schema\/logo\/image\/","url":"http:\/\/www.celttv.com.ar\/wp-content\/uploads\/2022\/08\/logo-1.png","contentUrl":"http:\/\/www.celttv.com.ar\/wp-content\/uploads\/2022\/08\/logo-1.png","width":461,"height":159,"caption":"CELTTV"},"image":{"@id":"https:\/\/www.celttv.com.ar\/#\/schema\/logo\/image\/"}},{"@type":"Person","@id":"https:\/\/www.celttv.com.ar\/#\/schema\/person\/9059dc91dc7204ef4182cdb65225f07d","name":"Miguel Herrada","image":{"@type":"ImageObject","inLanguage":"es","@id":"https:\/\/www.celttv.com.ar\/#\/schema\/person\/image\/","url":"https:\/\/secure.gravatar.com\/avatar\/67724d5b3c716623ffd76bec7e45841a442ac3b456e914dbba90b0fad2b8e0b1?s=96&d=mm&r=g","contentUrl":"https:\/\/secure.gravatar.com\/avatar\/67724d5b3c716623ffd76bec7e45841a442ac3b456e914dbba90b0fad2b8e0b1?s=96&d=mm&r=g","caption":"Miguel Herrada"}}]}},"_links":{"self":[{"href":"https:\/\/www.celttv.com.ar\/index.php\/wp-json\/wp\/v2\/posts\/73062","targetHints":{"allow":["GET"]}}],"collection":[{"href":"https:\/\/www.celttv.com.ar\/index.php\/wp-json\/wp\/v2\/posts"}],"about":[{"href":"https:\/\/www.celttv.com.ar\/index.php\/wp-json\/wp\/v2\/types\/post"}],"author":[{"embeddable":true,"href":"https:\/\/www.celttv.com.ar\/index.php\/wp-json\/wp\/v2\/users\/5"}],"replies":[{"embeddable":true,"href":"https:\/\/www.celttv.com.ar\/index.php\/wp-json\/wp\/v2\/comments?post=73062"}],"version-history":[{"count":1,"href":"https:\/\/www.celttv.com.ar\/index.php\/wp-json\/wp\/v2\/posts\/73062\/revisions"}],"predecessor-version":[{"id":73064,"href":"https:\/\/www.celttv.com.ar\/index.php\/wp-json\/wp\/v2\/posts\/73062\/revisions\/73064"}],"wp:featuredmedia":[{"embeddable":true,"href":"https:\/\/www.celttv.com.ar\/index.php\/wp-json\/wp\/v2\/media\/73063"}],"wp:attachment":[{"href":"https:\/\/www.celttv.com.ar\/index.php\/wp-json\/wp\/v2\/media?parent=73062"}],"wp:term":[{"taxonomy":"category","embeddable":true,"href":"https:\/\/www.celttv.com.ar\/index.php\/wp-json\/wp\/v2\/categories?post=73062"},{"taxonomy":"post_tag","embeddable":true,"href":"https:\/\/www.celttv.com.ar\/index.php\/wp-json\/wp\/v2\/tags?post=73062"}],"curies":[{"name":"wp","href":"https:\/\/api.w.org\/{rel}","templated":true}]}}