{"id":73090,"date":"2023-01-21T21:17:33","date_gmt":"2023-01-22T00:17:33","guid":{"rendered":"http:\/\/www.celttv.com.ar\/?p=73090"},"modified":"2023-01-21T21:17:33","modified_gmt":"2023-01-22T00:17:33","slug":"gran-participacion-de-grandes-y-chicos-en-la-escuela-municipal-de-natacion-video","status":"publish","type":"post","link":"https:\/\/www.celttv.com.ar\/index.php\/2023\/01\/21\/gran-participacion-de-grandes-y-chicos-en-la-escuela-municipal-de-natacion-video\/","title":{"rendered":"Gran participaci\u00f3n de grandes y chicos en la Escuela Municipal de Nataci\u00f3n (Video)"},"content":{"rendered":"<p>La Escuela Municipal de Nataci\u00f3n ha crecido en matr\u00edcula en lios \u00faltimos a\u00f1os y este verano no ha sido la excepci\u00f3n.<\/p>\n<p>La profesora Ivana Schmidtke, del \u00e1rea de deportes municipal, destac\u00f3 la gran participaci\u00f3n de grandes y chicos en las piletas municipales que funcionan en el distrito.<\/p>\n<p><iframe loading=\"lazy\" title=\"2023 01 19 ESCUELA DE NATACION   IVANA SCHMIDTKE\" width=\"500\" height=\"281\" src=\"https:\/\/www.youtube.com\/embed\/_K_brhqWA4E?feature=oembed\" frameborder=\"0\" allow=\"accelerometer; autoplay; clipboard-write; encrypted-media; gyroscope; picture-in-picture; web-share\" referrerpolicy=\"strict-origin-when-cross-origin\" allowfullscreen><\/iframe><\/p>\n","protected":false},"excerpt":{"rendered":"<p>La Escuela Municipal de Nataci\u00f3n ha crecido en matr\u00edcula en lios \u00faltimos a\u00f1os y este verano no ha sido la excepci\u00f3n. La profesora Ivana Schmidtke, del \u00e1rea de deportes municipal, destac\u00f3 la gran participaci\u00f3n de grandes y chicos en las piletas municipales que funcionan en el distrito.<\/p>\n","protected":false},"author":7,"featured_media":73091,"comment_status":"closed","ping_status":"closed","sticky":false,"template":"","format":"standard","meta":{"footnotes":""},"categories":[55],"tags":[],"class_list":["post-73090","post","type-post","status-publish","format-standard","has-post-thumbnail","hentry","category-celt-tv-noticias"],"yoast_head":"<!-- This site is optimized with the Yoast SEO plugin v19.7.1 - https:\/\/yoast.com\/wordpress\/plugins\/seo\/ -->\n<title>Gran participaci\u00f3n de grandes y chicos en la Escuela Municipal de Nataci\u00f3n (Video) - CELTTV<\/title>\n<meta name=\"description\" content=\"Sitio web de noticias de la localidad de Tornquist, provincia de Buenos Aires, Rep\u00fablica Argentina. Contenido propio originado por periodistas de CELTTV, el canal de TV local de la Cooperativa El\u00e9ctrica de Tornquist. Turismo, Pol\u00edtica, Sociedad, Deporte, Cultura y todo el contenido de inter\u00e9s general que la gente del pueblo y la regi\u00f3n debe conocer.\" \/>\n<meta name=\"robots\" content=\"index, follow, max-snippet:-1, max-image-preview:large, max-video-preview:-1\" \/>\n<link rel=\"canonical\" href=\"https:\/\/www.celttv.com.ar\/index.php\/2023\/01\/21\/gran-participacion-de-grandes-y-chicos-en-la-escuela-municipal-de-natacion-video\/\" \/>\n<meta property=\"og:locale\" content=\"es_ES\" \/>\n<meta property=\"og:type\" content=\"article\" \/>\n<meta property=\"og:title\" content=\"Gran participaci\u00f3n de grandes y chicos en la Escuela Municipal de Nataci\u00f3n (Video) - CELTTV\" \/>\n<meta property=\"og:description\" content=\"Sitio web de noticias de la localidad de Tornquist, provincia de Buenos Aires, Rep\u00fablica Argentina. Contenido propio originado por periodistas de CELTTV, el canal de TV local de la Cooperativa El\u00e9ctrica de Tornquist. Turismo, Pol\u00edtica, Sociedad, Deporte, Cultura y todo el contenido de inter\u00e9s general que la gente del pueblo y la regi\u00f3n debe conocer.\" \/>\n<meta property=\"og:url\" content=\"https:\/\/www.celttv.com.ar\/index.php\/2023\/01\/21\/gran-participacion-de-grandes-y-chicos-en-la-escuela-municipal-de-natacion-video\/\" \/>\n<meta property=\"og:site_name\" content=\"CELTTV\" \/>\n<meta property=\"article:publisher\" content=\"https:\/\/www.facebook.com\/celtTV\/\" \/>\n<meta property=\"article:published_time\" content=\"2023-01-22T00:17:33+00:00\" \/>\n<meta property=\"og:image\" content=\"https:\/\/www.celttv.com.ar\/wp-content\/uploads\/2023\/01\/descarga-1-1.jpg\" \/>\n\t<meta property=\"og:image:width\" content=\"1300\" \/>\n\t<meta property=\"og:image:height\" content=\"975\" \/>\n\t<meta property=\"og:image:type\" content=\"image\/jpeg\" \/>\n<meta name=\"author\" content=\"German Svirch\" \/>\n<meta name=\"twitter:card\" content=\"summary_large_image\" \/>\n<meta name=\"twitter:label1\" content=\"Escrito por\" \/>\n\t<meta name=\"twitter:data1\" content=\"German Svirch\" \/>\n<script type=\"application\/ld+json\" class=\"yoast-schema-graph\">{\"@context\":\"https:\/\/schema.org\",\"@graph\":[{\"@type\":\"NewsArticle\",\"@id\":\"https:\/\/www.celttv.com.ar\/index.php\/2023\/01\/21\/gran-participacion-de-grandes-y-chicos-en-la-escuela-municipal-de-natacion-video\/#article\",\"isPartOf\":{\"@id\":\"https:\/\/www.celttv.com.ar\/index.php\/2023\/01\/21\/gran-participacion-de-grandes-y-chicos-en-la-escuela-municipal-de-natacion-video\/\"},\"author\":{\"name\":\"German Svirch\",\"@id\":\"https:\/\/www.celttv.com.ar\/#\/schema\/person\/db50025d0c4bc65f03036554c823332c\"},\"headline\":\"Gran participaci\u00f3n de grandes y chicos en la Escuela Municipal de Nataci\u00f3n (Video)\",\"datePublished\":\"2023-01-22T00:17:33+00:00\",\"dateModified\":\"2023-01-22T00:17:33+00:00\",\"mainEntityOfPage\":{\"@id\":\"https:\/\/www.celttv.com.ar\/index.php\/2023\/01\/21\/gran-participacion-de-grandes-y-chicos-en-la-escuela-municipal-de-natacion-video\/\"},\"wordCount\":73,\"publisher\":{\"@id\":\"https:\/\/www.celttv.com.ar\/#organization\"},\"articleSection\":[\"Celt TV Noticias\"],\"inLanguage\":\"es\"},{\"@type\":\"WebPage\",\"@id\":\"https:\/\/www.celttv.com.ar\/index.php\/2023\/01\/21\/gran-participacion-de-grandes-y-chicos-en-la-escuela-municipal-de-natacion-video\/\",\"url\":\"https:\/\/www.celttv.com.ar\/index.php\/2023\/01\/21\/gran-participacion-de-grandes-y-chicos-en-la-escuela-municipal-de-natacion-video\/\",\"name\":\"Gran participaci\u00f3n de grandes y chicos en la Escuela Municipal de Nataci\u00f3n (Video) - CELTTV\",\"isPartOf\":{\"@id\":\"https:\/\/www.celttv.com.ar\/#website\"},\"datePublished\":\"2023-01-22T00:17:33+00:00\",\"dateModified\":\"2023-01-22T00:17:33+00:00\",\"description\":\"Sitio web de noticias de la localidad de Tornquist, provincia de Buenos Aires, Rep\u00fablica Argentina. Contenido propio originado por periodistas de CELTTV, el canal de TV local de la Cooperativa El\u00e9ctrica de Tornquist. Turismo, Pol\u00edtica, Sociedad, Deporte, Cultura y todo el contenido de inter\u00e9s general que la gente del pueblo y la regi\u00f3n debe conocer.\",\"breadcrumb\":{\"@id\":\"https:\/\/www.celttv.com.ar\/index.php\/2023\/01\/21\/gran-participacion-de-grandes-y-chicos-en-la-escuela-municipal-de-natacion-video\/#breadcrumb\"},\"inLanguage\":\"es\",\"potentialAction\":[{\"@type\":\"ReadAction\",\"target\":[\"https:\/\/www.celttv.com.ar\/index.php\/2023\/01\/21\/gran-participacion-de-grandes-y-chicos-en-la-escuela-municipal-de-natacion-video\/\"]}]},{\"@type\":\"BreadcrumbList\",\"@id\":\"https:\/\/www.celttv.com.ar\/index.php\/2023\/01\/21\/gran-participacion-de-grandes-y-chicos-en-la-escuela-municipal-de-natacion-video\/#breadcrumb\",\"itemListElement\":[{\"@type\":\"ListItem\",\"position\":1,\"name\":\"Inicio\",\"item\":\"https:\/\/www.celttv.com.ar\/\"},{\"@type\":\"ListItem\",\"position\":2,\"name\":\"Gran participaci\u00f3n de grandes y chicos en la Escuela Municipal de Nataci\u00f3n (Video)\"}]},{\"@type\":\"WebSite\",\"@id\":\"https:\/\/www.celttv.com.ar\/#website\",\"url\":\"https:\/\/www.celttv.com.ar\/\",\"name\":\"CELTTV\",\"description\":\"Cooperativa El\u00e9ctrica de Tornquist\",\"publisher\":{\"@id\":\"https:\/\/www.celttv.com.ar\/#organization\"},\"potentialAction\":[{\"@type\":\"SearchAction\",\"target\":{\"@type\":\"EntryPoint\",\"urlTemplate\":\"https:\/\/www.celttv.com.ar\/?s={search_term_string}\"},\"query-input\":\"required name=search_term_string\"}],\"inLanguage\":\"es\"},{\"@type\":\"Organization\",\"@id\":\"https:\/\/www.celttv.com.ar\/#organization\",\"name\":\"CELTTV\",\"url\":\"https:\/\/www.celttv.com.ar\/\",\"sameAs\":[\"https:\/\/www.youtube.com\/channel\/UCz_oIt8Hig64Ub-EmcNPIhg\",\"https:\/\/www.facebook.com\/celtTV\/\"],\"logo\":{\"@type\":\"ImageObject\",\"inLanguage\":\"es\",\"@id\":\"https:\/\/www.celttv.com.ar\/#\/schema\/logo\/image\/\",\"url\":\"http:\/\/www.celttv.com.ar\/wp-content\/uploads\/2022\/08\/logo-1.png\",\"contentUrl\":\"http:\/\/www.celttv.com.ar\/wp-content\/uploads\/2022\/08\/logo-1.png\",\"width\":461,\"height\":159,\"caption\":\"CELTTV\"},\"image\":{\"@id\":\"https:\/\/www.celttv.com.ar\/#\/schema\/logo\/image\/\"}},{\"@type\":\"Person\",\"@id\":\"https:\/\/www.celttv.com.ar\/#\/schema\/person\/db50025d0c4bc65f03036554c823332c\",\"name\":\"German Svirch\",\"image\":{\"@type\":\"ImageObject\",\"inLanguage\":\"es\",\"@id\":\"https:\/\/www.celttv.com.ar\/#\/schema\/person\/image\/\",\"url\":\"https:\/\/secure.gravatar.com\/avatar\/9ef68bf179fa7037bf0d8a157e18d60d88400f9f78daad9e31789de8ef492b33?s=96&d=mm&r=g\",\"contentUrl\":\"https:\/\/secure.gravatar.com\/avatar\/9ef68bf179fa7037bf0d8a157e18d60d88400f9f78daad9e31789de8ef492b33?s=96&d=mm&r=g\",\"caption\":\"German Svirch\"}}]}<\/script>\n<!-- \/ Yoast SEO plugin. -->","yoast_head_json":{"title":"Gran participaci\u00f3n de grandes y chicos en la Escuela Municipal de Nataci\u00f3n (Video) - CELTTV","description":"Sitio web de noticias de la localidad de Tornquist, provincia de Buenos Aires, Rep\u00fablica Argentina. Contenido propio originado por periodistas de CELTTV, el canal de TV local de la Cooperativa El\u00e9ctrica de Tornquist. Turismo, Pol\u00edtica, Sociedad, Deporte, Cultura y todo el contenido de inter\u00e9s general que la gente del pueblo y la regi\u00f3n debe conocer.","robots":{"index":"index","follow":"follow","max-snippet":"max-snippet:-1","max-image-preview":"max-image-preview:large","max-video-preview":"max-video-preview:-1"},"canonical":"https:\/\/www.celttv.com.ar\/index.php\/2023\/01\/21\/gran-participacion-de-grandes-y-chicos-en-la-escuela-municipal-de-natacion-video\/","og_locale":"es_ES","og_type":"article","og_title":"Gran participaci\u00f3n de grandes y chicos en la Escuela Municipal de Nataci\u00f3n (Video) - CELTTV","og_description":"Sitio web de noticias de la localidad de Tornquist, provincia de Buenos Aires, Rep\u00fablica Argentina. Contenido propio originado por periodistas de CELTTV, el canal de TV local de la Cooperativa El\u00e9ctrica de Tornquist. Turismo, Pol\u00edtica, Sociedad, Deporte, Cultura y todo el contenido de inter\u00e9s general que la gente del pueblo y la regi\u00f3n debe conocer.","og_url":"https:\/\/www.celttv.com.ar\/index.php\/2023\/01\/21\/gran-participacion-de-grandes-y-chicos-en-la-escuela-municipal-de-natacion-video\/","og_site_name":"CELTTV","article_publisher":"https:\/\/www.facebook.com\/celtTV\/","article_published_time":"2023-01-22T00:17:33+00:00","og_image":[{"width":1300,"height":975,"url":"https:\/\/www.celttv.com.ar\/wp-content\/uploads\/2023\/01\/descarga-1-1.jpg","type":"image\/jpeg"}],"author":"German Svirch","twitter_card":"summary_large_image","twitter_misc":{"Escrito por":"German Svirch"},"schema":{"@context":"https:\/\/schema.org","@graph":[{"@type":"NewsArticle","@id":"https:\/\/www.celttv.com.ar\/index.php\/2023\/01\/21\/gran-participacion-de-grandes-y-chicos-en-la-escuela-municipal-de-natacion-video\/#article","isPartOf":{"@id":"https:\/\/www.celttv.com.ar\/index.php\/2023\/01\/21\/gran-participacion-de-grandes-y-chicos-en-la-escuela-municipal-de-natacion-video\/"},"author":{"name":"German Svirch","@id":"https:\/\/www.celttv.com.ar\/#\/schema\/person\/db50025d0c4bc65f03036554c823332c"},"headline":"Gran participaci\u00f3n de grandes y chicos en la Escuela Municipal de Nataci\u00f3n (Video)","datePublished":"2023-01-22T00:17:33+00:00","dateModified":"2023-01-22T00:17:33+00:00","mainEntityOfPage":{"@id":"https:\/\/www.celttv.com.ar\/index.php\/2023\/01\/21\/gran-participacion-de-grandes-y-chicos-en-la-escuela-municipal-de-natacion-video\/"},"wordCount":73,"publisher":{"@id":"https:\/\/www.celttv.com.ar\/#organization"},"articleSection":["Celt TV Noticias"],"inLanguage":"es"},{"@type":"WebPage","@id":"https:\/\/www.celttv.com.ar\/index.php\/2023\/01\/21\/gran-participacion-de-grandes-y-chicos-en-la-escuela-municipal-de-natacion-video\/","url":"https:\/\/www.celttv.com.ar\/index.php\/2023\/01\/21\/gran-participacion-de-grandes-y-chicos-en-la-escuela-municipal-de-natacion-video\/","name":"Gran participaci\u00f3n de grandes y chicos en la Escuela Municipal de Nataci\u00f3n (Video) - CELTTV","isPartOf":{"@id":"https:\/\/www.celttv.com.ar\/#website"},"datePublished":"2023-01-22T00:17:33+00:00","dateModified":"2023-01-22T00:17:33+00:00","description":"Sitio web de noticias de la localidad de Tornquist, provincia de Buenos Aires, Rep\u00fablica Argentina. Contenido propio originado por periodistas de CELTTV, el canal de TV local de la Cooperativa El\u00e9ctrica de Tornquist. Turismo, Pol\u00edtica, Sociedad, Deporte, Cultura y todo el contenido de inter\u00e9s general que la gente del pueblo y la regi\u00f3n debe conocer.","breadcrumb":{"@id":"https:\/\/www.celttv.com.ar\/index.php\/2023\/01\/21\/gran-participacion-de-grandes-y-chicos-en-la-escuela-municipal-de-natacion-video\/#breadcrumb"},"inLanguage":"es","potentialAction":[{"@type":"ReadAction","target":["https:\/\/www.celttv.com.ar\/index.php\/2023\/01\/21\/gran-participacion-de-grandes-y-chicos-en-la-escuela-municipal-de-natacion-video\/"]}]},{"@type":"BreadcrumbList","@id":"https:\/\/www.celttv.com.ar\/index.php\/2023\/01\/21\/gran-participacion-de-grandes-y-chicos-en-la-escuela-municipal-de-natacion-video\/#breadcrumb","itemListElement":[{"@type":"ListItem","position":1,"name":"Inicio","item":"https:\/\/www.celttv.com.ar\/"},{"@type":"ListItem","position":2,"name":"Gran participaci\u00f3n de grandes y chicos en la Escuela Municipal de Nataci\u00f3n (Video)"}]},{"@type":"WebSite","@id":"https:\/\/www.celttv.com.ar\/#website","url":"https:\/\/www.celttv.com.ar\/","name":"CELTTV","description":"Cooperativa El\u00e9ctrica de Tornquist","publisher":{"@id":"https:\/\/www.celttv.com.ar\/#organization"},"potentialAction":[{"@type":"SearchAction","target":{"@type":"EntryPoint","urlTemplate":"https:\/\/www.celttv.com.ar\/?s={search_term_string}"},"query-input":"required name=search_term_string"}],"inLanguage":"es"},{"@type":"Organization","@id":"https:\/\/www.celttv.com.ar\/#organization","name":"CELTTV","url":"https:\/\/www.celttv.com.ar\/","sameAs":["https:\/\/www.youtube.com\/channel\/UCz_oIt8Hig64Ub-EmcNPIhg","https:\/\/www.facebook.com\/celtTV\/"],"logo":{"@type":"ImageObject","inLanguage":"es","@id":"https:\/\/www.celttv.com.ar\/#\/schema\/logo\/image\/","url":"http:\/\/www.celttv.com.ar\/wp-content\/uploads\/2022\/08\/logo-1.png","contentUrl":"http:\/\/www.celttv.com.ar\/wp-content\/uploads\/2022\/08\/logo-1.png","width":461,"height":159,"caption":"CELTTV"},"image":{"@id":"https:\/\/www.celttv.com.ar\/#\/schema\/logo\/image\/"}},{"@type":"Person","@id":"https:\/\/www.celttv.com.ar\/#\/schema\/person\/db50025d0c4bc65f03036554c823332c","name":"German Svirch","image":{"@type":"ImageObject","inLanguage":"es","@id":"https:\/\/www.celttv.com.ar\/#\/schema\/person\/image\/","url":"https:\/\/secure.gravatar.com\/avatar\/9ef68bf179fa7037bf0d8a157e18d60d88400f9f78daad9e31789de8ef492b33?s=96&d=mm&r=g","contentUrl":"https:\/\/secure.gravatar.com\/avatar\/9ef68bf179fa7037bf0d8a157e18d60d88400f9f78daad9e31789de8ef492b33?s=96&d=mm&r=g","caption":"German Svirch"}}]}},"_links":{"self":[{"href":"https:\/\/www.celttv.com.ar\/index.php\/wp-json\/wp\/v2\/posts\/73090","targetHints":{"allow":["GET"]}}],"collection":[{"href":"https:\/\/www.celttv.com.ar\/index.php\/wp-json\/wp\/v2\/posts"}],"about":[{"href":"https:\/\/www.celttv.com.ar\/index.php\/wp-json\/wp\/v2\/types\/post"}],"author":[{"embeddable":true,"href":"https:\/\/www.celttv.com.ar\/index.php\/wp-json\/wp\/v2\/users\/7"}],"replies":[{"embeddable":true,"href":"https:\/\/www.celttv.com.ar\/index.php\/wp-json\/wp\/v2\/comments?post=73090"}],"version-history":[{"count":1,"href":"https:\/\/www.celttv.com.ar\/index.php\/wp-json\/wp\/v2\/posts\/73090\/revisions"}],"predecessor-version":[{"id":73092,"href":"https:\/\/www.celttv.com.ar\/index.php\/wp-json\/wp\/v2\/posts\/73090\/revisions\/73092"}],"wp:featuredmedia":[{"embeddable":true,"href":"https:\/\/www.celttv.com.ar\/index.php\/wp-json\/wp\/v2\/media\/73091"}],"wp:attachment":[{"href":"https:\/\/www.celttv.com.ar\/index.php\/wp-json\/wp\/v2\/media?parent=73090"}],"wp:term":[{"taxonomy":"category","embeddable":true,"href":"https:\/\/www.celttv.com.ar\/index.php\/wp-json\/wp\/v2\/categories?post=73090"},{"taxonomy":"post_tag","embeddable":true,"href":"https:\/\/www.celttv.com.ar\/index.php\/wp-json\/wp\/v2\/tags?post=73090"}],"curies":[{"name":"wp","href":"https:\/\/api.w.org\/{rel}","templated":true}]}}