{"id":73094,"date":"2023-01-21T21:49:31","date_gmt":"2023-01-22T00:49:31","guid":{"rendered":"http:\/\/www.celttv.com.ar\/?p=73094"},"modified":"2023-01-21T21:51:34","modified_gmt":"2023-01-22T00:51:34","slug":"gran-comienzo-de-la-31-edicion-de-la-fiesta-provincial-de-las-golondrinas-videos","status":"publish","type":"post","link":"https:\/\/www.celttv.com.ar\/index.php\/2023\/01\/21\/gran-comienzo-de-la-31-edicion-de-la-fiesta-provincial-de-las-golondrinas-videos\/","title":{"rendered":"Gran comienzo de la 31\u00b0 edici\u00f3n de la Fiesta Provincial de Las Golondrinas (Videos)"},"content":{"rendered":"<p>Un importante marco de p\u00fablico se sum\u00f3 a la 31\u00b0 edici\u00f3n de la Fiesta Provincial de Las Golondrinas, la cual se est\u00e1 llevando a cabo en la Plaza Salerno de Villa Ventana.<\/p>\n<p>Con el tradicional condimento familiar que siempre caracteriz\u00f3 a la fiesta, grandes y chicos, desde muy temprano, se sumaron con su reposera para poder disfrutar de los diferentes espect\u00e1culos, adquirir diferentes productos elaborados por los artesanos de la comarca serrana y disfrutar de un amplio servicio de gastronom\u00eda que brindaron las instituciones de la villa y el distrito.<\/p>\n<p>El intendente Sergio Bordoni junto a la delegada\u00a0 de Villa Ventana Florencia Testa y Pablo Balario, integrante de la Asociaci\u00f3n de Fomento, fueron los encargados de dejar inaugurada la fiesta.<\/p>\n<p>Durante la jornada estuvieron presentes integrantes del Departamento Ejecutivo Municipal al igual que ediles del HCD.<\/p>\n<p>Durante la noche de hoy se esperaba la actuaci\u00f3n de Florinda y Su Banda, el Coro Santa Cecilia, Taller Municipal de Folklore, , Sonkoy Folklore, Soldadores sin Careta, Os Birretes, Bulldozer, Viento Sur y Retrock.<\/p>\n<p>Pr\u00f3ximamente im\u00e1genes de los espect\u00e1culos.<\/p>\n<p>Para el domingo el programa de artistas es el siguiente: Prcisos indecisos, Ballet de las Sierras, Panor\u00e1mico de Estrellas, D\u00fao Tango, JAF, Media Pinta Rock, Huma Blues y Bomba Cumbia.<\/p>\n<p><strong><em>ACTO INAUGURAL DE LA FIESTA PROVINCIAL DE LAS GOLONDRINAS<\/em><\/strong><\/p>\n<p><iframe loading=\"lazy\" title=\"2023 01 21 31\u00b0 FIESTA PROVINCIAL DE LAS GOLONDRINAS   FLORENCIA TESTA   ALOCUCI\u00d3N\" width=\"500\" height=\"281\" src=\"https:\/\/www.youtube.com\/embed\/TZhJ2CUlfBU?feature=oembed\" frameborder=\"0\" allow=\"accelerometer; autoplay; clipboard-write; encrypted-media; gyroscope; picture-in-picture; web-share\" referrerpolicy=\"strict-origin-when-cross-origin\" allowfullscreen><\/iframe><\/p>\n<p><iframe loading=\"lazy\" title=\"2023 01 21 31\u00b0 FIESTA PROVINCIAL DE LAS GOLONDRINAS   SERGIO BORDONI   ALOCUCI\u00d3N\" width=\"500\" height=\"281\" src=\"https:\/\/www.youtube.com\/embed\/oUWnnYDbuFQ?feature=oembed\" frameborder=\"0\" allow=\"accelerometer; autoplay; clipboard-write; encrypted-media; gyroscope; picture-in-picture; web-share\" referrerpolicy=\"strict-origin-when-cross-origin\" allowfullscreen><\/iframe><\/p>\n<p><em><strong>ENTREVISTAS<\/strong><\/em><\/p>\n<p><iframe loading=\"lazy\" title=\"2023 01 21 31\u00b0 FIESTA PROVINCIAL DE LAS GOLONDRINAS   FLORENCIA TESTA   ENTREVISTA\" width=\"500\" height=\"281\" src=\"https:\/\/www.youtube.com\/embed\/jL2f5grjwQE?feature=oembed\" frameborder=\"0\" allow=\"accelerometer; autoplay; clipboard-write; encrypted-media; gyroscope; picture-in-picture; web-share\" referrerpolicy=\"strict-origin-when-cross-origin\" allowfullscreen><\/iframe><\/p>\n<p><iframe loading=\"lazy\" title=\"2023 01 21 31\u00b0 FIESTA PROVINCIAL DE LAS GOLONDRINAS   SERGIO BORDONI   ENTREVISTA\" width=\"500\" height=\"281\" src=\"https:\/\/www.youtube.com\/embed\/jdGEw-g34SY?feature=oembed\" frameborder=\"0\" allow=\"accelerometer; autoplay; clipboard-write; encrypted-media; gyroscope; picture-in-picture; web-share\" referrerpolicy=\"strict-origin-when-cross-origin\" allowfullscreen><\/iframe><\/p>\n<p><iframe loading=\"lazy\" title=\"2023 01 21 31\u00b0 FIESTA PROVINCIAL DE LAS GOLONDRINAS   PABLO BALARIO   ASOCIACI\u00d3N DE FOMENTO   ENTREV\" width=\"500\" height=\"281\" src=\"https:\/\/www.youtube.com\/embed\/TzOaXfBfJsg?feature=oembed\" frameborder=\"0\" allow=\"accelerometer; autoplay; clipboard-write; encrypted-media; gyroscope; picture-in-picture; web-share\" referrerpolicy=\"strict-origin-when-cross-origin\" allowfullscreen><\/iframe><\/p>\n<p><iframe loading=\"lazy\" title=\"2023 01 21 31\u00b0 FIESTA PROVINCIAL DE LAS GOLONDRINAS   LUC\u00cdA URRIAGA   ENTREVISTA\" width=\"500\" height=\"281\" src=\"https:\/\/www.youtube.com\/embed\/K7IgQRnzaFg?feature=oembed\" frameborder=\"0\" allow=\"accelerometer; autoplay; clipboard-write; encrypted-media; gyroscope; picture-in-picture; web-share\" referrerpolicy=\"strict-origin-when-cross-origin\" allowfullscreen><\/iframe><\/p>\n<p><iframe loading=\"lazy\" title=\"2023 01 21 31\u00b0 FIESTA PROVINCIAL DE LAS GOLONDRINAS   GUSTAVO SANDOBAL   ENTREVISTA\" width=\"500\" height=\"281\" src=\"https:\/\/www.youtube.com\/embed\/ssiWvKZFwBM?feature=oembed\" frameborder=\"0\" allow=\"accelerometer; autoplay; clipboard-write; encrypted-media; gyroscope; picture-in-picture; web-share\" referrerpolicy=\"strict-origin-when-cross-origin\" allowfullscreen><\/iframe><\/p>\n","protected":false},"excerpt":{"rendered":"<p>Un importante marco de p\u00fablico se sum\u00f3 a la 31\u00b0 edici\u00f3n de la Fiesta Provincial de Las Golondrinas, la cual se est\u00e1 llevando a cabo en la Plaza Salerno de Villa Ventana. Con el tradicional condimento familiar que siempre caracteriz\u00f3 a la fiesta, grandes y chicos, desde muy temprano, se sumaron con su reposera para [&hellip;]<\/p>\n","protected":false},"author":7,"featured_media":73095,"comment_status":"closed","ping_status":"closed","sticky":false,"template":"","format":"standard","meta":{"footnotes":""},"categories":[56],"tags":[],"class_list":["post-73094","post","type-post","status-publish","format-standard","has-post-thumbnail","hentry","category-espectaculos"],"yoast_head":"<!-- This site is optimized with the Yoast SEO plugin v19.7.1 - https:\/\/yoast.com\/wordpress\/plugins\/seo\/ -->\n<title>Gran comienzo de la 31\u00b0 edici\u00f3n de la Fiesta Provincial de Las Golondrinas (Videos) - CELTTV<\/title>\n<meta name=\"description\" content=\"Sitio web de noticias de la localidad de Tornquist, provincia de Buenos Aires, Rep\u00fablica Argentina. Contenido propio originado por periodistas de CELTTV, el canal de TV local de la Cooperativa El\u00e9ctrica de Tornquist. Turismo, Pol\u00edtica, Sociedad, Deporte, Cultura y todo el contenido de inter\u00e9s general que la gente del pueblo y la regi\u00f3n debe conocer.\" \/>\n<meta name=\"robots\" content=\"index, follow, max-snippet:-1, max-image-preview:large, max-video-preview:-1\" \/>\n<link rel=\"canonical\" href=\"https:\/\/www.celttv.com.ar\/index.php\/2023\/01\/21\/gran-comienzo-de-la-31-edicion-de-la-fiesta-provincial-de-las-golondrinas-videos\/\" \/>\n<meta property=\"og:locale\" content=\"es_ES\" \/>\n<meta property=\"og:type\" content=\"article\" \/>\n<meta property=\"og:title\" content=\"Gran comienzo de la 31\u00b0 edici\u00f3n de la Fiesta Provincial de Las Golondrinas (Videos) - CELTTV\" \/>\n<meta property=\"og:description\" content=\"Sitio web de noticias de la localidad de Tornquist, provincia de Buenos Aires, Rep\u00fablica Argentina. Contenido propio originado por periodistas de CELTTV, el canal de TV local de la Cooperativa El\u00e9ctrica de Tornquist. Turismo, Pol\u00edtica, Sociedad, Deporte, Cultura y todo el contenido de inter\u00e9s general que la gente del pueblo y la regi\u00f3n debe conocer.\" \/>\n<meta property=\"og:url\" content=\"https:\/\/www.celttv.com.ar\/index.php\/2023\/01\/21\/gran-comienzo-de-la-31-edicion-de-la-fiesta-provincial-de-las-golondrinas-videos\/\" \/>\n<meta property=\"og:site_name\" content=\"CELTTV\" \/>\n<meta property=\"article:publisher\" content=\"https:\/\/www.facebook.com\/celtTV\/\" \/>\n<meta property=\"article:published_time\" content=\"2023-01-22T00:49:31+00:00\" \/>\n<meta property=\"article:modified_time\" content=\"2023-01-22T00:51:34+00:00\" \/>\n<meta property=\"og:image\" content=\"https:\/\/www.celttv.com.ar\/wp-content\/uploads\/2023\/01\/897e629e-2103-44e2-a61b-b34ab389eb40.jpg\" \/>\n\t<meta property=\"og:image:width\" content=\"1600\" \/>\n\t<meta property=\"og:image:height\" content=\"1200\" \/>\n\t<meta property=\"og:image:type\" content=\"image\/jpeg\" \/>\n<meta name=\"author\" content=\"German Svirch\" \/>\n<meta name=\"twitter:card\" content=\"summary_large_image\" \/>\n<meta name=\"twitter:label1\" content=\"Escrito por\" \/>\n\t<meta name=\"twitter:data1\" content=\"German Svirch\" \/>\n\t<meta name=\"twitter:label2\" content=\"Tiempo de lectura\" \/>\n\t<meta name=\"twitter:data2\" content=\"1 minuto\" \/>\n<script type=\"application\/ld+json\" class=\"yoast-schema-graph\">{\"@context\":\"https:\/\/schema.org\",\"@graph\":[{\"@type\":\"NewsArticle\",\"@id\":\"https:\/\/www.celttv.com.ar\/index.php\/2023\/01\/21\/gran-comienzo-de-la-31-edicion-de-la-fiesta-provincial-de-las-golondrinas-videos\/#article\",\"isPartOf\":{\"@id\":\"https:\/\/www.celttv.com.ar\/index.php\/2023\/01\/21\/gran-comienzo-de-la-31-edicion-de-la-fiesta-provincial-de-las-golondrinas-videos\/\"},\"author\":{\"name\":\"German Svirch\",\"@id\":\"https:\/\/www.celttv.com.ar\/#\/schema\/person\/db50025d0c4bc65f03036554c823332c\"},\"headline\":\"Gran comienzo de la 31\u00b0 edici\u00f3n de la Fiesta Provincial de Las Golondrinas (Videos)\",\"datePublished\":\"2023-01-22T00:49:31+00:00\",\"dateModified\":\"2023-01-22T00:51:34+00:00\",\"mainEntityOfPage\":{\"@id\":\"https:\/\/www.celttv.com.ar\/index.php\/2023\/01\/21\/gran-comienzo-de-la-31-edicion-de-la-fiesta-provincial-de-las-golondrinas-videos\/\"},\"wordCount\":272,\"publisher\":{\"@id\":\"https:\/\/www.celttv.com.ar\/#organization\"},\"articleSection\":[\"Espect\u00e1culos\"],\"inLanguage\":\"es\"},{\"@type\":\"WebPage\",\"@id\":\"https:\/\/www.celttv.com.ar\/index.php\/2023\/01\/21\/gran-comienzo-de-la-31-edicion-de-la-fiesta-provincial-de-las-golondrinas-videos\/\",\"url\":\"https:\/\/www.celttv.com.ar\/index.php\/2023\/01\/21\/gran-comienzo-de-la-31-edicion-de-la-fiesta-provincial-de-las-golondrinas-videos\/\",\"name\":\"Gran comienzo de la 31\u00b0 edici\u00f3n de la Fiesta Provincial de Las Golondrinas (Videos) - CELTTV\",\"isPartOf\":{\"@id\":\"https:\/\/www.celttv.com.ar\/#website\"},\"datePublished\":\"2023-01-22T00:49:31+00:00\",\"dateModified\":\"2023-01-22T00:51:34+00:00\",\"description\":\"Sitio web de noticias de la localidad de Tornquist, provincia de Buenos Aires, Rep\u00fablica Argentina. Contenido propio originado por periodistas de CELTTV, el canal de TV local de la Cooperativa El\u00e9ctrica de Tornquist. Turismo, Pol\u00edtica, Sociedad, Deporte, Cultura y todo el contenido de inter\u00e9s general que la gente del pueblo y la regi\u00f3n debe conocer.\",\"breadcrumb\":{\"@id\":\"https:\/\/www.celttv.com.ar\/index.php\/2023\/01\/21\/gran-comienzo-de-la-31-edicion-de-la-fiesta-provincial-de-las-golondrinas-videos\/#breadcrumb\"},\"inLanguage\":\"es\",\"potentialAction\":[{\"@type\":\"ReadAction\",\"target\":[\"https:\/\/www.celttv.com.ar\/index.php\/2023\/01\/21\/gran-comienzo-de-la-31-edicion-de-la-fiesta-provincial-de-las-golondrinas-videos\/\"]}]},{\"@type\":\"BreadcrumbList\",\"@id\":\"https:\/\/www.celttv.com.ar\/index.php\/2023\/01\/21\/gran-comienzo-de-la-31-edicion-de-la-fiesta-provincial-de-las-golondrinas-videos\/#breadcrumb\",\"itemListElement\":[{\"@type\":\"ListItem\",\"position\":1,\"name\":\"Inicio\",\"item\":\"https:\/\/www.celttv.com.ar\/\"},{\"@type\":\"ListItem\",\"position\":2,\"name\":\"Gran comienzo de la 31\u00b0 edici\u00f3n de la Fiesta Provincial de Las Golondrinas (Videos)\"}]},{\"@type\":\"WebSite\",\"@id\":\"https:\/\/www.celttv.com.ar\/#website\",\"url\":\"https:\/\/www.celttv.com.ar\/\",\"name\":\"CELTTV\",\"description\":\"Cooperativa El\u00e9ctrica de Tornquist\",\"publisher\":{\"@id\":\"https:\/\/www.celttv.com.ar\/#organization\"},\"potentialAction\":[{\"@type\":\"SearchAction\",\"target\":{\"@type\":\"EntryPoint\",\"urlTemplate\":\"https:\/\/www.celttv.com.ar\/?s={search_term_string}\"},\"query-input\":\"required name=search_term_string\"}],\"inLanguage\":\"es\"},{\"@type\":\"Organization\",\"@id\":\"https:\/\/www.celttv.com.ar\/#organization\",\"name\":\"CELTTV\",\"url\":\"https:\/\/www.celttv.com.ar\/\",\"sameAs\":[\"https:\/\/www.youtube.com\/channel\/UCz_oIt8Hig64Ub-EmcNPIhg\",\"https:\/\/www.facebook.com\/celtTV\/\"],\"logo\":{\"@type\":\"ImageObject\",\"inLanguage\":\"es\",\"@id\":\"https:\/\/www.celttv.com.ar\/#\/schema\/logo\/image\/\",\"url\":\"http:\/\/www.celttv.com.ar\/wp-content\/uploads\/2022\/08\/logo-1.png\",\"contentUrl\":\"http:\/\/www.celttv.com.ar\/wp-content\/uploads\/2022\/08\/logo-1.png\",\"width\":461,\"height\":159,\"caption\":\"CELTTV\"},\"image\":{\"@id\":\"https:\/\/www.celttv.com.ar\/#\/schema\/logo\/image\/\"}},{\"@type\":\"Person\",\"@id\":\"https:\/\/www.celttv.com.ar\/#\/schema\/person\/db50025d0c4bc65f03036554c823332c\",\"name\":\"German Svirch\",\"image\":{\"@type\":\"ImageObject\",\"inLanguage\":\"es\",\"@id\":\"https:\/\/www.celttv.com.ar\/#\/schema\/person\/image\/\",\"url\":\"https:\/\/secure.gravatar.com\/avatar\/9ef68bf179fa7037bf0d8a157e18d60d88400f9f78daad9e31789de8ef492b33?s=96&d=mm&r=g\",\"contentUrl\":\"https:\/\/secure.gravatar.com\/avatar\/9ef68bf179fa7037bf0d8a157e18d60d88400f9f78daad9e31789de8ef492b33?s=96&d=mm&r=g\",\"caption\":\"German Svirch\"}}]}<\/script>\n<!-- \/ Yoast SEO plugin. -->","yoast_head_json":{"title":"Gran comienzo de la 31\u00b0 edici\u00f3n de la Fiesta Provincial de Las Golondrinas (Videos) - CELTTV","description":"Sitio web de noticias de la localidad de Tornquist, provincia de Buenos Aires, Rep\u00fablica Argentina. Contenido propio originado por periodistas de CELTTV, el canal de TV local de la Cooperativa El\u00e9ctrica de Tornquist. Turismo, Pol\u00edtica, Sociedad, Deporte, Cultura y todo el contenido de inter\u00e9s general que la gente del pueblo y la regi\u00f3n debe conocer.","robots":{"index":"index","follow":"follow","max-snippet":"max-snippet:-1","max-image-preview":"max-image-preview:large","max-video-preview":"max-video-preview:-1"},"canonical":"https:\/\/www.celttv.com.ar\/index.php\/2023\/01\/21\/gran-comienzo-de-la-31-edicion-de-la-fiesta-provincial-de-las-golondrinas-videos\/","og_locale":"es_ES","og_type":"article","og_title":"Gran comienzo de la 31\u00b0 edici\u00f3n de la Fiesta Provincial de Las Golondrinas (Videos) - CELTTV","og_description":"Sitio web de noticias de la localidad de Tornquist, provincia de Buenos Aires, Rep\u00fablica Argentina. Contenido propio originado por periodistas de CELTTV, el canal de TV local de la Cooperativa El\u00e9ctrica de Tornquist. Turismo, Pol\u00edtica, Sociedad, Deporte, Cultura y todo el contenido de inter\u00e9s general que la gente del pueblo y la regi\u00f3n debe conocer.","og_url":"https:\/\/www.celttv.com.ar\/index.php\/2023\/01\/21\/gran-comienzo-de-la-31-edicion-de-la-fiesta-provincial-de-las-golondrinas-videos\/","og_site_name":"CELTTV","article_publisher":"https:\/\/www.facebook.com\/celtTV\/","article_published_time":"2023-01-22T00:49:31+00:00","article_modified_time":"2023-01-22T00:51:34+00:00","og_image":[{"width":1600,"height":1200,"url":"https:\/\/www.celttv.com.ar\/wp-content\/uploads\/2023\/01\/897e629e-2103-44e2-a61b-b34ab389eb40.jpg","type":"image\/jpeg"}],"author":"German Svirch","twitter_card":"summary_large_image","twitter_misc":{"Escrito por":"German Svirch","Tiempo de lectura":"1 minuto"},"schema":{"@context":"https:\/\/schema.org","@graph":[{"@type":"NewsArticle","@id":"https:\/\/www.celttv.com.ar\/index.php\/2023\/01\/21\/gran-comienzo-de-la-31-edicion-de-la-fiesta-provincial-de-las-golondrinas-videos\/#article","isPartOf":{"@id":"https:\/\/www.celttv.com.ar\/index.php\/2023\/01\/21\/gran-comienzo-de-la-31-edicion-de-la-fiesta-provincial-de-las-golondrinas-videos\/"},"author":{"name":"German Svirch","@id":"https:\/\/www.celttv.com.ar\/#\/schema\/person\/db50025d0c4bc65f03036554c823332c"},"headline":"Gran comienzo de la 31\u00b0 edici\u00f3n de la Fiesta Provincial de Las Golondrinas (Videos)","datePublished":"2023-01-22T00:49:31+00:00","dateModified":"2023-01-22T00:51:34+00:00","mainEntityOfPage":{"@id":"https:\/\/www.celttv.com.ar\/index.php\/2023\/01\/21\/gran-comienzo-de-la-31-edicion-de-la-fiesta-provincial-de-las-golondrinas-videos\/"},"wordCount":272,"publisher":{"@id":"https:\/\/www.celttv.com.ar\/#organization"},"articleSection":["Espect\u00e1culos"],"inLanguage":"es"},{"@type":"WebPage","@id":"https:\/\/www.celttv.com.ar\/index.php\/2023\/01\/21\/gran-comienzo-de-la-31-edicion-de-la-fiesta-provincial-de-las-golondrinas-videos\/","url":"https:\/\/www.celttv.com.ar\/index.php\/2023\/01\/21\/gran-comienzo-de-la-31-edicion-de-la-fiesta-provincial-de-las-golondrinas-videos\/","name":"Gran comienzo de la 31\u00b0 edici\u00f3n de la Fiesta Provincial de Las Golondrinas (Videos) - CELTTV","isPartOf":{"@id":"https:\/\/www.celttv.com.ar\/#website"},"datePublished":"2023-01-22T00:49:31+00:00","dateModified":"2023-01-22T00:51:34+00:00","description":"Sitio web de noticias de la localidad de Tornquist, provincia de Buenos Aires, Rep\u00fablica Argentina. Contenido propio originado por periodistas de CELTTV, el canal de TV local de la Cooperativa El\u00e9ctrica de Tornquist. Turismo, Pol\u00edtica, Sociedad, Deporte, Cultura y todo el contenido de inter\u00e9s general que la gente del pueblo y la regi\u00f3n debe conocer.","breadcrumb":{"@id":"https:\/\/www.celttv.com.ar\/index.php\/2023\/01\/21\/gran-comienzo-de-la-31-edicion-de-la-fiesta-provincial-de-las-golondrinas-videos\/#breadcrumb"},"inLanguage":"es","potentialAction":[{"@type":"ReadAction","target":["https:\/\/www.celttv.com.ar\/index.php\/2023\/01\/21\/gran-comienzo-de-la-31-edicion-de-la-fiesta-provincial-de-las-golondrinas-videos\/"]}]},{"@type":"BreadcrumbList","@id":"https:\/\/www.celttv.com.ar\/index.php\/2023\/01\/21\/gran-comienzo-de-la-31-edicion-de-la-fiesta-provincial-de-las-golondrinas-videos\/#breadcrumb","itemListElement":[{"@type":"ListItem","position":1,"name":"Inicio","item":"https:\/\/www.celttv.com.ar\/"},{"@type":"ListItem","position":2,"name":"Gran comienzo de la 31\u00b0 edici\u00f3n de la Fiesta Provincial de Las Golondrinas (Videos)"}]},{"@type":"WebSite","@id":"https:\/\/www.celttv.com.ar\/#website","url":"https:\/\/www.celttv.com.ar\/","name":"CELTTV","description":"Cooperativa El\u00e9ctrica de Tornquist","publisher":{"@id":"https:\/\/www.celttv.com.ar\/#organization"},"potentialAction":[{"@type":"SearchAction","target":{"@type":"EntryPoint","urlTemplate":"https:\/\/www.celttv.com.ar\/?s={search_term_string}"},"query-input":"required name=search_term_string"}],"inLanguage":"es"},{"@type":"Organization","@id":"https:\/\/www.celttv.com.ar\/#organization","name":"CELTTV","url":"https:\/\/www.celttv.com.ar\/","sameAs":["https:\/\/www.youtube.com\/channel\/UCz_oIt8Hig64Ub-EmcNPIhg","https:\/\/www.facebook.com\/celtTV\/"],"logo":{"@type":"ImageObject","inLanguage":"es","@id":"https:\/\/www.celttv.com.ar\/#\/schema\/logo\/image\/","url":"http:\/\/www.celttv.com.ar\/wp-content\/uploads\/2022\/08\/logo-1.png","contentUrl":"http:\/\/www.celttv.com.ar\/wp-content\/uploads\/2022\/08\/logo-1.png","width":461,"height":159,"caption":"CELTTV"},"image":{"@id":"https:\/\/www.celttv.com.ar\/#\/schema\/logo\/image\/"}},{"@type":"Person","@id":"https:\/\/www.celttv.com.ar\/#\/schema\/person\/db50025d0c4bc65f03036554c823332c","name":"German Svirch","image":{"@type":"ImageObject","inLanguage":"es","@id":"https:\/\/www.celttv.com.ar\/#\/schema\/person\/image\/","url":"https:\/\/secure.gravatar.com\/avatar\/9ef68bf179fa7037bf0d8a157e18d60d88400f9f78daad9e31789de8ef492b33?s=96&d=mm&r=g","contentUrl":"https:\/\/secure.gravatar.com\/avatar\/9ef68bf179fa7037bf0d8a157e18d60d88400f9f78daad9e31789de8ef492b33?s=96&d=mm&r=g","caption":"German Svirch"}}]}},"_links":{"self":[{"href":"https:\/\/www.celttv.com.ar\/index.php\/wp-json\/wp\/v2\/posts\/73094","targetHints":{"allow":["GET"]}}],"collection":[{"href":"https:\/\/www.celttv.com.ar\/index.php\/wp-json\/wp\/v2\/posts"}],"about":[{"href":"https:\/\/www.celttv.com.ar\/index.php\/wp-json\/wp\/v2\/types\/post"}],"author":[{"embeddable":true,"href":"https:\/\/www.celttv.com.ar\/index.php\/wp-json\/wp\/v2\/users\/7"}],"replies":[{"embeddable":true,"href":"https:\/\/www.celttv.com.ar\/index.php\/wp-json\/wp\/v2\/comments?post=73094"}],"version-history":[{"count":3,"href":"https:\/\/www.celttv.com.ar\/index.php\/wp-json\/wp\/v2\/posts\/73094\/revisions"}],"predecessor-version":[{"id":73098,"href":"https:\/\/www.celttv.com.ar\/index.php\/wp-json\/wp\/v2\/posts\/73094\/revisions\/73098"}],"wp:featuredmedia":[{"embeddable":true,"href":"https:\/\/www.celttv.com.ar\/index.php\/wp-json\/wp\/v2\/media\/73095"}],"wp:attachment":[{"href":"https:\/\/www.celttv.com.ar\/index.php\/wp-json\/wp\/v2\/media?parent=73094"}],"wp:term":[{"taxonomy":"category","embeddable":true,"href":"https:\/\/www.celttv.com.ar\/index.php\/wp-json\/wp\/v2\/categories?post=73094"},{"taxonomy":"post_tag","embeddable":true,"href":"https:\/\/www.celttv.com.ar\/index.php\/wp-json\/wp\/v2\/tags?post=73094"}],"curies":[{"name":"wp","href":"https:\/\/api.w.org\/{rel}","templated":true}]}}