{"id":7321,"date":"2012-07-03T00:57:25","date_gmt":"2012-07-03T00:57:25","guid":{"rendered":"http:\/\/www.tvcnoticias.com.ar\/?p=7321"},"modified":"2012-07-03T00:57:25","modified_gmt":"2012-07-03T00:57:25","slug":"centros-de-estudiantes-de-la-sexta-seccion-se-reunieron-en-tornquist-acto-inaugural-y-opiniones","status":"publish","type":"post","link":"https:\/\/www.celttv.com.ar\/index.php\/2012\/07\/03\/centros-de-estudiantes-de-la-sexta-seccion-se-reunieron-en-tornquist-acto-inaugural-y-opiniones\/","title":{"rendered":"CENTROS DE ESTUDIANTES DE LA SEXTA SECCI\u00d3N SE REUNIERON EN TORNQUIST (acto inaugural y opiniones)"},"content":{"rendered":"<p>El encuentro de Centros de Estudiantes de la regi\u00f3n, realizado el viernes pasado en la ciudad cabecera del distrito, arroj\u00f3 un rotundo \u00e9xito como saldo, basado en la convocatoria, la calidad de los talleres y la gran participaci\u00f3n de los j\u00f3venes.<br \/>\n\u00a0\u00a0 Alrededor de 500 alumnos de diferentes establecimientos de 20 distritos de la Sexta Secci\u00f3n Electoral participaron de la iniciativa organizada por la Direcci\u00f3n Nacional de Juventud del Ministerio de Desarrollo Social de la Naci\u00f3n, con la colaboraci\u00f3n de la Municipalidad de Tornquist.<br \/>\n\u00a0\u00a0 Tanto los responsables de la organizaci\u00f3n como los chicos y docentes que le dieron vida a la reuni\u00f3n se mostraron satisfechos con el nivel de los talleres, las conclusiones obtenidas y los lazos establecidos con vistas al futuro.<br \/>\n<a href=\"http:\/\/www.youtube.com\/watch?v=ftPMWUe80PQ\">httpv:\/\/www.youtube.com\/watch?v=ftPMWUe80PQ<\/a><br \/>\n<a href=\"http:\/\/www.youtube.com\/watch?v=3SUvHHgGniI\">httpv:\/\/www.youtube.com\/watch?v=3SUvHHgGniI<\/a><br \/>\n<a href=\"http:\/\/www.youtube.com\/watch?v=2_EbywjCYxU\">httpv:\/\/www.youtube.com\/watch?v=2_EbywjCYxU<\/a><br \/>\n<a href=\"http:\/\/www.youtube.com\/watch?v=FI1ghbdUT58\">httpv:\/\/www.youtube.com\/watch?v=FI1ghbdUT58<\/a><br \/>\n<a href=\"http:\/\/www.youtube.com\/watch?v=hY4qB9Mm4Ws\">httpv:\/\/www.youtube.com\/watch?v=hY4qB9Mm4Ws<\/a><br \/>\n<a>httpv:\/\/www.youtube.com\/watch?v=Z3GKugbooKo<\/a><\/p>\n","protected":false},"excerpt":{"rendered":"<p>El encuentro de Centros de Estudiantes de la regi\u00f3n, realizado el viernes pasado en la ciudad cabecera del distrito, arroj\u00f3 un rotundo \u00e9xito como saldo, basado en la convocatoria, la calidad de los talleres y la gran participaci\u00f3n de los j\u00f3venes. \u00a0\u00a0 Alrededor de 500 alumnos de diferentes establecimientos de 20 distritos de la Sexta [&hellip;]<\/p>\n","protected":false},"author":1,"featured_media":0,"comment_status":"closed","ping_status":"open","sticky":false,"template":"","format":"standard","meta":{"footnotes":""},"categories":[51,52,53,64],"tags":[],"class_list":["post-7321","post","type-post","status-publish","format-standard","hentry","category-comunidad","category-destacadas","category-politica","category-videos-destacados"],"yoast_head":"<!-- This site is optimized with the Yoast SEO plugin v19.7.1 - https:\/\/yoast.com\/wordpress\/plugins\/seo\/ -->\n<title>CENTROS DE ESTUDIANTES DE LA SEXTA SECCI\u00d3N SE REUNIERON EN TORNQUIST (acto inaugural y opiniones) - CELTTV<\/title>\n<meta name=\"description\" content=\"Sitio web de noticias de la localidad de Tornquist, provincia de Buenos Aires, Rep\u00fablica Argentina. Contenido propio originado por periodistas de CELTTV, el canal de TV local de la Cooperativa El\u00e9ctrica de Tornquist. Turismo, Pol\u00edtica, Sociedad, Deporte, Cultura y todo el contenido de inter\u00e9s general que la gente del pueblo y la regi\u00f3n debe conocer.\" \/>\n<meta name=\"robots\" content=\"index, follow, max-snippet:-1, max-image-preview:large, max-video-preview:-1\" \/>\n<link rel=\"canonical\" href=\"https:\/\/www.celttv.com.ar\/index.php\/2012\/07\/03\/centros-de-estudiantes-de-la-sexta-seccion-se-reunieron-en-tornquist-acto-inaugural-y-opiniones\/\" \/>\n<meta property=\"og:locale\" content=\"es_ES\" \/>\n<meta property=\"og:type\" content=\"article\" \/>\n<meta property=\"og:title\" content=\"CENTROS DE ESTUDIANTES DE LA SEXTA SECCI\u00d3N SE REUNIERON EN TORNQUIST (acto inaugural y opiniones) - CELTTV\" \/>\n<meta property=\"og:description\" content=\"Sitio web de noticias de la localidad de Tornquist, provincia de Buenos Aires, Rep\u00fablica Argentina. Contenido propio originado por periodistas de CELTTV, el canal de TV local de la Cooperativa El\u00e9ctrica de Tornquist. Turismo, Pol\u00edtica, Sociedad, Deporte, Cultura y todo el contenido de inter\u00e9s general que la gente del pueblo y la regi\u00f3n debe conocer.\" \/>\n<meta property=\"og:url\" content=\"https:\/\/www.celttv.com.ar\/index.php\/2012\/07\/03\/centros-de-estudiantes-de-la-sexta-seccion-se-reunieron-en-tornquist-acto-inaugural-y-opiniones\/\" \/>\n<meta property=\"og:site_name\" content=\"CELTTV\" \/>\n<meta property=\"article:publisher\" content=\"https:\/\/www.facebook.com\/celtTV\/\" \/>\n<meta property=\"article:published_time\" content=\"2012-07-03T00:57:25+00:00\" \/>\n<meta name=\"author\" content=\"ulises\" \/>\n<meta name=\"twitter:card\" content=\"summary_large_image\" \/>\n<meta name=\"twitter:label1\" content=\"Escrito por\" \/>\n\t<meta name=\"twitter:data1\" content=\"ulises\" \/>\n\t<meta name=\"twitter:label2\" content=\"Tiempo de lectura\" \/>\n\t<meta name=\"twitter:data2\" content=\"1 minuto\" \/>\n<script type=\"application\/ld+json\" class=\"yoast-schema-graph\">{\"@context\":\"https:\/\/schema.org\",\"@graph\":[{\"@type\":\"NewsArticle\",\"@id\":\"https:\/\/www.celttv.com.ar\/index.php\/2012\/07\/03\/centros-de-estudiantes-de-la-sexta-seccion-se-reunieron-en-tornquist-acto-inaugural-y-opiniones\/#article\",\"isPartOf\":{\"@id\":\"https:\/\/www.celttv.com.ar\/index.php\/2012\/07\/03\/centros-de-estudiantes-de-la-sexta-seccion-se-reunieron-en-tornquist-acto-inaugural-y-opiniones\/\"},\"author\":{\"name\":\"ulises\",\"@id\":\"https:\/\/www.celttv.com.ar\/#\/schema\/person\/6d99c072dba59953809c81446e9d0ace\"},\"headline\":\"CENTROS DE ESTUDIANTES DE LA SEXTA SECCI\u00d3N SE REUNIERON EN TORNQUIST (acto inaugural y opiniones)\",\"datePublished\":\"2012-07-03T00:57:25+00:00\",\"dateModified\":\"2012-07-03T00:57:25+00:00\",\"mainEntityOfPage\":{\"@id\":\"https:\/\/www.celttv.com.ar\/index.php\/2012\/07\/03\/centros-de-estudiantes-de-la-sexta-seccion-se-reunieron-en-tornquist-acto-inaugural-y-opiniones\/\"},\"wordCount\":192,\"publisher\":{\"@id\":\"https:\/\/www.celttv.com.ar\/#organization\"},\"articleSection\":[\"Comunidad\",\"Destacadas\",\"Pol\u00edtica\",\"Videos Destacados\"],\"inLanguage\":\"es\"},{\"@type\":\"WebPage\",\"@id\":\"https:\/\/www.celttv.com.ar\/index.php\/2012\/07\/03\/centros-de-estudiantes-de-la-sexta-seccion-se-reunieron-en-tornquist-acto-inaugural-y-opiniones\/\",\"url\":\"https:\/\/www.celttv.com.ar\/index.php\/2012\/07\/03\/centros-de-estudiantes-de-la-sexta-seccion-se-reunieron-en-tornquist-acto-inaugural-y-opiniones\/\",\"name\":\"CENTROS DE ESTUDIANTES DE LA SEXTA SECCI\u00d3N SE REUNIERON EN TORNQUIST (acto inaugural y opiniones) - CELTTV\",\"isPartOf\":{\"@id\":\"https:\/\/www.celttv.com.ar\/#website\"},\"datePublished\":\"2012-07-03T00:57:25+00:00\",\"dateModified\":\"2012-07-03T00:57:25+00:00\",\"description\":\"Sitio web de noticias de la localidad de Tornquist, provincia de Buenos Aires, Rep\u00fablica Argentina. Contenido propio originado por periodistas de CELTTV, el canal de TV local de la Cooperativa El\u00e9ctrica de Tornquist. Turismo, Pol\u00edtica, Sociedad, Deporte, Cultura y todo el contenido de inter\u00e9s general que la gente del pueblo y la regi\u00f3n debe conocer.\",\"breadcrumb\":{\"@id\":\"https:\/\/www.celttv.com.ar\/index.php\/2012\/07\/03\/centros-de-estudiantes-de-la-sexta-seccion-se-reunieron-en-tornquist-acto-inaugural-y-opiniones\/#breadcrumb\"},\"inLanguage\":\"es\",\"potentialAction\":[{\"@type\":\"ReadAction\",\"target\":[\"https:\/\/www.celttv.com.ar\/index.php\/2012\/07\/03\/centros-de-estudiantes-de-la-sexta-seccion-se-reunieron-en-tornquist-acto-inaugural-y-opiniones\/\"]}]},{\"@type\":\"BreadcrumbList\",\"@id\":\"https:\/\/www.celttv.com.ar\/index.php\/2012\/07\/03\/centros-de-estudiantes-de-la-sexta-seccion-se-reunieron-en-tornquist-acto-inaugural-y-opiniones\/#breadcrumb\",\"itemListElement\":[{\"@type\":\"ListItem\",\"position\":1,\"name\":\"Inicio\",\"item\":\"https:\/\/www.celttv.com.ar\/\"},{\"@type\":\"ListItem\",\"position\":2,\"name\":\"CENTROS DE ESTUDIANTES DE LA SEXTA SECCI\u00d3N SE REUNIERON EN TORNQUIST (acto inaugural y opiniones)\"}]},{\"@type\":\"WebSite\",\"@id\":\"https:\/\/www.celttv.com.ar\/#website\",\"url\":\"https:\/\/www.celttv.com.ar\/\",\"name\":\"CELTTV\",\"description\":\"Cooperativa El\u00e9ctrica de Tornquist\",\"publisher\":{\"@id\":\"https:\/\/www.celttv.com.ar\/#organization\"},\"potentialAction\":[{\"@type\":\"SearchAction\",\"target\":{\"@type\":\"EntryPoint\",\"urlTemplate\":\"https:\/\/www.celttv.com.ar\/?s={search_term_string}\"},\"query-input\":\"required name=search_term_string\"}],\"inLanguage\":\"es\"},{\"@type\":\"Organization\",\"@id\":\"https:\/\/www.celttv.com.ar\/#organization\",\"name\":\"CELTTV\",\"url\":\"https:\/\/www.celttv.com.ar\/\",\"sameAs\":[\"https:\/\/www.youtube.com\/channel\/UCz_oIt8Hig64Ub-EmcNPIhg\",\"https:\/\/www.facebook.com\/celtTV\/\"],\"logo\":{\"@type\":\"ImageObject\",\"inLanguage\":\"es\",\"@id\":\"https:\/\/www.celttv.com.ar\/#\/schema\/logo\/image\/\",\"url\":\"http:\/\/www.celttv.com.ar\/wp-content\/uploads\/2022\/08\/logo-1.png\",\"contentUrl\":\"http:\/\/www.celttv.com.ar\/wp-content\/uploads\/2022\/08\/logo-1.png\",\"width\":461,\"height\":159,\"caption\":\"CELTTV\"},\"image\":{\"@id\":\"https:\/\/www.celttv.com.ar\/#\/schema\/logo\/image\/\"}},{\"@type\":\"Person\",\"@id\":\"https:\/\/www.celttv.com.ar\/#\/schema\/person\/6d99c072dba59953809c81446e9d0ace\",\"name\":\"ulises\",\"image\":{\"@type\":\"ImageObject\",\"inLanguage\":\"es\",\"@id\":\"https:\/\/www.celttv.com.ar\/#\/schema\/person\/image\/\",\"url\":\"https:\/\/secure.gravatar.com\/avatar\/7f2c48bdc33b30088f941fb6082e555f2874c98e20cb159d7b92b50eadfce793?s=96&d=mm&r=g\",\"contentUrl\":\"https:\/\/secure.gravatar.com\/avatar\/7f2c48bdc33b30088f941fb6082e555f2874c98e20cb159d7b92b50eadfce793?s=96&d=mm&r=g\",\"caption\":\"ulises\"},\"sameAs\":[\"http:\/\/www.celttv.com.ar\"]}]}<\/script>\n<!-- \/ Yoast SEO plugin. -->","yoast_head_json":{"title":"CENTROS DE ESTUDIANTES DE LA SEXTA SECCI\u00d3N SE REUNIERON EN TORNQUIST (acto inaugural y opiniones) - CELTTV","description":"Sitio web de noticias de la localidad de Tornquist, provincia de Buenos Aires, Rep\u00fablica Argentina. Contenido propio originado por periodistas de CELTTV, el canal de TV local de la Cooperativa El\u00e9ctrica de Tornquist. Turismo, Pol\u00edtica, Sociedad, Deporte, Cultura y todo el contenido de inter\u00e9s general que la gente del pueblo y la regi\u00f3n debe conocer.","robots":{"index":"index","follow":"follow","max-snippet":"max-snippet:-1","max-image-preview":"max-image-preview:large","max-video-preview":"max-video-preview:-1"},"canonical":"https:\/\/www.celttv.com.ar\/index.php\/2012\/07\/03\/centros-de-estudiantes-de-la-sexta-seccion-se-reunieron-en-tornquist-acto-inaugural-y-opiniones\/","og_locale":"es_ES","og_type":"article","og_title":"CENTROS DE ESTUDIANTES DE LA SEXTA SECCI\u00d3N SE REUNIERON EN TORNQUIST (acto inaugural y opiniones) - CELTTV","og_description":"Sitio web de noticias de la localidad de Tornquist, provincia de Buenos Aires, Rep\u00fablica Argentina. Contenido propio originado por periodistas de CELTTV, el canal de TV local de la Cooperativa El\u00e9ctrica de Tornquist. Turismo, Pol\u00edtica, Sociedad, Deporte, Cultura y todo el contenido de inter\u00e9s general que la gente del pueblo y la regi\u00f3n debe conocer.","og_url":"https:\/\/www.celttv.com.ar\/index.php\/2012\/07\/03\/centros-de-estudiantes-de-la-sexta-seccion-se-reunieron-en-tornquist-acto-inaugural-y-opiniones\/","og_site_name":"CELTTV","article_publisher":"https:\/\/www.facebook.com\/celtTV\/","article_published_time":"2012-07-03T00:57:25+00:00","author":"ulises","twitter_card":"summary_large_image","twitter_misc":{"Escrito por":"ulises","Tiempo de lectura":"1 minuto"},"schema":{"@context":"https:\/\/schema.org","@graph":[{"@type":"NewsArticle","@id":"https:\/\/www.celttv.com.ar\/index.php\/2012\/07\/03\/centros-de-estudiantes-de-la-sexta-seccion-se-reunieron-en-tornquist-acto-inaugural-y-opiniones\/#article","isPartOf":{"@id":"https:\/\/www.celttv.com.ar\/index.php\/2012\/07\/03\/centros-de-estudiantes-de-la-sexta-seccion-se-reunieron-en-tornquist-acto-inaugural-y-opiniones\/"},"author":{"name":"ulises","@id":"https:\/\/www.celttv.com.ar\/#\/schema\/person\/6d99c072dba59953809c81446e9d0ace"},"headline":"CENTROS DE ESTUDIANTES DE LA SEXTA SECCI\u00d3N SE REUNIERON EN TORNQUIST (acto inaugural y opiniones)","datePublished":"2012-07-03T00:57:25+00:00","dateModified":"2012-07-03T00:57:25+00:00","mainEntityOfPage":{"@id":"https:\/\/www.celttv.com.ar\/index.php\/2012\/07\/03\/centros-de-estudiantes-de-la-sexta-seccion-se-reunieron-en-tornquist-acto-inaugural-y-opiniones\/"},"wordCount":192,"publisher":{"@id":"https:\/\/www.celttv.com.ar\/#organization"},"articleSection":["Comunidad","Destacadas","Pol\u00edtica","Videos Destacados"],"inLanguage":"es"},{"@type":"WebPage","@id":"https:\/\/www.celttv.com.ar\/index.php\/2012\/07\/03\/centros-de-estudiantes-de-la-sexta-seccion-se-reunieron-en-tornquist-acto-inaugural-y-opiniones\/","url":"https:\/\/www.celttv.com.ar\/index.php\/2012\/07\/03\/centros-de-estudiantes-de-la-sexta-seccion-se-reunieron-en-tornquist-acto-inaugural-y-opiniones\/","name":"CENTROS DE ESTUDIANTES DE LA SEXTA SECCI\u00d3N SE REUNIERON EN TORNQUIST (acto inaugural y opiniones) - CELTTV","isPartOf":{"@id":"https:\/\/www.celttv.com.ar\/#website"},"datePublished":"2012-07-03T00:57:25+00:00","dateModified":"2012-07-03T00:57:25+00:00","description":"Sitio web de noticias de la localidad de Tornquist, provincia de Buenos Aires, Rep\u00fablica Argentina. Contenido propio originado por periodistas de CELTTV, el canal de TV local de la Cooperativa El\u00e9ctrica de Tornquist. Turismo, Pol\u00edtica, Sociedad, Deporte, Cultura y todo el contenido de inter\u00e9s general que la gente del pueblo y la regi\u00f3n debe conocer.","breadcrumb":{"@id":"https:\/\/www.celttv.com.ar\/index.php\/2012\/07\/03\/centros-de-estudiantes-de-la-sexta-seccion-se-reunieron-en-tornquist-acto-inaugural-y-opiniones\/#breadcrumb"},"inLanguage":"es","potentialAction":[{"@type":"ReadAction","target":["https:\/\/www.celttv.com.ar\/index.php\/2012\/07\/03\/centros-de-estudiantes-de-la-sexta-seccion-se-reunieron-en-tornquist-acto-inaugural-y-opiniones\/"]}]},{"@type":"BreadcrumbList","@id":"https:\/\/www.celttv.com.ar\/index.php\/2012\/07\/03\/centros-de-estudiantes-de-la-sexta-seccion-se-reunieron-en-tornquist-acto-inaugural-y-opiniones\/#breadcrumb","itemListElement":[{"@type":"ListItem","position":1,"name":"Inicio","item":"https:\/\/www.celttv.com.ar\/"},{"@type":"ListItem","position":2,"name":"CENTROS DE ESTUDIANTES DE LA SEXTA SECCI\u00d3N SE REUNIERON EN TORNQUIST (acto inaugural y opiniones)"}]},{"@type":"WebSite","@id":"https:\/\/www.celttv.com.ar\/#website","url":"https:\/\/www.celttv.com.ar\/","name":"CELTTV","description":"Cooperativa El\u00e9ctrica de Tornquist","publisher":{"@id":"https:\/\/www.celttv.com.ar\/#organization"},"potentialAction":[{"@type":"SearchAction","target":{"@type":"EntryPoint","urlTemplate":"https:\/\/www.celttv.com.ar\/?s={search_term_string}"},"query-input":"required name=search_term_string"}],"inLanguage":"es"},{"@type":"Organization","@id":"https:\/\/www.celttv.com.ar\/#organization","name":"CELTTV","url":"https:\/\/www.celttv.com.ar\/","sameAs":["https:\/\/www.youtube.com\/channel\/UCz_oIt8Hig64Ub-EmcNPIhg","https:\/\/www.facebook.com\/celtTV\/"],"logo":{"@type":"ImageObject","inLanguage":"es","@id":"https:\/\/www.celttv.com.ar\/#\/schema\/logo\/image\/","url":"http:\/\/www.celttv.com.ar\/wp-content\/uploads\/2022\/08\/logo-1.png","contentUrl":"http:\/\/www.celttv.com.ar\/wp-content\/uploads\/2022\/08\/logo-1.png","width":461,"height":159,"caption":"CELTTV"},"image":{"@id":"https:\/\/www.celttv.com.ar\/#\/schema\/logo\/image\/"}},{"@type":"Person","@id":"https:\/\/www.celttv.com.ar\/#\/schema\/person\/6d99c072dba59953809c81446e9d0ace","name":"ulises","image":{"@type":"ImageObject","inLanguage":"es","@id":"https:\/\/www.celttv.com.ar\/#\/schema\/person\/image\/","url":"https:\/\/secure.gravatar.com\/avatar\/7f2c48bdc33b30088f941fb6082e555f2874c98e20cb159d7b92b50eadfce793?s=96&d=mm&r=g","contentUrl":"https:\/\/secure.gravatar.com\/avatar\/7f2c48bdc33b30088f941fb6082e555f2874c98e20cb159d7b92b50eadfce793?s=96&d=mm&r=g","caption":"ulises"},"sameAs":["http:\/\/www.celttv.com.ar"]}]}},"_links":{"self":[{"href":"https:\/\/www.celttv.com.ar\/index.php\/wp-json\/wp\/v2\/posts\/7321","targetHints":{"allow":["GET"]}}],"collection":[{"href":"https:\/\/www.celttv.com.ar\/index.php\/wp-json\/wp\/v2\/posts"}],"about":[{"href":"https:\/\/www.celttv.com.ar\/index.php\/wp-json\/wp\/v2\/types\/post"}],"author":[{"embeddable":true,"href":"https:\/\/www.celttv.com.ar\/index.php\/wp-json\/wp\/v2\/users\/1"}],"replies":[{"embeddable":true,"href":"https:\/\/www.celttv.com.ar\/index.php\/wp-json\/wp\/v2\/comments?post=7321"}],"version-history":[{"count":0,"href":"https:\/\/www.celttv.com.ar\/index.php\/wp-json\/wp\/v2\/posts\/7321\/revisions"}],"wp:attachment":[{"href":"https:\/\/www.celttv.com.ar\/index.php\/wp-json\/wp\/v2\/media?parent=7321"}],"wp:term":[{"taxonomy":"category","embeddable":true,"href":"https:\/\/www.celttv.com.ar\/index.php\/wp-json\/wp\/v2\/categories?post=7321"},{"taxonomy":"post_tag","embeddable":true,"href":"https:\/\/www.celttv.com.ar\/index.php\/wp-json\/wp\/v2\/tags?post=7321"}],"curies":[{"name":"wp","href":"https:\/\/api.w.org\/{rel}","templated":true}]}}