{"id":73353,"date":"2023-02-03T08:58:59","date_gmt":"2023-02-03T11:58:59","guid":{"rendered":"http:\/\/www.celttv.com.ar\/?p=73353"},"modified":"2023-02-03T09:06:02","modified_gmt":"2023-02-03T12:06:02","slug":"se-produjo-un-roce-entre-dos-vehiculos-en-cercania-a-la-rotonda-que-une-la-rn-33-y-la-rp-76-video","status":"publish","type":"post","link":"https:\/\/www.celttv.com.ar\/index.php\/2023\/02\/03\/se-produjo-un-roce-entre-dos-vehiculos-en-cercania-a-la-rotonda-que-une-la-rn-33-y-la-rp-76-video\/","title":{"rendered":"Se produjo un roce entre dos veh\u00edculos en cercan\u00eda a la rotonda que une la RN 33 con la RP 76 (Video)"},"content":{"rendered":"<div class=\"adelanto\">\n<p>Un roce sin consecuencias personales entre un auto y una camioneta, se produjo a las 8 horas de hoy (viernes 3), en cercan\u00eda de la rotonda que une la RN 33 con la RP 76.<\/p>\n<\/div>\n<div class=\"text\">\n<p>La camioneta, una Renault Alaska, dominio AE 924 CC, con un conductor oriundo de Bah\u00eda Blanca, se roz\u00f3 en cercan\u00edas de la rotonda contra un Ford Fiesta JLI 212, en el cual viajaba una familia de Paran\u00e1 (Entre R\u00edos).<\/p>\n<p>El accidente al no pasar a mayores y luego del intercambio de datos de seguros entre los conductores de los veh\u00edculos, ambos continuaron con su viaje. Antes, por precauci\u00f3n, recibieron atenci\u00f3n m\u00e9dica.<\/p>\n<p>En tanto, es importante mencionar que en el lugar se hicieron presentes una dotaci\u00f3n de bomberos voluntarios, polic\u00eda comunal y cuerpo de inspectores de Tornquist.<\/p>\n<p><iframe loading=\"lazy\" title=\"2023 02 03 ACCIDENTE INTERSECCI\u00d3N RN 33 Y RP 76\" width=\"500\" height=\"281\" src=\"https:\/\/www.youtube.com\/embed\/i2f1Ccf5YO0?feature=oembed\" frameborder=\"0\" allow=\"accelerometer; autoplay; clipboard-write; encrypted-media; gyroscope; picture-in-picture; web-share\" referrerpolicy=\"strict-origin-when-cross-origin\" allowfullscreen><\/iframe><\/p>\n<p><img loading=\"lazy\" decoding=\"async\" class=\"alignnone wp-image-73354 size-large\" src=\"http:\/\/www.celttv.com.ar\/wp-content\/uploads\/2023\/02\/WhatsApp-Image-2023-02-03-at-08.47.15-1-1024x768.jpeg\" alt=\"\" width=\"1024\" height=\"768\" srcset=\"https:\/\/www.celttv.com.ar\/wp-content\/uploads\/2023\/02\/WhatsApp-Image-2023-02-03-at-08.47.15-1-1024x768.jpeg 1024w, https:\/\/www.celttv.com.ar\/wp-content\/uploads\/2023\/02\/WhatsApp-Image-2023-02-03-at-08.47.15-1-300x225.jpeg 300w, https:\/\/www.celttv.com.ar\/wp-content\/uploads\/2023\/02\/WhatsApp-Image-2023-02-03-at-08.47.15-1-768x576.jpeg 768w, https:\/\/www.celttv.com.ar\/wp-content\/uploads\/2023\/02\/WhatsApp-Image-2023-02-03-at-08.47.15-1-1536x1152.jpeg 1536w, https:\/\/www.celttv.com.ar\/wp-content\/uploads\/2023\/02\/WhatsApp-Image-2023-02-03-at-08.47.15-1-750x563.jpeg 750w, https:\/\/www.celttv.com.ar\/wp-content\/uploads\/2023\/02\/WhatsApp-Image-2023-02-03-at-08.47.15-1-1140x855.jpeg 1140w, https:\/\/www.celttv.com.ar\/wp-content\/uploads\/2023\/02\/WhatsApp-Image-2023-02-03-at-08.47.15-1.jpeg 1600w\" sizes=\"auto, (max-width: 1024px) 100vw, 1024px\" \/><\/p>\n<p><img loading=\"lazy\" decoding=\"async\" class=\"alignnone wp-image-73355 size-large\" src=\"http:\/\/www.celttv.com.ar\/wp-content\/uploads\/2023\/02\/WhatsApp-Image-2023-02-03-at-08.47.15-1024x768.jpeg\" alt=\"\" width=\"1024\" height=\"768\" srcset=\"https:\/\/www.celttv.com.ar\/wp-content\/uploads\/2023\/02\/WhatsApp-Image-2023-02-03-at-08.47.15-1024x768.jpeg 1024w, https:\/\/www.celttv.com.ar\/wp-content\/uploads\/2023\/02\/WhatsApp-Image-2023-02-03-at-08.47.15-300x225.jpeg 300w, https:\/\/www.celttv.com.ar\/wp-content\/uploads\/2023\/02\/WhatsApp-Image-2023-02-03-at-08.47.15-768x576.jpeg 768w, https:\/\/www.celttv.com.ar\/wp-content\/uploads\/2023\/02\/WhatsApp-Image-2023-02-03-at-08.47.15-1536x1152.jpeg 1536w, https:\/\/www.celttv.com.ar\/wp-content\/uploads\/2023\/02\/WhatsApp-Image-2023-02-03-at-08.47.15-750x563.jpeg 750w, https:\/\/www.celttv.com.ar\/wp-content\/uploads\/2023\/02\/WhatsApp-Image-2023-02-03-at-08.47.15-1140x855.jpeg 1140w, https:\/\/www.celttv.com.ar\/wp-content\/uploads\/2023\/02\/WhatsApp-Image-2023-02-03-at-08.47.15.jpeg 1600w\" sizes=\"auto, (max-width: 1024px) 100vw, 1024px\" \/><\/p>\n<\/div>\n","protected":false},"excerpt":{"rendered":"<p>Un roce sin consecuencias personales entre un auto y una camioneta, se produjo a las 8 horas de hoy (viernes 3), en cercan\u00eda de la rotonda que une la RN 33 con la RP 76. La camioneta, una Renault Alaska, dominio AE 924 CC, con un conductor oriundo de Bah\u00eda Blanca, se roz\u00f3 en cercan\u00edas [&hellip;]<\/p>\n","protected":false},"author":7,"featured_media":73354,"comment_status":"closed","ping_status":"closed","sticky":false,"template":"","format":"standard","meta":{"footnotes":""},"categories":[61],"tags":[],"class_list":["post-73353","post","type-post","status-publish","format-standard","has-post-thumbnail","hentry","category-policiales"],"yoast_head":"<!-- This site is optimized with the Yoast SEO plugin v19.7.1 - https:\/\/yoast.com\/wordpress\/plugins\/seo\/ -->\n<title>Se produjo un roce entre dos veh\u00edculos en cercan\u00eda a la rotonda que une la RN 33 con la RP 76 (Video) - CELTTV<\/title>\n<meta name=\"description\" content=\"Sitio web de noticias de la localidad de Tornquist, provincia de Buenos Aires, Rep\u00fablica Argentina. Contenido propio originado por periodistas de CELTTV, el canal de TV local de la Cooperativa El\u00e9ctrica de Tornquist. Turismo, Pol\u00edtica, Sociedad, Deporte, Cultura y todo el contenido de inter\u00e9s general que la gente del pueblo y la regi\u00f3n debe conocer.\" \/>\n<meta name=\"robots\" content=\"index, follow, max-snippet:-1, max-image-preview:large, max-video-preview:-1\" \/>\n<link rel=\"canonical\" href=\"https:\/\/www.celttv.com.ar\/index.php\/2023\/02\/03\/se-produjo-un-roce-entre-dos-vehiculos-en-cercania-a-la-rotonda-que-une-la-rn-33-y-la-rp-76-video\/\" \/>\n<meta property=\"og:locale\" content=\"es_ES\" \/>\n<meta property=\"og:type\" content=\"article\" \/>\n<meta property=\"og:title\" content=\"Se produjo un roce entre dos veh\u00edculos en cercan\u00eda a la rotonda que une la RN 33 con la RP 76 (Video) - CELTTV\" \/>\n<meta property=\"og:description\" content=\"Sitio web de noticias de la localidad de Tornquist, provincia de Buenos Aires, Rep\u00fablica Argentina. Contenido propio originado por periodistas de CELTTV, el canal de TV local de la Cooperativa El\u00e9ctrica de Tornquist. Turismo, Pol\u00edtica, Sociedad, Deporte, Cultura y todo el contenido de inter\u00e9s general que la gente del pueblo y la regi\u00f3n debe conocer.\" \/>\n<meta property=\"og:url\" content=\"https:\/\/www.celttv.com.ar\/index.php\/2023\/02\/03\/se-produjo-un-roce-entre-dos-vehiculos-en-cercania-a-la-rotonda-que-une-la-rn-33-y-la-rp-76-video\/\" \/>\n<meta property=\"og:site_name\" content=\"CELTTV\" \/>\n<meta property=\"article:publisher\" content=\"https:\/\/www.facebook.com\/celtTV\/\" \/>\n<meta property=\"article:published_time\" content=\"2023-02-03T11:58:59+00:00\" \/>\n<meta property=\"article:modified_time\" content=\"2023-02-03T12:06:02+00:00\" \/>\n<meta property=\"og:image\" content=\"https:\/\/www.celttv.com.ar\/wp-content\/uploads\/2023\/02\/WhatsApp-Image-2023-02-03-at-08.47.15-1.jpeg\" \/>\n\t<meta property=\"og:image:width\" content=\"1600\" \/>\n\t<meta property=\"og:image:height\" content=\"1200\" \/>\n\t<meta property=\"og:image:type\" content=\"image\/jpeg\" \/>\n<meta name=\"author\" content=\"German Svirch\" \/>\n<meta name=\"twitter:card\" content=\"summary_large_image\" \/>\n<meta name=\"twitter:label1\" content=\"Escrito por\" \/>\n\t<meta name=\"twitter:data1\" content=\"German Svirch\" \/>\n\t<meta name=\"twitter:label2\" content=\"Tiempo de lectura\" \/>\n\t<meta name=\"twitter:data2\" content=\"1 minuto\" \/>\n<script type=\"application\/ld+json\" class=\"yoast-schema-graph\">{\"@context\":\"https:\/\/schema.org\",\"@graph\":[{\"@type\":\"NewsArticle\",\"@id\":\"https:\/\/www.celttv.com.ar\/index.php\/2023\/02\/03\/se-produjo-un-roce-entre-dos-vehiculos-en-cercania-a-la-rotonda-que-une-la-rn-33-y-la-rp-76-video\/#article\",\"isPartOf\":{\"@id\":\"https:\/\/www.celttv.com.ar\/index.php\/2023\/02\/03\/se-produjo-un-roce-entre-dos-vehiculos-en-cercania-a-la-rotonda-que-une-la-rn-33-y-la-rp-76-video\/\"},\"author\":{\"name\":\"German Svirch\",\"@id\":\"https:\/\/www.celttv.com.ar\/#\/schema\/person\/db50025d0c4bc65f03036554c823332c\"},\"headline\":\"Se produjo un roce entre dos veh\u00edculos en cercan\u00eda a la rotonda que une la RN 33 con la RP 76 (Video)\",\"datePublished\":\"2023-02-03T11:58:59+00:00\",\"dateModified\":\"2023-02-03T12:06:02+00:00\",\"mainEntityOfPage\":{\"@id\":\"https:\/\/www.celttv.com.ar\/index.php\/2023\/02\/03\/se-produjo-un-roce-entre-dos-vehiculos-en-cercania-a-la-rotonda-que-une-la-rn-33-y-la-rp-76-video\/\"},\"wordCount\":164,\"publisher\":{\"@id\":\"https:\/\/www.celttv.com.ar\/#organization\"},\"articleSection\":[\"Policiales\"],\"inLanguage\":\"es\"},{\"@type\":\"WebPage\",\"@id\":\"https:\/\/www.celttv.com.ar\/index.php\/2023\/02\/03\/se-produjo-un-roce-entre-dos-vehiculos-en-cercania-a-la-rotonda-que-une-la-rn-33-y-la-rp-76-video\/\",\"url\":\"https:\/\/www.celttv.com.ar\/index.php\/2023\/02\/03\/se-produjo-un-roce-entre-dos-vehiculos-en-cercania-a-la-rotonda-que-une-la-rn-33-y-la-rp-76-video\/\",\"name\":\"Se produjo un roce entre dos veh\u00edculos en cercan\u00eda a la rotonda que une la RN 33 con la RP 76 (Video) - CELTTV\",\"isPartOf\":{\"@id\":\"https:\/\/www.celttv.com.ar\/#website\"},\"datePublished\":\"2023-02-03T11:58:59+00:00\",\"dateModified\":\"2023-02-03T12:06:02+00:00\",\"description\":\"Sitio web de noticias de la localidad de Tornquist, provincia de Buenos Aires, Rep\u00fablica Argentina. Contenido propio originado por periodistas de CELTTV, el canal de TV local de la Cooperativa El\u00e9ctrica de Tornquist. Turismo, Pol\u00edtica, Sociedad, Deporte, Cultura y todo el contenido de inter\u00e9s general que la gente del pueblo y la regi\u00f3n debe conocer.\",\"breadcrumb\":{\"@id\":\"https:\/\/www.celttv.com.ar\/index.php\/2023\/02\/03\/se-produjo-un-roce-entre-dos-vehiculos-en-cercania-a-la-rotonda-que-une-la-rn-33-y-la-rp-76-video\/#breadcrumb\"},\"inLanguage\":\"es\",\"potentialAction\":[{\"@type\":\"ReadAction\",\"target\":[\"https:\/\/www.celttv.com.ar\/index.php\/2023\/02\/03\/se-produjo-un-roce-entre-dos-vehiculos-en-cercania-a-la-rotonda-que-une-la-rn-33-y-la-rp-76-video\/\"]}]},{\"@type\":\"BreadcrumbList\",\"@id\":\"https:\/\/www.celttv.com.ar\/index.php\/2023\/02\/03\/se-produjo-un-roce-entre-dos-vehiculos-en-cercania-a-la-rotonda-que-une-la-rn-33-y-la-rp-76-video\/#breadcrumb\",\"itemListElement\":[{\"@type\":\"ListItem\",\"position\":1,\"name\":\"Inicio\",\"item\":\"https:\/\/www.celttv.com.ar\/\"},{\"@type\":\"ListItem\",\"position\":2,\"name\":\"Se produjo un roce entre dos veh\u00edculos en cercan\u00eda a la rotonda que une la RN 33 con la RP 76 (Video)\"}]},{\"@type\":\"WebSite\",\"@id\":\"https:\/\/www.celttv.com.ar\/#website\",\"url\":\"https:\/\/www.celttv.com.ar\/\",\"name\":\"CELTTV\",\"description\":\"Cooperativa El\u00e9ctrica de Tornquist\",\"publisher\":{\"@id\":\"https:\/\/www.celttv.com.ar\/#organization\"},\"potentialAction\":[{\"@type\":\"SearchAction\",\"target\":{\"@type\":\"EntryPoint\",\"urlTemplate\":\"https:\/\/www.celttv.com.ar\/?s={search_term_string}\"},\"query-input\":\"required name=search_term_string\"}],\"inLanguage\":\"es\"},{\"@type\":\"Organization\",\"@id\":\"https:\/\/www.celttv.com.ar\/#organization\",\"name\":\"CELTTV\",\"url\":\"https:\/\/www.celttv.com.ar\/\",\"sameAs\":[\"https:\/\/www.youtube.com\/channel\/UCz_oIt8Hig64Ub-EmcNPIhg\",\"https:\/\/www.facebook.com\/celtTV\/\"],\"logo\":{\"@type\":\"ImageObject\",\"inLanguage\":\"es\",\"@id\":\"https:\/\/www.celttv.com.ar\/#\/schema\/logo\/image\/\",\"url\":\"http:\/\/www.celttv.com.ar\/wp-content\/uploads\/2022\/08\/logo-1.png\",\"contentUrl\":\"http:\/\/www.celttv.com.ar\/wp-content\/uploads\/2022\/08\/logo-1.png\",\"width\":461,\"height\":159,\"caption\":\"CELTTV\"},\"image\":{\"@id\":\"https:\/\/www.celttv.com.ar\/#\/schema\/logo\/image\/\"}},{\"@type\":\"Person\",\"@id\":\"https:\/\/www.celttv.com.ar\/#\/schema\/person\/db50025d0c4bc65f03036554c823332c\",\"name\":\"German Svirch\",\"image\":{\"@type\":\"ImageObject\",\"inLanguage\":\"es\",\"@id\":\"https:\/\/www.celttv.com.ar\/#\/schema\/person\/image\/\",\"url\":\"https:\/\/secure.gravatar.com\/avatar\/9ef68bf179fa7037bf0d8a157e18d60d88400f9f78daad9e31789de8ef492b33?s=96&d=mm&r=g\",\"contentUrl\":\"https:\/\/secure.gravatar.com\/avatar\/9ef68bf179fa7037bf0d8a157e18d60d88400f9f78daad9e31789de8ef492b33?s=96&d=mm&r=g\",\"caption\":\"German Svirch\"}}]}<\/script>\n<!-- \/ Yoast SEO plugin. -->","yoast_head_json":{"title":"Se produjo un roce entre dos veh\u00edculos en cercan\u00eda a la rotonda que une la RN 33 con la RP 76 (Video) - CELTTV","description":"Sitio web de noticias de la localidad de Tornquist, provincia de Buenos Aires, Rep\u00fablica Argentina. Contenido propio originado por periodistas de CELTTV, el canal de TV local de la Cooperativa El\u00e9ctrica de Tornquist. Turismo, Pol\u00edtica, Sociedad, Deporte, Cultura y todo el contenido de inter\u00e9s general que la gente del pueblo y la regi\u00f3n debe conocer.","robots":{"index":"index","follow":"follow","max-snippet":"max-snippet:-1","max-image-preview":"max-image-preview:large","max-video-preview":"max-video-preview:-1"},"canonical":"https:\/\/www.celttv.com.ar\/index.php\/2023\/02\/03\/se-produjo-un-roce-entre-dos-vehiculos-en-cercania-a-la-rotonda-que-une-la-rn-33-y-la-rp-76-video\/","og_locale":"es_ES","og_type":"article","og_title":"Se produjo un roce entre dos veh\u00edculos en cercan\u00eda a la rotonda que une la RN 33 con la RP 76 (Video) - CELTTV","og_description":"Sitio web de noticias de la localidad de Tornquist, provincia de Buenos Aires, Rep\u00fablica Argentina. Contenido propio originado por periodistas de CELTTV, el canal de TV local de la Cooperativa El\u00e9ctrica de Tornquist. Turismo, Pol\u00edtica, Sociedad, Deporte, Cultura y todo el contenido de inter\u00e9s general que la gente del pueblo y la regi\u00f3n debe conocer.","og_url":"https:\/\/www.celttv.com.ar\/index.php\/2023\/02\/03\/se-produjo-un-roce-entre-dos-vehiculos-en-cercania-a-la-rotonda-que-une-la-rn-33-y-la-rp-76-video\/","og_site_name":"CELTTV","article_publisher":"https:\/\/www.facebook.com\/celtTV\/","article_published_time":"2023-02-03T11:58:59+00:00","article_modified_time":"2023-02-03T12:06:02+00:00","og_image":[{"width":1600,"height":1200,"url":"https:\/\/www.celttv.com.ar\/wp-content\/uploads\/2023\/02\/WhatsApp-Image-2023-02-03-at-08.47.15-1.jpeg","type":"image\/jpeg"}],"author":"German Svirch","twitter_card":"summary_large_image","twitter_misc":{"Escrito por":"German Svirch","Tiempo de lectura":"1 minuto"},"schema":{"@context":"https:\/\/schema.org","@graph":[{"@type":"NewsArticle","@id":"https:\/\/www.celttv.com.ar\/index.php\/2023\/02\/03\/se-produjo-un-roce-entre-dos-vehiculos-en-cercania-a-la-rotonda-que-une-la-rn-33-y-la-rp-76-video\/#article","isPartOf":{"@id":"https:\/\/www.celttv.com.ar\/index.php\/2023\/02\/03\/se-produjo-un-roce-entre-dos-vehiculos-en-cercania-a-la-rotonda-que-une-la-rn-33-y-la-rp-76-video\/"},"author":{"name":"German Svirch","@id":"https:\/\/www.celttv.com.ar\/#\/schema\/person\/db50025d0c4bc65f03036554c823332c"},"headline":"Se produjo un roce entre dos veh\u00edculos en cercan\u00eda a la rotonda que une la RN 33 con la RP 76 (Video)","datePublished":"2023-02-03T11:58:59+00:00","dateModified":"2023-02-03T12:06:02+00:00","mainEntityOfPage":{"@id":"https:\/\/www.celttv.com.ar\/index.php\/2023\/02\/03\/se-produjo-un-roce-entre-dos-vehiculos-en-cercania-a-la-rotonda-que-une-la-rn-33-y-la-rp-76-video\/"},"wordCount":164,"publisher":{"@id":"https:\/\/www.celttv.com.ar\/#organization"},"articleSection":["Policiales"],"inLanguage":"es"},{"@type":"WebPage","@id":"https:\/\/www.celttv.com.ar\/index.php\/2023\/02\/03\/se-produjo-un-roce-entre-dos-vehiculos-en-cercania-a-la-rotonda-que-une-la-rn-33-y-la-rp-76-video\/","url":"https:\/\/www.celttv.com.ar\/index.php\/2023\/02\/03\/se-produjo-un-roce-entre-dos-vehiculos-en-cercania-a-la-rotonda-que-une-la-rn-33-y-la-rp-76-video\/","name":"Se produjo un roce entre dos veh\u00edculos en cercan\u00eda a la rotonda que une la RN 33 con la RP 76 (Video) - CELTTV","isPartOf":{"@id":"https:\/\/www.celttv.com.ar\/#website"},"datePublished":"2023-02-03T11:58:59+00:00","dateModified":"2023-02-03T12:06:02+00:00","description":"Sitio web de noticias de la localidad de Tornquist, provincia de Buenos Aires, Rep\u00fablica Argentina. Contenido propio originado por periodistas de CELTTV, el canal de TV local de la Cooperativa El\u00e9ctrica de Tornquist. Turismo, Pol\u00edtica, Sociedad, Deporte, Cultura y todo el contenido de inter\u00e9s general que la gente del pueblo y la regi\u00f3n debe conocer.","breadcrumb":{"@id":"https:\/\/www.celttv.com.ar\/index.php\/2023\/02\/03\/se-produjo-un-roce-entre-dos-vehiculos-en-cercania-a-la-rotonda-que-une-la-rn-33-y-la-rp-76-video\/#breadcrumb"},"inLanguage":"es","potentialAction":[{"@type":"ReadAction","target":["https:\/\/www.celttv.com.ar\/index.php\/2023\/02\/03\/se-produjo-un-roce-entre-dos-vehiculos-en-cercania-a-la-rotonda-que-une-la-rn-33-y-la-rp-76-video\/"]}]},{"@type":"BreadcrumbList","@id":"https:\/\/www.celttv.com.ar\/index.php\/2023\/02\/03\/se-produjo-un-roce-entre-dos-vehiculos-en-cercania-a-la-rotonda-que-une-la-rn-33-y-la-rp-76-video\/#breadcrumb","itemListElement":[{"@type":"ListItem","position":1,"name":"Inicio","item":"https:\/\/www.celttv.com.ar\/"},{"@type":"ListItem","position":2,"name":"Se produjo un roce entre dos veh\u00edculos en cercan\u00eda a la rotonda que une la RN 33 con la RP 76 (Video)"}]},{"@type":"WebSite","@id":"https:\/\/www.celttv.com.ar\/#website","url":"https:\/\/www.celttv.com.ar\/","name":"CELTTV","description":"Cooperativa El\u00e9ctrica de Tornquist","publisher":{"@id":"https:\/\/www.celttv.com.ar\/#organization"},"potentialAction":[{"@type":"SearchAction","target":{"@type":"EntryPoint","urlTemplate":"https:\/\/www.celttv.com.ar\/?s={search_term_string}"},"query-input":"required name=search_term_string"}],"inLanguage":"es"},{"@type":"Organization","@id":"https:\/\/www.celttv.com.ar\/#organization","name":"CELTTV","url":"https:\/\/www.celttv.com.ar\/","sameAs":["https:\/\/www.youtube.com\/channel\/UCz_oIt8Hig64Ub-EmcNPIhg","https:\/\/www.facebook.com\/celtTV\/"],"logo":{"@type":"ImageObject","inLanguage":"es","@id":"https:\/\/www.celttv.com.ar\/#\/schema\/logo\/image\/","url":"http:\/\/www.celttv.com.ar\/wp-content\/uploads\/2022\/08\/logo-1.png","contentUrl":"http:\/\/www.celttv.com.ar\/wp-content\/uploads\/2022\/08\/logo-1.png","width":461,"height":159,"caption":"CELTTV"},"image":{"@id":"https:\/\/www.celttv.com.ar\/#\/schema\/logo\/image\/"}},{"@type":"Person","@id":"https:\/\/www.celttv.com.ar\/#\/schema\/person\/db50025d0c4bc65f03036554c823332c","name":"German Svirch","image":{"@type":"ImageObject","inLanguage":"es","@id":"https:\/\/www.celttv.com.ar\/#\/schema\/person\/image\/","url":"https:\/\/secure.gravatar.com\/avatar\/9ef68bf179fa7037bf0d8a157e18d60d88400f9f78daad9e31789de8ef492b33?s=96&d=mm&r=g","contentUrl":"https:\/\/secure.gravatar.com\/avatar\/9ef68bf179fa7037bf0d8a157e18d60d88400f9f78daad9e31789de8ef492b33?s=96&d=mm&r=g","caption":"German Svirch"}}]}},"_links":{"self":[{"href":"https:\/\/www.celttv.com.ar\/index.php\/wp-json\/wp\/v2\/posts\/73353","targetHints":{"allow":["GET"]}}],"collection":[{"href":"https:\/\/www.celttv.com.ar\/index.php\/wp-json\/wp\/v2\/posts"}],"about":[{"href":"https:\/\/www.celttv.com.ar\/index.php\/wp-json\/wp\/v2\/types\/post"}],"author":[{"embeddable":true,"href":"https:\/\/www.celttv.com.ar\/index.php\/wp-json\/wp\/v2\/users\/7"}],"replies":[{"embeddable":true,"href":"https:\/\/www.celttv.com.ar\/index.php\/wp-json\/wp\/v2\/comments?post=73353"}],"version-history":[{"count":2,"href":"https:\/\/www.celttv.com.ar\/index.php\/wp-json\/wp\/v2\/posts\/73353\/revisions"}],"predecessor-version":[{"id":73357,"href":"https:\/\/www.celttv.com.ar\/index.php\/wp-json\/wp\/v2\/posts\/73353\/revisions\/73357"}],"wp:featuredmedia":[{"embeddable":true,"href":"https:\/\/www.celttv.com.ar\/index.php\/wp-json\/wp\/v2\/media\/73354"}],"wp:attachment":[{"href":"https:\/\/www.celttv.com.ar\/index.php\/wp-json\/wp\/v2\/media?parent=73353"}],"wp:term":[{"taxonomy":"category","embeddable":true,"href":"https:\/\/www.celttv.com.ar\/index.php\/wp-json\/wp\/v2\/categories?post=73353"},{"taxonomy":"post_tag","embeddable":true,"href":"https:\/\/www.celttv.com.ar\/index.php\/wp-json\/wp\/v2\/tags?post=73353"}],"curies":[{"name":"wp","href":"https:\/\/api.w.org\/{rel}","templated":true}]}}