{"id":73402,"date":"2023-02-06T16:18:29","date_gmt":"2023-02-06T19:18:29","guid":{"rendered":"http:\/\/www.celttv.com.ar\/?p=73402"},"modified":"2023-02-06T16:18:29","modified_gmt":"2023-02-06T19:18:29","slug":"convocatoria-a-gastronomicos-artesanos-e-instituciones-para-los-carnavales-de-tornquist","status":"publish","type":"post","link":"https:\/\/www.celttv.com.ar\/index.php\/2023\/02\/06\/convocatoria-a-gastronomicos-artesanos-e-instituciones-para-los-carnavales-de-tornquist\/","title":{"rendered":"Convocatoria a gastron\u00f3micos, artesanos e instituciones para los carnavales de Tornquist"},"content":{"rendered":"<p><strong>Convocatoria a gastron\u00f3micos, artesanos e instituciones para los carnavales de Tornquist<\/strong><\/p>\n<p>Tornquist Municipio informa que se encuentra abierta la preinscripci\u00f3n de gastron\u00f3micos, artesanos e institucionespara los carnavales de Tornquist, que se realizar\u00e1n el viernes 24 y el s\u00e1bado 25 de este mes en la Av. Ernesto Tornquist entre Gral Paz &#8211; Alem y G\u00fcemes &#8211; Rawson.<\/p>\n<p>Los interesados, deben completar el siguiente formulario:<a href=\"https:\/\/docs.google.com\/forms\/d\/e\/1FAIpQLSe-FY7p-YaCVI_Q-pHXDlLR94NlzclGCGR_2S7A73StD5aRwg\/viewform\">https:\/\/docs.google.com\/forms\/d\/e\/1FAIpQLSe-FY7p-YaCVI_Q-pHXDlLR94NlzclGCGR_2S7A73StD5aRwg\/viewform<\/a>.<\/p>\n<p>El formulario tiene car\u00e1cter de solicitud y es el paso previo a la confirmaci\u00f3n de participaci\u00f3n de cada aspirante, que se informar\u00e1 mediante comunicaci\u00f3n telef\u00f3nica.<\/p>\n<p><img loading=\"lazy\" decoding=\"async\" class=\"alignnone size-medium wp-image-73403\" src=\"http:\/\/www.celttv.com.ar\/wp-content\/uploads\/2023\/02\/Inscrip-Carnavales-Tqt-268x300.jpeg\" alt=\"\" width=\"268\" height=\"300\" srcset=\"https:\/\/www.celttv.com.ar\/wp-content\/uploads\/2023\/02\/Inscrip-Carnavales-Tqt-268x300.jpeg 268w, https:\/\/www.celttv.com.ar\/wp-content\/uploads\/2023\/02\/Inscrip-Carnavales-Tqt-915x1024.jpeg 915w, https:\/\/www.celttv.com.ar\/wp-content\/uploads\/2023\/02\/Inscrip-Carnavales-Tqt-768x859.jpeg 768w, https:\/\/www.celttv.com.ar\/wp-content\/uploads\/2023\/02\/Inscrip-Carnavales-Tqt-750x839.jpeg 750w, https:\/\/www.celttv.com.ar\/wp-content\/uploads\/2023\/02\/Inscrip-Carnavales-Tqt.jpeg 1080w\" sizes=\"auto, (max-width: 268px) 100vw, 268px\" \/><\/p>\n","protected":false},"excerpt":{"rendered":"<p>Convocatoria a gastron\u00f3micos, artesanos e instituciones para los carnavales de Tornquist Tornquist Municipio informa que se encuentra abierta la preinscripci\u00f3n de gastron\u00f3micos, artesanos e institucionespara los carnavales de Tornquist, que se realizar\u00e1n el viernes 24 y el s\u00e1bado 25 de este mes en la Av. Ernesto Tornquist entre Gral Paz &#8211; Alem y G\u00fcemes &#8211; [&hellip;]<\/p>\n","protected":false},"author":5,"featured_media":73403,"comment_status":"closed","ping_status":"closed","sticky":false,"template":"","format":"standard","meta":{"footnotes":""},"categories":[51,26,52,56,59],"tags":[683,682],"class_list":["post-73402","post","type-post","status-publish","format-standard","has-post-thumbnail","hentry","category-comunidad","category-culture","category-destacadas","category-espectaculos","category-municipales","tag-artesanos-e-instituciones-para-los-carnavales-de-tornquist","tag-convocatoria-a-gastronomicos"],"yoast_head":"<!-- This site is optimized with the Yoast SEO plugin v19.7.1 - https:\/\/yoast.com\/wordpress\/plugins\/seo\/ -->\n<title>Convocatoria a gastron\u00f3micos, artesanos e instituciones para los carnavales de Tornquist - CELTTV<\/title>\n<meta name=\"description\" content=\"Sitio web de noticias de la localidad de Tornquist, provincia de Buenos Aires, Rep\u00fablica Argentina. Contenido propio originado por periodistas de CELTTV, el canal de TV local de la Cooperativa El\u00e9ctrica de Tornquist. Turismo, Pol\u00edtica, Sociedad, Deporte, Cultura y todo el contenido de inter\u00e9s general que la gente del pueblo y la regi\u00f3n debe conocer.\" \/>\n<meta name=\"robots\" content=\"index, follow, max-snippet:-1, max-image-preview:large, max-video-preview:-1\" \/>\n<link rel=\"canonical\" href=\"https:\/\/www.celttv.com.ar\/index.php\/2023\/02\/06\/convocatoria-a-gastronomicos-artesanos-e-instituciones-para-los-carnavales-de-tornquist\/\" \/>\n<meta property=\"og:locale\" content=\"es_ES\" \/>\n<meta property=\"og:type\" content=\"article\" \/>\n<meta property=\"og:title\" content=\"Convocatoria a gastron\u00f3micos, artesanos e instituciones para los carnavales de Tornquist - CELTTV\" \/>\n<meta property=\"og:description\" content=\"Sitio web de noticias de la localidad de Tornquist, provincia de Buenos Aires, Rep\u00fablica Argentina. Contenido propio originado por periodistas de CELTTV, el canal de TV local de la Cooperativa El\u00e9ctrica de Tornquist. Turismo, Pol\u00edtica, Sociedad, Deporte, Cultura y todo el contenido de inter\u00e9s general que la gente del pueblo y la regi\u00f3n debe conocer.\" \/>\n<meta property=\"og:url\" content=\"https:\/\/www.celttv.com.ar\/index.php\/2023\/02\/06\/convocatoria-a-gastronomicos-artesanos-e-instituciones-para-los-carnavales-de-tornquist\/\" \/>\n<meta property=\"og:site_name\" content=\"CELTTV\" \/>\n<meta property=\"article:publisher\" content=\"https:\/\/www.facebook.com\/celtTV\/\" \/>\n<meta property=\"article:published_time\" content=\"2023-02-06T19:18:29+00:00\" \/>\n<meta property=\"og:image\" content=\"https:\/\/www.celttv.com.ar\/wp-content\/uploads\/2023\/02\/Inscrip-Carnavales-Tqt.jpeg\" \/>\n\t<meta property=\"og:image:width\" content=\"1080\" \/>\n\t<meta property=\"og:image:height\" content=\"1208\" \/>\n\t<meta property=\"og:image:type\" content=\"image\/jpeg\" \/>\n<meta name=\"author\" content=\"Miguel Herrada\" \/>\n<meta name=\"twitter:card\" content=\"summary_large_image\" \/>\n<meta name=\"twitter:label1\" content=\"Escrito por\" \/>\n\t<meta name=\"twitter:data1\" content=\"Miguel Herrada\" \/>\n\t<meta name=\"twitter:label2\" content=\"Tiempo de lectura\" \/>\n\t<meta name=\"twitter:data2\" content=\"1 minuto\" \/>\n<script type=\"application\/ld+json\" class=\"yoast-schema-graph\">{\"@context\":\"https:\/\/schema.org\",\"@graph\":[{\"@type\":\"NewsArticle\",\"@id\":\"https:\/\/www.celttv.com.ar\/index.php\/2023\/02\/06\/convocatoria-a-gastronomicos-artesanos-e-instituciones-para-los-carnavales-de-tornquist\/#article\",\"isPartOf\":{\"@id\":\"https:\/\/www.celttv.com.ar\/index.php\/2023\/02\/06\/convocatoria-a-gastronomicos-artesanos-e-instituciones-para-los-carnavales-de-tornquist\/\"},\"author\":{\"name\":\"Miguel Herrada\",\"@id\":\"https:\/\/www.celttv.com.ar\/#\/schema\/person\/9059dc91dc7204ef4182cdb65225f07d\"},\"headline\":\"Convocatoria a gastron\u00f3micos, artesanos e instituciones para los carnavales de Tornquist\",\"datePublished\":\"2023-02-06T19:18:29+00:00\",\"dateModified\":\"2023-02-06T19:18:29+00:00\",\"mainEntityOfPage\":{\"@id\":\"https:\/\/www.celttv.com.ar\/index.php\/2023\/02\/06\/convocatoria-a-gastronomicos-artesanos-e-instituciones-para-los-carnavales-de-tornquist\/\"},\"wordCount\":125,\"publisher\":{\"@id\":\"https:\/\/www.celttv.com.ar\/#organization\"},\"keywords\":[\"artesanos e instituciones para los carnavales de Tornquist\",\"Convocatoria a gastron\u00f3micos\"],\"articleSection\":[\"Comunidad\",\"Culture\",\"Destacadas\",\"Espect\u00e1culos\",\"Municipales\"],\"inLanguage\":\"es\"},{\"@type\":\"WebPage\",\"@id\":\"https:\/\/www.celttv.com.ar\/index.php\/2023\/02\/06\/convocatoria-a-gastronomicos-artesanos-e-instituciones-para-los-carnavales-de-tornquist\/\",\"url\":\"https:\/\/www.celttv.com.ar\/index.php\/2023\/02\/06\/convocatoria-a-gastronomicos-artesanos-e-instituciones-para-los-carnavales-de-tornquist\/\",\"name\":\"Convocatoria a gastron\u00f3micos, artesanos e instituciones para los carnavales de Tornquist - CELTTV\",\"isPartOf\":{\"@id\":\"https:\/\/www.celttv.com.ar\/#website\"},\"datePublished\":\"2023-02-06T19:18:29+00:00\",\"dateModified\":\"2023-02-06T19:18:29+00:00\",\"description\":\"Sitio web de noticias de la localidad de Tornquist, provincia de Buenos Aires, Rep\u00fablica Argentina. Contenido propio originado por periodistas de CELTTV, el canal de TV local de la Cooperativa El\u00e9ctrica de Tornquist. Turismo, Pol\u00edtica, Sociedad, Deporte, Cultura y todo el contenido de inter\u00e9s general que la gente del pueblo y la regi\u00f3n debe conocer.\",\"breadcrumb\":{\"@id\":\"https:\/\/www.celttv.com.ar\/index.php\/2023\/02\/06\/convocatoria-a-gastronomicos-artesanos-e-instituciones-para-los-carnavales-de-tornquist\/#breadcrumb\"},\"inLanguage\":\"es\",\"potentialAction\":[{\"@type\":\"ReadAction\",\"target\":[\"https:\/\/www.celttv.com.ar\/index.php\/2023\/02\/06\/convocatoria-a-gastronomicos-artesanos-e-instituciones-para-los-carnavales-de-tornquist\/\"]}]},{\"@type\":\"BreadcrumbList\",\"@id\":\"https:\/\/www.celttv.com.ar\/index.php\/2023\/02\/06\/convocatoria-a-gastronomicos-artesanos-e-instituciones-para-los-carnavales-de-tornquist\/#breadcrumb\",\"itemListElement\":[{\"@type\":\"ListItem\",\"position\":1,\"name\":\"Inicio\",\"item\":\"https:\/\/www.celttv.com.ar\/\"},{\"@type\":\"ListItem\",\"position\":2,\"name\":\"Convocatoria a gastron\u00f3micos, artesanos e instituciones para los carnavales de Tornquist\"}]},{\"@type\":\"WebSite\",\"@id\":\"https:\/\/www.celttv.com.ar\/#website\",\"url\":\"https:\/\/www.celttv.com.ar\/\",\"name\":\"CELTTV\",\"description\":\"Cooperativa El\u00e9ctrica de Tornquist\",\"publisher\":{\"@id\":\"https:\/\/www.celttv.com.ar\/#organization\"},\"potentialAction\":[{\"@type\":\"SearchAction\",\"target\":{\"@type\":\"EntryPoint\",\"urlTemplate\":\"https:\/\/www.celttv.com.ar\/?s={search_term_string}\"},\"query-input\":\"required name=search_term_string\"}],\"inLanguage\":\"es\"},{\"@type\":\"Organization\",\"@id\":\"https:\/\/www.celttv.com.ar\/#organization\",\"name\":\"CELTTV\",\"url\":\"https:\/\/www.celttv.com.ar\/\",\"sameAs\":[\"https:\/\/www.youtube.com\/channel\/UCz_oIt8Hig64Ub-EmcNPIhg\",\"https:\/\/www.facebook.com\/celtTV\/\"],\"logo\":{\"@type\":\"ImageObject\",\"inLanguage\":\"es\",\"@id\":\"https:\/\/www.celttv.com.ar\/#\/schema\/logo\/image\/\",\"url\":\"http:\/\/www.celttv.com.ar\/wp-content\/uploads\/2022\/08\/logo-1.png\",\"contentUrl\":\"http:\/\/www.celttv.com.ar\/wp-content\/uploads\/2022\/08\/logo-1.png\",\"width\":461,\"height\":159,\"caption\":\"CELTTV\"},\"image\":{\"@id\":\"https:\/\/www.celttv.com.ar\/#\/schema\/logo\/image\/\"}},{\"@type\":\"Person\",\"@id\":\"https:\/\/www.celttv.com.ar\/#\/schema\/person\/9059dc91dc7204ef4182cdb65225f07d\",\"name\":\"Miguel Herrada\",\"image\":{\"@type\":\"ImageObject\",\"inLanguage\":\"es\",\"@id\":\"https:\/\/www.celttv.com.ar\/#\/schema\/person\/image\/\",\"url\":\"https:\/\/secure.gravatar.com\/avatar\/67724d5b3c716623ffd76bec7e45841a442ac3b456e914dbba90b0fad2b8e0b1?s=96&d=mm&r=g\",\"contentUrl\":\"https:\/\/secure.gravatar.com\/avatar\/67724d5b3c716623ffd76bec7e45841a442ac3b456e914dbba90b0fad2b8e0b1?s=96&d=mm&r=g\",\"caption\":\"Miguel Herrada\"}}]}<\/script>\n<!-- \/ Yoast SEO plugin. -->","yoast_head_json":{"title":"Convocatoria a gastron\u00f3micos, artesanos e instituciones para los carnavales de Tornquist - CELTTV","description":"Sitio web de noticias de la localidad de Tornquist, provincia de Buenos Aires, Rep\u00fablica Argentina. Contenido propio originado por periodistas de CELTTV, el canal de TV local de la Cooperativa El\u00e9ctrica de Tornquist. Turismo, Pol\u00edtica, Sociedad, Deporte, Cultura y todo el contenido de inter\u00e9s general que la gente del pueblo y la regi\u00f3n debe conocer.","robots":{"index":"index","follow":"follow","max-snippet":"max-snippet:-1","max-image-preview":"max-image-preview:large","max-video-preview":"max-video-preview:-1"},"canonical":"https:\/\/www.celttv.com.ar\/index.php\/2023\/02\/06\/convocatoria-a-gastronomicos-artesanos-e-instituciones-para-los-carnavales-de-tornquist\/","og_locale":"es_ES","og_type":"article","og_title":"Convocatoria a gastron\u00f3micos, artesanos e instituciones para los carnavales de Tornquist - CELTTV","og_description":"Sitio web de noticias de la localidad de Tornquist, provincia de Buenos Aires, Rep\u00fablica Argentina. Contenido propio originado por periodistas de CELTTV, el canal de TV local de la Cooperativa El\u00e9ctrica de Tornquist. Turismo, Pol\u00edtica, Sociedad, Deporte, Cultura y todo el contenido de inter\u00e9s general que la gente del pueblo y la regi\u00f3n debe conocer.","og_url":"https:\/\/www.celttv.com.ar\/index.php\/2023\/02\/06\/convocatoria-a-gastronomicos-artesanos-e-instituciones-para-los-carnavales-de-tornquist\/","og_site_name":"CELTTV","article_publisher":"https:\/\/www.facebook.com\/celtTV\/","article_published_time":"2023-02-06T19:18:29+00:00","og_image":[{"width":1080,"height":1208,"url":"https:\/\/www.celttv.com.ar\/wp-content\/uploads\/2023\/02\/Inscrip-Carnavales-Tqt.jpeg","type":"image\/jpeg"}],"author":"Miguel Herrada","twitter_card":"summary_large_image","twitter_misc":{"Escrito por":"Miguel Herrada","Tiempo de lectura":"1 minuto"},"schema":{"@context":"https:\/\/schema.org","@graph":[{"@type":"NewsArticle","@id":"https:\/\/www.celttv.com.ar\/index.php\/2023\/02\/06\/convocatoria-a-gastronomicos-artesanos-e-instituciones-para-los-carnavales-de-tornquist\/#article","isPartOf":{"@id":"https:\/\/www.celttv.com.ar\/index.php\/2023\/02\/06\/convocatoria-a-gastronomicos-artesanos-e-instituciones-para-los-carnavales-de-tornquist\/"},"author":{"name":"Miguel Herrada","@id":"https:\/\/www.celttv.com.ar\/#\/schema\/person\/9059dc91dc7204ef4182cdb65225f07d"},"headline":"Convocatoria a gastron\u00f3micos, artesanos e instituciones para los carnavales de Tornquist","datePublished":"2023-02-06T19:18:29+00:00","dateModified":"2023-02-06T19:18:29+00:00","mainEntityOfPage":{"@id":"https:\/\/www.celttv.com.ar\/index.php\/2023\/02\/06\/convocatoria-a-gastronomicos-artesanos-e-instituciones-para-los-carnavales-de-tornquist\/"},"wordCount":125,"publisher":{"@id":"https:\/\/www.celttv.com.ar\/#organization"},"keywords":["artesanos e instituciones para los carnavales de Tornquist","Convocatoria a gastron\u00f3micos"],"articleSection":["Comunidad","Culture","Destacadas","Espect\u00e1culos","Municipales"],"inLanguage":"es"},{"@type":"WebPage","@id":"https:\/\/www.celttv.com.ar\/index.php\/2023\/02\/06\/convocatoria-a-gastronomicos-artesanos-e-instituciones-para-los-carnavales-de-tornquist\/","url":"https:\/\/www.celttv.com.ar\/index.php\/2023\/02\/06\/convocatoria-a-gastronomicos-artesanos-e-instituciones-para-los-carnavales-de-tornquist\/","name":"Convocatoria a gastron\u00f3micos, artesanos e instituciones para los carnavales de Tornquist - CELTTV","isPartOf":{"@id":"https:\/\/www.celttv.com.ar\/#website"},"datePublished":"2023-02-06T19:18:29+00:00","dateModified":"2023-02-06T19:18:29+00:00","description":"Sitio web de noticias de la localidad de Tornquist, provincia de Buenos Aires, Rep\u00fablica Argentina. Contenido propio originado por periodistas de CELTTV, el canal de TV local de la Cooperativa El\u00e9ctrica de Tornquist. Turismo, Pol\u00edtica, Sociedad, Deporte, Cultura y todo el contenido de inter\u00e9s general que la gente del pueblo y la regi\u00f3n debe conocer.","breadcrumb":{"@id":"https:\/\/www.celttv.com.ar\/index.php\/2023\/02\/06\/convocatoria-a-gastronomicos-artesanos-e-instituciones-para-los-carnavales-de-tornquist\/#breadcrumb"},"inLanguage":"es","potentialAction":[{"@type":"ReadAction","target":["https:\/\/www.celttv.com.ar\/index.php\/2023\/02\/06\/convocatoria-a-gastronomicos-artesanos-e-instituciones-para-los-carnavales-de-tornquist\/"]}]},{"@type":"BreadcrumbList","@id":"https:\/\/www.celttv.com.ar\/index.php\/2023\/02\/06\/convocatoria-a-gastronomicos-artesanos-e-instituciones-para-los-carnavales-de-tornquist\/#breadcrumb","itemListElement":[{"@type":"ListItem","position":1,"name":"Inicio","item":"https:\/\/www.celttv.com.ar\/"},{"@type":"ListItem","position":2,"name":"Convocatoria a gastron\u00f3micos, artesanos e instituciones para los carnavales de Tornquist"}]},{"@type":"WebSite","@id":"https:\/\/www.celttv.com.ar\/#website","url":"https:\/\/www.celttv.com.ar\/","name":"CELTTV","description":"Cooperativa El\u00e9ctrica de Tornquist","publisher":{"@id":"https:\/\/www.celttv.com.ar\/#organization"},"potentialAction":[{"@type":"SearchAction","target":{"@type":"EntryPoint","urlTemplate":"https:\/\/www.celttv.com.ar\/?s={search_term_string}"},"query-input":"required name=search_term_string"}],"inLanguage":"es"},{"@type":"Organization","@id":"https:\/\/www.celttv.com.ar\/#organization","name":"CELTTV","url":"https:\/\/www.celttv.com.ar\/","sameAs":["https:\/\/www.youtube.com\/channel\/UCz_oIt8Hig64Ub-EmcNPIhg","https:\/\/www.facebook.com\/celtTV\/"],"logo":{"@type":"ImageObject","inLanguage":"es","@id":"https:\/\/www.celttv.com.ar\/#\/schema\/logo\/image\/","url":"http:\/\/www.celttv.com.ar\/wp-content\/uploads\/2022\/08\/logo-1.png","contentUrl":"http:\/\/www.celttv.com.ar\/wp-content\/uploads\/2022\/08\/logo-1.png","width":461,"height":159,"caption":"CELTTV"},"image":{"@id":"https:\/\/www.celttv.com.ar\/#\/schema\/logo\/image\/"}},{"@type":"Person","@id":"https:\/\/www.celttv.com.ar\/#\/schema\/person\/9059dc91dc7204ef4182cdb65225f07d","name":"Miguel Herrada","image":{"@type":"ImageObject","inLanguage":"es","@id":"https:\/\/www.celttv.com.ar\/#\/schema\/person\/image\/","url":"https:\/\/secure.gravatar.com\/avatar\/67724d5b3c716623ffd76bec7e45841a442ac3b456e914dbba90b0fad2b8e0b1?s=96&d=mm&r=g","contentUrl":"https:\/\/secure.gravatar.com\/avatar\/67724d5b3c716623ffd76bec7e45841a442ac3b456e914dbba90b0fad2b8e0b1?s=96&d=mm&r=g","caption":"Miguel Herrada"}}]}},"_links":{"self":[{"href":"https:\/\/www.celttv.com.ar\/index.php\/wp-json\/wp\/v2\/posts\/73402","targetHints":{"allow":["GET"]}}],"collection":[{"href":"https:\/\/www.celttv.com.ar\/index.php\/wp-json\/wp\/v2\/posts"}],"about":[{"href":"https:\/\/www.celttv.com.ar\/index.php\/wp-json\/wp\/v2\/types\/post"}],"author":[{"embeddable":true,"href":"https:\/\/www.celttv.com.ar\/index.php\/wp-json\/wp\/v2\/users\/5"}],"replies":[{"embeddable":true,"href":"https:\/\/www.celttv.com.ar\/index.php\/wp-json\/wp\/v2\/comments?post=73402"}],"version-history":[{"count":1,"href":"https:\/\/www.celttv.com.ar\/index.php\/wp-json\/wp\/v2\/posts\/73402\/revisions"}],"predecessor-version":[{"id":73404,"href":"https:\/\/www.celttv.com.ar\/index.php\/wp-json\/wp\/v2\/posts\/73402\/revisions\/73404"}],"wp:featuredmedia":[{"embeddable":true,"href":"https:\/\/www.celttv.com.ar\/index.php\/wp-json\/wp\/v2\/media\/73403"}],"wp:attachment":[{"href":"https:\/\/www.celttv.com.ar\/index.php\/wp-json\/wp\/v2\/media?parent=73402"}],"wp:term":[{"taxonomy":"category","embeddable":true,"href":"https:\/\/www.celttv.com.ar\/index.php\/wp-json\/wp\/v2\/categories?post=73402"},{"taxonomy":"post_tag","embeddable":true,"href":"https:\/\/www.celttv.com.ar\/index.php\/wp-json\/wp\/v2\/tags?post=73402"}],"curies":[{"name":"wp","href":"https:\/\/api.w.org\/{rel}","templated":true}]}}