{"id":73432,"date":"2023-02-08T18:56:28","date_gmt":"2023-02-08T21:56:28","guid":{"rendered":"http:\/\/www.celttv.com.ar\/?p=73432"},"modified":"2023-02-08T19:17:51","modified_gmt":"2023-02-08T22:17:51","slug":"el-hcd-aprobo-la-licencia-del-intendente-sergio-bordoni-que-sera-reemplazado-por-belen-ladigan","status":"publish","type":"post","link":"https:\/\/www.celttv.com.ar\/index.php\/2023\/02\/08\/el-hcd-aprobo-la-licencia-del-intendente-sergio-bordoni-que-sera-reemplazado-por-belen-ladigan\/","title":{"rendered":"El HCD. aprob\u00f3 la licencia del Intendente Sergio Bordoni que ser\u00e1 reemplazado por Bel\u00e9n Ladigan (Fotos y video)"},"content":{"rendered":"<p>En la noche de este martes, en sesi\u00f3n extraordinaria, el honorable concejo deliberante aprob\u00f3 por unanimidad la solicitud de licencia que corresponde al a\u00f1o 2018 del Intendente Municipal Sergio Bordoni que estar\u00e1 ausente entre el 10 y el 20 de febrero.<\/p>\n<p>Belen Ladigan, actual Directora de Desarrollo Social que jur\u00f3 como concejal en la mencionada\u00a0 sesi\u00f3n, reemplazar\u00e1 a Sergio Bordoni como Intendenta Interina del 10 al 20 de febrero.<\/p>\n<p><iframe loading=\"lazy\" title=\"2023 02 08 ASUNCION DE BELEN LADIGAN\" width=\"500\" height=\"281\" src=\"https:\/\/www.youtube.com\/embed\/6SV4ZkoL8yo?feature=oembed\" frameborder=\"0\" allow=\"accelerometer; autoplay; clipboard-write; encrypted-media; gyroscope; picture-in-picture; web-share\" referrerpolicy=\"strict-origin-when-cross-origin\" allowfullscreen><\/iframe><\/p>\n<p><img loading=\"lazy\" decoding=\"async\" class=\"alignnone size-medium wp-image-73433\" src=\"http:\/\/www.celttv.com.ar\/wp-content\/uploads\/2023\/02\/IMG_9915-Medium-200x300.jpg\" alt=\"\" width=\"200\" height=\"300\" srcset=\"https:\/\/www.celttv.com.ar\/wp-content\/uploads\/2023\/02\/IMG_9915-Medium-200x300.jpg 200w, https:\/\/www.celttv.com.ar\/wp-content\/uploads\/2023\/02\/IMG_9915-Medium-683x1024.jpg 683w, https:\/\/www.celttv.com.ar\/wp-content\/uploads\/2023\/02\/IMG_9915-Medium-750x1125.jpg 750w, https:\/\/www.celttv.com.ar\/wp-content\/uploads\/2023\/02\/IMG_9915-Medium.jpg 768w\" sizes=\"auto, (max-width: 200px) 100vw, 200px\" \/><\/p>\n","protected":false},"excerpt":{"rendered":"<p>En la noche de este martes, en sesi\u00f3n extraordinaria, el honorable concejo deliberante aprob\u00f3 por unanimidad la solicitud de licencia que corresponde al a\u00f1o 2018 del Intendente Municipal Sergio Bordoni que estar\u00e1 ausente entre el 10 y el 20 de febrero. Belen Ladigan, actual Directora de Desarrollo Social que jur\u00f3 como concejal en la mencionada\u00a0 [&hellip;]<\/p>\n","protected":false},"author":5,"featured_media":73433,"comment_status":"closed","ping_status":"closed","sticky":false,"template":"","format":"standard","meta":{"footnotes":""},"categories":[51,52,59],"tags":[687],"class_list":["post-73432","post","type-post","status-publish","format-standard","has-post-thumbnail","hentry","category-comunidad","category-destacadas","category-municipales","tag-el-hcd-aprobo-la-licencia-del-intendente-sergio-bordoni-que-sera-reemplazado-por-belen-ladigan"],"yoast_head":"<!-- This site is optimized with the Yoast SEO plugin v19.7.1 - https:\/\/yoast.com\/wordpress\/plugins\/seo\/ -->\n<title>El HCD. aprob\u00f3 la licencia del Intendente Sergio Bordoni que ser\u00e1 reemplazado por Bel\u00e9n Ladigan (Fotos y video) - CELTTV<\/title>\n<meta name=\"description\" content=\"Sitio web de noticias de la localidad de Tornquist, provincia de Buenos Aires, Rep\u00fablica Argentina. Contenido propio originado por periodistas de CELTTV, el canal de TV local de la Cooperativa El\u00e9ctrica de Tornquist. Turismo, Pol\u00edtica, Sociedad, Deporte, Cultura y todo el contenido de inter\u00e9s general que la gente del pueblo y la regi\u00f3n debe conocer.\" \/>\n<meta name=\"robots\" content=\"index, follow, max-snippet:-1, max-image-preview:large, max-video-preview:-1\" \/>\n<link rel=\"canonical\" href=\"https:\/\/www.celttv.com.ar\/index.php\/2023\/02\/08\/el-hcd-aprobo-la-licencia-del-intendente-sergio-bordoni-que-sera-reemplazado-por-belen-ladigan\/\" \/>\n<meta property=\"og:locale\" content=\"es_ES\" \/>\n<meta property=\"og:type\" content=\"article\" \/>\n<meta property=\"og:title\" content=\"El HCD. aprob\u00f3 la licencia del Intendente Sergio Bordoni que ser\u00e1 reemplazado por Bel\u00e9n Ladigan (Fotos y video) - CELTTV\" \/>\n<meta property=\"og:description\" content=\"Sitio web de noticias de la localidad de Tornquist, provincia de Buenos Aires, Rep\u00fablica Argentina. Contenido propio originado por periodistas de CELTTV, el canal de TV local de la Cooperativa El\u00e9ctrica de Tornquist. Turismo, Pol\u00edtica, Sociedad, Deporte, Cultura y todo el contenido de inter\u00e9s general que la gente del pueblo y la regi\u00f3n debe conocer.\" \/>\n<meta property=\"og:url\" content=\"https:\/\/www.celttv.com.ar\/index.php\/2023\/02\/08\/el-hcd-aprobo-la-licencia-del-intendente-sergio-bordoni-que-sera-reemplazado-por-belen-ladigan\/\" \/>\n<meta property=\"og:site_name\" content=\"CELTTV\" \/>\n<meta property=\"article:publisher\" content=\"https:\/\/www.facebook.com\/celtTV\/\" \/>\n<meta property=\"article:published_time\" content=\"2023-02-08T21:56:28+00:00\" \/>\n<meta property=\"article:modified_time\" content=\"2023-02-08T22:17:51+00:00\" \/>\n<meta property=\"og:image\" content=\"https:\/\/www.celttv.com.ar\/wp-content\/uploads\/2023\/02\/IMG_9915-Medium.jpg\" \/>\n\t<meta property=\"og:image:width\" content=\"768\" \/>\n\t<meta property=\"og:image:height\" content=\"1152\" \/>\n\t<meta property=\"og:image:type\" content=\"image\/jpeg\" \/>\n<meta name=\"author\" content=\"Miguel Herrada\" \/>\n<meta name=\"twitter:card\" content=\"summary_large_image\" \/>\n<meta name=\"twitter:label1\" content=\"Escrito por\" \/>\n\t<meta name=\"twitter:data1\" content=\"Miguel Herrada\" \/>\n<script type=\"application\/ld+json\" class=\"yoast-schema-graph\">{\"@context\":\"https:\/\/schema.org\",\"@graph\":[{\"@type\":\"NewsArticle\",\"@id\":\"https:\/\/www.celttv.com.ar\/index.php\/2023\/02\/08\/el-hcd-aprobo-la-licencia-del-intendente-sergio-bordoni-que-sera-reemplazado-por-belen-ladigan\/#article\",\"isPartOf\":{\"@id\":\"https:\/\/www.celttv.com.ar\/index.php\/2023\/02\/08\/el-hcd-aprobo-la-licencia-del-intendente-sergio-bordoni-que-sera-reemplazado-por-belen-ladigan\/\"},\"author\":{\"name\":\"Miguel Herrada\",\"@id\":\"https:\/\/www.celttv.com.ar\/#\/schema\/person\/9059dc91dc7204ef4182cdb65225f07d\"},\"headline\":\"El HCD. aprob\u00f3 la licencia del Intendente Sergio Bordoni que ser\u00e1 reemplazado por Bel\u00e9n Ladigan (Fotos y video)\",\"datePublished\":\"2023-02-08T21:56:28+00:00\",\"dateModified\":\"2023-02-08T22:17:51+00:00\",\"mainEntityOfPage\":{\"@id\":\"https:\/\/www.celttv.com.ar\/index.php\/2023\/02\/08\/el-hcd-aprobo-la-licencia-del-intendente-sergio-bordoni-que-sera-reemplazado-por-belen-ladigan\/\"},\"wordCount\":92,\"publisher\":{\"@id\":\"https:\/\/www.celttv.com.ar\/#organization\"},\"keywords\":[\"El HCD. aprob\u00f3 la licencia del Intendente Sergio Bordoni que ser\u00e1 reemplazado por Bel\u00e9n Ladigan\"],\"articleSection\":[\"Comunidad\",\"Destacadas\",\"Municipales\"],\"inLanguage\":\"es\"},{\"@type\":\"WebPage\",\"@id\":\"https:\/\/www.celttv.com.ar\/index.php\/2023\/02\/08\/el-hcd-aprobo-la-licencia-del-intendente-sergio-bordoni-que-sera-reemplazado-por-belen-ladigan\/\",\"url\":\"https:\/\/www.celttv.com.ar\/index.php\/2023\/02\/08\/el-hcd-aprobo-la-licencia-del-intendente-sergio-bordoni-que-sera-reemplazado-por-belen-ladigan\/\",\"name\":\"El HCD. aprob\u00f3 la licencia del Intendente Sergio Bordoni que ser\u00e1 reemplazado por Bel\u00e9n Ladigan (Fotos y video) - CELTTV\",\"isPartOf\":{\"@id\":\"https:\/\/www.celttv.com.ar\/#website\"},\"datePublished\":\"2023-02-08T21:56:28+00:00\",\"dateModified\":\"2023-02-08T22:17:51+00:00\",\"description\":\"Sitio web de noticias de la localidad de Tornquist, provincia de Buenos Aires, Rep\u00fablica Argentina. Contenido propio originado por periodistas de CELTTV, el canal de TV local de la Cooperativa El\u00e9ctrica de Tornquist. Turismo, Pol\u00edtica, Sociedad, Deporte, Cultura y todo el contenido de inter\u00e9s general que la gente del pueblo y la regi\u00f3n debe conocer.\",\"breadcrumb\":{\"@id\":\"https:\/\/www.celttv.com.ar\/index.php\/2023\/02\/08\/el-hcd-aprobo-la-licencia-del-intendente-sergio-bordoni-que-sera-reemplazado-por-belen-ladigan\/#breadcrumb\"},\"inLanguage\":\"es\",\"potentialAction\":[{\"@type\":\"ReadAction\",\"target\":[\"https:\/\/www.celttv.com.ar\/index.php\/2023\/02\/08\/el-hcd-aprobo-la-licencia-del-intendente-sergio-bordoni-que-sera-reemplazado-por-belen-ladigan\/\"]}]},{\"@type\":\"BreadcrumbList\",\"@id\":\"https:\/\/www.celttv.com.ar\/index.php\/2023\/02\/08\/el-hcd-aprobo-la-licencia-del-intendente-sergio-bordoni-que-sera-reemplazado-por-belen-ladigan\/#breadcrumb\",\"itemListElement\":[{\"@type\":\"ListItem\",\"position\":1,\"name\":\"Inicio\",\"item\":\"https:\/\/www.celttv.com.ar\/\"},{\"@type\":\"ListItem\",\"position\":2,\"name\":\"El HCD. aprob\u00f3 la licencia del Intendente Sergio Bordoni que ser\u00e1 reemplazado por Bel\u00e9n Ladigan (Fotos y video)\"}]},{\"@type\":\"WebSite\",\"@id\":\"https:\/\/www.celttv.com.ar\/#website\",\"url\":\"https:\/\/www.celttv.com.ar\/\",\"name\":\"CELTTV\",\"description\":\"Cooperativa El\u00e9ctrica de Tornquist\",\"publisher\":{\"@id\":\"https:\/\/www.celttv.com.ar\/#organization\"},\"potentialAction\":[{\"@type\":\"SearchAction\",\"target\":{\"@type\":\"EntryPoint\",\"urlTemplate\":\"https:\/\/www.celttv.com.ar\/?s={search_term_string}\"},\"query-input\":\"required name=search_term_string\"}],\"inLanguage\":\"es\"},{\"@type\":\"Organization\",\"@id\":\"https:\/\/www.celttv.com.ar\/#organization\",\"name\":\"CELTTV\",\"url\":\"https:\/\/www.celttv.com.ar\/\",\"sameAs\":[\"https:\/\/www.youtube.com\/channel\/UCz_oIt8Hig64Ub-EmcNPIhg\",\"https:\/\/www.facebook.com\/celtTV\/\"],\"logo\":{\"@type\":\"ImageObject\",\"inLanguage\":\"es\",\"@id\":\"https:\/\/www.celttv.com.ar\/#\/schema\/logo\/image\/\",\"url\":\"http:\/\/www.celttv.com.ar\/wp-content\/uploads\/2022\/08\/logo-1.png\",\"contentUrl\":\"http:\/\/www.celttv.com.ar\/wp-content\/uploads\/2022\/08\/logo-1.png\",\"width\":461,\"height\":159,\"caption\":\"CELTTV\"},\"image\":{\"@id\":\"https:\/\/www.celttv.com.ar\/#\/schema\/logo\/image\/\"}},{\"@type\":\"Person\",\"@id\":\"https:\/\/www.celttv.com.ar\/#\/schema\/person\/9059dc91dc7204ef4182cdb65225f07d\",\"name\":\"Miguel Herrada\",\"image\":{\"@type\":\"ImageObject\",\"inLanguage\":\"es\",\"@id\":\"https:\/\/www.celttv.com.ar\/#\/schema\/person\/image\/\",\"url\":\"https:\/\/secure.gravatar.com\/avatar\/67724d5b3c716623ffd76bec7e45841a442ac3b456e914dbba90b0fad2b8e0b1?s=96&d=mm&r=g\",\"contentUrl\":\"https:\/\/secure.gravatar.com\/avatar\/67724d5b3c716623ffd76bec7e45841a442ac3b456e914dbba90b0fad2b8e0b1?s=96&d=mm&r=g\",\"caption\":\"Miguel Herrada\"}}]}<\/script>\n<!-- \/ Yoast SEO plugin. -->","yoast_head_json":{"title":"El HCD. aprob\u00f3 la licencia del Intendente Sergio Bordoni que ser\u00e1 reemplazado por Bel\u00e9n Ladigan (Fotos y video) - CELTTV","description":"Sitio web de noticias de la localidad de Tornquist, provincia de Buenos Aires, Rep\u00fablica Argentina. Contenido propio originado por periodistas de CELTTV, el canal de TV local de la Cooperativa El\u00e9ctrica de Tornquist. Turismo, Pol\u00edtica, Sociedad, Deporte, Cultura y todo el contenido de inter\u00e9s general que la gente del pueblo y la regi\u00f3n debe conocer.","robots":{"index":"index","follow":"follow","max-snippet":"max-snippet:-1","max-image-preview":"max-image-preview:large","max-video-preview":"max-video-preview:-1"},"canonical":"https:\/\/www.celttv.com.ar\/index.php\/2023\/02\/08\/el-hcd-aprobo-la-licencia-del-intendente-sergio-bordoni-que-sera-reemplazado-por-belen-ladigan\/","og_locale":"es_ES","og_type":"article","og_title":"El HCD. aprob\u00f3 la licencia del Intendente Sergio Bordoni que ser\u00e1 reemplazado por Bel\u00e9n Ladigan (Fotos y video) - CELTTV","og_description":"Sitio web de noticias de la localidad de Tornquist, provincia de Buenos Aires, Rep\u00fablica Argentina. Contenido propio originado por periodistas de CELTTV, el canal de TV local de la Cooperativa El\u00e9ctrica de Tornquist. Turismo, Pol\u00edtica, Sociedad, Deporte, Cultura y todo el contenido de inter\u00e9s general que la gente del pueblo y la regi\u00f3n debe conocer.","og_url":"https:\/\/www.celttv.com.ar\/index.php\/2023\/02\/08\/el-hcd-aprobo-la-licencia-del-intendente-sergio-bordoni-que-sera-reemplazado-por-belen-ladigan\/","og_site_name":"CELTTV","article_publisher":"https:\/\/www.facebook.com\/celtTV\/","article_published_time":"2023-02-08T21:56:28+00:00","article_modified_time":"2023-02-08T22:17:51+00:00","og_image":[{"width":768,"height":1152,"url":"https:\/\/www.celttv.com.ar\/wp-content\/uploads\/2023\/02\/IMG_9915-Medium.jpg","type":"image\/jpeg"}],"author":"Miguel Herrada","twitter_card":"summary_large_image","twitter_misc":{"Escrito por":"Miguel Herrada"},"schema":{"@context":"https:\/\/schema.org","@graph":[{"@type":"NewsArticle","@id":"https:\/\/www.celttv.com.ar\/index.php\/2023\/02\/08\/el-hcd-aprobo-la-licencia-del-intendente-sergio-bordoni-que-sera-reemplazado-por-belen-ladigan\/#article","isPartOf":{"@id":"https:\/\/www.celttv.com.ar\/index.php\/2023\/02\/08\/el-hcd-aprobo-la-licencia-del-intendente-sergio-bordoni-que-sera-reemplazado-por-belen-ladigan\/"},"author":{"name":"Miguel Herrada","@id":"https:\/\/www.celttv.com.ar\/#\/schema\/person\/9059dc91dc7204ef4182cdb65225f07d"},"headline":"El HCD. aprob\u00f3 la licencia del Intendente Sergio Bordoni que ser\u00e1 reemplazado por Bel\u00e9n Ladigan (Fotos y video)","datePublished":"2023-02-08T21:56:28+00:00","dateModified":"2023-02-08T22:17:51+00:00","mainEntityOfPage":{"@id":"https:\/\/www.celttv.com.ar\/index.php\/2023\/02\/08\/el-hcd-aprobo-la-licencia-del-intendente-sergio-bordoni-que-sera-reemplazado-por-belen-ladigan\/"},"wordCount":92,"publisher":{"@id":"https:\/\/www.celttv.com.ar\/#organization"},"keywords":["El HCD. aprob\u00f3 la licencia del Intendente Sergio Bordoni que ser\u00e1 reemplazado por Bel\u00e9n Ladigan"],"articleSection":["Comunidad","Destacadas","Municipales"],"inLanguage":"es"},{"@type":"WebPage","@id":"https:\/\/www.celttv.com.ar\/index.php\/2023\/02\/08\/el-hcd-aprobo-la-licencia-del-intendente-sergio-bordoni-que-sera-reemplazado-por-belen-ladigan\/","url":"https:\/\/www.celttv.com.ar\/index.php\/2023\/02\/08\/el-hcd-aprobo-la-licencia-del-intendente-sergio-bordoni-que-sera-reemplazado-por-belen-ladigan\/","name":"El HCD. aprob\u00f3 la licencia del Intendente Sergio Bordoni que ser\u00e1 reemplazado por Bel\u00e9n Ladigan (Fotos y video) - CELTTV","isPartOf":{"@id":"https:\/\/www.celttv.com.ar\/#website"},"datePublished":"2023-02-08T21:56:28+00:00","dateModified":"2023-02-08T22:17:51+00:00","description":"Sitio web de noticias de la localidad de Tornquist, provincia de Buenos Aires, Rep\u00fablica Argentina. Contenido propio originado por periodistas de CELTTV, el canal de TV local de la Cooperativa El\u00e9ctrica de Tornquist. Turismo, Pol\u00edtica, Sociedad, Deporte, Cultura y todo el contenido de inter\u00e9s general que la gente del pueblo y la regi\u00f3n debe conocer.","breadcrumb":{"@id":"https:\/\/www.celttv.com.ar\/index.php\/2023\/02\/08\/el-hcd-aprobo-la-licencia-del-intendente-sergio-bordoni-que-sera-reemplazado-por-belen-ladigan\/#breadcrumb"},"inLanguage":"es","potentialAction":[{"@type":"ReadAction","target":["https:\/\/www.celttv.com.ar\/index.php\/2023\/02\/08\/el-hcd-aprobo-la-licencia-del-intendente-sergio-bordoni-que-sera-reemplazado-por-belen-ladigan\/"]}]},{"@type":"BreadcrumbList","@id":"https:\/\/www.celttv.com.ar\/index.php\/2023\/02\/08\/el-hcd-aprobo-la-licencia-del-intendente-sergio-bordoni-que-sera-reemplazado-por-belen-ladigan\/#breadcrumb","itemListElement":[{"@type":"ListItem","position":1,"name":"Inicio","item":"https:\/\/www.celttv.com.ar\/"},{"@type":"ListItem","position":2,"name":"El HCD. aprob\u00f3 la licencia del Intendente Sergio Bordoni que ser\u00e1 reemplazado por Bel\u00e9n Ladigan (Fotos y video)"}]},{"@type":"WebSite","@id":"https:\/\/www.celttv.com.ar\/#website","url":"https:\/\/www.celttv.com.ar\/","name":"CELTTV","description":"Cooperativa El\u00e9ctrica de Tornquist","publisher":{"@id":"https:\/\/www.celttv.com.ar\/#organization"},"potentialAction":[{"@type":"SearchAction","target":{"@type":"EntryPoint","urlTemplate":"https:\/\/www.celttv.com.ar\/?s={search_term_string}"},"query-input":"required name=search_term_string"}],"inLanguage":"es"},{"@type":"Organization","@id":"https:\/\/www.celttv.com.ar\/#organization","name":"CELTTV","url":"https:\/\/www.celttv.com.ar\/","sameAs":["https:\/\/www.youtube.com\/channel\/UCz_oIt8Hig64Ub-EmcNPIhg","https:\/\/www.facebook.com\/celtTV\/"],"logo":{"@type":"ImageObject","inLanguage":"es","@id":"https:\/\/www.celttv.com.ar\/#\/schema\/logo\/image\/","url":"http:\/\/www.celttv.com.ar\/wp-content\/uploads\/2022\/08\/logo-1.png","contentUrl":"http:\/\/www.celttv.com.ar\/wp-content\/uploads\/2022\/08\/logo-1.png","width":461,"height":159,"caption":"CELTTV"},"image":{"@id":"https:\/\/www.celttv.com.ar\/#\/schema\/logo\/image\/"}},{"@type":"Person","@id":"https:\/\/www.celttv.com.ar\/#\/schema\/person\/9059dc91dc7204ef4182cdb65225f07d","name":"Miguel Herrada","image":{"@type":"ImageObject","inLanguage":"es","@id":"https:\/\/www.celttv.com.ar\/#\/schema\/person\/image\/","url":"https:\/\/secure.gravatar.com\/avatar\/67724d5b3c716623ffd76bec7e45841a442ac3b456e914dbba90b0fad2b8e0b1?s=96&d=mm&r=g","contentUrl":"https:\/\/secure.gravatar.com\/avatar\/67724d5b3c716623ffd76bec7e45841a442ac3b456e914dbba90b0fad2b8e0b1?s=96&d=mm&r=g","caption":"Miguel Herrada"}}]}},"_links":{"self":[{"href":"https:\/\/www.celttv.com.ar\/index.php\/wp-json\/wp\/v2\/posts\/73432","targetHints":{"allow":["GET"]}}],"collection":[{"href":"https:\/\/www.celttv.com.ar\/index.php\/wp-json\/wp\/v2\/posts"}],"about":[{"href":"https:\/\/www.celttv.com.ar\/index.php\/wp-json\/wp\/v2\/types\/post"}],"author":[{"embeddable":true,"href":"https:\/\/www.celttv.com.ar\/index.php\/wp-json\/wp\/v2\/users\/5"}],"replies":[{"embeddable":true,"href":"https:\/\/www.celttv.com.ar\/index.php\/wp-json\/wp\/v2\/comments?post=73432"}],"version-history":[{"count":3,"href":"https:\/\/www.celttv.com.ar\/index.php\/wp-json\/wp\/v2\/posts\/73432\/revisions"}],"predecessor-version":[{"id":73436,"href":"https:\/\/www.celttv.com.ar\/index.php\/wp-json\/wp\/v2\/posts\/73432\/revisions\/73436"}],"wp:featuredmedia":[{"embeddable":true,"href":"https:\/\/www.celttv.com.ar\/index.php\/wp-json\/wp\/v2\/media\/73433"}],"wp:attachment":[{"href":"https:\/\/www.celttv.com.ar\/index.php\/wp-json\/wp\/v2\/media?parent=73432"}],"wp:term":[{"taxonomy":"category","embeddable":true,"href":"https:\/\/www.celttv.com.ar\/index.php\/wp-json\/wp\/v2\/categories?post=73432"},{"taxonomy":"post_tag","embeddable":true,"href":"https:\/\/www.celttv.com.ar\/index.php\/wp-json\/wp\/v2\/tags?post=73432"}],"curies":[{"name":"wp","href":"https:\/\/api.w.org\/{rel}","templated":true}]}}