{"id":73508,"date":"2023-02-10T21:02:06","date_gmt":"2023-02-11T00:02:06","guid":{"rendered":"http:\/\/www.celttv.com.ar\/?p=73508"},"modified":"2023-02-10T21:02:06","modified_gmt":"2023-02-11T00:02:06","slug":"gran-expectativa-por-la-5ta-edicion-de-playa-de-luna-y-blanco-video","status":"publish","type":"post","link":"https:\/\/www.celttv.com.ar\/index.php\/2023\/02\/10\/gran-expectativa-por-la-5ta-edicion-de-playa-de-luna-y-blanco-video\/","title":{"rendered":"Gran expectativa por la 5ta. edici\u00f3n de &#8220;Playa de Luna y Blanco&#8221; (video)"},"content":{"rendered":"<p>Ser\u00e1 una jornada de deporte y fiesta en la playa de la comarca.<\/p>\n<p>Luego del mediod\u00eda, entre las 13 y las 14 hs, se realizar\u00e1 el cruce a nado hasta la Laguna de Saavedra, en una iniciativa en conjunto con la Subsecretar\u00eda de Deportes.<\/p>\n<p>En la tarde del viernes superaba el centenar\u00a0 los anotados para participar de este desaf\u00edo y, l\u00f3gicamentre, compartir esta fiesta que pas\u00f3 a ocupar un lugar preponderante en la agenda de actividades de nuestra comarca.<\/p>\n<p>La 5\u00b0 Playa de Luna y Blanco. Desde temprano habr\u00e1 zumba y aquazumba a cargo de Mariel Llanos, luego se presentar\u00e1 la cantante de cumbia Ayel\u00e9n Reguera; m\u00e1s tarde, nuevamente, Mariel con sus ritmos caribe\u00f1os; y cerrar\u00e1 Grupo Universitario, que por primera vez estar\u00e1 en la laguna.<\/p>\n<p>Habr\u00e1 servicio de cantina y patio de comidas en la playa. La entrada tendr\u00e1 un valor de $500 y los socios no pagan.<\/p>\n<p><strong>Walter Biondi<\/strong>, presidente del Club de Pesca, dialog\u00f3 con CELTTV\u00a0Noticias y brind\u00f3 detalles de la organizaci\u00f3n del evento en su\u00a0 5ta. edici\u00f3n.<\/p>\n<p><iframe loading=\"lazy\" title=\"2023 02 10 WALTER BIONDI   PLAYA DE LUNA Y BLANCO\" width=\"500\" height=\"281\" src=\"https:\/\/www.youtube.com\/embed\/QxIrSthyFq4?feature=oembed\" frameborder=\"0\" allow=\"accelerometer; autoplay; clipboard-write; encrypted-media; gyroscope; picture-in-picture; web-share\" referrerpolicy=\"strict-origin-when-cross-origin\" allowfullscreen><\/iframe><\/p>\n","protected":false},"excerpt":{"rendered":"<p>Ser\u00e1 una jornada de deporte y fiesta en la playa de la comarca. Luego del mediod\u00eda, entre las 13 y las 14 hs, se realizar\u00e1 el cruce a nado hasta la Laguna de Saavedra, en una iniciativa en conjunto con la Subsecretar\u00eda de Deportes. En la tarde del viernes superaba el centenar\u00a0 los anotados para [&hellip;]<\/p>\n","protected":false},"author":5,"featured_media":73509,"comment_status":"closed","ping_status":"closed","sticky":false,"template":"","format":"standard","meta":{"footnotes":""},"categories":[51,60,52,56,58],"tags":[700],"class_list":["post-73508","post","type-post","status-publish","format-standard","has-post-thumbnail","hentry","category-comunidad","category-deporte","category-destacadas","category-espectaculos","category-turismo","tag-gran-expectativa-por-la-5ta-edicion-de-playa-de-luna-y-blanco-video"],"yoast_head":"<!-- This site is optimized with the Yoast SEO plugin v19.7.1 - https:\/\/yoast.com\/wordpress\/plugins\/seo\/ -->\n<title>Gran expectativa por la 5ta. edici\u00f3n de &quot;Playa de Luna y Blanco&quot; (video) - CELTTV<\/title>\n<meta name=\"description\" content=\"Sitio web de noticias de la localidad de Tornquist, provincia de Buenos Aires, Rep\u00fablica Argentina. Contenido propio originado por periodistas de CELTTV, el canal de TV local de la Cooperativa El\u00e9ctrica de Tornquist. Turismo, Pol\u00edtica, Sociedad, Deporte, Cultura y todo el contenido de inter\u00e9s general que la gente del pueblo y la regi\u00f3n debe conocer.\" \/>\n<meta name=\"robots\" content=\"index, follow, max-snippet:-1, max-image-preview:large, max-video-preview:-1\" \/>\n<link rel=\"canonical\" href=\"https:\/\/www.celttv.com.ar\/index.php\/2023\/02\/10\/gran-expectativa-por-la-5ta-edicion-de-playa-de-luna-y-blanco-video\/\" \/>\n<meta property=\"og:locale\" content=\"es_ES\" \/>\n<meta property=\"og:type\" content=\"article\" \/>\n<meta property=\"og:title\" content=\"Gran expectativa por la 5ta. edici\u00f3n de &quot;Playa de Luna y Blanco&quot; (video) - CELTTV\" \/>\n<meta property=\"og:description\" content=\"Sitio web de noticias de la localidad de Tornquist, provincia de Buenos Aires, Rep\u00fablica Argentina. Contenido propio originado por periodistas de CELTTV, el canal de TV local de la Cooperativa El\u00e9ctrica de Tornquist. Turismo, Pol\u00edtica, Sociedad, Deporte, Cultura y todo el contenido de inter\u00e9s general que la gente del pueblo y la regi\u00f3n debe conocer.\" \/>\n<meta property=\"og:url\" content=\"https:\/\/www.celttv.com.ar\/index.php\/2023\/02\/10\/gran-expectativa-por-la-5ta-edicion-de-playa-de-luna-y-blanco-video\/\" \/>\n<meta property=\"og:site_name\" content=\"CELTTV\" \/>\n<meta property=\"article:publisher\" content=\"https:\/\/www.facebook.com\/celtTV\/\" \/>\n<meta property=\"article:published_time\" content=\"2023-02-11T00:02:06+00:00\" \/>\n<meta property=\"og:image\" content=\"https:\/\/www.celttv.com.ar\/wp-content\/uploads\/2023\/02\/narigon.jpg\" \/>\n\t<meta property=\"og:image:width\" content=\"879\" \/>\n\t<meta property=\"og:image:height\" content=\"618\" \/>\n\t<meta property=\"og:image:type\" content=\"image\/jpeg\" \/>\n<meta name=\"author\" content=\"Miguel Herrada\" \/>\n<meta name=\"twitter:card\" content=\"summary_large_image\" \/>\n<meta name=\"twitter:label1\" content=\"Escrito por\" \/>\n\t<meta name=\"twitter:data1\" content=\"Miguel Herrada\" \/>\n\t<meta name=\"twitter:label2\" content=\"Tiempo de lectura\" \/>\n\t<meta name=\"twitter:data2\" content=\"1 minuto\" \/>\n<script type=\"application\/ld+json\" class=\"yoast-schema-graph\">{\"@context\":\"https:\/\/schema.org\",\"@graph\":[{\"@type\":\"NewsArticle\",\"@id\":\"https:\/\/www.celttv.com.ar\/index.php\/2023\/02\/10\/gran-expectativa-por-la-5ta-edicion-de-playa-de-luna-y-blanco-video\/#article\",\"isPartOf\":{\"@id\":\"https:\/\/www.celttv.com.ar\/index.php\/2023\/02\/10\/gran-expectativa-por-la-5ta-edicion-de-playa-de-luna-y-blanco-video\/\"},\"author\":{\"name\":\"Miguel Herrada\",\"@id\":\"https:\/\/www.celttv.com.ar\/#\/schema\/person\/9059dc91dc7204ef4182cdb65225f07d\"},\"headline\":\"Gran expectativa por la 5ta. edici\u00f3n de &#8220;Playa de Luna y Blanco&#8221; (video)\",\"datePublished\":\"2023-02-11T00:02:06+00:00\",\"dateModified\":\"2023-02-11T00:02:06+00:00\",\"mainEntityOfPage\":{\"@id\":\"https:\/\/www.celttv.com.ar\/index.php\/2023\/02\/10\/gran-expectativa-por-la-5ta-edicion-de-playa-de-luna-y-blanco-video\/\"},\"wordCount\":195,\"publisher\":{\"@id\":\"https:\/\/www.celttv.com.ar\/#organization\"},\"keywords\":[\"Gran expectativa por la 5ta. edici\u00f3n de \\\"Playa de Luna y Blanco\\\" (video)\"],\"articleSection\":[\"Comunidad\",\"Deporte\",\"Destacadas\",\"Espect\u00e1culos\",\"Turismo\"],\"inLanguage\":\"es\"},{\"@type\":\"WebPage\",\"@id\":\"https:\/\/www.celttv.com.ar\/index.php\/2023\/02\/10\/gran-expectativa-por-la-5ta-edicion-de-playa-de-luna-y-blanco-video\/\",\"url\":\"https:\/\/www.celttv.com.ar\/index.php\/2023\/02\/10\/gran-expectativa-por-la-5ta-edicion-de-playa-de-luna-y-blanco-video\/\",\"name\":\"Gran expectativa por la 5ta. edici\u00f3n de \\\"Playa de Luna y Blanco\\\" (video) - CELTTV\",\"isPartOf\":{\"@id\":\"https:\/\/www.celttv.com.ar\/#website\"},\"datePublished\":\"2023-02-11T00:02:06+00:00\",\"dateModified\":\"2023-02-11T00:02:06+00:00\",\"description\":\"Sitio web de noticias de la localidad de Tornquist, provincia de Buenos Aires, Rep\u00fablica Argentina. Contenido propio originado por periodistas de CELTTV, el canal de TV local de la Cooperativa El\u00e9ctrica de Tornquist. Turismo, Pol\u00edtica, Sociedad, Deporte, Cultura y todo el contenido de inter\u00e9s general que la gente del pueblo y la regi\u00f3n debe conocer.\",\"breadcrumb\":{\"@id\":\"https:\/\/www.celttv.com.ar\/index.php\/2023\/02\/10\/gran-expectativa-por-la-5ta-edicion-de-playa-de-luna-y-blanco-video\/#breadcrumb\"},\"inLanguage\":\"es\",\"potentialAction\":[{\"@type\":\"ReadAction\",\"target\":[\"https:\/\/www.celttv.com.ar\/index.php\/2023\/02\/10\/gran-expectativa-por-la-5ta-edicion-de-playa-de-luna-y-blanco-video\/\"]}]},{\"@type\":\"BreadcrumbList\",\"@id\":\"https:\/\/www.celttv.com.ar\/index.php\/2023\/02\/10\/gran-expectativa-por-la-5ta-edicion-de-playa-de-luna-y-blanco-video\/#breadcrumb\",\"itemListElement\":[{\"@type\":\"ListItem\",\"position\":1,\"name\":\"Inicio\",\"item\":\"https:\/\/www.celttv.com.ar\/\"},{\"@type\":\"ListItem\",\"position\":2,\"name\":\"Gran expectativa por la 5ta. edici\u00f3n de &#8220;Playa de Luna y Blanco&#8221; (video)\"}]},{\"@type\":\"WebSite\",\"@id\":\"https:\/\/www.celttv.com.ar\/#website\",\"url\":\"https:\/\/www.celttv.com.ar\/\",\"name\":\"CELTTV\",\"description\":\"Cooperativa El\u00e9ctrica de Tornquist\",\"publisher\":{\"@id\":\"https:\/\/www.celttv.com.ar\/#organization\"},\"potentialAction\":[{\"@type\":\"SearchAction\",\"target\":{\"@type\":\"EntryPoint\",\"urlTemplate\":\"https:\/\/www.celttv.com.ar\/?s={search_term_string}\"},\"query-input\":\"required name=search_term_string\"}],\"inLanguage\":\"es\"},{\"@type\":\"Organization\",\"@id\":\"https:\/\/www.celttv.com.ar\/#organization\",\"name\":\"CELTTV\",\"url\":\"https:\/\/www.celttv.com.ar\/\",\"sameAs\":[\"https:\/\/www.youtube.com\/channel\/UCz_oIt8Hig64Ub-EmcNPIhg\",\"https:\/\/www.facebook.com\/celtTV\/\"],\"logo\":{\"@type\":\"ImageObject\",\"inLanguage\":\"es\",\"@id\":\"https:\/\/www.celttv.com.ar\/#\/schema\/logo\/image\/\",\"url\":\"http:\/\/www.celttv.com.ar\/wp-content\/uploads\/2022\/08\/logo-1.png\",\"contentUrl\":\"http:\/\/www.celttv.com.ar\/wp-content\/uploads\/2022\/08\/logo-1.png\",\"width\":461,\"height\":159,\"caption\":\"CELTTV\"},\"image\":{\"@id\":\"https:\/\/www.celttv.com.ar\/#\/schema\/logo\/image\/\"}},{\"@type\":\"Person\",\"@id\":\"https:\/\/www.celttv.com.ar\/#\/schema\/person\/9059dc91dc7204ef4182cdb65225f07d\",\"name\":\"Miguel Herrada\",\"image\":{\"@type\":\"ImageObject\",\"inLanguage\":\"es\",\"@id\":\"https:\/\/www.celttv.com.ar\/#\/schema\/person\/image\/\",\"url\":\"https:\/\/secure.gravatar.com\/avatar\/67724d5b3c716623ffd76bec7e45841a442ac3b456e914dbba90b0fad2b8e0b1?s=96&d=mm&r=g\",\"contentUrl\":\"https:\/\/secure.gravatar.com\/avatar\/67724d5b3c716623ffd76bec7e45841a442ac3b456e914dbba90b0fad2b8e0b1?s=96&d=mm&r=g\",\"caption\":\"Miguel Herrada\"}}]}<\/script>\n<!-- \/ Yoast SEO plugin. -->","yoast_head_json":{"title":"Gran expectativa por la 5ta. edici\u00f3n de \"Playa de Luna y Blanco\" (video) - CELTTV","description":"Sitio web de noticias de la localidad de Tornquist, provincia de Buenos Aires, Rep\u00fablica Argentina. Contenido propio originado por periodistas de CELTTV, el canal de TV local de la Cooperativa El\u00e9ctrica de Tornquist. Turismo, Pol\u00edtica, Sociedad, Deporte, Cultura y todo el contenido de inter\u00e9s general que la gente del pueblo y la regi\u00f3n debe conocer.","robots":{"index":"index","follow":"follow","max-snippet":"max-snippet:-1","max-image-preview":"max-image-preview:large","max-video-preview":"max-video-preview:-1"},"canonical":"https:\/\/www.celttv.com.ar\/index.php\/2023\/02\/10\/gran-expectativa-por-la-5ta-edicion-de-playa-de-luna-y-blanco-video\/","og_locale":"es_ES","og_type":"article","og_title":"Gran expectativa por la 5ta. edici\u00f3n de \"Playa de Luna y Blanco\" (video) - CELTTV","og_description":"Sitio web de noticias de la localidad de Tornquist, provincia de Buenos Aires, Rep\u00fablica Argentina. Contenido propio originado por periodistas de CELTTV, el canal de TV local de la Cooperativa El\u00e9ctrica de Tornquist. Turismo, Pol\u00edtica, Sociedad, Deporte, Cultura y todo el contenido de inter\u00e9s general que la gente del pueblo y la regi\u00f3n debe conocer.","og_url":"https:\/\/www.celttv.com.ar\/index.php\/2023\/02\/10\/gran-expectativa-por-la-5ta-edicion-de-playa-de-luna-y-blanco-video\/","og_site_name":"CELTTV","article_publisher":"https:\/\/www.facebook.com\/celtTV\/","article_published_time":"2023-02-11T00:02:06+00:00","og_image":[{"width":879,"height":618,"url":"https:\/\/www.celttv.com.ar\/wp-content\/uploads\/2023\/02\/narigon.jpg","type":"image\/jpeg"}],"author":"Miguel Herrada","twitter_card":"summary_large_image","twitter_misc":{"Escrito por":"Miguel Herrada","Tiempo de lectura":"1 minuto"},"schema":{"@context":"https:\/\/schema.org","@graph":[{"@type":"NewsArticle","@id":"https:\/\/www.celttv.com.ar\/index.php\/2023\/02\/10\/gran-expectativa-por-la-5ta-edicion-de-playa-de-luna-y-blanco-video\/#article","isPartOf":{"@id":"https:\/\/www.celttv.com.ar\/index.php\/2023\/02\/10\/gran-expectativa-por-la-5ta-edicion-de-playa-de-luna-y-blanco-video\/"},"author":{"name":"Miguel Herrada","@id":"https:\/\/www.celttv.com.ar\/#\/schema\/person\/9059dc91dc7204ef4182cdb65225f07d"},"headline":"Gran expectativa por la 5ta. edici\u00f3n de &#8220;Playa de Luna y Blanco&#8221; (video)","datePublished":"2023-02-11T00:02:06+00:00","dateModified":"2023-02-11T00:02:06+00:00","mainEntityOfPage":{"@id":"https:\/\/www.celttv.com.ar\/index.php\/2023\/02\/10\/gran-expectativa-por-la-5ta-edicion-de-playa-de-luna-y-blanco-video\/"},"wordCount":195,"publisher":{"@id":"https:\/\/www.celttv.com.ar\/#organization"},"keywords":["Gran expectativa por la 5ta. edici\u00f3n de \"Playa de Luna y Blanco\" (video)"],"articleSection":["Comunidad","Deporte","Destacadas","Espect\u00e1culos","Turismo"],"inLanguage":"es"},{"@type":"WebPage","@id":"https:\/\/www.celttv.com.ar\/index.php\/2023\/02\/10\/gran-expectativa-por-la-5ta-edicion-de-playa-de-luna-y-blanco-video\/","url":"https:\/\/www.celttv.com.ar\/index.php\/2023\/02\/10\/gran-expectativa-por-la-5ta-edicion-de-playa-de-luna-y-blanco-video\/","name":"Gran expectativa por la 5ta. edici\u00f3n de \"Playa de Luna y Blanco\" (video) - CELTTV","isPartOf":{"@id":"https:\/\/www.celttv.com.ar\/#website"},"datePublished":"2023-02-11T00:02:06+00:00","dateModified":"2023-02-11T00:02:06+00:00","description":"Sitio web de noticias de la localidad de Tornquist, provincia de Buenos Aires, Rep\u00fablica Argentina. Contenido propio originado por periodistas de CELTTV, el canal de TV local de la Cooperativa El\u00e9ctrica de Tornquist. Turismo, Pol\u00edtica, Sociedad, Deporte, Cultura y todo el contenido de inter\u00e9s general que la gente del pueblo y la regi\u00f3n debe conocer.","breadcrumb":{"@id":"https:\/\/www.celttv.com.ar\/index.php\/2023\/02\/10\/gran-expectativa-por-la-5ta-edicion-de-playa-de-luna-y-blanco-video\/#breadcrumb"},"inLanguage":"es","potentialAction":[{"@type":"ReadAction","target":["https:\/\/www.celttv.com.ar\/index.php\/2023\/02\/10\/gran-expectativa-por-la-5ta-edicion-de-playa-de-luna-y-blanco-video\/"]}]},{"@type":"BreadcrumbList","@id":"https:\/\/www.celttv.com.ar\/index.php\/2023\/02\/10\/gran-expectativa-por-la-5ta-edicion-de-playa-de-luna-y-blanco-video\/#breadcrumb","itemListElement":[{"@type":"ListItem","position":1,"name":"Inicio","item":"https:\/\/www.celttv.com.ar\/"},{"@type":"ListItem","position":2,"name":"Gran expectativa por la 5ta. edici\u00f3n de &#8220;Playa de Luna y Blanco&#8221; (video)"}]},{"@type":"WebSite","@id":"https:\/\/www.celttv.com.ar\/#website","url":"https:\/\/www.celttv.com.ar\/","name":"CELTTV","description":"Cooperativa El\u00e9ctrica de Tornquist","publisher":{"@id":"https:\/\/www.celttv.com.ar\/#organization"},"potentialAction":[{"@type":"SearchAction","target":{"@type":"EntryPoint","urlTemplate":"https:\/\/www.celttv.com.ar\/?s={search_term_string}"},"query-input":"required name=search_term_string"}],"inLanguage":"es"},{"@type":"Organization","@id":"https:\/\/www.celttv.com.ar\/#organization","name":"CELTTV","url":"https:\/\/www.celttv.com.ar\/","sameAs":["https:\/\/www.youtube.com\/channel\/UCz_oIt8Hig64Ub-EmcNPIhg","https:\/\/www.facebook.com\/celtTV\/"],"logo":{"@type":"ImageObject","inLanguage":"es","@id":"https:\/\/www.celttv.com.ar\/#\/schema\/logo\/image\/","url":"http:\/\/www.celttv.com.ar\/wp-content\/uploads\/2022\/08\/logo-1.png","contentUrl":"http:\/\/www.celttv.com.ar\/wp-content\/uploads\/2022\/08\/logo-1.png","width":461,"height":159,"caption":"CELTTV"},"image":{"@id":"https:\/\/www.celttv.com.ar\/#\/schema\/logo\/image\/"}},{"@type":"Person","@id":"https:\/\/www.celttv.com.ar\/#\/schema\/person\/9059dc91dc7204ef4182cdb65225f07d","name":"Miguel Herrada","image":{"@type":"ImageObject","inLanguage":"es","@id":"https:\/\/www.celttv.com.ar\/#\/schema\/person\/image\/","url":"https:\/\/secure.gravatar.com\/avatar\/67724d5b3c716623ffd76bec7e45841a442ac3b456e914dbba90b0fad2b8e0b1?s=96&d=mm&r=g","contentUrl":"https:\/\/secure.gravatar.com\/avatar\/67724d5b3c716623ffd76bec7e45841a442ac3b456e914dbba90b0fad2b8e0b1?s=96&d=mm&r=g","caption":"Miguel Herrada"}}]}},"_links":{"self":[{"href":"https:\/\/www.celttv.com.ar\/index.php\/wp-json\/wp\/v2\/posts\/73508","targetHints":{"allow":["GET"]}}],"collection":[{"href":"https:\/\/www.celttv.com.ar\/index.php\/wp-json\/wp\/v2\/posts"}],"about":[{"href":"https:\/\/www.celttv.com.ar\/index.php\/wp-json\/wp\/v2\/types\/post"}],"author":[{"embeddable":true,"href":"https:\/\/www.celttv.com.ar\/index.php\/wp-json\/wp\/v2\/users\/5"}],"replies":[{"embeddable":true,"href":"https:\/\/www.celttv.com.ar\/index.php\/wp-json\/wp\/v2\/comments?post=73508"}],"version-history":[{"count":1,"href":"https:\/\/www.celttv.com.ar\/index.php\/wp-json\/wp\/v2\/posts\/73508\/revisions"}],"predecessor-version":[{"id":73510,"href":"https:\/\/www.celttv.com.ar\/index.php\/wp-json\/wp\/v2\/posts\/73508\/revisions\/73510"}],"wp:featuredmedia":[{"embeddable":true,"href":"https:\/\/www.celttv.com.ar\/index.php\/wp-json\/wp\/v2\/media\/73509"}],"wp:attachment":[{"href":"https:\/\/www.celttv.com.ar\/index.php\/wp-json\/wp\/v2\/media?parent=73508"}],"wp:term":[{"taxonomy":"category","embeddable":true,"href":"https:\/\/www.celttv.com.ar\/index.php\/wp-json\/wp\/v2\/categories?post=73508"},{"taxonomy":"post_tag","embeddable":true,"href":"https:\/\/www.celttv.com.ar\/index.php\/wp-json\/wp\/v2\/tags?post=73508"}],"curies":[{"name":"wp","href":"https:\/\/api.w.org\/{rel}","templated":true}]}}