{"id":73576,"date":"2023-02-13T09:59:35","date_gmt":"2023-02-13T12:59:35","guid":{"rendered":"http:\/\/www.celttv.com.ar\/?p=73576"},"modified":"2023-02-13T10:00:30","modified_gmt":"2023-02-13T13:00:30","slug":"los-bomberos-voluntarios-continuan-trabajando-en-el-incendio-del-sector-serrano","status":"publish","type":"post","link":"https:\/\/www.celttv.com.ar\/index.php\/2023\/02\/13\/los-bomberos-voluntarios-continuan-trabajando-en-el-incendio-del-sector-serrano\/","title":{"rendered":"Los bomberos voluntarios contin\u00faan trabajando en el incendio del sector serrano"},"content":{"rendered":"<p>El incendio registrado en el atardecer de ayer en el sector del Abra de la Ventana se encuentra avanzando lentamente sobre las laderas de los cerros.<\/p>\n<p>El fuego que se inicio a las 20.15 hs del domingo a trav\u00e9s de un rayo, demand\u00f3 la intervenci\u00f3n de los cuarteles de bomberos voluntarios de Sierra de la Ventana, Tornquist y Villa Ventana.<\/p>\n<p>De acuerdo a lo informado por Mart\u00edn Haag, jefe del cuerpo activo de los bomberos voluntarios de Tornquist, el fuego avanza en direcci\u00f3n Este y Oeste.<\/p>\n<p>&#8220;Hacia el Oeste el fuego avanza lentamente porque va quemando en contra viento. Es un lugar de dificil acceso para los bomberos porque hay una forestaci\u00f3n muy importante&#8221;, manifest\u00f3 Haag.<\/p>\n<p>&#8220;En el otro frente (Este) las dotaciones est\u00e1n trabajando para evitar que el fuego avance en direcci\u00f3n a la administraci\u00f3n del Parque Provincial Ernesto Tornquist&#8221;, agreg\u00f3.<\/p>\n<p>En tanto, es importante mencionar que anoche (Domingo 12), Haag le indic\u00f3 a CELTTV NOTICIAS\u00a0 que las autoridades provinciales y de la regi\u00f3n estaban alertadas de la sutuaci\u00f3n para que, en caso de ser necesario, puedan ser convocadas a la brevedad.<\/p>\n<p>En el lugar tambi\u00e9n se encuentran trabajando personal de Defensa Civil, Policia Comunal de Tornquist, Villa Ventana y La Gruta junto a la Patrulla Rural.<\/p>\n<p><img loading=\"lazy\" decoding=\"async\" class=\"alignnone wp-image-73577 size-large\" src=\"http:\/\/www.celttv.com.ar\/wp-content\/uploads\/2023\/02\/WhatsApp-Image-2023-02-13-at-09.30.27-1-1024x768.jpeg\" alt=\"\" width=\"1024\" height=\"768\" srcset=\"https:\/\/www.celttv.com.ar\/wp-content\/uploads\/2023\/02\/WhatsApp-Image-2023-02-13-at-09.30.27-1-1024x768.jpeg 1024w, https:\/\/www.celttv.com.ar\/wp-content\/uploads\/2023\/02\/WhatsApp-Image-2023-02-13-at-09.30.27-1-300x225.jpeg 300w, https:\/\/www.celttv.com.ar\/wp-content\/uploads\/2023\/02\/WhatsApp-Image-2023-02-13-at-09.30.27-1-768x576.jpeg 768w, https:\/\/www.celttv.com.ar\/wp-content\/uploads\/2023\/02\/WhatsApp-Image-2023-02-13-at-09.30.27-1-750x563.jpeg 750w, https:\/\/www.celttv.com.ar\/wp-content\/uploads\/2023\/02\/WhatsApp-Image-2023-02-13-at-09.30.27-1-1140x855.jpeg 1140w, https:\/\/www.celttv.com.ar\/wp-content\/uploads\/2023\/02\/WhatsApp-Image-2023-02-13-at-09.30.27-1.jpeg 1280w\" sizes=\"auto, (max-width: 1024px) 100vw, 1024px\" \/> <img loading=\"lazy\" decoding=\"async\" class=\"alignnone wp-image-73578 size-large\" src=\"http:\/\/www.celttv.com.ar\/wp-content\/uploads\/2023\/02\/WhatsApp-Image-2023-02-13-at-09.30.27-768x1024.jpeg\" alt=\"\" width=\"768\" height=\"1024\" srcset=\"https:\/\/www.celttv.com.ar\/wp-content\/uploads\/2023\/02\/WhatsApp-Image-2023-02-13-at-09.30.27-768x1024.jpeg 768w, https:\/\/www.celttv.com.ar\/wp-content\/uploads\/2023\/02\/WhatsApp-Image-2023-02-13-at-09.30.27-225x300.jpeg 225w, https:\/\/www.celttv.com.ar\/wp-content\/uploads\/2023\/02\/WhatsApp-Image-2023-02-13-at-09.30.27-1152x1536.jpeg 1152w, https:\/\/www.celttv.com.ar\/wp-content\/uploads\/2023\/02\/WhatsApp-Image-2023-02-13-at-09.30.27-750x1000.jpeg 750w, https:\/\/www.celttv.com.ar\/wp-content\/uploads\/2023\/02\/WhatsApp-Image-2023-02-13-at-09.30.27-1140x1520.jpeg 1140w, https:\/\/www.celttv.com.ar\/wp-content\/uploads\/2023\/02\/WhatsApp-Image-2023-02-13-at-09.30.27.jpeg 1200w\" sizes=\"auto, (max-width: 768px) 100vw, 768px\" \/> <img loading=\"lazy\" decoding=\"async\" class=\"alignnone wp-image-73579 size-large\" src=\"http:\/\/www.celttv.com.ar\/wp-content\/uploads\/2023\/02\/WhatsApp-Image-2023-02-13-at-09.30.28-1-1024x768.jpeg\" alt=\"\" width=\"1024\" height=\"768\" srcset=\"https:\/\/www.celttv.com.ar\/wp-content\/uploads\/2023\/02\/WhatsApp-Image-2023-02-13-at-09.30.28-1-1024x768.jpeg 1024w, https:\/\/www.celttv.com.ar\/wp-content\/uploads\/2023\/02\/WhatsApp-Image-2023-02-13-at-09.30.28-1-300x225.jpeg 300w, https:\/\/www.celttv.com.ar\/wp-content\/uploads\/2023\/02\/WhatsApp-Image-2023-02-13-at-09.30.28-1-768x576.jpeg 768w, https:\/\/www.celttv.com.ar\/wp-content\/uploads\/2023\/02\/WhatsApp-Image-2023-02-13-at-09.30.28-1-750x563.jpeg 750w, https:\/\/www.celttv.com.ar\/wp-content\/uploads\/2023\/02\/WhatsApp-Image-2023-02-13-at-09.30.28-1-1140x855.jpeg 1140w, https:\/\/www.celttv.com.ar\/wp-content\/uploads\/2023\/02\/WhatsApp-Image-2023-02-13-at-09.30.28-1.jpeg 1280w\" sizes=\"auto, (max-width: 1024px) 100vw, 1024px\" \/> <img loading=\"lazy\" decoding=\"async\" class=\"alignnone wp-image-73580 size-large\" src=\"http:\/\/www.celttv.com.ar\/wp-content\/uploads\/2023\/02\/WhatsApp-Image-2023-02-13-at-09.30.28-1024x768.jpeg\" alt=\"\" width=\"1024\" height=\"768\" srcset=\"https:\/\/www.celttv.com.ar\/wp-content\/uploads\/2023\/02\/WhatsApp-Image-2023-02-13-at-09.30.28-1024x768.jpeg 1024w, https:\/\/www.celttv.com.ar\/wp-content\/uploads\/2023\/02\/WhatsApp-Image-2023-02-13-at-09.30.28-300x225.jpeg 300w, https:\/\/www.celttv.com.ar\/wp-content\/uploads\/2023\/02\/WhatsApp-Image-2023-02-13-at-09.30.28-768x576.jpeg 768w, https:\/\/www.celttv.com.ar\/wp-content\/uploads\/2023\/02\/WhatsApp-Image-2023-02-13-at-09.30.28-750x563.jpeg 750w, https:\/\/www.celttv.com.ar\/wp-content\/uploads\/2023\/02\/WhatsApp-Image-2023-02-13-at-09.30.28-1140x855.jpeg 1140w, https:\/\/www.celttv.com.ar\/wp-content\/uploads\/2023\/02\/WhatsApp-Image-2023-02-13-at-09.30.28.jpeg 1280w\" sizes=\"auto, (max-width: 1024px) 100vw, 1024px\" \/><\/p>\n","protected":false},"excerpt":{"rendered":"<p>El incendio registrado en el atardecer de ayer en el sector del Abra de la Ventana se encuentra avanzando lentamente sobre las laderas de los cerros. El fuego que se inicio a las 20.15 hs del domingo a trav\u00e9s de un rayo, demand\u00f3 la intervenci\u00f3n de los cuarteles de bomberos voluntarios de Sierra de la [&hellip;]<\/p>\n","protected":false},"author":3,"featured_media":73577,"comment_status":"closed","ping_status":"closed","sticky":false,"template":"","format":"standard","meta":{"footnotes":""},"categories":[55],"tags":[],"class_list":["post-73576","post","type-post","status-publish","format-standard","has-post-thumbnail","hentry","category-celt-tv-noticias"],"yoast_head":"<!-- This site is optimized with the Yoast SEO plugin v19.7.1 - https:\/\/yoast.com\/wordpress\/plugins\/seo\/ -->\n<title>Los bomberos voluntarios contin\u00faan trabajando en el incendio del sector serrano - CELTTV<\/title>\n<meta name=\"description\" content=\"Sitio web de noticias de la localidad de Tornquist, provincia de Buenos Aires, Rep\u00fablica Argentina. Contenido propio originado por periodistas de CELTTV, el canal de TV local de la Cooperativa El\u00e9ctrica de Tornquist. Turismo, Pol\u00edtica, Sociedad, Deporte, Cultura y todo el contenido de inter\u00e9s general que la gente del pueblo y la regi\u00f3n debe conocer.\" \/>\n<meta name=\"robots\" content=\"index, follow, max-snippet:-1, max-image-preview:large, max-video-preview:-1\" \/>\n<link rel=\"canonical\" href=\"https:\/\/www.celttv.com.ar\/index.php\/2023\/02\/13\/los-bomberos-voluntarios-continuan-trabajando-en-el-incendio-del-sector-serrano\/\" \/>\n<meta property=\"og:locale\" content=\"es_ES\" \/>\n<meta property=\"og:type\" content=\"article\" \/>\n<meta property=\"og:title\" content=\"Los bomberos voluntarios contin\u00faan trabajando en el incendio del sector serrano - CELTTV\" \/>\n<meta property=\"og:description\" content=\"Sitio web de noticias de la localidad de Tornquist, provincia de Buenos Aires, Rep\u00fablica Argentina. Contenido propio originado por periodistas de CELTTV, el canal de TV local de la Cooperativa El\u00e9ctrica de Tornquist. Turismo, Pol\u00edtica, Sociedad, Deporte, Cultura y todo el contenido de inter\u00e9s general que la gente del pueblo y la regi\u00f3n debe conocer.\" \/>\n<meta property=\"og:url\" content=\"https:\/\/www.celttv.com.ar\/index.php\/2023\/02\/13\/los-bomberos-voluntarios-continuan-trabajando-en-el-incendio-del-sector-serrano\/\" \/>\n<meta property=\"og:site_name\" content=\"CELTTV\" \/>\n<meta property=\"article:publisher\" content=\"https:\/\/www.facebook.com\/celtTV\/\" \/>\n<meta property=\"article:published_time\" content=\"2023-02-13T12:59:35+00:00\" \/>\n<meta property=\"article:modified_time\" content=\"2023-02-13T13:00:30+00:00\" \/>\n<meta property=\"og:image\" content=\"https:\/\/www.celttv.com.ar\/wp-content\/uploads\/2023\/02\/WhatsApp-Image-2023-02-13-at-09.30.27-1.jpeg\" \/>\n\t<meta property=\"og:image:width\" content=\"1280\" \/>\n\t<meta property=\"og:image:height\" content=\"960\" \/>\n\t<meta property=\"og:image:type\" content=\"image\/jpeg\" \/>\n<meta name=\"author\" content=\"Rodrigo Sgammini\" \/>\n<meta name=\"twitter:card\" content=\"summary_large_image\" \/>\n<meta name=\"twitter:label1\" content=\"Escrito por\" \/>\n\t<meta name=\"twitter:data1\" content=\"Rodrigo Sgammini\" \/>\n\t<meta name=\"twitter:label2\" content=\"Tiempo de lectura\" \/>\n\t<meta name=\"twitter:data2\" content=\"1 minuto\" \/>\n<script type=\"application\/ld+json\" class=\"yoast-schema-graph\">{\"@context\":\"https:\/\/schema.org\",\"@graph\":[{\"@type\":\"NewsArticle\",\"@id\":\"https:\/\/www.celttv.com.ar\/index.php\/2023\/02\/13\/los-bomberos-voluntarios-continuan-trabajando-en-el-incendio-del-sector-serrano\/#article\",\"isPartOf\":{\"@id\":\"https:\/\/www.celttv.com.ar\/index.php\/2023\/02\/13\/los-bomberos-voluntarios-continuan-trabajando-en-el-incendio-del-sector-serrano\/\"},\"author\":{\"name\":\"Rodrigo Sgammini\",\"@id\":\"https:\/\/www.celttv.com.ar\/#\/schema\/person\/495be51d064edd971d8457f8f64eb172\"},\"headline\":\"Los bomberos voluntarios contin\u00faan trabajando en el incendio del sector serrano\",\"datePublished\":\"2023-02-13T12:59:35+00:00\",\"dateModified\":\"2023-02-13T13:00:30+00:00\",\"mainEntityOfPage\":{\"@id\":\"https:\/\/www.celttv.com.ar\/index.php\/2023\/02\/13\/los-bomberos-voluntarios-continuan-trabajando-en-el-incendio-del-sector-serrano\/\"},\"wordCount\":229,\"publisher\":{\"@id\":\"https:\/\/www.celttv.com.ar\/#organization\"},\"articleSection\":[\"Celt TV Noticias\"],\"inLanguage\":\"es\"},{\"@type\":\"WebPage\",\"@id\":\"https:\/\/www.celttv.com.ar\/index.php\/2023\/02\/13\/los-bomberos-voluntarios-continuan-trabajando-en-el-incendio-del-sector-serrano\/\",\"url\":\"https:\/\/www.celttv.com.ar\/index.php\/2023\/02\/13\/los-bomberos-voluntarios-continuan-trabajando-en-el-incendio-del-sector-serrano\/\",\"name\":\"Los bomberos voluntarios contin\u00faan trabajando en el incendio del sector serrano - CELTTV\",\"isPartOf\":{\"@id\":\"https:\/\/www.celttv.com.ar\/#website\"},\"datePublished\":\"2023-02-13T12:59:35+00:00\",\"dateModified\":\"2023-02-13T13:00:30+00:00\",\"description\":\"Sitio web de noticias de la localidad de Tornquist, provincia de Buenos Aires, Rep\u00fablica Argentina. Contenido propio originado por periodistas de CELTTV, el canal de TV local de la Cooperativa El\u00e9ctrica de Tornquist. Turismo, Pol\u00edtica, Sociedad, Deporte, Cultura y todo el contenido de inter\u00e9s general que la gente del pueblo y la regi\u00f3n debe conocer.\",\"breadcrumb\":{\"@id\":\"https:\/\/www.celttv.com.ar\/index.php\/2023\/02\/13\/los-bomberos-voluntarios-continuan-trabajando-en-el-incendio-del-sector-serrano\/#breadcrumb\"},\"inLanguage\":\"es\",\"potentialAction\":[{\"@type\":\"ReadAction\",\"target\":[\"https:\/\/www.celttv.com.ar\/index.php\/2023\/02\/13\/los-bomberos-voluntarios-continuan-trabajando-en-el-incendio-del-sector-serrano\/\"]}]},{\"@type\":\"BreadcrumbList\",\"@id\":\"https:\/\/www.celttv.com.ar\/index.php\/2023\/02\/13\/los-bomberos-voluntarios-continuan-trabajando-en-el-incendio-del-sector-serrano\/#breadcrumb\",\"itemListElement\":[{\"@type\":\"ListItem\",\"position\":1,\"name\":\"Inicio\",\"item\":\"https:\/\/www.celttv.com.ar\/\"},{\"@type\":\"ListItem\",\"position\":2,\"name\":\"Los bomberos voluntarios contin\u00faan trabajando en el incendio del sector serrano\"}]},{\"@type\":\"WebSite\",\"@id\":\"https:\/\/www.celttv.com.ar\/#website\",\"url\":\"https:\/\/www.celttv.com.ar\/\",\"name\":\"CELTTV\",\"description\":\"Cooperativa El\u00e9ctrica de Tornquist\",\"publisher\":{\"@id\":\"https:\/\/www.celttv.com.ar\/#organization\"},\"potentialAction\":[{\"@type\":\"SearchAction\",\"target\":{\"@type\":\"EntryPoint\",\"urlTemplate\":\"https:\/\/www.celttv.com.ar\/?s={search_term_string}\"},\"query-input\":\"required name=search_term_string\"}],\"inLanguage\":\"es\"},{\"@type\":\"Organization\",\"@id\":\"https:\/\/www.celttv.com.ar\/#organization\",\"name\":\"CELTTV\",\"url\":\"https:\/\/www.celttv.com.ar\/\",\"sameAs\":[\"https:\/\/www.youtube.com\/channel\/UCz_oIt8Hig64Ub-EmcNPIhg\",\"https:\/\/www.facebook.com\/celtTV\/\"],\"logo\":{\"@type\":\"ImageObject\",\"inLanguage\":\"es\",\"@id\":\"https:\/\/www.celttv.com.ar\/#\/schema\/logo\/image\/\",\"url\":\"http:\/\/www.celttv.com.ar\/wp-content\/uploads\/2022\/08\/logo-1.png\",\"contentUrl\":\"http:\/\/www.celttv.com.ar\/wp-content\/uploads\/2022\/08\/logo-1.png\",\"width\":461,\"height\":159,\"caption\":\"CELTTV\"},\"image\":{\"@id\":\"https:\/\/www.celttv.com.ar\/#\/schema\/logo\/image\/\"}},{\"@type\":\"Person\",\"@id\":\"https:\/\/www.celttv.com.ar\/#\/schema\/person\/495be51d064edd971d8457f8f64eb172\",\"name\":\"Rodrigo Sgammini\",\"image\":{\"@type\":\"ImageObject\",\"inLanguage\":\"es\",\"@id\":\"https:\/\/www.celttv.com.ar\/#\/schema\/person\/image\/\",\"url\":\"https:\/\/secure.gravatar.com\/avatar\/68f7848d42735e7a9276b47cd6e606327d88f521c51ae39d88888b76902e2987?s=96&d=mm&r=g\",\"contentUrl\":\"https:\/\/secure.gravatar.com\/avatar\/68f7848d42735e7a9276b47cd6e606327d88f521c51ae39d88888b76902e2987?s=96&d=mm&r=g\",\"caption\":\"Rodrigo Sgammini\"}}]}<\/script>\n<!-- \/ Yoast SEO plugin. -->","yoast_head_json":{"title":"Los bomberos voluntarios contin\u00faan trabajando en el incendio del sector serrano - CELTTV","description":"Sitio web de noticias de la localidad de Tornquist, provincia de Buenos Aires, Rep\u00fablica Argentina. Contenido propio originado por periodistas de CELTTV, el canal de TV local de la Cooperativa El\u00e9ctrica de Tornquist. Turismo, Pol\u00edtica, Sociedad, Deporte, Cultura y todo el contenido de inter\u00e9s general que la gente del pueblo y la regi\u00f3n debe conocer.","robots":{"index":"index","follow":"follow","max-snippet":"max-snippet:-1","max-image-preview":"max-image-preview:large","max-video-preview":"max-video-preview:-1"},"canonical":"https:\/\/www.celttv.com.ar\/index.php\/2023\/02\/13\/los-bomberos-voluntarios-continuan-trabajando-en-el-incendio-del-sector-serrano\/","og_locale":"es_ES","og_type":"article","og_title":"Los bomberos voluntarios contin\u00faan trabajando en el incendio del sector serrano - CELTTV","og_description":"Sitio web de noticias de la localidad de Tornquist, provincia de Buenos Aires, Rep\u00fablica Argentina. Contenido propio originado por periodistas de CELTTV, el canal de TV local de la Cooperativa El\u00e9ctrica de Tornquist. Turismo, Pol\u00edtica, Sociedad, Deporte, Cultura y todo el contenido de inter\u00e9s general que la gente del pueblo y la regi\u00f3n debe conocer.","og_url":"https:\/\/www.celttv.com.ar\/index.php\/2023\/02\/13\/los-bomberos-voluntarios-continuan-trabajando-en-el-incendio-del-sector-serrano\/","og_site_name":"CELTTV","article_publisher":"https:\/\/www.facebook.com\/celtTV\/","article_published_time":"2023-02-13T12:59:35+00:00","article_modified_time":"2023-02-13T13:00:30+00:00","og_image":[{"width":1280,"height":960,"url":"https:\/\/www.celttv.com.ar\/wp-content\/uploads\/2023\/02\/WhatsApp-Image-2023-02-13-at-09.30.27-1.jpeg","type":"image\/jpeg"}],"author":"Rodrigo Sgammini","twitter_card":"summary_large_image","twitter_misc":{"Escrito por":"Rodrigo Sgammini","Tiempo de lectura":"1 minuto"},"schema":{"@context":"https:\/\/schema.org","@graph":[{"@type":"NewsArticle","@id":"https:\/\/www.celttv.com.ar\/index.php\/2023\/02\/13\/los-bomberos-voluntarios-continuan-trabajando-en-el-incendio-del-sector-serrano\/#article","isPartOf":{"@id":"https:\/\/www.celttv.com.ar\/index.php\/2023\/02\/13\/los-bomberos-voluntarios-continuan-trabajando-en-el-incendio-del-sector-serrano\/"},"author":{"name":"Rodrigo Sgammini","@id":"https:\/\/www.celttv.com.ar\/#\/schema\/person\/495be51d064edd971d8457f8f64eb172"},"headline":"Los bomberos voluntarios contin\u00faan trabajando en el incendio del sector serrano","datePublished":"2023-02-13T12:59:35+00:00","dateModified":"2023-02-13T13:00:30+00:00","mainEntityOfPage":{"@id":"https:\/\/www.celttv.com.ar\/index.php\/2023\/02\/13\/los-bomberos-voluntarios-continuan-trabajando-en-el-incendio-del-sector-serrano\/"},"wordCount":229,"publisher":{"@id":"https:\/\/www.celttv.com.ar\/#organization"},"articleSection":["Celt TV Noticias"],"inLanguage":"es"},{"@type":"WebPage","@id":"https:\/\/www.celttv.com.ar\/index.php\/2023\/02\/13\/los-bomberos-voluntarios-continuan-trabajando-en-el-incendio-del-sector-serrano\/","url":"https:\/\/www.celttv.com.ar\/index.php\/2023\/02\/13\/los-bomberos-voluntarios-continuan-trabajando-en-el-incendio-del-sector-serrano\/","name":"Los bomberos voluntarios contin\u00faan trabajando en el incendio del sector serrano - CELTTV","isPartOf":{"@id":"https:\/\/www.celttv.com.ar\/#website"},"datePublished":"2023-02-13T12:59:35+00:00","dateModified":"2023-02-13T13:00:30+00:00","description":"Sitio web de noticias de la localidad de Tornquist, provincia de Buenos Aires, Rep\u00fablica Argentina. Contenido propio originado por periodistas de CELTTV, el canal de TV local de la Cooperativa El\u00e9ctrica de Tornquist. Turismo, Pol\u00edtica, Sociedad, Deporte, Cultura y todo el contenido de inter\u00e9s general que la gente del pueblo y la regi\u00f3n debe conocer.","breadcrumb":{"@id":"https:\/\/www.celttv.com.ar\/index.php\/2023\/02\/13\/los-bomberos-voluntarios-continuan-trabajando-en-el-incendio-del-sector-serrano\/#breadcrumb"},"inLanguage":"es","potentialAction":[{"@type":"ReadAction","target":["https:\/\/www.celttv.com.ar\/index.php\/2023\/02\/13\/los-bomberos-voluntarios-continuan-trabajando-en-el-incendio-del-sector-serrano\/"]}]},{"@type":"BreadcrumbList","@id":"https:\/\/www.celttv.com.ar\/index.php\/2023\/02\/13\/los-bomberos-voluntarios-continuan-trabajando-en-el-incendio-del-sector-serrano\/#breadcrumb","itemListElement":[{"@type":"ListItem","position":1,"name":"Inicio","item":"https:\/\/www.celttv.com.ar\/"},{"@type":"ListItem","position":2,"name":"Los bomberos voluntarios contin\u00faan trabajando en el incendio del sector serrano"}]},{"@type":"WebSite","@id":"https:\/\/www.celttv.com.ar\/#website","url":"https:\/\/www.celttv.com.ar\/","name":"CELTTV","description":"Cooperativa El\u00e9ctrica de Tornquist","publisher":{"@id":"https:\/\/www.celttv.com.ar\/#organization"},"potentialAction":[{"@type":"SearchAction","target":{"@type":"EntryPoint","urlTemplate":"https:\/\/www.celttv.com.ar\/?s={search_term_string}"},"query-input":"required name=search_term_string"}],"inLanguage":"es"},{"@type":"Organization","@id":"https:\/\/www.celttv.com.ar\/#organization","name":"CELTTV","url":"https:\/\/www.celttv.com.ar\/","sameAs":["https:\/\/www.youtube.com\/channel\/UCz_oIt8Hig64Ub-EmcNPIhg","https:\/\/www.facebook.com\/celtTV\/"],"logo":{"@type":"ImageObject","inLanguage":"es","@id":"https:\/\/www.celttv.com.ar\/#\/schema\/logo\/image\/","url":"http:\/\/www.celttv.com.ar\/wp-content\/uploads\/2022\/08\/logo-1.png","contentUrl":"http:\/\/www.celttv.com.ar\/wp-content\/uploads\/2022\/08\/logo-1.png","width":461,"height":159,"caption":"CELTTV"},"image":{"@id":"https:\/\/www.celttv.com.ar\/#\/schema\/logo\/image\/"}},{"@type":"Person","@id":"https:\/\/www.celttv.com.ar\/#\/schema\/person\/495be51d064edd971d8457f8f64eb172","name":"Rodrigo Sgammini","image":{"@type":"ImageObject","inLanguage":"es","@id":"https:\/\/www.celttv.com.ar\/#\/schema\/person\/image\/","url":"https:\/\/secure.gravatar.com\/avatar\/68f7848d42735e7a9276b47cd6e606327d88f521c51ae39d88888b76902e2987?s=96&d=mm&r=g","contentUrl":"https:\/\/secure.gravatar.com\/avatar\/68f7848d42735e7a9276b47cd6e606327d88f521c51ae39d88888b76902e2987?s=96&d=mm&r=g","caption":"Rodrigo Sgammini"}}]}},"_links":{"self":[{"href":"https:\/\/www.celttv.com.ar\/index.php\/wp-json\/wp\/v2\/posts\/73576","targetHints":{"allow":["GET"]}}],"collection":[{"href":"https:\/\/www.celttv.com.ar\/index.php\/wp-json\/wp\/v2\/posts"}],"about":[{"href":"https:\/\/www.celttv.com.ar\/index.php\/wp-json\/wp\/v2\/types\/post"}],"author":[{"embeddable":true,"href":"https:\/\/www.celttv.com.ar\/index.php\/wp-json\/wp\/v2\/users\/3"}],"replies":[{"embeddable":true,"href":"https:\/\/www.celttv.com.ar\/index.php\/wp-json\/wp\/v2\/comments?post=73576"}],"version-history":[{"count":3,"href":"https:\/\/www.celttv.com.ar\/index.php\/wp-json\/wp\/v2\/posts\/73576\/revisions"}],"predecessor-version":[{"id":73583,"href":"https:\/\/www.celttv.com.ar\/index.php\/wp-json\/wp\/v2\/posts\/73576\/revisions\/73583"}],"wp:featuredmedia":[{"embeddable":true,"href":"https:\/\/www.celttv.com.ar\/index.php\/wp-json\/wp\/v2\/media\/73577"}],"wp:attachment":[{"href":"https:\/\/www.celttv.com.ar\/index.php\/wp-json\/wp\/v2\/media?parent=73576"}],"wp:term":[{"taxonomy":"category","embeddable":true,"href":"https:\/\/www.celttv.com.ar\/index.php\/wp-json\/wp\/v2\/categories?post=73576"},{"taxonomy":"post_tag","embeddable":true,"href":"https:\/\/www.celttv.com.ar\/index.php\/wp-json\/wp\/v2\/tags?post=73576"}],"curies":[{"name":"wp","href":"https:\/\/api.w.org\/{rel}","templated":true}]}}