{"id":73584,"date":"2023-02-13T12:26:56","date_gmt":"2023-02-13T15:26:56","guid":{"rendered":"http:\/\/www.celttv.com.ar\/?p=73584"},"modified":"2023-02-13T13:39:30","modified_gmt":"2023-02-13T16:39:30","slug":"se-sumara-un-avion-hidrante-para-combatir-el-incendio-del-abra-de-la-ventana","status":"publish","type":"post","link":"https:\/\/www.celttv.com.ar\/index.php\/2023\/02\/13\/se-sumara-un-avion-hidrante-para-combatir-el-incendio-del-abra-de-la-ventana\/","title":{"rendered":"Se sumar\u00e1 un avi\u00f3n hidrante para combatir el incendio del Abra de la Ventana"},"content":{"rendered":"<p>En las pr\u00f3ximas horas se aguarda el arribo al Aero Club de Tornquist de un avi\u00f3n hidrante que enviar\u00e1 el gobierno de la Provincia de Buenos Aires para sumarse al esfuerzo de los bomberos voluntarios del distrito y poder apagar el incendio en el cord\u00f3n serrrano.<\/p>\n<p>As\u00ed lo confirm\u00f3 a CELTTV NOTICIAS el jefe del cuerpo activo de Sierra de la Ventana, Gustavo De Vizia, quien sobre el mediod\u00eda de hoy (lunes 13) tambi\u00e9n indic\u00f3 que hasta el momento se quemaron 100 hect\u00e1reas de sierras (pinos y retamas).<\/p>\n<p>&#8220;Se est\u00e1 trabajando de manera coordinada entre los cuarteles de Tornquist, Sierra y Villa. Se va analizando la situaci\u00f3n y se act\u00faa en consecuencia&#8221;, remarc\u00f3 De Vizia.<\/p>\n<p>&#8220;Uno de los frentes va quemando lentamente porque va en contra viento (Hacia el Oeste). Igualmente, no podemos acceder al lugar por la cantidad de vegetaci\u00f3n. El otro sector va hacia el Este y all\u00ed tenemos personal trabajando&#8221;, agreg\u00f3.<\/p>\n<p>Sobre la RP 76 se encuentra trabajando personal de la Patrulla Rural, Polic\u00eda Comunal y cuerpo de inspectores del municipio.<\/p>\n<p><iframe loading=\"lazy\" title=\"2023 02 13 INCENDIO EN LAS SIERRAS   GUSTAVO DE VIZIA\" width=\"500\" height=\"281\" src=\"https:\/\/www.youtube.com\/embed\/S5Xa-I4iEvM?feature=oembed\" frameborder=\"0\" allow=\"accelerometer; autoplay; clipboard-write; encrypted-media; gyroscope; picture-in-picture; web-share\" referrerpolicy=\"strict-origin-when-cross-origin\" allowfullscreen><\/iframe><\/p>\n<p><img loading=\"lazy\" decoding=\"async\" class=\"alignnone wp-image-73585 size-large\" src=\"http:\/\/www.celttv.com.ar\/wp-content\/uploads\/2023\/02\/12a369b3-c65e-42e3-a466-ecc69e5fe4c3-1024x768.jpg\" alt=\"\" width=\"1024\" height=\"768\" srcset=\"https:\/\/www.celttv.com.ar\/wp-content\/uploads\/2023\/02\/12a369b3-c65e-42e3-a466-ecc69e5fe4c3-1024x768.jpg 1024w, https:\/\/www.celttv.com.ar\/wp-content\/uploads\/2023\/02\/12a369b3-c65e-42e3-a466-ecc69e5fe4c3-300x225.jpg 300w, https:\/\/www.celttv.com.ar\/wp-content\/uploads\/2023\/02\/12a369b3-c65e-42e3-a466-ecc69e5fe4c3-768x576.jpg 768w, https:\/\/www.celttv.com.ar\/wp-content\/uploads\/2023\/02\/12a369b3-c65e-42e3-a466-ecc69e5fe4c3-1536x1152.jpg 1536w, https:\/\/www.celttv.com.ar\/wp-content\/uploads\/2023\/02\/12a369b3-c65e-42e3-a466-ecc69e5fe4c3-750x563.jpg 750w, https:\/\/www.celttv.com.ar\/wp-content\/uploads\/2023\/02\/12a369b3-c65e-42e3-a466-ecc69e5fe4c3-1140x855.jpg 1140w, https:\/\/www.celttv.com.ar\/wp-content\/uploads\/2023\/02\/12a369b3-c65e-42e3-a466-ecc69e5fe4c3.jpg 1600w\" sizes=\"auto, (max-width: 1024px) 100vw, 1024px\" \/> <img loading=\"lazy\" decoding=\"async\" class=\"alignnone wp-image-73586 size-large\" src=\"http:\/\/www.celttv.com.ar\/wp-content\/uploads\/2023\/02\/c723dd0f-fa78-4d87-aa0b-f1095a321d7f-1024x768.jpg\" alt=\"\" width=\"1024\" height=\"768\" srcset=\"https:\/\/www.celttv.com.ar\/wp-content\/uploads\/2023\/02\/c723dd0f-fa78-4d87-aa0b-f1095a321d7f-1024x768.jpg 1024w, https:\/\/www.celttv.com.ar\/wp-content\/uploads\/2023\/02\/c723dd0f-fa78-4d87-aa0b-f1095a321d7f-300x225.jpg 300w, https:\/\/www.celttv.com.ar\/wp-content\/uploads\/2023\/02\/c723dd0f-fa78-4d87-aa0b-f1095a321d7f-768x576.jpg 768w, https:\/\/www.celttv.com.ar\/wp-content\/uploads\/2023\/02\/c723dd0f-fa78-4d87-aa0b-f1095a321d7f-1536x1152.jpg 1536w, https:\/\/www.celttv.com.ar\/wp-content\/uploads\/2023\/02\/c723dd0f-fa78-4d87-aa0b-f1095a321d7f-750x563.jpg 750w, https:\/\/www.celttv.com.ar\/wp-content\/uploads\/2023\/02\/c723dd0f-fa78-4d87-aa0b-f1095a321d7f-1140x855.jpg 1140w, https:\/\/www.celttv.com.ar\/wp-content\/uploads\/2023\/02\/c723dd0f-fa78-4d87-aa0b-f1095a321d7f.jpg 1600w\" sizes=\"auto, (max-width: 1024px) 100vw, 1024px\" \/> <img loading=\"lazy\" decoding=\"async\" class=\"alignnone wp-image-73587 size-large\" src=\"http:\/\/www.celttv.com.ar\/wp-content\/uploads\/2023\/02\/daeafb54-63ef-4bf6-a45a-f3ef63e4a28b-1024x768.jpg\" alt=\"\" width=\"1024\" height=\"768\" srcset=\"https:\/\/www.celttv.com.ar\/wp-content\/uploads\/2023\/02\/daeafb54-63ef-4bf6-a45a-f3ef63e4a28b-1024x768.jpg 1024w, https:\/\/www.celttv.com.ar\/wp-content\/uploads\/2023\/02\/daeafb54-63ef-4bf6-a45a-f3ef63e4a28b-300x225.jpg 300w, https:\/\/www.celttv.com.ar\/wp-content\/uploads\/2023\/02\/daeafb54-63ef-4bf6-a45a-f3ef63e4a28b-768x576.jpg 768w, https:\/\/www.celttv.com.ar\/wp-content\/uploads\/2023\/02\/daeafb54-63ef-4bf6-a45a-f3ef63e4a28b-1536x1152.jpg 1536w, https:\/\/www.celttv.com.ar\/wp-content\/uploads\/2023\/02\/daeafb54-63ef-4bf6-a45a-f3ef63e4a28b-750x563.jpg 750w, https:\/\/www.celttv.com.ar\/wp-content\/uploads\/2023\/02\/daeafb54-63ef-4bf6-a45a-f3ef63e4a28b-1140x855.jpg 1140w, https:\/\/www.celttv.com.ar\/wp-content\/uploads\/2023\/02\/daeafb54-63ef-4bf6-a45a-f3ef63e4a28b.jpg 1600w\" sizes=\"auto, (max-width: 1024px) 100vw, 1024px\" \/> <img loading=\"lazy\" decoding=\"async\" class=\"alignnone wp-image-73588 size-large\" src=\"http:\/\/www.celttv.com.ar\/wp-content\/uploads\/2023\/02\/fe4cc939-ef4f-4ba4-87c1-6362350541f7-1024x768.jpg\" alt=\"\" width=\"1024\" height=\"768\" srcset=\"https:\/\/www.celttv.com.ar\/wp-content\/uploads\/2023\/02\/fe4cc939-ef4f-4ba4-87c1-6362350541f7-1024x768.jpg 1024w, https:\/\/www.celttv.com.ar\/wp-content\/uploads\/2023\/02\/fe4cc939-ef4f-4ba4-87c1-6362350541f7-300x225.jpg 300w, https:\/\/www.celttv.com.ar\/wp-content\/uploads\/2023\/02\/fe4cc939-ef4f-4ba4-87c1-6362350541f7-768x576.jpg 768w, https:\/\/www.celttv.com.ar\/wp-content\/uploads\/2023\/02\/fe4cc939-ef4f-4ba4-87c1-6362350541f7-1536x1152.jpg 1536w, https:\/\/www.celttv.com.ar\/wp-content\/uploads\/2023\/02\/fe4cc939-ef4f-4ba4-87c1-6362350541f7-750x563.jpg 750w, https:\/\/www.celttv.com.ar\/wp-content\/uploads\/2023\/02\/fe4cc939-ef4f-4ba4-87c1-6362350541f7-1140x855.jpg 1140w, https:\/\/www.celttv.com.ar\/wp-content\/uploads\/2023\/02\/fe4cc939-ef4f-4ba4-87c1-6362350541f7.jpg 1600w\" sizes=\"auto, (max-width: 1024px) 100vw, 1024px\" \/><\/p>\n","protected":false},"excerpt":{"rendered":"<p>En las pr\u00f3ximas horas se aguarda el arribo al Aero Club de Tornquist de un avi\u00f3n hidrante que enviar\u00e1 el gobierno de la Provincia de Buenos Aires para sumarse al esfuerzo de los bomberos voluntarios del distrito y poder apagar el incendio en el cord\u00f3n serrrano. As\u00ed lo confirm\u00f3 a CELTTV NOTICIAS el jefe del [&hellip;]<\/p>\n","protected":false},"author":3,"featured_media":73585,"comment_status":"closed","ping_status":"closed","sticky":false,"template":"","format":"standard","meta":{"footnotes":""},"categories":[55,1],"tags":[],"class_list":["post-73584","post","type-post","status-publish","format-standard","has-post-thumbnail","hentry","category-celt-tv-noticias","category-sin-categoria"],"yoast_head":"<!-- This site is optimized with the Yoast SEO plugin v19.7.1 - https:\/\/yoast.com\/wordpress\/plugins\/seo\/ -->\n<title>Se sumar\u00e1 un avi\u00f3n hidrante para combatir el incendio del Abra de la Ventana - CELTTV<\/title>\n<meta name=\"description\" content=\"Sitio web de noticias de la localidad de Tornquist, provincia de Buenos Aires, Rep\u00fablica Argentina. Contenido propio originado por periodistas de CELTTV, el canal de TV local de la Cooperativa El\u00e9ctrica de Tornquist. Turismo, Pol\u00edtica, Sociedad, Deporte, Cultura y todo el contenido de inter\u00e9s general que la gente del pueblo y la regi\u00f3n debe conocer.\" \/>\n<meta name=\"robots\" content=\"index, follow, max-snippet:-1, max-image-preview:large, max-video-preview:-1\" \/>\n<link rel=\"canonical\" href=\"https:\/\/www.celttv.com.ar\/index.php\/2023\/02\/13\/se-sumara-un-avion-hidrante-para-combatir-el-incendio-del-abra-de-la-ventana\/\" \/>\n<meta property=\"og:locale\" content=\"es_ES\" \/>\n<meta property=\"og:type\" content=\"article\" \/>\n<meta property=\"og:title\" content=\"Se sumar\u00e1 un avi\u00f3n hidrante para combatir el incendio del Abra de la Ventana - CELTTV\" \/>\n<meta property=\"og:description\" content=\"Sitio web de noticias de la localidad de Tornquist, provincia de Buenos Aires, Rep\u00fablica Argentina. Contenido propio originado por periodistas de CELTTV, el canal de TV local de la Cooperativa El\u00e9ctrica de Tornquist. Turismo, Pol\u00edtica, Sociedad, Deporte, Cultura y todo el contenido de inter\u00e9s general que la gente del pueblo y la regi\u00f3n debe conocer.\" \/>\n<meta property=\"og:url\" content=\"https:\/\/www.celttv.com.ar\/index.php\/2023\/02\/13\/se-sumara-un-avion-hidrante-para-combatir-el-incendio-del-abra-de-la-ventana\/\" \/>\n<meta property=\"og:site_name\" content=\"CELTTV\" \/>\n<meta property=\"article:publisher\" content=\"https:\/\/www.facebook.com\/celtTV\/\" \/>\n<meta property=\"article:published_time\" content=\"2023-02-13T15:26:56+00:00\" \/>\n<meta property=\"article:modified_time\" content=\"2023-02-13T16:39:30+00:00\" \/>\n<meta property=\"og:image\" content=\"https:\/\/www.celttv.com.ar\/wp-content\/uploads\/2023\/02\/12a369b3-c65e-42e3-a466-ecc69e5fe4c3.jpg\" \/>\n\t<meta property=\"og:image:width\" content=\"1600\" \/>\n\t<meta property=\"og:image:height\" content=\"1200\" \/>\n\t<meta property=\"og:image:type\" content=\"image\/jpeg\" \/>\n<meta name=\"author\" content=\"Rodrigo Sgammini\" \/>\n<meta name=\"twitter:card\" content=\"summary_large_image\" \/>\n<meta name=\"twitter:label1\" content=\"Escrito por\" \/>\n\t<meta name=\"twitter:data1\" content=\"Rodrigo Sgammini\" \/>\n\t<meta name=\"twitter:label2\" content=\"Tiempo de lectura\" \/>\n\t<meta name=\"twitter:data2\" content=\"1 minuto\" \/>\n<script type=\"application\/ld+json\" class=\"yoast-schema-graph\">{\"@context\":\"https:\/\/schema.org\",\"@graph\":[{\"@type\":\"NewsArticle\",\"@id\":\"https:\/\/www.celttv.com.ar\/index.php\/2023\/02\/13\/se-sumara-un-avion-hidrante-para-combatir-el-incendio-del-abra-de-la-ventana\/#article\",\"isPartOf\":{\"@id\":\"https:\/\/www.celttv.com.ar\/index.php\/2023\/02\/13\/se-sumara-un-avion-hidrante-para-combatir-el-incendio-del-abra-de-la-ventana\/\"},\"author\":{\"name\":\"Rodrigo Sgammini\",\"@id\":\"https:\/\/www.celttv.com.ar\/#\/schema\/person\/495be51d064edd971d8457f8f64eb172\"},\"headline\":\"Se sumar\u00e1 un avi\u00f3n hidrante para combatir el incendio del Abra de la Ventana\",\"datePublished\":\"2023-02-13T15:26:56+00:00\",\"dateModified\":\"2023-02-13T16:39:30+00:00\",\"mainEntityOfPage\":{\"@id\":\"https:\/\/www.celttv.com.ar\/index.php\/2023\/02\/13\/se-sumara-un-avion-hidrante-para-combatir-el-incendio-del-abra-de-la-ventana\/\"},\"wordCount\":202,\"publisher\":{\"@id\":\"https:\/\/www.celttv.com.ar\/#organization\"},\"articleSection\":[\"Celt TV Noticias\"],\"inLanguage\":\"es\"},{\"@type\":\"WebPage\",\"@id\":\"https:\/\/www.celttv.com.ar\/index.php\/2023\/02\/13\/se-sumara-un-avion-hidrante-para-combatir-el-incendio-del-abra-de-la-ventana\/\",\"url\":\"https:\/\/www.celttv.com.ar\/index.php\/2023\/02\/13\/se-sumara-un-avion-hidrante-para-combatir-el-incendio-del-abra-de-la-ventana\/\",\"name\":\"Se sumar\u00e1 un avi\u00f3n hidrante para combatir el incendio del Abra de la Ventana - CELTTV\",\"isPartOf\":{\"@id\":\"https:\/\/www.celttv.com.ar\/#website\"},\"datePublished\":\"2023-02-13T15:26:56+00:00\",\"dateModified\":\"2023-02-13T16:39:30+00:00\",\"description\":\"Sitio web de noticias de la localidad de Tornquist, provincia de Buenos Aires, Rep\u00fablica Argentina. Contenido propio originado por periodistas de CELTTV, el canal de TV local de la Cooperativa El\u00e9ctrica de Tornquist. Turismo, Pol\u00edtica, Sociedad, Deporte, Cultura y todo el contenido de inter\u00e9s general que la gente del pueblo y la regi\u00f3n debe conocer.\",\"breadcrumb\":{\"@id\":\"https:\/\/www.celttv.com.ar\/index.php\/2023\/02\/13\/se-sumara-un-avion-hidrante-para-combatir-el-incendio-del-abra-de-la-ventana\/#breadcrumb\"},\"inLanguage\":\"es\",\"potentialAction\":[{\"@type\":\"ReadAction\",\"target\":[\"https:\/\/www.celttv.com.ar\/index.php\/2023\/02\/13\/se-sumara-un-avion-hidrante-para-combatir-el-incendio-del-abra-de-la-ventana\/\"]}]},{\"@type\":\"BreadcrumbList\",\"@id\":\"https:\/\/www.celttv.com.ar\/index.php\/2023\/02\/13\/se-sumara-un-avion-hidrante-para-combatir-el-incendio-del-abra-de-la-ventana\/#breadcrumb\",\"itemListElement\":[{\"@type\":\"ListItem\",\"position\":1,\"name\":\"Inicio\",\"item\":\"https:\/\/www.celttv.com.ar\/\"},{\"@type\":\"ListItem\",\"position\":2,\"name\":\"Se sumar\u00e1 un avi\u00f3n hidrante para combatir el incendio del Abra de la Ventana\"}]},{\"@type\":\"WebSite\",\"@id\":\"https:\/\/www.celttv.com.ar\/#website\",\"url\":\"https:\/\/www.celttv.com.ar\/\",\"name\":\"CELTTV\",\"description\":\"Cooperativa El\u00e9ctrica de Tornquist\",\"publisher\":{\"@id\":\"https:\/\/www.celttv.com.ar\/#organization\"},\"potentialAction\":[{\"@type\":\"SearchAction\",\"target\":{\"@type\":\"EntryPoint\",\"urlTemplate\":\"https:\/\/www.celttv.com.ar\/?s={search_term_string}\"},\"query-input\":\"required name=search_term_string\"}],\"inLanguage\":\"es\"},{\"@type\":\"Organization\",\"@id\":\"https:\/\/www.celttv.com.ar\/#organization\",\"name\":\"CELTTV\",\"url\":\"https:\/\/www.celttv.com.ar\/\",\"sameAs\":[\"https:\/\/www.youtube.com\/channel\/UCz_oIt8Hig64Ub-EmcNPIhg\",\"https:\/\/www.facebook.com\/celtTV\/\"],\"logo\":{\"@type\":\"ImageObject\",\"inLanguage\":\"es\",\"@id\":\"https:\/\/www.celttv.com.ar\/#\/schema\/logo\/image\/\",\"url\":\"http:\/\/www.celttv.com.ar\/wp-content\/uploads\/2022\/08\/logo-1.png\",\"contentUrl\":\"http:\/\/www.celttv.com.ar\/wp-content\/uploads\/2022\/08\/logo-1.png\",\"width\":461,\"height\":159,\"caption\":\"CELTTV\"},\"image\":{\"@id\":\"https:\/\/www.celttv.com.ar\/#\/schema\/logo\/image\/\"}},{\"@type\":\"Person\",\"@id\":\"https:\/\/www.celttv.com.ar\/#\/schema\/person\/495be51d064edd971d8457f8f64eb172\",\"name\":\"Rodrigo Sgammini\",\"image\":{\"@type\":\"ImageObject\",\"inLanguage\":\"es\",\"@id\":\"https:\/\/www.celttv.com.ar\/#\/schema\/person\/image\/\",\"url\":\"https:\/\/secure.gravatar.com\/avatar\/68f7848d42735e7a9276b47cd6e606327d88f521c51ae39d88888b76902e2987?s=96&d=mm&r=g\",\"contentUrl\":\"https:\/\/secure.gravatar.com\/avatar\/68f7848d42735e7a9276b47cd6e606327d88f521c51ae39d88888b76902e2987?s=96&d=mm&r=g\",\"caption\":\"Rodrigo Sgammini\"}}]}<\/script>\n<!-- \/ Yoast SEO plugin. -->","yoast_head_json":{"title":"Se sumar\u00e1 un avi\u00f3n hidrante para combatir el incendio del Abra de la Ventana - CELTTV","description":"Sitio web de noticias de la localidad de Tornquist, provincia de Buenos Aires, Rep\u00fablica Argentina. Contenido propio originado por periodistas de CELTTV, el canal de TV local de la Cooperativa El\u00e9ctrica de Tornquist. Turismo, Pol\u00edtica, Sociedad, Deporte, Cultura y todo el contenido de inter\u00e9s general que la gente del pueblo y la regi\u00f3n debe conocer.","robots":{"index":"index","follow":"follow","max-snippet":"max-snippet:-1","max-image-preview":"max-image-preview:large","max-video-preview":"max-video-preview:-1"},"canonical":"https:\/\/www.celttv.com.ar\/index.php\/2023\/02\/13\/se-sumara-un-avion-hidrante-para-combatir-el-incendio-del-abra-de-la-ventana\/","og_locale":"es_ES","og_type":"article","og_title":"Se sumar\u00e1 un avi\u00f3n hidrante para combatir el incendio del Abra de la Ventana - CELTTV","og_description":"Sitio web de noticias de la localidad de Tornquist, provincia de Buenos Aires, Rep\u00fablica Argentina. Contenido propio originado por periodistas de CELTTV, el canal de TV local de la Cooperativa El\u00e9ctrica de Tornquist. Turismo, Pol\u00edtica, Sociedad, Deporte, Cultura y todo el contenido de inter\u00e9s general que la gente del pueblo y la regi\u00f3n debe conocer.","og_url":"https:\/\/www.celttv.com.ar\/index.php\/2023\/02\/13\/se-sumara-un-avion-hidrante-para-combatir-el-incendio-del-abra-de-la-ventana\/","og_site_name":"CELTTV","article_publisher":"https:\/\/www.facebook.com\/celtTV\/","article_published_time":"2023-02-13T15:26:56+00:00","article_modified_time":"2023-02-13T16:39:30+00:00","og_image":[{"width":1600,"height":1200,"url":"https:\/\/www.celttv.com.ar\/wp-content\/uploads\/2023\/02\/12a369b3-c65e-42e3-a466-ecc69e5fe4c3.jpg","type":"image\/jpeg"}],"author":"Rodrigo Sgammini","twitter_card":"summary_large_image","twitter_misc":{"Escrito por":"Rodrigo Sgammini","Tiempo de lectura":"1 minuto"},"schema":{"@context":"https:\/\/schema.org","@graph":[{"@type":"NewsArticle","@id":"https:\/\/www.celttv.com.ar\/index.php\/2023\/02\/13\/se-sumara-un-avion-hidrante-para-combatir-el-incendio-del-abra-de-la-ventana\/#article","isPartOf":{"@id":"https:\/\/www.celttv.com.ar\/index.php\/2023\/02\/13\/se-sumara-un-avion-hidrante-para-combatir-el-incendio-del-abra-de-la-ventana\/"},"author":{"name":"Rodrigo Sgammini","@id":"https:\/\/www.celttv.com.ar\/#\/schema\/person\/495be51d064edd971d8457f8f64eb172"},"headline":"Se sumar\u00e1 un avi\u00f3n hidrante para combatir el incendio del Abra de la Ventana","datePublished":"2023-02-13T15:26:56+00:00","dateModified":"2023-02-13T16:39:30+00:00","mainEntityOfPage":{"@id":"https:\/\/www.celttv.com.ar\/index.php\/2023\/02\/13\/se-sumara-un-avion-hidrante-para-combatir-el-incendio-del-abra-de-la-ventana\/"},"wordCount":202,"publisher":{"@id":"https:\/\/www.celttv.com.ar\/#organization"},"articleSection":["Celt TV Noticias"],"inLanguage":"es"},{"@type":"WebPage","@id":"https:\/\/www.celttv.com.ar\/index.php\/2023\/02\/13\/se-sumara-un-avion-hidrante-para-combatir-el-incendio-del-abra-de-la-ventana\/","url":"https:\/\/www.celttv.com.ar\/index.php\/2023\/02\/13\/se-sumara-un-avion-hidrante-para-combatir-el-incendio-del-abra-de-la-ventana\/","name":"Se sumar\u00e1 un avi\u00f3n hidrante para combatir el incendio del Abra de la Ventana - CELTTV","isPartOf":{"@id":"https:\/\/www.celttv.com.ar\/#website"},"datePublished":"2023-02-13T15:26:56+00:00","dateModified":"2023-02-13T16:39:30+00:00","description":"Sitio web de noticias de la localidad de Tornquist, provincia de Buenos Aires, Rep\u00fablica Argentina. Contenido propio originado por periodistas de CELTTV, el canal de TV local de la Cooperativa El\u00e9ctrica de Tornquist. Turismo, Pol\u00edtica, Sociedad, Deporte, Cultura y todo el contenido de inter\u00e9s general que la gente del pueblo y la regi\u00f3n debe conocer.","breadcrumb":{"@id":"https:\/\/www.celttv.com.ar\/index.php\/2023\/02\/13\/se-sumara-un-avion-hidrante-para-combatir-el-incendio-del-abra-de-la-ventana\/#breadcrumb"},"inLanguage":"es","potentialAction":[{"@type":"ReadAction","target":["https:\/\/www.celttv.com.ar\/index.php\/2023\/02\/13\/se-sumara-un-avion-hidrante-para-combatir-el-incendio-del-abra-de-la-ventana\/"]}]},{"@type":"BreadcrumbList","@id":"https:\/\/www.celttv.com.ar\/index.php\/2023\/02\/13\/se-sumara-un-avion-hidrante-para-combatir-el-incendio-del-abra-de-la-ventana\/#breadcrumb","itemListElement":[{"@type":"ListItem","position":1,"name":"Inicio","item":"https:\/\/www.celttv.com.ar\/"},{"@type":"ListItem","position":2,"name":"Se sumar\u00e1 un avi\u00f3n hidrante para combatir el incendio del Abra de la Ventana"}]},{"@type":"WebSite","@id":"https:\/\/www.celttv.com.ar\/#website","url":"https:\/\/www.celttv.com.ar\/","name":"CELTTV","description":"Cooperativa El\u00e9ctrica de Tornquist","publisher":{"@id":"https:\/\/www.celttv.com.ar\/#organization"},"potentialAction":[{"@type":"SearchAction","target":{"@type":"EntryPoint","urlTemplate":"https:\/\/www.celttv.com.ar\/?s={search_term_string}"},"query-input":"required name=search_term_string"}],"inLanguage":"es"},{"@type":"Organization","@id":"https:\/\/www.celttv.com.ar\/#organization","name":"CELTTV","url":"https:\/\/www.celttv.com.ar\/","sameAs":["https:\/\/www.youtube.com\/channel\/UCz_oIt8Hig64Ub-EmcNPIhg","https:\/\/www.facebook.com\/celtTV\/"],"logo":{"@type":"ImageObject","inLanguage":"es","@id":"https:\/\/www.celttv.com.ar\/#\/schema\/logo\/image\/","url":"http:\/\/www.celttv.com.ar\/wp-content\/uploads\/2022\/08\/logo-1.png","contentUrl":"http:\/\/www.celttv.com.ar\/wp-content\/uploads\/2022\/08\/logo-1.png","width":461,"height":159,"caption":"CELTTV"},"image":{"@id":"https:\/\/www.celttv.com.ar\/#\/schema\/logo\/image\/"}},{"@type":"Person","@id":"https:\/\/www.celttv.com.ar\/#\/schema\/person\/495be51d064edd971d8457f8f64eb172","name":"Rodrigo Sgammini","image":{"@type":"ImageObject","inLanguage":"es","@id":"https:\/\/www.celttv.com.ar\/#\/schema\/person\/image\/","url":"https:\/\/secure.gravatar.com\/avatar\/68f7848d42735e7a9276b47cd6e606327d88f521c51ae39d88888b76902e2987?s=96&d=mm&r=g","contentUrl":"https:\/\/secure.gravatar.com\/avatar\/68f7848d42735e7a9276b47cd6e606327d88f521c51ae39d88888b76902e2987?s=96&d=mm&r=g","caption":"Rodrigo Sgammini"}}]}},"_links":{"self":[{"href":"https:\/\/www.celttv.com.ar\/index.php\/wp-json\/wp\/v2\/posts\/73584","targetHints":{"allow":["GET"]}}],"collection":[{"href":"https:\/\/www.celttv.com.ar\/index.php\/wp-json\/wp\/v2\/posts"}],"about":[{"href":"https:\/\/www.celttv.com.ar\/index.php\/wp-json\/wp\/v2\/types\/post"}],"author":[{"embeddable":true,"href":"https:\/\/www.celttv.com.ar\/index.php\/wp-json\/wp\/v2\/users\/3"}],"replies":[{"embeddable":true,"href":"https:\/\/www.celttv.com.ar\/index.php\/wp-json\/wp\/v2\/comments?post=73584"}],"version-history":[{"count":2,"href":"https:\/\/www.celttv.com.ar\/index.php\/wp-json\/wp\/v2\/posts\/73584\/revisions"}],"predecessor-version":[{"id":73590,"href":"https:\/\/www.celttv.com.ar\/index.php\/wp-json\/wp\/v2\/posts\/73584\/revisions\/73590"}],"wp:featuredmedia":[{"embeddable":true,"href":"https:\/\/www.celttv.com.ar\/index.php\/wp-json\/wp\/v2\/media\/73585"}],"wp:attachment":[{"href":"https:\/\/www.celttv.com.ar\/index.php\/wp-json\/wp\/v2\/media?parent=73584"}],"wp:term":[{"taxonomy":"category","embeddable":true,"href":"https:\/\/www.celttv.com.ar\/index.php\/wp-json\/wp\/v2\/categories?post=73584"},{"taxonomy":"post_tag","embeddable":true,"href":"https:\/\/www.celttv.com.ar\/index.php\/wp-json\/wp\/v2\/tags?post=73584"}],"curies":[{"name":"wp","href":"https:\/\/api.w.org\/{rel}","templated":true}]}}