{"id":7370,"date":"2012-07-06T14:51:54","date_gmt":"2012-07-06T14:51:54","guid":{"rendered":"http:\/\/www.tvcnoticias.com.ar\/?p=7370"},"modified":"2012-07-06T14:51:54","modified_gmt":"2012-07-06T14:51:54","slug":"se-realizo-otra-exitosa-feria-distrital-de-ciencia-y-tecnologia-imagenes-y-notas","status":"publish","type":"post","link":"https:\/\/www.celttv.com.ar\/index.php\/2012\/07\/06\/se-realizo-otra-exitosa-feria-distrital-de-ciencia-y-tecnologia-imagenes-y-notas\/","title":{"rendered":"SE REALIZO OTRA EXITOSA FERIA DISTRITAL DE CIENCIA Y TECNOLOGIA (im\u00e1genes y notas)"},"content":{"rendered":"<p><strong><span style=\"text-decoration: underline;\"><a href=\"http:\/\/www.youtube.com\/watch?v=KiOsBAysUm4\">httpv:\/\/www.youtube.com\/watch?v=KiOsBAysUm4<\/a><\/span><\/strong><br \/>\n<strong><span style=\"text-decoration: underline;\"><a href=\"http:\/\/www.youtube.com\/watch?v=88B3-r-7qjo\">httpv:\/\/www.youtube.com\/watch?v=88B3-r-7qjo<\/a><\/span><\/strong><br \/>\nCon \u00e9xito se cumpli\u00f3 el pasado martes la IV Feria de las Ciencias que se desarroll\u00f3 en el SUM de la Escuela N\u00ba 1 Domingo Faustino Sarmiento.<br \/>\n45 proyectos de diferentes establecimientos educativos fueron presentados y evaluados durante la jornada.<br \/>\n\u00a0\u00a0 \u201cEl Objetivo general de las Ferias de Ciencia y tecnolog\u00eda es propiciar la indagaci\u00f3n cient\u00edfico-tecnol\u00f3gica como un modo de propender a la ense\u00f1anza de la ciencia y la tecnolog\u00eda en las aulas del sistema educativo bonaerense, para impulsar la formaci\u00f3n de sujetos con capacidad cr\u00edtica y reflexiva\u201d Se\u00f1alaba una de las docentes a la hora de hacer la presentaci\u00f3n del evento.<br \/>\n\u00a0\u00a0 Luego de la invocaci\u00f3n religiosa de Padre Norberto Lopez, se refiri\u00f3 a la fecha la referente regional de Ferias de Ciencias Prof. Cecilia Bentroni destacando la labor de los alumnos y docentes para la concreci\u00f3n de la nueva edici\u00f3n del evento.<br \/>\nLuego hizo lo propio, en representaci\u00f3n de Jefatura Distrital Tornquist, la inspectora del Nivel Primario, Prof. Patricia Larrainzar, quien tambi\u00e9n se refiri\u00f3 al esfuerzo compartido y el compromiso demostrado por la comunidad educativa del distrito en sus distintos niveles.<br \/>\nEn representaci\u00f3n del Intendente Municipal Lic. Gustavo Trankels, dej\u00f3 su mensaje el Secretario de Producci\u00f3n y Medio Ambiente Ricardo Valentini, quien no ocult\u00f3 su satisfacci\u00f3n al observar la calidad y cantidad de trabajos realizados por los j\u00f3venes del distrito.<br \/>\n\u00a0 El representante del Intendente Municipal, la referente regional de Ciencias y Tecnolog\u00eda Prof. Cecilia Bentroni y la inspectora de Nivel Primario Prof. Patricia Larrainzar compartieron el tradicional corte de cintas para dejar inaugurada la feria.<br \/>\nEn esta primera etapa se les comunic\u00f3 en forma privada a los establecimientos cuales fueron los resultados .<br \/>\nProyectos de Feria de Ciencias Distrital Tornquist que pasaron a la Regional<br \/>\nNIVEL INCIAL<br \/>\n\uf0fc\u00a0Jard\u00edn de Infantes N\u00b0904\u00a0 \u201cDel campo a la mesa\u201d (Chasic\u00f3)<br \/>\n\uf0fc\u00a0Jard\u00edn de Infantes N\u00b0908\u00a0\u00a0 Los colores\u2026\u00bfest\u00e1n presentes? (Paraje Sauce Chico)<br \/>\n\uf0fc\u00a0Jard\u00edn de Infantes N\u00b0901\u00a0\u00a0 Cuida tu vida, respeta la m\u00eda (Tornquist)<br \/>\n\uf0fc\u00a0Jard\u00edn de Infantes N\u00b0901\u00a0\u00a0\u00a0 La Basura del Jard\u00edn (Tornquist)<br \/>\nNIVEL PRIMARIA\u00a0 1<br \/>\n\uf0fc\u00a0E.P.N\u00b024\u00a0\u00a1Desafiamos al tiempo! (Chasic\u00f3)<br \/>\n\uf0fc\u00a0E.P.N\u00b027\u00a0Te llevo a todas partes (Paraje Sauce Chico)<br \/>\nNIVEL PRIMARIA\u00a0 2<br \/>\n\uf0fc\u00a0E.P.N\u00b0 6\u00a0 Sierras, colores y aromas (Sierra de la Ventana)<br \/>\n\uf0fc\u00a0E.P.N\u00b0 6\u00a0 \u00bfQu\u00e9 es la comida casera? (Sierra de la Ventana)<br \/>\n\uf0fc\u00a0E.P.N\u00b0 9\u00a0 Sembrando nuestro futuro (Pelicur\u00e1)<br \/>\n\uf0fc\u00a0E.P.N\u00b01\u00a0\u00a0 Presidentes antiguos en billetes modernos de Arg.(Tornquist)<br \/>\n\uf0fc\u00a0E.P.N\u00b01\u00a0\u00a0 \u00bfC\u00f3mo si \u00e9stos billetes hablaran? (Tornquist)<br \/>\n\uf0fc\u00a0E.P.N\u00b01\u00a0\u00a0\u00a0 Qu\u00e9 lindo jugar al f\u00fatbol con camisetas nuevas (Tornquist)<br \/>\n\uf0fc\u00a0E.P.N\u00b01\u00a0\u00a0\u00a0 Una cuesti\u00f3n de ingenio y descarte (Tornquist)<br \/>\n\uf0fc\u00a0E.P.N\u00b027\u00a0\u00a0 Cruzo la frontera y se escondi\u00f3 entre los aguayos (Paraje Sauce Chico)<br \/>\n\uf0fc\u00a0E.P.N\u00b028\u00a0\u00a0\u00a0 Despacio, Escuela (Tornquist)<br \/>\n\uf0fc\u00a0E.P.N\u00b04\u00a0\u00a0\u00a0\u00a0 \u00a1Qu\u00e9 poquitos! (Nueva Roma)<br \/>\nNIVEL SECUNDARIA<br \/>\n\uf0fc\u00a0E. Agrop. N\u00b01\u00a0El enemigo Indispensable(Tornquist)<br \/>\n\uf0fc\u00a0E. Agrop N\u00b01\u00a0Revalorando nuestros s\u00edmbolos patrios (Tornquist)<br \/>\n\uf0fc\u00a0E.E.S. N\u00b01\u00a0Comunicaci\u00f3n: influencia Tecnol\u00f3gica (Tornquist)<br \/>\n\uf0fc\u00a0E.E.S.N\u00b03\u00a0La calvicie del oeste (Tornquist)<br \/>\n\uf0fc\u00a0Instituto Fort\u00edn Pav\u00f3n\u00a0\u00a0\u00a0 Los\u00a0 Fractalos, un mundo por descubrir (Saldungaray)<br \/>\nNIVEL ESPECIAL<br \/>\n\uf0fc\u00a0Esc. Esp. N\u00b0501\u00a0ECO T.R.A (Tornquist)<br \/>\nNIVEL ADULTOS<br \/>\n\uf0fc\u00a0CENS N\u00b0451 Energ\u00eda e\u00f3lica: abastecimiento familiar (Saldungaray)<\/p>\n","protected":false},"excerpt":{"rendered":"<p>httpv:\/\/www.youtube.com\/watch?v=KiOsBAysUm4 httpv:\/\/www.youtube.com\/watch?v=88B3-r-7qjo Con \u00e9xito se cumpli\u00f3 el pasado martes la IV Feria de las Ciencias que se desarroll\u00f3 en el SUM de la Escuela N\u00ba 1 Domingo Faustino Sarmiento. 45 proyectos de diferentes establecimientos educativos fueron presentados y evaluados durante la jornada. \u00a0\u00a0 \u201cEl Objetivo general de las Ferias de Ciencia y tecnolog\u00eda es propiciar [&hellip;]<\/p>\n","protected":false},"author":1,"featured_media":0,"comment_status":"closed","ping_status":"open","sticky":false,"template":"","format":"standard","meta":{"footnotes":""},"categories":[51,52,64],"tags":[],"class_list":["post-7370","post","type-post","status-publish","format-standard","hentry","category-comunidad","category-destacadas","category-videos-destacados"],"yoast_head":"<!-- This site is optimized with the Yoast SEO plugin v19.7.1 - https:\/\/yoast.com\/wordpress\/plugins\/seo\/ -->\n<title>SE REALIZO OTRA EXITOSA FERIA DISTRITAL DE CIENCIA Y TECNOLOGIA (im\u00e1genes y notas) - CELTTV<\/title>\n<meta name=\"description\" content=\"Sitio web de noticias de la localidad de Tornquist, provincia de Buenos Aires, Rep\u00fablica Argentina. Contenido propio originado por periodistas de CELTTV, el canal de TV local de la Cooperativa El\u00e9ctrica de Tornquist. Turismo, Pol\u00edtica, Sociedad, Deporte, Cultura y todo el contenido de inter\u00e9s general que la gente del pueblo y la regi\u00f3n debe conocer.\" \/>\n<meta name=\"robots\" content=\"index, follow, max-snippet:-1, max-image-preview:large, max-video-preview:-1\" \/>\n<link rel=\"canonical\" href=\"https:\/\/www.celttv.com.ar\/index.php\/2012\/07\/06\/se-realizo-otra-exitosa-feria-distrital-de-ciencia-y-tecnologia-imagenes-y-notas\/\" \/>\n<meta property=\"og:locale\" content=\"es_ES\" \/>\n<meta property=\"og:type\" content=\"article\" \/>\n<meta property=\"og:title\" content=\"SE REALIZO OTRA EXITOSA FERIA DISTRITAL DE CIENCIA Y TECNOLOGIA (im\u00e1genes y notas) - CELTTV\" \/>\n<meta property=\"og:description\" content=\"Sitio web de noticias de la localidad de Tornquist, provincia de Buenos Aires, Rep\u00fablica Argentina. Contenido propio originado por periodistas de CELTTV, el canal de TV local de la Cooperativa El\u00e9ctrica de Tornquist. Turismo, Pol\u00edtica, Sociedad, Deporte, Cultura y todo el contenido de inter\u00e9s general que la gente del pueblo y la regi\u00f3n debe conocer.\" \/>\n<meta property=\"og:url\" content=\"https:\/\/www.celttv.com.ar\/index.php\/2012\/07\/06\/se-realizo-otra-exitosa-feria-distrital-de-ciencia-y-tecnologia-imagenes-y-notas\/\" \/>\n<meta property=\"og:site_name\" content=\"CELTTV\" \/>\n<meta property=\"article:publisher\" content=\"https:\/\/www.facebook.com\/celtTV\/\" \/>\n<meta property=\"article:published_time\" content=\"2012-07-06T14:51:54+00:00\" \/>\n<meta name=\"author\" content=\"ulises\" \/>\n<meta name=\"twitter:card\" content=\"summary_large_image\" \/>\n<meta name=\"twitter:label1\" content=\"Escrito por\" \/>\n\t<meta name=\"twitter:data1\" content=\"ulises\" \/>\n\t<meta name=\"twitter:label2\" content=\"Tiempo de lectura\" \/>\n\t<meta name=\"twitter:data2\" content=\"3 minutos\" \/>\n<script type=\"application\/ld+json\" class=\"yoast-schema-graph\">{\"@context\":\"https:\/\/schema.org\",\"@graph\":[{\"@type\":\"NewsArticle\",\"@id\":\"https:\/\/www.celttv.com.ar\/index.php\/2012\/07\/06\/se-realizo-otra-exitosa-feria-distrital-de-ciencia-y-tecnologia-imagenes-y-notas\/#article\",\"isPartOf\":{\"@id\":\"https:\/\/www.celttv.com.ar\/index.php\/2012\/07\/06\/se-realizo-otra-exitosa-feria-distrital-de-ciencia-y-tecnologia-imagenes-y-notas\/\"},\"author\":{\"name\":\"ulises\",\"@id\":\"https:\/\/www.celttv.com.ar\/#\/schema\/person\/6d99c072dba59953809c81446e9d0ace\"},\"headline\":\"SE REALIZO OTRA EXITOSA FERIA DISTRITAL DE CIENCIA Y TECNOLOGIA (im\u00e1genes y notas)\",\"datePublished\":\"2012-07-06T14:51:54+00:00\",\"dateModified\":\"2012-07-06T14:51:54+00:00\",\"mainEntityOfPage\":{\"@id\":\"https:\/\/www.celttv.com.ar\/index.php\/2012\/07\/06\/se-realizo-otra-exitosa-feria-distrital-de-ciencia-y-tecnologia-imagenes-y-notas\/\"},\"wordCount\":577,\"publisher\":{\"@id\":\"https:\/\/www.celttv.com.ar\/#organization\"},\"articleSection\":[\"Comunidad\",\"Destacadas\",\"Videos Destacados\"],\"inLanguage\":\"es\"},{\"@type\":\"WebPage\",\"@id\":\"https:\/\/www.celttv.com.ar\/index.php\/2012\/07\/06\/se-realizo-otra-exitosa-feria-distrital-de-ciencia-y-tecnologia-imagenes-y-notas\/\",\"url\":\"https:\/\/www.celttv.com.ar\/index.php\/2012\/07\/06\/se-realizo-otra-exitosa-feria-distrital-de-ciencia-y-tecnologia-imagenes-y-notas\/\",\"name\":\"SE REALIZO OTRA EXITOSA FERIA DISTRITAL DE CIENCIA Y TECNOLOGIA (im\u00e1genes y notas) - CELTTV\",\"isPartOf\":{\"@id\":\"https:\/\/www.celttv.com.ar\/#website\"},\"datePublished\":\"2012-07-06T14:51:54+00:00\",\"dateModified\":\"2012-07-06T14:51:54+00:00\",\"description\":\"Sitio web de noticias de la localidad de Tornquist, provincia de Buenos Aires, Rep\u00fablica Argentina. Contenido propio originado por periodistas de CELTTV, el canal de TV local de la Cooperativa El\u00e9ctrica de Tornquist. Turismo, Pol\u00edtica, Sociedad, Deporte, Cultura y todo el contenido de inter\u00e9s general que la gente del pueblo y la regi\u00f3n debe conocer.\",\"breadcrumb\":{\"@id\":\"https:\/\/www.celttv.com.ar\/index.php\/2012\/07\/06\/se-realizo-otra-exitosa-feria-distrital-de-ciencia-y-tecnologia-imagenes-y-notas\/#breadcrumb\"},\"inLanguage\":\"es\",\"potentialAction\":[{\"@type\":\"ReadAction\",\"target\":[\"https:\/\/www.celttv.com.ar\/index.php\/2012\/07\/06\/se-realizo-otra-exitosa-feria-distrital-de-ciencia-y-tecnologia-imagenes-y-notas\/\"]}]},{\"@type\":\"BreadcrumbList\",\"@id\":\"https:\/\/www.celttv.com.ar\/index.php\/2012\/07\/06\/se-realizo-otra-exitosa-feria-distrital-de-ciencia-y-tecnologia-imagenes-y-notas\/#breadcrumb\",\"itemListElement\":[{\"@type\":\"ListItem\",\"position\":1,\"name\":\"Inicio\",\"item\":\"https:\/\/www.celttv.com.ar\/\"},{\"@type\":\"ListItem\",\"position\":2,\"name\":\"SE REALIZO OTRA EXITOSA FERIA DISTRITAL DE CIENCIA Y TECNOLOGIA (im\u00e1genes y notas)\"}]},{\"@type\":\"WebSite\",\"@id\":\"https:\/\/www.celttv.com.ar\/#website\",\"url\":\"https:\/\/www.celttv.com.ar\/\",\"name\":\"CELTTV\",\"description\":\"Cooperativa El\u00e9ctrica de Tornquist\",\"publisher\":{\"@id\":\"https:\/\/www.celttv.com.ar\/#organization\"},\"potentialAction\":[{\"@type\":\"SearchAction\",\"target\":{\"@type\":\"EntryPoint\",\"urlTemplate\":\"https:\/\/www.celttv.com.ar\/?s={search_term_string}\"},\"query-input\":\"required name=search_term_string\"}],\"inLanguage\":\"es\"},{\"@type\":\"Organization\",\"@id\":\"https:\/\/www.celttv.com.ar\/#organization\",\"name\":\"CELTTV\",\"url\":\"https:\/\/www.celttv.com.ar\/\",\"sameAs\":[\"https:\/\/www.youtube.com\/channel\/UCz_oIt8Hig64Ub-EmcNPIhg\",\"https:\/\/www.facebook.com\/celtTV\/\"],\"logo\":{\"@type\":\"ImageObject\",\"inLanguage\":\"es\",\"@id\":\"https:\/\/www.celttv.com.ar\/#\/schema\/logo\/image\/\",\"url\":\"http:\/\/www.celttv.com.ar\/wp-content\/uploads\/2022\/08\/logo-1.png\",\"contentUrl\":\"http:\/\/www.celttv.com.ar\/wp-content\/uploads\/2022\/08\/logo-1.png\",\"width\":461,\"height\":159,\"caption\":\"CELTTV\"},\"image\":{\"@id\":\"https:\/\/www.celttv.com.ar\/#\/schema\/logo\/image\/\"}},{\"@type\":\"Person\",\"@id\":\"https:\/\/www.celttv.com.ar\/#\/schema\/person\/6d99c072dba59953809c81446e9d0ace\",\"name\":\"ulises\",\"image\":{\"@type\":\"ImageObject\",\"inLanguage\":\"es\",\"@id\":\"https:\/\/www.celttv.com.ar\/#\/schema\/person\/image\/\",\"url\":\"https:\/\/secure.gravatar.com\/avatar\/7f2c48bdc33b30088f941fb6082e555f2874c98e20cb159d7b92b50eadfce793?s=96&d=mm&r=g\",\"contentUrl\":\"https:\/\/secure.gravatar.com\/avatar\/7f2c48bdc33b30088f941fb6082e555f2874c98e20cb159d7b92b50eadfce793?s=96&d=mm&r=g\",\"caption\":\"ulises\"},\"sameAs\":[\"http:\/\/www.celttv.com.ar\"]}]}<\/script>\n<!-- \/ Yoast SEO plugin. -->","yoast_head_json":{"title":"SE REALIZO OTRA EXITOSA FERIA DISTRITAL DE CIENCIA Y TECNOLOGIA (im\u00e1genes y notas) - CELTTV","description":"Sitio web de noticias de la localidad de Tornquist, provincia de Buenos Aires, Rep\u00fablica Argentina. Contenido propio originado por periodistas de CELTTV, el canal de TV local de la Cooperativa El\u00e9ctrica de Tornquist. Turismo, Pol\u00edtica, Sociedad, Deporte, Cultura y todo el contenido de inter\u00e9s general que la gente del pueblo y la regi\u00f3n debe conocer.","robots":{"index":"index","follow":"follow","max-snippet":"max-snippet:-1","max-image-preview":"max-image-preview:large","max-video-preview":"max-video-preview:-1"},"canonical":"https:\/\/www.celttv.com.ar\/index.php\/2012\/07\/06\/se-realizo-otra-exitosa-feria-distrital-de-ciencia-y-tecnologia-imagenes-y-notas\/","og_locale":"es_ES","og_type":"article","og_title":"SE REALIZO OTRA EXITOSA FERIA DISTRITAL DE CIENCIA Y TECNOLOGIA (im\u00e1genes y notas) - CELTTV","og_description":"Sitio web de noticias de la localidad de Tornquist, provincia de Buenos Aires, Rep\u00fablica Argentina. Contenido propio originado por periodistas de CELTTV, el canal de TV local de la Cooperativa El\u00e9ctrica de Tornquist. Turismo, Pol\u00edtica, Sociedad, Deporte, Cultura y todo el contenido de inter\u00e9s general que la gente del pueblo y la regi\u00f3n debe conocer.","og_url":"https:\/\/www.celttv.com.ar\/index.php\/2012\/07\/06\/se-realizo-otra-exitosa-feria-distrital-de-ciencia-y-tecnologia-imagenes-y-notas\/","og_site_name":"CELTTV","article_publisher":"https:\/\/www.facebook.com\/celtTV\/","article_published_time":"2012-07-06T14:51:54+00:00","author":"ulises","twitter_card":"summary_large_image","twitter_misc":{"Escrito por":"ulises","Tiempo de lectura":"3 minutos"},"schema":{"@context":"https:\/\/schema.org","@graph":[{"@type":"NewsArticle","@id":"https:\/\/www.celttv.com.ar\/index.php\/2012\/07\/06\/se-realizo-otra-exitosa-feria-distrital-de-ciencia-y-tecnologia-imagenes-y-notas\/#article","isPartOf":{"@id":"https:\/\/www.celttv.com.ar\/index.php\/2012\/07\/06\/se-realizo-otra-exitosa-feria-distrital-de-ciencia-y-tecnologia-imagenes-y-notas\/"},"author":{"name":"ulises","@id":"https:\/\/www.celttv.com.ar\/#\/schema\/person\/6d99c072dba59953809c81446e9d0ace"},"headline":"SE REALIZO OTRA EXITOSA FERIA DISTRITAL DE CIENCIA Y TECNOLOGIA (im\u00e1genes y notas)","datePublished":"2012-07-06T14:51:54+00:00","dateModified":"2012-07-06T14:51:54+00:00","mainEntityOfPage":{"@id":"https:\/\/www.celttv.com.ar\/index.php\/2012\/07\/06\/se-realizo-otra-exitosa-feria-distrital-de-ciencia-y-tecnologia-imagenes-y-notas\/"},"wordCount":577,"publisher":{"@id":"https:\/\/www.celttv.com.ar\/#organization"},"articleSection":["Comunidad","Destacadas","Videos Destacados"],"inLanguage":"es"},{"@type":"WebPage","@id":"https:\/\/www.celttv.com.ar\/index.php\/2012\/07\/06\/se-realizo-otra-exitosa-feria-distrital-de-ciencia-y-tecnologia-imagenes-y-notas\/","url":"https:\/\/www.celttv.com.ar\/index.php\/2012\/07\/06\/se-realizo-otra-exitosa-feria-distrital-de-ciencia-y-tecnologia-imagenes-y-notas\/","name":"SE REALIZO OTRA EXITOSA FERIA DISTRITAL DE CIENCIA Y TECNOLOGIA (im\u00e1genes y notas) - CELTTV","isPartOf":{"@id":"https:\/\/www.celttv.com.ar\/#website"},"datePublished":"2012-07-06T14:51:54+00:00","dateModified":"2012-07-06T14:51:54+00:00","description":"Sitio web de noticias de la localidad de Tornquist, provincia de Buenos Aires, Rep\u00fablica Argentina. Contenido propio originado por periodistas de CELTTV, el canal de TV local de la Cooperativa El\u00e9ctrica de Tornquist. Turismo, Pol\u00edtica, Sociedad, Deporte, Cultura y todo el contenido de inter\u00e9s general que la gente del pueblo y la regi\u00f3n debe conocer.","breadcrumb":{"@id":"https:\/\/www.celttv.com.ar\/index.php\/2012\/07\/06\/se-realizo-otra-exitosa-feria-distrital-de-ciencia-y-tecnologia-imagenes-y-notas\/#breadcrumb"},"inLanguage":"es","potentialAction":[{"@type":"ReadAction","target":["https:\/\/www.celttv.com.ar\/index.php\/2012\/07\/06\/se-realizo-otra-exitosa-feria-distrital-de-ciencia-y-tecnologia-imagenes-y-notas\/"]}]},{"@type":"BreadcrumbList","@id":"https:\/\/www.celttv.com.ar\/index.php\/2012\/07\/06\/se-realizo-otra-exitosa-feria-distrital-de-ciencia-y-tecnologia-imagenes-y-notas\/#breadcrumb","itemListElement":[{"@type":"ListItem","position":1,"name":"Inicio","item":"https:\/\/www.celttv.com.ar\/"},{"@type":"ListItem","position":2,"name":"SE REALIZO OTRA EXITOSA FERIA DISTRITAL DE CIENCIA Y TECNOLOGIA (im\u00e1genes y notas)"}]},{"@type":"WebSite","@id":"https:\/\/www.celttv.com.ar\/#website","url":"https:\/\/www.celttv.com.ar\/","name":"CELTTV","description":"Cooperativa El\u00e9ctrica de Tornquist","publisher":{"@id":"https:\/\/www.celttv.com.ar\/#organization"},"potentialAction":[{"@type":"SearchAction","target":{"@type":"EntryPoint","urlTemplate":"https:\/\/www.celttv.com.ar\/?s={search_term_string}"},"query-input":"required name=search_term_string"}],"inLanguage":"es"},{"@type":"Organization","@id":"https:\/\/www.celttv.com.ar\/#organization","name":"CELTTV","url":"https:\/\/www.celttv.com.ar\/","sameAs":["https:\/\/www.youtube.com\/channel\/UCz_oIt8Hig64Ub-EmcNPIhg","https:\/\/www.facebook.com\/celtTV\/"],"logo":{"@type":"ImageObject","inLanguage":"es","@id":"https:\/\/www.celttv.com.ar\/#\/schema\/logo\/image\/","url":"http:\/\/www.celttv.com.ar\/wp-content\/uploads\/2022\/08\/logo-1.png","contentUrl":"http:\/\/www.celttv.com.ar\/wp-content\/uploads\/2022\/08\/logo-1.png","width":461,"height":159,"caption":"CELTTV"},"image":{"@id":"https:\/\/www.celttv.com.ar\/#\/schema\/logo\/image\/"}},{"@type":"Person","@id":"https:\/\/www.celttv.com.ar\/#\/schema\/person\/6d99c072dba59953809c81446e9d0ace","name":"ulises","image":{"@type":"ImageObject","inLanguage":"es","@id":"https:\/\/www.celttv.com.ar\/#\/schema\/person\/image\/","url":"https:\/\/secure.gravatar.com\/avatar\/7f2c48bdc33b30088f941fb6082e555f2874c98e20cb159d7b92b50eadfce793?s=96&d=mm&r=g","contentUrl":"https:\/\/secure.gravatar.com\/avatar\/7f2c48bdc33b30088f941fb6082e555f2874c98e20cb159d7b92b50eadfce793?s=96&d=mm&r=g","caption":"ulises"},"sameAs":["http:\/\/www.celttv.com.ar"]}]}},"_links":{"self":[{"href":"https:\/\/www.celttv.com.ar\/index.php\/wp-json\/wp\/v2\/posts\/7370","targetHints":{"allow":["GET"]}}],"collection":[{"href":"https:\/\/www.celttv.com.ar\/index.php\/wp-json\/wp\/v2\/posts"}],"about":[{"href":"https:\/\/www.celttv.com.ar\/index.php\/wp-json\/wp\/v2\/types\/post"}],"author":[{"embeddable":true,"href":"https:\/\/www.celttv.com.ar\/index.php\/wp-json\/wp\/v2\/users\/1"}],"replies":[{"embeddable":true,"href":"https:\/\/www.celttv.com.ar\/index.php\/wp-json\/wp\/v2\/comments?post=7370"}],"version-history":[{"count":0,"href":"https:\/\/www.celttv.com.ar\/index.php\/wp-json\/wp\/v2\/posts\/7370\/revisions"}],"wp:attachment":[{"href":"https:\/\/www.celttv.com.ar\/index.php\/wp-json\/wp\/v2\/media?parent=7370"}],"wp:term":[{"taxonomy":"category","embeddable":true,"href":"https:\/\/www.celttv.com.ar\/index.php\/wp-json\/wp\/v2\/categories?post=7370"},{"taxonomy":"post_tag","embeddable":true,"href":"https:\/\/www.celttv.com.ar\/index.php\/wp-json\/wp\/v2\/tags?post=7370"}],"curies":[{"name":"wp","href":"https:\/\/api.w.org\/{rel}","templated":true}]}}