{"id":73759,"date":"2023-02-21T14:01:31","date_gmt":"2023-02-21T17:01:31","guid":{"rendered":"http:\/\/www.celttv.com.ar\/?p=73759"},"modified":"2023-02-21T14:01:31","modified_gmt":"2023-02-21T17:01:31","slug":"distintos-proyectos-y-objetivos-se-estan-llevando-a-cabo-en-el-marco-de-los-80-anos-del-club-union-video","status":"publish","type":"post","link":"https:\/\/www.celttv.com.ar\/index.php\/2023\/02\/21\/distintos-proyectos-y-objetivos-se-estan-llevando-a-cabo-en-el-marco-de-los-80-anos-del-club-union-video\/","title":{"rendered":"Distintos proyectos y objetivos se est\u00e1n llevando a cabo en el marco de los 80 a\u00f1os del Club Uni\u00f3n (Video)"},"content":{"rendered":"<p>Con distintos proyectos y objetivos para llevar a cabo en el marco de los festejos de los 80 a\u00f1os del Club Uni\u00f3n, el presidente y tesorera de la instituci\u00f3n, Jorge Schmdit y Romanela Berjesio, respectivamente, estuvieron en el programa CELTTV NOTICIAS, donde compartieron c\u00f3mo se viene trabajando en dicho sentido.<\/p>\n<p>En un principio, Schmidt y Berjesio se refirieron al \u00e9xito que represent\u00f3 el recital de Ricardo Iorio en el estadio &#8220;Juan Jos\u00e9 Bolletta&#8221;, el cual reuni\u00f3 a alrededor de 1600 personas.<\/p>\n<p><iframe loading=\"lazy\" title=\"2023 02 21 ROMANELA Y JORGE CLUB UNION   RECITAL DE IORIO\" width=\"500\" height=\"281\" src=\"https:\/\/www.youtube.com\/embed\/LpbT-c81qNY?feature=oembed\" frameborder=\"0\" allow=\"accelerometer; autoplay; clipboard-write; encrypted-media; gyroscope; picture-in-picture; web-share\" referrerpolicy=\"strict-origin-when-cross-origin\" allowfullscreen><\/iframe><\/p>\n<p>Por su parte, Berjesio coment\u00f3 el nuevo proyecto que se est\u00e1 llevando adelante en el hockey de la entidad verde, el cual apunta a seguir creciendo y proyect\u00e1ndose a nivel local y regional.<\/p>\n<p><iframe loading=\"lazy\" title=\"2023 02 21 ROMANELA   HOCKEY\" width=\"500\" height=\"281\" src=\"https:\/\/www.youtube.com\/embed\/2ofhOe0Tv0A?feature=oembed\" frameborder=\"0\" allow=\"accelerometer; autoplay; clipboard-write; encrypted-media; gyroscope; picture-in-picture; web-share\" referrerpolicy=\"strict-origin-when-cross-origin\" allowfullscreen><\/iframe><\/p>\n<p>Por \u00faltimo, Schmidt destac\u00f3 el rol social y los distintos proyectos que persigue la actual comisi\u00f3n directiva, la cual busca sumar voluntades y esfuerzos en pos de ayudar al Club Uni\u00f3n a seguir creciendo.<\/p>\n<p><iframe loading=\"lazy\" title=\"2023 02 21 ROMANELA Y JORGE CLUB UNION   ACTUALIDAD DE LA INSTITUCION\" width=\"500\" height=\"281\" src=\"https:\/\/www.youtube.com\/embed\/229K6wJnkvU?feature=oembed\" frameborder=\"0\" allow=\"accelerometer; autoplay; clipboard-write; encrypted-media; gyroscope; picture-in-picture; web-share\" referrerpolicy=\"strict-origin-when-cross-origin\" allowfullscreen><\/iframe><\/p>\n<p>&nbsp;<\/p>\n","protected":false},"excerpt":{"rendered":"<p>Con distintos proyectos y objetivos para llevar a cabo en el marco de los festejos de los 80 a\u00f1os del Club Uni\u00f3n, el presidente y tesorera de la instituci\u00f3n, Jorge Schmdit y Romanela Berjesio, respectivamente, estuvieron en el programa CELTTV NOTICIAS, donde compartieron c\u00f3mo se viene trabajando en dicho sentido. En un principio, Schmidt y [&hellip;]<\/p>\n","protected":false},"author":3,"featured_media":73760,"comment_status":"closed","ping_status":"closed","sticky":false,"template":"","format":"standard","meta":{"footnotes":""},"categories":[55],"tags":[],"class_list":["post-73759","post","type-post","status-publish","format-standard","has-post-thumbnail","hentry","category-celt-tv-noticias"],"yoast_head":"<!-- This site is optimized with the Yoast SEO plugin v19.7.1 - https:\/\/yoast.com\/wordpress\/plugins\/seo\/ -->\n<title>Distintos proyectos y objetivos se est\u00e1n llevando a cabo en el marco de los 80 a\u00f1os del Club Uni\u00f3n (Video) - CELTTV<\/title>\n<meta name=\"description\" content=\"Sitio web de noticias de la localidad de Tornquist, provincia de Buenos Aires, Rep\u00fablica Argentina. Contenido propio originado por periodistas de CELTTV, el canal de TV local de la Cooperativa El\u00e9ctrica de Tornquist. Turismo, Pol\u00edtica, Sociedad, Deporte, Cultura y todo el contenido de inter\u00e9s general que la gente del pueblo y la regi\u00f3n debe conocer.\" \/>\n<meta name=\"robots\" content=\"index, follow, max-snippet:-1, max-image-preview:large, max-video-preview:-1\" \/>\n<link rel=\"canonical\" href=\"https:\/\/www.celttv.com.ar\/index.php\/2023\/02\/21\/distintos-proyectos-y-objetivos-se-estan-llevando-a-cabo-en-el-marco-de-los-80-anos-del-club-union-video\/\" \/>\n<meta property=\"og:locale\" content=\"es_ES\" \/>\n<meta property=\"og:type\" content=\"article\" \/>\n<meta property=\"og:title\" content=\"Distintos proyectos y objetivos se est\u00e1n llevando a cabo en el marco de los 80 a\u00f1os del Club Uni\u00f3n (Video) - CELTTV\" \/>\n<meta property=\"og:description\" content=\"Sitio web de noticias de la localidad de Tornquist, provincia de Buenos Aires, Rep\u00fablica Argentina. Contenido propio originado por periodistas de CELTTV, el canal de TV local de la Cooperativa El\u00e9ctrica de Tornquist. Turismo, Pol\u00edtica, Sociedad, Deporte, Cultura y todo el contenido de inter\u00e9s general que la gente del pueblo y la regi\u00f3n debe conocer.\" \/>\n<meta property=\"og:url\" content=\"https:\/\/www.celttv.com.ar\/index.php\/2023\/02\/21\/distintos-proyectos-y-objetivos-se-estan-llevando-a-cabo-en-el-marco-de-los-80-anos-del-club-union-video\/\" \/>\n<meta property=\"og:site_name\" content=\"CELTTV\" \/>\n<meta property=\"article:publisher\" content=\"https:\/\/www.facebook.com\/celtTV\/\" \/>\n<meta property=\"article:published_time\" content=\"2023-02-21T17:01:31+00:00\" \/>\n<meta property=\"og:image\" content=\"https:\/\/www.celttv.com.ar\/wp-content\/uploads\/2023\/02\/0eadfa5b-22b8-4b49-90c0-cf0ee3ffcfca.jpg\" \/>\n\t<meta property=\"og:image:width\" content=\"1595\" \/>\n\t<meta property=\"og:image:height\" content=\"913\" \/>\n\t<meta property=\"og:image:type\" content=\"image\/jpeg\" \/>\n<meta name=\"author\" content=\"Rodrigo Sgammini\" \/>\n<meta name=\"twitter:card\" content=\"summary_large_image\" \/>\n<meta name=\"twitter:label1\" content=\"Escrito por\" \/>\n\t<meta name=\"twitter:data1\" content=\"Rodrigo Sgammini\" \/>\n\t<meta name=\"twitter:label2\" content=\"Tiempo de lectura\" \/>\n\t<meta name=\"twitter:data2\" content=\"1 minuto\" \/>\n<script type=\"application\/ld+json\" class=\"yoast-schema-graph\">{\"@context\":\"https:\/\/schema.org\",\"@graph\":[{\"@type\":\"NewsArticle\",\"@id\":\"https:\/\/www.celttv.com.ar\/index.php\/2023\/02\/21\/distintos-proyectos-y-objetivos-se-estan-llevando-a-cabo-en-el-marco-de-los-80-anos-del-club-union-video\/#article\",\"isPartOf\":{\"@id\":\"https:\/\/www.celttv.com.ar\/index.php\/2023\/02\/21\/distintos-proyectos-y-objetivos-se-estan-llevando-a-cabo-en-el-marco-de-los-80-anos-del-club-union-video\/\"},\"author\":{\"name\":\"Rodrigo Sgammini\",\"@id\":\"https:\/\/www.celttv.com.ar\/#\/schema\/person\/495be51d064edd971d8457f8f64eb172\"},\"headline\":\"Distintos proyectos y objetivos se est\u00e1n llevando a cabo en el marco de los 80 a\u00f1os del Club Uni\u00f3n (Video)\",\"datePublished\":\"2023-02-21T17:01:31+00:00\",\"dateModified\":\"2023-02-21T17:01:31+00:00\",\"mainEntityOfPage\":{\"@id\":\"https:\/\/www.celttv.com.ar\/index.php\/2023\/02\/21\/distintos-proyectos-y-objetivos-se-estan-llevando-a-cabo-en-el-marco-de-los-80-anos-del-club-union-video\/\"},\"wordCount\":192,\"publisher\":{\"@id\":\"https:\/\/www.celttv.com.ar\/#organization\"},\"articleSection\":[\"Celt TV Noticias\"],\"inLanguage\":\"es\"},{\"@type\":\"WebPage\",\"@id\":\"https:\/\/www.celttv.com.ar\/index.php\/2023\/02\/21\/distintos-proyectos-y-objetivos-se-estan-llevando-a-cabo-en-el-marco-de-los-80-anos-del-club-union-video\/\",\"url\":\"https:\/\/www.celttv.com.ar\/index.php\/2023\/02\/21\/distintos-proyectos-y-objetivos-se-estan-llevando-a-cabo-en-el-marco-de-los-80-anos-del-club-union-video\/\",\"name\":\"Distintos proyectos y objetivos se est\u00e1n llevando a cabo en el marco de los 80 a\u00f1os del Club Uni\u00f3n (Video) - CELTTV\",\"isPartOf\":{\"@id\":\"https:\/\/www.celttv.com.ar\/#website\"},\"datePublished\":\"2023-02-21T17:01:31+00:00\",\"dateModified\":\"2023-02-21T17:01:31+00:00\",\"description\":\"Sitio web de noticias de la localidad de Tornquist, provincia de Buenos Aires, Rep\u00fablica Argentina. Contenido propio originado por periodistas de CELTTV, el canal de TV local de la Cooperativa El\u00e9ctrica de Tornquist. Turismo, Pol\u00edtica, Sociedad, Deporte, Cultura y todo el contenido de inter\u00e9s general que la gente del pueblo y la regi\u00f3n debe conocer.\",\"breadcrumb\":{\"@id\":\"https:\/\/www.celttv.com.ar\/index.php\/2023\/02\/21\/distintos-proyectos-y-objetivos-se-estan-llevando-a-cabo-en-el-marco-de-los-80-anos-del-club-union-video\/#breadcrumb\"},\"inLanguage\":\"es\",\"potentialAction\":[{\"@type\":\"ReadAction\",\"target\":[\"https:\/\/www.celttv.com.ar\/index.php\/2023\/02\/21\/distintos-proyectos-y-objetivos-se-estan-llevando-a-cabo-en-el-marco-de-los-80-anos-del-club-union-video\/\"]}]},{\"@type\":\"BreadcrumbList\",\"@id\":\"https:\/\/www.celttv.com.ar\/index.php\/2023\/02\/21\/distintos-proyectos-y-objetivos-se-estan-llevando-a-cabo-en-el-marco-de-los-80-anos-del-club-union-video\/#breadcrumb\",\"itemListElement\":[{\"@type\":\"ListItem\",\"position\":1,\"name\":\"Inicio\",\"item\":\"https:\/\/www.celttv.com.ar\/\"},{\"@type\":\"ListItem\",\"position\":2,\"name\":\"Distintos proyectos y objetivos se est\u00e1n llevando a cabo en el marco de los 80 a\u00f1os del Club Uni\u00f3n (Video)\"}]},{\"@type\":\"WebSite\",\"@id\":\"https:\/\/www.celttv.com.ar\/#website\",\"url\":\"https:\/\/www.celttv.com.ar\/\",\"name\":\"CELTTV\",\"description\":\"Cooperativa El\u00e9ctrica de Tornquist\",\"publisher\":{\"@id\":\"https:\/\/www.celttv.com.ar\/#organization\"},\"potentialAction\":[{\"@type\":\"SearchAction\",\"target\":{\"@type\":\"EntryPoint\",\"urlTemplate\":\"https:\/\/www.celttv.com.ar\/?s={search_term_string}\"},\"query-input\":\"required name=search_term_string\"}],\"inLanguage\":\"es\"},{\"@type\":\"Organization\",\"@id\":\"https:\/\/www.celttv.com.ar\/#organization\",\"name\":\"CELTTV\",\"url\":\"https:\/\/www.celttv.com.ar\/\",\"sameAs\":[\"https:\/\/www.youtube.com\/channel\/UCz_oIt8Hig64Ub-EmcNPIhg\",\"https:\/\/www.facebook.com\/celtTV\/\"],\"logo\":{\"@type\":\"ImageObject\",\"inLanguage\":\"es\",\"@id\":\"https:\/\/www.celttv.com.ar\/#\/schema\/logo\/image\/\",\"url\":\"http:\/\/www.celttv.com.ar\/wp-content\/uploads\/2022\/08\/logo-1.png\",\"contentUrl\":\"http:\/\/www.celttv.com.ar\/wp-content\/uploads\/2022\/08\/logo-1.png\",\"width\":461,\"height\":159,\"caption\":\"CELTTV\"},\"image\":{\"@id\":\"https:\/\/www.celttv.com.ar\/#\/schema\/logo\/image\/\"}},{\"@type\":\"Person\",\"@id\":\"https:\/\/www.celttv.com.ar\/#\/schema\/person\/495be51d064edd971d8457f8f64eb172\",\"name\":\"Rodrigo Sgammini\",\"image\":{\"@type\":\"ImageObject\",\"inLanguage\":\"es\",\"@id\":\"https:\/\/www.celttv.com.ar\/#\/schema\/person\/image\/\",\"url\":\"https:\/\/secure.gravatar.com\/avatar\/68f7848d42735e7a9276b47cd6e606327d88f521c51ae39d88888b76902e2987?s=96&d=mm&r=g\",\"contentUrl\":\"https:\/\/secure.gravatar.com\/avatar\/68f7848d42735e7a9276b47cd6e606327d88f521c51ae39d88888b76902e2987?s=96&d=mm&r=g\",\"caption\":\"Rodrigo Sgammini\"}}]}<\/script>\n<!-- \/ Yoast SEO plugin. -->","yoast_head_json":{"title":"Distintos proyectos y objetivos se est\u00e1n llevando a cabo en el marco de los 80 a\u00f1os del Club Uni\u00f3n (Video) - CELTTV","description":"Sitio web de noticias de la localidad de Tornquist, provincia de Buenos Aires, Rep\u00fablica Argentina. Contenido propio originado por periodistas de CELTTV, el canal de TV local de la Cooperativa El\u00e9ctrica de Tornquist. Turismo, Pol\u00edtica, Sociedad, Deporte, Cultura y todo el contenido de inter\u00e9s general que la gente del pueblo y la regi\u00f3n debe conocer.","robots":{"index":"index","follow":"follow","max-snippet":"max-snippet:-1","max-image-preview":"max-image-preview:large","max-video-preview":"max-video-preview:-1"},"canonical":"https:\/\/www.celttv.com.ar\/index.php\/2023\/02\/21\/distintos-proyectos-y-objetivos-se-estan-llevando-a-cabo-en-el-marco-de-los-80-anos-del-club-union-video\/","og_locale":"es_ES","og_type":"article","og_title":"Distintos proyectos y objetivos se est\u00e1n llevando a cabo en el marco de los 80 a\u00f1os del Club Uni\u00f3n (Video) - CELTTV","og_description":"Sitio web de noticias de la localidad de Tornquist, provincia de Buenos Aires, Rep\u00fablica Argentina. Contenido propio originado por periodistas de CELTTV, el canal de TV local de la Cooperativa El\u00e9ctrica de Tornquist. Turismo, Pol\u00edtica, Sociedad, Deporte, Cultura y todo el contenido de inter\u00e9s general que la gente del pueblo y la regi\u00f3n debe conocer.","og_url":"https:\/\/www.celttv.com.ar\/index.php\/2023\/02\/21\/distintos-proyectos-y-objetivos-se-estan-llevando-a-cabo-en-el-marco-de-los-80-anos-del-club-union-video\/","og_site_name":"CELTTV","article_publisher":"https:\/\/www.facebook.com\/celtTV\/","article_published_time":"2023-02-21T17:01:31+00:00","og_image":[{"width":1595,"height":913,"url":"https:\/\/www.celttv.com.ar\/wp-content\/uploads\/2023\/02\/0eadfa5b-22b8-4b49-90c0-cf0ee3ffcfca.jpg","type":"image\/jpeg"}],"author":"Rodrigo Sgammini","twitter_card":"summary_large_image","twitter_misc":{"Escrito por":"Rodrigo Sgammini","Tiempo de lectura":"1 minuto"},"schema":{"@context":"https:\/\/schema.org","@graph":[{"@type":"NewsArticle","@id":"https:\/\/www.celttv.com.ar\/index.php\/2023\/02\/21\/distintos-proyectos-y-objetivos-se-estan-llevando-a-cabo-en-el-marco-de-los-80-anos-del-club-union-video\/#article","isPartOf":{"@id":"https:\/\/www.celttv.com.ar\/index.php\/2023\/02\/21\/distintos-proyectos-y-objetivos-se-estan-llevando-a-cabo-en-el-marco-de-los-80-anos-del-club-union-video\/"},"author":{"name":"Rodrigo Sgammini","@id":"https:\/\/www.celttv.com.ar\/#\/schema\/person\/495be51d064edd971d8457f8f64eb172"},"headline":"Distintos proyectos y objetivos se est\u00e1n llevando a cabo en el marco de los 80 a\u00f1os del Club Uni\u00f3n (Video)","datePublished":"2023-02-21T17:01:31+00:00","dateModified":"2023-02-21T17:01:31+00:00","mainEntityOfPage":{"@id":"https:\/\/www.celttv.com.ar\/index.php\/2023\/02\/21\/distintos-proyectos-y-objetivos-se-estan-llevando-a-cabo-en-el-marco-de-los-80-anos-del-club-union-video\/"},"wordCount":192,"publisher":{"@id":"https:\/\/www.celttv.com.ar\/#organization"},"articleSection":["Celt TV Noticias"],"inLanguage":"es"},{"@type":"WebPage","@id":"https:\/\/www.celttv.com.ar\/index.php\/2023\/02\/21\/distintos-proyectos-y-objetivos-se-estan-llevando-a-cabo-en-el-marco-de-los-80-anos-del-club-union-video\/","url":"https:\/\/www.celttv.com.ar\/index.php\/2023\/02\/21\/distintos-proyectos-y-objetivos-se-estan-llevando-a-cabo-en-el-marco-de-los-80-anos-del-club-union-video\/","name":"Distintos proyectos y objetivos se est\u00e1n llevando a cabo en el marco de los 80 a\u00f1os del Club Uni\u00f3n (Video) - CELTTV","isPartOf":{"@id":"https:\/\/www.celttv.com.ar\/#website"},"datePublished":"2023-02-21T17:01:31+00:00","dateModified":"2023-02-21T17:01:31+00:00","description":"Sitio web de noticias de la localidad de Tornquist, provincia de Buenos Aires, Rep\u00fablica Argentina. Contenido propio originado por periodistas de CELTTV, el canal de TV local de la Cooperativa El\u00e9ctrica de Tornquist. Turismo, Pol\u00edtica, Sociedad, Deporte, Cultura y todo el contenido de inter\u00e9s general que la gente del pueblo y la regi\u00f3n debe conocer.","breadcrumb":{"@id":"https:\/\/www.celttv.com.ar\/index.php\/2023\/02\/21\/distintos-proyectos-y-objetivos-se-estan-llevando-a-cabo-en-el-marco-de-los-80-anos-del-club-union-video\/#breadcrumb"},"inLanguage":"es","potentialAction":[{"@type":"ReadAction","target":["https:\/\/www.celttv.com.ar\/index.php\/2023\/02\/21\/distintos-proyectos-y-objetivos-se-estan-llevando-a-cabo-en-el-marco-de-los-80-anos-del-club-union-video\/"]}]},{"@type":"BreadcrumbList","@id":"https:\/\/www.celttv.com.ar\/index.php\/2023\/02\/21\/distintos-proyectos-y-objetivos-se-estan-llevando-a-cabo-en-el-marco-de-los-80-anos-del-club-union-video\/#breadcrumb","itemListElement":[{"@type":"ListItem","position":1,"name":"Inicio","item":"https:\/\/www.celttv.com.ar\/"},{"@type":"ListItem","position":2,"name":"Distintos proyectos y objetivos se est\u00e1n llevando a cabo en el marco de los 80 a\u00f1os del Club Uni\u00f3n (Video)"}]},{"@type":"WebSite","@id":"https:\/\/www.celttv.com.ar\/#website","url":"https:\/\/www.celttv.com.ar\/","name":"CELTTV","description":"Cooperativa El\u00e9ctrica de Tornquist","publisher":{"@id":"https:\/\/www.celttv.com.ar\/#organization"},"potentialAction":[{"@type":"SearchAction","target":{"@type":"EntryPoint","urlTemplate":"https:\/\/www.celttv.com.ar\/?s={search_term_string}"},"query-input":"required name=search_term_string"}],"inLanguage":"es"},{"@type":"Organization","@id":"https:\/\/www.celttv.com.ar\/#organization","name":"CELTTV","url":"https:\/\/www.celttv.com.ar\/","sameAs":["https:\/\/www.youtube.com\/channel\/UCz_oIt8Hig64Ub-EmcNPIhg","https:\/\/www.facebook.com\/celtTV\/"],"logo":{"@type":"ImageObject","inLanguage":"es","@id":"https:\/\/www.celttv.com.ar\/#\/schema\/logo\/image\/","url":"http:\/\/www.celttv.com.ar\/wp-content\/uploads\/2022\/08\/logo-1.png","contentUrl":"http:\/\/www.celttv.com.ar\/wp-content\/uploads\/2022\/08\/logo-1.png","width":461,"height":159,"caption":"CELTTV"},"image":{"@id":"https:\/\/www.celttv.com.ar\/#\/schema\/logo\/image\/"}},{"@type":"Person","@id":"https:\/\/www.celttv.com.ar\/#\/schema\/person\/495be51d064edd971d8457f8f64eb172","name":"Rodrigo Sgammini","image":{"@type":"ImageObject","inLanguage":"es","@id":"https:\/\/www.celttv.com.ar\/#\/schema\/person\/image\/","url":"https:\/\/secure.gravatar.com\/avatar\/68f7848d42735e7a9276b47cd6e606327d88f521c51ae39d88888b76902e2987?s=96&d=mm&r=g","contentUrl":"https:\/\/secure.gravatar.com\/avatar\/68f7848d42735e7a9276b47cd6e606327d88f521c51ae39d88888b76902e2987?s=96&d=mm&r=g","caption":"Rodrigo Sgammini"}}]}},"_links":{"self":[{"href":"https:\/\/www.celttv.com.ar\/index.php\/wp-json\/wp\/v2\/posts\/73759","targetHints":{"allow":["GET"]}}],"collection":[{"href":"https:\/\/www.celttv.com.ar\/index.php\/wp-json\/wp\/v2\/posts"}],"about":[{"href":"https:\/\/www.celttv.com.ar\/index.php\/wp-json\/wp\/v2\/types\/post"}],"author":[{"embeddable":true,"href":"https:\/\/www.celttv.com.ar\/index.php\/wp-json\/wp\/v2\/users\/3"}],"replies":[{"embeddable":true,"href":"https:\/\/www.celttv.com.ar\/index.php\/wp-json\/wp\/v2\/comments?post=73759"}],"version-history":[{"count":1,"href":"https:\/\/www.celttv.com.ar\/index.php\/wp-json\/wp\/v2\/posts\/73759\/revisions"}],"predecessor-version":[{"id":73761,"href":"https:\/\/www.celttv.com.ar\/index.php\/wp-json\/wp\/v2\/posts\/73759\/revisions\/73761"}],"wp:featuredmedia":[{"embeddable":true,"href":"https:\/\/www.celttv.com.ar\/index.php\/wp-json\/wp\/v2\/media\/73760"}],"wp:attachment":[{"href":"https:\/\/www.celttv.com.ar\/index.php\/wp-json\/wp\/v2\/media?parent=73759"}],"wp:term":[{"taxonomy":"category","embeddable":true,"href":"https:\/\/www.celttv.com.ar\/index.php\/wp-json\/wp\/v2\/categories?post=73759"},{"taxonomy":"post_tag","embeddable":true,"href":"https:\/\/www.celttv.com.ar\/index.php\/wp-json\/wp\/v2\/tags?post=73759"}],"curies":[{"name":"wp","href":"https:\/\/api.w.org\/{rel}","templated":true}]}}