{"id":73763,"date":"2023-02-22T10:57:07","date_gmt":"2023-02-22T13:57:07","guid":{"rendered":"http:\/\/www.celttv.com.ar\/?p=73763"},"modified":"2023-02-22T10:57:07","modified_gmt":"2023-02-22T13:57:07","slug":"todos-juntos-sin-proscripciones-y-unidos-para-transformar","status":"publish","type":"post","link":"https:\/\/www.celttv.com.ar\/index.php\/2023\/02\/22\/todos-juntos-sin-proscripciones-y-unidos-para-transformar\/","title":{"rendered":"Todos juntos, sin proscripciones y unidos para transformar"},"content":{"rendered":"<p align=\"JUSTIFY\">Una vez m\u00e1s, peligra el futuro de la patria. En un tiempo en que nos debatimos en medio de la incertidumbre que plantea una guerra que -aunque lejana- afecta a nuestra econom\u00eda, una crisis clim\u00e1tica que se hace interminable, una pandemia cuyas consecuencias a\u00fan son inciertas, la codicia insaciable del mercado y la frustraci\u00f3n de la sociedad, tenemos la responsabilidad de ver con total claridad que en este 2023 nuevamente confrontan dos modelos de pa\u00eds bien diferenciados.<\/p>\n<p align=\"JUSTIFY\">La Argentina democr\u00e1tica, igualitaria, inclusiva que intentamos reconstruir frente al quebranto del salario de los trabajadores, la represi\u00f3n de la protesta, al traslado de la riqueza en favor del poder econ\u00f3mico blindado por los poderes medi\u00e1tico y judicial entre otros tantos males que nos acechan.<\/p>\n<p align=\"JUSTIFY\">En nuestro distrito, hoy m\u00e1s que nunca reafirmamos nuestra convicci\u00f3n de seguir militando el proyecto nacional, popular, democr\u00e1tico, latinoamericano y feminista, y nos comprometemos a continuar trabajando en el fortalecimiento de los lazos comunitarios, para impedir la proscripci\u00f3n de la compa\u00f1era vicepresidenta Cristina Fern\u00e1ndez de Kirchner, y construir una unidad que sea el pivote del camino hacia una la sociedad cada vez m\u00e1s justa, m\u00e1s libre, m\u00e1s soberana.<\/p>\n<p align=\"JUSTIFY\">Nuestra voluntad de construir la tantas veces enunciada unidad, va de la mano, con nuestro pedido para que esa uni\u00f3n sea el fruto de la genuina participaci\u00f3n popular en las decisiones pol\u00edticas por un Tornquist mucho m\u00e1s inclusivo y desarrollado, donde todas y todos podamos realizar nuestros sue\u00f1os y proyectos evitando que la unidad sea solo una foto o declaraci\u00f3n de dirigentes y\/o precandidatos.<\/p>\n<p align=\"JUSTIFY\">Como siempre, estuvimos estamos y estaremos junto a las y los vecinos de nuestro querido distrito de Tornquist de la comarca Ventania, compartimos un pasado com\u00fan y podemos tener un futuro promisorio si nos ocupamos mas de los proyectos que de las pre-candidaturas y fundamentalmente si \u201ctiramos\u201d TODAS\/OS para el mismo lado.<\/p>\n<p align=\"JUSTIFY\">Partido Frente Grande, Claudio Masson Presidente<\/p>\n<p align=\"JUSTIFY\">Movimiento Oktubre, Germ\u00e1n Mend\u00eda<\/p>\n<p align=\"JUSTIFY\">Frente Popular 25 de Febrero en TODXS, Norma Blanca Fern\u00e1ndez, Presidenta<\/p>\n<p align=\"JUSTIFY\">Jorge \u201cFutu\u201d Scharff, pre-candidato Intendente Partido Justicialista Tornquist<\/p>\n<p align=\"JUSTIFY\"><img loading=\"lazy\" decoding=\"async\" class=\"alignnone wp-image-73764 size-full\" src=\"http:\/\/www.celttv.com.ar\/wp-content\/uploads\/2023\/02\/todos-tornquist.jpg\" alt=\"\" width=\"720\" height=\"675\" srcset=\"https:\/\/www.celttv.com.ar\/wp-content\/uploads\/2023\/02\/todos-tornquist.jpg 720w, https:\/\/www.celttv.com.ar\/wp-content\/uploads\/2023\/02\/todos-tornquist-300x281.jpg 300w\" sizes=\"auto, (max-width: 720px) 100vw, 720px\" \/><\/p>\n","protected":false},"excerpt":{"rendered":"<p>Una vez m\u00e1s, peligra el futuro de la patria. En un tiempo en que nos debatimos en medio de la incertidumbre que plantea una guerra que -aunque lejana- afecta a nuestra econom\u00eda, una crisis clim\u00e1tica que se hace interminable, una pandemia cuyas consecuencias a\u00fan son inciertas, la codicia insaciable del mercado y la frustraci\u00f3n de [&hellip;]<\/p>\n","protected":false},"author":3,"featured_media":73764,"comment_status":"closed","ping_status":"closed","sticky":false,"template":"","format":"standard","meta":{"footnotes":""},"categories":[53],"tags":[],"class_list":["post-73763","post","type-post","status-publish","format-standard","has-post-thumbnail","hentry","category-politica"],"yoast_head":"<!-- This site is optimized with the Yoast SEO plugin v19.7.1 - https:\/\/yoast.com\/wordpress\/plugins\/seo\/ -->\n<title>Todos juntos, sin proscripciones y unidos para transformar - CELTTV<\/title>\n<meta name=\"description\" content=\"Sitio web de noticias de la localidad de Tornquist, provincia de Buenos Aires, Rep\u00fablica Argentina. Contenido propio originado por periodistas de CELTTV, el canal de TV local de la Cooperativa El\u00e9ctrica de Tornquist. Turismo, Pol\u00edtica, Sociedad, Deporte, Cultura y todo el contenido de inter\u00e9s general que la gente del pueblo y la regi\u00f3n debe conocer.\" \/>\n<meta name=\"robots\" content=\"index, follow, max-snippet:-1, max-image-preview:large, max-video-preview:-1\" \/>\n<link rel=\"canonical\" href=\"https:\/\/www.celttv.com.ar\/index.php\/2023\/02\/22\/todos-juntos-sin-proscripciones-y-unidos-para-transformar\/\" \/>\n<meta property=\"og:locale\" content=\"es_ES\" \/>\n<meta property=\"og:type\" content=\"article\" \/>\n<meta property=\"og:title\" content=\"Todos juntos, sin proscripciones y unidos para transformar - CELTTV\" \/>\n<meta property=\"og:description\" content=\"Sitio web de noticias de la localidad de Tornquist, provincia de Buenos Aires, Rep\u00fablica Argentina. Contenido propio originado por periodistas de CELTTV, el canal de TV local de la Cooperativa El\u00e9ctrica de Tornquist. Turismo, Pol\u00edtica, Sociedad, Deporte, Cultura y todo el contenido de inter\u00e9s general que la gente del pueblo y la regi\u00f3n debe conocer.\" \/>\n<meta property=\"og:url\" content=\"https:\/\/www.celttv.com.ar\/index.php\/2023\/02\/22\/todos-juntos-sin-proscripciones-y-unidos-para-transformar\/\" \/>\n<meta property=\"og:site_name\" content=\"CELTTV\" \/>\n<meta property=\"article:publisher\" content=\"https:\/\/www.facebook.com\/celtTV\/\" \/>\n<meta property=\"article:published_time\" content=\"2023-02-22T13:57:07+00:00\" \/>\n<meta property=\"og:image\" content=\"https:\/\/www.celttv.com.ar\/wp-content\/uploads\/2023\/02\/todos-tornquist.jpg\" \/>\n\t<meta property=\"og:image:width\" content=\"720\" \/>\n\t<meta property=\"og:image:height\" content=\"675\" \/>\n\t<meta property=\"og:image:type\" content=\"image\/jpeg\" \/>\n<meta name=\"author\" content=\"Rodrigo Sgammini\" \/>\n<meta name=\"twitter:card\" content=\"summary_large_image\" \/>\n<meta name=\"twitter:label1\" content=\"Escrito por\" \/>\n\t<meta name=\"twitter:data1\" content=\"Rodrigo Sgammini\" \/>\n\t<meta name=\"twitter:label2\" content=\"Tiempo de lectura\" \/>\n\t<meta name=\"twitter:data2\" content=\"2 minutos\" \/>\n<script type=\"application\/ld+json\" class=\"yoast-schema-graph\">{\"@context\":\"https:\/\/schema.org\",\"@graph\":[{\"@type\":\"NewsArticle\",\"@id\":\"https:\/\/www.celttv.com.ar\/index.php\/2023\/02\/22\/todos-juntos-sin-proscripciones-y-unidos-para-transformar\/#article\",\"isPartOf\":{\"@id\":\"https:\/\/www.celttv.com.ar\/index.php\/2023\/02\/22\/todos-juntos-sin-proscripciones-y-unidos-para-transformar\/\"},\"author\":{\"name\":\"Rodrigo Sgammini\",\"@id\":\"https:\/\/www.celttv.com.ar\/#\/schema\/person\/495be51d064edd971d8457f8f64eb172\"},\"headline\":\"Todos juntos, sin proscripciones y unidos para transformar\",\"datePublished\":\"2023-02-22T13:57:07+00:00\",\"dateModified\":\"2023-02-22T13:57:07+00:00\",\"mainEntityOfPage\":{\"@id\":\"https:\/\/www.celttv.com.ar\/index.php\/2023\/02\/22\/todos-juntos-sin-proscripciones-y-unidos-para-transformar\/\"},\"wordCount\":372,\"publisher\":{\"@id\":\"https:\/\/www.celttv.com.ar\/#organization\"},\"articleSection\":[\"Pol\u00edtica\"],\"inLanguage\":\"es\"},{\"@type\":\"WebPage\",\"@id\":\"https:\/\/www.celttv.com.ar\/index.php\/2023\/02\/22\/todos-juntos-sin-proscripciones-y-unidos-para-transformar\/\",\"url\":\"https:\/\/www.celttv.com.ar\/index.php\/2023\/02\/22\/todos-juntos-sin-proscripciones-y-unidos-para-transformar\/\",\"name\":\"Todos juntos, sin proscripciones y unidos para transformar - CELTTV\",\"isPartOf\":{\"@id\":\"https:\/\/www.celttv.com.ar\/#website\"},\"datePublished\":\"2023-02-22T13:57:07+00:00\",\"dateModified\":\"2023-02-22T13:57:07+00:00\",\"description\":\"Sitio web de noticias de la localidad de Tornquist, provincia de Buenos Aires, Rep\u00fablica Argentina. Contenido propio originado por periodistas de CELTTV, el canal de TV local de la Cooperativa El\u00e9ctrica de Tornquist. Turismo, Pol\u00edtica, Sociedad, Deporte, Cultura y todo el contenido de inter\u00e9s general que la gente del pueblo y la regi\u00f3n debe conocer.\",\"breadcrumb\":{\"@id\":\"https:\/\/www.celttv.com.ar\/index.php\/2023\/02\/22\/todos-juntos-sin-proscripciones-y-unidos-para-transformar\/#breadcrumb\"},\"inLanguage\":\"es\",\"potentialAction\":[{\"@type\":\"ReadAction\",\"target\":[\"https:\/\/www.celttv.com.ar\/index.php\/2023\/02\/22\/todos-juntos-sin-proscripciones-y-unidos-para-transformar\/\"]}]},{\"@type\":\"BreadcrumbList\",\"@id\":\"https:\/\/www.celttv.com.ar\/index.php\/2023\/02\/22\/todos-juntos-sin-proscripciones-y-unidos-para-transformar\/#breadcrumb\",\"itemListElement\":[{\"@type\":\"ListItem\",\"position\":1,\"name\":\"Inicio\",\"item\":\"https:\/\/www.celttv.com.ar\/\"},{\"@type\":\"ListItem\",\"position\":2,\"name\":\"Todos juntos, sin proscripciones y unidos para transformar\"}]},{\"@type\":\"WebSite\",\"@id\":\"https:\/\/www.celttv.com.ar\/#website\",\"url\":\"https:\/\/www.celttv.com.ar\/\",\"name\":\"CELTTV\",\"description\":\"Cooperativa El\u00e9ctrica de Tornquist\",\"publisher\":{\"@id\":\"https:\/\/www.celttv.com.ar\/#organization\"},\"potentialAction\":[{\"@type\":\"SearchAction\",\"target\":{\"@type\":\"EntryPoint\",\"urlTemplate\":\"https:\/\/www.celttv.com.ar\/?s={search_term_string}\"},\"query-input\":\"required name=search_term_string\"}],\"inLanguage\":\"es\"},{\"@type\":\"Organization\",\"@id\":\"https:\/\/www.celttv.com.ar\/#organization\",\"name\":\"CELTTV\",\"url\":\"https:\/\/www.celttv.com.ar\/\",\"sameAs\":[\"https:\/\/www.youtube.com\/channel\/UCz_oIt8Hig64Ub-EmcNPIhg\",\"https:\/\/www.facebook.com\/celtTV\/\"],\"logo\":{\"@type\":\"ImageObject\",\"inLanguage\":\"es\",\"@id\":\"https:\/\/www.celttv.com.ar\/#\/schema\/logo\/image\/\",\"url\":\"http:\/\/www.celttv.com.ar\/wp-content\/uploads\/2022\/08\/logo-1.png\",\"contentUrl\":\"http:\/\/www.celttv.com.ar\/wp-content\/uploads\/2022\/08\/logo-1.png\",\"width\":461,\"height\":159,\"caption\":\"CELTTV\"},\"image\":{\"@id\":\"https:\/\/www.celttv.com.ar\/#\/schema\/logo\/image\/\"}},{\"@type\":\"Person\",\"@id\":\"https:\/\/www.celttv.com.ar\/#\/schema\/person\/495be51d064edd971d8457f8f64eb172\",\"name\":\"Rodrigo Sgammini\",\"image\":{\"@type\":\"ImageObject\",\"inLanguage\":\"es\",\"@id\":\"https:\/\/www.celttv.com.ar\/#\/schema\/person\/image\/\",\"url\":\"https:\/\/secure.gravatar.com\/avatar\/68f7848d42735e7a9276b47cd6e606327d88f521c51ae39d88888b76902e2987?s=96&d=mm&r=g\",\"contentUrl\":\"https:\/\/secure.gravatar.com\/avatar\/68f7848d42735e7a9276b47cd6e606327d88f521c51ae39d88888b76902e2987?s=96&d=mm&r=g\",\"caption\":\"Rodrigo Sgammini\"}}]}<\/script>\n<!-- \/ Yoast SEO plugin. -->","yoast_head_json":{"title":"Todos juntos, sin proscripciones y unidos para transformar - CELTTV","description":"Sitio web de noticias de la localidad de Tornquist, provincia de Buenos Aires, Rep\u00fablica Argentina. Contenido propio originado por periodistas de CELTTV, el canal de TV local de la Cooperativa El\u00e9ctrica de Tornquist. Turismo, Pol\u00edtica, Sociedad, Deporte, Cultura y todo el contenido de inter\u00e9s general que la gente del pueblo y la regi\u00f3n debe conocer.","robots":{"index":"index","follow":"follow","max-snippet":"max-snippet:-1","max-image-preview":"max-image-preview:large","max-video-preview":"max-video-preview:-1"},"canonical":"https:\/\/www.celttv.com.ar\/index.php\/2023\/02\/22\/todos-juntos-sin-proscripciones-y-unidos-para-transformar\/","og_locale":"es_ES","og_type":"article","og_title":"Todos juntos, sin proscripciones y unidos para transformar - CELTTV","og_description":"Sitio web de noticias de la localidad de Tornquist, provincia de Buenos Aires, Rep\u00fablica Argentina. Contenido propio originado por periodistas de CELTTV, el canal de TV local de la Cooperativa El\u00e9ctrica de Tornquist. Turismo, Pol\u00edtica, Sociedad, Deporte, Cultura y todo el contenido de inter\u00e9s general que la gente del pueblo y la regi\u00f3n debe conocer.","og_url":"https:\/\/www.celttv.com.ar\/index.php\/2023\/02\/22\/todos-juntos-sin-proscripciones-y-unidos-para-transformar\/","og_site_name":"CELTTV","article_publisher":"https:\/\/www.facebook.com\/celtTV\/","article_published_time":"2023-02-22T13:57:07+00:00","og_image":[{"width":720,"height":675,"url":"https:\/\/www.celttv.com.ar\/wp-content\/uploads\/2023\/02\/todos-tornquist.jpg","type":"image\/jpeg"}],"author":"Rodrigo Sgammini","twitter_card":"summary_large_image","twitter_misc":{"Escrito por":"Rodrigo Sgammini","Tiempo de lectura":"2 minutos"},"schema":{"@context":"https:\/\/schema.org","@graph":[{"@type":"NewsArticle","@id":"https:\/\/www.celttv.com.ar\/index.php\/2023\/02\/22\/todos-juntos-sin-proscripciones-y-unidos-para-transformar\/#article","isPartOf":{"@id":"https:\/\/www.celttv.com.ar\/index.php\/2023\/02\/22\/todos-juntos-sin-proscripciones-y-unidos-para-transformar\/"},"author":{"name":"Rodrigo Sgammini","@id":"https:\/\/www.celttv.com.ar\/#\/schema\/person\/495be51d064edd971d8457f8f64eb172"},"headline":"Todos juntos, sin proscripciones y unidos para transformar","datePublished":"2023-02-22T13:57:07+00:00","dateModified":"2023-02-22T13:57:07+00:00","mainEntityOfPage":{"@id":"https:\/\/www.celttv.com.ar\/index.php\/2023\/02\/22\/todos-juntos-sin-proscripciones-y-unidos-para-transformar\/"},"wordCount":372,"publisher":{"@id":"https:\/\/www.celttv.com.ar\/#organization"},"articleSection":["Pol\u00edtica"],"inLanguage":"es"},{"@type":"WebPage","@id":"https:\/\/www.celttv.com.ar\/index.php\/2023\/02\/22\/todos-juntos-sin-proscripciones-y-unidos-para-transformar\/","url":"https:\/\/www.celttv.com.ar\/index.php\/2023\/02\/22\/todos-juntos-sin-proscripciones-y-unidos-para-transformar\/","name":"Todos juntos, sin proscripciones y unidos para transformar - CELTTV","isPartOf":{"@id":"https:\/\/www.celttv.com.ar\/#website"},"datePublished":"2023-02-22T13:57:07+00:00","dateModified":"2023-02-22T13:57:07+00:00","description":"Sitio web de noticias de la localidad de Tornquist, provincia de Buenos Aires, Rep\u00fablica Argentina. Contenido propio originado por periodistas de CELTTV, el canal de TV local de la Cooperativa El\u00e9ctrica de Tornquist. Turismo, Pol\u00edtica, Sociedad, Deporte, Cultura y todo el contenido de inter\u00e9s general que la gente del pueblo y la regi\u00f3n debe conocer.","breadcrumb":{"@id":"https:\/\/www.celttv.com.ar\/index.php\/2023\/02\/22\/todos-juntos-sin-proscripciones-y-unidos-para-transformar\/#breadcrumb"},"inLanguage":"es","potentialAction":[{"@type":"ReadAction","target":["https:\/\/www.celttv.com.ar\/index.php\/2023\/02\/22\/todos-juntos-sin-proscripciones-y-unidos-para-transformar\/"]}]},{"@type":"BreadcrumbList","@id":"https:\/\/www.celttv.com.ar\/index.php\/2023\/02\/22\/todos-juntos-sin-proscripciones-y-unidos-para-transformar\/#breadcrumb","itemListElement":[{"@type":"ListItem","position":1,"name":"Inicio","item":"https:\/\/www.celttv.com.ar\/"},{"@type":"ListItem","position":2,"name":"Todos juntos, sin proscripciones y unidos para transformar"}]},{"@type":"WebSite","@id":"https:\/\/www.celttv.com.ar\/#website","url":"https:\/\/www.celttv.com.ar\/","name":"CELTTV","description":"Cooperativa El\u00e9ctrica de Tornquist","publisher":{"@id":"https:\/\/www.celttv.com.ar\/#organization"},"potentialAction":[{"@type":"SearchAction","target":{"@type":"EntryPoint","urlTemplate":"https:\/\/www.celttv.com.ar\/?s={search_term_string}"},"query-input":"required name=search_term_string"}],"inLanguage":"es"},{"@type":"Organization","@id":"https:\/\/www.celttv.com.ar\/#organization","name":"CELTTV","url":"https:\/\/www.celttv.com.ar\/","sameAs":["https:\/\/www.youtube.com\/channel\/UCz_oIt8Hig64Ub-EmcNPIhg","https:\/\/www.facebook.com\/celtTV\/"],"logo":{"@type":"ImageObject","inLanguage":"es","@id":"https:\/\/www.celttv.com.ar\/#\/schema\/logo\/image\/","url":"http:\/\/www.celttv.com.ar\/wp-content\/uploads\/2022\/08\/logo-1.png","contentUrl":"http:\/\/www.celttv.com.ar\/wp-content\/uploads\/2022\/08\/logo-1.png","width":461,"height":159,"caption":"CELTTV"},"image":{"@id":"https:\/\/www.celttv.com.ar\/#\/schema\/logo\/image\/"}},{"@type":"Person","@id":"https:\/\/www.celttv.com.ar\/#\/schema\/person\/495be51d064edd971d8457f8f64eb172","name":"Rodrigo Sgammini","image":{"@type":"ImageObject","inLanguage":"es","@id":"https:\/\/www.celttv.com.ar\/#\/schema\/person\/image\/","url":"https:\/\/secure.gravatar.com\/avatar\/68f7848d42735e7a9276b47cd6e606327d88f521c51ae39d88888b76902e2987?s=96&d=mm&r=g","contentUrl":"https:\/\/secure.gravatar.com\/avatar\/68f7848d42735e7a9276b47cd6e606327d88f521c51ae39d88888b76902e2987?s=96&d=mm&r=g","caption":"Rodrigo Sgammini"}}]}},"_links":{"self":[{"href":"https:\/\/www.celttv.com.ar\/index.php\/wp-json\/wp\/v2\/posts\/73763","targetHints":{"allow":["GET"]}}],"collection":[{"href":"https:\/\/www.celttv.com.ar\/index.php\/wp-json\/wp\/v2\/posts"}],"about":[{"href":"https:\/\/www.celttv.com.ar\/index.php\/wp-json\/wp\/v2\/types\/post"}],"author":[{"embeddable":true,"href":"https:\/\/www.celttv.com.ar\/index.php\/wp-json\/wp\/v2\/users\/3"}],"replies":[{"embeddable":true,"href":"https:\/\/www.celttv.com.ar\/index.php\/wp-json\/wp\/v2\/comments?post=73763"}],"version-history":[{"count":1,"href":"https:\/\/www.celttv.com.ar\/index.php\/wp-json\/wp\/v2\/posts\/73763\/revisions"}],"predecessor-version":[{"id":73765,"href":"https:\/\/www.celttv.com.ar\/index.php\/wp-json\/wp\/v2\/posts\/73763\/revisions\/73765"}],"wp:featuredmedia":[{"embeddable":true,"href":"https:\/\/www.celttv.com.ar\/index.php\/wp-json\/wp\/v2\/media\/73764"}],"wp:attachment":[{"href":"https:\/\/www.celttv.com.ar\/index.php\/wp-json\/wp\/v2\/media?parent=73763"}],"wp:term":[{"taxonomy":"category","embeddable":true,"href":"https:\/\/www.celttv.com.ar\/index.php\/wp-json\/wp\/v2\/categories?post=73763"},{"taxonomy":"post_tag","embeddable":true,"href":"https:\/\/www.celttv.com.ar\/index.php\/wp-json\/wp\/v2\/tags?post=73763"}],"curies":[{"name":"wp","href":"https:\/\/api.w.org\/{rel}","templated":true}]}}