{"id":73769,"date":"2023-02-22T11:09:33","date_gmt":"2023-02-22T14:09:33","guid":{"rendered":"http:\/\/www.celttv.com.ar\/?p=73769"},"modified":"2023-02-22T11:10:25","modified_gmt":"2023-02-22T14:10:25","slug":"carnavales-en-sierra-de-la-ventana-cierre-con-una-multitud-de-espectadores-y-toda-la-magia-del-corso-serrano","status":"publish","type":"post","link":"https:\/\/www.celttv.com.ar\/index.php\/2023\/02\/22\/carnavales-en-sierra-de-la-ventana-cierre-con-una-multitud-de-espectadores-y-toda-la-magia-del-corso-serrano\/","title":{"rendered":"Carnavales en Sierra de la Ventana: Cierre con una multitud de espectadores y toda la magia del corso serrano"},"content":{"rendered":"<p>A una d\u00e9cada de su renacimiento, el carnaval en Sierra de la Ventana deslumbr\u00f3 a m\u00e1s de 4 mil personas que se dieron cita en una noche de magia y color.<span id=\"more-84436\"><\/span><\/p>\n<p>Una vez m\u00e1s el Club Ventana se di\u00f3 el gusto, y se lo di\u00f3 a la comarca con otro evento lleno de alegr\u00eda, con m\u00e1s disfraces, carrozas y la inigualable presentaci\u00f3n de la murga Cusifai y de la deslumbrante comparsa Daii Yar\u00e1.<\/p>\n<p>El infalible fin de semana de carnavales una vez m\u00e1s puso su sello en la comarca y en todo el pa\u00eds. En cuanto a lo tur\u00edstico, lleno total; y con el acompa\u00f1amiento de actividades culturales y recreativas, los visitantes y habitantes locales tuvieron mucho para elegir. Los corsos de Saldungaray y Sierra de la Ventana fueron los puntos de reuni\u00f3n popular durante las noches serranas.<\/p>\n<p>El Club Ventana en Sierra apost\u00f3 una vez m\u00e1s y cumpliendo la d\u00e9cada con su desaf\u00edo, colm\u00f3 sus instalaciones de Valle Hermoso durante dos noches, con m\u00fasica, color y alegr\u00eda. Acompa\u00f1aron a la instituci\u00f3n el Municipio de Tornquist y comercios locales para los premios, el sonido y toda la organizaci\u00f3n.<\/p>\n<p>La noche de este lunes 20 de febrero qued\u00f3 marcada por la gran concurrencia de p\u00fablico que aplaudi\u00f3, bail\u00f3 y disfrut\u00f3 de la propuesta. Mayor n\u00famero de disfraces individuales, colectivos y carrozas muestran que la cosa sigue creciendo.<\/p>\n<p>Muchos brazos y esfuerzos durante d\u00edas y d\u00edas de familias del club para organizar, atender la cantina y preparar todo lo que se sirvi\u00f3.<\/p>\n<p>Dos escenarios, uno a la calle y el tradicional del sombrero, fueron el epicentro de las miradas del p\u00fablico. Autoridades del club en el jurado, en el escenario y en la cantina trabajando sin descanso durante las dos noches para que todos se vayan conformes.<\/p>\n<p>Premios apetitosos para los participantes del corso y sorteos para el p\u00fablico fueron ingredientes indispensables de la propuesta.<\/p>\n<p>Un estilo particular tiene este corso que atrae y convoca a pesar de la calle Jos\u00e9 Hern\u00e1ndez que es de ripio, la iluminaci\u00f3n que necesariamente debe mejorarse, el control sobre la gente que invade el sector donde se desfila; sin embargo todos disfrutan, se agolpan, se encuentran y valoran el gran esfuerzo de toda la comunidad de la instituci\u00f3n que hace posible esta movida. Fueron m\u00e1s de 5 horas, la noche estaba para quedarse y seguir divirti\u00e9ndose.<\/p>\n<p>El pr\u00f3ximo a\u00f1o ser\u00e1 convocante nuevamente y Sierra de la Ventana y toda la comarca cuentan con eso.<\/p>\n<p><strong>Cr\u00e9dito: Noticias Radio Reflejos &#8211; Arnaldo Botto<\/strong><\/p>\n<p><img loading=\"lazy\" decoding=\"async\" class=\"alignnone wp-image-73770 size-large\" src=\"http:\/\/www.celttv.com.ar\/wp-content\/uploads\/2023\/02\/332208170_562160512508837_6690619935699157169_n-1024x850.jpg\" alt=\"\" width=\"1024\" height=\"850\" srcset=\"https:\/\/www.celttv.com.ar\/wp-content\/uploads\/2023\/02\/332208170_562160512508837_6690619935699157169_n-1024x850.jpg 1024w, https:\/\/www.celttv.com.ar\/wp-content\/uploads\/2023\/02\/332208170_562160512508837_6690619935699157169_n-300x249.jpg 300w, https:\/\/www.celttv.com.ar\/wp-content\/uploads\/2023\/02\/332208170_562160512508837_6690619935699157169_n-768x637.jpg 768w, https:\/\/www.celttv.com.ar\/wp-content\/uploads\/2023\/02\/332208170_562160512508837_6690619935699157169_n-750x622.jpg 750w, https:\/\/www.celttv.com.ar\/wp-content\/uploads\/2023\/02\/332208170_562160512508837_6690619935699157169_n-1140x946.jpg 1140w, https:\/\/www.celttv.com.ar\/wp-content\/uploads\/2023\/02\/332208170_562160512508837_6690619935699157169_n.jpg 1199w\" sizes=\"auto, (max-width: 1024px) 100vw, 1024px\" \/> <img loading=\"lazy\" decoding=\"async\" class=\"alignnone wp-image-73771 size-large\" src=\"http:\/\/www.celttv.com.ar\/wp-content\/uploads\/2023\/02\/332475555_731171841789556_8466650309704272904_n-1024x766.jpg\" alt=\"\" width=\"1024\" height=\"766\" srcset=\"https:\/\/www.celttv.com.ar\/wp-content\/uploads\/2023\/02\/332475555_731171841789556_8466650309704272904_n-1024x766.jpg 1024w, https:\/\/www.celttv.com.ar\/wp-content\/uploads\/2023\/02\/332475555_731171841789556_8466650309704272904_n-300x224.jpg 300w, https:\/\/www.celttv.com.ar\/wp-content\/uploads\/2023\/02\/332475555_731171841789556_8466650309704272904_n-768x575.jpg 768w, https:\/\/www.celttv.com.ar\/wp-content\/uploads\/2023\/02\/332475555_731171841789556_8466650309704272904_n-1536x1149.jpg 1536w, https:\/\/www.celttv.com.ar\/wp-content\/uploads\/2023\/02\/332475555_731171841789556_8466650309704272904_n-750x561.jpg 750w, https:\/\/www.celttv.com.ar\/wp-content\/uploads\/2023\/02\/332475555_731171841789556_8466650309704272904_n-1140x853.jpg 1140w, https:\/\/www.celttv.com.ar\/wp-content\/uploads\/2023\/02\/332475555_731171841789556_8466650309704272904_n.jpg 2048w\" sizes=\"auto, (max-width: 1024px) 100vw, 1024px\" \/> <img loading=\"lazy\" decoding=\"async\" class=\"alignnone wp-image-73772 size-full\" src=\"http:\/\/www.celttv.com.ar\/wp-content\/uploads\/2023\/02\/carna-1.jpg_750.jpg\" alt=\"\" width=\"750\" height=\"375\" srcset=\"https:\/\/www.celttv.com.ar\/wp-content\/uploads\/2023\/02\/carna-1.jpg_750.jpg 750w, https:\/\/www.celttv.com.ar\/wp-content\/uploads\/2023\/02\/carna-1.jpg_750-300x150.jpg 300w, https:\/\/www.celttv.com.ar\/wp-content\/uploads\/2023\/02\/carna-1.jpg_750-360x180.jpg 360w\" sizes=\"auto, (max-width: 750px) 100vw, 750px\" \/><\/p>\n","protected":false},"excerpt":{"rendered":"<p>A una d\u00e9cada de su renacimiento, el carnaval en Sierra de la Ventana deslumbr\u00f3 a m\u00e1s de 4 mil personas que se dieron cita en una noche de magia y color. Una vez m\u00e1s el Club Ventana se di\u00f3 el gusto, y se lo di\u00f3 a la comarca con otro evento lleno de alegr\u00eda, con [&hellip;]<\/p>\n","protected":false},"author":3,"featured_media":73772,"comment_status":"closed","ping_status":"closed","sticky":false,"template":"","format":"standard","meta":{"footnotes":""},"categories":[55],"tags":[],"class_list":["post-73769","post","type-post","status-publish","format-standard","has-post-thumbnail","hentry","category-celt-tv-noticias"],"yoast_head":"<!-- This site is optimized with the Yoast SEO plugin v19.7.1 - https:\/\/yoast.com\/wordpress\/plugins\/seo\/ -->\n<title>Carnavales en Sierra de la Ventana: Cierre con una multitud de espectadores y toda la magia del corso serrano - CELTTV<\/title>\n<meta name=\"description\" content=\"Sitio web de noticias de la localidad de Tornquist, provincia de Buenos Aires, Rep\u00fablica Argentina. Contenido propio originado por periodistas de CELTTV, el canal de TV local de la Cooperativa El\u00e9ctrica de Tornquist. Turismo, Pol\u00edtica, Sociedad, Deporte, Cultura y todo el contenido de inter\u00e9s general que la gente del pueblo y la regi\u00f3n debe conocer.\" \/>\n<meta name=\"robots\" content=\"index, follow, max-snippet:-1, max-image-preview:large, max-video-preview:-1\" \/>\n<link rel=\"canonical\" href=\"https:\/\/www.celttv.com.ar\/index.php\/2023\/02\/22\/carnavales-en-sierra-de-la-ventana-cierre-con-una-multitud-de-espectadores-y-toda-la-magia-del-corso-serrano\/\" \/>\n<meta property=\"og:locale\" content=\"es_ES\" \/>\n<meta property=\"og:type\" content=\"article\" \/>\n<meta property=\"og:title\" content=\"Carnavales en Sierra de la Ventana: Cierre con una multitud de espectadores y toda la magia del corso serrano - CELTTV\" \/>\n<meta property=\"og:description\" content=\"Sitio web de noticias de la localidad de Tornquist, provincia de Buenos Aires, Rep\u00fablica Argentina. Contenido propio originado por periodistas de CELTTV, el canal de TV local de la Cooperativa El\u00e9ctrica de Tornquist. Turismo, Pol\u00edtica, Sociedad, Deporte, Cultura y todo el contenido de inter\u00e9s general que la gente del pueblo y la regi\u00f3n debe conocer.\" \/>\n<meta property=\"og:url\" content=\"https:\/\/www.celttv.com.ar\/index.php\/2023\/02\/22\/carnavales-en-sierra-de-la-ventana-cierre-con-una-multitud-de-espectadores-y-toda-la-magia-del-corso-serrano\/\" \/>\n<meta property=\"og:site_name\" content=\"CELTTV\" \/>\n<meta property=\"article:publisher\" content=\"https:\/\/www.facebook.com\/celtTV\/\" \/>\n<meta property=\"article:published_time\" content=\"2023-02-22T14:09:33+00:00\" \/>\n<meta property=\"article:modified_time\" content=\"2023-02-22T14:10:25+00:00\" \/>\n<meta property=\"og:image\" content=\"https:\/\/www.celttv.com.ar\/wp-content\/uploads\/2023\/02\/carna-1.jpg_750.jpg\" \/>\n\t<meta property=\"og:image:width\" content=\"750\" \/>\n\t<meta property=\"og:image:height\" content=\"375\" \/>\n\t<meta property=\"og:image:type\" content=\"image\/jpeg\" \/>\n<meta name=\"author\" content=\"Rodrigo Sgammini\" \/>\n<meta name=\"twitter:card\" content=\"summary_large_image\" \/>\n<meta name=\"twitter:label1\" content=\"Escrito por\" \/>\n\t<meta name=\"twitter:data1\" content=\"Rodrigo Sgammini\" \/>\n\t<meta name=\"twitter:label2\" content=\"Tiempo de lectura\" \/>\n\t<meta name=\"twitter:data2\" content=\"2 minutos\" \/>\n<script type=\"application\/ld+json\" class=\"yoast-schema-graph\">{\"@context\":\"https:\/\/schema.org\",\"@graph\":[{\"@type\":\"NewsArticle\",\"@id\":\"https:\/\/www.celttv.com.ar\/index.php\/2023\/02\/22\/carnavales-en-sierra-de-la-ventana-cierre-con-una-multitud-de-espectadores-y-toda-la-magia-del-corso-serrano\/#article\",\"isPartOf\":{\"@id\":\"https:\/\/www.celttv.com.ar\/index.php\/2023\/02\/22\/carnavales-en-sierra-de-la-ventana-cierre-con-una-multitud-de-espectadores-y-toda-la-magia-del-corso-serrano\/\"},\"author\":{\"name\":\"Rodrigo Sgammini\",\"@id\":\"https:\/\/www.celttv.com.ar\/#\/schema\/person\/495be51d064edd971d8457f8f64eb172\"},\"headline\":\"Carnavales en Sierra de la Ventana: Cierre con una multitud de espectadores y toda la magia del corso serrano\",\"datePublished\":\"2023-02-22T14:09:33+00:00\",\"dateModified\":\"2023-02-22T14:10:25+00:00\",\"mainEntityOfPage\":{\"@id\":\"https:\/\/www.celttv.com.ar\/index.php\/2023\/02\/22\/carnavales-en-sierra-de-la-ventana-cierre-con-una-multitud-de-espectadores-y-toda-la-magia-del-corso-serrano\/\"},\"wordCount\":464,\"publisher\":{\"@id\":\"https:\/\/www.celttv.com.ar\/#organization\"},\"articleSection\":[\"Celt TV Noticias\"],\"inLanguage\":\"es\"},{\"@type\":\"WebPage\",\"@id\":\"https:\/\/www.celttv.com.ar\/index.php\/2023\/02\/22\/carnavales-en-sierra-de-la-ventana-cierre-con-una-multitud-de-espectadores-y-toda-la-magia-del-corso-serrano\/\",\"url\":\"https:\/\/www.celttv.com.ar\/index.php\/2023\/02\/22\/carnavales-en-sierra-de-la-ventana-cierre-con-una-multitud-de-espectadores-y-toda-la-magia-del-corso-serrano\/\",\"name\":\"Carnavales en Sierra de la Ventana: Cierre con una multitud de espectadores y toda la magia del corso serrano - CELTTV\",\"isPartOf\":{\"@id\":\"https:\/\/www.celttv.com.ar\/#website\"},\"datePublished\":\"2023-02-22T14:09:33+00:00\",\"dateModified\":\"2023-02-22T14:10:25+00:00\",\"description\":\"Sitio web de noticias de la localidad de Tornquist, provincia de Buenos Aires, Rep\u00fablica Argentina. Contenido propio originado por periodistas de CELTTV, el canal de TV local de la Cooperativa El\u00e9ctrica de Tornquist. Turismo, Pol\u00edtica, Sociedad, Deporte, Cultura y todo el contenido de inter\u00e9s general que la gente del pueblo y la regi\u00f3n debe conocer.\",\"breadcrumb\":{\"@id\":\"https:\/\/www.celttv.com.ar\/index.php\/2023\/02\/22\/carnavales-en-sierra-de-la-ventana-cierre-con-una-multitud-de-espectadores-y-toda-la-magia-del-corso-serrano\/#breadcrumb\"},\"inLanguage\":\"es\",\"potentialAction\":[{\"@type\":\"ReadAction\",\"target\":[\"https:\/\/www.celttv.com.ar\/index.php\/2023\/02\/22\/carnavales-en-sierra-de-la-ventana-cierre-con-una-multitud-de-espectadores-y-toda-la-magia-del-corso-serrano\/\"]}]},{\"@type\":\"BreadcrumbList\",\"@id\":\"https:\/\/www.celttv.com.ar\/index.php\/2023\/02\/22\/carnavales-en-sierra-de-la-ventana-cierre-con-una-multitud-de-espectadores-y-toda-la-magia-del-corso-serrano\/#breadcrumb\",\"itemListElement\":[{\"@type\":\"ListItem\",\"position\":1,\"name\":\"Inicio\",\"item\":\"https:\/\/www.celttv.com.ar\/\"},{\"@type\":\"ListItem\",\"position\":2,\"name\":\"Carnavales en Sierra de la Ventana: Cierre con una multitud de espectadores y toda la magia del corso serrano\"}]},{\"@type\":\"WebSite\",\"@id\":\"https:\/\/www.celttv.com.ar\/#website\",\"url\":\"https:\/\/www.celttv.com.ar\/\",\"name\":\"CELTTV\",\"description\":\"Cooperativa El\u00e9ctrica de Tornquist\",\"publisher\":{\"@id\":\"https:\/\/www.celttv.com.ar\/#organization\"},\"potentialAction\":[{\"@type\":\"SearchAction\",\"target\":{\"@type\":\"EntryPoint\",\"urlTemplate\":\"https:\/\/www.celttv.com.ar\/?s={search_term_string}\"},\"query-input\":\"required name=search_term_string\"}],\"inLanguage\":\"es\"},{\"@type\":\"Organization\",\"@id\":\"https:\/\/www.celttv.com.ar\/#organization\",\"name\":\"CELTTV\",\"url\":\"https:\/\/www.celttv.com.ar\/\",\"sameAs\":[\"https:\/\/www.youtube.com\/channel\/UCz_oIt8Hig64Ub-EmcNPIhg\",\"https:\/\/www.facebook.com\/celtTV\/\"],\"logo\":{\"@type\":\"ImageObject\",\"inLanguage\":\"es\",\"@id\":\"https:\/\/www.celttv.com.ar\/#\/schema\/logo\/image\/\",\"url\":\"http:\/\/www.celttv.com.ar\/wp-content\/uploads\/2022\/08\/logo-1.png\",\"contentUrl\":\"http:\/\/www.celttv.com.ar\/wp-content\/uploads\/2022\/08\/logo-1.png\",\"width\":461,\"height\":159,\"caption\":\"CELTTV\"},\"image\":{\"@id\":\"https:\/\/www.celttv.com.ar\/#\/schema\/logo\/image\/\"}},{\"@type\":\"Person\",\"@id\":\"https:\/\/www.celttv.com.ar\/#\/schema\/person\/495be51d064edd971d8457f8f64eb172\",\"name\":\"Rodrigo Sgammini\",\"image\":{\"@type\":\"ImageObject\",\"inLanguage\":\"es\",\"@id\":\"https:\/\/www.celttv.com.ar\/#\/schema\/person\/image\/\",\"url\":\"https:\/\/secure.gravatar.com\/avatar\/68f7848d42735e7a9276b47cd6e606327d88f521c51ae39d88888b76902e2987?s=96&d=mm&r=g\",\"contentUrl\":\"https:\/\/secure.gravatar.com\/avatar\/68f7848d42735e7a9276b47cd6e606327d88f521c51ae39d88888b76902e2987?s=96&d=mm&r=g\",\"caption\":\"Rodrigo Sgammini\"}}]}<\/script>\n<!-- \/ Yoast SEO plugin. -->","yoast_head_json":{"title":"Carnavales en Sierra de la Ventana: Cierre con una multitud de espectadores y toda la magia del corso serrano - CELTTV","description":"Sitio web de noticias de la localidad de Tornquist, provincia de Buenos Aires, Rep\u00fablica Argentina. Contenido propio originado por periodistas de CELTTV, el canal de TV local de la Cooperativa El\u00e9ctrica de Tornquist. Turismo, Pol\u00edtica, Sociedad, Deporte, Cultura y todo el contenido de inter\u00e9s general que la gente del pueblo y la regi\u00f3n debe conocer.","robots":{"index":"index","follow":"follow","max-snippet":"max-snippet:-1","max-image-preview":"max-image-preview:large","max-video-preview":"max-video-preview:-1"},"canonical":"https:\/\/www.celttv.com.ar\/index.php\/2023\/02\/22\/carnavales-en-sierra-de-la-ventana-cierre-con-una-multitud-de-espectadores-y-toda-la-magia-del-corso-serrano\/","og_locale":"es_ES","og_type":"article","og_title":"Carnavales en Sierra de la Ventana: Cierre con una multitud de espectadores y toda la magia del corso serrano - CELTTV","og_description":"Sitio web de noticias de la localidad de Tornquist, provincia de Buenos Aires, Rep\u00fablica Argentina. Contenido propio originado por periodistas de CELTTV, el canal de TV local de la Cooperativa El\u00e9ctrica de Tornquist. Turismo, Pol\u00edtica, Sociedad, Deporte, Cultura y todo el contenido de inter\u00e9s general que la gente del pueblo y la regi\u00f3n debe conocer.","og_url":"https:\/\/www.celttv.com.ar\/index.php\/2023\/02\/22\/carnavales-en-sierra-de-la-ventana-cierre-con-una-multitud-de-espectadores-y-toda-la-magia-del-corso-serrano\/","og_site_name":"CELTTV","article_publisher":"https:\/\/www.facebook.com\/celtTV\/","article_published_time":"2023-02-22T14:09:33+00:00","article_modified_time":"2023-02-22T14:10:25+00:00","og_image":[{"width":750,"height":375,"url":"https:\/\/www.celttv.com.ar\/wp-content\/uploads\/2023\/02\/carna-1.jpg_750.jpg","type":"image\/jpeg"}],"author":"Rodrigo Sgammini","twitter_card":"summary_large_image","twitter_misc":{"Escrito por":"Rodrigo Sgammini","Tiempo de lectura":"2 minutos"},"schema":{"@context":"https:\/\/schema.org","@graph":[{"@type":"NewsArticle","@id":"https:\/\/www.celttv.com.ar\/index.php\/2023\/02\/22\/carnavales-en-sierra-de-la-ventana-cierre-con-una-multitud-de-espectadores-y-toda-la-magia-del-corso-serrano\/#article","isPartOf":{"@id":"https:\/\/www.celttv.com.ar\/index.php\/2023\/02\/22\/carnavales-en-sierra-de-la-ventana-cierre-con-una-multitud-de-espectadores-y-toda-la-magia-del-corso-serrano\/"},"author":{"name":"Rodrigo Sgammini","@id":"https:\/\/www.celttv.com.ar\/#\/schema\/person\/495be51d064edd971d8457f8f64eb172"},"headline":"Carnavales en Sierra de la Ventana: Cierre con una multitud de espectadores y toda la magia del corso serrano","datePublished":"2023-02-22T14:09:33+00:00","dateModified":"2023-02-22T14:10:25+00:00","mainEntityOfPage":{"@id":"https:\/\/www.celttv.com.ar\/index.php\/2023\/02\/22\/carnavales-en-sierra-de-la-ventana-cierre-con-una-multitud-de-espectadores-y-toda-la-magia-del-corso-serrano\/"},"wordCount":464,"publisher":{"@id":"https:\/\/www.celttv.com.ar\/#organization"},"articleSection":["Celt TV Noticias"],"inLanguage":"es"},{"@type":"WebPage","@id":"https:\/\/www.celttv.com.ar\/index.php\/2023\/02\/22\/carnavales-en-sierra-de-la-ventana-cierre-con-una-multitud-de-espectadores-y-toda-la-magia-del-corso-serrano\/","url":"https:\/\/www.celttv.com.ar\/index.php\/2023\/02\/22\/carnavales-en-sierra-de-la-ventana-cierre-con-una-multitud-de-espectadores-y-toda-la-magia-del-corso-serrano\/","name":"Carnavales en Sierra de la Ventana: Cierre con una multitud de espectadores y toda la magia del corso serrano - CELTTV","isPartOf":{"@id":"https:\/\/www.celttv.com.ar\/#website"},"datePublished":"2023-02-22T14:09:33+00:00","dateModified":"2023-02-22T14:10:25+00:00","description":"Sitio web de noticias de la localidad de Tornquist, provincia de Buenos Aires, Rep\u00fablica Argentina. Contenido propio originado por periodistas de CELTTV, el canal de TV local de la Cooperativa El\u00e9ctrica de Tornquist. Turismo, Pol\u00edtica, Sociedad, Deporte, Cultura y todo el contenido de inter\u00e9s general que la gente del pueblo y la regi\u00f3n debe conocer.","breadcrumb":{"@id":"https:\/\/www.celttv.com.ar\/index.php\/2023\/02\/22\/carnavales-en-sierra-de-la-ventana-cierre-con-una-multitud-de-espectadores-y-toda-la-magia-del-corso-serrano\/#breadcrumb"},"inLanguage":"es","potentialAction":[{"@type":"ReadAction","target":["https:\/\/www.celttv.com.ar\/index.php\/2023\/02\/22\/carnavales-en-sierra-de-la-ventana-cierre-con-una-multitud-de-espectadores-y-toda-la-magia-del-corso-serrano\/"]}]},{"@type":"BreadcrumbList","@id":"https:\/\/www.celttv.com.ar\/index.php\/2023\/02\/22\/carnavales-en-sierra-de-la-ventana-cierre-con-una-multitud-de-espectadores-y-toda-la-magia-del-corso-serrano\/#breadcrumb","itemListElement":[{"@type":"ListItem","position":1,"name":"Inicio","item":"https:\/\/www.celttv.com.ar\/"},{"@type":"ListItem","position":2,"name":"Carnavales en Sierra de la Ventana: Cierre con una multitud de espectadores y toda la magia del corso serrano"}]},{"@type":"WebSite","@id":"https:\/\/www.celttv.com.ar\/#website","url":"https:\/\/www.celttv.com.ar\/","name":"CELTTV","description":"Cooperativa El\u00e9ctrica de Tornquist","publisher":{"@id":"https:\/\/www.celttv.com.ar\/#organization"},"potentialAction":[{"@type":"SearchAction","target":{"@type":"EntryPoint","urlTemplate":"https:\/\/www.celttv.com.ar\/?s={search_term_string}"},"query-input":"required name=search_term_string"}],"inLanguage":"es"},{"@type":"Organization","@id":"https:\/\/www.celttv.com.ar\/#organization","name":"CELTTV","url":"https:\/\/www.celttv.com.ar\/","sameAs":["https:\/\/www.youtube.com\/channel\/UCz_oIt8Hig64Ub-EmcNPIhg","https:\/\/www.facebook.com\/celtTV\/"],"logo":{"@type":"ImageObject","inLanguage":"es","@id":"https:\/\/www.celttv.com.ar\/#\/schema\/logo\/image\/","url":"http:\/\/www.celttv.com.ar\/wp-content\/uploads\/2022\/08\/logo-1.png","contentUrl":"http:\/\/www.celttv.com.ar\/wp-content\/uploads\/2022\/08\/logo-1.png","width":461,"height":159,"caption":"CELTTV"},"image":{"@id":"https:\/\/www.celttv.com.ar\/#\/schema\/logo\/image\/"}},{"@type":"Person","@id":"https:\/\/www.celttv.com.ar\/#\/schema\/person\/495be51d064edd971d8457f8f64eb172","name":"Rodrigo Sgammini","image":{"@type":"ImageObject","inLanguage":"es","@id":"https:\/\/www.celttv.com.ar\/#\/schema\/person\/image\/","url":"https:\/\/secure.gravatar.com\/avatar\/68f7848d42735e7a9276b47cd6e606327d88f521c51ae39d88888b76902e2987?s=96&d=mm&r=g","contentUrl":"https:\/\/secure.gravatar.com\/avatar\/68f7848d42735e7a9276b47cd6e606327d88f521c51ae39d88888b76902e2987?s=96&d=mm&r=g","caption":"Rodrigo Sgammini"}}]}},"_links":{"self":[{"href":"https:\/\/www.celttv.com.ar\/index.php\/wp-json\/wp\/v2\/posts\/73769","targetHints":{"allow":["GET"]}}],"collection":[{"href":"https:\/\/www.celttv.com.ar\/index.php\/wp-json\/wp\/v2\/posts"}],"about":[{"href":"https:\/\/www.celttv.com.ar\/index.php\/wp-json\/wp\/v2\/types\/post"}],"author":[{"embeddable":true,"href":"https:\/\/www.celttv.com.ar\/index.php\/wp-json\/wp\/v2\/users\/3"}],"replies":[{"embeddable":true,"href":"https:\/\/www.celttv.com.ar\/index.php\/wp-json\/wp\/v2\/comments?post=73769"}],"version-history":[{"count":2,"href":"https:\/\/www.celttv.com.ar\/index.php\/wp-json\/wp\/v2\/posts\/73769\/revisions"}],"predecessor-version":[{"id":73774,"href":"https:\/\/www.celttv.com.ar\/index.php\/wp-json\/wp\/v2\/posts\/73769\/revisions\/73774"}],"wp:featuredmedia":[{"embeddable":true,"href":"https:\/\/www.celttv.com.ar\/index.php\/wp-json\/wp\/v2\/media\/73772"}],"wp:attachment":[{"href":"https:\/\/www.celttv.com.ar\/index.php\/wp-json\/wp\/v2\/media?parent=73769"}],"wp:term":[{"taxonomy":"category","embeddable":true,"href":"https:\/\/www.celttv.com.ar\/index.php\/wp-json\/wp\/v2\/categories?post=73769"},{"taxonomy":"post_tag","embeddable":true,"href":"https:\/\/www.celttv.com.ar\/index.php\/wp-json\/wp\/v2\/tags?post=73769"}],"curies":[{"name":"wp","href":"https:\/\/api.w.org\/{rel}","templated":true}]}}