{"id":73783,"date":"2023-02-22T22:27:09","date_gmt":"2023-02-23T01:27:09","guid":{"rendered":"http:\/\/www.celttv.com.ar\/?p=73783"},"modified":"2023-02-22T22:27:09","modified_gmt":"2023-02-23T01:27:09","slug":"kicillof-realizo-anuncios-para-el-distrito-durante-su-visita-a-sierra-de-la-ventana-videos","status":"publish","type":"post","link":"https:\/\/www.celttv.com.ar\/index.php\/2023\/02\/22\/kicillof-realizo-anuncios-para-el-distrito-durante-su-visita-a-sierra-de-la-ventana-videos\/","title":{"rendered":"Kicillof realiz\u00f3 anuncios para el distrito durante su visita a Sierra de la Ventana (Videos)"},"content":{"rendered":"<p>Este mi\u00e9rcoles el gobernador Axel Kicillof encabez\u00f3 una nueva conferencia de verano en el municipio de Tornquist, junto al intendente local, Sergio Bordoni; el ministro de Producci\u00f3n, Ciencia e Innovaci\u00f3n Tecnol\u00f3gica, Augusto Costa; y la presidenta del Instituto Cultural, Florencia Saintout.<\/p>\n<p>Durante la jornada, Bordoni se\u00f1al\u00f3 que &#8220;el gobernador sacar\u00e1 en \u00e9stos meses a la licitaci\u00f3n la obra de repavimentaci\u00f3n de la RP 76, la continuidad de los trabajos para la red de agua potable de Villa Serrana La Gruta, el acompa\u00f1amiento para seguir con las tareas en el sector industrial planificado y el compromiso de retomar las obras de cloacas para Sierra de la Ventana&#8221;.<\/p>\n<p>En la primera quincena de febrero, la provincia recibi\u00f3 a 2,86 millones de visitantes, superando en un 8% al promedio de los \u00faltimos cinco a\u00f1os en ese periodo, y solo durante el fin de semana largo de carnavales el n\u00famero de turistas fue de 1,3 mill\u00f3n. De esta forma, el acumulado desde diciembre alcanza a los 15 millones, estableciendo un nuevo r\u00e9cord de turistas. Asimismo, entre los cinco paradores ReCreo recibieron ya a 1,1 mill\u00f3n de personas que disfrutaron de 1.500 talleres y 243 shows musicales.<\/p>\n<p>En ese marco, Kicillof destac\u00f3 que \u201cen esta temporada ten\u00edamos un desaf\u00edo muy exigente, que era al menos igualar la cantidad de turistas que hab\u00edamos recibido el a\u00f1o pasado y hab\u00eda sido un r\u00e9cord hist\u00f3rico\u201d. \u201cHemos alcanzado los 15 millones de visitantes y no solo hemos logrado ese objetivo, sino que pudimos superarlo, a esta altura del verano, recibimos a un 8% m\u00e1s de visitantes\u201d, afirm\u00f3.<\/p>\n<p>\u201cEsto fue posible porque el turismo se ha convertido en una verdadera pol\u00edtica de Estado en nuestra provincia, promoviendo tanto el derecho al descanso de quienes se toman vacaciones como el derecho al trabajo y al empleo\u201d, explic\u00f3 el Gobernador, al tiempo que sostuvo que \u201ccon programas como el Operativo de Sol a Sol, las obras de infraestructura vial, las propuestas culturales y los reintegros con Cuenta DNI, hemos construido una temporada imponente, la de mayor turismo en la historia de la provincia de Buenos Aires\u201d.<\/p>\n<p><iframe loading=\"lazy\" title=\"2023 02 22 VISITA DE KICILLOF 4 AXEL KICILLOF   ALOCUCION\" width=\"500\" height=\"281\" src=\"https:\/\/www.youtube.com\/embed\/5M2ALqDOT8E?feature=oembed\" frameborder=\"0\" allow=\"accelerometer; autoplay; clipboard-write; encrypted-media; gyroscope; picture-in-picture; web-share\" referrerpolicy=\"strict-origin-when-cross-origin\" allowfullscreen><\/iframe><\/p>\n<p>Asimismo, Costa se\u00f1al\u00f3 que \u201cestamos en la salida de un fin de semana de carnaval hist\u00f3rico, con un impacto econ\u00f3mico de alrededor de $30 mil millones que, con una ocupaci\u00f3n pr\u00e1cticamente plena, signific\u00f3 la posibilidad de generar ingresos y puestos de trabajo en toda la provincia\u201d. \u201cEstamos consolidando una temporada excepcional, que no s\u00f3lo logr\u00f3 sostener los valores de la anterior, sino que los super\u00f3 gracias al enorme trabajo que se hizo de forma articulada entre el Estado y el sector privado\u201d, explic\u00f3.<\/p>\n<p>En el caso de Tornquist, ya cont\u00f3 con m\u00e1s de 191 mil visitas, en tanto que durante los feriados de carnaval tuvo un nivel de ocupaci\u00f3n de reservas del 100%.<\/p>\n<p>Por su parte, Bordoni dijo que \u201cgracias al Gobierno provincial se han desarrollado obras de infraestructura fundamentales para mejorar la calidad de vida de los vecinos y vecinas del distrito\u201d. \u201cMuchas de estas obras se ped\u00edan hac\u00eda mucho tiempo y estas autoridades provinciales no las hab\u00edan prometido, sino que las hicieron y hoy ya son una realidad\u201d, indic\u00f3.<\/p>\n<p><iframe loading=\"lazy\" title=\"2023 02 22 VISITA DE KICILLOF 3 SERGIO BORDONI   ALOCUCION\" width=\"500\" height=\"281\" src=\"https:\/\/www.youtube.com\/embed\/4mk8QjUboLM?feature=oembed\" frameborder=\"0\" allow=\"accelerometer; autoplay; clipboard-write; encrypted-media; gyroscope; picture-in-picture; web-share\" referrerpolicy=\"strict-origin-when-cross-origin\" allowfullscreen><\/iframe><\/p>\n<p>Durante la jornada, las autoridades mantuvieron una reuni\u00f3n de trabajo con intendentes y representantes del sector productivo de la regi\u00f3n. All\u00ed se anunci\u00f3 la tercera convocatoria del programa Arriba Parques, que destinar\u00e1 $1.380 millones para obras de infraestructura en agrupamientos industriales.<\/p>\n<p>Por \u00faltimo, Kicillof resalt\u00f3 que \u201cnecesitamos m\u00e1s turismo y m\u00e1s producci\u00f3n para que todos y todas las bonaerenses tengan la posibilidad de crecer y desarrollarse en el municipio en el que nacieron\u201d. \u201cSe trata de una cuesti\u00f3n de integraci\u00f3n territorial, de creaci\u00f3n de empleo de calidad, igualdad de oportunidades y justicia social\u201d, concluy\u00f3.<\/p>\n<p><iframe loading=\"lazy\" title=\"2023 02 22 VISITA DE KICILLOF 5 AXEL KICILLOF   ALOCUCION\" width=\"500\" height=\"281\" src=\"https:\/\/www.youtube.com\/embed\/BOtwpVpnPPU?feature=oembed\" frameborder=\"0\" allow=\"accelerometer; autoplay; clipboard-write; encrypted-media; gyroscope; picture-in-picture; web-share\" referrerpolicy=\"strict-origin-when-cross-origin\" allowfullscreen><\/iframe><\/p>\n<p>Participaron de las actividades los intendentes de Adolfo Gonzales Chaves, Marcelo Santill\u00e1n; de Villa Gesell, Gustavo Barrera; de Benito Ju\u00e1rez, Julio Marini; de Tres Lomas, Jorge Carrera; de Saavedra, Gustavo Notararigo; de Tres Arroyos, Carlos S\u00e1nchez; de Coronel Su\u00e1rez, Ricardo Moccero; de Adolfo Alsina, Javier Andr\u00e9s; de Monte Hermoso, Marcos Fern\u00e1ndez; de Guamin\u00ed, Jos\u00e9 Augusto Nobre Ferreira; de Patagones, Jos\u00e9 Luis Zara; y de Laprida, Pablo Torres.<\/p>\n<p>Estuvieron presentes tambi\u00e9n el ministro de Desarrollo Agrario, Javier Rodr\u00edguez; la ministra de Gobierno, Cristina \u00c1lvarez Rodr\u00edguez; el jefe de Asesores del Gobernador, Carlos Bianco; la presidenta del Consejo Nacional de Coordinaci\u00f3n de Pol\u00edticas Sociales, Marisol Merquel; el vicepresidente del Instituto Cultural, Juan Esteban Buono Repetto; las subsecretarias de Turismo, Soledad Mart\u00ednez; de Industria, Pymes y Cooperativas, Mariela Bembi; y de Promoci\u00f3n Sociocultural, Lorena Riesgo; los subsecretario de Desarrollo Comercial y Promoci\u00f3n de Inversiones, Ariel Aguilar; y de T\u00e9cnica, Administrativa y Legal del Instituto Cultural, Tom\u00e1s Viviani.<\/p>\n<p>Adem\u00e1s se cont\u00f3 con la presencia de los senadores bonaerenses Alfredo Fisher y Marcelo Feli\u00fa; la senadora Ayel\u00e9n Dur\u00e1n; los diputados provinciales Carlos \u201cCuto\u201d Moreno y Alejandro Dichiara; el jefe del Distrito 19 de Vialidad Nacional, Gustavo Trankels; la directora del Hospital Municipal Dr. Alberto Castro, Cecilia Conti; el dirigente Gabriel Godoy; la concejala Marcela Gim\u00e9nez y otros representantes del Concejo Deliberante.<\/p>\n<p><em><strong>ENTREVISTAS<\/strong><\/em><\/p>\n<p><iframe loading=\"lazy\" title=\"2023 02 22 VISITA DE KICILLOF 2 SERGIO BORDONI   NOTA\" width=\"500\" height=\"281\" src=\"https:\/\/www.youtube.com\/embed\/SNVSdcoPiG8?feature=oembed\" frameborder=\"0\" allow=\"accelerometer; autoplay; clipboard-write; encrypted-media; gyroscope; picture-in-picture; web-share\" referrerpolicy=\"strict-origin-when-cross-origin\" allowfullscreen><\/iframe><\/p>\n<p><iframe loading=\"lazy\" title=\"2023 02 22 VISITA DE KICILLOF 1 VICTOR ANTON\" width=\"500\" height=\"281\" src=\"https:\/\/www.youtube.com\/embed\/wjsEn7ZzJ9k?feature=oembed\" frameborder=\"0\" allow=\"accelerometer; autoplay; clipboard-write; encrypted-media; gyroscope; picture-in-picture; web-share\" referrerpolicy=\"strict-origin-when-cross-origin\" allowfullscreen><\/iframe><\/p>\n<p><iframe loading=\"lazy\" title=\"2023 02 22 VISITA DE KICILLOF 6 AXEL KICILLOF   NOTA\" width=\"500\" height=\"281\" src=\"https:\/\/www.youtube.com\/embed\/7AxR85h_OKA?feature=oembed\" frameborder=\"0\" allow=\"accelerometer; autoplay; clipboard-write; encrypted-media; gyroscope; picture-in-picture; web-share\" referrerpolicy=\"strict-origin-when-cross-origin\" allowfullscreen><\/iframe><\/p>\n<p><em><strong>Cr\u00e9dito<\/strong><\/em>: www.gba.gob.ar y CELTTV NOTICIAS.<\/p>\n","protected":false},"excerpt":{"rendered":"<p>Este mi\u00e9rcoles el gobernador Axel Kicillof encabez\u00f3 una nueva conferencia de verano en el municipio de Tornquist, junto al intendente local, Sergio Bordoni; el ministro de Producci\u00f3n, Ciencia e Innovaci\u00f3n Tecnol\u00f3gica, Augusto Costa; y la presidenta del Instituto Cultural, Florencia Saintout. Durante la jornada, Bordoni se\u00f1al\u00f3 que &#8220;el gobernador sacar\u00e1 en \u00e9stos meses a la [&hellip;]<\/p>\n","protected":false},"author":3,"featured_media":73785,"comment_status":"closed","ping_status":"closed","sticky":false,"template":"","format":"standard","meta":{"footnotes":""},"categories":[53],"tags":[],"class_list":["post-73783","post","type-post","status-publish","format-standard","has-post-thumbnail","hentry","category-politica"],"yoast_head":"<!-- This site is optimized with the Yoast SEO plugin v19.7.1 - https:\/\/yoast.com\/wordpress\/plugins\/seo\/ -->\n<title>Kicillof realiz\u00f3 anuncios para el distrito durante su visita a Sierra de la Ventana (Videos) - CELTTV<\/title>\n<meta name=\"description\" content=\"Sitio web de noticias de la localidad de Tornquist, provincia de Buenos Aires, Rep\u00fablica Argentina. Contenido propio originado por periodistas de CELTTV, el canal de TV local de la Cooperativa El\u00e9ctrica de Tornquist. Turismo, Pol\u00edtica, Sociedad, Deporte, Cultura y todo el contenido de inter\u00e9s general que la gente del pueblo y la regi\u00f3n debe conocer.\" \/>\n<meta name=\"robots\" content=\"index, follow, max-snippet:-1, max-image-preview:large, max-video-preview:-1\" \/>\n<link rel=\"canonical\" href=\"https:\/\/www.celttv.com.ar\/index.php\/2023\/02\/22\/kicillof-realizo-anuncios-para-el-distrito-durante-su-visita-a-sierra-de-la-ventana-videos\/\" \/>\n<meta property=\"og:locale\" content=\"es_ES\" \/>\n<meta property=\"og:type\" content=\"article\" \/>\n<meta property=\"og:title\" content=\"Kicillof realiz\u00f3 anuncios para el distrito durante su visita a Sierra de la Ventana (Videos) - CELTTV\" \/>\n<meta property=\"og:description\" content=\"Sitio web de noticias de la localidad de Tornquist, provincia de Buenos Aires, Rep\u00fablica Argentina. Contenido propio originado por periodistas de CELTTV, el canal de TV local de la Cooperativa El\u00e9ctrica de Tornquist. Turismo, Pol\u00edtica, Sociedad, Deporte, Cultura y todo el contenido de inter\u00e9s general que la gente del pueblo y la regi\u00f3n debe conocer.\" \/>\n<meta property=\"og:url\" content=\"https:\/\/www.celttv.com.ar\/index.php\/2023\/02\/22\/kicillof-realizo-anuncios-para-el-distrito-durante-su-visita-a-sierra-de-la-ventana-videos\/\" \/>\n<meta property=\"og:site_name\" content=\"CELTTV\" \/>\n<meta property=\"article:publisher\" content=\"https:\/\/www.facebook.com\/celtTV\/\" \/>\n<meta property=\"article:published_time\" content=\"2023-02-23T01:27:09+00:00\" \/>\n<meta property=\"og:image\" content=\"https:\/\/www.celttv.com.ar\/wp-content\/uploads\/2023\/02\/31bf4447-f69b-4a74-9fbc-4d8c1b98986f.jpg\" \/>\n\t<meta property=\"og:image:width\" content=\"1600\" \/>\n\t<meta property=\"og:image:height\" content=\"1200\" \/>\n\t<meta property=\"og:image:type\" content=\"image\/jpeg\" \/>\n<meta name=\"author\" content=\"Rodrigo Sgammini\" \/>\n<meta name=\"twitter:card\" content=\"summary_large_image\" \/>\n<meta name=\"twitter:label1\" content=\"Escrito por\" \/>\n\t<meta name=\"twitter:data1\" content=\"Rodrigo Sgammini\" \/>\n\t<meta name=\"twitter:label2\" content=\"Tiempo de lectura\" \/>\n\t<meta name=\"twitter:data2\" content=\"5 minutos\" \/>\n<script type=\"application\/ld+json\" class=\"yoast-schema-graph\">{\"@context\":\"https:\/\/schema.org\",\"@graph\":[{\"@type\":\"NewsArticle\",\"@id\":\"https:\/\/www.celttv.com.ar\/index.php\/2023\/02\/22\/kicillof-realizo-anuncios-para-el-distrito-durante-su-visita-a-sierra-de-la-ventana-videos\/#article\",\"isPartOf\":{\"@id\":\"https:\/\/www.celttv.com.ar\/index.php\/2023\/02\/22\/kicillof-realizo-anuncios-para-el-distrito-durante-su-visita-a-sierra-de-la-ventana-videos\/\"},\"author\":{\"name\":\"Rodrigo Sgammini\",\"@id\":\"https:\/\/www.celttv.com.ar\/#\/schema\/person\/495be51d064edd971d8457f8f64eb172\"},\"headline\":\"Kicillof realiz\u00f3 anuncios para el distrito durante su visita a Sierra de la Ventana (Videos)\",\"datePublished\":\"2023-02-23T01:27:09+00:00\",\"dateModified\":\"2023-02-23T01:27:09+00:00\",\"mainEntityOfPage\":{\"@id\":\"https:\/\/www.celttv.com.ar\/index.php\/2023\/02\/22\/kicillof-realizo-anuncios-para-el-distrito-durante-su-visita-a-sierra-de-la-ventana-videos\/\"},\"wordCount\":927,\"publisher\":{\"@id\":\"https:\/\/www.celttv.com.ar\/#organization\"},\"articleSection\":[\"Pol\u00edtica\"],\"inLanguage\":\"es\"},{\"@type\":\"WebPage\",\"@id\":\"https:\/\/www.celttv.com.ar\/index.php\/2023\/02\/22\/kicillof-realizo-anuncios-para-el-distrito-durante-su-visita-a-sierra-de-la-ventana-videos\/\",\"url\":\"https:\/\/www.celttv.com.ar\/index.php\/2023\/02\/22\/kicillof-realizo-anuncios-para-el-distrito-durante-su-visita-a-sierra-de-la-ventana-videos\/\",\"name\":\"Kicillof realiz\u00f3 anuncios para el distrito durante su visita a Sierra de la Ventana (Videos) - CELTTV\",\"isPartOf\":{\"@id\":\"https:\/\/www.celttv.com.ar\/#website\"},\"datePublished\":\"2023-02-23T01:27:09+00:00\",\"dateModified\":\"2023-02-23T01:27:09+00:00\",\"description\":\"Sitio web de noticias de la localidad de Tornquist, provincia de Buenos Aires, Rep\u00fablica Argentina. Contenido propio originado por periodistas de CELTTV, el canal de TV local de la Cooperativa El\u00e9ctrica de Tornquist. Turismo, Pol\u00edtica, Sociedad, Deporte, Cultura y todo el contenido de inter\u00e9s general que la gente del pueblo y la regi\u00f3n debe conocer.\",\"breadcrumb\":{\"@id\":\"https:\/\/www.celttv.com.ar\/index.php\/2023\/02\/22\/kicillof-realizo-anuncios-para-el-distrito-durante-su-visita-a-sierra-de-la-ventana-videos\/#breadcrumb\"},\"inLanguage\":\"es\",\"potentialAction\":[{\"@type\":\"ReadAction\",\"target\":[\"https:\/\/www.celttv.com.ar\/index.php\/2023\/02\/22\/kicillof-realizo-anuncios-para-el-distrito-durante-su-visita-a-sierra-de-la-ventana-videos\/\"]}]},{\"@type\":\"BreadcrumbList\",\"@id\":\"https:\/\/www.celttv.com.ar\/index.php\/2023\/02\/22\/kicillof-realizo-anuncios-para-el-distrito-durante-su-visita-a-sierra-de-la-ventana-videos\/#breadcrumb\",\"itemListElement\":[{\"@type\":\"ListItem\",\"position\":1,\"name\":\"Inicio\",\"item\":\"https:\/\/www.celttv.com.ar\/\"},{\"@type\":\"ListItem\",\"position\":2,\"name\":\"Kicillof realiz\u00f3 anuncios para el distrito durante su visita a Sierra de la Ventana (Videos)\"}]},{\"@type\":\"WebSite\",\"@id\":\"https:\/\/www.celttv.com.ar\/#website\",\"url\":\"https:\/\/www.celttv.com.ar\/\",\"name\":\"CELTTV\",\"description\":\"Cooperativa El\u00e9ctrica de Tornquist\",\"publisher\":{\"@id\":\"https:\/\/www.celttv.com.ar\/#organization\"},\"potentialAction\":[{\"@type\":\"SearchAction\",\"target\":{\"@type\":\"EntryPoint\",\"urlTemplate\":\"https:\/\/www.celttv.com.ar\/?s={search_term_string}\"},\"query-input\":\"required name=search_term_string\"}],\"inLanguage\":\"es\"},{\"@type\":\"Organization\",\"@id\":\"https:\/\/www.celttv.com.ar\/#organization\",\"name\":\"CELTTV\",\"url\":\"https:\/\/www.celttv.com.ar\/\",\"sameAs\":[\"https:\/\/www.youtube.com\/channel\/UCz_oIt8Hig64Ub-EmcNPIhg\",\"https:\/\/www.facebook.com\/celtTV\/\"],\"logo\":{\"@type\":\"ImageObject\",\"inLanguage\":\"es\",\"@id\":\"https:\/\/www.celttv.com.ar\/#\/schema\/logo\/image\/\",\"url\":\"http:\/\/www.celttv.com.ar\/wp-content\/uploads\/2022\/08\/logo-1.png\",\"contentUrl\":\"http:\/\/www.celttv.com.ar\/wp-content\/uploads\/2022\/08\/logo-1.png\",\"width\":461,\"height\":159,\"caption\":\"CELTTV\"},\"image\":{\"@id\":\"https:\/\/www.celttv.com.ar\/#\/schema\/logo\/image\/\"}},{\"@type\":\"Person\",\"@id\":\"https:\/\/www.celttv.com.ar\/#\/schema\/person\/495be51d064edd971d8457f8f64eb172\",\"name\":\"Rodrigo Sgammini\",\"image\":{\"@type\":\"ImageObject\",\"inLanguage\":\"es\",\"@id\":\"https:\/\/www.celttv.com.ar\/#\/schema\/person\/image\/\",\"url\":\"https:\/\/secure.gravatar.com\/avatar\/68f7848d42735e7a9276b47cd6e606327d88f521c51ae39d88888b76902e2987?s=96&d=mm&r=g\",\"contentUrl\":\"https:\/\/secure.gravatar.com\/avatar\/68f7848d42735e7a9276b47cd6e606327d88f521c51ae39d88888b76902e2987?s=96&d=mm&r=g\",\"caption\":\"Rodrigo Sgammini\"}}]}<\/script>\n<!-- \/ Yoast SEO plugin. -->","yoast_head_json":{"title":"Kicillof realiz\u00f3 anuncios para el distrito durante su visita a Sierra de la Ventana (Videos) - CELTTV","description":"Sitio web de noticias de la localidad de Tornquist, provincia de Buenos Aires, Rep\u00fablica Argentina. Contenido propio originado por periodistas de CELTTV, el canal de TV local de la Cooperativa El\u00e9ctrica de Tornquist. Turismo, Pol\u00edtica, Sociedad, Deporte, Cultura y todo el contenido de inter\u00e9s general que la gente del pueblo y la regi\u00f3n debe conocer.","robots":{"index":"index","follow":"follow","max-snippet":"max-snippet:-1","max-image-preview":"max-image-preview:large","max-video-preview":"max-video-preview:-1"},"canonical":"https:\/\/www.celttv.com.ar\/index.php\/2023\/02\/22\/kicillof-realizo-anuncios-para-el-distrito-durante-su-visita-a-sierra-de-la-ventana-videos\/","og_locale":"es_ES","og_type":"article","og_title":"Kicillof realiz\u00f3 anuncios para el distrito durante su visita a Sierra de la Ventana (Videos) - CELTTV","og_description":"Sitio web de noticias de la localidad de Tornquist, provincia de Buenos Aires, Rep\u00fablica Argentina. Contenido propio originado por periodistas de CELTTV, el canal de TV local de la Cooperativa El\u00e9ctrica de Tornquist. Turismo, Pol\u00edtica, Sociedad, Deporte, Cultura y todo el contenido de inter\u00e9s general que la gente del pueblo y la regi\u00f3n debe conocer.","og_url":"https:\/\/www.celttv.com.ar\/index.php\/2023\/02\/22\/kicillof-realizo-anuncios-para-el-distrito-durante-su-visita-a-sierra-de-la-ventana-videos\/","og_site_name":"CELTTV","article_publisher":"https:\/\/www.facebook.com\/celtTV\/","article_published_time":"2023-02-23T01:27:09+00:00","og_image":[{"width":1600,"height":1200,"url":"https:\/\/www.celttv.com.ar\/wp-content\/uploads\/2023\/02\/31bf4447-f69b-4a74-9fbc-4d8c1b98986f.jpg","type":"image\/jpeg"}],"author":"Rodrigo Sgammini","twitter_card":"summary_large_image","twitter_misc":{"Escrito por":"Rodrigo Sgammini","Tiempo de lectura":"5 minutos"},"schema":{"@context":"https:\/\/schema.org","@graph":[{"@type":"NewsArticle","@id":"https:\/\/www.celttv.com.ar\/index.php\/2023\/02\/22\/kicillof-realizo-anuncios-para-el-distrito-durante-su-visita-a-sierra-de-la-ventana-videos\/#article","isPartOf":{"@id":"https:\/\/www.celttv.com.ar\/index.php\/2023\/02\/22\/kicillof-realizo-anuncios-para-el-distrito-durante-su-visita-a-sierra-de-la-ventana-videos\/"},"author":{"name":"Rodrigo Sgammini","@id":"https:\/\/www.celttv.com.ar\/#\/schema\/person\/495be51d064edd971d8457f8f64eb172"},"headline":"Kicillof realiz\u00f3 anuncios para el distrito durante su visita a Sierra de la Ventana (Videos)","datePublished":"2023-02-23T01:27:09+00:00","dateModified":"2023-02-23T01:27:09+00:00","mainEntityOfPage":{"@id":"https:\/\/www.celttv.com.ar\/index.php\/2023\/02\/22\/kicillof-realizo-anuncios-para-el-distrito-durante-su-visita-a-sierra-de-la-ventana-videos\/"},"wordCount":927,"publisher":{"@id":"https:\/\/www.celttv.com.ar\/#organization"},"articleSection":["Pol\u00edtica"],"inLanguage":"es"},{"@type":"WebPage","@id":"https:\/\/www.celttv.com.ar\/index.php\/2023\/02\/22\/kicillof-realizo-anuncios-para-el-distrito-durante-su-visita-a-sierra-de-la-ventana-videos\/","url":"https:\/\/www.celttv.com.ar\/index.php\/2023\/02\/22\/kicillof-realizo-anuncios-para-el-distrito-durante-su-visita-a-sierra-de-la-ventana-videos\/","name":"Kicillof realiz\u00f3 anuncios para el distrito durante su visita a Sierra de la Ventana (Videos) - CELTTV","isPartOf":{"@id":"https:\/\/www.celttv.com.ar\/#website"},"datePublished":"2023-02-23T01:27:09+00:00","dateModified":"2023-02-23T01:27:09+00:00","description":"Sitio web de noticias de la localidad de Tornquist, provincia de Buenos Aires, Rep\u00fablica Argentina. Contenido propio originado por periodistas de CELTTV, el canal de TV local de la Cooperativa El\u00e9ctrica de Tornquist. Turismo, Pol\u00edtica, Sociedad, Deporte, Cultura y todo el contenido de inter\u00e9s general que la gente del pueblo y la regi\u00f3n debe conocer.","breadcrumb":{"@id":"https:\/\/www.celttv.com.ar\/index.php\/2023\/02\/22\/kicillof-realizo-anuncios-para-el-distrito-durante-su-visita-a-sierra-de-la-ventana-videos\/#breadcrumb"},"inLanguage":"es","potentialAction":[{"@type":"ReadAction","target":["https:\/\/www.celttv.com.ar\/index.php\/2023\/02\/22\/kicillof-realizo-anuncios-para-el-distrito-durante-su-visita-a-sierra-de-la-ventana-videos\/"]}]},{"@type":"BreadcrumbList","@id":"https:\/\/www.celttv.com.ar\/index.php\/2023\/02\/22\/kicillof-realizo-anuncios-para-el-distrito-durante-su-visita-a-sierra-de-la-ventana-videos\/#breadcrumb","itemListElement":[{"@type":"ListItem","position":1,"name":"Inicio","item":"https:\/\/www.celttv.com.ar\/"},{"@type":"ListItem","position":2,"name":"Kicillof realiz\u00f3 anuncios para el distrito durante su visita a Sierra de la Ventana (Videos)"}]},{"@type":"WebSite","@id":"https:\/\/www.celttv.com.ar\/#website","url":"https:\/\/www.celttv.com.ar\/","name":"CELTTV","description":"Cooperativa El\u00e9ctrica de Tornquist","publisher":{"@id":"https:\/\/www.celttv.com.ar\/#organization"},"potentialAction":[{"@type":"SearchAction","target":{"@type":"EntryPoint","urlTemplate":"https:\/\/www.celttv.com.ar\/?s={search_term_string}"},"query-input":"required name=search_term_string"}],"inLanguage":"es"},{"@type":"Organization","@id":"https:\/\/www.celttv.com.ar\/#organization","name":"CELTTV","url":"https:\/\/www.celttv.com.ar\/","sameAs":["https:\/\/www.youtube.com\/channel\/UCz_oIt8Hig64Ub-EmcNPIhg","https:\/\/www.facebook.com\/celtTV\/"],"logo":{"@type":"ImageObject","inLanguage":"es","@id":"https:\/\/www.celttv.com.ar\/#\/schema\/logo\/image\/","url":"http:\/\/www.celttv.com.ar\/wp-content\/uploads\/2022\/08\/logo-1.png","contentUrl":"http:\/\/www.celttv.com.ar\/wp-content\/uploads\/2022\/08\/logo-1.png","width":461,"height":159,"caption":"CELTTV"},"image":{"@id":"https:\/\/www.celttv.com.ar\/#\/schema\/logo\/image\/"}},{"@type":"Person","@id":"https:\/\/www.celttv.com.ar\/#\/schema\/person\/495be51d064edd971d8457f8f64eb172","name":"Rodrigo Sgammini","image":{"@type":"ImageObject","inLanguage":"es","@id":"https:\/\/www.celttv.com.ar\/#\/schema\/person\/image\/","url":"https:\/\/secure.gravatar.com\/avatar\/68f7848d42735e7a9276b47cd6e606327d88f521c51ae39d88888b76902e2987?s=96&d=mm&r=g","contentUrl":"https:\/\/secure.gravatar.com\/avatar\/68f7848d42735e7a9276b47cd6e606327d88f521c51ae39d88888b76902e2987?s=96&d=mm&r=g","caption":"Rodrigo Sgammini"}}]}},"_links":{"self":[{"href":"https:\/\/www.celttv.com.ar\/index.php\/wp-json\/wp\/v2\/posts\/73783","targetHints":{"allow":["GET"]}}],"collection":[{"href":"https:\/\/www.celttv.com.ar\/index.php\/wp-json\/wp\/v2\/posts"}],"about":[{"href":"https:\/\/www.celttv.com.ar\/index.php\/wp-json\/wp\/v2\/types\/post"}],"author":[{"embeddable":true,"href":"https:\/\/www.celttv.com.ar\/index.php\/wp-json\/wp\/v2\/users\/3"}],"replies":[{"embeddable":true,"href":"https:\/\/www.celttv.com.ar\/index.php\/wp-json\/wp\/v2\/comments?post=73783"}],"version-history":[{"count":1,"href":"https:\/\/www.celttv.com.ar\/index.php\/wp-json\/wp\/v2\/posts\/73783\/revisions"}],"predecessor-version":[{"id":73786,"href":"https:\/\/www.celttv.com.ar\/index.php\/wp-json\/wp\/v2\/posts\/73783\/revisions\/73786"}],"wp:featuredmedia":[{"embeddable":true,"href":"https:\/\/www.celttv.com.ar\/index.php\/wp-json\/wp\/v2\/media\/73785"}],"wp:attachment":[{"href":"https:\/\/www.celttv.com.ar\/index.php\/wp-json\/wp\/v2\/media?parent=73783"}],"wp:term":[{"taxonomy":"category","embeddable":true,"href":"https:\/\/www.celttv.com.ar\/index.php\/wp-json\/wp\/v2\/categories?post=73783"},{"taxonomy":"post_tag","embeddable":true,"href":"https:\/\/www.celttv.com.ar\/index.php\/wp-json\/wp\/v2\/tags?post=73783"}],"curies":[{"name":"wp","href":"https:\/\/api.w.org\/{rel}","templated":true}]}}