{"id":7379,"date":"2012-07-06T14:42:49","date_gmt":"2012-07-06T14:42:49","guid":{"rendered":"http:\/\/www.tvcnoticias.com.ar\/?p=7379"},"modified":"2012-07-06T14:42:49","modified_gmt":"2012-07-06T14:42:49","slug":"sesion-del-hcd-la-soc-de-fomento-de-valle-hermoso-y-el-sind-de-municipales-solicitaron-la-banca-13","status":"publish","type":"post","link":"https:\/\/www.celttv.com.ar\/index.php\/2012\/07\/06\/sesion-del-hcd-la-soc-de-fomento-de-valle-hermoso-y-el-sind-de-municipales-solicitaron-la-banca-13\/","title":{"rendered":"SESION DEL HCD.: LA SOC. DE FOMENTO DE VALLE HERMOSO Y EL SIND. DE MUNICIPALES SOLICITARON LA BANCA 13"},"content":{"rendered":"<p><a href=\"http:\/\/www.youtube.com\/watch?v=ipw3Xn6-2sI\">httpv:\/\/www.youtube.com\/watch?v=ipw3Xn6-2sI<\/a><br \/>\n<a href=\"http:\/\/www.youtube.com\/watch?v=f83Dg533DaA\">httpv:\/\/www.youtube.com\/watch?v=f83Dg533DaA<\/a><br \/>\n<a href=\"http:\/\/www.youtube.com\/watch?v=QP4M0VWBvV0\">httpv:\/\/www.youtube.com\/watch?v=QP4M0VWBvV0<\/a><br \/>\nTornquist, 4 de Julio de 2012<br \/>\nHONORABLE CONCEJO DELIBERANTE<br \/>\n\u00a0INFORME SESI\u00d3N ORDINARIA DEL D\u00cdA 3 DE JULIO<br \/>\n<strong>\u00a0<\/strong>Por ausencia del Presidente del Honorable Concejo Deliberante Concejal Sergio Bordoni, esta Sesi\u00f3n fue presidida por el Vicepresidente 1\u00ba Concejal Manuel Mar\u00eda Picado.<br \/>\n\u00a0<strong>Comunicaciones Oficiales y Dict\u00e1menes de las Comisiones: <\/strong><br \/>\n\u00a0<strong><span style=\"text-decoration: underline;\">Expte. <\/span><\/strong><strong><span style=\"text-decoration: underline;\">N\u00ba 4114-092\/12:<\/span><\/strong> \u201cMunicipalidad de Tornquist aprobaci\u00f3n lista adjudicatarios operatoria 49 Viviendas en Tornquist \u201cFOPROVI\u201d MZ. 68 b, Mz. 68 c, Mz. 68 d\u201d.<br \/>\nSe solicita tratamiento sobre Tablas.<br \/>\nSe aprueba por unanimidad la Ordenanza bajo el N\u00ba 2501\/12 por la que se adjudican en venta, las viviendas ubicadas en la ciudad de Tornquist, correspondiente al Conjunto habitacional 49 viviendas, a las siguientes personas:<\/p>\n<table border=\"1\" cellspacing=\"0\" cellpadding=\"0\" width=\"650\">\n<tbody>\n<tr>\n<td width=\"63\" valign=\"top\"><strong>Circ.<\/strong><\/td>\n<td width=\"59\" valign=\"top\"><strong>Sec. <\/strong><\/td>\n<td width=\"58\" valign=\"top\"><strong>Mz. <\/strong><\/td>\n<td width=\"58\" valign=\"top\"><strong>Pla. <\/strong><\/td>\n<td width=\"86\" valign=\"top\"><strong>Partida <\/strong><\/td>\n<td width=\"326\" valign=\"top\"><strong>Adjudicatarios<\/strong><\/td>\n<\/tr>\n<tr>\n<td width=\"63\" valign=\"top\"><strong>I<\/strong><\/td>\n<td width=\"59\" valign=\"top\"><strong>A<\/strong><\/td>\n<td width=\"58\" valign=\"top\"><strong>68b<\/strong><\/td>\n<td width=\"58\" valign=\"top\"><strong>9a<\/strong><\/td>\n<td width=\"86\" valign=\"top\"><strong>16702<\/strong><\/td>\n<td width=\"326\" valign=\"top\"><strong>PETTINARI, RUBEN HECTOR<\/strong><br \/>\n<strong>ZELARRAYAN, ELISA ESTHER<\/strong><\/td>\n<\/tr>\n<tr>\n<td width=\"63\" valign=\"top\"><strong>I<\/strong><\/td>\n<td width=\"59\" valign=\"top\"><strong>A<\/strong><\/td>\n<td width=\"58\" valign=\"top\"><strong>68b<\/strong><\/td>\n<td width=\"58\" valign=\"top\"><strong>9b<\/strong><\/td>\n<td width=\"86\" valign=\"top\"><strong>11423<\/strong><\/td>\n<td width=\"326\" valign=\"top\"><strong>APEZ, GADIA<\/strong><\/td>\n<\/tr>\n<tr>\n<td width=\"63\" valign=\"top\"><strong>I<\/strong><\/td>\n<td width=\"59\" valign=\"top\"><strong>A<\/strong><\/td>\n<td width=\"58\" valign=\"top\"><strong>68c<\/strong><\/td>\n<td width=\"58\" valign=\"top\"><strong>1a<\/strong><\/td>\n<td width=\"86\" valign=\"top\"><strong>11432<\/strong><\/td>\n<td width=\"326\" valign=\"top\"><strong>HAGG, CARLOS ENRIQUE<\/strong><br \/>\n<strong>STORM, LILIANA BEATRIZ<\/strong><\/td>\n<\/tr>\n<tr>\n<td width=\"63\" valign=\"top\"><strong>I<\/strong><\/td>\n<td width=\"59\" valign=\"top\"><strong>A<\/strong><\/td>\n<td width=\"58\" valign=\"top\"><strong>68c<\/strong><\/td>\n<td width=\"58\" valign=\"top\"><strong>10<\/strong><\/td>\n<td width=\"86\" valign=\"top\"><strong>16703<\/strong><\/td>\n<td width=\"326\" valign=\"top\"><strong>GONZALEZ, ALBERTO CARLOS<\/strong><br \/>\n<strong>ABALOS, MARIA DE LOS ANGELES<\/strong><\/td>\n<\/tr>\n<tr>\n<td width=\"63\" valign=\"top\"><strong>I<\/strong><\/td>\n<td width=\"59\" valign=\"top\"><strong>A<\/strong><\/td>\n<td width=\"58\" valign=\"top\"><strong>68c<\/strong><\/td>\n<td width=\"58\" valign=\"top\"><strong>11<\/strong><\/td>\n<td width=\"86\" valign=\"top\"><strong>16704<\/strong><\/td>\n<td width=\"326\" valign=\"top\"><strong>VAZQUEZ, CLAUDIA ANALIA<\/strong><\/td>\n<\/tr>\n<tr>\n<td width=\"63\" valign=\"top\"><strong>I<\/strong><\/td>\n<td width=\"59\" valign=\"top\"><strong>A<\/strong><\/td>\n<td width=\"58\" valign=\"top\"><strong>68c<\/strong><\/td>\n<td width=\"58\" valign=\"top\"><strong>12<\/strong><\/td>\n<td width=\"86\" valign=\"top\"><strong>16705<\/strong><\/td>\n<td width=\"326\" valign=\"top\"><strong>GARC\u00cdA, AZUCENA ELVIRA<\/strong><\/td>\n<\/tr>\n<tr>\n<td width=\"63\" valign=\"top\"><strong>I<\/strong><\/td>\n<td width=\"59\" valign=\"top\"><strong>A<\/strong><\/td>\n<td width=\"58\" valign=\"top\"><strong>68c<\/strong><\/td>\n<td width=\"58\" valign=\"top\"><strong>13<\/strong><\/td>\n<td width=\"86\" valign=\"top\"><strong>16706<\/strong><\/td>\n<td width=\"326\" valign=\"top\"><strong>CLAVELINO, OSCAR FRANCISCO<\/strong><br \/>\n<strong>BALQUINTA, MARTA OLGA<\/strong><\/td>\n<\/tr>\n<tr>\n<td width=\"63\" valign=\"top\"><strong>I<\/strong><\/td>\n<td width=\"59\" valign=\"top\"><strong>A<\/strong><\/td>\n<td width=\"58\" valign=\"top\"><strong>68c<\/strong><\/td>\n<td width=\"58\" valign=\"top\"><strong>14<\/strong><\/td>\n<td width=\"86\" valign=\"top\"><strong>16707<\/strong><\/td>\n<td width=\"326\" valign=\"top\"><strong>VILLALBA, MABEL LIDIA<\/strong><\/td>\n<\/tr>\n<tr>\n<td width=\"63\" valign=\"top\"><strong>I<\/strong><\/td>\n<td width=\"59\" valign=\"top\"><strong>A<\/strong><\/td>\n<td width=\"58\" valign=\"top\"><strong>68c<\/strong><\/td>\n<td width=\"58\" valign=\"top\"><strong>15<\/strong><\/td>\n<td width=\"86\" valign=\"top\"><strong>16708<\/strong><\/td>\n<td width=\"326\" valign=\"top\"><strong>SANTINI, MAR\u00cdA MARGARITA<\/strong><\/td>\n<\/tr>\n<tr>\n<td width=\"63\" valign=\"top\"><strong>I<\/strong><\/td>\n<td width=\"59\" valign=\"top\"><strong>A<\/strong><\/td>\n<td width=\"58\" valign=\"top\"><strong>68c<\/strong><\/td>\n<td width=\"58\" valign=\"top\"><strong>16<\/strong><\/td>\n<td width=\"86\" valign=\"top\"><strong>16709<\/strong><\/td>\n<td width=\"326\" valign=\"top\"><strong>GOMENZORO, MAR\u00cdA RITA<\/strong><\/td>\n<\/tr>\n<tr>\n<td width=\"63\" valign=\"top\"><strong>I<\/strong><\/td>\n<td width=\"59\" valign=\"top\"><strong>A<\/strong><\/td>\n<td width=\"58\" valign=\"top\"><strong>68c<\/strong><\/td>\n<td width=\"58\" valign=\"top\"><strong>17<\/strong><\/td>\n<td width=\"86\" valign=\"top\"><strong>16710<\/strong><\/td>\n<td width=\"326\" valign=\"top\"><strong>SAEZ SISTERNA, GRACIELA ERNA<\/strong><\/td>\n<\/tr>\n<tr>\n<td width=\"63\" valign=\"top\"><strong>I<\/strong><\/td>\n<td width=\"59\" valign=\"top\"><strong>A<\/strong><\/td>\n<td width=\"58\" valign=\"top\"><strong>68c<\/strong><\/td>\n<td width=\"58\" valign=\"top\"><strong>18<\/strong><\/td>\n<td width=\"86\" valign=\"top\"><strong>16711<\/strong><\/td>\n<td width=\"326\" valign=\"top\"><strong>ROLD\u00c1N, JORGELINA ALICIA<\/strong><\/td>\n<\/tr>\n<tr>\n<td width=\"63\" valign=\"top\"><strong>I<\/strong><\/td>\n<td width=\"59\" valign=\"top\"><strong>A<\/strong><\/td>\n<td width=\"58\" valign=\"top\"><strong>68d<\/strong><\/td>\n<td width=\"58\" valign=\"top\"><strong>1a <\/strong><\/td>\n<td width=\"86\" valign=\"top\"><strong>11441<\/strong><\/td>\n<td width=\"326\" valign=\"top\"><strong>VELLIDO, MABEL SUSANA<\/strong><\/td>\n<\/tr>\n<tr>\n<td width=\"63\" valign=\"top\"><strong>I<\/strong><\/td>\n<td width=\"59\" valign=\"top\"><strong>A<\/strong><\/td>\n<td width=\"58\" valign=\"top\"><strong>68d<\/strong><\/td>\n<td width=\"58\" valign=\"top\"><strong>18<\/strong><\/td>\n<td width=\"86\" valign=\"top\"><strong>16712<\/strong><\/td>\n<td width=\"326\" valign=\"top\"><strong>SALVATIERRA, LIDIA ARGENTINA<\/strong><\/td>\n<\/tr>\n<\/tbody>\n<\/table>\n<p>\u00a0<br \/>\n<strong><span style=\"text-decoration: underline;\">Expte. N\u00ba 4114-137\/12:<\/span><\/strong><strong> \u201c<\/strong>Municipalidad de Tornquist Regularizaci\u00f3n Dominial \u2013 Adjudicatarios Plan \u201c49 Viviendas\u201d Mz 79 en Tornquist \u2013 10 Viviendas\u201d.<br \/>\nSe solicita tratamiento sobre Tablas.<br \/>\nSe aprueba por unanimidad la Ordenanza bajo el N\u00ba 2502\/12 por la que se adjudican en venta, las viviendas ubicadas en la ciudad de Tornquist, correspondiente al Conjunto habitacional 49 viviendas, a las siguientes personas:<\/p>\n<table border=\"1\" cellspacing=\"0\" cellpadding=\"0\" width=\"576\" align=\"left\">\n<tbody>\n<tr>\n<td width=\"60\" valign=\"top\"><strong>Circ.<\/strong><\/td>\n<td width=\"60\" valign=\"top\"><strong>Sec. <\/strong><\/td>\n<td width=\"48\" valign=\"top\"><strong>Mz. <\/strong><\/td>\n<td width=\"52\" valign=\"top\"><strong>Pla. <\/strong><\/td>\n<td width=\"80\" valign=\"top\"><strong>Partida <\/strong><\/td>\n<td width=\"276\" valign=\"top\"><strong>Adjudicatarios<\/strong><\/td>\n<\/tr>\n<tr>\n<td width=\"60\" valign=\"top\"><strong>I<\/strong><\/td>\n<td width=\"60\" valign=\"top\"><strong>A<\/strong><\/td>\n<td width=\"48\" valign=\"top\"><strong>79<\/strong><\/td>\n<td width=\"52\" valign=\"top\"><strong>1a<\/strong><\/td>\n<td width=\"80\" valign=\"top\"><strong>1423\/A<\/strong><\/td>\n<td width=\"276\" valign=\"top\"><strong>SANTAMARINA, Mario Alberto<\/strong><br \/>\n<strong>MINICH, Margarita Ester<\/strong><\/td>\n<\/tr>\n<tr>\n<td width=\"60\" valign=\"top\"><strong>I<\/strong><\/td>\n<td width=\"60\" valign=\"top\"><strong>A<\/strong><\/td>\n<td width=\"48\" valign=\"top\"><strong>79<\/strong><\/td>\n<td width=\"52\" valign=\"top\"><strong>1b<\/strong><\/td>\n<td width=\"80\" valign=\"top\"><strong>1423\/B<\/strong><\/td>\n<td width=\"276\" valign=\"top\"><strong>MAIER, Jorgelina Vanesa<\/strong><\/td>\n<\/tr>\n<tr>\n<td width=\"60\" valign=\"top\"><strong>I<\/strong><\/td>\n<td width=\"60\" valign=\"top\"><strong>A<\/strong><\/td>\n<td width=\"48\" valign=\"top\"><strong>79<\/strong><\/td>\n<td width=\"52\" valign=\"top\"><strong>1c<\/strong><\/td>\n<td width=\"80\" valign=\"top\"><strong>1423\/C<\/strong><\/td>\n<td width=\"276\" valign=\"top\"><strong>FLORES, Ver\u00f3nica Alejandra<\/strong><br \/>\n<strong>CASTRO, V\u00edctor Abraham<\/strong><\/td>\n<\/tr>\n<tr>\n<td width=\"60\" valign=\"top\"><strong>I<\/strong><\/td>\n<td width=\"60\" valign=\"top\"><strong>A<\/strong><\/td>\n<td width=\"48\" valign=\"top\"><strong>79<\/strong><\/td>\n<td width=\"52\" valign=\"top\"><strong>1d<\/strong><\/td>\n<td width=\"80\" valign=\"top\"><strong>1423\/D<\/strong><\/td>\n<td width=\"276\" valign=\"top\"><strong>LOPEZ, Juan Carlos<\/strong><\/td>\n<\/tr>\n<tr>\n<td width=\"60\" valign=\"top\"><strong>I<\/strong><\/td>\n<td width=\"60\" valign=\"top\"><strong>A<\/strong><\/td>\n<td width=\"48\" valign=\"top\"><strong>79<\/strong><\/td>\n<td width=\"52\" valign=\"top\"><strong>1e<\/strong><\/td>\n<td width=\"80\" valign=\"top\"><strong>1423\/E<\/strong><\/td>\n<td width=\"276\" valign=\"top\"><strong>STERN, Domingo Juan<\/strong><br \/>\n<strong>MISLER, Ang\u00e9lica Emma<\/strong><\/td>\n<\/tr>\n<tr>\n<td width=\"60\" valign=\"top\"><strong>I<\/strong><\/td>\n<td width=\"60\" valign=\"top\"><strong>A<\/strong><\/td>\n<td width=\"48\" valign=\"top\"><strong>79<\/strong><\/td>\n<td width=\"52\" valign=\"top\"><strong>3a<\/strong><\/td>\n<td width=\"80\" valign=\"top\"><strong>4304\/A<\/strong><\/td>\n<td width=\"276\" valign=\"top\"><strong>VIDELA, Stella Maris<\/strong><\/td>\n<\/tr>\n<tr>\n<td width=\"60\" valign=\"top\"><strong>I<\/strong><\/td>\n<td width=\"60\" valign=\"top\"><strong>A<\/strong><\/td>\n<td width=\"48\" valign=\"top\"><strong>79<\/strong><\/td>\n<td width=\"52\" valign=\"top\"><strong>3b<\/strong><\/td>\n<td width=\"80\" valign=\"top\"><strong>4304\/B<\/strong><\/td>\n<td width=\"276\" valign=\"top\"><strong>PELLIZA, Oscar Celestino<\/strong><br \/>\n<strong>WEIMANN, Elvira B\u00e1rbara<\/strong><\/td>\n<\/tr>\n<tr>\n<td width=\"60\" valign=\"top\"><strong>I<\/strong><\/td>\n<td width=\"60\" valign=\"top\"><strong>A<\/strong><\/td>\n<td width=\"48\" valign=\"top\"><strong>79<\/strong><\/td>\n<td width=\"52\" valign=\"top\"><strong>3c<\/strong><\/td>\n<td width=\"80\" valign=\"top\"><strong>4304\/C<\/strong><\/td>\n<td width=\"276\" valign=\"top\"><strong>BERLIN, Eduardo Federico<\/strong><br \/>\n<strong>MELO, Noem\u00ed Edith<\/strong><\/td>\n<\/tr>\n<tr>\n<td width=\"60\" valign=\"top\"><strong>I<\/strong><\/td>\n<td width=\"60\" valign=\"top\"><strong>A<\/strong><\/td>\n<td width=\"48\" valign=\"top\"><strong>79<\/strong><\/td>\n<td width=\"52\" valign=\"top\"><strong>3d<\/strong><\/td>\n<td width=\"80\" valign=\"top\"><strong>4304\/D<\/strong><\/td>\n<td width=\"276\" valign=\"top\"><strong>MAIER, Yolanda<\/strong><\/td>\n<\/tr>\n<tr>\n<td width=\"60\" valign=\"top\"><strong>I<\/strong><\/td>\n<td width=\"60\" valign=\"top\"><strong>A<\/strong><\/td>\n<td width=\"48\" valign=\"top\"><strong>79<\/strong><\/td>\n<td width=\"52\" valign=\"top\"><strong>3e<\/strong><\/td>\n<td width=\"80\" valign=\"top\"><strong>4304\/E<\/strong><\/td>\n<td width=\"276\" valign=\"top\"><strong>MONACHESSI, Roberto Jes\u00fas<\/strong><\/td>\n<\/tr>\n<\/tbody>\n<\/table>\n<p>\u00a0<br \/>\n<strong><span style=\"text-decoration: underline;\">\u00a0<\/span><\/strong><br \/>\n<strong><span style=\"text-decoration: underline;\">\u00a0<\/span><\/strong><br \/>\n<strong><span style=\"text-decoration: underline;\">\u00a0<\/span><\/strong><br \/>\n<strong><span style=\"text-decoration: underline;\">\u00a0<\/span><\/strong><br \/>\n<strong><span style=\"text-decoration: underline;\">\u00a0<\/span><\/strong><br \/>\n<strong><span style=\"text-decoration: underline;\">\u00a0<\/span><\/strong><br \/>\n<strong><span style=\"text-decoration: underline;\">\u00a0<\/span><\/strong><br \/>\n<strong><span style=\"text-decoration: underline;\">\u00a0<\/span><\/strong><br \/>\n<strong><span style=\"text-decoration: underline;\">\u00a0<\/span><\/strong><br \/>\n<strong><span style=\"text-decoration: underline;\">Expte. <\/span><\/strong><strong><span style=\"text-decoration: underline;\">N\u00ba 180\/12:<\/span><\/strong> \u201cD.E. \u2013 Convalida la Firma del contrato de locaci\u00f3n entre el Dr. Francisco Frizza y el Municipio de Tornquist\u201d.<br \/>\nPasa a las Comisiones de Interpretaci\u00f3n y Reglamento y Presupuesto y Hacienda.-<br \/>\n<strong><span style=\"text-decoration: underline;\">Expte. <\/span><\/strong><strong><span style=\"text-decoration: underline;\">N\u00ba 193\/12:<\/span><\/strong> \u201cD.E. \u2013 Adquisici\u00f3n de combi por medio de Leasing\u201d.<br \/>\nPasa a las Comisiones de Presupuesto y Hacienda, e Interpretaci\u00f3n y Reglamento.-<br \/>\n<strong><span style=\"text-decoration: underline;\">Expte. <\/span><\/strong><strong><span style=\"text-decoration: underline;\">N\u00ba 6352\/11:<\/span><\/strong> \u201cN.P. Irma Esponda, \u00a0Pte.\u00a0 Consejo Administraci\u00f3n CEPT N\u00ba 12 \u2013 presenta Proyecto de numeraci\u00f3n de calles en Villa ventana\u201d.<br \/>\nSe solicita tratamiento sobre Tablas.<br \/>\nSe aprueba por unanimidad la Ordenanza N\u00ba 2503\/12 por la cual se establece en forma organizada\u00a0 la numeraci\u00f3n de las calles de la localidad de Villa Ventana.-<br \/>\n<strong><span style=\"text-decoration: underline;\">Expte. <\/span><\/strong><strong><span style=\"text-decoration: underline;\">N\u00ba 158\/12:<\/span><\/strong> \u201cD.E. &#8211; Presidente del Honorable Concejo Deliberante Solicita n\u00f3mina de empleados municipales\u201d.<br \/>\nSe aprueba por unanimidad el dictamen de la Comisi\u00f3n de Asuntos Municipales que aconseja enviar el mismo al Departamento Ejecutivo al haberse tomado conocimiento de lo expuesto por el Asesor Legal.-<br \/>\n<strong><span style=\"text-decoration: underline;\">Expte. <\/span><\/strong><strong><span style=\"text-decoration: underline;\">N\u00ba 6441\/12:<\/span><\/strong> \u201cN.P. \u2013 Biblioteca Popular Macedonio Fern\u00e1ndez: Ref. copia entregada al Intendente Municipal donde solicita renovaci\u00f3n y posible aumento del subsidio mensual otorgado a la instituci\u00f3n\u201d.<br \/>\nSe aprueba por unanimidad el dictamen de las Comisiones de Asuntos Municipales y Presupuesto y Hacienda, que aconsejan enviar el mismo al Departamento Ejecutivo para que por el \u00e1rea que corresponda se de respuesta a lo solicitado.-<br \/>\n<strong><span style=\"text-decoration: underline;\">Expte. <\/span><\/strong><strong><span style=\"text-decoration: underline;\">N\u00ba 6443\/12:<\/span><\/strong> \u201cBloque Coalici\u00f3n C\u00edvica \u2013 Proyecto de Ordenanza: Ref. Instalaci\u00f3n de antenas del servicio de telefon\u00eda celular, o a aquellas estructuras y\/o antenas que soporten equipos utilizados para el servicio de telefon\u00eda celular\u201d.<br \/>\nEste Expediente se retira del orden del D\u00eda.-<br \/>\n<strong><span style=\"text-decoration: underline;\">Expte. N\u00ba 6445\/12:<\/span><\/strong><strong> \u201c<\/strong>N.P. \u2013 Sociedad de Fomento de Valle Hermoso: Solicita uso Banca Concejal N\u00ba 13\u201d.<br \/>\nSe aprueba por unanimidad el dictamen de las Comisiones de Asuntos Municipales, e Interpretaci\u00f3n y Reglamento, que aconsejan notificar por Presidencia a la Instituci\u00f3n que la Banca 13 le fue otorgada para el d\u00eda 17 de julio del 2012 a las 20 hs. Pasado el uso de la Banca 13 enviar el expediente al Archivo.-<br \/>\n<strong><span style=\"text-decoration: underline;\">Expte. N\u00ba 6448\/12:<\/span><\/strong><strong> \u201c<\/strong>N.P. \u2013 Sindicato de Trabajadores Municipales de Tornquist: Solicitan uso Banca Concejal N\u00ba 13\u201d.<br \/>\nSe aprueba por unanimidad el dictamen de las Comisiones de Asuntos Municipales, e Interpretaci\u00f3n y Reglamento, que aconsejan notificar por Presidencia a la Instituci\u00f3n que la Banca 13 le fue otorgada para el d\u00eda 7 de agosto del 2012 a las 20 hs. Pasado el uso de la Banca 13 enviar el expediente al Archivo.-<br \/>\n<strong><span style=\"text-decoration: underline;\">Expte. <\/span><\/strong><strong><span style=\"text-decoration: underline;\">N\u00ba 6449\/12:<\/span><\/strong> \u201cN.P. \u2013 Sociedad de Fomento B\u00ba Parque Golf: Plantea problem\u00e1ticas de dicho Barrio\u201d.<br \/>\nSe aprueba por unanimidad el dictamen de las Comisiones de Ecolog\u00eda y Medio Ambiente, y Obras P\u00fablicas que aconsejan enviar el mismo al Departamento Ejecutivo para que por el \u00e1rea que corresponda se de respuesta a las problem\u00e1ticas planteadas.-<br \/>\n<strong>Proyectos Presentados<\/strong><br \/>\n<strong>\u00a0<\/strong><br \/>\n<strong><span style=\"text-decoration: underline;\">Honorable Concejo Deliberante de Tornquist- Proyecto de Resoluci\u00f3n: <\/span><\/strong>Ref\/ al Homenaje y Reconocimiento al Se\u00f1or Patricio Barret como artista destacado en el pirograbado y la pintura, en d\u00eda y hora a designar.-<br \/>\nSe solicita formaci\u00f3n de Expediente y pase a Comisi\u00f3n.-<br \/>\n<strong>\u00a0<\/strong><br \/>\n<strong>Asuntos Particulares<\/strong><br \/>\n<strong><span style=\"text-decoration: underline;\">N.P. Asociaci\u00f3n Cooperadora de la Orquesta Escuela de Tornquist:<\/span><\/strong> Informa la conformaci\u00f3n de la Comisi\u00f3n Cooperadora. Firma: Fresia Painenahuel, Presidente, Patricia Larrainzar, Secretaria.-<br \/>\nEl Concejo se notifica de la misma.-<br \/>\n<strong><span style=\"text-decoration: underline;\">N.P. Asociaci\u00f3n Cooperadora de la Orquesta Escuela de Tornquist: <\/span><\/strong>Solicita se declare de Inter\u00e9s Municipal el Espect\u00e1culo de Jerarqu\u00eda Concierto Orquesta Escuela de Tornquist, que se llevar\u00e1 a cabo el d\u00eda 14 de julio de 2012 en el Teatro Municipal Rodolfo Funke.<br \/>\nSe solicita formaci\u00f3n de Expediente y tratamiento sobre Tablas.<br \/>\nSe aprueba la Resoluci\u00f3n N\u00ba 07\/12 por la que se declara de Inter\u00e9s Municipal el espect\u00e1culo de Jerarqu\u00eda Concierto Orquesta Escuela de Tornquist, que se llevar\u00e1 a cabo el d\u00eda 14 de Julio de 2012 en el Teatro Municipal Rodolfo Funke, y que contar\u00e1 con la presencia de varios artistas destacados.-<br \/>\n<strong><span style=\"text-decoration: underline;\">N.P. Cooperativa Ltda. de provisi\u00f3n de agua potable, Barrio Parque Golf, Sierra de la Ventana:<\/span><\/strong> Solicita la eximici\u00f3n\u00a0 de la Tasa Municipal para los Lotes partida N\u00ba 5591 y partida N\u00ba 8262 de la manzana N\u00ba 22, donde se encuentra ubicado el tanque de agua que provee del servicio a todo el Barrio Parque Golf y los lotes partidas N\u00ba 5454, 5455 y 5456 de la manzana 5 que tambi\u00e9n pertenecen a esta instituci\u00f3n.-<br \/>\nSe solicita formaci\u00f3n de Expediente y pase a Comisi\u00f3n.-<br \/>\n<strong><span style=\"text-decoration: underline;\">N.P. Asociaci\u00f3n Rural de Tornquist:<\/span><\/strong> Informa a este Cuerpo que acepta la propuesta de participar en la Junta Local que contempla el Proyecto de Ordenanza de Promoci\u00f3n Industrial en nuestro distrito.-<br \/>\nSe solicita adjuntar la nota al Expediente N\u00ba 6433\/12.-<br \/>\nHacen uso de la palabra los Sres. Concejales:<br \/>\nConcejal Horacio Buitrago:<br \/>\n\u201cMe quer\u00eda referir al proyecto de ordenanza que hoy hemos aprobado para la numeraci\u00f3n de las calles de la localidad de Villa Ventana. Realmente agradecerle a la instituci\u00f3n educativa\u00a0 CEPT N\u00ba 12 por el trabajo realizado, ya que es l\u00f3gico que toda localidad necesite tener esta numeraci\u00f3n para lograr en todo caso un desarrollo estable y sobre todo que el turista y que el mismo vecino pueda transitar por la localidad con conocimiento de donde est\u00e1 en ese momento. Y tambi\u00e9n pedir\u00eda que por Secretar\u00eda se le env\u00ede la copia al CEPT agradeci\u00e9ndole el trabajo realizado para poder lograr la Ordenanza, que realmente, por lo que se vio, ha sido un trabajo que lleva ya un tiempo presentado, y que hoy da su fruto con una Ordenanza aprobada por este Honorable Concejo.<br \/>\nTambi\u00e9n quer\u00eda decirles que hoy estuve en la feria de ciencias, la cuarta que se realiz\u00f3 ac\u00e1 en la localidad de Tornquist, y realmente quiero dejar mis palabras sobre este tema porque me pareci\u00f3 muy importante, m\u00e1s all\u00e1 de que se hace anualmente, y que esta es la cuarta que se realiza, uno ve al transcurrir el tiempo, se siguen presentando algunos nuevos proyectos, y que muchos tienen que ver con la vida diaria de la ciudadan\u00eda, y sobre todo, lo que pudimos apreciar, la integraci\u00f3n de las distintas escuelas de las distintas localidades del distrito, que no es menor, y la integraci\u00f3n con alumnos tambi\u00e9n de distintos a\u00f1os, as\u00ed que, muy contento realmente del trabajo que se est\u00e1 realizando en todas las escuelas del distrito, y de lo que yo vi por lo menos, mucho ten\u00eda que ver con el cuidado del medio ambiente, algunos con la producci\u00f3n, y me parece que eso es fortalecer el cuidado del medio ambiente pero tambi\u00e9n las ra\u00edces que tenemos nosotros culturalmente productivas, as\u00ed que yo tambi\u00e9n felicito a todos los docentes y a todos aquellos que hicieron posible esta feria y hago votos para que todo este trabajo y que estos chicos que realmente hoy se han puesto a estudiar, a investigar sobre muchos temas, hacia el futuro tengamos la posibilidad que nuestro distrito, o que nuestra provincia, o que nuestra naci\u00f3n tenga la posibilidad cierta de tener un futuro donde todo lo que estamos plasmando hoy se haga realidad.<br \/>\nTambi\u00e9n quer\u00eda agradecer y felicitar a los locutores del distrito, porque hoy es el d\u00eda del locutor, y creo que con el trabajo diario de las personas que llevan adelante esta profesi\u00f3n sirven o por lo menos son nexos entre la informaci\u00f3n, la noticia de distintos \u00f3rdenes y la ciudadan\u00eda, as\u00ed que para todos aquellos que trabajan en la locuci\u00f3n tambi\u00e9n mis saludos.<br \/>\nY por \u00faltimo quer\u00eda tocar un tema que por lo menos nos preocupa, y me preocupa que la situaci\u00f3n que vivimos hoy en el pa\u00eds y nosotros como distrito, me preocupa porque hace ya tiempo que venimos hablando y lo hemos dicho muchas veces desde las bancas, la situaci\u00f3n por la que vamos atravesando, caminos que vamos haciendo y que para muchos no vemos que sea el camino correcto, que nuestro pa\u00eds tendr\u00eda que llevar. Lo digo porque\u00a0 creo que nos hemos apartado mucho del federalismo, estamos casi en la otra vereda del federalismo, y eso no lo decimos hoy, lo venimos diciendo desde hace mucho tiempo, no?, que cada d\u00eda hay m\u00e1s concentraci\u00f3n de poder, concentraci\u00f3n de riqueza, y que al ciudadano com\u00fan y al ciudadano que vive en los pueblos como nosotros, la verdad es que nos deja, nos deja muy pocas formas de poder desarrollarnos, porque de alguna manera los recursos que generamos no quedan ni en nuestro distrito, ni siquiera quedan en la provincia en la cual estamos insertos. Y estos \u00faltimos acontecimientos de los problemas econ\u00f3micos que surgen, de la imposibilidad del pago de aguinaldos, de el cobro de ganancias a nuestros trabajadores, son \u00faltimas medidas, pero no perdamos de vista que hubieron otras medidas muy fuertes en el pa\u00eds, hace una d\u00e9cada, que tambi\u00e9n atentaban contra la posibilidad de reinversi\u00f3n y desarrollo del interior. En aqu\u00e9l momento, ya en el 2002 y despu\u00e9s, en los a\u00f1os venideros, ven\u00edamos diciendo que el tributo que deber\u00eda pagar la producci\u00f3n y muchos\u00a0 productos agropecuarios hoy y hace ya una d\u00e9cada tienen que pagar el derecho a las retenciones, ya estaba siendo un tema de un alto impacto en la econom\u00eda del interior, en aquel momento ya se ve\u00eda y sobre todo hablando de la regi\u00f3n nuestra,\u00a0 que ese 23% en la agricultura, en su momento fue el 15 en la ganader\u00eda, el 10 en la apicultura, iba realmente a impactar muy fuerte en los productores de la regi\u00f3n del sudoeste. Pasaron los a\u00f1os, el impacto se fue sucediendo, nosotros desde el distrito de Tornquist todos los a\u00f1os contribuimos al estado nacional con esos recursos que son sumamente importantes, en millones de pesos, y eso realmente fue deteriorando la econom\u00eda y deteriorando el andamiaje de la econom\u00eda del distrito por lo menos. Menor posibilidad de empleo, menor inversi\u00f3n, despu\u00e9s no basto solamente este tema, sino que el gobierno nacional empez\u00f3 a cerrar las exportaciones, por lo tanto nuestros productos no se pudieron exportar, cosa que origin\u00f3 tambi\u00e9n un fuerte impacto y deterioro en el pa\u00eds entero, no?, todo lo que es la parte productiva, acu\u00e9rdense de aquel tiempo del 2005, cuando dejamos de vender carne al mundo, despu\u00e9s dejamos de vender trigo, perdimos el mercado de Brasil, la verdad que hay momentos, momentos\u00a0 que si alguien lo hubiera pensado, que la argentina cerrara sus puertas al mundo, de los productos que hace, realmente, creo que\u00a0 a nadie se le hubiera ocurrido que podr\u00eda pasar. Y llegamos a estos \u00faltimos tiempos donde encontramos a una provincia que est\u00e1 sufriendo una situaci\u00f3n econ\u00f3mica muy dif\u00edcil, muy desfinanciada, muy endeudada, y que es preocupante porque l\u00f3gicamente, el distrito de Tornquist no escapa a la situaci\u00f3n de la provincia de Buenos Aires, como todos los dem\u00e1s distritos de la provincia. Ya que esta parte que nosotros decimos que el federalismo quedo afuera de las acciones de gobierno, muestra claramente que nuestro municipio depende en su gran mayor\u00eda de recursos de coparticipaci\u00f3n, recursos que a veces manda tambi\u00e9n el estado nacional, y que nosotros por s\u00ed mismos nos cuesta mucho llevar adelante la administraci\u00f3n con recursos propios de este municipio, nos cuesta mucho porque la verdad que son muy escasos, entonces cualquier problema que tenga la provincia nos va a impactar directamente. As\u00ed que el Gobernador, en los \u00faltimos tiempos llev\u00f3 adelante un impuestazo, como se lo llama, directamente atent\u00f3 contra la producci\u00f3n agropecuaria nuevamente, cosa que los libros dicen que cuando uno tiene alg\u00fan problema tiene que tratar de no aumentar los tributos para que se pueda volver a producir, y producir m\u00e1s, ac\u00e1 realmente se hace lo contrario de lo que dicen los libros, se hace un impuestazo muy importante a todos los productores de la provincia, y hablando de los nuestros, por lo menos de los productores que est\u00e1n en nuestro distrito, creemos que todav\u00eda fue m\u00e1s importante porque este reval\u00fao, \u00faltimo reval\u00fao que llev\u00f3 adelante la provincia, en todo caso el Gobernador, y formalizado por los Senadores y Diputados, realmente impacta muy fuerte en nuestro distrito porque este reval\u00fao est\u00e1 por encima de cualquier valor de mercado que tengan nuestros campos en la actualidad, por lo tanto no es que se pueda justificar desde la valuaci\u00f3n fiscal, deb\u00eda aumentarse, y nadie est\u00e1 en desacuerdo, pero es injusto, y el estado no estar\u00eda haciendo las cosas bien, cuando la valuaci\u00f3n fiscal est\u00e1 sobre los valores reales de esas tierras. Creo que esto tiene que quedar aclarado, porque en\u00a0 estos tiempos donde el gobierno en los \u00faltimos tiempos, en los \u00faltimos a\u00f1os donde el gobierno sistem\u00e1ticamente puso sectores en contra, unos de otros, yo creo que hay que dejar aclarado que en la Argentina, y los argentinos, cada uno cumplimos una funci\u00f3n, una labor, m\u00e1s all\u00e1 de los sectores donde estemos insertos, pueden ser los trabajadores, pueden ser productores, industriales, yo creo que los pa\u00edses se hacen grande cuando todos esos sectores se sientan en una mesa y pueden trabajar con una comuni\u00f3n de ideas y con un consenso. Ahora, haciendo enemigos todos los d\u00edas un sector con otro, yo creo que es casi imposible que\u00a0 la Argentina tenga futuro, y el futuro que todos queremos. Y eso lo hemos visto en estos d\u00edas, y la verdad, y lo digo en esta Banca porque me parece que es el lugar donde uno debe decir las cosas y lo que uno piensa, es que me da mucha tristeza, mucha tristeza que hoy el ciudadano argentino, y en todo caso el ciudadano baj\u00e1ndolo al ciudadano de Tornquist, veamos a diario que las luchas pol\u00edticas y las luchas de poder en la Argentina no fueron resueltas, y que hoy la verdad que amenaza fuertemente a la vida de nuestros ciudadanos, y en todos los sentidos la amenaza y yo repudio, realmente repudio desde esta Banca, que el partido gobernante no tenga la seriedad, la responsabilidad civil y democr\u00e1tica para no avasallar al ciudadano com\u00fan y para darle la posibilidad cierta hacia adelante y la tranquilidad de que en la argentina m\u00e1s all\u00e1 de las ideas, es un pa\u00eds que tiene seguridad jur\u00eddica, que tiene posibilidad de trabajo, que tiene posibilidad de desarrollo y crecimiento, y que realmente estas luchas de poder interna del partido gobernante nos amenazan, nos alejan del mundo y lo m\u00e1s lamentable creo yo por lo menos, es que muchos de nuestros conciudadanos hoy con cantidad de necesidades b\u00e1sicas insatisfechas creo que esas necesidades b\u00e1sicas no se van a poder mitigar m\u00e1s bien pareciera que se pueden profundizar, y creo que no es el pa\u00eds que nos merecemos porque, la Argentina tiene un potencial enorme, productivo sobre todo, pero de cualquier \u00edndole, porque la verdad es que tenemos todas las latitudes, tenemos la posibilidad de un crecimiento continuo y de un desarrollo, lo cual mucho de ese camino lo hemos perdido en peleas propias, en peleas internas que nada tienen que ver con lo que el ciudadano piensa hoy. Muchas gracias\u201d.<br \/>\nConcejal Adriana Nielsen:<br \/>\n\u201cYo quer\u00eda hacer referencia con respecto a lo que expuso el Sr. Buitrago, que este es un gobierno m\u00e1s all\u00e1 de su opini\u00f3n, es un gobierno que tiene metas definidas, y esas metas que tiene definidas son metas que piensan en la poblaci\u00f3n en general. O sea, no est\u00e1 priorizando un sector solamente, sino que gobierna para la mayor\u00eda de la gente, entonces en este sentido, y teniendo en cuenta que nos encontramos en una crisis global, es necesario que tengamos un estado que se ocupe de intervenir en los mercados, un estado que se preocupe por el mercado interno, que se preocupe por la adquisici\u00f3n de la gente, que se preocupe tambi\u00e9n por atender a los m\u00e1s despose\u00eddos. Quiz\u00e1 siempre que escuchamos la alocuci\u00f3n del Sr. Buitrago, el hace referencia a un sector\u00a0 que es el sector productivo, el sector del campo, y lo que \u00e9l llama impuestazo por ah\u00ed yo considero que tiene que ver con un impuesto que donde los que m\u00e1s tienen m\u00e1s deber\u00edan pagar. No estamos hablando de un impuestazo, sino estamos hablando de\u00a0 revalorizar que es lo que deber\u00edamos cada uno de los ciudadanos aportar en beneficio de los dem\u00e1s. Por ah\u00ed cuando se habla de peleas internas y de todo esto que tiene que ver con diferenciaci\u00f3n de opiniones, a m\u00ed me parece que muchas veces esto se usa para solapar o para, digamos, desmerecer el cambio o intercambio de opiniones. Yo creo que dentro de cualquier partido y dentro de cualquier grupo de personas el intercambio de posiciones y el defender posturas y el hacer, no se si llamarlo evaluaciones pero s\u00ed tener sentido cr\u00edtico dentro de lo que se est\u00e1 haciendo, no es malo, es muy beneficioso, por ah\u00ed lo que se consideran como chicanas, es cuando uno termina escuchando\u00a0 determinados medios que si le ponen cierta cuota de malicia a las cosas, cuando en realidad, dentro de una misma banca se podr\u00eda estar teniendo posturas definidas y definiendo formas de pensar y de rever las situaciones, eso es evaluar criteriosamente, cuando uno eval\u00faa a un compa\u00f1ero o le da una opini\u00f3n respecto a lo que est\u00e1 haciendo, no necesariamente quiere decir que se ponga en la vereda de enfrente, sino que se est\u00e1 tratando de construir ciudadan\u00eda. Esto creo que ser\u00eda muy valioso, ser\u00eda valioso que nosotros tambi\u00e9n hagamos ese ejercicio, construir ciudadan\u00eda es justamente eso, poder opinar, poder disentir, y poder llevar adelante un proyecto. El proyecto hoy lleva a cabo la Sra. Presidenta es un proyecto valioso y es un proyecto que defiende a la mayor\u00eda de la poblaci\u00f3n, y est\u00e1 respaldada por los votos de los ciudadanos. Por ah\u00ed hablar\u00a0 de un mercado, del mercado, que est\u00e1 cerrada la exportaci\u00f3n supongamos, que era uno de los puntos a los que hizo referencia, est\u00e1 bien que el estado intervenga, est\u00e1 perfecto, yo considero, es mi opini\u00f3n personal, est\u00e1 perfecto que se intervenga, que se intervenga y que se trate de proteger el mercado interno, no est\u00e1 mal, son dos posturas y formas de ver la pol\u00edtica y de hacer pol\u00edtica. Esto no quiere decir que uno tenga que desmerecer las formas y los caminos que cada uno toma. Nada m\u00e1s Sr. Presidente\u201d.<br \/>\nConcejal Horacio Buitrago:<br \/>\n\u201cYo realmente no suelo, lo tomo como, los dichos ac\u00e1 de la Concejal Nielsen, lo tomo como una ideolog\u00eda que ella tiene y soy muy respetuoso de las ideas, siempre lo he dicho, y aparte, de ninguna manera tomo nada personal, y desde esta Banca siempre hemos hablado de pol\u00edtica, y sobre todo tal vez he sido reiterativo, de que cuando se hacen o se llevan adelanta malas pol\u00edticas, el \u00fanico, el \u00fanico que realmente est\u00e1 amenazado es el ciudadano, a la cual se le imponen esas malas pol\u00edticas, y quiero aclarar que en la Argentina por lo menos para mi parecer y para las estad\u00edsticas, y para mucho de lo que hoy a diario vemos\u00a0 se han llevado muy malas pol\u00edticas en la Argentina. Pol\u00edticas descentralizaci\u00f3n de poder, de riqueza, de amiguismo, y eso no se lo tiene que contar nadie al ciudadano argentino porque lo ve diariamente, m\u00e1s all\u00e1 que algunos para no ver dan vuelta la cara y siguen caminando, peor eso se ve, es decir, ac\u00e1 nadie se debe sorprender que en la Argentina existe una gran centralizaci\u00f3n de poder que lo est\u00e1 llevando adelante el Gobierno Nacional, una gran centralizaci\u00f3n de riquezas, que lo est\u00e1n llevando muchas empresas que hoy est\u00e1n en la Argentina y que el \u00fanico damnificado es el ciudadano argentino, porque sinceramente despu\u00e9s de perder diez millones de cabezas argentinas en la \u00faltima d\u00e9cada por una mala pol\u00edtica ganadera, por perder cientos de frigor\u00edficos en la Argentina, porque no exportamos un kilo de carne, y en esos cientos de frigor\u00edficos perder miles de puestos de trabajo, de gente que trabaj\u00f3 toda la vida en\u00a0 los frigor\u00edficos, con familias que hoy no tienen trabajo, es decir, yo creo que m\u00e1s all\u00e1 de mantener una defensa de un gobierno, yo creo que hay que leer, y hay que tener n\u00fameros, y hay que ver donde la Argentina est\u00e1 hoy y donde est\u00e1bamos hace una d\u00e9cada, sinceramente no resiste an\u00e1lisis sobre todo en la cadena de valor de los productos primarios, no resiste ning\u00fan an\u00e1lisis que en este pa\u00eds se llevaron adelante pol\u00edticas que han traicionado la historia de la Argentina, han traicionado la historia productiva de la Argentina. Pareciera mentira que tuvi\u00e9ramos que repetir lo mismo una y otra vez porque hablamos de un mercado interno, cuidar ese mercado interno y ustedes f\u00edjense los valores que tiene los productos en las g\u00f3ndolas, es decir, yo creo que hay que tener, la verdad que uno debe mantener la prudencia por la gravedad por la que estamos pasando, la prudencia por la gravedad y por aquellos que hoy, vuelvo a repetir, por aquellos, y quiero remarcar este punto, porque convengamos que los que m\u00e1s sufren todo problema econ\u00f3mico de un territorio, en este caso la Argentina, convengamos que son los que menos tienen, entonces, yo le pedir\u00eda que no dejemos de atender las prioridades b\u00e1sicas de nuestra ciudadan\u00eda, porque entramos en acciones\u00a0 pol\u00edticas que todo fue mantenido desde un centralismo que llev\u00f3 adelante el gobierno nacional y que hoy, por la falta de recursos que pueda pasar este pa\u00eds no sea cosa que aquellos que menos tienen hoy sufran padecimientos, porque no va a alcanzar con el impuestazo, y porque nadie est\u00e1 en contra de los impuestos, pero un pa\u00eds no va a crecer y desarrollarse con impuestos que no son justos, y de eso la historia lo dice muy claro. Entonces, los gobiernos que hoy tienen la responsabilidad de manejar, de llevar adelante las riendas, yo creo que tienen una alta responsabilidad en este corto plazo para llevar tranquilidad a la gente, para atender a la gente, porque ya en Tornquist vemos complicaciones, entonces, qu\u00e9 podemos hacer desde esta Banca?, yo creo que un buen diagn\u00f3stico, porque si uno no tiene claro qu\u00e9 es lo que nos pasa, qu\u00e9 nos est\u00e1 pasando, seguramente no vamos a tener soluciones, para lo que nos est\u00e1 pasando. Y ser\u00eda muy bueno, que en este Concejo sigamos debatiendo no tanto pensando ideol\u00f3gicamente sino mirando m\u00e1s de cerca la realidad. Nada m\u00e1s Sr. Presidente\u201d.<br \/>\nEl Vicepresidente 2\u00ba, Concejal Horacio Buitrago se hace cargo de la Presidencia a fin de que el Concejal Manuel Picado pueda hacer su alocuci\u00f3n desde una Banca.<br \/>\nConcejal Manuel Mar\u00eda Picado:<br \/>\n\u201cQuer\u00eda aprovechar, ya que se trajo al Recinto este tema de los problemas por los cuales estamos atravesando, dejar sentada nuestra posici\u00f3n, la posici\u00f3n de la Uni\u00f3n C\u00edvica Radical, lo que venimos trabajando y analizando. Realmente comparto los conceptos de algunos Concejales con respecto a que es cierto que nos encontramos inmersos en un momento de crisis mundial si se quiere, donde realmente la econom\u00eda ha mostrado una recesi\u00f3n importante, sin embargo creo que estamos perdiendo de vista algo que fue orgullo de este gobierno, del actual gobierno, y creo que de todos los argentinos en el fondo no?, que fueron m\u00e1s de seis a\u00f1os sostenidos de crecimiento de tasas chinas. Todos recordamos que continuamente ve\u00edamos que como el gobierno hac\u00eda menci\u00f3n de este crecimiento, y a lo que le estaba permitiendo al pa\u00eds, y sinceramente a nosotros como partido nos preocupa mucho que a muy pocos meses de estar hablando de este crecimiento excepcional y modelo en el mundo, a tal punto que se nos consultaba de cuales eran las f\u00f3rmulas, hoy estemos pasando realmente problemas serios, problemas serios en muchas de las provincias de la rep\u00fablica, y mucho m\u00e1s a\u00fan que por dichos de los propios gobernadores, la moneda de cambio sea el estar o no dentro de este modelo. Realmente, lo digo como Concejal y como pol\u00edtico, y treinta y tres a\u00f1os que tengo y que participo y milito dentro de un partido pol\u00edtico, qu\u00e9 es lo que estamos dejando?, qu\u00e9 es lo que tenemos que transmitir?, qu\u00e9 es lo que podemos dejar para adelante, no?. Gratamente vemos que muchos de los partidos pol\u00edticos tenemos participaci\u00f3n de j\u00f3venes, ahora, qu\u00e9 es lo que tenemos que mostrarles?, cu\u00e1l es el ejemplo?, cu\u00e1l es el camino a seguir?, insisto, hoy estamos hablando de crisis, estamos hablando de momentos complicados, pero venimos de un crecimiento sostenido realmente importante, o sea, a mi modo de entender, y con sentido com\u00fan deber\u00eda indicar que deber\u00edamos estar fuertes para sostener esta crisis, no?, por lo menos para asistir a nuestras provincias y a quien lo requiera, y las \u00faltimas medidas indican que no es as\u00ed, entonces yo creo que quedan varios a\u00f1os por delante de este gobierno y ser\u00eda, realmente ser\u00eda oportuno que se retome el rumbo y se trate de enfocar esto, no?, porque tambi\u00e9n dentro de estos varios a\u00f1os de crecimiento y de generaci\u00f3n de recursos para la naci\u00f3n, realmente vemos que no hemos logrado solucionar ni siquiera en \u00edndices creo, que nos pondr\u00eda contentos a todos, los\u00a0 problemas como la pobreza, la educaci\u00f3n, o la salud, realmente en nuestro distrito nos pasa, no? que a veces una escuela tiene que hacer una reparaci\u00f3n y m\u00e1s all\u00e1 de la buena voluntad que tenemos todos, oficialismo, Consejo Escolar, Concejales, docentes, no tenemos los recursos para resolver el problema, entonces algo est\u00e1 fallando, algo estamos haciendo mal, creo que el gobierno tiene que hacer una mirada hacia este tema, e insisto en el trabajo para lo que estamos mostrando y para el futuro que viene. Quer\u00eda aprovechar para dejar nuestra posici\u00f3n. Muchas gracias Sr. Presidente\u201d.<br \/>\nPrensa HCD<\/p>\n","protected":false},"excerpt":{"rendered":"<p>httpv:\/\/www.youtube.com\/watch?v=ipw3Xn6-2sI httpv:\/\/www.youtube.com\/watch?v=f83Dg533DaA httpv:\/\/www.youtube.com\/watch?v=QP4M0VWBvV0 Tornquist, 4 de Julio de 2012 HONORABLE CONCEJO DELIBERANTE \u00a0INFORME SESI\u00d3N ORDINARIA DEL D\u00cdA 3 DE JULIO \u00a0Por ausencia del Presidente del Honorable Concejo Deliberante Concejal Sergio Bordoni, esta Sesi\u00f3n fue presidida por el Vicepresidente 1\u00ba Concejal Manuel Mar\u00eda Picado. \u00a0Comunicaciones Oficiales y Dict\u00e1menes de las Comisiones: \u00a0Expte. N\u00ba 4114-092\/12: \u201cMunicipalidad de [&hellip;]<\/p>\n","protected":false},"author":1,"featured_media":0,"comment_status":"closed","ping_status":"open","sticky":false,"template":"","format":"standard","meta":{"footnotes":""},"categories":[51,52,53,64],"tags":[],"class_list":["post-7379","post","type-post","status-publish","format-standard","hentry","category-comunidad","category-destacadas","category-politica","category-videos-destacados"],"yoast_head":"<!-- This site is optimized with the Yoast SEO plugin v19.7.1 - https:\/\/yoast.com\/wordpress\/plugins\/seo\/ -->\n<title>SESION DEL HCD.: LA SOC. DE FOMENTO DE VALLE HERMOSO Y EL SIND. DE MUNICIPALES SOLICITARON LA BANCA 13 - CELTTV<\/title>\n<meta name=\"description\" content=\"Sitio web de noticias de la localidad de Tornquist, provincia de Buenos Aires, Rep\u00fablica Argentina. Contenido propio originado por periodistas de CELTTV, el canal de TV local de la Cooperativa El\u00e9ctrica de Tornquist. Turismo, Pol\u00edtica, Sociedad, Deporte, Cultura y todo el contenido de inter\u00e9s general que la gente del pueblo y la regi\u00f3n debe conocer.\" \/>\n<meta name=\"robots\" content=\"index, follow, max-snippet:-1, max-image-preview:large, max-video-preview:-1\" \/>\n<link rel=\"canonical\" href=\"https:\/\/www.celttv.com.ar\/index.php\/2012\/07\/06\/sesion-del-hcd-la-soc-de-fomento-de-valle-hermoso-y-el-sind-de-municipales-solicitaron-la-banca-13\/\" \/>\n<meta property=\"og:locale\" content=\"es_ES\" \/>\n<meta property=\"og:type\" content=\"article\" \/>\n<meta property=\"og:title\" content=\"SESION DEL HCD.: LA SOC. DE FOMENTO DE VALLE HERMOSO Y EL SIND. DE MUNICIPALES SOLICITARON LA BANCA 13 - CELTTV\" \/>\n<meta property=\"og:description\" content=\"Sitio web de noticias de la localidad de Tornquist, provincia de Buenos Aires, Rep\u00fablica Argentina. Contenido propio originado por periodistas de CELTTV, el canal de TV local de la Cooperativa El\u00e9ctrica de Tornquist. Turismo, Pol\u00edtica, Sociedad, Deporte, Cultura y todo el contenido de inter\u00e9s general que la gente del pueblo y la regi\u00f3n debe conocer.\" \/>\n<meta property=\"og:url\" content=\"https:\/\/www.celttv.com.ar\/index.php\/2012\/07\/06\/sesion-del-hcd-la-soc-de-fomento-de-valle-hermoso-y-el-sind-de-municipales-solicitaron-la-banca-13\/\" \/>\n<meta property=\"og:site_name\" content=\"CELTTV\" \/>\n<meta property=\"article:publisher\" content=\"https:\/\/www.facebook.com\/celtTV\/\" \/>\n<meta property=\"article:published_time\" content=\"2012-07-06T14:42:49+00:00\" \/>\n<meta name=\"author\" content=\"ulises\" \/>\n<meta name=\"twitter:card\" content=\"summary_large_image\" \/>\n<meta name=\"twitter:label1\" content=\"Escrito por\" \/>\n\t<meta name=\"twitter:data1\" content=\"ulises\" \/>\n\t<meta name=\"twitter:label2\" content=\"Tiempo de lectura\" \/>\n\t<meta name=\"twitter:data2\" content=\"24 minutos\" \/>\n<script type=\"application\/ld+json\" class=\"yoast-schema-graph\">{\"@context\":\"https:\/\/schema.org\",\"@graph\":[{\"@type\":\"NewsArticle\",\"@id\":\"https:\/\/www.celttv.com.ar\/index.php\/2012\/07\/06\/sesion-del-hcd-la-soc-de-fomento-de-valle-hermoso-y-el-sind-de-municipales-solicitaron-la-banca-13\/#article\",\"isPartOf\":{\"@id\":\"https:\/\/www.celttv.com.ar\/index.php\/2012\/07\/06\/sesion-del-hcd-la-soc-de-fomento-de-valle-hermoso-y-el-sind-de-municipales-solicitaron-la-banca-13\/\"},\"author\":{\"name\":\"ulises\",\"@id\":\"https:\/\/www.celttv.com.ar\/#\/schema\/person\/6d99c072dba59953809c81446e9d0ace\"},\"headline\":\"SESION DEL HCD.: LA SOC. DE FOMENTO DE VALLE HERMOSO Y EL SIND. DE MUNICIPALES SOLICITARON LA BANCA 13\",\"datePublished\":\"2012-07-06T14:42:49+00:00\",\"dateModified\":\"2012-07-06T14:42:49+00:00\",\"mainEntityOfPage\":{\"@id\":\"https:\/\/www.celttv.com.ar\/index.php\/2012\/07\/06\/sesion-del-hcd-la-soc-de-fomento-de-valle-hermoso-y-el-sind-de-municipales-solicitaron-la-banca-13\/\"},\"wordCount\":4901,\"publisher\":{\"@id\":\"https:\/\/www.celttv.com.ar\/#organization\"},\"articleSection\":[\"Comunidad\",\"Destacadas\",\"Pol\u00edtica\",\"Videos Destacados\"],\"inLanguage\":\"es\"},{\"@type\":\"WebPage\",\"@id\":\"https:\/\/www.celttv.com.ar\/index.php\/2012\/07\/06\/sesion-del-hcd-la-soc-de-fomento-de-valle-hermoso-y-el-sind-de-municipales-solicitaron-la-banca-13\/\",\"url\":\"https:\/\/www.celttv.com.ar\/index.php\/2012\/07\/06\/sesion-del-hcd-la-soc-de-fomento-de-valle-hermoso-y-el-sind-de-municipales-solicitaron-la-banca-13\/\",\"name\":\"SESION DEL HCD.: LA SOC. DE FOMENTO DE VALLE HERMOSO Y EL SIND. DE MUNICIPALES SOLICITARON LA BANCA 13 - CELTTV\",\"isPartOf\":{\"@id\":\"https:\/\/www.celttv.com.ar\/#website\"},\"datePublished\":\"2012-07-06T14:42:49+00:00\",\"dateModified\":\"2012-07-06T14:42:49+00:00\",\"description\":\"Sitio web de noticias de la localidad de Tornquist, provincia de Buenos Aires, Rep\u00fablica Argentina. Contenido propio originado por periodistas de CELTTV, el canal de TV local de la Cooperativa El\u00e9ctrica de Tornquist. Turismo, Pol\u00edtica, Sociedad, Deporte, Cultura y todo el contenido de inter\u00e9s general que la gente del pueblo y la regi\u00f3n debe conocer.\",\"breadcrumb\":{\"@id\":\"https:\/\/www.celttv.com.ar\/index.php\/2012\/07\/06\/sesion-del-hcd-la-soc-de-fomento-de-valle-hermoso-y-el-sind-de-municipales-solicitaron-la-banca-13\/#breadcrumb\"},\"inLanguage\":\"es\",\"potentialAction\":[{\"@type\":\"ReadAction\",\"target\":[\"https:\/\/www.celttv.com.ar\/index.php\/2012\/07\/06\/sesion-del-hcd-la-soc-de-fomento-de-valle-hermoso-y-el-sind-de-municipales-solicitaron-la-banca-13\/\"]}]},{\"@type\":\"BreadcrumbList\",\"@id\":\"https:\/\/www.celttv.com.ar\/index.php\/2012\/07\/06\/sesion-del-hcd-la-soc-de-fomento-de-valle-hermoso-y-el-sind-de-municipales-solicitaron-la-banca-13\/#breadcrumb\",\"itemListElement\":[{\"@type\":\"ListItem\",\"position\":1,\"name\":\"Inicio\",\"item\":\"https:\/\/www.celttv.com.ar\/\"},{\"@type\":\"ListItem\",\"position\":2,\"name\":\"SESION DEL HCD.: LA SOC. DE FOMENTO DE VALLE HERMOSO Y EL SIND. DE MUNICIPALES SOLICITARON LA BANCA 13\"}]},{\"@type\":\"WebSite\",\"@id\":\"https:\/\/www.celttv.com.ar\/#website\",\"url\":\"https:\/\/www.celttv.com.ar\/\",\"name\":\"CELTTV\",\"description\":\"Cooperativa El\u00e9ctrica de Tornquist\",\"publisher\":{\"@id\":\"https:\/\/www.celttv.com.ar\/#organization\"},\"potentialAction\":[{\"@type\":\"SearchAction\",\"target\":{\"@type\":\"EntryPoint\",\"urlTemplate\":\"https:\/\/www.celttv.com.ar\/?s={search_term_string}\"},\"query-input\":\"required name=search_term_string\"}],\"inLanguage\":\"es\"},{\"@type\":\"Organization\",\"@id\":\"https:\/\/www.celttv.com.ar\/#organization\",\"name\":\"CELTTV\",\"url\":\"https:\/\/www.celttv.com.ar\/\",\"sameAs\":[\"https:\/\/www.youtube.com\/channel\/UCz_oIt8Hig64Ub-EmcNPIhg\",\"https:\/\/www.facebook.com\/celtTV\/\"],\"logo\":{\"@type\":\"ImageObject\",\"inLanguage\":\"es\",\"@id\":\"https:\/\/www.celttv.com.ar\/#\/schema\/logo\/image\/\",\"url\":\"http:\/\/www.celttv.com.ar\/wp-content\/uploads\/2022\/08\/logo-1.png\",\"contentUrl\":\"http:\/\/www.celttv.com.ar\/wp-content\/uploads\/2022\/08\/logo-1.png\",\"width\":461,\"height\":159,\"caption\":\"CELTTV\"},\"image\":{\"@id\":\"https:\/\/www.celttv.com.ar\/#\/schema\/logo\/image\/\"}},{\"@type\":\"Person\",\"@id\":\"https:\/\/www.celttv.com.ar\/#\/schema\/person\/6d99c072dba59953809c81446e9d0ace\",\"name\":\"ulises\",\"image\":{\"@type\":\"ImageObject\",\"inLanguage\":\"es\",\"@id\":\"https:\/\/www.celttv.com.ar\/#\/schema\/person\/image\/\",\"url\":\"https:\/\/secure.gravatar.com\/avatar\/7f2c48bdc33b30088f941fb6082e555f2874c98e20cb159d7b92b50eadfce793?s=96&d=mm&r=g\",\"contentUrl\":\"https:\/\/secure.gravatar.com\/avatar\/7f2c48bdc33b30088f941fb6082e555f2874c98e20cb159d7b92b50eadfce793?s=96&d=mm&r=g\",\"caption\":\"ulises\"},\"sameAs\":[\"http:\/\/www.celttv.com.ar\"]}]}<\/script>\n<!-- \/ Yoast SEO plugin. -->","yoast_head_json":{"title":"SESION DEL HCD.: LA SOC. DE FOMENTO DE VALLE HERMOSO Y EL SIND. DE MUNICIPALES SOLICITARON LA BANCA 13 - CELTTV","description":"Sitio web de noticias de la localidad de Tornquist, provincia de Buenos Aires, Rep\u00fablica Argentina. Contenido propio originado por periodistas de CELTTV, el canal de TV local de la Cooperativa El\u00e9ctrica de Tornquist. Turismo, Pol\u00edtica, Sociedad, Deporte, Cultura y todo el contenido de inter\u00e9s general que la gente del pueblo y la regi\u00f3n debe conocer.","robots":{"index":"index","follow":"follow","max-snippet":"max-snippet:-1","max-image-preview":"max-image-preview:large","max-video-preview":"max-video-preview:-1"},"canonical":"https:\/\/www.celttv.com.ar\/index.php\/2012\/07\/06\/sesion-del-hcd-la-soc-de-fomento-de-valle-hermoso-y-el-sind-de-municipales-solicitaron-la-banca-13\/","og_locale":"es_ES","og_type":"article","og_title":"SESION DEL HCD.: LA SOC. DE FOMENTO DE VALLE HERMOSO Y EL SIND. DE MUNICIPALES SOLICITARON LA BANCA 13 - CELTTV","og_description":"Sitio web de noticias de la localidad de Tornquist, provincia de Buenos Aires, Rep\u00fablica Argentina. Contenido propio originado por periodistas de CELTTV, el canal de TV local de la Cooperativa El\u00e9ctrica de Tornquist. Turismo, Pol\u00edtica, Sociedad, Deporte, Cultura y todo el contenido de inter\u00e9s general que la gente del pueblo y la regi\u00f3n debe conocer.","og_url":"https:\/\/www.celttv.com.ar\/index.php\/2012\/07\/06\/sesion-del-hcd-la-soc-de-fomento-de-valle-hermoso-y-el-sind-de-municipales-solicitaron-la-banca-13\/","og_site_name":"CELTTV","article_publisher":"https:\/\/www.facebook.com\/celtTV\/","article_published_time":"2012-07-06T14:42:49+00:00","author":"ulises","twitter_card":"summary_large_image","twitter_misc":{"Escrito por":"ulises","Tiempo de lectura":"24 minutos"},"schema":{"@context":"https:\/\/schema.org","@graph":[{"@type":"NewsArticle","@id":"https:\/\/www.celttv.com.ar\/index.php\/2012\/07\/06\/sesion-del-hcd-la-soc-de-fomento-de-valle-hermoso-y-el-sind-de-municipales-solicitaron-la-banca-13\/#article","isPartOf":{"@id":"https:\/\/www.celttv.com.ar\/index.php\/2012\/07\/06\/sesion-del-hcd-la-soc-de-fomento-de-valle-hermoso-y-el-sind-de-municipales-solicitaron-la-banca-13\/"},"author":{"name":"ulises","@id":"https:\/\/www.celttv.com.ar\/#\/schema\/person\/6d99c072dba59953809c81446e9d0ace"},"headline":"SESION DEL HCD.: LA SOC. DE FOMENTO DE VALLE HERMOSO Y EL SIND. DE MUNICIPALES SOLICITARON LA BANCA 13","datePublished":"2012-07-06T14:42:49+00:00","dateModified":"2012-07-06T14:42:49+00:00","mainEntityOfPage":{"@id":"https:\/\/www.celttv.com.ar\/index.php\/2012\/07\/06\/sesion-del-hcd-la-soc-de-fomento-de-valle-hermoso-y-el-sind-de-municipales-solicitaron-la-banca-13\/"},"wordCount":4901,"publisher":{"@id":"https:\/\/www.celttv.com.ar\/#organization"},"articleSection":["Comunidad","Destacadas","Pol\u00edtica","Videos Destacados"],"inLanguage":"es"},{"@type":"WebPage","@id":"https:\/\/www.celttv.com.ar\/index.php\/2012\/07\/06\/sesion-del-hcd-la-soc-de-fomento-de-valle-hermoso-y-el-sind-de-municipales-solicitaron-la-banca-13\/","url":"https:\/\/www.celttv.com.ar\/index.php\/2012\/07\/06\/sesion-del-hcd-la-soc-de-fomento-de-valle-hermoso-y-el-sind-de-municipales-solicitaron-la-banca-13\/","name":"SESION DEL HCD.: LA SOC. DE FOMENTO DE VALLE HERMOSO Y EL SIND. DE MUNICIPALES SOLICITARON LA BANCA 13 - CELTTV","isPartOf":{"@id":"https:\/\/www.celttv.com.ar\/#website"},"datePublished":"2012-07-06T14:42:49+00:00","dateModified":"2012-07-06T14:42:49+00:00","description":"Sitio web de noticias de la localidad de Tornquist, provincia de Buenos Aires, Rep\u00fablica Argentina. Contenido propio originado por periodistas de CELTTV, el canal de TV local de la Cooperativa El\u00e9ctrica de Tornquist. Turismo, Pol\u00edtica, Sociedad, Deporte, Cultura y todo el contenido de inter\u00e9s general que la gente del pueblo y la regi\u00f3n debe conocer.","breadcrumb":{"@id":"https:\/\/www.celttv.com.ar\/index.php\/2012\/07\/06\/sesion-del-hcd-la-soc-de-fomento-de-valle-hermoso-y-el-sind-de-municipales-solicitaron-la-banca-13\/#breadcrumb"},"inLanguage":"es","potentialAction":[{"@type":"ReadAction","target":["https:\/\/www.celttv.com.ar\/index.php\/2012\/07\/06\/sesion-del-hcd-la-soc-de-fomento-de-valle-hermoso-y-el-sind-de-municipales-solicitaron-la-banca-13\/"]}]},{"@type":"BreadcrumbList","@id":"https:\/\/www.celttv.com.ar\/index.php\/2012\/07\/06\/sesion-del-hcd-la-soc-de-fomento-de-valle-hermoso-y-el-sind-de-municipales-solicitaron-la-banca-13\/#breadcrumb","itemListElement":[{"@type":"ListItem","position":1,"name":"Inicio","item":"https:\/\/www.celttv.com.ar\/"},{"@type":"ListItem","position":2,"name":"SESION DEL HCD.: LA SOC. DE FOMENTO DE VALLE HERMOSO Y EL SIND. DE MUNICIPALES SOLICITARON LA BANCA 13"}]},{"@type":"WebSite","@id":"https:\/\/www.celttv.com.ar\/#website","url":"https:\/\/www.celttv.com.ar\/","name":"CELTTV","description":"Cooperativa El\u00e9ctrica de Tornquist","publisher":{"@id":"https:\/\/www.celttv.com.ar\/#organization"},"potentialAction":[{"@type":"SearchAction","target":{"@type":"EntryPoint","urlTemplate":"https:\/\/www.celttv.com.ar\/?s={search_term_string}"},"query-input":"required name=search_term_string"}],"inLanguage":"es"},{"@type":"Organization","@id":"https:\/\/www.celttv.com.ar\/#organization","name":"CELTTV","url":"https:\/\/www.celttv.com.ar\/","sameAs":["https:\/\/www.youtube.com\/channel\/UCz_oIt8Hig64Ub-EmcNPIhg","https:\/\/www.facebook.com\/celtTV\/"],"logo":{"@type":"ImageObject","inLanguage":"es","@id":"https:\/\/www.celttv.com.ar\/#\/schema\/logo\/image\/","url":"http:\/\/www.celttv.com.ar\/wp-content\/uploads\/2022\/08\/logo-1.png","contentUrl":"http:\/\/www.celttv.com.ar\/wp-content\/uploads\/2022\/08\/logo-1.png","width":461,"height":159,"caption":"CELTTV"},"image":{"@id":"https:\/\/www.celttv.com.ar\/#\/schema\/logo\/image\/"}},{"@type":"Person","@id":"https:\/\/www.celttv.com.ar\/#\/schema\/person\/6d99c072dba59953809c81446e9d0ace","name":"ulises","image":{"@type":"ImageObject","inLanguage":"es","@id":"https:\/\/www.celttv.com.ar\/#\/schema\/person\/image\/","url":"https:\/\/secure.gravatar.com\/avatar\/7f2c48bdc33b30088f941fb6082e555f2874c98e20cb159d7b92b50eadfce793?s=96&d=mm&r=g","contentUrl":"https:\/\/secure.gravatar.com\/avatar\/7f2c48bdc33b30088f941fb6082e555f2874c98e20cb159d7b92b50eadfce793?s=96&d=mm&r=g","caption":"ulises"},"sameAs":["http:\/\/www.celttv.com.ar"]}]}},"_links":{"self":[{"href":"https:\/\/www.celttv.com.ar\/index.php\/wp-json\/wp\/v2\/posts\/7379","targetHints":{"allow":["GET"]}}],"collection":[{"href":"https:\/\/www.celttv.com.ar\/index.php\/wp-json\/wp\/v2\/posts"}],"about":[{"href":"https:\/\/www.celttv.com.ar\/index.php\/wp-json\/wp\/v2\/types\/post"}],"author":[{"embeddable":true,"href":"https:\/\/www.celttv.com.ar\/index.php\/wp-json\/wp\/v2\/users\/1"}],"replies":[{"embeddable":true,"href":"https:\/\/www.celttv.com.ar\/index.php\/wp-json\/wp\/v2\/comments?post=7379"}],"version-history":[{"count":0,"href":"https:\/\/www.celttv.com.ar\/index.php\/wp-json\/wp\/v2\/posts\/7379\/revisions"}],"wp:attachment":[{"href":"https:\/\/www.celttv.com.ar\/index.php\/wp-json\/wp\/v2\/media?parent=7379"}],"wp:term":[{"taxonomy":"category","embeddable":true,"href":"https:\/\/www.celttv.com.ar\/index.php\/wp-json\/wp\/v2\/categories?post=7379"},{"taxonomy":"post_tag","embeddable":true,"href":"https:\/\/www.celttv.com.ar\/index.php\/wp-json\/wp\/v2\/tags?post=7379"}],"curies":[{"name":"wp","href":"https:\/\/api.w.org\/{rel}","templated":true}]}}