{"id":73790,"date":"2023-02-23T09:42:56","date_gmt":"2023-02-23T12:42:56","guid":{"rendered":"http:\/\/www.celttv.com.ar\/?p=73790"},"modified":"2023-02-23T09:42:56","modified_gmt":"2023-02-23T12:42:56","slug":"bordoni-recibio-nuevamente-a-kicillof-en-sierra-de-la-ventana-en-un-dia-historico-para-el-distrito","status":"publish","type":"post","link":"https:\/\/www.celttv.com.ar\/index.php\/2023\/02\/23\/bordoni-recibio-nuevamente-a-kicillof-en-sierra-de-la-ventana-en-un-dia-historico-para-el-distrito\/","title":{"rendered":"Bordoni recibi\u00f3 nuevamente a Kicillof en Sierra de la Ventana en un d\u00eda hist\u00f3rico para el distrito"},"content":{"rendered":"<p>El gobernador de la Provincia de Buenos Aires, Axel Kicillof arrib\u00f3 a nuestro distrito, este mi\u00e9rcoles para mantener una reuni\u00f3n de trabajo junto a representantes de diferentes sectores productivos y realizar anuncios en una nueva edici\u00f3n de la conferencia de verano.<\/p>\n<p>El mandatario provincial, que fue recibido por el intendente municipal, Sergio Bordoni; en Hotel Provincial de Sierra de la Ventana, llego acompa\u00f1ado por los ministros de Producci\u00f3n, Ciencia e Innovaci\u00f3n Tecnol\u00f3gica, Augusto Costa; el ministro de Desarrollo Agrario, Javier Rodr\u00edguez; la ministra de Gobierno, Cristina \u00c1lvarez Rodr\u00edguez; el jefe de asesores, Carlos Bianco y la presidenta del Instituto Cultural, Florencia Saintout.<\/p>\n<p>Durante el encuentro, que mantuvo con intendentes de la sexta secci\u00f3n y representantes del sector tur\u00edstico, cultural, productivo e industrial del municipio de Tornquist, Axel Kicillof destac\u00f3: \u201c\u201cEl turismo es una verdadera pol\u00edtica de Estado en nuestra provincia. En esta temporada ten\u00edamos un desaf\u00edo muy exigente, que era al menos igualar la cantidad de turistas que hab\u00edamos recibido el a\u00f1o pasado y hab\u00eda sido un r\u00e9cord hist\u00f3rico\u201d. \u201cHemos alcanzado los 15 millones de visitantes y no solo hemos logrado ese objetivo, sino que pudimos superarlo, a esta altura del verano, recibimos a un 8% m\u00e1s de visitantes\u201d.<\/p>\n<p><img loading=\"lazy\" decoding=\"async\" class=\"alignnone wp-image-73791 size-large\" src=\"http:\/\/www.celttv.com.ar\/wp-content\/uploads\/2023\/02\/FEM3831-1024x681.jpg\" alt=\"\" width=\"1024\" height=\"681\" srcset=\"https:\/\/www.celttv.com.ar\/wp-content\/uploads\/2023\/02\/FEM3831-1024x681.jpg 1024w, https:\/\/www.celttv.com.ar\/wp-content\/uploads\/2023\/02\/FEM3831-300x200.jpg 300w, https:\/\/www.celttv.com.ar\/wp-content\/uploads\/2023\/02\/FEM3831-768x511.jpg 768w, https:\/\/www.celttv.com.ar\/wp-content\/uploads\/2023\/02\/FEM3831-1536x1022.jpg 1536w, https:\/\/www.celttv.com.ar\/wp-content\/uploads\/2023\/02\/FEM3831-2048x1363.jpg 2048w, https:\/\/www.celttv.com.ar\/wp-content\/uploads\/2023\/02\/FEM3831-750x499.jpg 750w, https:\/\/www.celttv.com.ar\/wp-content\/uploads\/2023\/02\/FEM3831-1140x759.jpg 1140w\" sizes=\"auto, (max-width: 1024px) 100vw, 1024px\" \/><\/p>\n<p>\u201cEsto fue posible porque el turismo se ha convertido en una verdadera pol\u00edtica de Estado en nuestra provincia, promoviendo tanto el derecho al descanso de quienes se toman vacaciones como el derecho al trabajo y al empleo\u201d, explic\u00f3 el Gobernador.<\/p>\n<p>El jefe comunal, por su parte, afirm\u00f3: \u201clas instancias de di\u00e1logo con las autoridades provinciales son muy importantes para los ciudadanos de nuestro municipio\u201d. \u201cNos han tocado a\u00f1os dif\u00edciles y en todo momento nos hemos sentido acompa\u00f1ados por el Gobierno de la provincia\u201d.<\/p>\n<p>De esta forma, y habiendo escuchado las inquietudes de los distintos sectores, Kicillof repaso uno a uno los temas conversados y anunci\u00f3 la licitaci\u00f3n de la ruta provincial n\u00b076, desde la ruta nacional n\u00b033 hasta el ingreso a Sierra de la Ventana, para mediados de este a\u00f1o. Destacando que la misma ya se encuentra incluida en el presupuesto 2023. De esta forma, el gobierno de la provincia da respuesta a las solicitudes elevadas por el jefe comunal, y los pedidos de todos los sectores privados, tur\u00edsticos y productivos.<\/p>\n<p><img loading=\"lazy\" decoding=\"async\" class=\"alignnone wp-image-73792 size-large\" src=\"http:\/\/www.celttv.com.ar\/wp-content\/uploads\/2023\/02\/FEM3999-1024x681.jpg\" alt=\"\" width=\"1024\" height=\"681\" srcset=\"https:\/\/www.celttv.com.ar\/wp-content\/uploads\/2023\/02\/FEM3999-1024x681.jpg 1024w, https:\/\/www.celttv.com.ar\/wp-content\/uploads\/2023\/02\/FEM3999-300x200.jpg 300w, https:\/\/www.celttv.com.ar\/wp-content\/uploads\/2023\/02\/FEM3999-768x511.jpg 768w, https:\/\/www.celttv.com.ar\/wp-content\/uploads\/2023\/02\/FEM3999-1536x1022.jpg 1536w, https:\/\/www.celttv.com.ar\/wp-content\/uploads\/2023\/02\/FEM3999-2048x1363.jpg 2048w, https:\/\/www.celttv.com.ar\/wp-content\/uploads\/2023\/02\/FEM3999-750x499.jpg 750w, https:\/\/www.celttv.com.ar\/wp-content\/uploads\/2023\/02\/FEM3999-1140x759.jpg 1140w\" sizes=\"auto, (max-width: 1024px) 100vw, 1024px\" \/><\/p>\n<p>A su turno, el Ministro de Producci\u00f3n, Augusto Costa se\u00f1al\u00f3 que \u201cestamos en la salida de un fin de semana de carnaval hist\u00f3rico, con un impacto econ\u00f3mico de alrededor de $30 mil millones que, con una ocupaci\u00f3n pr\u00e1cticamente plena, signific\u00f3 la posibilidad de generar ingresos y puestos de trabajo en toda la provincia\u201d. \u201cEstamos consolidando una temporada excepcional, que no s\u00f3lo logr\u00f3 sostener los valores de la anterior, sino que los super\u00f3 gracias al enorme trabajo que se hizo de forma articulada entre el Estado y el sector privado\u201d, explic\u00f3.<\/p>\n<p>\u201cEn el caso de Tornquist, ya cont\u00f3 con m\u00e1s de 191 mil visitas, en tanto que durante los feriados de carnaval tuvo un nivel de ocupaci\u00f3n de reservas del 100\u201d, afirmo el funcionario bonaerense.<\/p>\n<p>M\u00e1s tarde, tuvo lugar la novena y ante \u00faltima conferencia de verano de la temporada, esta tarde en el Hotel Provincial de la localidad serrana; donde el Gobernador anunci\u00f3 la tercera convocatoria del programa Arriba Parques, que destinar\u00e1 $1.380 millones para obras de infraestructura en agrupamientos industriales.<\/p>\n<p>El municipio de Tornquist fue uno de los beneficiados durante la segunda etapa del programa con una inversi\u00f3n provincial de m\u00e1s de $29 millones para obras de infraestructura en su Sector Industrial Planificado (SIP). El proyecto incluye el soterramiento de la l\u00ednea de media tensi\u00f3n, la distribuci\u00f3n de fibra \u00f3ptica y el asfaltado de calles internas.<\/p>\n<p>Por \u00faltimo, Kicillof resalt\u00f3 que \u201cnecesitamos m\u00e1s turismo y m\u00e1s producci\u00f3n para que todos y todas las bonaerenses tengan la posibilidad de crecer y desarrollarse en el municipio en el que nacieron\u201d. \u201cSe trata de una cuesti\u00f3n de integraci\u00f3n territorial, de creaci\u00f3n de empleo de calidad, igualdad de oportunidades y justicia social\u201d, concluy\u00f3.<\/p>\n<p><img loading=\"lazy\" decoding=\"async\" class=\"alignnone wp-image-73793 size-large\" src=\"http:\/\/www.celttv.com.ar\/wp-content\/uploads\/2023\/02\/2023_02_22-AK-SIERRA-DE-LA-VENTANA_DON2415-1024x698.jpg\" alt=\"\" width=\"1024\" height=\"698\" srcset=\"https:\/\/www.celttv.com.ar\/wp-content\/uploads\/2023\/02\/2023_02_22-AK-SIERRA-DE-LA-VENTANA_DON2415-1024x698.jpg 1024w, https:\/\/www.celttv.com.ar\/wp-content\/uploads\/2023\/02\/2023_02_22-AK-SIERRA-DE-LA-VENTANA_DON2415-300x205.jpg 300w, https:\/\/www.celttv.com.ar\/wp-content\/uploads\/2023\/02\/2023_02_22-AK-SIERRA-DE-LA-VENTANA_DON2415-768x524.jpg 768w, https:\/\/www.celttv.com.ar\/wp-content\/uploads\/2023\/02\/2023_02_22-AK-SIERRA-DE-LA-VENTANA_DON2415-1536x1048.jpg 1536w, https:\/\/www.celttv.com.ar\/wp-content\/uploads\/2023\/02\/2023_02_22-AK-SIERRA-DE-LA-VENTANA_DON2415-2048x1397.jpg 2048w, https:\/\/www.celttv.com.ar\/wp-content\/uploads\/2023\/02\/2023_02_22-AK-SIERRA-DE-LA-VENTANA_DON2415-750x512.jpg 750w, https:\/\/www.celttv.com.ar\/wp-content\/uploads\/2023\/02\/2023_02_22-AK-SIERRA-DE-LA-VENTANA_DON2415-1140x777.jpg 1140w\" sizes=\"auto, (max-width: 1024px) 100vw, 1024px\" \/><\/p>\n<p>&nbsp;<\/p>\n","protected":false},"excerpt":{"rendered":"<p>El gobernador de la Provincia de Buenos Aires, Axel Kicillof arrib\u00f3 a nuestro distrito, este mi\u00e9rcoles para mantener una reuni\u00f3n de trabajo junto a representantes de diferentes sectores productivos y realizar anuncios en una nueva edici\u00f3n de la conferencia de verano. El mandatario provincial, que fue recibido por el intendente municipal, Sergio Bordoni; en Hotel [&hellip;]<\/p>\n","protected":false},"author":3,"featured_media":73793,"comment_status":"closed","ping_status":"closed","sticky":false,"template":"","format":"standard","meta":{"footnotes":""},"categories":[53],"tags":[],"class_list":["post-73790","post","type-post","status-publish","format-standard","has-post-thumbnail","hentry","category-politica"],"yoast_head":"<!-- This site is optimized with the Yoast SEO plugin v19.7.1 - https:\/\/yoast.com\/wordpress\/plugins\/seo\/ -->\n<title>Bordoni recibi\u00f3 nuevamente a Kicillof en Sierra de la Ventana en un d\u00eda hist\u00f3rico para el distrito - CELTTV<\/title>\n<meta name=\"description\" content=\"Sitio web de noticias de la localidad de Tornquist, provincia de Buenos Aires, Rep\u00fablica Argentina. Contenido propio originado por periodistas de CELTTV, el canal de TV local de la Cooperativa El\u00e9ctrica de Tornquist. Turismo, Pol\u00edtica, Sociedad, Deporte, Cultura y todo el contenido de inter\u00e9s general que la gente del pueblo y la regi\u00f3n debe conocer.\" \/>\n<meta name=\"robots\" content=\"index, follow, max-snippet:-1, max-image-preview:large, max-video-preview:-1\" \/>\n<link rel=\"canonical\" href=\"https:\/\/www.celttv.com.ar\/index.php\/2023\/02\/23\/bordoni-recibio-nuevamente-a-kicillof-en-sierra-de-la-ventana-en-un-dia-historico-para-el-distrito\/\" \/>\n<meta property=\"og:locale\" content=\"es_ES\" \/>\n<meta property=\"og:type\" content=\"article\" \/>\n<meta property=\"og:title\" content=\"Bordoni recibi\u00f3 nuevamente a Kicillof en Sierra de la Ventana en un d\u00eda hist\u00f3rico para el distrito - CELTTV\" \/>\n<meta property=\"og:description\" content=\"Sitio web de noticias de la localidad de Tornquist, provincia de Buenos Aires, Rep\u00fablica Argentina. Contenido propio originado por periodistas de CELTTV, el canal de TV local de la Cooperativa El\u00e9ctrica de Tornquist. Turismo, Pol\u00edtica, Sociedad, Deporte, Cultura y todo el contenido de inter\u00e9s general que la gente del pueblo y la regi\u00f3n debe conocer.\" \/>\n<meta property=\"og:url\" content=\"https:\/\/www.celttv.com.ar\/index.php\/2023\/02\/23\/bordoni-recibio-nuevamente-a-kicillof-en-sierra-de-la-ventana-en-un-dia-historico-para-el-distrito\/\" \/>\n<meta property=\"og:site_name\" content=\"CELTTV\" \/>\n<meta property=\"article:publisher\" content=\"https:\/\/www.facebook.com\/celtTV\/\" \/>\n<meta property=\"article:published_time\" content=\"2023-02-23T12:42:56+00:00\" \/>\n<meta property=\"og:image\" content=\"https:\/\/www.celttv.com.ar\/wp-content\/uploads\/2023\/02\/2023_02_22-AK-SIERRA-DE-LA-VENTANA_DON2415-scaled.jpg\" \/>\n\t<meta property=\"og:image:width\" content=\"2560\" \/>\n\t<meta property=\"og:image:height\" content=\"1746\" \/>\n\t<meta property=\"og:image:type\" content=\"image\/jpeg\" \/>\n<meta name=\"author\" content=\"Rodrigo Sgammini\" \/>\n<meta name=\"twitter:card\" content=\"summary_large_image\" \/>\n<meta name=\"twitter:label1\" content=\"Escrito por\" \/>\n\t<meta name=\"twitter:data1\" content=\"Rodrigo Sgammini\" \/>\n\t<meta name=\"twitter:label2\" content=\"Tiempo de lectura\" \/>\n\t<meta name=\"twitter:data2\" content=\"3 minutos\" \/>\n<script type=\"application\/ld+json\" class=\"yoast-schema-graph\">{\"@context\":\"https:\/\/schema.org\",\"@graph\":[{\"@type\":\"NewsArticle\",\"@id\":\"https:\/\/www.celttv.com.ar\/index.php\/2023\/02\/23\/bordoni-recibio-nuevamente-a-kicillof-en-sierra-de-la-ventana-en-un-dia-historico-para-el-distrito\/#article\",\"isPartOf\":{\"@id\":\"https:\/\/www.celttv.com.ar\/index.php\/2023\/02\/23\/bordoni-recibio-nuevamente-a-kicillof-en-sierra-de-la-ventana-en-un-dia-historico-para-el-distrito\/\"},\"author\":{\"name\":\"Rodrigo Sgammini\",\"@id\":\"https:\/\/www.celttv.com.ar\/#\/schema\/person\/495be51d064edd971d8457f8f64eb172\"},\"headline\":\"Bordoni recibi\u00f3 nuevamente a Kicillof en Sierra de la Ventana en un d\u00eda hist\u00f3rico para el distrito\",\"datePublished\":\"2023-02-23T12:42:56+00:00\",\"dateModified\":\"2023-02-23T12:42:56+00:00\",\"mainEntityOfPage\":{\"@id\":\"https:\/\/www.celttv.com.ar\/index.php\/2023\/02\/23\/bordoni-recibio-nuevamente-a-kicillof-en-sierra-de-la-ventana-en-un-dia-historico-para-el-distrito\/\"},\"wordCount\":711,\"publisher\":{\"@id\":\"https:\/\/www.celttv.com.ar\/#organization\"},\"articleSection\":[\"Pol\u00edtica\"],\"inLanguage\":\"es\"},{\"@type\":\"WebPage\",\"@id\":\"https:\/\/www.celttv.com.ar\/index.php\/2023\/02\/23\/bordoni-recibio-nuevamente-a-kicillof-en-sierra-de-la-ventana-en-un-dia-historico-para-el-distrito\/\",\"url\":\"https:\/\/www.celttv.com.ar\/index.php\/2023\/02\/23\/bordoni-recibio-nuevamente-a-kicillof-en-sierra-de-la-ventana-en-un-dia-historico-para-el-distrito\/\",\"name\":\"Bordoni recibi\u00f3 nuevamente a Kicillof en Sierra de la Ventana en un d\u00eda hist\u00f3rico para el distrito - CELTTV\",\"isPartOf\":{\"@id\":\"https:\/\/www.celttv.com.ar\/#website\"},\"datePublished\":\"2023-02-23T12:42:56+00:00\",\"dateModified\":\"2023-02-23T12:42:56+00:00\",\"description\":\"Sitio web de noticias de la localidad de Tornquist, provincia de Buenos Aires, Rep\u00fablica Argentina. Contenido propio originado por periodistas de CELTTV, el canal de TV local de la Cooperativa El\u00e9ctrica de Tornquist. Turismo, Pol\u00edtica, Sociedad, Deporte, Cultura y todo el contenido de inter\u00e9s general que la gente del pueblo y la regi\u00f3n debe conocer.\",\"breadcrumb\":{\"@id\":\"https:\/\/www.celttv.com.ar\/index.php\/2023\/02\/23\/bordoni-recibio-nuevamente-a-kicillof-en-sierra-de-la-ventana-en-un-dia-historico-para-el-distrito\/#breadcrumb\"},\"inLanguage\":\"es\",\"potentialAction\":[{\"@type\":\"ReadAction\",\"target\":[\"https:\/\/www.celttv.com.ar\/index.php\/2023\/02\/23\/bordoni-recibio-nuevamente-a-kicillof-en-sierra-de-la-ventana-en-un-dia-historico-para-el-distrito\/\"]}]},{\"@type\":\"BreadcrumbList\",\"@id\":\"https:\/\/www.celttv.com.ar\/index.php\/2023\/02\/23\/bordoni-recibio-nuevamente-a-kicillof-en-sierra-de-la-ventana-en-un-dia-historico-para-el-distrito\/#breadcrumb\",\"itemListElement\":[{\"@type\":\"ListItem\",\"position\":1,\"name\":\"Inicio\",\"item\":\"https:\/\/www.celttv.com.ar\/\"},{\"@type\":\"ListItem\",\"position\":2,\"name\":\"Bordoni recibi\u00f3 nuevamente a Kicillof en Sierra de la Ventana en un d\u00eda hist\u00f3rico para el distrito\"}]},{\"@type\":\"WebSite\",\"@id\":\"https:\/\/www.celttv.com.ar\/#website\",\"url\":\"https:\/\/www.celttv.com.ar\/\",\"name\":\"CELTTV\",\"description\":\"Cooperativa El\u00e9ctrica de Tornquist\",\"publisher\":{\"@id\":\"https:\/\/www.celttv.com.ar\/#organization\"},\"potentialAction\":[{\"@type\":\"SearchAction\",\"target\":{\"@type\":\"EntryPoint\",\"urlTemplate\":\"https:\/\/www.celttv.com.ar\/?s={search_term_string}\"},\"query-input\":\"required name=search_term_string\"}],\"inLanguage\":\"es\"},{\"@type\":\"Organization\",\"@id\":\"https:\/\/www.celttv.com.ar\/#organization\",\"name\":\"CELTTV\",\"url\":\"https:\/\/www.celttv.com.ar\/\",\"sameAs\":[\"https:\/\/www.youtube.com\/channel\/UCz_oIt8Hig64Ub-EmcNPIhg\",\"https:\/\/www.facebook.com\/celtTV\/\"],\"logo\":{\"@type\":\"ImageObject\",\"inLanguage\":\"es\",\"@id\":\"https:\/\/www.celttv.com.ar\/#\/schema\/logo\/image\/\",\"url\":\"http:\/\/www.celttv.com.ar\/wp-content\/uploads\/2022\/08\/logo-1.png\",\"contentUrl\":\"http:\/\/www.celttv.com.ar\/wp-content\/uploads\/2022\/08\/logo-1.png\",\"width\":461,\"height\":159,\"caption\":\"CELTTV\"},\"image\":{\"@id\":\"https:\/\/www.celttv.com.ar\/#\/schema\/logo\/image\/\"}},{\"@type\":\"Person\",\"@id\":\"https:\/\/www.celttv.com.ar\/#\/schema\/person\/495be51d064edd971d8457f8f64eb172\",\"name\":\"Rodrigo Sgammini\",\"image\":{\"@type\":\"ImageObject\",\"inLanguage\":\"es\",\"@id\":\"https:\/\/www.celttv.com.ar\/#\/schema\/person\/image\/\",\"url\":\"https:\/\/secure.gravatar.com\/avatar\/68f7848d42735e7a9276b47cd6e606327d88f521c51ae39d88888b76902e2987?s=96&d=mm&r=g\",\"contentUrl\":\"https:\/\/secure.gravatar.com\/avatar\/68f7848d42735e7a9276b47cd6e606327d88f521c51ae39d88888b76902e2987?s=96&d=mm&r=g\",\"caption\":\"Rodrigo Sgammini\"}}]}<\/script>\n<!-- \/ Yoast SEO plugin. -->","yoast_head_json":{"title":"Bordoni recibi\u00f3 nuevamente a Kicillof en Sierra de la Ventana en un d\u00eda hist\u00f3rico para el distrito - CELTTV","description":"Sitio web de noticias de la localidad de Tornquist, provincia de Buenos Aires, Rep\u00fablica Argentina. Contenido propio originado por periodistas de CELTTV, el canal de TV local de la Cooperativa El\u00e9ctrica de Tornquist. Turismo, Pol\u00edtica, Sociedad, Deporte, Cultura y todo el contenido de inter\u00e9s general que la gente del pueblo y la regi\u00f3n debe conocer.","robots":{"index":"index","follow":"follow","max-snippet":"max-snippet:-1","max-image-preview":"max-image-preview:large","max-video-preview":"max-video-preview:-1"},"canonical":"https:\/\/www.celttv.com.ar\/index.php\/2023\/02\/23\/bordoni-recibio-nuevamente-a-kicillof-en-sierra-de-la-ventana-en-un-dia-historico-para-el-distrito\/","og_locale":"es_ES","og_type":"article","og_title":"Bordoni recibi\u00f3 nuevamente a Kicillof en Sierra de la Ventana en un d\u00eda hist\u00f3rico para el distrito - CELTTV","og_description":"Sitio web de noticias de la localidad de Tornquist, provincia de Buenos Aires, Rep\u00fablica Argentina. Contenido propio originado por periodistas de CELTTV, el canal de TV local de la Cooperativa El\u00e9ctrica de Tornquist. Turismo, Pol\u00edtica, Sociedad, Deporte, Cultura y todo el contenido de inter\u00e9s general que la gente del pueblo y la regi\u00f3n debe conocer.","og_url":"https:\/\/www.celttv.com.ar\/index.php\/2023\/02\/23\/bordoni-recibio-nuevamente-a-kicillof-en-sierra-de-la-ventana-en-un-dia-historico-para-el-distrito\/","og_site_name":"CELTTV","article_publisher":"https:\/\/www.facebook.com\/celtTV\/","article_published_time":"2023-02-23T12:42:56+00:00","og_image":[{"width":2560,"height":1746,"url":"https:\/\/www.celttv.com.ar\/wp-content\/uploads\/2023\/02\/2023_02_22-AK-SIERRA-DE-LA-VENTANA_DON2415-scaled.jpg","type":"image\/jpeg"}],"author":"Rodrigo Sgammini","twitter_card":"summary_large_image","twitter_misc":{"Escrito por":"Rodrigo Sgammini","Tiempo de lectura":"3 minutos"},"schema":{"@context":"https:\/\/schema.org","@graph":[{"@type":"NewsArticle","@id":"https:\/\/www.celttv.com.ar\/index.php\/2023\/02\/23\/bordoni-recibio-nuevamente-a-kicillof-en-sierra-de-la-ventana-en-un-dia-historico-para-el-distrito\/#article","isPartOf":{"@id":"https:\/\/www.celttv.com.ar\/index.php\/2023\/02\/23\/bordoni-recibio-nuevamente-a-kicillof-en-sierra-de-la-ventana-en-un-dia-historico-para-el-distrito\/"},"author":{"name":"Rodrigo Sgammini","@id":"https:\/\/www.celttv.com.ar\/#\/schema\/person\/495be51d064edd971d8457f8f64eb172"},"headline":"Bordoni recibi\u00f3 nuevamente a Kicillof en Sierra de la Ventana en un d\u00eda hist\u00f3rico para el distrito","datePublished":"2023-02-23T12:42:56+00:00","dateModified":"2023-02-23T12:42:56+00:00","mainEntityOfPage":{"@id":"https:\/\/www.celttv.com.ar\/index.php\/2023\/02\/23\/bordoni-recibio-nuevamente-a-kicillof-en-sierra-de-la-ventana-en-un-dia-historico-para-el-distrito\/"},"wordCount":711,"publisher":{"@id":"https:\/\/www.celttv.com.ar\/#organization"},"articleSection":["Pol\u00edtica"],"inLanguage":"es"},{"@type":"WebPage","@id":"https:\/\/www.celttv.com.ar\/index.php\/2023\/02\/23\/bordoni-recibio-nuevamente-a-kicillof-en-sierra-de-la-ventana-en-un-dia-historico-para-el-distrito\/","url":"https:\/\/www.celttv.com.ar\/index.php\/2023\/02\/23\/bordoni-recibio-nuevamente-a-kicillof-en-sierra-de-la-ventana-en-un-dia-historico-para-el-distrito\/","name":"Bordoni recibi\u00f3 nuevamente a Kicillof en Sierra de la Ventana en un d\u00eda hist\u00f3rico para el distrito - CELTTV","isPartOf":{"@id":"https:\/\/www.celttv.com.ar\/#website"},"datePublished":"2023-02-23T12:42:56+00:00","dateModified":"2023-02-23T12:42:56+00:00","description":"Sitio web de noticias de la localidad de Tornquist, provincia de Buenos Aires, Rep\u00fablica Argentina. Contenido propio originado por periodistas de CELTTV, el canal de TV local de la Cooperativa El\u00e9ctrica de Tornquist. Turismo, Pol\u00edtica, Sociedad, Deporte, Cultura y todo el contenido de inter\u00e9s general que la gente del pueblo y la regi\u00f3n debe conocer.","breadcrumb":{"@id":"https:\/\/www.celttv.com.ar\/index.php\/2023\/02\/23\/bordoni-recibio-nuevamente-a-kicillof-en-sierra-de-la-ventana-en-un-dia-historico-para-el-distrito\/#breadcrumb"},"inLanguage":"es","potentialAction":[{"@type":"ReadAction","target":["https:\/\/www.celttv.com.ar\/index.php\/2023\/02\/23\/bordoni-recibio-nuevamente-a-kicillof-en-sierra-de-la-ventana-en-un-dia-historico-para-el-distrito\/"]}]},{"@type":"BreadcrumbList","@id":"https:\/\/www.celttv.com.ar\/index.php\/2023\/02\/23\/bordoni-recibio-nuevamente-a-kicillof-en-sierra-de-la-ventana-en-un-dia-historico-para-el-distrito\/#breadcrumb","itemListElement":[{"@type":"ListItem","position":1,"name":"Inicio","item":"https:\/\/www.celttv.com.ar\/"},{"@type":"ListItem","position":2,"name":"Bordoni recibi\u00f3 nuevamente a Kicillof en Sierra de la Ventana en un d\u00eda hist\u00f3rico para el distrito"}]},{"@type":"WebSite","@id":"https:\/\/www.celttv.com.ar\/#website","url":"https:\/\/www.celttv.com.ar\/","name":"CELTTV","description":"Cooperativa El\u00e9ctrica de Tornquist","publisher":{"@id":"https:\/\/www.celttv.com.ar\/#organization"},"potentialAction":[{"@type":"SearchAction","target":{"@type":"EntryPoint","urlTemplate":"https:\/\/www.celttv.com.ar\/?s={search_term_string}"},"query-input":"required name=search_term_string"}],"inLanguage":"es"},{"@type":"Organization","@id":"https:\/\/www.celttv.com.ar\/#organization","name":"CELTTV","url":"https:\/\/www.celttv.com.ar\/","sameAs":["https:\/\/www.youtube.com\/channel\/UCz_oIt8Hig64Ub-EmcNPIhg","https:\/\/www.facebook.com\/celtTV\/"],"logo":{"@type":"ImageObject","inLanguage":"es","@id":"https:\/\/www.celttv.com.ar\/#\/schema\/logo\/image\/","url":"http:\/\/www.celttv.com.ar\/wp-content\/uploads\/2022\/08\/logo-1.png","contentUrl":"http:\/\/www.celttv.com.ar\/wp-content\/uploads\/2022\/08\/logo-1.png","width":461,"height":159,"caption":"CELTTV"},"image":{"@id":"https:\/\/www.celttv.com.ar\/#\/schema\/logo\/image\/"}},{"@type":"Person","@id":"https:\/\/www.celttv.com.ar\/#\/schema\/person\/495be51d064edd971d8457f8f64eb172","name":"Rodrigo Sgammini","image":{"@type":"ImageObject","inLanguage":"es","@id":"https:\/\/www.celttv.com.ar\/#\/schema\/person\/image\/","url":"https:\/\/secure.gravatar.com\/avatar\/68f7848d42735e7a9276b47cd6e606327d88f521c51ae39d88888b76902e2987?s=96&d=mm&r=g","contentUrl":"https:\/\/secure.gravatar.com\/avatar\/68f7848d42735e7a9276b47cd6e606327d88f521c51ae39d88888b76902e2987?s=96&d=mm&r=g","caption":"Rodrigo Sgammini"}}]}},"_links":{"self":[{"href":"https:\/\/www.celttv.com.ar\/index.php\/wp-json\/wp\/v2\/posts\/73790","targetHints":{"allow":["GET"]}}],"collection":[{"href":"https:\/\/www.celttv.com.ar\/index.php\/wp-json\/wp\/v2\/posts"}],"about":[{"href":"https:\/\/www.celttv.com.ar\/index.php\/wp-json\/wp\/v2\/types\/post"}],"author":[{"embeddable":true,"href":"https:\/\/www.celttv.com.ar\/index.php\/wp-json\/wp\/v2\/users\/3"}],"replies":[{"embeddable":true,"href":"https:\/\/www.celttv.com.ar\/index.php\/wp-json\/wp\/v2\/comments?post=73790"}],"version-history":[{"count":1,"href":"https:\/\/www.celttv.com.ar\/index.php\/wp-json\/wp\/v2\/posts\/73790\/revisions"}],"predecessor-version":[{"id":73794,"href":"https:\/\/www.celttv.com.ar\/index.php\/wp-json\/wp\/v2\/posts\/73790\/revisions\/73794"}],"wp:featuredmedia":[{"embeddable":true,"href":"https:\/\/www.celttv.com.ar\/index.php\/wp-json\/wp\/v2\/media\/73793"}],"wp:attachment":[{"href":"https:\/\/www.celttv.com.ar\/index.php\/wp-json\/wp\/v2\/media?parent=73790"}],"wp:term":[{"taxonomy":"category","embeddable":true,"href":"https:\/\/www.celttv.com.ar\/index.php\/wp-json\/wp\/v2\/categories?post=73790"},{"taxonomy":"post_tag","embeddable":true,"href":"https:\/\/www.celttv.com.ar\/index.php\/wp-json\/wp\/v2\/tags?post=73790"}],"curies":[{"name":"wp","href":"https:\/\/api.w.org\/{rel}","templated":true}]}}