{"id":73819,"date":"2023-02-24T13:40:12","date_gmt":"2023-02-24T16:40:12","guid":{"rendered":"http:\/\/www.celttv.com.ar\/?p=73819"},"modified":"2023-02-24T13:40:12","modified_gmt":"2023-02-24T16:40:12","slug":"sandra-kifer-participo-de-una-reunion-seccional-junto-al-precandidato-a-presidente-ucr-gerardo-morales","status":"publish","type":"post","link":"https:\/\/www.celttv.com.ar\/index.php\/2023\/02\/24\/sandra-kifer-participo-de-una-reunion-seccional-junto-al-precandidato-a-presidente-ucr-gerardo-morales\/","title":{"rendered":"Sandra Kifer particip\u00f3 de una reuni\u00f3n seccional junto al precandidato a presidente (UCR) Gerardo Morales"},"content":{"rendered":"<p>Con la participaci\u00f3n de las 8 secciones electorales de la provincia se realiz\u00f3 una fruct\u00edfera reuni\u00f3n en el sal\u00f3n Dr. Ra\u00fal Alfonsin (CABA).<\/p>\n<p>A la misma fue invitada la precandidata a intendente de Tornquist, Sandra Kifer (UCR), por el referente de la Corriente de Opini\u00f3n Nacional, Dr. Federico Storani, contando, tambi\u00e9n, con la presencia del precandidato a presidente por la UCR Gerardo Morales.<\/p>\n<p>Varios fueron los temas que all\u00ed se expusieron y debatieron, como por ejemplo:<\/p>\n<p>-Convencimiento de la presentaci\u00f3n de candidatos radicales en todos los niveles: nacional, provincial y municipal.<\/p>\n<p>-Lanzamiento de la precandidatura a presidente de Gerardo Morales el d\u00eda 15 de marzo, en CABA.<\/p>\n<p>-Situaci\u00f3n interna y alternativas de resoluci\u00f3n para aquellos distritos donde haya m\u00e1s de un candidato\/a.<\/p>\n<p>-Encuentro programatico en Abril en C\u00f3rdoba, con dirigentes de todo el pa\u00eds, con el fin de establecer un programa de gobierno.<\/p>\n<p>-Y por \u00faltimo, se confirmo el lanzamiento de 24 comites de campa\u00f1a. Uno por provincia, siendo el primero a inaugurar el de la provincia de Buenos Aires en la localidad de La Matanza el d\u00eda 3 de Marzo.<\/p>\n<p><img loading=\"lazy\" decoding=\"async\" class=\"alignnone wp-image-73820 size-large\" src=\"http:\/\/www.celttv.com.ar\/wp-content\/uploads\/2023\/02\/11dfd1ab-575c-48c5-a286-9d958e8c84a5-1024x1024.jpg\" alt=\"\" width=\"1024\" height=\"1024\" srcset=\"https:\/\/www.celttv.com.ar\/wp-content\/uploads\/2023\/02\/11dfd1ab-575c-48c5-a286-9d958e8c84a5-1024x1024.jpg 1024w, https:\/\/www.celttv.com.ar\/wp-content\/uploads\/2023\/02\/11dfd1ab-575c-48c5-a286-9d958e8c84a5-300x300.jpg 300w, https:\/\/www.celttv.com.ar\/wp-content\/uploads\/2023\/02\/11dfd1ab-575c-48c5-a286-9d958e8c84a5-150x150.jpg 150w, https:\/\/www.celttv.com.ar\/wp-content\/uploads\/2023\/02\/11dfd1ab-575c-48c5-a286-9d958e8c84a5-768x768.jpg 768w, https:\/\/www.celttv.com.ar\/wp-content\/uploads\/2023\/02\/11dfd1ab-575c-48c5-a286-9d958e8c84a5-1536x1536.jpg 1536w, https:\/\/www.celttv.com.ar\/wp-content\/uploads\/2023\/02\/11dfd1ab-575c-48c5-a286-9d958e8c84a5-75x75.jpg 75w, https:\/\/www.celttv.com.ar\/wp-content\/uploads\/2023\/02\/11dfd1ab-575c-48c5-a286-9d958e8c84a5-750x750.jpg 750w, https:\/\/www.celttv.com.ar\/wp-content\/uploads\/2023\/02\/11dfd1ab-575c-48c5-a286-9d958e8c84a5-1140x1140.jpg 1140w, https:\/\/www.celttv.com.ar\/wp-content\/uploads\/2023\/02\/11dfd1ab-575c-48c5-a286-9d958e8c84a5.jpg 1600w\" sizes=\"auto, (max-width: 1024px) 100vw, 1024px\" \/> <img loading=\"lazy\" decoding=\"async\" class=\"alignnone wp-image-73821 size-full\" src=\"http:\/\/www.celttv.com.ar\/wp-content\/uploads\/2023\/02\/31eb2bc7-3976-437d-b5fa-30b20d492d24.jpg\" alt=\"\" width=\"418\" height=\"480\" srcset=\"https:\/\/www.celttv.com.ar\/wp-content\/uploads\/2023\/02\/31eb2bc7-3976-437d-b5fa-30b20d492d24.jpg 418w, https:\/\/www.celttv.com.ar\/wp-content\/uploads\/2023\/02\/31eb2bc7-3976-437d-b5fa-30b20d492d24-261x300.jpg 261w\" sizes=\"auto, (max-width: 418px) 100vw, 418px\" \/> <img loading=\"lazy\" decoding=\"async\" class=\"alignnone wp-image-73822 size-large\" src=\"http:\/\/www.celttv.com.ar\/wp-content\/uploads\/2023\/02\/607cbf4d-b72e-4556-a861-970f88221b6e-768x1024.jpg\" alt=\"\" width=\"768\" height=\"1024\" srcset=\"https:\/\/www.celttv.com.ar\/wp-content\/uploads\/2023\/02\/607cbf4d-b72e-4556-a861-970f88221b6e-768x1024.jpg 768w, https:\/\/www.celttv.com.ar\/wp-content\/uploads\/2023\/02\/607cbf4d-b72e-4556-a861-970f88221b6e-225x300.jpg 225w, https:\/\/www.celttv.com.ar\/wp-content\/uploads\/2023\/02\/607cbf4d-b72e-4556-a861-970f88221b6e-750x1000.jpg 750w, https:\/\/www.celttv.com.ar\/wp-content\/uploads\/2023\/02\/607cbf4d-b72e-4556-a861-970f88221b6e.jpg 960w\" sizes=\"auto, (max-width: 768px) 100vw, 768px\" \/><\/p>\n","protected":false},"excerpt":{"rendered":"<p>Con la participaci\u00f3n de las 8 secciones electorales de la provincia se realiz\u00f3 una fruct\u00edfera reuni\u00f3n en el sal\u00f3n Dr. Ra\u00fal Alfonsin (CABA). A la misma fue invitada la precandidata a intendente de Tornquist, Sandra Kifer (UCR), por el referente de la Corriente de Opini\u00f3n Nacional, Dr. Federico Storani, contando, tambi\u00e9n, con la presencia del [&hellip;]<\/p>\n","protected":false},"author":3,"featured_media":73822,"comment_status":"closed","ping_status":"closed","sticky":false,"template":"","format":"standard","meta":{"footnotes":""},"categories":[53],"tags":[],"class_list":["post-73819","post","type-post","status-publish","format-standard","has-post-thumbnail","hentry","category-politica"],"yoast_head":"<!-- This site is optimized with the Yoast SEO plugin v19.7.1 - https:\/\/yoast.com\/wordpress\/plugins\/seo\/ -->\n<title>Sandra Kifer particip\u00f3 de una reuni\u00f3n seccional junto al precandidato a presidente (UCR) Gerardo Morales - CELTTV<\/title>\n<meta name=\"description\" content=\"Sitio web de noticias de la localidad de Tornquist, provincia de Buenos Aires, Rep\u00fablica Argentina. Contenido propio originado por periodistas de CELTTV, el canal de TV local de la Cooperativa El\u00e9ctrica de Tornquist. Turismo, Pol\u00edtica, Sociedad, Deporte, Cultura y todo el contenido de inter\u00e9s general que la gente del pueblo y la regi\u00f3n debe conocer.\" \/>\n<meta name=\"robots\" content=\"index, follow, max-snippet:-1, max-image-preview:large, max-video-preview:-1\" \/>\n<link rel=\"canonical\" href=\"https:\/\/www.celttv.com.ar\/index.php\/2023\/02\/24\/sandra-kifer-participo-de-una-reunion-seccional-junto-al-precandidato-a-presidente-ucr-gerardo-morales\/\" \/>\n<meta property=\"og:locale\" content=\"es_ES\" \/>\n<meta property=\"og:type\" content=\"article\" \/>\n<meta property=\"og:title\" content=\"Sandra Kifer particip\u00f3 de una reuni\u00f3n seccional junto al precandidato a presidente (UCR) Gerardo Morales - CELTTV\" \/>\n<meta property=\"og:description\" content=\"Sitio web de noticias de la localidad de Tornquist, provincia de Buenos Aires, Rep\u00fablica Argentina. Contenido propio originado por periodistas de CELTTV, el canal de TV local de la Cooperativa El\u00e9ctrica de Tornquist. Turismo, Pol\u00edtica, Sociedad, Deporte, Cultura y todo el contenido de inter\u00e9s general que la gente del pueblo y la regi\u00f3n debe conocer.\" \/>\n<meta property=\"og:url\" content=\"https:\/\/www.celttv.com.ar\/index.php\/2023\/02\/24\/sandra-kifer-participo-de-una-reunion-seccional-junto-al-precandidato-a-presidente-ucr-gerardo-morales\/\" \/>\n<meta property=\"og:site_name\" content=\"CELTTV\" \/>\n<meta property=\"article:publisher\" content=\"https:\/\/www.facebook.com\/celtTV\/\" \/>\n<meta property=\"article:published_time\" content=\"2023-02-24T16:40:12+00:00\" \/>\n<meta property=\"og:image\" content=\"https:\/\/www.celttv.com.ar\/wp-content\/uploads\/2023\/02\/607cbf4d-b72e-4556-a861-970f88221b6e.jpg\" \/>\n\t<meta property=\"og:image:width\" content=\"960\" \/>\n\t<meta property=\"og:image:height\" content=\"1280\" \/>\n\t<meta property=\"og:image:type\" content=\"image\/jpeg\" \/>\n<meta name=\"author\" content=\"Rodrigo Sgammini\" \/>\n<meta name=\"twitter:card\" content=\"summary_large_image\" \/>\n<meta name=\"twitter:label1\" content=\"Escrito por\" \/>\n\t<meta name=\"twitter:data1\" content=\"Rodrigo Sgammini\" \/>\n\t<meta name=\"twitter:label2\" content=\"Tiempo de lectura\" \/>\n\t<meta name=\"twitter:data2\" content=\"1 minuto\" \/>\n<script type=\"application\/ld+json\" class=\"yoast-schema-graph\">{\"@context\":\"https:\/\/schema.org\",\"@graph\":[{\"@type\":\"NewsArticle\",\"@id\":\"https:\/\/www.celttv.com.ar\/index.php\/2023\/02\/24\/sandra-kifer-participo-de-una-reunion-seccional-junto-al-precandidato-a-presidente-ucr-gerardo-morales\/#article\",\"isPartOf\":{\"@id\":\"https:\/\/www.celttv.com.ar\/index.php\/2023\/02\/24\/sandra-kifer-participo-de-una-reunion-seccional-junto-al-precandidato-a-presidente-ucr-gerardo-morales\/\"},\"author\":{\"name\":\"Rodrigo Sgammini\",\"@id\":\"https:\/\/www.celttv.com.ar\/#\/schema\/person\/495be51d064edd971d8457f8f64eb172\"},\"headline\":\"Sandra Kifer particip\u00f3 de una reuni\u00f3n seccional junto al precandidato a presidente (UCR) Gerardo Morales\",\"datePublished\":\"2023-02-24T16:40:12+00:00\",\"dateModified\":\"2023-02-24T16:40:12+00:00\",\"mainEntityOfPage\":{\"@id\":\"https:\/\/www.celttv.com.ar\/index.php\/2023\/02\/24\/sandra-kifer-participo-de-una-reunion-seccional-junto-al-precandidato-a-presidente-ucr-gerardo-morales\/\"},\"wordCount\":210,\"publisher\":{\"@id\":\"https:\/\/www.celttv.com.ar\/#organization\"},\"articleSection\":[\"Pol\u00edtica\"],\"inLanguage\":\"es\"},{\"@type\":\"WebPage\",\"@id\":\"https:\/\/www.celttv.com.ar\/index.php\/2023\/02\/24\/sandra-kifer-participo-de-una-reunion-seccional-junto-al-precandidato-a-presidente-ucr-gerardo-morales\/\",\"url\":\"https:\/\/www.celttv.com.ar\/index.php\/2023\/02\/24\/sandra-kifer-participo-de-una-reunion-seccional-junto-al-precandidato-a-presidente-ucr-gerardo-morales\/\",\"name\":\"Sandra Kifer particip\u00f3 de una reuni\u00f3n seccional junto al precandidato a presidente (UCR) Gerardo Morales - CELTTV\",\"isPartOf\":{\"@id\":\"https:\/\/www.celttv.com.ar\/#website\"},\"datePublished\":\"2023-02-24T16:40:12+00:00\",\"dateModified\":\"2023-02-24T16:40:12+00:00\",\"description\":\"Sitio web de noticias de la localidad de Tornquist, provincia de Buenos Aires, Rep\u00fablica Argentina. Contenido propio originado por periodistas de CELTTV, el canal de TV local de la Cooperativa El\u00e9ctrica de Tornquist. Turismo, Pol\u00edtica, Sociedad, Deporte, Cultura y todo el contenido de inter\u00e9s general que la gente del pueblo y la regi\u00f3n debe conocer.\",\"breadcrumb\":{\"@id\":\"https:\/\/www.celttv.com.ar\/index.php\/2023\/02\/24\/sandra-kifer-participo-de-una-reunion-seccional-junto-al-precandidato-a-presidente-ucr-gerardo-morales\/#breadcrumb\"},\"inLanguage\":\"es\",\"potentialAction\":[{\"@type\":\"ReadAction\",\"target\":[\"https:\/\/www.celttv.com.ar\/index.php\/2023\/02\/24\/sandra-kifer-participo-de-una-reunion-seccional-junto-al-precandidato-a-presidente-ucr-gerardo-morales\/\"]}]},{\"@type\":\"BreadcrumbList\",\"@id\":\"https:\/\/www.celttv.com.ar\/index.php\/2023\/02\/24\/sandra-kifer-participo-de-una-reunion-seccional-junto-al-precandidato-a-presidente-ucr-gerardo-morales\/#breadcrumb\",\"itemListElement\":[{\"@type\":\"ListItem\",\"position\":1,\"name\":\"Inicio\",\"item\":\"https:\/\/www.celttv.com.ar\/\"},{\"@type\":\"ListItem\",\"position\":2,\"name\":\"Sandra Kifer particip\u00f3 de una reuni\u00f3n seccional junto al precandidato a presidente (UCR) Gerardo Morales\"}]},{\"@type\":\"WebSite\",\"@id\":\"https:\/\/www.celttv.com.ar\/#website\",\"url\":\"https:\/\/www.celttv.com.ar\/\",\"name\":\"CELTTV\",\"description\":\"Cooperativa El\u00e9ctrica de Tornquist\",\"publisher\":{\"@id\":\"https:\/\/www.celttv.com.ar\/#organization\"},\"potentialAction\":[{\"@type\":\"SearchAction\",\"target\":{\"@type\":\"EntryPoint\",\"urlTemplate\":\"https:\/\/www.celttv.com.ar\/?s={search_term_string}\"},\"query-input\":\"required name=search_term_string\"}],\"inLanguage\":\"es\"},{\"@type\":\"Organization\",\"@id\":\"https:\/\/www.celttv.com.ar\/#organization\",\"name\":\"CELTTV\",\"url\":\"https:\/\/www.celttv.com.ar\/\",\"sameAs\":[\"https:\/\/www.youtube.com\/channel\/UCz_oIt8Hig64Ub-EmcNPIhg\",\"https:\/\/www.facebook.com\/celtTV\/\"],\"logo\":{\"@type\":\"ImageObject\",\"inLanguage\":\"es\",\"@id\":\"https:\/\/www.celttv.com.ar\/#\/schema\/logo\/image\/\",\"url\":\"http:\/\/www.celttv.com.ar\/wp-content\/uploads\/2022\/08\/logo-1.png\",\"contentUrl\":\"http:\/\/www.celttv.com.ar\/wp-content\/uploads\/2022\/08\/logo-1.png\",\"width\":461,\"height\":159,\"caption\":\"CELTTV\"},\"image\":{\"@id\":\"https:\/\/www.celttv.com.ar\/#\/schema\/logo\/image\/\"}},{\"@type\":\"Person\",\"@id\":\"https:\/\/www.celttv.com.ar\/#\/schema\/person\/495be51d064edd971d8457f8f64eb172\",\"name\":\"Rodrigo Sgammini\",\"image\":{\"@type\":\"ImageObject\",\"inLanguage\":\"es\",\"@id\":\"https:\/\/www.celttv.com.ar\/#\/schema\/person\/image\/\",\"url\":\"https:\/\/secure.gravatar.com\/avatar\/68f7848d42735e7a9276b47cd6e606327d88f521c51ae39d88888b76902e2987?s=96&d=mm&r=g\",\"contentUrl\":\"https:\/\/secure.gravatar.com\/avatar\/68f7848d42735e7a9276b47cd6e606327d88f521c51ae39d88888b76902e2987?s=96&d=mm&r=g\",\"caption\":\"Rodrigo Sgammini\"}}]}<\/script>\n<!-- \/ Yoast SEO plugin. -->","yoast_head_json":{"title":"Sandra Kifer particip\u00f3 de una reuni\u00f3n seccional junto al precandidato a presidente (UCR) Gerardo Morales - CELTTV","description":"Sitio web de noticias de la localidad de Tornquist, provincia de Buenos Aires, Rep\u00fablica Argentina. Contenido propio originado por periodistas de CELTTV, el canal de TV local de la Cooperativa El\u00e9ctrica de Tornquist. Turismo, Pol\u00edtica, Sociedad, Deporte, Cultura y todo el contenido de inter\u00e9s general que la gente del pueblo y la regi\u00f3n debe conocer.","robots":{"index":"index","follow":"follow","max-snippet":"max-snippet:-1","max-image-preview":"max-image-preview:large","max-video-preview":"max-video-preview:-1"},"canonical":"https:\/\/www.celttv.com.ar\/index.php\/2023\/02\/24\/sandra-kifer-participo-de-una-reunion-seccional-junto-al-precandidato-a-presidente-ucr-gerardo-morales\/","og_locale":"es_ES","og_type":"article","og_title":"Sandra Kifer particip\u00f3 de una reuni\u00f3n seccional junto al precandidato a presidente (UCR) Gerardo Morales - CELTTV","og_description":"Sitio web de noticias de la localidad de Tornquist, provincia de Buenos Aires, Rep\u00fablica Argentina. Contenido propio originado por periodistas de CELTTV, el canal de TV local de la Cooperativa El\u00e9ctrica de Tornquist. Turismo, Pol\u00edtica, Sociedad, Deporte, Cultura y todo el contenido de inter\u00e9s general que la gente del pueblo y la regi\u00f3n debe conocer.","og_url":"https:\/\/www.celttv.com.ar\/index.php\/2023\/02\/24\/sandra-kifer-participo-de-una-reunion-seccional-junto-al-precandidato-a-presidente-ucr-gerardo-morales\/","og_site_name":"CELTTV","article_publisher":"https:\/\/www.facebook.com\/celtTV\/","article_published_time":"2023-02-24T16:40:12+00:00","og_image":[{"width":960,"height":1280,"url":"https:\/\/www.celttv.com.ar\/wp-content\/uploads\/2023\/02\/607cbf4d-b72e-4556-a861-970f88221b6e.jpg","type":"image\/jpeg"}],"author":"Rodrigo Sgammini","twitter_card":"summary_large_image","twitter_misc":{"Escrito por":"Rodrigo Sgammini","Tiempo de lectura":"1 minuto"},"schema":{"@context":"https:\/\/schema.org","@graph":[{"@type":"NewsArticle","@id":"https:\/\/www.celttv.com.ar\/index.php\/2023\/02\/24\/sandra-kifer-participo-de-una-reunion-seccional-junto-al-precandidato-a-presidente-ucr-gerardo-morales\/#article","isPartOf":{"@id":"https:\/\/www.celttv.com.ar\/index.php\/2023\/02\/24\/sandra-kifer-participo-de-una-reunion-seccional-junto-al-precandidato-a-presidente-ucr-gerardo-morales\/"},"author":{"name":"Rodrigo Sgammini","@id":"https:\/\/www.celttv.com.ar\/#\/schema\/person\/495be51d064edd971d8457f8f64eb172"},"headline":"Sandra Kifer particip\u00f3 de una reuni\u00f3n seccional junto al precandidato a presidente (UCR) Gerardo Morales","datePublished":"2023-02-24T16:40:12+00:00","dateModified":"2023-02-24T16:40:12+00:00","mainEntityOfPage":{"@id":"https:\/\/www.celttv.com.ar\/index.php\/2023\/02\/24\/sandra-kifer-participo-de-una-reunion-seccional-junto-al-precandidato-a-presidente-ucr-gerardo-morales\/"},"wordCount":210,"publisher":{"@id":"https:\/\/www.celttv.com.ar\/#organization"},"articleSection":["Pol\u00edtica"],"inLanguage":"es"},{"@type":"WebPage","@id":"https:\/\/www.celttv.com.ar\/index.php\/2023\/02\/24\/sandra-kifer-participo-de-una-reunion-seccional-junto-al-precandidato-a-presidente-ucr-gerardo-morales\/","url":"https:\/\/www.celttv.com.ar\/index.php\/2023\/02\/24\/sandra-kifer-participo-de-una-reunion-seccional-junto-al-precandidato-a-presidente-ucr-gerardo-morales\/","name":"Sandra Kifer particip\u00f3 de una reuni\u00f3n seccional junto al precandidato a presidente (UCR) Gerardo Morales - CELTTV","isPartOf":{"@id":"https:\/\/www.celttv.com.ar\/#website"},"datePublished":"2023-02-24T16:40:12+00:00","dateModified":"2023-02-24T16:40:12+00:00","description":"Sitio web de noticias de la localidad de Tornquist, provincia de Buenos Aires, Rep\u00fablica Argentina. Contenido propio originado por periodistas de CELTTV, el canal de TV local de la Cooperativa El\u00e9ctrica de Tornquist. Turismo, Pol\u00edtica, Sociedad, Deporte, Cultura y todo el contenido de inter\u00e9s general que la gente del pueblo y la regi\u00f3n debe conocer.","breadcrumb":{"@id":"https:\/\/www.celttv.com.ar\/index.php\/2023\/02\/24\/sandra-kifer-participo-de-una-reunion-seccional-junto-al-precandidato-a-presidente-ucr-gerardo-morales\/#breadcrumb"},"inLanguage":"es","potentialAction":[{"@type":"ReadAction","target":["https:\/\/www.celttv.com.ar\/index.php\/2023\/02\/24\/sandra-kifer-participo-de-una-reunion-seccional-junto-al-precandidato-a-presidente-ucr-gerardo-morales\/"]}]},{"@type":"BreadcrumbList","@id":"https:\/\/www.celttv.com.ar\/index.php\/2023\/02\/24\/sandra-kifer-participo-de-una-reunion-seccional-junto-al-precandidato-a-presidente-ucr-gerardo-morales\/#breadcrumb","itemListElement":[{"@type":"ListItem","position":1,"name":"Inicio","item":"https:\/\/www.celttv.com.ar\/"},{"@type":"ListItem","position":2,"name":"Sandra Kifer particip\u00f3 de una reuni\u00f3n seccional junto al precandidato a presidente (UCR) Gerardo Morales"}]},{"@type":"WebSite","@id":"https:\/\/www.celttv.com.ar\/#website","url":"https:\/\/www.celttv.com.ar\/","name":"CELTTV","description":"Cooperativa El\u00e9ctrica de Tornquist","publisher":{"@id":"https:\/\/www.celttv.com.ar\/#organization"},"potentialAction":[{"@type":"SearchAction","target":{"@type":"EntryPoint","urlTemplate":"https:\/\/www.celttv.com.ar\/?s={search_term_string}"},"query-input":"required name=search_term_string"}],"inLanguage":"es"},{"@type":"Organization","@id":"https:\/\/www.celttv.com.ar\/#organization","name":"CELTTV","url":"https:\/\/www.celttv.com.ar\/","sameAs":["https:\/\/www.youtube.com\/channel\/UCz_oIt8Hig64Ub-EmcNPIhg","https:\/\/www.facebook.com\/celtTV\/"],"logo":{"@type":"ImageObject","inLanguage":"es","@id":"https:\/\/www.celttv.com.ar\/#\/schema\/logo\/image\/","url":"http:\/\/www.celttv.com.ar\/wp-content\/uploads\/2022\/08\/logo-1.png","contentUrl":"http:\/\/www.celttv.com.ar\/wp-content\/uploads\/2022\/08\/logo-1.png","width":461,"height":159,"caption":"CELTTV"},"image":{"@id":"https:\/\/www.celttv.com.ar\/#\/schema\/logo\/image\/"}},{"@type":"Person","@id":"https:\/\/www.celttv.com.ar\/#\/schema\/person\/495be51d064edd971d8457f8f64eb172","name":"Rodrigo Sgammini","image":{"@type":"ImageObject","inLanguage":"es","@id":"https:\/\/www.celttv.com.ar\/#\/schema\/person\/image\/","url":"https:\/\/secure.gravatar.com\/avatar\/68f7848d42735e7a9276b47cd6e606327d88f521c51ae39d88888b76902e2987?s=96&d=mm&r=g","contentUrl":"https:\/\/secure.gravatar.com\/avatar\/68f7848d42735e7a9276b47cd6e606327d88f521c51ae39d88888b76902e2987?s=96&d=mm&r=g","caption":"Rodrigo Sgammini"}}]}},"_links":{"self":[{"href":"https:\/\/www.celttv.com.ar\/index.php\/wp-json\/wp\/v2\/posts\/73819","targetHints":{"allow":["GET"]}}],"collection":[{"href":"https:\/\/www.celttv.com.ar\/index.php\/wp-json\/wp\/v2\/posts"}],"about":[{"href":"https:\/\/www.celttv.com.ar\/index.php\/wp-json\/wp\/v2\/types\/post"}],"author":[{"embeddable":true,"href":"https:\/\/www.celttv.com.ar\/index.php\/wp-json\/wp\/v2\/users\/3"}],"replies":[{"embeddable":true,"href":"https:\/\/www.celttv.com.ar\/index.php\/wp-json\/wp\/v2\/comments?post=73819"}],"version-history":[{"count":1,"href":"https:\/\/www.celttv.com.ar\/index.php\/wp-json\/wp\/v2\/posts\/73819\/revisions"}],"predecessor-version":[{"id":73823,"href":"https:\/\/www.celttv.com.ar\/index.php\/wp-json\/wp\/v2\/posts\/73819\/revisions\/73823"}],"wp:featuredmedia":[{"embeddable":true,"href":"https:\/\/www.celttv.com.ar\/index.php\/wp-json\/wp\/v2\/media\/73822"}],"wp:attachment":[{"href":"https:\/\/www.celttv.com.ar\/index.php\/wp-json\/wp\/v2\/media?parent=73819"}],"wp:term":[{"taxonomy":"category","embeddable":true,"href":"https:\/\/www.celttv.com.ar\/index.php\/wp-json\/wp\/v2\/categories?post=73819"},{"taxonomy":"post_tag","embeddable":true,"href":"https:\/\/www.celttv.com.ar\/index.php\/wp-json\/wp\/v2\/tags?post=73819"}],"curies":[{"name":"wp","href":"https:\/\/api.w.org\/{rel}","templated":true}]}}