{"id":73827,"date":"2023-02-25T18:29:27","date_gmt":"2023-02-25T21:29:27","guid":{"rendered":"http:\/\/www.celttv.com.ar\/?p=73827"},"modified":"2023-02-25T18:31:57","modified_gmt":"2023-02-25T21:31:57","slug":"73827","status":"publish","type":"post","link":"https:\/\/www.celttv.com.ar\/index.php\/2023\/02\/25\/73827\/","title":{"rendered":"Importante jornada de aparte campero en la Asociaci\u00f3n Rural de Tornquist (Video y fotos)"},"content":{"rendered":"<p>Con una jornada a pleno sol y un buen marco de p\u00fablico, se comenz\u00f3 a desarrollar este s\u00e1bado el aparte campero en el predio de la Asociaci\u00f3n Rural de Tornquist.<\/p>\n<p>Equipos del distrito y la regi\u00f3n, comenzaron a participar de la competencia, la cual culminar\u00e1 durante la ma\u00f1ana del domingo (26 de febrero).<\/p>\n<p><iframe loading=\"lazy\" title=\"2023 2 25 CLIP APARTE CAMPERO EN LA ASOCIACI\u00d3N RURAL DE TORNQUIST\" width=\"500\" height=\"281\" src=\"https:\/\/www.youtube.com\/embed\/n0x0KI-4f1c?feature=oembed\" frameborder=\"0\" allow=\"accelerometer; autoplay; clipboard-write; encrypted-media; gyroscope; picture-in-picture; web-share\" referrerpolicy=\"strict-origin-when-cross-origin\" allowfullscreen><\/iframe><\/p>\n<p><img loading=\"lazy\" decoding=\"async\" class=\"wp-image-73828 size-large\" src=\"http:\/\/www.celttv.com.ar\/wp-content\/uploads\/2023\/02\/106_9177-1024x576.jpg\" alt=\"\" width=\"1024\" height=\"576\" srcset=\"https:\/\/www.celttv.com.ar\/wp-content\/uploads\/2023\/02\/106_9177-1024x576.jpg 1024w, https:\/\/www.celttv.com.ar\/wp-content\/uploads\/2023\/02\/106_9177-300x169.jpg 300w, https:\/\/www.celttv.com.ar\/wp-content\/uploads\/2023\/02\/106_9177-768x432.jpg 768w, https:\/\/www.celttv.com.ar\/wp-content\/uploads\/2023\/02\/106_9177-1536x864.jpg 1536w, https:\/\/www.celttv.com.ar\/wp-content\/uploads\/2023\/02\/106_9177-750x422.jpg 750w, https:\/\/www.celttv.com.ar\/wp-content\/uploads\/2023\/02\/106_9177-1140x641.jpg 1140w, https:\/\/www.celttv.com.ar\/wp-content\/uploads\/2023\/02\/106_9177.jpg 1920w\" sizes=\"auto, (max-width: 1024px) 100vw, 1024px\" \/> <img loading=\"lazy\" decoding=\"async\" class=\"wp-image-73829 size-large\" src=\"http:\/\/www.celttv.com.ar\/wp-content\/uploads\/2023\/02\/106_9178-1024x576.jpg\" alt=\"\" width=\"1024\" height=\"576\" srcset=\"https:\/\/www.celttv.com.ar\/wp-content\/uploads\/2023\/02\/106_9178-1024x576.jpg 1024w, https:\/\/www.celttv.com.ar\/wp-content\/uploads\/2023\/02\/106_9178-300x169.jpg 300w, https:\/\/www.celttv.com.ar\/wp-content\/uploads\/2023\/02\/106_9178-768x432.jpg 768w, https:\/\/www.celttv.com.ar\/wp-content\/uploads\/2023\/02\/106_9178-1536x864.jpg 1536w, https:\/\/www.celttv.com.ar\/wp-content\/uploads\/2023\/02\/106_9178-750x422.jpg 750w, https:\/\/www.celttv.com.ar\/wp-content\/uploads\/2023\/02\/106_9178-1140x641.jpg 1140w, https:\/\/www.celttv.com.ar\/wp-content\/uploads\/2023\/02\/106_9178.jpg 1920w\" sizes=\"auto, (max-width: 1024px) 100vw, 1024px\" \/> <img loading=\"lazy\" decoding=\"async\" class=\"wp-image-73830 size-large\" src=\"http:\/\/www.celttv.com.ar\/wp-content\/uploads\/2023\/02\/106_9180-1024x576.jpg\" alt=\"\" width=\"1024\" height=\"576\" srcset=\"https:\/\/www.celttv.com.ar\/wp-content\/uploads\/2023\/02\/106_9180-1024x576.jpg 1024w, https:\/\/www.celttv.com.ar\/wp-content\/uploads\/2023\/02\/106_9180-300x169.jpg 300w, https:\/\/www.celttv.com.ar\/wp-content\/uploads\/2023\/02\/106_9180-768x432.jpg 768w, https:\/\/www.celttv.com.ar\/wp-content\/uploads\/2023\/02\/106_9180-1536x864.jpg 1536w, https:\/\/www.celttv.com.ar\/wp-content\/uploads\/2023\/02\/106_9180-750x422.jpg 750w, https:\/\/www.celttv.com.ar\/wp-content\/uploads\/2023\/02\/106_9180-1140x641.jpg 1140w, https:\/\/www.celttv.com.ar\/wp-content\/uploads\/2023\/02\/106_9180.jpg 1920w\" sizes=\"auto, (max-width: 1024px) 100vw, 1024px\" \/> <img loading=\"lazy\" decoding=\"async\" class=\"wp-image-73831 size-large\" src=\"http:\/\/www.celttv.com.ar\/wp-content\/uploads\/2023\/02\/106_9182-1024x576.jpg\" alt=\"\" width=\"1024\" height=\"576\" srcset=\"https:\/\/www.celttv.com.ar\/wp-content\/uploads\/2023\/02\/106_9182-1024x576.jpg 1024w, https:\/\/www.celttv.com.ar\/wp-content\/uploads\/2023\/02\/106_9182-300x169.jpg 300w, https:\/\/www.celttv.com.ar\/wp-content\/uploads\/2023\/02\/106_9182-768x432.jpg 768w, https:\/\/www.celttv.com.ar\/wp-content\/uploads\/2023\/02\/106_9182-1536x864.jpg 1536w, https:\/\/www.celttv.com.ar\/wp-content\/uploads\/2023\/02\/106_9182-750x422.jpg 750w, https:\/\/www.celttv.com.ar\/wp-content\/uploads\/2023\/02\/106_9182-1140x641.jpg 1140w, https:\/\/www.celttv.com.ar\/wp-content\/uploads\/2023\/02\/106_9182.jpg 1920w\" sizes=\"auto, (max-width: 1024px) 100vw, 1024px\" \/> <img loading=\"lazy\" decoding=\"async\" class=\"wp-image-73832 size-large\" src=\"http:\/\/www.celttv.com.ar\/wp-content\/uploads\/2023\/02\/106_9183-1024x576.jpg\" alt=\"\" width=\"1024\" height=\"576\" srcset=\"https:\/\/www.celttv.com.ar\/wp-content\/uploads\/2023\/02\/106_9183-1024x576.jpg 1024w, https:\/\/www.celttv.com.ar\/wp-content\/uploads\/2023\/02\/106_9183-300x169.jpg 300w, https:\/\/www.celttv.com.ar\/wp-content\/uploads\/2023\/02\/106_9183-768x432.jpg 768w, https:\/\/www.celttv.com.ar\/wp-content\/uploads\/2023\/02\/106_9183-1536x864.jpg 1536w, https:\/\/www.celttv.com.ar\/wp-content\/uploads\/2023\/02\/106_9183-750x422.jpg 750w, https:\/\/www.celttv.com.ar\/wp-content\/uploads\/2023\/02\/106_9183-1140x641.jpg 1140w, https:\/\/www.celttv.com.ar\/wp-content\/uploads\/2023\/02\/106_9183.jpg 1920w\" sizes=\"auto, (max-width: 1024px) 100vw, 1024px\" \/> <img loading=\"lazy\" decoding=\"async\" class=\"wp-image-73833 size-large\" src=\"http:\/\/www.celttv.com.ar\/wp-content\/uploads\/2023\/02\/106_9186-1024x576.jpg\" alt=\"\" width=\"1024\" height=\"576\" srcset=\"https:\/\/www.celttv.com.ar\/wp-content\/uploads\/2023\/02\/106_9186-1024x576.jpg 1024w, https:\/\/www.celttv.com.ar\/wp-content\/uploads\/2023\/02\/106_9186-300x169.jpg 300w, https:\/\/www.celttv.com.ar\/wp-content\/uploads\/2023\/02\/106_9186-768x432.jpg 768w, https:\/\/www.celttv.com.ar\/wp-content\/uploads\/2023\/02\/106_9186-1536x864.jpg 1536w, https:\/\/www.celttv.com.ar\/wp-content\/uploads\/2023\/02\/106_9186-750x422.jpg 750w, https:\/\/www.celttv.com.ar\/wp-content\/uploads\/2023\/02\/106_9186-1140x641.jpg 1140w, https:\/\/www.celttv.com.ar\/wp-content\/uploads\/2023\/02\/106_9186.jpg 1920w\" sizes=\"auto, (max-width: 1024px) 100vw, 1024px\" \/> <img loading=\"lazy\" decoding=\"async\" class=\"wp-image-73834 size-large\" src=\"http:\/\/www.celttv.com.ar\/wp-content\/uploads\/2023\/02\/106_9187-1024x576.jpg\" alt=\"\" width=\"1024\" height=\"576\" srcset=\"https:\/\/www.celttv.com.ar\/wp-content\/uploads\/2023\/02\/106_9187-1024x576.jpg 1024w, https:\/\/www.celttv.com.ar\/wp-content\/uploads\/2023\/02\/106_9187-300x169.jpg 300w, https:\/\/www.celttv.com.ar\/wp-content\/uploads\/2023\/02\/106_9187-768x432.jpg 768w, https:\/\/www.celttv.com.ar\/wp-content\/uploads\/2023\/02\/106_9187-1536x864.jpg 1536w, https:\/\/www.celttv.com.ar\/wp-content\/uploads\/2023\/02\/106_9187-750x422.jpg 750w, https:\/\/www.celttv.com.ar\/wp-content\/uploads\/2023\/02\/106_9187-1140x641.jpg 1140w, https:\/\/www.celttv.com.ar\/wp-content\/uploads\/2023\/02\/106_9187.jpg 1920w\" sizes=\"auto, (max-width: 1024px) 100vw, 1024px\" \/> <img loading=\"lazy\" decoding=\"async\" class=\"wp-image-73836 size-large\" src=\"http:\/\/www.celttv.com.ar\/wp-content\/uploads\/2023\/02\/106_9191-1024x576.jpg\" alt=\"\" width=\"1024\" height=\"576\" srcset=\"https:\/\/www.celttv.com.ar\/wp-content\/uploads\/2023\/02\/106_9191-1024x576.jpg 1024w, https:\/\/www.celttv.com.ar\/wp-content\/uploads\/2023\/02\/106_9191-300x169.jpg 300w, https:\/\/www.celttv.com.ar\/wp-content\/uploads\/2023\/02\/106_9191-768x432.jpg 768w, https:\/\/www.celttv.com.ar\/wp-content\/uploads\/2023\/02\/106_9191-1536x864.jpg 1536w, https:\/\/www.celttv.com.ar\/wp-content\/uploads\/2023\/02\/106_9191-750x422.jpg 750w, https:\/\/www.celttv.com.ar\/wp-content\/uploads\/2023\/02\/106_9191-1140x641.jpg 1140w, https:\/\/www.celttv.com.ar\/wp-content\/uploads\/2023\/02\/106_9191.jpg 1920w\" sizes=\"auto, (max-width: 1024px) 100vw, 1024px\" \/> <img loading=\"lazy\" decoding=\"async\" class=\"wp-image-73837 size-large\" src=\"http:\/\/www.celttv.com.ar\/wp-content\/uploads\/2023\/02\/106_9192-1024x576.jpg\" alt=\"\" width=\"1024\" height=\"576\" srcset=\"https:\/\/www.celttv.com.ar\/wp-content\/uploads\/2023\/02\/106_9192-1024x576.jpg 1024w, https:\/\/www.celttv.com.ar\/wp-content\/uploads\/2023\/02\/106_9192-300x169.jpg 300w, https:\/\/www.celttv.com.ar\/wp-content\/uploads\/2023\/02\/106_9192-768x432.jpg 768w, https:\/\/www.celttv.com.ar\/wp-content\/uploads\/2023\/02\/106_9192-1536x864.jpg 1536w, https:\/\/www.celttv.com.ar\/wp-content\/uploads\/2023\/02\/106_9192-750x422.jpg 750w, https:\/\/www.celttv.com.ar\/wp-content\/uploads\/2023\/02\/106_9192-1140x641.jpg 1140w, https:\/\/www.celttv.com.ar\/wp-content\/uploads\/2023\/02\/106_9192.jpg 1920w\" sizes=\"auto, (max-width: 1024px) 100vw, 1024px\" \/> <img loading=\"lazy\" decoding=\"async\" class=\"wp-image-73839 size-large\" src=\"http:\/\/www.celttv.com.ar\/wp-content\/uploads\/2023\/02\/106_9194-1024x576.jpg\" alt=\"\" width=\"1024\" height=\"576\" srcset=\"https:\/\/www.celttv.com.ar\/wp-content\/uploads\/2023\/02\/106_9194-1024x576.jpg 1024w, https:\/\/www.celttv.com.ar\/wp-content\/uploads\/2023\/02\/106_9194-300x169.jpg 300w, https:\/\/www.celttv.com.ar\/wp-content\/uploads\/2023\/02\/106_9194-768x432.jpg 768w, https:\/\/www.celttv.com.ar\/wp-content\/uploads\/2023\/02\/106_9194-1536x864.jpg 1536w, https:\/\/www.celttv.com.ar\/wp-content\/uploads\/2023\/02\/106_9194-750x422.jpg 750w, https:\/\/www.celttv.com.ar\/wp-content\/uploads\/2023\/02\/106_9194-1140x641.jpg 1140w, https:\/\/www.celttv.com.ar\/wp-content\/uploads\/2023\/02\/106_9194.jpg 1920w\" sizes=\"auto, (max-width: 1024px) 100vw, 1024px\" \/> <img loading=\"lazy\" decoding=\"async\" class=\"wp-image-73840 size-large\" src=\"http:\/\/www.celttv.com.ar\/wp-content\/uploads\/2023\/02\/106_9198-1024x576.jpg\" alt=\"\" width=\"1024\" height=\"576\" srcset=\"https:\/\/www.celttv.com.ar\/wp-content\/uploads\/2023\/02\/106_9198-1024x576.jpg 1024w, https:\/\/www.celttv.com.ar\/wp-content\/uploads\/2023\/02\/106_9198-300x169.jpg 300w, https:\/\/www.celttv.com.ar\/wp-content\/uploads\/2023\/02\/106_9198-768x432.jpg 768w, https:\/\/www.celttv.com.ar\/wp-content\/uploads\/2023\/02\/106_9198-1536x864.jpg 1536w, https:\/\/www.celttv.com.ar\/wp-content\/uploads\/2023\/02\/106_9198-750x422.jpg 750w, https:\/\/www.celttv.com.ar\/wp-content\/uploads\/2023\/02\/106_9198-1140x641.jpg 1140w, https:\/\/www.celttv.com.ar\/wp-content\/uploads\/2023\/02\/106_9198.jpg 1920w\" sizes=\"auto, (max-width: 1024px) 100vw, 1024px\" \/> <img loading=\"lazy\" decoding=\"async\" class=\"wp-image-73841 size-large\" src=\"http:\/\/www.celttv.com.ar\/wp-content\/uploads\/2023\/02\/106_9204-1024x576.jpg\" alt=\"\" width=\"1024\" height=\"576\" srcset=\"https:\/\/www.celttv.com.ar\/wp-content\/uploads\/2023\/02\/106_9204-1024x576.jpg 1024w, https:\/\/www.celttv.com.ar\/wp-content\/uploads\/2023\/02\/106_9204-300x169.jpg 300w, https:\/\/www.celttv.com.ar\/wp-content\/uploads\/2023\/02\/106_9204-768x432.jpg 768w, https:\/\/www.celttv.com.ar\/wp-content\/uploads\/2023\/02\/106_9204-1536x864.jpg 1536w, https:\/\/www.celttv.com.ar\/wp-content\/uploads\/2023\/02\/106_9204-750x422.jpg 750w, https:\/\/www.celttv.com.ar\/wp-content\/uploads\/2023\/02\/106_9204-1140x641.jpg 1140w, https:\/\/www.celttv.com.ar\/wp-content\/uploads\/2023\/02\/106_9204.jpg 1920w\" sizes=\"auto, (max-width: 1024px) 100vw, 1024px\" \/><\/p>\n","protected":false},"excerpt":{"rendered":"<p>Con una jornada a pleno sol y un buen marco de p\u00fablico, se comenz\u00f3 a desarrollar este s\u00e1bado el aparte campero en el predio de la Asociaci\u00f3n Rural de Tornquist. Equipos del distrito y la regi\u00f3n, comenzaron a participar de la competencia, la cual culminar\u00e1 durante la ma\u00f1ana del domingo (26 de febrero).<\/p>\n","protected":false},"author":3,"featured_media":73840,"comment_status":"closed","ping_status":"closed","sticky":false,"template":"","format":"standard","meta":{"footnotes":""},"categories":[55],"tags":[],"class_list":["post-73827","post","type-post","status-publish","format-standard","has-post-thumbnail","hentry","category-celt-tv-noticias"],"yoast_head":"<!-- This site is optimized with the Yoast SEO plugin v19.7.1 - https:\/\/yoast.com\/wordpress\/plugins\/seo\/ -->\n<title>Importante jornada de aparte campero en la Asociaci\u00f3n Rural de Tornquist (Video y fotos) - CELTTV<\/title>\n<meta name=\"description\" content=\"Sitio web de noticias de la localidad de Tornquist, provincia de Buenos Aires, Rep\u00fablica Argentina. Contenido propio originado por periodistas de CELTTV, el canal de TV local de la Cooperativa El\u00e9ctrica de Tornquist. Turismo, Pol\u00edtica, Sociedad, Deporte, Cultura y todo el contenido de inter\u00e9s general que la gente del pueblo y la regi\u00f3n debe conocer.\" \/>\n<meta name=\"robots\" content=\"index, follow, max-snippet:-1, max-image-preview:large, max-video-preview:-1\" \/>\n<link rel=\"canonical\" href=\"https:\/\/www.celttv.com.ar\/index.php\/2023\/02\/25\/73827\/\" \/>\n<meta property=\"og:locale\" content=\"es_ES\" \/>\n<meta property=\"og:type\" content=\"article\" \/>\n<meta property=\"og:title\" content=\"Importante jornada de aparte campero en la Asociaci\u00f3n Rural de Tornquist (Video y fotos) - CELTTV\" \/>\n<meta property=\"og:description\" content=\"Sitio web de noticias de la localidad de Tornquist, provincia de Buenos Aires, Rep\u00fablica Argentina. Contenido propio originado por periodistas de CELTTV, el canal de TV local de la Cooperativa El\u00e9ctrica de Tornquist. Turismo, Pol\u00edtica, Sociedad, Deporte, Cultura y todo el contenido de inter\u00e9s general que la gente del pueblo y la regi\u00f3n debe conocer.\" \/>\n<meta property=\"og:url\" content=\"https:\/\/www.celttv.com.ar\/index.php\/2023\/02\/25\/73827\/\" \/>\n<meta property=\"og:site_name\" content=\"CELTTV\" \/>\n<meta property=\"article:publisher\" content=\"https:\/\/www.facebook.com\/celtTV\/\" \/>\n<meta property=\"article:published_time\" content=\"2023-02-25T21:29:27+00:00\" \/>\n<meta property=\"article:modified_time\" content=\"2023-02-25T21:31:57+00:00\" \/>\n<meta property=\"og:image\" content=\"https:\/\/www.celttv.com.ar\/wp-content\/uploads\/2023\/02\/106_9198.jpg\" \/>\n\t<meta property=\"og:image:width\" content=\"1920\" \/>\n\t<meta property=\"og:image:height\" content=\"1080\" \/>\n\t<meta property=\"og:image:type\" content=\"image\/jpeg\" \/>\n<meta name=\"author\" content=\"Rodrigo Sgammini\" \/>\n<meta name=\"twitter:card\" content=\"summary_large_image\" \/>\n<meta name=\"twitter:label1\" content=\"Escrito por\" \/>\n\t<meta name=\"twitter:data1\" content=\"Rodrigo Sgammini\" \/>\n<script type=\"application\/ld+json\" class=\"yoast-schema-graph\">{\"@context\":\"https:\/\/schema.org\",\"@graph\":[{\"@type\":\"NewsArticle\",\"@id\":\"https:\/\/www.celttv.com.ar\/index.php\/2023\/02\/25\/73827\/#article\",\"isPartOf\":{\"@id\":\"https:\/\/www.celttv.com.ar\/index.php\/2023\/02\/25\/73827\/\"},\"author\":{\"name\":\"Rodrigo Sgammini\",\"@id\":\"https:\/\/www.celttv.com.ar\/#\/schema\/person\/495be51d064edd971d8457f8f64eb172\"},\"headline\":\"Importante jornada de aparte campero en la Asociaci\u00f3n Rural de Tornquist (Video y fotos)\",\"datePublished\":\"2023-02-25T21:29:27+00:00\",\"dateModified\":\"2023-02-25T21:31:57+00:00\",\"mainEntityOfPage\":{\"@id\":\"https:\/\/www.celttv.com.ar\/index.php\/2023\/02\/25\/73827\/\"},\"wordCount\":80,\"publisher\":{\"@id\":\"https:\/\/www.celttv.com.ar\/#organization\"},\"articleSection\":[\"Celt TV Noticias\"],\"inLanguage\":\"es\"},{\"@type\":\"WebPage\",\"@id\":\"https:\/\/www.celttv.com.ar\/index.php\/2023\/02\/25\/73827\/\",\"url\":\"https:\/\/www.celttv.com.ar\/index.php\/2023\/02\/25\/73827\/\",\"name\":\"Importante jornada de aparte campero en la Asociaci\u00f3n Rural de Tornquist (Video y fotos) - CELTTV\",\"isPartOf\":{\"@id\":\"https:\/\/www.celttv.com.ar\/#website\"},\"datePublished\":\"2023-02-25T21:29:27+00:00\",\"dateModified\":\"2023-02-25T21:31:57+00:00\",\"description\":\"Sitio web de noticias de la localidad de Tornquist, provincia de Buenos Aires, Rep\u00fablica Argentina. Contenido propio originado por periodistas de CELTTV, el canal de TV local de la Cooperativa El\u00e9ctrica de Tornquist. Turismo, Pol\u00edtica, Sociedad, Deporte, Cultura y todo el contenido de inter\u00e9s general que la gente del pueblo y la regi\u00f3n debe conocer.\",\"breadcrumb\":{\"@id\":\"https:\/\/www.celttv.com.ar\/index.php\/2023\/02\/25\/73827\/#breadcrumb\"},\"inLanguage\":\"es\",\"potentialAction\":[{\"@type\":\"ReadAction\",\"target\":[\"https:\/\/www.celttv.com.ar\/index.php\/2023\/02\/25\/73827\/\"]}]},{\"@type\":\"BreadcrumbList\",\"@id\":\"https:\/\/www.celttv.com.ar\/index.php\/2023\/02\/25\/73827\/#breadcrumb\",\"itemListElement\":[{\"@type\":\"ListItem\",\"position\":1,\"name\":\"Inicio\",\"item\":\"https:\/\/www.celttv.com.ar\/\"},{\"@type\":\"ListItem\",\"position\":2,\"name\":\"Importante jornada de aparte campero en la Asociaci\u00f3n Rural de Tornquist (Video y fotos)\"}]},{\"@type\":\"WebSite\",\"@id\":\"https:\/\/www.celttv.com.ar\/#website\",\"url\":\"https:\/\/www.celttv.com.ar\/\",\"name\":\"CELTTV\",\"description\":\"Cooperativa El\u00e9ctrica de Tornquist\",\"publisher\":{\"@id\":\"https:\/\/www.celttv.com.ar\/#organization\"},\"potentialAction\":[{\"@type\":\"SearchAction\",\"target\":{\"@type\":\"EntryPoint\",\"urlTemplate\":\"https:\/\/www.celttv.com.ar\/?s={search_term_string}\"},\"query-input\":\"required name=search_term_string\"}],\"inLanguage\":\"es\"},{\"@type\":\"Organization\",\"@id\":\"https:\/\/www.celttv.com.ar\/#organization\",\"name\":\"CELTTV\",\"url\":\"https:\/\/www.celttv.com.ar\/\",\"sameAs\":[\"https:\/\/www.youtube.com\/channel\/UCz_oIt8Hig64Ub-EmcNPIhg\",\"https:\/\/www.facebook.com\/celtTV\/\"],\"logo\":{\"@type\":\"ImageObject\",\"inLanguage\":\"es\",\"@id\":\"https:\/\/www.celttv.com.ar\/#\/schema\/logo\/image\/\",\"url\":\"http:\/\/www.celttv.com.ar\/wp-content\/uploads\/2022\/08\/logo-1.png\",\"contentUrl\":\"http:\/\/www.celttv.com.ar\/wp-content\/uploads\/2022\/08\/logo-1.png\",\"width\":461,\"height\":159,\"caption\":\"CELTTV\"},\"image\":{\"@id\":\"https:\/\/www.celttv.com.ar\/#\/schema\/logo\/image\/\"}},{\"@type\":\"Person\",\"@id\":\"https:\/\/www.celttv.com.ar\/#\/schema\/person\/495be51d064edd971d8457f8f64eb172\",\"name\":\"Rodrigo Sgammini\",\"image\":{\"@type\":\"ImageObject\",\"inLanguage\":\"es\",\"@id\":\"https:\/\/www.celttv.com.ar\/#\/schema\/person\/image\/\",\"url\":\"https:\/\/secure.gravatar.com\/avatar\/68f7848d42735e7a9276b47cd6e606327d88f521c51ae39d88888b76902e2987?s=96&d=mm&r=g\",\"contentUrl\":\"https:\/\/secure.gravatar.com\/avatar\/68f7848d42735e7a9276b47cd6e606327d88f521c51ae39d88888b76902e2987?s=96&d=mm&r=g\",\"caption\":\"Rodrigo Sgammini\"}}]}<\/script>\n<!-- \/ Yoast SEO plugin. -->","yoast_head_json":{"title":"Importante jornada de aparte campero en la Asociaci\u00f3n Rural de Tornquist (Video y fotos) - CELTTV","description":"Sitio web de noticias de la localidad de Tornquist, provincia de Buenos Aires, Rep\u00fablica Argentina. Contenido propio originado por periodistas de CELTTV, el canal de TV local de la Cooperativa El\u00e9ctrica de Tornquist. Turismo, Pol\u00edtica, Sociedad, Deporte, Cultura y todo el contenido de inter\u00e9s general que la gente del pueblo y la regi\u00f3n debe conocer.","robots":{"index":"index","follow":"follow","max-snippet":"max-snippet:-1","max-image-preview":"max-image-preview:large","max-video-preview":"max-video-preview:-1"},"canonical":"https:\/\/www.celttv.com.ar\/index.php\/2023\/02\/25\/73827\/","og_locale":"es_ES","og_type":"article","og_title":"Importante jornada de aparte campero en la Asociaci\u00f3n Rural de Tornquist (Video y fotos) - CELTTV","og_description":"Sitio web de noticias de la localidad de Tornquist, provincia de Buenos Aires, Rep\u00fablica Argentina. Contenido propio originado por periodistas de CELTTV, el canal de TV local de la Cooperativa El\u00e9ctrica de Tornquist. Turismo, Pol\u00edtica, Sociedad, Deporte, Cultura y todo el contenido de inter\u00e9s general que la gente del pueblo y la regi\u00f3n debe conocer.","og_url":"https:\/\/www.celttv.com.ar\/index.php\/2023\/02\/25\/73827\/","og_site_name":"CELTTV","article_publisher":"https:\/\/www.facebook.com\/celtTV\/","article_published_time":"2023-02-25T21:29:27+00:00","article_modified_time":"2023-02-25T21:31:57+00:00","og_image":[{"width":1920,"height":1080,"url":"https:\/\/www.celttv.com.ar\/wp-content\/uploads\/2023\/02\/106_9198.jpg","type":"image\/jpeg"}],"author":"Rodrigo Sgammini","twitter_card":"summary_large_image","twitter_misc":{"Escrito por":"Rodrigo Sgammini"},"schema":{"@context":"https:\/\/schema.org","@graph":[{"@type":"NewsArticle","@id":"https:\/\/www.celttv.com.ar\/index.php\/2023\/02\/25\/73827\/#article","isPartOf":{"@id":"https:\/\/www.celttv.com.ar\/index.php\/2023\/02\/25\/73827\/"},"author":{"name":"Rodrigo Sgammini","@id":"https:\/\/www.celttv.com.ar\/#\/schema\/person\/495be51d064edd971d8457f8f64eb172"},"headline":"Importante jornada de aparte campero en la Asociaci\u00f3n Rural de Tornquist (Video y fotos)","datePublished":"2023-02-25T21:29:27+00:00","dateModified":"2023-02-25T21:31:57+00:00","mainEntityOfPage":{"@id":"https:\/\/www.celttv.com.ar\/index.php\/2023\/02\/25\/73827\/"},"wordCount":80,"publisher":{"@id":"https:\/\/www.celttv.com.ar\/#organization"},"articleSection":["Celt TV Noticias"],"inLanguage":"es"},{"@type":"WebPage","@id":"https:\/\/www.celttv.com.ar\/index.php\/2023\/02\/25\/73827\/","url":"https:\/\/www.celttv.com.ar\/index.php\/2023\/02\/25\/73827\/","name":"Importante jornada de aparte campero en la Asociaci\u00f3n Rural de Tornquist (Video y fotos) - CELTTV","isPartOf":{"@id":"https:\/\/www.celttv.com.ar\/#website"},"datePublished":"2023-02-25T21:29:27+00:00","dateModified":"2023-02-25T21:31:57+00:00","description":"Sitio web de noticias de la localidad de Tornquist, provincia de Buenos Aires, Rep\u00fablica Argentina. Contenido propio originado por periodistas de CELTTV, el canal de TV local de la Cooperativa El\u00e9ctrica de Tornquist. Turismo, Pol\u00edtica, Sociedad, Deporte, Cultura y todo el contenido de inter\u00e9s general que la gente del pueblo y la regi\u00f3n debe conocer.","breadcrumb":{"@id":"https:\/\/www.celttv.com.ar\/index.php\/2023\/02\/25\/73827\/#breadcrumb"},"inLanguage":"es","potentialAction":[{"@type":"ReadAction","target":["https:\/\/www.celttv.com.ar\/index.php\/2023\/02\/25\/73827\/"]}]},{"@type":"BreadcrumbList","@id":"https:\/\/www.celttv.com.ar\/index.php\/2023\/02\/25\/73827\/#breadcrumb","itemListElement":[{"@type":"ListItem","position":1,"name":"Inicio","item":"https:\/\/www.celttv.com.ar\/"},{"@type":"ListItem","position":2,"name":"Importante jornada de aparte campero en la Asociaci\u00f3n Rural de Tornquist (Video y fotos)"}]},{"@type":"WebSite","@id":"https:\/\/www.celttv.com.ar\/#website","url":"https:\/\/www.celttv.com.ar\/","name":"CELTTV","description":"Cooperativa El\u00e9ctrica de Tornquist","publisher":{"@id":"https:\/\/www.celttv.com.ar\/#organization"},"potentialAction":[{"@type":"SearchAction","target":{"@type":"EntryPoint","urlTemplate":"https:\/\/www.celttv.com.ar\/?s={search_term_string}"},"query-input":"required name=search_term_string"}],"inLanguage":"es"},{"@type":"Organization","@id":"https:\/\/www.celttv.com.ar\/#organization","name":"CELTTV","url":"https:\/\/www.celttv.com.ar\/","sameAs":["https:\/\/www.youtube.com\/channel\/UCz_oIt8Hig64Ub-EmcNPIhg","https:\/\/www.facebook.com\/celtTV\/"],"logo":{"@type":"ImageObject","inLanguage":"es","@id":"https:\/\/www.celttv.com.ar\/#\/schema\/logo\/image\/","url":"http:\/\/www.celttv.com.ar\/wp-content\/uploads\/2022\/08\/logo-1.png","contentUrl":"http:\/\/www.celttv.com.ar\/wp-content\/uploads\/2022\/08\/logo-1.png","width":461,"height":159,"caption":"CELTTV"},"image":{"@id":"https:\/\/www.celttv.com.ar\/#\/schema\/logo\/image\/"}},{"@type":"Person","@id":"https:\/\/www.celttv.com.ar\/#\/schema\/person\/495be51d064edd971d8457f8f64eb172","name":"Rodrigo Sgammini","image":{"@type":"ImageObject","inLanguage":"es","@id":"https:\/\/www.celttv.com.ar\/#\/schema\/person\/image\/","url":"https:\/\/secure.gravatar.com\/avatar\/68f7848d42735e7a9276b47cd6e606327d88f521c51ae39d88888b76902e2987?s=96&d=mm&r=g","contentUrl":"https:\/\/secure.gravatar.com\/avatar\/68f7848d42735e7a9276b47cd6e606327d88f521c51ae39d88888b76902e2987?s=96&d=mm&r=g","caption":"Rodrigo Sgammini"}}]}},"_links":{"self":[{"href":"https:\/\/www.celttv.com.ar\/index.php\/wp-json\/wp\/v2\/posts\/73827","targetHints":{"allow":["GET"]}}],"collection":[{"href":"https:\/\/www.celttv.com.ar\/index.php\/wp-json\/wp\/v2\/posts"}],"about":[{"href":"https:\/\/www.celttv.com.ar\/index.php\/wp-json\/wp\/v2\/types\/post"}],"author":[{"embeddable":true,"href":"https:\/\/www.celttv.com.ar\/index.php\/wp-json\/wp\/v2\/users\/3"}],"replies":[{"embeddable":true,"href":"https:\/\/www.celttv.com.ar\/index.php\/wp-json\/wp\/v2\/comments?post=73827"}],"version-history":[{"count":5,"href":"https:\/\/www.celttv.com.ar\/index.php\/wp-json\/wp\/v2\/posts\/73827\/revisions"}],"predecessor-version":[{"id":73847,"href":"https:\/\/www.celttv.com.ar\/index.php\/wp-json\/wp\/v2\/posts\/73827\/revisions\/73847"}],"wp:featuredmedia":[{"embeddable":true,"href":"https:\/\/www.celttv.com.ar\/index.php\/wp-json\/wp\/v2\/media\/73840"}],"wp:attachment":[{"href":"https:\/\/www.celttv.com.ar\/index.php\/wp-json\/wp\/v2\/media?parent=73827"}],"wp:term":[{"taxonomy":"category","embeddable":true,"href":"https:\/\/www.celttv.com.ar\/index.php\/wp-json\/wp\/v2\/categories?post=73827"},{"taxonomy":"post_tag","embeddable":true,"href":"https:\/\/www.celttv.com.ar\/index.php\/wp-json\/wp\/v2\/tags?post=73827"}],"curies":[{"name":"wp","href":"https:\/\/api.w.org\/{rel}","templated":true}]}}