{"id":73848,"date":"2023-02-25T22:06:57","date_gmt":"2023-02-26T01:06:57","guid":{"rendered":"http:\/\/www.celttv.com.ar\/?p=73848"},"modified":"2023-02-25T22:06:57","modified_gmt":"2023-02-26T01:06:57","slug":"ritondo-tras-las-paso-hay-que-seguir-juntos-porque-el-adversario-es-el-kirchnerismo","status":"publish","type":"post","link":"https:\/\/www.celttv.com.ar\/index.php\/2023\/02\/25\/ritondo-tras-las-paso-hay-que-seguir-juntos-porque-el-adversario-es-el-kirchnerismo\/","title":{"rendered":"Ritondo: &#8220;Tras las PASO hay que seguir juntos porque el adversario es el kirchnerismo&#8221;"},"content":{"rendered":"<div>Cristian Ritondo, precandidato a gobernador de Buenos Aires, contin\u00faa visitando las distintas localidades bonaerenses Junto a los referentes locales de cada distrito con quienes se acerca a los vecinos y a distintos emprendimientos productivos.<\/div>\n<div>Durante la jornada, Ritondo realiz\u00f3 las siguientes declaraciones: &#8220;Quiero ser el candidato del Pro que Vidal, Bullrich o Macri elijan para encabezar la boleta a nivel nacional. En Bah\u00eda mi candidato a intendente es Emiliano \u00c1lvarez Porte pero tambi\u00e9n quiero resaltar que Lorenzo Natali,\u00a0 viene de hacer una gran elecci\u00f3n legislativa en 2021&#8221;.<\/div>\n<div>Consultado por la situaci\u00f3n interna de Juntos y el desgaste dijo: &#8220;lo que tengo claro es que una vez que sucedan las PASO tenemos que seguir con la coalici\u00f3n y entender que el adversario es el kirchnerismo. Ese es el espacio que representa las escuelas cerradas, la inflaci\u00f3n del 100 %, los que est\u00e1n del lado de los delincuentes, los aumentos de impuestos y los conflictos con el campo. Nuestra discusi\u00f3n interna es quien representa los valores de Juntos, para luego saber c\u00f3mo vamos a gobernar para terminar con la Argentina de la decadencia, de la inflaci\u00f3n y de la que tenemos hoy en que 7 de cada 10 chicos de la provincia son pobres. Tenemos problemas con el agua, con la creciente inseguridad y un notable atraso en infraestructura que lleva a la Provincia a estar mucho peor que en 2015, La intenci\u00f3n es recuperar la potencia productiva, el trabajo y la educaci\u00f3n. Los problemas que enfrentamos tiene soluci\u00f3n y tenemos que convertir un territorio inviable en envidiable, pero para ello hay que tener decisi\u00f3n pol\u00edtica&#8221;.<\/div>\n<div><\/div>\n<div>Con la idea de intercambiar opiniones y propuestas para el armado de una agenda de temas concreta, Ritondo, junto a Alejandro Finocchiaro, diputado nacional\u00a0 y precandidato a intendente por La Matanza, y el diputado provincial Matias Ranzini, visit\u00f3 Bah\u00eda Blanca, Tornquist, Coronel Dorrego y Monte Hermoso, ciudades de la denominada sexta secci\u00f3n electoral.<\/div>\n<div>En Bah\u00eda fue recibido a la ma\u00f1ana por el Diputado Provincial Lorenzo Natali y visit\u00f3 tambi\u00e9n durante la tarde el multimedios local La Nueva.<\/div>\n<div>En Tornquist recorri\u00f3 diferentes emprendimientos como \u201cAlimentos Balanceados Crecer SA\u201d y tambi\u00e9n la Cooperativa Limitada &#8220;Coprosur&#8221; para interiorizarse de su producci\u00f3n y econom\u00eda. Junto al precandidato a intendente y actual concejal del distrito, Sebasti\u00e1n Bassi trataron principalmente problem\u00e1ticas de *Vivienda,\u00a0 H\u00e1bitat, Medio Ambiente y Seguridad*. Adem\u00e1s, cumpliendo su promesa, hizo un alto en el Parador del Cerro Ventana, donde analizaron la realizaci\u00f3n de una ciclov\u00eda sustentable que recorra Tornquist &#8211; Saldungaray.<\/div>\n<div>En Coronel Dorrego lleg\u00f3 hasta la aceitera de olivos \u201cFinca Don Nicol\u00e1s\u201d, en compa\u00f1\u00eda del dirigente del PRO, Ariel Rodriguez, Coordinador de pol\u00edticas de salud.<\/div>\n<div>Finalmente, en Monte Hermoso se realiz\u00f3 un plenario con la presencia del anfitri\u00f3n, el concejal Victorio Dupuy, el intendente de Carmen de Patagones, Jos\u00e9 Zara y representantes seccionales de Tornquist, Bah\u00eda Blanca, Coronel Su\u00e1rez, Coronel Dorrego, Laprida, Gonz\u00e1lez Chaves, Villarino y Tres Arroyos. Finalizando la jornada, en el parador \u201cLas Huellas\u201d,\u00a0 se atendi\u00f3 a los medios de prensa presentes.<\/div>\n<div><img loading=\"lazy\" decoding=\"async\" class=\"alignnone wp-image-73849 size-large\" src=\"http:\/\/www.celttv.com.ar\/wp-content\/uploads\/2023\/02\/IMG-20230225-WA0001-1024x465.jpg\" alt=\"\" width=\"1024\" height=\"465\" srcset=\"https:\/\/www.celttv.com.ar\/wp-content\/uploads\/2023\/02\/IMG-20230225-WA0001-1024x465.jpg 1024w, https:\/\/www.celttv.com.ar\/wp-content\/uploads\/2023\/02\/IMG-20230225-WA0001-300x136.jpg 300w, https:\/\/www.celttv.com.ar\/wp-content\/uploads\/2023\/02\/IMG-20230225-WA0001-768x349.jpg 768w, https:\/\/www.celttv.com.ar\/wp-content\/uploads\/2023\/02\/IMG-20230225-WA0001-750x341.jpg 750w, https:\/\/www.celttv.com.ar\/wp-content\/uploads\/2023\/02\/IMG-20230225-WA0001-1140x518.jpg 1140w, https:\/\/www.celttv.com.ar\/wp-content\/uploads\/2023\/02\/IMG-20230225-WA0001.jpg 1154w\" sizes=\"auto, (max-width: 1024px) 100vw, 1024px\" \/> <img loading=\"lazy\" decoding=\"async\" class=\"alignnone wp-image-73850 size-large\" src=\"http:\/\/www.celttv.com.ar\/wp-content\/uploads\/2023\/02\/IMG-20230225-WA0002-1024x419.jpg\" alt=\"\" width=\"1024\" height=\"419\" srcset=\"https:\/\/www.celttv.com.ar\/wp-content\/uploads\/2023\/02\/IMG-20230225-WA0002-1024x419.jpg 1024w, https:\/\/www.celttv.com.ar\/wp-content\/uploads\/2023\/02\/IMG-20230225-WA0002-300x123.jpg 300w, https:\/\/www.celttv.com.ar\/wp-content\/uploads\/2023\/02\/IMG-20230225-WA0002-768x314.jpg 768w, https:\/\/www.celttv.com.ar\/wp-content\/uploads\/2023\/02\/IMG-20230225-WA0002-1536x629.jpg 1536w, https:\/\/www.celttv.com.ar\/wp-content\/uploads\/2023\/02\/IMG-20230225-WA0002-750x307.jpg 750w, https:\/\/www.celttv.com.ar\/wp-content\/uploads\/2023\/02\/IMG-20230225-WA0002-1140x467.jpg 1140w, https:\/\/www.celttv.com.ar\/wp-content\/uploads\/2023\/02\/IMG-20230225-WA0002.jpg 1600w\" sizes=\"auto, (max-width: 1024px) 100vw, 1024px\" \/> <img loading=\"lazy\" decoding=\"async\" class=\"alignnone wp-image-73851 size-large\" src=\"http:\/\/www.celttv.com.ar\/wp-content\/uploads\/2023\/02\/IMG-20230225-WA0003-1024x768.jpg\" alt=\"\" width=\"1024\" height=\"768\" srcset=\"https:\/\/www.celttv.com.ar\/wp-content\/uploads\/2023\/02\/IMG-20230225-WA0003-1024x768.jpg 1024w, https:\/\/www.celttv.com.ar\/wp-content\/uploads\/2023\/02\/IMG-20230225-WA0003-300x225.jpg 300w, https:\/\/www.celttv.com.ar\/wp-content\/uploads\/2023\/02\/IMG-20230225-WA0003-768x576.jpg 768w, https:\/\/www.celttv.com.ar\/wp-content\/uploads\/2023\/02\/IMG-20230225-WA0003-1536x1152.jpg 1536w, https:\/\/www.celttv.com.ar\/wp-content\/uploads\/2023\/02\/IMG-20230225-WA0003-750x563.jpg 750w, https:\/\/www.celttv.com.ar\/wp-content\/uploads\/2023\/02\/IMG-20230225-WA0003-1140x855.jpg 1140w, https:\/\/www.celttv.com.ar\/wp-content\/uploads\/2023\/02\/IMG-20230225-WA0003.jpg 1600w\" sizes=\"auto, (max-width: 1024px) 100vw, 1024px\" \/><\/div>\n","protected":false},"excerpt":{"rendered":"<p>Cristian Ritondo, precandidato a gobernador de Buenos Aires, contin\u00faa visitando las distintas localidades bonaerenses Junto a los referentes locales de cada distrito con quienes se acerca a los vecinos y a distintos emprendimientos productivos. Durante la jornada, Ritondo realiz\u00f3 las siguientes declaraciones: &#8220;Quiero ser el candidato del Pro que Vidal, Bullrich o Macri elijan para [&hellip;]<\/p>\n","protected":false},"author":3,"featured_media":73851,"comment_status":"closed","ping_status":"closed","sticky":false,"template":"","format":"standard","meta":{"footnotes":""},"categories":[53],"tags":[],"class_list":["post-73848","post","type-post","status-publish","format-standard","has-post-thumbnail","hentry","category-politica"],"yoast_head":"<!-- This site is optimized with the Yoast SEO plugin v19.7.1 - https:\/\/yoast.com\/wordpress\/plugins\/seo\/ -->\n<title>Ritondo: &quot;Tras las PASO hay que seguir juntos porque el adversario es el kirchnerismo&quot; - CELTTV<\/title>\n<meta name=\"description\" content=\"Sitio web de noticias de la localidad de Tornquist, provincia de Buenos Aires, Rep\u00fablica Argentina. Contenido propio originado por periodistas de CELTTV, el canal de TV local de la Cooperativa El\u00e9ctrica de Tornquist. Turismo, Pol\u00edtica, Sociedad, Deporte, Cultura y todo el contenido de inter\u00e9s general que la gente del pueblo y la regi\u00f3n debe conocer.\" \/>\n<meta name=\"robots\" content=\"index, follow, max-snippet:-1, max-image-preview:large, max-video-preview:-1\" \/>\n<link rel=\"canonical\" href=\"https:\/\/www.celttv.com.ar\/index.php\/2023\/02\/25\/ritondo-tras-las-paso-hay-que-seguir-juntos-porque-el-adversario-es-el-kirchnerismo\/\" \/>\n<meta property=\"og:locale\" content=\"es_ES\" \/>\n<meta property=\"og:type\" content=\"article\" \/>\n<meta property=\"og:title\" content=\"Ritondo: &quot;Tras las PASO hay que seguir juntos porque el adversario es el kirchnerismo&quot; - CELTTV\" \/>\n<meta property=\"og:description\" content=\"Sitio web de noticias de la localidad de Tornquist, provincia de Buenos Aires, Rep\u00fablica Argentina. Contenido propio originado por periodistas de CELTTV, el canal de TV local de la Cooperativa El\u00e9ctrica de Tornquist. Turismo, Pol\u00edtica, Sociedad, Deporte, Cultura y todo el contenido de inter\u00e9s general que la gente del pueblo y la regi\u00f3n debe conocer.\" \/>\n<meta property=\"og:url\" content=\"https:\/\/www.celttv.com.ar\/index.php\/2023\/02\/25\/ritondo-tras-las-paso-hay-que-seguir-juntos-porque-el-adversario-es-el-kirchnerismo\/\" \/>\n<meta property=\"og:site_name\" content=\"CELTTV\" \/>\n<meta property=\"article:publisher\" content=\"https:\/\/www.facebook.com\/celtTV\/\" \/>\n<meta property=\"article:published_time\" content=\"2023-02-26T01:06:57+00:00\" \/>\n<meta property=\"og:image\" content=\"https:\/\/www.celttv.com.ar\/wp-content\/uploads\/2023\/02\/IMG-20230225-WA0003.jpg\" \/>\n\t<meta property=\"og:image:width\" content=\"1600\" \/>\n\t<meta property=\"og:image:height\" content=\"1200\" \/>\n\t<meta property=\"og:image:type\" content=\"image\/jpeg\" \/>\n<meta name=\"author\" content=\"Rodrigo Sgammini\" \/>\n<meta name=\"twitter:card\" content=\"summary_large_image\" \/>\n<meta name=\"twitter:label1\" content=\"Escrito por\" \/>\n\t<meta name=\"twitter:data1\" content=\"Rodrigo Sgammini\" \/>\n\t<meta name=\"twitter:label2\" content=\"Tiempo de lectura\" \/>\n\t<meta name=\"twitter:data2\" content=\"3 minutos\" \/>\n<script type=\"application\/ld+json\" class=\"yoast-schema-graph\">{\"@context\":\"https:\/\/schema.org\",\"@graph\":[{\"@type\":\"NewsArticle\",\"@id\":\"https:\/\/www.celttv.com.ar\/index.php\/2023\/02\/25\/ritondo-tras-las-paso-hay-que-seguir-juntos-porque-el-adversario-es-el-kirchnerismo\/#article\",\"isPartOf\":{\"@id\":\"https:\/\/www.celttv.com.ar\/index.php\/2023\/02\/25\/ritondo-tras-las-paso-hay-que-seguir-juntos-porque-el-adversario-es-el-kirchnerismo\/\"},\"author\":{\"name\":\"Rodrigo Sgammini\",\"@id\":\"https:\/\/www.celttv.com.ar\/#\/schema\/person\/495be51d064edd971d8457f8f64eb172\"},\"headline\":\"Ritondo: &#8220;Tras las PASO hay que seguir juntos porque el adversario es el kirchnerismo&#8221;\",\"datePublished\":\"2023-02-26T01:06:57+00:00\",\"dateModified\":\"2023-02-26T01:06:57+00:00\",\"mainEntityOfPage\":{\"@id\":\"https:\/\/www.celttv.com.ar\/index.php\/2023\/02\/25\/ritondo-tras-las-paso-hay-que-seguir-juntos-porque-el-adversario-es-el-kirchnerismo\/\"},\"wordCount\":541,\"publisher\":{\"@id\":\"https:\/\/www.celttv.com.ar\/#organization\"},\"articleSection\":[\"Pol\u00edtica\"],\"inLanguage\":\"es\"},{\"@type\":\"WebPage\",\"@id\":\"https:\/\/www.celttv.com.ar\/index.php\/2023\/02\/25\/ritondo-tras-las-paso-hay-que-seguir-juntos-porque-el-adversario-es-el-kirchnerismo\/\",\"url\":\"https:\/\/www.celttv.com.ar\/index.php\/2023\/02\/25\/ritondo-tras-las-paso-hay-que-seguir-juntos-porque-el-adversario-es-el-kirchnerismo\/\",\"name\":\"Ritondo: \\\"Tras las PASO hay que seguir juntos porque el adversario es el kirchnerismo\\\" - CELTTV\",\"isPartOf\":{\"@id\":\"https:\/\/www.celttv.com.ar\/#website\"},\"datePublished\":\"2023-02-26T01:06:57+00:00\",\"dateModified\":\"2023-02-26T01:06:57+00:00\",\"description\":\"Sitio web de noticias de la localidad de Tornquist, provincia de Buenos Aires, Rep\u00fablica Argentina. Contenido propio originado por periodistas de CELTTV, el canal de TV local de la Cooperativa El\u00e9ctrica de Tornquist. Turismo, Pol\u00edtica, Sociedad, Deporte, Cultura y todo el contenido de inter\u00e9s general que la gente del pueblo y la regi\u00f3n debe conocer.\",\"breadcrumb\":{\"@id\":\"https:\/\/www.celttv.com.ar\/index.php\/2023\/02\/25\/ritondo-tras-las-paso-hay-que-seguir-juntos-porque-el-adversario-es-el-kirchnerismo\/#breadcrumb\"},\"inLanguage\":\"es\",\"potentialAction\":[{\"@type\":\"ReadAction\",\"target\":[\"https:\/\/www.celttv.com.ar\/index.php\/2023\/02\/25\/ritondo-tras-las-paso-hay-que-seguir-juntos-porque-el-adversario-es-el-kirchnerismo\/\"]}]},{\"@type\":\"BreadcrumbList\",\"@id\":\"https:\/\/www.celttv.com.ar\/index.php\/2023\/02\/25\/ritondo-tras-las-paso-hay-que-seguir-juntos-porque-el-adversario-es-el-kirchnerismo\/#breadcrumb\",\"itemListElement\":[{\"@type\":\"ListItem\",\"position\":1,\"name\":\"Inicio\",\"item\":\"https:\/\/www.celttv.com.ar\/\"},{\"@type\":\"ListItem\",\"position\":2,\"name\":\"Ritondo: &#8220;Tras las PASO hay que seguir juntos porque el adversario es el kirchnerismo&#8221;\"}]},{\"@type\":\"WebSite\",\"@id\":\"https:\/\/www.celttv.com.ar\/#website\",\"url\":\"https:\/\/www.celttv.com.ar\/\",\"name\":\"CELTTV\",\"description\":\"Cooperativa El\u00e9ctrica de Tornquist\",\"publisher\":{\"@id\":\"https:\/\/www.celttv.com.ar\/#organization\"},\"potentialAction\":[{\"@type\":\"SearchAction\",\"target\":{\"@type\":\"EntryPoint\",\"urlTemplate\":\"https:\/\/www.celttv.com.ar\/?s={search_term_string}\"},\"query-input\":\"required name=search_term_string\"}],\"inLanguage\":\"es\"},{\"@type\":\"Organization\",\"@id\":\"https:\/\/www.celttv.com.ar\/#organization\",\"name\":\"CELTTV\",\"url\":\"https:\/\/www.celttv.com.ar\/\",\"sameAs\":[\"https:\/\/www.youtube.com\/channel\/UCz_oIt8Hig64Ub-EmcNPIhg\",\"https:\/\/www.facebook.com\/celtTV\/\"],\"logo\":{\"@type\":\"ImageObject\",\"inLanguage\":\"es\",\"@id\":\"https:\/\/www.celttv.com.ar\/#\/schema\/logo\/image\/\",\"url\":\"http:\/\/www.celttv.com.ar\/wp-content\/uploads\/2022\/08\/logo-1.png\",\"contentUrl\":\"http:\/\/www.celttv.com.ar\/wp-content\/uploads\/2022\/08\/logo-1.png\",\"width\":461,\"height\":159,\"caption\":\"CELTTV\"},\"image\":{\"@id\":\"https:\/\/www.celttv.com.ar\/#\/schema\/logo\/image\/\"}},{\"@type\":\"Person\",\"@id\":\"https:\/\/www.celttv.com.ar\/#\/schema\/person\/495be51d064edd971d8457f8f64eb172\",\"name\":\"Rodrigo Sgammini\",\"image\":{\"@type\":\"ImageObject\",\"inLanguage\":\"es\",\"@id\":\"https:\/\/www.celttv.com.ar\/#\/schema\/person\/image\/\",\"url\":\"https:\/\/secure.gravatar.com\/avatar\/68f7848d42735e7a9276b47cd6e606327d88f521c51ae39d88888b76902e2987?s=96&d=mm&r=g\",\"contentUrl\":\"https:\/\/secure.gravatar.com\/avatar\/68f7848d42735e7a9276b47cd6e606327d88f521c51ae39d88888b76902e2987?s=96&d=mm&r=g\",\"caption\":\"Rodrigo Sgammini\"}}]}<\/script>\n<!-- \/ Yoast SEO plugin. -->","yoast_head_json":{"title":"Ritondo: \"Tras las PASO hay que seguir juntos porque el adversario es el kirchnerismo\" - CELTTV","description":"Sitio web de noticias de la localidad de Tornquist, provincia de Buenos Aires, Rep\u00fablica Argentina. Contenido propio originado por periodistas de CELTTV, el canal de TV local de la Cooperativa El\u00e9ctrica de Tornquist. Turismo, Pol\u00edtica, Sociedad, Deporte, Cultura y todo el contenido de inter\u00e9s general que la gente del pueblo y la regi\u00f3n debe conocer.","robots":{"index":"index","follow":"follow","max-snippet":"max-snippet:-1","max-image-preview":"max-image-preview:large","max-video-preview":"max-video-preview:-1"},"canonical":"https:\/\/www.celttv.com.ar\/index.php\/2023\/02\/25\/ritondo-tras-las-paso-hay-que-seguir-juntos-porque-el-adversario-es-el-kirchnerismo\/","og_locale":"es_ES","og_type":"article","og_title":"Ritondo: \"Tras las PASO hay que seguir juntos porque el adversario es el kirchnerismo\" - CELTTV","og_description":"Sitio web de noticias de la localidad de Tornquist, provincia de Buenos Aires, Rep\u00fablica Argentina. Contenido propio originado por periodistas de CELTTV, el canal de TV local de la Cooperativa El\u00e9ctrica de Tornquist. Turismo, Pol\u00edtica, Sociedad, Deporte, Cultura y todo el contenido de inter\u00e9s general que la gente del pueblo y la regi\u00f3n debe conocer.","og_url":"https:\/\/www.celttv.com.ar\/index.php\/2023\/02\/25\/ritondo-tras-las-paso-hay-que-seguir-juntos-porque-el-adversario-es-el-kirchnerismo\/","og_site_name":"CELTTV","article_publisher":"https:\/\/www.facebook.com\/celtTV\/","article_published_time":"2023-02-26T01:06:57+00:00","og_image":[{"width":1600,"height":1200,"url":"https:\/\/www.celttv.com.ar\/wp-content\/uploads\/2023\/02\/IMG-20230225-WA0003.jpg","type":"image\/jpeg"}],"author":"Rodrigo Sgammini","twitter_card":"summary_large_image","twitter_misc":{"Escrito por":"Rodrigo Sgammini","Tiempo de lectura":"3 minutos"},"schema":{"@context":"https:\/\/schema.org","@graph":[{"@type":"NewsArticle","@id":"https:\/\/www.celttv.com.ar\/index.php\/2023\/02\/25\/ritondo-tras-las-paso-hay-que-seguir-juntos-porque-el-adversario-es-el-kirchnerismo\/#article","isPartOf":{"@id":"https:\/\/www.celttv.com.ar\/index.php\/2023\/02\/25\/ritondo-tras-las-paso-hay-que-seguir-juntos-porque-el-adversario-es-el-kirchnerismo\/"},"author":{"name":"Rodrigo Sgammini","@id":"https:\/\/www.celttv.com.ar\/#\/schema\/person\/495be51d064edd971d8457f8f64eb172"},"headline":"Ritondo: &#8220;Tras las PASO hay que seguir juntos porque el adversario es el kirchnerismo&#8221;","datePublished":"2023-02-26T01:06:57+00:00","dateModified":"2023-02-26T01:06:57+00:00","mainEntityOfPage":{"@id":"https:\/\/www.celttv.com.ar\/index.php\/2023\/02\/25\/ritondo-tras-las-paso-hay-que-seguir-juntos-porque-el-adversario-es-el-kirchnerismo\/"},"wordCount":541,"publisher":{"@id":"https:\/\/www.celttv.com.ar\/#organization"},"articleSection":["Pol\u00edtica"],"inLanguage":"es"},{"@type":"WebPage","@id":"https:\/\/www.celttv.com.ar\/index.php\/2023\/02\/25\/ritondo-tras-las-paso-hay-que-seguir-juntos-porque-el-adversario-es-el-kirchnerismo\/","url":"https:\/\/www.celttv.com.ar\/index.php\/2023\/02\/25\/ritondo-tras-las-paso-hay-que-seguir-juntos-porque-el-adversario-es-el-kirchnerismo\/","name":"Ritondo: \"Tras las PASO hay que seguir juntos porque el adversario es el kirchnerismo\" - CELTTV","isPartOf":{"@id":"https:\/\/www.celttv.com.ar\/#website"},"datePublished":"2023-02-26T01:06:57+00:00","dateModified":"2023-02-26T01:06:57+00:00","description":"Sitio web de noticias de la localidad de Tornquist, provincia de Buenos Aires, Rep\u00fablica Argentina. Contenido propio originado por periodistas de CELTTV, el canal de TV local de la Cooperativa El\u00e9ctrica de Tornquist. Turismo, Pol\u00edtica, Sociedad, Deporte, Cultura y todo el contenido de inter\u00e9s general que la gente del pueblo y la regi\u00f3n debe conocer.","breadcrumb":{"@id":"https:\/\/www.celttv.com.ar\/index.php\/2023\/02\/25\/ritondo-tras-las-paso-hay-que-seguir-juntos-porque-el-adversario-es-el-kirchnerismo\/#breadcrumb"},"inLanguage":"es","potentialAction":[{"@type":"ReadAction","target":["https:\/\/www.celttv.com.ar\/index.php\/2023\/02\/25\/ritondo-tras-las-paso-hay-que-seguir-juntos-porque-el-adversario-es-el-kirchnerismo\/"]}]},{"@type":"BreadcrumbList","@id":"https:\/\/www.celttv.com.ar\/index.php\/2023\/02\/25\/ritondo-tras-las-paso-hay-que-seguir-juntos-porque-el-adversario-es-el-kirchnerismo\/#breadcrumb","itemListElement":[{"@type":"ListItem","position":1,"name":"Inicio","item":"https:\/\/www.celttv.com.ar\/"},{"@type":"ListItem","position":2,"name":"Ritondo: &#8220;Tras las PASO hay que seguir juntos porque el adversario es el kirchnerismo&#8221;"}]},{"@type":"WebSite","@id":"https:\/\/www.celttv.com.ar\/#website","url":"https:\/\/www.celttv.com.ar\/","name":"CELTTV","description":"Cooperativa El\u00e9ctrica de Tornquist","publisher":{"@id":"https:\/\/www.celttv.com.ar\/#organization"},"potentialAction":[{"@type":"SearchAction","target":{"@type":"EntryPoint","urlTemplate":"https:\/\/www.celttv.com.ar\/?s={search_term_string}"},"query-input":"required name=search_term_string"}],"inLanguage":"es"},{"@type":"Organization","@id":"https:\/\/www.celttv.com.ar\/#organization","name":"CELTTV","url":"https:\/\/www.celttv.com.ar\/","sameAs":["https:\/\/www.youtube.com\/channel\/UCz_oIt8Hig64Ub-EmcNPIhg","https:\/\/www.facebook.com\/celtTV\/"],"logo":{"@type":"ImageObject","inLanguage":"es","@id":"https:\/\/www.celttv.com.ar\/#\/schema\/logo\/image\/","url":"http:\/\/www.celttv.com.ar\/wp-content\/uploads\/2022\/08\/logo-1.png","contentUrl":"http:\/\/www.celttv.com.ar\/wp-content\/uploads\/2022\/08\/logo-1.png","width":461,"height":159,"caption":"CELTTV"},"image":{"@id":"https:\/\/www.celttv.com.ar\/#\/schema\/logo\/image\/"}},{"@type":"Person","@id":"https:\/\/www.celttv.com.ar\/#\/schema\/person\/495be51d064edd971d8457f8f64eb172","name":"Rodrigo Sgammini","image":{"@type":"ImageObject","inLanguage":"es","@id":"https:\/\/www.celttv.com.ar\/#\/schema\/person\/image\/","url":"https:\/\/secure.gravatar.com\/avatar\/68f7848d42735e7a9276b47cd6e606327d88f521c51ae39d88888b76902e2987?s=96&d=mm&r=g","contentUrl":"https:\/\/secure.gravatar.com\/avatar\/68f7848d42735e7a9276b47cd6e606327d88f521c51ae39d88888b76902e2987?s=96&d=mm&r=g","caption":"Rodrigo Sgammini"}}]}},"_links":{"self":[{"href":"https:\/\/www.celttv.com.ar\/index.php\/wp-json\/wp\/v2\/posts\/73848","targetHints":{"allow":["GET"]}}],"collection":[{"href":"https:\/\/www.celttv.com.ar\/index.php\/wp-json\/wp\/v2\/posts"}],"about":[{"href":"https:\/\/www.celttv.com.ar\/index.php\/wp-json\/wp\/v2\/types\/post"}],"author":[{"embeddable":true,"href":"https:\/\/www.celttv.com.ar\/index.php\/wp-json\/wp\/v2\/users\/3"}],"replies":[{"embeddable":true,"href":"https:\/\/www.celttv.com.ar\/index.php\/wp-json\/wp\/v2\/comments?post=73848"}],"version-history":[{"count":1,"href":"https:\/\/www.celttv.com.ar\/index.php\/wp-json\/wp\/v2\/posts\/73848\/revisions"}],"predecessor-version":[{"id":73852,"href":"https:\/\/www.celttv.com.ar\/index.php\/wp-json\/wp\/v2\/posts\/73848\/revisions\/73852"}],"wp:featuredmedia":[{"embeddable":true,"href":"https:\/\/www.celttv.com.ar\/index.php\/wp-json\/wp\/v2\/media\/73851"}],"wp:attachment":[{"href":"https:\/\/www.celttv.com.ar\/index.php\/wp-json\/wp\/v2\/media?parent=73848"}],"wp:term":[{"taxonomy":"category","embeddable":true,"href":"https:\/\/www.celttv.com.ar\/index.php\/wp-json\/wp\/v2\/categories?post=73848"},{"taxonomy":"post_tag","embeddable":true,"href":"https:\/\/www.celttv.com.ar\/index.php\/wp-json\/wp\/v2\/tags?post=73848"}],"curies":[{"name":"wp","href":"https:\/\/api.w.org\/{rel}","templated":true}]}}