{"id":73854,"date":"2023-02-25T22:09:45","date_gmt":"2023-02-26T01:09:45","guid":{"rendered":"http:\/\/www.celttv.com.ar\/?p=73854"},"modified":"2023-02-25T22:10:36","modified_gmt":"2023-02-26T01:10:36","slug":"ocho-anos-de-estar-haciendo-lo-mejor-posible","status":"publish","type":"post","link":"https:\/\/www.celttv.com.ar\/index.php\/2023\/02\/25\/ocho-anos-de-estar-haciendo-lo-mejor-posible\/","title":{"rendered":"\u201cOcho a\u00f1os de estar haciendo lo mejor posible&#8221;"},"content":{"rendered":"<p class=\"yiv9019859981MsoNormal\"><span lang=\"ES-AR\">\u201cDe vez en cuando la vida nos gasta una broma y nos despertamos sin saber qu\u00e9 pasa\u2026\u201d quiz\u00e1s s\u00f3lo as\u00ed se explique, al menos en parte, por qu\u00e9 aquel 10 de diciembre de 2015 nos encontramos con que, la mayor\u00eda de nuestro pueblo, creyendo mentiras que parec\u00edan verdaderas termino como dice la canci\u00f3n de Le\u00f3n Gieco, CAMBIANDO buenas por malas, palabras por truenos, felicidad por llanto\u2026\u201d<\/span><\/p>\n<p class=\"yiv9019859981MsoNormal\"><span lang=\"ES-AR\">\u00a0<\/span><\/p>\n<p class=\"yiv9019859981MsoNormal\"><span lang=\"ES-AR\">La realidad, que nunca es condescendiente, necesit\u00f3 muy poco tiempo para dejar en claro qui\u00e9nes son los due\u00f1os y qui\u00e9nes son los excluidos de la patria y enseguida nom\u00e1s nos puso frente a la consumaci\u00f3n de una descomunal transferencia de la riqueza en favor de la codicia del mercado exportador y de los grandes propietarios; el salario de los trabajadores quebrantado; un decreto que nombra a dos miembros de la Corte en manifiesta violaci\u00f3n de la Constituci\u00f3n; la unidad entre los pa\u00edses de la regi\u00f3n en el Mercosur dinamitada y la protesta social abiertamente reprimida.<\/span><\/p>\n<p class=\"yiv9019859981MsoNormal\"><span lang=\"ES-AR\">\u00a0<\/span><\/p>\n<p class=\"yiv9019859981MsoNormal\"><span lang=\"ES-AR\">Nos propusimos la construcci\u00f3n de un proyecto pol\u00edtico, social y cultural y, porque nadie se salva si no es con todos, y a la luz de las ense\u00f1anzas de Nestor Kirchner de quien hoy se cumplen 73 a\u00f1os de su nacimiento, decidimos que sea un frente transversal movilizado por el valor de la libertad, de la construcci\u00f3n colectiva horizontal, y con conciencia solidaria. Elegimos un nombre con vocaci\u00f3n de\u00a0 s\u00edmbolo y lo llamamos \u201c25 de febrero\u201d, fecha que nos vincula con los hombres y mujeres que dejaron su impronta en la historia grande de la patria. En 1778, Jos\u00e9 Francisco de San Mart\u00edn naci\u00f3 en las misiones del Yapey\u00fa; a mediados del siglo XIX,\u00a0 Leandro N. Alem, en 1873\u00a0 Julieta Lanteri y en 1950, a\u00f1o del Libertador, naci\u00f3 N\u00e9stor Carlos Kirchner.<\/span><\/p>\n<p class=\"yiv9019859981MsoNormal\"><span lang=\"ES-AR\">\u00a0<\/span><\/p>\n<p class=\"yiv9019859981MsoNormal\"><span lang=\"ES-AR\">La democracia estaba siendo vapuleada y, ante eso, vecinos del sudoeste bonaerense nos sentimos convocados a oponernos y a seguir sembrando que hay otro pa\u00eds posible. As\u00ed fue que tomamos la decisi\u00f3n de organizarnos y a trav\u00e9s de trabajos concretos, como el programa de radio Si No Hay Amor que lleg\u00f3 a retransmitirse por 50 radios en todo el pa\u00eds, la oposici\u00f3n y amparos sobre las tarifas el\u00e9ctricas y de gas, la defensa de las fuentes de trabajo y el salario digno, el transporte p\u00fablico, el arbolado urbano y el medio ambiente, las demandas para desenmascarar la mentira de Vidal y del radical Joaqu\u00edn de la Torre con las que logramos, -aunque ahora nadie lo reconozca-, la primera obra sobre la ruta 76; y as\u00ed podr\u00edamos enumerar otras acciones con las que mostramos nuestra convicci\u00f3n de seguir militando para recuperar el rumbo hacia la sociedad justa, libre y soberana que siempre so\u00f1amos.<\/span><\/p>\n<p class=\"yiv9019859981MsoNormal\"><span lang=\"ES-AR\">\u00a0<\/span><\/p>\n<p class=\"yiv9019859981MsoNormal\"><span lang=\"ES-AR\">El Frente Popular \u201c25 de febrero\u201d ahora en el partido Frente Grande, sigue trabajando, para que nuestra comunidad no vuelva a equivocarse creyendo nuevamente en supuestas salidas de Cambio y Libertad que en realidad son una trampa, para los trabajadores y sectores sociales m\u00e1s necesitados; y sobre todo continuamos caminando palpitando el paisaje donde los hombres trabajan, r\u00eden, lloran y salen a la vida todas las ma\u00f1anas para hacer realidad sus sue\u00f1os.<\/span><\/p>\n<p class=\"yiv9019859981MsoNormal\"><span lang=\"ES-AR\">\u00a0<\/span><\/p>\n<p class=\"yiv9019859981MsoNormal\"><span lang=\"ES-AR\">Muchas gracias a todas y todos las\/os que han estado, las\/os que est\u00e1n, y las\/os que seguiremos estando en este Frente que ante un mundo a veces perdido viene a ofrecer su coraz\u00f3n.<\/span><\/p>\n<p class=\"yiv9019859981MsoNormal\"><span lang=\"ES-AR\">Norma Blanca Fern\u00e1ndez.<\/span><\/p>\n<p><span lang=\"ES-AR\">Claudio Adri\u00e1n Masson.<\/span><\/p>\n<p><img loading=\"lazy\" decoding=\"async\" class=\"alignnone wp-image-73855 size-full\" src=\"http:\/\/www.celttv.com.ar\/wp-content\/uploads\/2023\/02\/LOGO-FINAL.jpg\" alt=\"\" width=\"463\" height=\"657\" srcset=\"https:\/\/www.celttv.com.ar\/wp-content\/uploads\/2023\/02\/LOGO-FINAL.jpg 463w, https:\/\/www.celttv.com.ar\/wp-content\/uploads\/2023\/02\/LOGO-FINAL-211x300.jpg 211w\" sizes=\"auto, (max-width: 463px) 100vw, 463px\" \/><\/p>\n<p><img loading=\"lazy\" decoding=\"async\" class=\"alignnone wp-image-73857 size-full\" src=\"http:\/\/www.celttv.com.ar\/wp-content\/uploads\/2023\/02\/20220417_170157.jpg\" alt=\"\" width=\"285\" height=\"136\" \/><\/p>\n","protected":false},"excerpt":{"rendered":"<p>\u201cDe vez en cuando la vida nos gasta una broma y nos despertamos sin saber qu\u00e9 pasa\u2026\u201d quiz\u00e1s s\u00f3lo as\u00ed se explique, al menos en parte, por qu\u00e9 aquel 10 de diciembre de 2015 nos encontramos con que, la mayor\u00eda de nuestro pueblo, creyendo mentiras que parec\u00edan verdaderas termino como dice la canci\u00f3n de Le\u00f3n [&hellip;]<\/p>\n","protected":false},"author":3,"featured_media":73855,"comment_status":"closed","ping_status":"closed","sticky":false,"template":"","format":"standard","meta":{"footnotes":""},"categories":[53],"tags":[],"class_list":["post-73854","post","type-post","status-publish","format-standard","has-post-thumbnail","hentry","category-politica"],"yoast_head":"<!-- This site is optimized with the Yoast SEO plugin v19.7.1 - https:\/\/yoast.com\/wordpress\/plugins\/seo\/ -->\n<title>\u201cOcho a\u00f1os de estar haciendo lo mejor posible&quot; - CELTTV<\/title>\n<meta name=\"description\" content=\"Sitio web de noticias de la localidad de Tornquist, provincia de Buenos Aires, Rep\u00fablica Argentina. Contenido propio originado por periodistas de CELTTV, el canal de TV local de la Cooperativa El\u00e9ctrica de Tornquist. Turismo, Pol\u00edtica, Sociedad, Deporte, Cultura y todo el contenido de inter\u00e9s general que la gente del pueblo y la regi\u00f3n debe conocer.\" \/>\n<meta name=\"robots\" content=\"index, follow, max-snippet:-1, max-image-preview:large, max-video-preview:-1\" \/>\n<link rel=\"canonical\" href=\"https:\/\/www.celttv.com.ar\/index.php\/2023\/02\/25\/ocho-anos-de-estar-haciendo-lo-mejor-posible\/\" \/>\n<meta property=\"og:locale\" content=\"es_ES\" \/>\n<meta property=\"og:type\" content=\"article\" \/>\n<meta property=\"og:title\" content=\"\u201cOcho a\u00f1os de estar haciendo lo mejor posible&quot; - CELTTV\" \/>\n<meta property=\"og:description\" content=\"Sitio web de noticias de la localidad de Tornquist, provincia de Buenos Aires, Rep\u00fablica Argentina. Contenido propio originado por periodistas de CELTTV, el canal de TV local de la Cooperativa El\u00e9ctrica de Tornquist. Turismo, Pol\u00edtica, Sociedad, Deporte, Cultura y todo el contenido de inter\u00e9s general que la gente del pueblo y la regi\u00f3n debe conocer.\" \/>\n<meta property=\"og:url\" content=\"https:\/\/www.celttv.com.ar\/index.php\/2023\/02\/25\/ocho-anos-de-estar-haciendo-lo-mejor-posible\/\" \/>\n<meta property=\"og:site_name\" content=\"CELTTV\" \/>\n<meta property=\"article:publisher\" content=\"https:\/\/www.facebook.com\/celtTV\/\" \/>\n<meta property=\"article:published_time\" content=\"2023-02-26T01:09:45+00:00\" \/>\n<meta property=\"article:modified_time\" content=\"2023-02-26T01:10:36+00:00\" \/>\n<meta property=\"og:image\" content=\"https:\/\/www.celttv.com.ar\/wp-content\/uploads\/2023\/02\/LOGO-FINAL.jpg\" \/>\n\t<meta property=\"og:image:width\" content=\"463\" \/>\n\t<meta property=\"og:image:height\" content=\"657\" \/>\n\t<meta property=\"og:image:type\" content=\"image\/jpeg\" \/>\n<meta name=\"author\" content=\"Rodrigo Sgammini\" \/>\n<meta name=\"twitter:card\" content=\"summary_large_image\" \/>\n<meta name=\"twitter:label1\" content=\"Escrito por\" \/>\n\t<meta name=\"twitter:data1\" content=\"Rodrigo Sgammini\" \/>\n\t<meta name=\"twitter:label2\" content=\"Tiempo de lectura\" \/>\n\t<meta name=\"twitter:data2\" content=\"3 minutos\" \/>\n<script type=\"application\/ld+json\" class=\"yoast-schema-graph\">{\"@context\":\"https:\/\/schema.org\",\"@graph\":[{\"@type\":\"NewsArticle\",\"@id\":\"https:\/\/www.celttv.com.ar\/index.php\/2023\/02\/25\/ocho-anos-de-estar-haciendo-lo-mejor-posible\/#article\",\"isPartOf\":{\"@id\":\"https:\/\/www.celttv.com.ar\/index.php\/2023\/02\/25\/ocho-anos-de-estar-haciendo-lo-mejor-posible\/\"},\"author\":{\"name\":\"Rodrigo Sgammini\",\"@id\":\"https:\/\/www.celttv.com.ar\/#\/schema\/person\/495be51d064edd971d8457f8f64eb172\"},\"headline\":\"\u201cOcho a\u00f1os de estar haciendo lo mejor posible&#8221;\",\"datePublished\":\"2023-02-26T01:09:45+00:00\",\"dateModified\":\"2023-02-26T01:10:36+00:00\",\"mainEntityOfPage\":{\"@id\":\"https:\/\/www.celttv.com.ar\/index.php\/2023\/02\/25\/ocho-anos-de-estar-haciendo-lo-mejor-posible\/\"},\"wordCount\":601,\"publisher\":{\"@id\":\"https:\/\/www.celttv.com.ar\/#organization\"},\"articleSection\":[\"Pol\u00edtica\"],\"inLanguage\":\"es\"},{\"@type\":\"WebPage\",\"@id\":\"https:\/\/www.celttv.com.ar\/index.php\/2023\/02\/25\/ocho-anos-de-estar-haciendo-lo-mejor-posible\/\",\"url\":\"https:\/\/www.celttv.com.ar\/index.php\/2023\/02\/25\/ocho-anos-de-estar-haciendo-lo-mejor-posible\/\",\"name\":\"\u201cOcho a\u00f1os de estar haciendo lo mejor posible\\\" - CELTTV\",\"isPartOf\":{\"@id\":\"https:\/\/www.celttv.com.ar\/#website\"},\"datePublished\":\"2023-02-26T01:09:45+00:00\",\"dateModified\":\"2023-02-26T01:10:36+00:00\",\"description\":\"Sitio web de noticias de la localidad de Tornquist, provincia de Buenos Aires, Rep\u00fablica Argentina. Contenido propio originado por periodistas de CELTTV, el canal de TV local de la Cooperativa El\u00e9ctrica de Tornquist. Turismo, Pol\u00edtica, Sociedad, Deporte, Cultura y todo el contenido de inter\u00e9s general que la gente del pueblo y la regi\u00f3n debe conocer.\",\"breadcrumb\":{\"@id\":\"https:\/\/www.celttv.com.ar\/index.php\/2023\/02\/25\/ocho-anos-de-estar-haciendo-lo-mejor-posible\/#breadcrumb\"},\"inLanguage\":\"es\",\"potentialAction\":[{\"@type\":\"ReadAction\",\"target\":[\"https:\/\/www.celttv.com.ar\/index.php\/2023\/02\/25\/ocho-anos-de-estar-haciendo-lo-mejor-posible\/\"]}]},{\"@type\":\"BreadcrumbList\",\"@id\":\"https:\/\/www.celttv.com.ar\/index.php\/2023\/02\/25\/ocho-anos-de-estar-haciendo-lo-mejor-posible\/#breadcrumb\",\"itemListElement\":[{\"@type\":\"ListItem\",\"position\":1,\"name\":\"Inicio\",\"item\":\"https:\/\/www.celttv.com.ar\/\"},{\"@type\":\"ListItem\",\"position\":2,\"name\":\"\u201cOcho a\u00f1os de estar haciendo lo mejor posible&#8221;\"}]},{\"@type\":\"WebSite\",\"@id\":\"https:\/\/www.celttv.com.ar\/#website\",\"url\":\"https:\/\/www.celttv.com.ar\/\",\"name\":\"CELTTV\",\"description\":\"Cooperativa El\u00e9ctrica de Tornquist\",\"publisher\":{\"@id\":\"https:\/\/www.celttv.com.ar\/#organization\"},\"potentialAction\":[{\"@type\":\"SearchAction\",\"target\":{\"@type\":\"EntryPoint\",\"urlTemplate\":\"https:\/\/www.celttv.com.ar\/?s={search_term_string}\"},\"query-input\":\"required name=search_term_string\"}],\"inLanguage\":\"es\"},{\"@type\":\"Organization\",\"@id\":\"https:\/\/www.celttv.com.ar\/#organization\",\"name\":\"CELTTV\",\"url\":\"https:\/\/www.celttv.com.ar\/\",\"sameAs\":[\"https:\/\/www.youtube.com\/channel\/UCz_oIt8Hig64Ub-EmcNPIhg\",\"https:\/\/www.facebook.com\/celtTV\/\"],\"logo\":{\"@type\":\"ImageObject\",\"inLanguage\":\"es\",\"@id\":\"https:\/\/www.celttv.com.ar\/#\/schema\/logo\/image\/\",\"url\":\"http:\/\/www.celttv.com.ar\/wp-content\/uploads\/2022\/08\/logo-1.png\",\"contentUrl\":\"http:\/\/www.celttv.com.ar\/wp-content\/uploads\/2022\/08\/logo-1.png\",\"width\":461,\"height\":159,\"caption\":\"CELTTV\"},\"image\":{\"@id\":\"https:\/\/www.celttv.com.ar\/#\/schema\/logo\/image\/\"}},{\"@type\":\"Person\",\"@id\":\"https:\/\/www.celttv.com.ar\/#\/schema\/person\/495be51d064edd971d8457f8f64eb172\",\"name\":\"Rodrigo Sgammini\",\"image\":{\"@type\":\"ImageObject\",\"inLanguage\":\"es\",\"@id\":\"https:\/\/www.celttv.com.ar\/#\/schema\/person\/image\/\",\"url\":\"https:\/\/secure.gravatar.com\/avatar\/68f7848d42735e7a9276b47cd6e606327d88f521c51ae39d88888b76902e2987?s=96&d=mm&r=g\",\"contentUrl\":\"https:\/\/secure.gravatar.com\/avatar\/68f7848d42735e7a9276b47cd6e606327d88f521c51ae39d88888b76902e2987?s=96&d=mm&r=g\",\"caption\":\"Rodrigo Sgammini\"}}]}<\/script>\n<!-- \/ Yoast SEO plugin. -->","yoast_head_json":{"title":"\u201cOcho a\u00f1os de estar haciendo lo mejor posible\" - CELTTV","description":"Sitio web de noticias de la localidad de Tornquist, provincia de Buenos Aires, Rep\u00fablica Argentina. Contenido propio originado por periodistas de CELTTV, el canal de TV local de la Cooperativa El\u00e9ctrica de Tornquist. Turismo, Pol\u00edtica, Sociedad, Deporte, Cultura y todo el contenido de inter\u00e9s general que la gente del pueblo y la regi\u00f3n debe conocer.","robots":{"index":"index","follow":"follow","max-snippet":"max-snippet:-1","max-image-preview":"max-image-preview:large","max-video-preview":"max-video-preview:-1"},"canonical":"https:\/\/www.celttv.com.ar\/index.php\/2023\/02\/25\/ocho-anos-de-estar-haciendo-lo-mejor-posible\/","og_locale":"es_ES","og_type":"article","og_title":"\u201cOcho a\u00f1os de estar haciendo lo mejor posible\" - CELTTV","og_description":"Sitio web de noticias de la localidad de Tornquist, provincia de Buenos Aires, Rep\u00fablica Argentina. Contenido propio originado por periodistas de CELTTV, el canal de TV local de la Cooperativa El\u00e9ctrica de Tornquist. Turismo, Pol\u00edtica, Sociedad, Deporte, Cultura y todo el contenido de inter\u00e9s general que la gente del pueblo y la regi\u00f3n debe conocer.","og_url":"https:\/\/www.celttv.com.ar\/index.php\/2023\/02\/25\/ocho-anos-de-estar-haciendo-lo-mejor-posible\/","og_site_name":"CELTTV","article_publisher":"https:\/\/www.facebook.com\/celtTV\/","article_published_time":"2023-02-26T01:09:45+00:00","article_modified_time":"2023-02-26T01:10:36+00:00","og_image":[{"width":463,"height":657,"url":"https:\/\/www.celttv.com.ar\/wp-content\/uploads\/2023\/02\/LOGO-FINAL.jpg","type":"image\/jpeg"}],"author":"Rodrigo Sgammini","twitter_card":"summary_large_image","twitter_misc":{"Escrito por":"Rodrigo Sgammini","Tiempo de lectura":"3 minutos"},"schema":{"@context":"https:\/\/schema.org","@graph":[{"@type":"NewsArticle","@id":"https:\/\/www.celttv.com.ar\/index.php\/2023\/02\/25\/ocho-anos-de-estar-haciendo-lo-mejor-posible\/#article","isPartOf":{"@id":"https:\/\/www.celttv.com.ar\/index.php\/2023\/02\/25\/ocho-anos-de-estar-haciendo-lo-mejor-posible\/"},"author":{"name":"Rodrigo Sgammini","@id":"https:\/\/www.celttv.com.ar\/#\/schema\/person\/495be51d064edd971d8457f8f64eb172"},"headline":"\u201cOcho a\u00f1os de estar haciendo lo mejor posible&#8221;","datePublished":"2023-02-26T01:09:45+00:00","dateModified":"2023-02-26T01:10:36+00:00","mainEntityOfPage":{"@id":"https:\/\/www.celttv.com.ar\/index.php\/2023\/02\/25\/ocho-anos-de-estar-haciendo-lo-mejor-posible\/"},"wordCount":601,"publisher":{"@id":"https:\/\/www.celttv.com.ar\/#organization"},"articleSection":["Pol\u00edtica"],"inLanguage":"es"},{"@type":"WebPage","@id":"https:\/\/www.celttv.com.ar\/index.php\/2023\/02\/25\/ocho-anos-de-estar-haciendo-lo-mejor-posible\/","url":"https:\/\/www.celttv.com.ar\/index.php\/2023\/02\/25\/ocho-anos-de-estar-haciendo-lo-mejor-posible\/","name":"\u201cOcho a\u00f1os de estar haciendo lo mejor posible\" - CELTTV","isPartOf":{"@id":"https:\/\/www.celttv.com.ar\/#website"},"datePublished":"2023-02-26T01:09:45+00:00","dateModified":"2023-02-26T01:10:36+00:00","description":"Sitio web de noticias de la localidad de Tornquist, provincia de Buenos Aires, Rep\u00fablica Argentina. Contenido propio originado por periodistas de CELTTV, el canal de TV local de la Cooperativa El\u00e9ctrica de Tornquist. Turismo, Pol\u00edtica, Sociedad, Deporte, Cultura y todo el contenido de inter\u00e9s general que la gente del pueblo y la regi\u00f3n debe conocer.","breadcrumb":{"@id":"https:\/\/www.celttv.com.ar\/index.php\/2023\/02\/25\/ocho-anos-de-estar-haciendo-lo-mejor-posible\/#breadcrumb"},"inLanguage":"es","potentialAction":[{"@type":"ReadAction","target":["https:\/\/www.celttv.com.ar\/index.php\/2023\/02\/25\/ocho-anos-de-estar-haciendo-lo-mejor-posible\/"]}]},{"@type":"BreadcrumbList","@id":"https:\/\/www.celttv.com.ar\/index.php\/2023\/02\/25\/ocho-anos-de-estar-haciendo-lo-mejor-posible\/#breadcrumb","itemListElement":[{"@type":"ListItem","position":1,"name":"Inicio","item":"https:\/\/www.celttv.com.ar\/"},{"@type":"ListItem","position":2,"name":"\u201cOcho a\u00f1os de estar haciendo lo mejor posible&#8221;"}]},{"@type":"WebSite","@id":"https:\/\/www.celttv.com.ar\/#website","url":"https:\/\/www.celttv.com.ar\/","name":"CELTTV","description":"Cooperativa El\u00e9ctrica de Tornquist","publisher":{"@id":"https:\/\/www.celttv.com.ar\/#organization"},"potentialAction":[{"@type":"SearchAction","target":{"@type":"EntryPoint","urlTemplate":"https:\/\/www.celttv.com.ar\/?s={search_term_string}"},"query-input":"required name=search_term_string"}],"inLanguage":"es"},{"@type":"Organization","@id":"https:\/\/www.celttv.com.ar\/#organization","name":"CELTTV","url":"https:\/\/www.celttv.com.ar\/","sameAs":["https:\/\/www.youtube.com\/channel\/UCz_oIt8Hig64Ub-EmcNPIhg","https:\/\/www.facebook.com\/celtTV\/"],"logo":{"@type":"ImageObject","inLanguage":"es","@id":"https:\/\/www.celttv.com.ar\/#\/schema\/logo\/image\/","url":"http:\/\/www.celttv.com.ar\/wp-content\/uploads\/2022\/08\/logo-1.png","contentUrl":"http:\/\/www.celttv.com.ar\/wp-content\/uploads\/2022\/08\/logo-1.png","width":461,"height":159,"caption":"CELTTV"},"image":{"@id":"https:\/\/www.celttv.com.ar\/#\/schema\/logo\/image\/"}},{"@type":"Person","@id":"https:\/\/www.celttv.com.ar\/#\/schema\/person\/495be51d064edd971d8457f8f64eb172","name":"Rodrigo Sgammini","image":{"@type":"ImageObject","inLanguage":"es","@id":"https:\/\/www.celttv.com.ar\/#\/schema\/person\/image\/","url":"https:\/\/secure.gravatar.com\/avatar\/68f7848d42735e7a9276b47cd6e606327d88f521c51ae39d88888b76902e2987?s=96&d=mm&r=g","contentUrl":"https:\/\/secure.gravatar.com\/avatar\/68f7848d42735e7a9276b47cd6e606327d88f521c51ae39d88888b76902e2987?s=96&d=mm&r=g","caption":"Rodrigo Sgammini"}}]}},"_links":{"self":[{"href":"https:\/\/www.celttv.com.ar\/index.php\/wp-json\/wp\/v2\/posts\/73854","targetHints":{"allow":["GET"]}}],"collection":[{"href":"https:\/\/www.celttv.com.ar\/index.php\/wp-json\/wp\/v2\/posts"}],"about":[{"href":"https:\/\/www.celttv.com.ar\/index.php\/wp-json\/wp\/v2\/types\/post"}],"author":[{"embeddable":true,"href":"https:\/\/www.celttv.com.ar\/index.php\/wp-json\/wp\/v2\/users\/3"}],"replies":[{"embeddable":true,"href":"https:\/\/www.celttv.com.ar\/index.php\/wp-json\/wp\/v2\/comments?post=73854"}],"version-history":[{"count":2,"href":"https:\/\/www.celttv.com.ar\/index.php\/wp-json\/wp\/v2\/posts\/73854\/revisions"}],"predecessor-version":[{"id":73858,"href":"https:\/\/www.celttv.com.ar\/index.php\/wp-json\/wp\/v2\/posts\/73854\/revisions\/73858"}],"wp:featuredmedia":[{"embeddable":true,"href":"https:\/\/www.celttv.com.ar\/index.php\/wp-json\/wp\/v2\/media\/73855"}],"wp:attachment":[{"href":"https:\/\/www.celttv.com.ar\/index.php\/wp-json\/wp\/v2\/media?parent=73854"}],"wp:term":[{"taxonomy":"category","embeddable":true,"href":"https:\/\/www.celttv.com.ar\/index.php\/wp-json\/wp\/v2\/categories?post=73854"},{"taxonomy":"post_tag","embeddable":true,"href":"https:\/\/www.celttv.com.ar\/index.php\/wp-json\/wp\/v2\/tags?post=73854"}],"curies":[{"name":"wp","href":"https:\/\/api.w.org\/{rel}","templated":true}]}}